{"id":334370,"date":"2026-09-02T19:06:00","date_gmt":"2026-09-02T22:06:00","guid":{"rendered":"https:\/\/diariotextual.com\/inicio\/?p=334370"},"modified":"2026-09-02T19:06:01","modified_gmt":"2026-09-02T22:06:01","slug":"general-pico-se-unio-al-proyecto-internacional-la-ciudad-de-las-ninas-y-los-ninos","status":"publish","type":"post","link":"https:\/\/diariotextual.com\/inicio\/index.php\/2026\/09\/02\/general-pico-se-unio-al-proyecto-internacional-la-ciudad-de-las-ninas-y-los-ninos\/","title":{"rendered":"General Pico se uni\u00f3 al proyecto internacional \u201cLa Ciudad de las Ni\u00f1as y los Ni\u00f1os\u201d"},"content":{"rendered":"\n<p class=\"wp-block-paragraph\">La intendenta Fernanda Alonso firm\u00f3 el convenio mediante el cual la <strong>Municipalidad de General Pico formaliz\u00f3 su incorporaci\u00f3n al proyecto internacional \u201cLa Ciudad de las Ni\u00f1as y los Ni\u00f1os\u201d, impulsado por la Asociaci\u00f3n Internacional Francesco Tonucci<\/strong> y el <strong>Instituto de Ciencias y Tecnolog\u00edas de la Cognici\u00f3n del Consejo Nacional de Investigaciones de Roma <\/strong>(ISTC-CNR).<\/p>\n\n\n\n<p class=\"wp-block-paragraph\">La adhesi\u00f3n se concret\u00f3 en el marco de la Expo Infancia y Adolescencia, que se desarrolla en el play\u00f3n del Ferrocarril, y que incluye la 2\u00ba Convenci\u00f3n sobre la implementaci\u00f3n del Sistema Integral de Protecci\u00f3n de Derechos de Ni\u00f1as, Ni\u00f1os y Adolescentes.<\/p>\n\n\n\n<p class=\"wp-block-paragraph\">A partir de este acuerdo, el municipio se compromete a conformar un <strong>laboratorio local \u201cLa Ciudad de las Ni\u00f1as y los Ni\u00f1os\u201d<\/strong>, siguiendo los lineamientos establecidos por la red, y a brindar formaci\u00f3n espec\u00edfica a los equipos que estar\u00e1n a cargo de su coordinaci\u00f3n.<\/p>\n\n\n\n<p class=\"wp-block-paragraph\">Tambi\u00e9n se dispondr\u00e1 de un espacio f\u00edsico para el funcionamiento del laboratorio y para las reuniones del Consejo de Ni\u00f1os, \u00e1mbito destinado a promover la participaci\u00f3n directa de las infancias en cuestiones vinculadas con la planificaci\u00f3n y el desarrollo de la ciudad.<\/p>\n\n\n\n<p class=\"wp-block-paragraph\">Otro de los ejes de trabajo estar\u00e1 relacionado con la promoci\u00f3n del juego libre y la autonom\u00eda infantil en el espacio p\u00fablico, mediante propuestas que favorezcan una mayor independencia.<\/p>\n\n\n\n<p class=\"wp-block-paragraph\">As\u00ed, el municipio piquense pasa a formar parte de una<strong> red internacional integrada por m\u00e1s de 300 municipios de 15 pa\u00edses<\/strong> y tendr\u00e1 acceso a instancias de formaci\u00f3n, intercambio y acompa\u00f1amiento t\u00e9cnico vinculadas con la metodolog\u00eda del proyecto.<\/p>\n\n\n\n<p class=\"wp-block-paragraph\">En este contexto, se llev\u00f3 adelante la <strong>charla \u201cCiudad amigable y el derecho al juego\u201d<\/strong>, a cargo de la Asociaci\u00f3n antes mencionada, que permiti\u00f3 abordar la importancia de construir espacios urbanos que contemplen las necesidades de las infancias y garanticen su derecho al juego, la autonom\u00eda y la participaci\u00f3n en la vida comunitaria.<\/p>\n\n\n\n<div style=\"height:100px\" aria-hidden=\"true\" class=\"wp-block-spacer\"><\/div>\n\n\n\n<p class=\"wp-block-paragraph\"><strong>Compromiso ciudadano<\/strong><\/p>\n\n\n\n<p class=\"wp-block-paragraph\">\u201cNos llevamos los pedidos que nos han hecho. Todos tenemos que hacer tareas, \u00bfno?, <strong>para ser mejores, para cuidar las relaciones con los dem\u00e1s, para llevarnos bien, para querernos m\u00e1s<\/strong>, para que la vida sea un poquito m\u00e1s f\u00e1cil y seamos felices\u201d, expres\u00f3 la jefa comunal piquense.<\/p>\n\n\n\n<p class=\"wp-block-paragraph\">Y agreg\u00f3: \u201cEl equipo de la Asociaci\u00f3n Francesco Tonucci estuvo haciendo actividades con ustedes desde un lugar que implica trabajar en una localidad que se piense con y para ustedes: planificada, construida para chicas y chicos. Si est\u00e1 hecha as\u00ed, es para todas las edades. Por eso, hoy es un d\u00eda especial y son testigos fieles de ello\u201d.<\/p>\n\n\n\n<p class=\"wp-block-paragraph\">Adem\u00e1s, profundiz\u00f3 la explicaci\u00f3n sobre esta vinculaci\u00f3n y acuerdo: \u201cHemos asumido otro compromiso m\u00e1s, que es promover un Pico para todas las edades, as\u00ed que nuestra inicial obra como la plaza 0880 y otros antecedentes que tenemos es el posicionamiento que tenemos y es lo que queremos reafirmar\u201d.<\/p>\n\n\n\n<p class=\"wp-block-paragraph\">\u201cSabemos que <strong>faltan espacios de escucha, que tenemos que seguir trabajando.<\/strong> De hecho, tenemos nuestro Consejo Local de Ni\u00f1eces y Adolescencias, que es ah\u00ed donde nos plantearon las cuestiones que hoy dan sustento a esta Expo que hemos generado no solo para ellos, sino tambi\u00e9n para los adultos que tenemos responsabilidades\u201d, a\u00f1adi\u00f3.<\/p>\n","protected":false},"excerpt":{"rendered":"<p>La intendenta Fernanda Alonso firm\u00f3 el convenio mediante el cual la Municipalidad de General Pico formaliz\u00f3 su incorporaci\u00f3n al proyecto internacional \u201cLa Ciudad de las Ni\u00f1as y los Ni\u00f1os\u201d, impulsado&hellip;<\/p>\n","protected":false},"author":5,"featured_media":334374,"comment_status":"closed","ping_status":"open","sticky":false,"template":"","format":"standard","meta":{"_acf_changed":false,"footnotes":""},"categories":[1,12],"tags":[],"class_list":["post-334370","post","type-post","status-publish","format-standard","has-post-thumbnail","hentry","category-es-noticia","category-sociedad"],"acf":[],"yoast_head":"<!-- This site is optimized with the Yoast SEO plugin v28.4 - https:\/\/yoast.com\/product\/yoast-seo-wordpress\/ -->\n<title>General Pico se uni\u00f3 al proyecto internacional \u201cLa Ciudad de las Ni\u00f1as y los Ni\u00f1os\u201d - Diario Textual<\/title>\n<meta name=\"robots\" content=\"index, follow, max-snippet:-1, max-image-preview:large, max-video-preview:-1\" \/>\n<link rel=\"canonical\" href=\"https:\/\/diariotextual.com\/inicio\/index.php\/2026\/09\/02\/general-pico-se-unio-al-proyecto-internacional-la-ciudad-de-las-ninas-y-los-ninos\/\" \/>\n<meta property=\"og:locale\" content=\"es_ES\" \/>\n<meta property=\"og:type\" content=\"article\" \/>\n<meta property=\"og:title\" content=\"General Pico se uni\u00f3 al proyecto internacional \u201cLa Ciudad de las Ni\u00f1as y los Ni\u00f1os\u201d - Diario Textual\" \/>\n<meta property=\"og:description\" content=\"La intendenta Fernanda Alonso firm\u00f3 el convenio mediante el cual la Municipalidad de General Pico formaliz\u00f3 su incorporaci\u00f3n al proyecto internacional \u201cLa Ciudad de las Ni\u00f1as y los Ni\u00f1os\u201d, impulsado&hellip;\" \/>\n<meta property=\"og:url\" content=\"https:\/\/diariotextual.com\/inicio\/index.php\/2026\/09\/02\/general-pico-se-unio-al-proyecto-internacional-la-ciudad-de-las-ninas-y-los-ninos\/\" \/>\n<meta property=\"og:site_name\" content=\"Diario Textual\" \/>\n<meta property=\"article:publisher\" content=\"https:\/\/www.facebook.com\/eltextual\" \/>\n<meta property=\"article:published_time\" content=\"2026-09-02T22:06:00+00:00\" \/>\n<meta property=\"article:modified_time\" content=\"2026-09-02T22:06:01+00:00\" \/>\n<meta property=\"og:image\" content=\"https:\/\/diariotextual.com\/inicio\/wp-content\/uploads\/2026\/09\/alonsopibes2026.jpg\" \/>\n\t<meta property=\"og:image:width\" content=\"900\" \/>\n\t<meta property=\"og:image:height\" content=\"562\" \/>\n\t<meta property=\"og:image:type\" content=\"image\/jpeg\" \/>\n<meta name=\"author\" content=\"diario3\" \/>\n<meta name=\"twitter:card\" content=\"summary_large_image\" \/>\n<meta name=\"twitter:creator\" content=\"@eltextual\" \/>\n<meta name=\"twitter:site\" content=\"@eltextual\" \/>\n<meta name=\"twitter:label1\" content=\"Escrito por\" \/>\n\t<meta name=\"twitter:data1\" content=\"diario3\" \/>\n\t<meta name=\"twitter:label2\" content=\"Tiempo de lectura\" \/>\n\t<meta name=\"twitter:data2\" content=\"3 minutos\" \/>\n<script type=\"application\/ld+json\" class=\"yoast-schema-graph\">{\"@context\":\"https:\\\/\\\/schema.org\",\"@graph\":[{\"@type\":\"Article\",\"@id\":\"https:\\\/\\\/diariotextual.com\\\/inicio\\\/index.php\\\/2026\\\/09\\\/02\\\/general-pico-se-unio-al-proyecto-internacional-la-ciudad-de-las-ninas-y-los-ninos\\\/#article\",\"isPartOf\":{\"@id\":\"https:\\\/\\\/diariotextual.com\\\/inicio\\\/index.php\\\/2026\\\/09\\\/02\\\/general-pico-se-unio-al-proyecto-internacional-la-ciudad-de-las-ninas-y-los-ninos\\\/\"},\"author\":{\"name\":\"diario3\",\"@id\":\"https:\\\/\\\/diariotextual.com\\\/inicio\\\/#\\\/schema\\\/person\\\/a1b6f563e0ee944c60f98119389a4d9f\"},\"headline\":\"General Pico se uni\u00f3 al proyecto internacional \u201cLa Ciudad de las Ni\u00f1as y los Ni\u00f1os\u201d\",\"datePublished\":\"2026-09-02T22:06:00+00:00\",\"dateModified\":\"2026-09-02T22:06:01+00:00\",\"mainEntityOfPage\":{\"@id\":\"https:\\\/\\\/diariotextual.com\\\/inicio\\\/index.php\\\/2026\\\/09\\\/02\\\/general-pico-se-unio-al-proyecto-internacional-la-ciudad-de-las-ninas-y-los-ninos\\\/\"},\"wordCount\":571,\"publisher\":{\"@id\":\"https:\\\/\\\/diariotextual.com\\\/inicio\\\/#organization\"},\"image\":{\"@id\":\"https:\\\/\\\/diariotextual.com\\\/inicio\\\/index.php\\\/2026\\\/09\\\/02\\\/general-pico-se-unio-al-proyecto-internacional-la-ciudad-de-las-ninas-y-los-ninos\\\/#primaryimage\"},\"thumbnailUrl\":\"https:\\\/\\\/diariotextual.com\\\/inicio\\\/wp-content\\\/uploads\\\/2026\\\/09\\\/alonsopibes2026.jpg\",\"articleSection\":[\"A - ES NOTICIA (van abajo)\",\"SOCIEDAD\"],\"inLanguage\":\"es\"},{\"@type\":\"WebPage\",\"@id\":\"https:\\\/\\\/diariotextual.com\\\/inicio\\\/index.php\\\/2026\\\/09\\\/02\\\/general-pico-se-unio-al-proyecto-internacional-la-ciudad-de-las-ninas-y-los-ninos\\\/\",\"url\":\"https:\\\/\\\/diariotextual.com\\\/inicio\\\/index.php\\\/2026\\\/09\\\/02\\\/general-pico-se-unio-al-proyecto-internacional-la-ciudad-de-las-ninas-y-los-ninos\\\/\",\"name\":\"General Pico se uni\u00f3 al proyecto internacional \u201cLa Ciudad de las Ni\u00f1as y los Ni\u00f1os\u201d - Diario Textual\",\"isPartOf\":{\"@id\":\"https:\\\/\\\/diariotextual.com\\\/inicio\\\/#website\"},\"primaryImageOfPage\":{\"@id\":\"https:\\\/\\\/diariotextual.com\\\/inicio\\\/index.php\\\/2026\\\/09\\\/02\\\/general-pico-se-unio-al-proyecto-internacional-la-ciudad-de-las-ninas-y-los-ninos\\\/#primaryimage\"},\"image\":{\"@id\":\"https:\\\/\\\/diariotextual.com\\\/inicio\\\/index.php\\\/2026\\\/09\\\/02\\\/general-pico-se-unio-al-proyecto-internacional-la-ciudad-de-las-ninas-y-los-ninos\\\/#primaryimage\"},\"thumbnailUrl\":\"https:\\\/\\\/diariotextual.com\\\/inicio\\\/wp-content\\\/uploads\\\/2026\\\/09\\\/alonsopibes2026.jpg\",\"datePublished\":\"2026-09-02T22:06:00+00:00\",\"dateModified\":\"2026-09-02T22:06:01+00:00\",\"breadcrumb\":{\"@id\":\"https:\\\/\\\/diariotextual.com\\\/inicio\\\/index.php\\\/2026\\\/09\\\/02\\\/general-pico-se-unio-al-proyecto-internacional-la-ciudad-de-las-ninas-y-los-ninos\\\/#breadcrumb\"},\"inLanguage\":\"es\",\"potentialAction\":[{\"@type\":\"ReadAction\",\"target\":[\"https:\\\/\\\/diariotextual.com\\\/inicio\\\/index.php\\\/2026\\\/09\\\/02\\\/general-pico-se-unio-al-proyecto-internacional-la-ciudad-de-las-ninas-y-los-ninos\\\/\"]}]},{\"@type\":\"ImageObject\",\"inLanguage\":\"es\",\"@id\":\"https:\\\/\\\/diariotextual.com\\\/inicio\\\/index.php\\\/2026\\\/09\\\/02\\\/general-pico-se-unio-al-proyecto-internacional-la-ciudad-de-las-ninas-y-los-ninos\\\/#primaryimage\",\"url\":\"https:\\\/\\\/diariotextual.com\\\/inicio\\\/wp-content\\\/uploads\\\/2026\\\/09\\\/alonsopibes2026.jpg\",\"contentUrl\":\"https:\\\/\\\/diariotextual.com\\\/inicio\\\/wp-content\\\/uploads\\\/2026\\\/09\\\/alonsopibes2026.jpg\",\"width\":900,\"height\":562},{\"@type\":\"BreadcrumbList\",\"@id\":\"https:\\\/\\\/diariotextual.com\\\/inicio\\\/index.php\\\/2026\\\/09\\\/02\\\/general-pico-se-unio-al-proyecto-internacional-la-ciudad-de-las-ninas-y-los-ninos\\\/#breadcrumb\",\"itemListElement\":[{\"@type\":\"ListItem\",\"position\":1,\"name\":\"Portada\",\"item\":\"https:\\\/\\\/diariotextual.com\\\/inicio\\\/\"},{\"@type\":\"ListItem\",\"position\":2,\"name\":\"General Pico se uni\u00f3 al proyecto internacional \u201cLa Ciudad de las Ni\u00f1as y los Ni\u00f1os\u201d\"}]},{\"@type\":\"WebSite\",\"@id\":\"https:\\\/\\\/diariotextual.com\\\/inicio\\\/#website\",\"url\":\"https:\\\/\\\/diariotextual.com\\\/inicio\\\/\",\"name\":\"Diario Textual\",\"description\":\"\",\"publisher\":{\"@id\":\"https:\\\/\\\/diariotextual.com\\\/inicio\\\/#organization\"},\"potentialAction\":[{\"@type\":\"SearchAction\",\"target\":{\"@type\":\"EntryPoint\",\"urlTemplate\":\"https:\\\/\\\/diariotextual.com\\\/inicio\\\/?s={search_term_string}\"},\"query-input\":{\"@type\":\"PropertyValueSpecification\",\"valueRequired\":true,\"valueName\":\"search_term_string\"}}],\"inLanguage\":\"es\"},{\"@type\":\"Organization\",\"@id\":\"https:\\\/\\\/diariotextual.com\\\/inicio\\\/#organization\",\"name\":\"Diario Textual\",\"url\":\"https:\\\/\\\/diariotextual.com\\\/inicio\\\/\",\"logo\":{\"@type\":\"ImageObject\",\"inLanguage\":\"es\",\"@id\":\"https:\\\/\\\/diariotextual.com\\\/inicio\\\/#\\\/schema\\\/logo\\\/image\\\/\",\"url\":\"https:\\\/\\\/diariotextual.com\\\/inicio\\\/wp-content\\\/uploads\\\/2023\\\/05\\\/logotextual1.jpg\",\"contentUrl\":\"https:\\\/\\\/diariotextual.com\\\/inicio\\\/wp-content\\\/uploads\\\/2023\\\/05\\\/logotextual1.jpg\",\"width\":516,\"height\":76,\"caption\":\"Diario Textual\"},\"image\":{\"@id\":\"https:\\\/\\\/diariotextual.com\\\/inicio\\\/#\\\/schema\\\/logo\\\/image\\\/\"},\"sameAs\":[\"https:\\\/\\\/www.facebook.com\\\/eltextual\",\"https:\\\/\\\/x.com\\\/eltextual\",\"http:\\\/\\\/www.instagram.com\\\/eltextual\"]},{\"@type\":\"Person\",\"@id\":\"https:\\\/\\\/diariotextual.com\\\/inicio\\\/#\\\/schema\\\/person\\\/a1b6f563e0ee944c60f98119389a4d9f\",\"name\":\"diario3\",\"image\":{\"@type\":\"ImageObject\",\"inLanguage\":\"es\",\"@id\":\"https:\\\/\\\/secure.gravatar.com\\\/avatar\\\/5e7ee62c82fc04d9dd79d746a390d93c69c43223e5faeeb3ea9461ef752bfc5d?s=96&d=mm&r=g\",\"url\":\"https:\\\/\\\/secure.gravatar.com\\\/avatar\\\/5e7ee62c82fc04d9dd79d746a390d93c69c43223e5faeeb3ea9461ef752bfc5d?s=96&d=mm&r=g\",\"contentUrl\":\"https:\\\/\\\/secure.gravatar.com\\\/avatar\\\/5e7ee62c82fc04d9dd79d746a390d93c69c43223e5faeeb3ea9461ef752bfc5d?s=96&d=mm&r=g\",\"caption\":\"diario3\"},\"url\":\"https:\\\/\\\/diariotextual.com\\\/inicio\\\/index.php\\\/author\\\/diario3\\\/\"}]}<\/script>\n<!-- \/ Yoast SEO plugin. -->","yoast_head_json":{"title":"General Pico se uni\u00f3 al proyecto internacional \u201cLa Ciudad de las Ni\u00f1as y los Ni\u00f1os\u201d - Diario Textual","robots":{"index":"index","follow":"follow","max-snippet":"max-snippet:-1","max-image-preview":"max-image-preview:large","max-video-preview":"max-video-preview:-1"},"canonical":"https:\/\/diariotextual.com\/inicio\/index.php\/2026\/09\/02\/general-pico-se-unio-al-proyecto-internacional-la-ciudad-de-las-ninas-y-los-ninos\/","og_locale":"es_ES","og_type":"article","og_title":"General Pico se uni\u00f3 al proyecto internacional \u201cLa Ciudad de las Ni\u00f1as y los Ni\u00f1os\u201d - Diario Textual","og_description":"La intendenta Fernanda Alonso firm\u00f3 el convenio mediante el cual la Municipalidad de General Pico formaliz\u00f3 su incorporaci\u00f3n al proyecto internacional \u201cLa Ciudad de las Ni\u00f1as y los Ni\u00f1os\u201d, impulsado&hellip;","og_url":"https:\/\/diariotextual.com\/inicio\/index.php\/2026\/09\/02\/general-pico-se-unio-al-proyecto-internacional-la-ciudad-de-las-ninas-y-los-ninos\/","og_site_name":"Diario Textual","article_publisher":"https:\/\/www.facebook.com\/eltextual","article_published_time":"2026-09-02T22:06:00+00:00","article_modified_time":"2026-09-02T22:06:01+00:00","og_image":[{"width":900,"height":562,"url":"https:\/\/diariotextual.com\/inicio\/wp-content\/uploads\/2026\/09\/alonsopibes2026.jpg","type":"image\/jpeg"}],"author":"diario3","twitter_card":"summary_large_image","twitter_creator":"@eltextual","twitter_site":"@eltextual","twitter_misc":{"Escrito por":"diario3","Tiempo de lectura":"3 minutos"},"schema":{"@context":"https:\/\/schema.org","@graph":[{"@type":"Article","@id":"https:\/\/diariotextual.com\/inicio\/index.php\/2026\/09\/02\/general-pico-se-unio-al-proyecto-internacional-la-ciudad-de-las-ninas-y-los-ninos\/#article","isPartOf":{"@id":"https:\/\/diariotextual.com\/inicio\/index.php\/2026\/09\/02\/general-pico-se-unio-al-proyecto-internacional-la-ciudad-de-las-ninas-y-los-ninos\/"},"author":{"name":"diario3","@id":"https:\/\/diariotextual.com\/inicio\/#\/schema\/person\/a1b6f563e0ee944c60f98119389a4d9f"},"headline":"General Pico se uni\u00f3 al proyecto internacional \u201cLa Ciudad de las Ni\u00f1as y los Ni\u00f1os\u201d","datePublished":"2026-09-02T22:06:00+00:00","dateModified":"2026-09-02T22:06:01+00:00","mainEntityOfPage":{"@id":"https:\/\/diariotextual.com\/inicio\/index.php\/2026\/09\/02\/general-pico-se-unio-al-proyecto-internacional-la-ciudad-de-las-ninas-y-los-ninos\/"},"wordCount":571,"publisher":{"@id":"https:\/\/diariotextual.com\/inicio\/#organization"},"image":{"@id":"https:\/\/diariotextual.com\/inicio\/index.php\/2026\/09\/02\/general-pico-se-unio-al-proyecto-internacional-la-ciudad-de-las-ninas-y-los-ninos\/#primaryimage"},"thumbnailUrl":"https:\/\/diariotextual.com\/inicio\/wp-content\/uploads\/2026\/09\/alonsopibes2026.jpg","articleSection":["A - ES NOTICIA (van abajo)","SOCIEDAD"],"inLanguage":"es"},{"@type":"WebPage","@id":"https:\/\/diariotextual.com\/inicio\/index.php\/2026\/09\/02\/general-pico-se-unio-al-proyecto-internacional-la-ciudad-de-las-ninas-y-los-ninos\/","url":"https:\/\/diariotextual.com\/inicio\/index.php\/2026\/09\/02\/general-pico-se-unio-al-proyecto-internacional-la-ciudad-de-las-ninas-y-los-ninos\/","name":"General Pico se uni\u00f3 al proyecto internacional \u201cLa Ciudad de las Ni\u00f1as y los Ni\u00f1os\u201d - Diario Textual","isPartOf":{"@id":"https:\/\/diariotextual.com\/inicio\/#website"},"primaryImageOfPage":{"@id":"https:\/\/diariotextual.com\/inicio\/index.php\/2026\/09\/02\/general-pico-se-unio-al-proyecto-internacional-la-ciudad-de-las-ninas-y-los-ninos\/#primaryimage"},"image":{"@id":"https:\/\/diariotextual.com\/inicio\/index.php\/2026\/09\/02\/general-pico-se-unio-al-proyecto-internacional-la-ciudad-de-las-ninas-y-los-ninos\/#primaryimage"},"thumbnailUrl":"https:\/\/diariotextual.com\/inicio\/wp-content\/uploads\/2026\/09\/alonsopibes2026.jpg","datePublished":"2026-09-02T22:06:00+00:00","dateModified":"2026-09-02T22:06:01+00:00","breadcrumb":{"@id":"https:\/\/diariotextual.com\/inicio\/index.php\/2026\/09\/02\/general-pico-se-unio-al-proyecto-internacional-la-ciudad-de-las-ninas-y-los-ninos\/#breadcrumb"},"inLanguage":"es","potentialAction":[{"@type":"ReadAction","target":["https:\/\/diariotextual.com\/inicio\/index.php\/2026\/09\/02\/general-pico-se-unio-al-proyecto-internacional-la-ciudad-de-las-ninas-y-los-ninos\/"]}]},{"@type":"ImageObject","inLanguage":"es","@id":"https:\/\/diariotextual.com\/inicio\/index.php\/2026\/09\/02\/general-pico-se-unio-al-proyecto-internacional-la-ciudad-de-las-ninas-y-los-ninos\/#primaryimage","url":"https:\/\/diariotextual.com\/inicio\/wp-content\/uploads\/2026\/09\/alonsopibes2026.jpg","contentUrl":"https:\/\/diariotextual.com\/inicio\/wp-content\/uploads\/2026\/09\/alonsopibes2026.jpg","width":900,"height":562},{"@type":"BreadcrumbList","@id":"https:\/\/diariotextual.com\/inicio\/index.php\/2026\/09\/02\/general-pico-se-unio-al-proyecto-internacional-la-ciudad-de-las-ninas-y-los-ninos\/#breadcrumb","itemListElement":[{"@type":"ListItem","position":1,"name":"Portada","item":"https:\/\/diariotextual.com\/inicio\/"},{"@type":"ListItem","position":2,"name":"General Pico se uni\u00f3 al proyecto internacional \u201cLa Ciudad de las Ni\u00f1as y los Ni\u00f1os\u201d"}]},{"@type":"WebSite","@id":"https:\/\/diariotextual.com\/inicio\/#website","url":"https:\/\/diariotextual.com\/inicio\/","name":"Diario Textual","description":"","publisher":{"@id":"https:\/\/diariotextual.com\/inicio\/#organization"},"potentialAction":[{"@type":"SearchAction","target":{"@type":"EntryPoint","urlTemplate":"https:\/\/diariotextual.com\/inicio\/?s={search_term_string}"},"query-input":{"@type":"PropertyValueSpecification","valueRequired":true,"valueName":"search_term_string"}}],"inLanguage":"es"},{"@type":"Organization","@id":"https:\/\/diariotextual.com\/inicio\/#organization","name":"Diario Textual","url":"https:\/\/diariotextual.com\/inicio\/","logo":{"@type":"ImageObject","inLanguage":"es","@id":"https:\/\/diariotextual.com\/inicio\/#\/schema\/logo\/image\/","url":"https:\/\/diariotextual.com\/inicio\/wp-content\/uploads\/2023\/05\/logotextual1.jpg","contentUrl":"https:\/\/diariotextual.com\/inicio\/wp-content\/uploads\/2023\/05\/logotextual1.jpg","width":516,"height":76,"caption":"Diario Textual"},"image":{"@id":"https:\/\/diariotextual.com\/inicio\/#\/schema\/logo\/image\/"},"sameAs":["https:\/\/www.facebook.com\/eltextual","https:\/\/x.com\/eltextual","http:\/\/www.instagram.com\/eltextual"]},{"@type":"Person","@id":"https:\/\/diariotextual.com\/inicio\/#\/schema\/person\/a1b6f563e0ee944c60f98119389a4d9f","name":"diario3","image":{"@type":"ImageObject","inLanguage":"es","@id":"https:\/\/secure.gravatar.com\/avatar\/5e7ee62c82fc04d9dd79d746a390d93c69c43223e5faeeb3ea9461ef752bfc5d?s=96&d=mm&r=g","url":"https:\/\/secure.gravatar.com\/avatar\/5e7ee62c82fc04d9dd79d746a390d93c69c43223e5faeeb3ea9461ef752bfc5d?s=96&d=mm&r=g","contentUrl":"https:\/\/secure.gravatar.com\/avatar\/5e7ee62c82fc04d9dd79d746a390d93c69c43223e5faeeb3ea9461ef752bfc5d?s=96&d=mm&r=g","caption":"diario3"},"url":"https:\/\/diariotextual.com\/inicio\/index.php\/author\/diario3\/"}]}},"_links":{"self":[{"href":"https:\/\/diariotextual.com\/inicio\/index.php\/wp-json\/wp\/v2\/posts\/334370","targetHints":{"allow":["GET"]}}],"collection":[{"href":"https:\/\/diariotextual.com\/inicio\/index.php\/wp-json\/wp\/v2\/posts"}],"about":[{"href":"https:\/\/diariotextual.com\/inicio\/index.php\/wp-json\/wp\/v2\/types\/post"}],"author":[{"embeddable":true,"href":"https:\/\/diariotextual.com\/inicio\/index.php\/wp-json\/wp\/v2\/users\/5"}],"replies":[{"embeddable":true,"href":"https:\/\/diariotextual.com\/inicio\/index.php\/wp-json\/wp\/v2\/comments?post=334370"}],"version-history":[{"count":1,"href":"https:\/\/diariotextual.com\/inicio\/index.php\/wp-json\/wp\/v2\/posts\/334370\/revisions"}],"predecessor-version":[{"id":334375,"href":"https:\/\/diariotextual.com\/inicio\/index.php\/wp-json\/wp\/v2\/posts\/334370\/revisions\/334375"}],"wp:featuredmedia":[{"embeddable":true,"href":"https:\/\/diariotextual.com\/inicio\/index.php\/wp-json\/wp\/v2\/media\/334374"}],"wp:attachment":[{"href":"https:\/\/diariotextual.com\/inicio\/index.php\/wp-json\/wp\/v2\/media?parent=334370"}],"wp:term":[{"taxonomy":"category","embeddable":true,"href":"https:\/\/diariotextual.com\/inicio\/index.php\/wp-json\/wp\/v2\/categories?post=334370"},{"taxonomy":"post_tag","embeddable":true,"href":"https:\/\/diariotextual.com\/inicio\/index.php\/wp-json\/wp\/v2\/tags?post=334370"}],"curies":[{"name":"wp","href":"https:\/\/api.w.org\/{rel}","templated":true}]}}