{"id":334379,"date":"2026-09-02T19:16:35","date_gmt":"2026-09-02T22:16:35","guid":{"rendered":"https:\/\/diariotextual.com\/inicio\/?p=334379"},"modified":"2026-09-02T20:23:12","modified_gmt":"2026-09-02T23:23:12","slug":"pico-cinco-anos-de-prision-por-intento-de-homicidio-y-por-amputar-la-mano-a-uno-de-los-agredidos","status":"publish","type":"post","link":"https:\/\/diariotextual.com\/inicio\/index.php\/2026\/09\/02\/pico-cinco-anos-de-prision-por-intento-de-homicidio-y-por-amputar-la-mano-a-uno-de-los-agredidos\/","title":{"rendered":"Pico: cinco a\u00f1os de prisi\u00f3n por intento de homicidio y amputar la mano a uno de los agredidos"},"content":{"rendered":"\n<p class=\"wp-block-paragraph\">La jueza de audiencia de juicio de General Pico, Mar\u00eda Jos\u00e9 Gianinetto, conden\u00f3 a <strong>Carlos Daniel Jaimes, de 41 a\u00f1os<\/strong>, a la pena de <strong>cinco a\u00f1os de c\u00e1rcel<\/strong>, por ser autor material y penal responsable de los delitos de homicidio simple en grado de tentativa y lesiones leves. Una de las v\u00edctimas sufri\u00f3 la amputaci\u00f3n de una de sus manos y antebrazo.<\/p>\n\n\n\n<p class=\"wp-block-paragraph\">Las pruebas aportadas durante el juicio permitieron comprobar que <strong>el 5 de enero de 2025, en el domicilio de un vecino de la ciudad se festejaba el cumplea\u00f1os N\u00b0 15 de su hija<\/strong>, en un momento pasaron tres masculinos, uno de ellos provoc\u00f3 molestias, por lo que <strong>el due\u00f1o de la casa habl\u00f3 con ellos para que dejen de molestar y los corri\u00f3 del lugar<\/strong>, pero uno de ellos en tono amenazante le dijo que iba a regresar con su padre.<\/p>\n\n\n\n<p class=\"wp-block-paragraph\">Luego de unos minutos <strong>el joven regres\u00f3 con su padre, Carlos Daniel James<\/strong>, a bordo de una motocicleta 150 cc. y este \u00faltimo comenz\u00f3 a agredir <strong>al due\u00f1o de la casa con un arma blanca, provoc\u00e1ndole un corte en el brazo y a su hermano, al intentar defender al primero, recibi\u00f3 una pu\u00f1alada en la axila<\/strong>. Luego de ello Jaimes se retir\u00f3 del lugar.<\/p>\n\n\n\n<p class=\"wp-block-paragraph\">Posteriormente, al constituirse en el lugar personal policial constat\u00f3 la <strong>presencia dos hombres heridos, siendo el m\u00e1s grave el hermano del due\u00f1o de casa, que estaba en el suelo y ten\u00eda una herida cortopunzante en su axila derecha con gran sangrado<\/strong>, por otro lado, el <strong>due\u00f1o del domicilio donde ocurrieron los hechos ten\u00eda una herida cortante en su brazo<\/strong> izquierdo. Ambos fueron trasladados para su atenci\u00f3n por el Servicio de Emergencias M\u00e9dicas. Como consecuencia de las heridas, una de las <strong>v\u00edctimas sufri\u00f3 la amputaci\u00f3n de su mano y antebrazo derecho<\/strong>.<\/p>\n\n\n\n<p class=\"wp-block-paragraph\">El juicio tuvo lugar el 26 de agosto del corriente, con la actuaci\u00f3n unipersonal de Gianinetto, la intervenci\u00f3n del fiscal Juan Ignacio Pellegrino, el defensor oficial H\u00e9ctor Freigedo y en representaci\u00f3n del querellante particular, Jer\u00f3nimo Altamirano.<\/p>\n\n\n\n<p class=\"wp-block-paragraph\">En el cierre del debate el fiscal solicit\u00f3 una condena por cinco a\u00f1os de prisi\u00f3n, a la que adhiri\u00f3 la parte querellante y la defensa.<\/p>\n\n\n\n<p class=\"wp-block-paragraph\">Luego de evaluadas las pruebas aportadas en el juicio, la jueza agreg\u00f3 en la sentencia: \u201cPuedo afirmar con grado de certeza que el hecho por el que fuera acusado Carlos Daniel Jaimes ha sido plenamente acreditado y efectivamente ocurri\u00f3, habiendo probado el fiscal los extremos que afirmara en su acusaci\u00f3n, que cont\u00f3 con la adhesi\u00f3n del representante de la querella\u201d.<\/p>\n\n\n\n<p class=\"wp-block-paragraph\">En referencia a la mensuraci\u00f3n de la pena solicitada, la magistrada agreg\u00f3 que el fiscal solicit\u00f3 se condene a Carlos Daniel Jaimes a la pena de cinco a\u00f1os de prisi\u00f3n, alej\u00e1ndose en un a\u00f1o del m\u00ednimo legal del concurso de las figuras en cuesti\u00f3n. \u201cEl pedido cont\u00f3 con la adhesi\u00f3n del representante de la querella y la defensa no manifest\u00f3 oposici\u00f3n\u201d, sostuvo.<\/p>\n\n\n\n<p class=\"wp-block-paragraph\">Como \u00fanico atenuante, la jueza consider\u00f3 que <strong>el imputado no registra antecedentes condenatorios<\/strong>. \u201cEl resto de las circunstancias que rodean el caso y la persona resultan agravantes\u201d, agreg\u00f3.<\/p>\n\n\n\n<p class=\"wp-block-paragraph\">\u201cEstamos ante un adulto que desarroll\u00f3 una conducta en extremo violenta y sin sentido, los testigos expresaron que se baj\u00f3 de la motocicleta en forma directa a agredir, \u00b4ni siquiera a medir palabras\u00b4. La v\u00edctima due\u00f1a de la casa donde ocurri\u00f3 el hecho expres\u00f3 que no lo dej\u00f3 ni explicar lo que hab\u00eda ocurrido anteriormente con su hijo\u201d, dijo Gianinetto.<\/p>\n\n\n\n<p class=\"wp-block-paragraph\">En referencia al da\u00f1o causado a una de las v\u00edctimas, la jueza argument\u00f3: \u201cLa extensi\u00f3n del da\u00f1o causado (\u2026) result\u00f3 probado, estamos ante <strong>una persona que no s\u00f3lo deber\u00e1 enfrentar el resto de su vida con la ausencia del miembro superior <\/strong>que le fuera amputado, sino que ello lo afect\u00f3, y fue observado en la audiencia, en todos los aspectos: laboral, familiar, personal, econ\u00f3mico\u201d.<\/p>\n\n\n\n<p class=\"wp-block-paragraph\">\u201cJaimes es una persona adulta que conoc\u00eda las consecuencias que pod\u00edan aparejar sus acciones, aun as\u00ed las realiz\u00f3\u201d, finaliz\u00f3 la magistrada.<\/p>\n","protected":false},"excerpt":{"rendered":"<p>La jueza de audiencia de juicio de General Pico, Mar\u00eda Jos\u00e9 Gianinetto, conden\u00f3 a Carlos Daniel Jaimes, de 41 a\u00f1os, a la pena de cinco a\u00f1os de c\u00e1rcel, por ser&hellip;<\/p>\n","protected":false},"author":5,"featured_media":268658,"comment_status":"closed","ping_status":"open","sticky":false,"template":"","format":"standard","meta":{"_acf_changed":false,"footnotes":""},"categories":[1,12],"tags":[],"class_list":["post-334379","post","type-post","status-publish","format-standard","has-post-thumbnail","hentry","category-es-noticia","category-sociedad"],"acf":[],"yoast_head":"<!-- This site is optimized with the Yoast SEO plugin v28.4 - https:\/\/yoast.com\/product\/yoast-seo-wordpress\/ -->\n<title>Pico: cinco a\u00f1os de prisi\u00f3n por intento de homicidio y amputar la mano a uno de los agredidos - Diario Textual<\/title>\n<meta name=\"robots\" content=\"index, follow, max-snippet:-1, max-image-preview:large, max-video-preview:-1\" \/>\n<link rel=\"canonical\" href=\"https:\/\/diariotextual.com\/inicio\/index.php\/2026\/09\/02\/pico-cinco-anos-de-prision-por-intento-de-homicidio-y-por-amputar-la-mano-a-uno-de-los-agredidos\/\" \/>\n<meta property=\"og:locale\" content=\"es_ES\" \/>\n<meta property=\"og:type\" content=\"article\" \/>\n<meta property=\"og:title\" content=\"Pico: cinco a\u00f1os de prisi\u00f3n por intento de homicidio y amputar la mano a uno de los agredidos - Diario Textual\" \/>\n<meta property=\"og:description\" content=\"La jueza de audiencia de juicio de General Pico, Mar\u00eda Jos\u00e9 Gianinetto, conden\u00f3 a Carlos Daniel Jaimes, de 41 a\u00f1os, a la pena de cinco a\u00f1os de c\u00e1rcel, por ser&hellip;\" \/>\n<meta property=\"og:url\" content=\"https:\/\/diariotextual.com\/inicio\/index.php\/2026\/09\/02\/pico-cinco-anos-de-prision-por-intento-de-homicidio-y-por-amputar-la-mano-a-uno-de-los-agredidos\/\" \/>\n<meta property=\"og:site_name\" content=\"Diario Textual\" \/>\n<meta property=\"article:publisher\" content=\"https:\/\/www.facebook.com\/eltextual\" \/>\n<meta property=\"article:published_time\" content=\"2026-09-02T22:16:35+00:00\" \/>\n<meta property=\"article:modified_time\" content=\"2026-09-02T23:23:12+00:00\" \/>\n<meta property=\"og:image\" content=\"https:\/\/diariotextual.com\/inicio\/wp-content\/uploads\/2024\/07\/tribunalesgeneralpicojusticiapico2024-12.jpg\" \/>\n\t<meta property=\"og:image:width\" content=\"1129\" \/>\n\t<meta property=\"og:image:height\" content=\"673\" \/>\n\t<meta property=\"og:image:type\" content=\"image\/jpeg\" \/>\n<meta name=\"author\" content=\"diario3\" \/>\n<meta name=\"twitter:card\" content=\"summary_large_image\" \/>\n<meta name=\"twitter:creator\" content=\"@eltextual\" \/>\n<meta name=\"twitter:site\" content=\"@eltextual\" \/>\n<meta name=\"twitter:label1\" content=\"Escrito por\" \/>\n\t<meta name=\"twitter:data1\" content=\"diario3\" \/>\n\t<meta name=\"twitter:label2\" content=\"Tiempo de lectura\" \/>\n\t<meta name=\"twitter:data2\" content=\"4 minutos\" \/>\n<script type=\"application\/ld+json\" class=\"yoast-schema-graph\">{\"@context\":\"https:\\\/\\\/schema.org\",\"@graph\":[{\"@type\":\"Article\",\"@id\":\"https:\\\/\\\/diariotextual.com\\\/inicio\\\/index.php\\\/2026\\\/09\\\/02\\\/pico-cinco-anos-de-prision-por-intento-de-homicidio-y-por-amputar-la-mano-a-uno-de-los-agredidos\\\/#article\",\"isPartOf\":{\"@id\":\"https:\\\/\\\/diariotextual.com\\\/inicio\\\/index.php\\\/2026\\\/09\\\/02\\\/pico-cinco-anos-de-prision-por-intento-de-homicidio-y-por-amputar-la-mano-a-uno-de-los-agredidos\\\/\"},\"author\":{\"name\":\"diario3\",\"@id\":\"https:\\\/\\\/diariotextual.com\\\/inicio\\\/#\\\/schema\\\/person\\\/a1b6f563e0ee944c60f98119389a4d9f\"},\"headline\":\"Pico: cinco a\u00f1os de prisi\u00f3n por intento de homicidio y amputar la mano a uno de los agredidos\",\"datePublished\":\"2026-09-02T22:16:35+00:00\",\"dateModified\":\"2026-09-02T23:23:12+00:00\",\"mainEntityOfPage\":{\"@id\":\"https:\\\/\\\/diariotextual.com\\\/inicio\\\/index.php\\\/2026\\\/09\\\/02\\\/pico-cinco-anos-de-prision-por-intento-de-homicidio-y-por-amputar-la-mano-a-uno-de-los-agredidos\\\/\"},\"wordCount\":715,\"publisher\":{\"@id\":\"https:\\\/\\\/diariotextual.com\\\/inicio\\\/#organization\"},\"image\":{\"@id\":\"https:\\\/\\\/diariotextual.com\\\/inicio\\\/index.php\\\/2026\\\/09\\\/02\\\/pico-cinco-anos-de-prision-por-intento-de-homicidio-y-por-amputar-la-mano-a-uno-de-los-agredidos\\\/#primaryimage\"},\"thumbnailUrl\":\"https:\\\/\\\/diariotextual.com\\\/inicio\\\/wp-content\\\/uploads\\\/2024\\\/07\\\/tribunalesgeneralpicojusticiapico2024-12.jpg\",\"articleSection\":[\"A - ES NOTICIA (van abajo)\",\"SOCIEDAD\"],\"inLanguage\":\"es\"},{\"@type\":\"WebPage\",\"@id\":\"https:\\\/\\\/diariotextual.com\\\/inicio\\\/index.php\\\/2026\\\/09\\\/02\\\/pico-cinco-anos-de-prision-por-intento-de-homicidio-y-por-amputar-la-mano-a-uno-de-los-agredidos\\\/\",\"url\":\"https:\\\/\\\/diariotextual.com\\\/inicio\\\/index.php\\\/2026\\\/09\\\/02\\\/pico-cinco-anos-de-prision-por-intento-de-homicidio-y-por-amputar-la-mano-a-uno-de-los-agredidos\\\/\",\"name\":\"Pico: cinco a\u00f1os de prisi\u00f3n por intento de homicidio y amputar la mano a uno de los agredidos - Diario Textual\",\"isPartOf\":{\"@id\":\"https:\\\/\\\/diariotextual.com\\\/inicio\\\/#website\"},\"primaryImageOfPage\":{\"@id\":\"https:\\\/\\\/diariotextual.com\\\/inicio\\\/index.php\\\/2026\\\/09\\\/02\\\/pico-cinco-anos-de-prision-por-intento-de-homicidio-y-por-amputar-la-mano-a-uno-de-los-agredidos\\\/#primaryimage\"},\"image\":{\"@id\":\"https:\\\/\\\/diariotextual.com\\\/inicio\\\/index.php\\\/2026\\\/09\\\/02\\\/pico-cinco-anos-de-prision-por-intento-de-homicidio-y-por-amputar-la-mano-a-uno-de-los-agredidos\\\/#primaryimage\"},\"thumbnailUrl\":\"https:\\\/\\\/diariotextual.com\\\/inicio\\\/wp-content\\\/uploads\\\/2024\\\/07\\\/tribunalesgeneralpicojusticiapico2024-12.jpg\",\"datePublished\":\"2026-09-02T22:16:35+00:00\",\"dateModified\":\"2026-09-02T23:23:12+00:00\",\"breadcrumb\":{\"@id\":\"https:\\\/\\\/diariotextual.com\\\/inicio\\\/index.php\\\/2026\\\/09\\\/02\\\/pico-cinco-anos-de-prision-por-intento-de-homicidio-y-por-amputar-la-mano-a-uno-de-los-agredidos\\\/#breadcrumb\"},\"inLanguage\":\"es\",\"potentialAction\":[{\"@type\":\"ReadAction\",\"target\":[\"https:\\\/\\\/diariotextual.com\\\/inicio\\\/index.php\\\/2026\\\/09\\\/02\\\/pico-cinco-anos-de-prision-por-intento-de-homicidio-y-por-amputar-la-mano-a-uno-de-los-agredidos\\\/\"]}]},{\"@type\":\"ImageObject\",\"inLanguage\":\"es\",\"@id\":\"https:\\\/\\\/diariotextual.com\\\/inicio\\\/index.php\\\/2026\\\/09\\\/02\\\/pico-cinco-anos-de-prision-por-intento-de-homicidio-y-por-amputar-la-mano-a-uno-de-los-agredidos\\\/#primaryimage\",\"url\":\"https:\\\/\\\/diariotextual.com\\\/inicio\\\/wp-content\\\/uploads\\\/2024\\\/07\\\/tribunalesgeneralpicojusticiapico2024-12.jpg\",\"contentUrl\":\"https:\\\/\\\/diariotextual.com\\\/inicio\\\/wp-content\\\/uploads\\\/2024\\\/07\\\/tribunalesgeneralpicojusticiapico2024-12.jpg\",\"width\":1129,\"height\":673},{\"@type\":\"BreadcrumbList\",\"@id\":\"https:\\\/\\\/diariotextual.com\\\/inicio\\\/index.php\\\/2026\\\/09\\\/02\\\/pico-cinco-anos-de-prision-por-intento-de-homicidio-y-por-amputar-la-mano-a-uno-de-los-agredidos\\\/#breadcrumb\",\"itemListElement\":[{\"@type\":\"ListItem\",\"position\":1,\"name\":\"Portada\",\"item\":\"https:\\\/\\\/diariotextual.com\\\/inicio\\\/\"},{\"@type\":\"ListItem\",\"position\":2,\"name\":\"Pico: cinco a\u00f1os de prisi\u00f3n por intento de homicidio y amputar la mano a uno de los agredidos\"}]},{\"@type\":\"WebSite\",\"@id\":\"https:\\\/\\\/diariotextual.com\\\/inicio\\\/#website\",\"url\":\"https:\\\/\\\/diariotextual.com\\\/inicio\\\/\",\"name\":\"Diario Textual\",\"description\":\"\",\"publisher\":{\"@id\":\"https:\\\/\\\/diariotextual.com\\\/inicio\\\/#organization\"},\"potentialAction\":[{\"@type\":\"SearchAction\",\"target\":{\"@type\":\"EntryPoint\",\"urlTemplate\":\"https:\\\/\\\/diariotextual.com\\\/inicio\\\/?s={search_term_string}\"},\"query-input\":{\"@type\":\"PropertyValueSpecification\",\"valueRequired\":true,\"valueName\":\"search_term_string\"}}],\"inLanguage\":\"es\"},{\"@type\":\"Organization\",\"@id\":\"https:\\\/\\\/diariotextual.com\\\/inicio\\\/#organization\",\"name\":\"Diario Textual\",\"url\":\"https:\\\/\\\/diariotextual.com\\\/inicio\\\/\",\"logo\":{\"@type\":\"ImageObject\",\"inLanguage\":\"es\",\"@id\":\"https:\\\/\\\/diariotextual.com\\\/inicio\\\/#\\\/schema\\\/logo\\\/image\\\/\",\"url\":\"https:\\\/\\\/diariotextual.com\\\/inicio\\\/wp-content\\\/uploads\\\/2023\\\/05\\\/logotextual1.jpg\",\"contentUrl\":\"https:\\\/\\\/diariotextual.com\\\/inicio\\\/wp-content\\\/uploads\\\/2023\\\/05\\\/logotextual1.jpg\",\"width\":516,\"height\":76,\"caption\":\"Diario Textual\"},\"image\":{\"@id\":\"https:\\\/\\\/diariotextual.com\\\/inicio\\\/#\\\/schema\\\/logo\\\/image\\\/\"},\"sameAs\":[\"https:\\\/\\\/www.facebook.com\\\/eltextual\",\"https:\\\/\\\/x.com\\\/eltextual\",\"http:\\\/\\\/www.instagram.com\\\/eltextual\"]},{\"@type\":\"Person\",\"@id\":\"https:\\\/\\\/diariotextual.com\\\/inicio\\\/#\\\/schema\\\/person\\\/a1b6f563e0ee944c60f98119389a4d9f\",\"name\":\"diario3\",\"image\":{\"@type\":\"ImageObject\",\"inLanguage\":\"es\",\"@id\":\"https:\\\/\\\/secure.gravatar.com\\\/avatar\\\/5e7ee62c82fc04d9dd79d746a390d93c69c43223e5faeeb3ea9461ef752bfc5d?s=96&d=mm&r=g\",\"url\":\"https:\\\/\\\/secure.gravatar.com\\\/avatar\\\/5e7ee62c82fc04d9dd79d746a390d93c69c43223e5faeeb3ea9461ef752bfc5d?s=96&d=mm&r=g\",\"contentUrl\":\"https:\\\/\\\/secure.gravatar.com\\\/avatar\\\/5e7ee62c82fc04d9dd79d746a390d93c69c43223e5faeeb3ea9461ef752bfc5d?s=96&d=mm&r=g\",\"caption\":\"diario3\"},\"url\":\"https:\\\/\\\/diariotextual.com\\\/inicio\\\/index.php\\\/author\\\/diario3\\\/\"}]}<\/script>\n<!-- \/ Yoast SEO plugin. -->","yoast_head_json":{"title":"Pico: cinco a\u00f1os de prisi\u00f3n por intento de homicidio y amputar la mano a uno de los agredidos - Diario Textual","robots":{"index":"index","follow":"follow","max-snippet":"max-snippet:-1","max-image-preview":"max-image-preview:large","max-video-preview":"max-video-preview:-1"},"canonical":"https:\/\/diariotextual.com\/inicio\/index.php\/2026\/09\/02\/pico-cinco-anos-de-prision-por-intento-de-homicidio-y-por-amputar-la-mano-a-uno-de-los-agredidos\/","og_locale":"es_ES","og_type":"article","og_title":"Pico: cinco a\u00f1os de prisi\u00f3n por intento de homicidio y amputar la mano a uno de los agredidos - Diario Textual","og_description":"La jueza de audiencia de juicio de General Pico, Mar\u00eda Jos\u00e9 Gianinetto, conden\u00f3 a Carlos Daniel Jaimes, de 41 a\u00f1os, a la pena de cinco a\u00f1os de c\u00e1rcel, por ser&hellip;","og_url":"https:\/\/diariotextual.com\/inicio\/index.php\/2026\/09\/02\/pico-cinco-anos-de-prision-por-intento-de-homicidio-y-por-amputar-la-mano-a-uno-de-los-agredidos\/","og_site_name":"Diario Textual","article_publisher":"https:\/\/www.facebook.com\/eltextual","article_published_time":"2026-09-02T22:16:35+00:00","article_modified_time":"2026-09-02T23:23:12+00:00","og_image":[{"width":1129,"height":673,"url":"https:\/\/diariotextual.com\/inicio\/wp-content\/uploads\/2024\/07\/tribunalesgeneralpicojusticiapico2024-12.jpg","type":"image\/jpeg"}],"author":"diario3","twitter_card":"summary_large_image","twitter_creator":"@eltextual","twitter_site":"@eltextual","twitter_misc":{"Escrito por":"diario3","Tiempo de lectura":"4 minutos"},"schema":{"@context":"https:\/\/schema.org","@graph":[{"@type":"Article","@id":"https:\/\/diariotextual.com\/inicio\/index.php\/2026\/09\/02\/pico-cinco-anos-de-prision-por-intento-de-homicidio-y-por-amputar-la-mano-a-uno-de-los-agredidos\/#article","isPartOf":{"@id":"https:\/\/diariotextual.com\/inicio\/index.php\/2026\/09\/02\/pico-cinco-anos-de-prision-por-intento-de-homicidio-y-por-amputar-la-mano-a-uno-de-los-agredidos\/"},"author":{"name":"diario3","@id":"https:\/\/diariotextual.com\/inicio\/#\/schema\/person\/a1b6f563e0ee944c60f98119389a4d9f"},"headline":"Pico: cinco a\u00f1os de prisi\u00f3n por intento de homicidio y amputar la mano a uno de los agredidos","datePublished":"2026-09-02T22:16:35+00:00","dateModified":"2026-09-02T23:23:12+00:00","mainEntityOfPage":{"@id":"https:\/\/diariotextual.com\/inicio\/index.php\/2026\/09\/02\/pico-cinco-anos-de-prision-por-intento-de-homicidio-y-por-amputar-la-mano-a-uno-de-los-agredidos\/"},"wordCount":715,"publisher":{"@id":"https:\/\/diariotextual.com\/inicio\/#organization"},"image":{"@id":"https:\/\/diariotextual.com\/inicio\/index.php\/2026\/09\/02\/pico-cinco-anos-de-prision-por-intento-de-homicidio-y-por-amputar-la-mano-a-uno-de-los-agredidos\/#primaryimage"},"thumbnailUrl":"https:\/\/diariotextual.com\/inicio\/wp-content\/uploads\/2024\/07\/tribunalesgeneralpicojusticiapico2024-12.jpg","articleSection":["A - ES NOTICIA (van abajo)","SOCIEDAD"],"inLanguage":"es"},{"@type":"WebPage","@id":"https:\/\/diariotextual.com\/inicio\/index.php\/2026\/09\/02\/pico-cinco-anos-de-prision-por-intento-de-homicidio-y-por-amputar-la-mano-a-uno-de-los-agredidos\/","url":"https:\/\/diariotextual.com\/inicio\/index.php\/2026\/09\/02\/pico-cinco-anos-de-prision-por-intento-de-homicidio-y-por-amputar-la-mano-a-uno-de-los-agredidos\/","name":"Pico: cinco a\u00f1os de prisi\u00f3n por intento de homicidio y amputar la mano a uno de los agredidos - Diario Textual","isPartOf":{"@id":"https:\/\/diariotextual.com\/inicio\/#website"},"primaryImageOfPage":{"@id":"https:\/\/diariotextual.com\/inicio\/index.php\/2026\/09\/02\/pico-cinco-anos-de-prision-por-intento-de-homicidio-y-por-amputar-la-mano-a-uno-de-los-agredidos\/#primaryimage"},"image":{"@id":"https:\/\/diariotextual.com\/inicio\/index.php\/2026\/09\/02\/pico-cinco-anos-de-prision-por-intento-de-homicidio-y-por-amputar-la-mano-a-uno-de-los-agredidos\/#primaryimage"},"thumbnailUrl":"https:\/\/diariotextual.com\/inicio\/wp-content\/uploads\/2024\/07\/tribunalesgeneralpicojusticiapico2024-12.jpg","datePublished":"2026-09-02T22:16:35+00:00","dateModified":"2026-09-02T23:23:12+00:00","breadcrumb":{"@id":"https:\/\/diariotextual.com\/inicio\/index.php\/2026\/09\/02\/pico-cinco-anos-de-prision-por-intento-de-homicidio-y-por-amputar-la-mano-a-uno-de-los-agredidos\/#breadcrumb"},"inLanguage":"es","potentialAction":[{"@type":"ReadAction","target":["https:\/\/diariotextual.com\/inicio\/index.php\/2026\/09\/02\/pico-cinco-anos-de-prision-por-intento-de-homicidio-y-por-amputar-la-mano-a-uno-de-los-agredidos\/"]}]},{"@type":"ImageObject","inLanguage":"es","@id":"https:\/\/diariotextual.com\/inicio\/index.php\/2026\/09\/02\/pico-cinco-anos-de-prision-por-intento-de-homicidio-y-por-amputar-la-mano-a-uno-de-los-agredidos\/#primaryimage","url":"https:\/\/diariotextual.com\/inicio\/wp-content\/uploads\/2024\/07\/tribunalesgeneralpicojusticiapico2024-12.jpg","contentUrl":"https:\/\/diariotextual.com\/inicio\/wp-content\/uploads\/2024\/07\/tribunalesgeneralpicojusticiapico2024-12.jpg","width":1129,"height":673},{"@type":"BreadcrumbList","@id":"https:\/\/diariotextual.com\/inicio\/index.php\/2026\/09\/02\/pico-cinco-anos-de-prision-por-intento-de-homicidio-y-por-amputar-la-mano-a-uno-de-los-agredidos\/#breadcrumb","itemListElement":[{"@type":"ListItem","position":1,"name":"Portada","item":"https:\/\/diariotextual.com\/inicio\/"},{"@type":"ListItem","position":2,"name":"Pico: cinco a\u00f1os de prisi\u00f3n por intento de homicidio y amputar la mano a uno de los agredidos"}]},{"@type":"WebSite","@id":"https:\/\/diariotextual.com\/inicio\/#website","url":"https:\/\/diariotextual.com\/inicio\/","name":"Diario Textual","description":"","publisher":{"@id":"https:\/\/diariotextual.com\/inicio\/#organization"},"potentialAction":[{"@type":"SearchAction","target":{"@type":"EntryPoint","urlTemplate":"https:\/\/diariotextual.com\/inicio\/?s={search_term_string}"},"query-input":{"@type":"PropertyValueSpecification","valueRequired":true,"valueName":"search_term_string"}}],"inLanguage":"es"},{"@type":"Organization","@id":"https:\/\/diariotextual.com\/inicio\/#organization","name":"Diario Textual","url":"https:\/\/diariotextual.com\/inicio\/","logo":{"@type":"ImageObject","inLanguage":"es","@id":"https:\/\/diariotextual.com\/inicio\/#\/schema\/logo\/image\/","url":"https:\/\/diariotextual.com\/inicio\/wp-content\/uploads\/2023\/05\/logotextual1.jpg","contentUrl":"https:\/\/diariotextual.com\/inicio\/wp-content\/uploads\/2023\/05\/logotextual1.jpg","width":516,"height":76,"caption":"Diario Textual"},"image":{"@id":"https:\/\/diariotextual.com\/inicio\/#\/schema\/logo\/image\/"},"sameAs":["https:\/\/www.facebook.com\/eltextual","https:\/\/x.com\/eltextual","http:\/\/www.instagram.com\/eltextual"]},{"@type":"Person","@id":"https:\/\/diariotextual.com\/inicio\/#\/schema\/person\/a1b6f563e0ee944c60f98119389a4d9f","name":"diario3","image":{"@type":"ImageObject","inLanguage":"es","@id":"https:\/\/secure.gravatar.com\/avatar\/5e7ee62c82fc04d9dd79d746a390d93c69c43223e5faeeb3ea9461ef752bfc5d?s=96&d=mm&r=g","url":"https:\/\/secure.gravatar.com\/avatar\/5e7ee62c82fc04d9dd79d746a390d93c69c43223e5faeeb3ea9461ef752bfc5d?s=96&d=mm&r=g","contentUrl":"https:\/\/secure.gravatar.com\/avatar\/5e7ee62c82fc04d9dd79d746a390d93c69c43223e5faeeb3ea9461ef752bfc5d?s=96&d=mm&r=g","caption":"diario3"},"url":"https:\/\/diariotextual.com\/inicio\/index.php\/author\/diario3\/"}]}},"_links":{"self":[{"href":"https:\/\/diariotextual.com\/inicio\/index.php\/wp-json\/wp\/v2\/posts\/334379","targetHints":{"allow":["GET"]}}],"collection":[{"href":"https:\/\/diariotextual.com\/inicio\/index.php\/wp-json\/wp\/v2\/posts"}],"about":[{"href":"https:\/\/diariotextual.com\/inicio\/index.php\/wp-json\/wp\/v2\/types\/post"}],"author":[{"embeddable":true,"href":"https:\/\/diariotextual.com\/inicio\/index.php\/wp-json\/wp\/v2\/users\/5"}],"replies":[{"embeddable":true,"href":"https:\/\/diariotextual.com\/inicio\/index.php\/wp-json\/wp\/v2\/comments?post=334379"}],"version-history":[{"count":2,"href":"https:\/\/diariotextual.com\/inicio\/index.php\/wp-json\/wp\/v2\/posts\/334379\/revisions"}],"predecessor-version":[{"id":334392,"href":"https:\/\/diariotextual.com\/inicio\/index.php\/wp-json\/wp\/v2\/posts\/334379\/revisions\/334392"}],"wp:featuredmedia":[{"embeddable":true,"href":"https:\/\/diariotextual.com\/inicio\/index.php\/wp-json\/wp\/v2\/media\/268658"}],"wp:attachment":[{"href":"https:\/\/diariotextual.com\/inicio\/index.php\/wp-json\/wp\/v2\/media?parent=334379"}],"wp:term":[{"taxonomy":"category","embeddable":true,"href":"https:\/\/diariotextual.com\/inicio\/index.php\/wp-json\/wp\/v2\/categories?post=334379"},{"taxonomy":"post_tag","embeddable":true,"href":"https:\/\/diariotextual.com\/inicio\/index.php\/wp-json\/wp\/v2\/tags?post=334379"}],"curies":[{"name":"wp","href":"https:\/\/api.w.org\/{rel}","templated":true}]}}