{"id":334382,"date":"2026-09-02T19:27:07","date_gmt":"2026-09-02T22:27:07","guid":{"rendered":"https:\/\/diariotextual.com\/inicio\/?p=334382"},"modified":"2026-09-02T19:32:17","modified_gmt":"2026-09-02T22:32:17","slug":"un-giro-en-la-relacion-nacion-envio-a-la-pampa-un-atn-de-3-500-millones-para-emergencia-agropecuaria","status":"publish","type":"post","link":"https:\/\/diariotextual.com\/inicio\/index.php\/2026\/09\/02\/un-giro-en-la-relacion-nacion-envio-a-la-pampa-un-atn-de-3-500-millones-para-emergencia-agropecuaria\/","title":{"rendered":"\u00bfGiro en la relaci\u00f3n?: Naci\u00f3n envi\u00f3 a La Pampa un ATN de $3.500 millones para emergencia agropecuaria"},"content":{"rendered":"\n<p class=\"wp-block-paragraph\">Por primera vez, el Gobierno de Javier Milei envi\u00f3 a La Pampa dinero del Fondo de Aportes del Tesoro Nacional (ATN): se trata de 3.500 millones de pesos, para ayudar a productores rurales afectados por la emergencia agropecuaria. Lo hizo luego de a ayuda solicitada por el gobernador Sergio Ziliotto al jefe de Gabinete de la Naci\u00f3n, Diego Santilli.<\/p>\n\n\n\n<p class=\"wp-block-paragraph\">\u201cEl monto ser\u00e1 afectado presupuestariamente, en l\u00ednea con los fundamentos de la resoluci\u00f3n firmada por el vicejefe de Gabinete Gustavo Coria, a las erogaciones de la administraci\u00f3n provincial para atender continencias clim\u00e1ticas por sequ\u00eda en departamentos del territorio provincial\u201d, comunic\u00f3 Casa de Gobierno.\u00a0<br><br>Durante el 2025 la emergencia agropecuaria afect\u00f3 a 20 departamentos, situaci\u00f3n que se mantiene en la actualidad en Curac\u00f3, Lihuel Calel, Limay Mahuida y Puel\u00e9n.<\/p>\n\n\n\n<p class=\"wp-block-paragraph\">La situaci\u00f3n gener\u00f3 cierta sorpresa. En 2024, La Pampa present\u00f3 ante la Corte Suprema de Justicia de la Naci\u00f3n una acci\u00f3n declarativa de inconstitucionalidad para reclamar que los recursos correspondientes al uno por ciento asignados al Fondo de Aportes del Tesoro Nacional integren la masa de fondos coparticipables y sean distribuidos autom\u00e1ticamente entre las provincias, tal como establece la Ley 23.548 de Coparticipaci\u00f3n Federal. Este a\u00f1o, la Corte acept\u00f3 la demanda.<\/p>\n\n\n\n<p class=\"wp-block-paragraph\"><\/p>\n","protected":false},"excerpt":{"rendered":"<p>Por primera vez, el Gobierno de Javier Milei envi\u00f3 a La Pampa dinero del Fondo de Aportes del Tesoro Nacional (ATN): se trata de 3.500 millones de pesos, para ayudar&hellip;<\/p>\n","protected":false},"author":3,"featured_media":331413,"comment_status":"closed","ping_status":"open","sticky":false,"template":"","format":"standard","meta":{"_acf_changed":false,"footnotes":""},"categories":[9,20],"tags":[],"class_list":["post-334382","post","type-post","status-publish","format-standard","has-post-thumbnail","hentry","category-portada","category-campo"],"acf":[],"yoast_head":"<!-- This site is optimized with the Yoast SEO plugin v28.4 - https:\/\/yoast.com\/product\/yoast-seo-wordpress\/ -->\n<title>\u00bfGiro en la relaci\u00f3n?: Naci\u00f3n envi\u00f3 a La Pampa un ATN de $3.500 millones para emergencia agropecuaria - Diario Textual<\/title>\n<meta name=\"robots\" content=\"index, follow, max-snippet:-1, max-image-preview:large, max-video-preview:-1\" \/>\n<link rel=\"canonical\" href=\"https:\/\/diariotextual.com\/inicio\/index.php\/2026\/09\/02\/un-giro-en-la-relacion-nacion-envio-a-la-pampa-un-atn-de-3-500-millones-para-emergencia-agropecuaria\/\" \/>\n<meta property=\"og:locale\" content=\"es_ES\" \/>\n<meta property=\"og:type\" content=\"article\" \/>\n<meta property=\"og:title\" content=\"\u00bfGiro en la relaci\u00f3n?: Naci\u00f3n envi\u00f3 a La Pampa un ATN de $3.500 millones para emergencia agropecuaria - Diario Textual\" \/>\n<meta property=\"og:description\" content=\"Por primera vez, el Gobierno de Javier Milei envi\u00f3 a La Pampa dinero del Fondo de Aportes del Tesoro Nacional (ATN): se trata de 3.500 millones de pesos, para ayudar&hellip;\" \/>\n<meta property=\"og:url\" content=\"https:\/\/diariotextual.com\/inicio\/index.php\/2026\/09\/02\/un-giro-en-la-relacion-nacion-envio-a-la-pampa-un-atn-de-3-500-millones-para-emergencia-agropecuaria\/\" \/>\n<meta property=\"og:site_name\" content=\"Diario Textual\" \/>\n<meta property=\"article:publisher\" content=\"https:\/\/www.facebook.com\/eltextual\" \/>\n<meta property=\"article:published_time\" content=\"2026-09-02T22:27:07+00:00\" \/>\n<meta property=\"article:modified_time\" content=\"2026-09-02T22:32:17+00:00\" \/>\n<meta property=\"og:image\" content=\"https:\/\/diariotextual.com\/inicio\/wp-content\/uploads\/2026\/07\/ziliottosergiosantillidiegosantilliziliottosantilli2026-81.jpg\" \/>\n\t<meta property=\"og:image:width\" content=\"1300\" \/>\n\t<meta property=\"og:image:height\" content=\"773\" \/>\n\t<meta property=\"og:image:type\" content=\"image\/jpeg\" \/>\n<meta name=\"author\" content=\"Diario1 Diario1\" \/>\n<meta name=\"twitter:card\" content=\"summary_large_image\" \/>\n<meta name=\"twitter:creator\" content=\"@eltextual\" \/>\n<meta name=\"twitter:site\" content=\"@eltextual\" \/>\n<meta name=\"twitter:label1\" content=\"Escrito por\" \/>\n\t<meta name=\"twitter:data1\" content=\"Diario1 Diario1\" \/>\n\t<meta name=\"twitter:label2\" content=\"Tiempo de lectura\" \/>\n\t<meta name=\"twitter:data2\" content=\"2 minutos\" \/>\n<script type=\"application\/ld+json\" class=\"yoast-schema-graph\">{\"@context\":\"https:\\\/\\\/schema.org\",\"@graph\":[{\"@type\":\"Article\",\"@id\":\"https:\\\/\\\/diariotextual.com\\\/inicio\\\/index.php\\\/2026\\\/09\\\/02\\\/un-giro-en-la-relacion-nacion-envio-a-la-pampa-un-atn-de-3-500-millones-para-emergencia-agropecuaria\\\/#article\",\"isPartOf\":{\"@id\":\"https:\\\/\\\/diariotextual.com\\\/inicio\\\/index.php\\\/2026\\\/09\\\/02\\\/un-giro-en-la-relacion-nacion-envio-a-la-pampa-un-atn-de-3-500-millones-para-emergencia-agropecuaria\\\/\"},\"author\":{\"name\":\"Diario1 Diario1\",\"@id\":\"https:\\\/\\\/diariotextual.com\\\/inicio\\\/#\\\/schema\\\/person\\\/418fc4093c33e86ed41562db3508f958\"},\"headline\":\"\u00bfGiro en la relaci\u00f3n?: Naci\u00f3n envi\u00f3 a La Pampa un ATN de $3.500 millones para emergencia agropecuaria\",\"datePublished\":\"2026-09-02T22:27:07+00:00\",\"dateModified\":\"2026-09-02T22:32:17+00:00\",\"mainEntityOfPage\":{\"@id\":\"https:\\\/\\\/diariotextual.com\\\/inicio\\\/index.php\\\/2026\\\/09\\\/02\\\/un-giro-en-la-relacion-nacion-envio-a-la-pampa-un-atn-de-3-500-millones-para-emergencia-agropecuaria\\\/\"},\"wordCount\":225,\"publisher\":{\"@id\":\"https:\\\/\\\/diariotextual.com\\\/inicio\\\/#organization\"},\"image\":{\"@id\":\"https:\\\/\\\/diariotextual.com\\\/inicio\\\/index.php\\\/2026\\\/09\\\/02\\\/un-giro-en-la-relacion-nacion-envio-a-la-pampa-un-atn-de-3-500-millones-para-emergencia-agropecuaria\\\/#primaryimage\"},\"thumbnailUrl\":\"https:\\\/\\\/diariotextual.com\\\/inicio\\\/wp-content\\\/uploads\\\/2026\\\/07\\\/ziliottosergiosantillidiegosantilliziliottosantilli2026-81.jpg\",\"articleSection\":[\"A - PORTADA\",\"CAMPO\"],\"inLanguage\":\"es\"},{\"@type\":\"WebPage\",\"@id\":\"https:\\\/\\\/diariotextual.com\\\/inicio\\\/index.php\\\/2026\\\/09\\\/02\\\/un-giro-en-la-relacion-nacion-envio-a-la-pampa-un-atn-de-3-500-millones-para-emergencia-agropecuaria\\\/\",\"url\":\"https:\\\/\\\/diariotextual.com\\\/inicio\\\/index.php\\\/2026\\\/09\\\/02\\\/un-giro-en-la-relacion-nacion-envio-a-la-pampa-un-atn-de-3-500-millones-para-emergencia-agropecuaria\\\/\",\"name\":\"\u00bfGiro en la relaci\u00f3n?: Naci\u00f3n envi\u00f3 a La Pampa un ATN de $3.500 millones para emergencia agropecuaria - Diario Textual\",\"isPartOf\":{\"@id\":\"https:\\\/\\\/diariotextual.com\\\/inicio\\\/#website\"},\"primaryImageOfPage\":{\"@id\":\"https:\\\/\\\/diariotextual.com\\\/inicio\\\/index.php\\\/2026\\\/09\\\/02\\\/un-giro-en-la-relacion-nacion-envio-a-la-pampa-un-atn-de-3-500-millones-para-emergencia-agropecuaria\\\/#primaryimage\"},\"image\":{\"@id\":\"https:\\\/\\\/diariotextual.com\\\/inicio\\\/index.php\\\/2026\\\/09\\\/02\\\/un-giro-en-la-relacion-nacion-envio-a-la-pampa-un-atn-de-3-500-millones-para-emergencia-agropecuaria\\\/#primaryimage\"},\"thumbnailUrl\":\"https:\\\/\\\/diariotextual.com\\\/inicio\\\/wp-content\\\/uploads\\\/2026\\\/07\\\/ziliottosergiosantillidiegosantilliziliottosantilli2026-81.jpg\",\"datePublished\":\"2026-09-02T22:27:07+00:00\",\"dateModified\":\"2026-09-02T22:32:17+00:00\",\"breadcrumb\":{\"@id\":\"https:\\\/\\\/diariotextual.com\\\/inicio\\\/index.php\\\/2026\\\/09\\\/02\\\/un-giro-en-la-relacion-nacion-envio-a-la-pampa-un-atn-de-3-500-millones-para-emergencia-agropecuaria\\\/#breadcrumb\"},\"inLanguage\":\"es\",\"potentialAction\":[{\"@type\":\"ReadAction\",\"target\":[\"https:\\\/\\\/diariotextual.com\\\/inicio\\\/index.php\\\/2026\\\/09\\\/02\\\/un-giro-en-la-relacion-nacion-envio-a-la-pampa-un-atn-de-3-500-millones-para-emergencia-agropecuaria\\\/\"]}]},{\"@type\":\"ImageObject\",\"inLanguage\":\"es\",\"@id\":\"https:\\\/\\\/diariotextual.com\\\/inicio\\\/index.php\\\/2026\\\/09\\\/02\\\/un-giro-en-la-relacion-nacion-envio-a-la-pampa-un-atn-de-3-500-millones-para-emergencia-agropecuaria\\\/#primaryimage\",\"url\":\"https:\\\/\\\/diariotextual.com\\\/inicio\\\/wp-content\\\/uploads\\\/2026\\\/07\\\/ziliottosergiosantillidiegosantilliziliottosantilli2026-81.jpg\",\"contentUrl\":\"https:\\\/\\\/diariotextual.com\\\/inicio\\\/wp-content\\\/uploads\\\/2026\\\/07\\\/ziliottosergiosantillidiegosantilliziliottosantilli2026-81.jpg\",\"width\":1300,\"height\":773},{\"@type\":\"BreadcrumbList\",\"@id\":\"https:\\\/\\\/diariotextual.com\\\/inicio\\\/index.php\\\/2026\\\/09\\\/02\\\/un-giro-en-la-relacion-nacion-envio-a-la-pampa-un-atn-de-3-500-millones-para-emergencia-agropecuaria\\\/#breadcrumb\",\"itemListElement\":[{\"@type\":\"ListItem\",\"position\":1,\"name\":\"Portada\",\"item\":\"https:\\\/\\\/diariotextual.com\\\/inicio\\\/\"},{\"@type\":\"ListItem\",\"position\":2,\"name\":\"\u00bfGiro en la relaci\u00f3n?: Naci\u00f3n envi\u00f3 a La Pampa un ATN de $3.500 millones para emergencia agropecuaria\"}]},{\"@type\":\"WebSite\",\"@id\":\"https:\\\/\\\/diariotextual.com\\\/inicio\\\/#website\",\"url\":\"https:\\\/\\\/diariotextual.com\\\/inicio\\\/\",\"name\":\"Diario Textual\",\"description\":\"\",\"publisher\":{\"@id\":\"https:\\\/\\\/diariotextual.com\\\/inicio\\\/#organization\"},\"potentialAction\":[{\"@type\":\"SearchAction\",\"target\":{\"@type\":\"EntryPoint\",\"urlTemplate\":\"https:\\\/\\\/diariotextual.com\\\/inicio\\\/?s={search_term_string}\"},\"query-input\":{\"@type\":\"PropertyValueSpecification\",\"valueRequired\":true,\"valueName\":\"search_term_string\"}}],\"inLanguage\":\"es\"},{\"@type\":\"Organization\",\"@id\":\"https:\\\/\\\/diariotextual.com\\\/inicio\\\/#organization\",\"name\":\"Diario Textual\",\"url\":\"https:\\\/\\\/diariotextual.com\\\/inicio\\\/\",\"logo\":{\"@type\":\"ImageObject\",\"inLanguage\":\"es\",\"@id\":\"https:\\\/\\\/diariotextual.com\\\/inicio\\\/#\\\/schema\\\/logo\\\/image\\\/\",\"url\":\"https:\\\/\\\/diariotextual.com\\\/inicio\\\/wp-content\\\/uploads\\\/2023\\\/05\\\/logotextual1.jpg\",\"contentUrl\":\"https:\\\/\\\/diariotextual.com\\\/inicio\\\/wp-content\\\/uploads\\\/2023\\\/05\\\/logotextual1.jpg\",\"width\":516,\"height\":76,\"caption\":\"Diario Textual\"},\"image\":{\"@id\":\"https:\\\/\\\/diariotextual.com\\\/inicio\\\/#\\\/schema\\\/logo\\\/image\\\/\"},\"sameAs\":[\"https:\\\/\\\/www.facebook.com\\\/eltextual\",\"https:\\\/\\\/x.com\\\/eltextual\",\"http:\\\/\\\/www.instagram.com\\\/eltextual\"]},{\"@type\":\"Person\",\"@id\":\"https:\\\/\\\/diariotextual.com\\\/inicio\\\/#\\\/schema\\\/person\\\/418fc4093c33e86ed41562db3508f958\",\"name\":\"Diario1 Diario1\",\"image\":{\"@type\":\"ImageObject\",\"inLanguage\":\"es\",\"@id\":\"https:\\\/\\\/secure.gravatar.com\\\/avatar\\\/9167d280179c85bc18be67aa7eda765854300033af4896dd779b608640f2ef7a?s=96&d=mm&r=g\",\"url\":\"https:\\\/\\\/secure.gravatar.com\\\/avatar\\\/9167d280179c85bc18be67aa7eda765854300033af4896dd779b608640f2ef7a?s=96&d=mm&r=g\",\"contentUrl\":\"https:\\\/\\\/secure.gravatar.com\\\/avatar\\\/9167d280179c85bc18be67aa7eda765854300033af4896dd779b608640f2ef7a?s=96&d=mm&r=g\",\"caption\":\"Diario1 Diario1\"},\"url\":\"https:\\\/\\\/diariotextual.com\\\/inicio\\\/index.php\\\/author\\\/diario1\\\/\"}]}<\/script>\n<!-- \/ Yoast SEO plugin. -->","yoast_head_json":{"title":"\u00bfGiro en la relaci\u00f3n?: Naci\u00f3n envi\u00f3 a La Pampa un ATN de $3.500 millones para emergencia agropecuaria - Diario Textual","robots":{"index":"index","follow":"follow","max-snippet":"max-snippet:-1","max-image-preview":"max-image-preview:large","max-video-preview":"max-video-preview:-1"},"canonical":"https:\/\/diariotextual.com\/inicio\/index.php\/2026\/09\/02\/un-giro-en-la-relacion-nacion-envio-a-la-pampa-un-atn-de-3-500-millones-para-emergencia-agropecuaria\/","og_locale":"es_ES","og_type":"article","og_title":"\u00bfGiro en la relaci\u00f3n?: Naci\u00f3n envi\u00f3 a La Pampa un ATN de $3.500 millones para emergencia agropecuaria - Diario Textual","og_description":"Por primera vez, el Gobierno de Javier Milei envi\u00f3 a La Pampa dinero del Fondo de Aportes del Tesoro Nacional (ATN): se trata de 3.500 millones de pesos, para ayudar&hellip;","og_url":"https:\/\/diariotextual.com\/inicio\/index.php\/2026\/09\/02\/un-giro-en-la-relacion-nacion-envio-a-la-pampa-un-atn-de-3-500-millones-para-emergencia-agropecuaria\/","og_site_name":"Diario Textual","article_publisher":"https:\/\/www.facebook.com\/eltextual","article_published_time":"2026-09-02T22:27:07+00:00","article_modified_time":"2026-09-02T22:32:17+00:00","og_image":[{"width":1300,"height":773,"url":"https:\/\/diariotextual.com\/inicio\/wp-content\/uploads\/2026\/07\/ziliottosergiosantillidiegosantilliziliottosantilli2026-81.jpg","type":"image\/jpeg"}],"author":"Diario1 Diario1","twitter_card":"summary_large_image","twitter_creator":"@eltextual","twitter_site":"@eltextual","twitter_misc":{"Escrito por":"Diario1 Diario1","Tiempo de lectura":"2 minutos"},"schema":{"@context":"https:\/\/schema.org","@graph":[{"@type":"Article","@id":"https:\/\/diariotextual.com\/inicio\/index.php\/2026\/09\/02\/un-giro-en-la-relacion-nacion-envio-a-la-pampa-un-atn-de-3-500-millones-para-emergencia-agropecuaria\/#article","isPartOf":{"@id":"https:\/\/diariotextual.com\/inicio\/index.php\/2026\/09\/02\/un-giro-en-la-relacion-nacion-envio-a-la-pampa-un-atn-de-3-500-millones-para-emergencia-agropecuaria\/"},"author":{"name":"Diario1 Diario1","@id":"https:\/\/diariotextual.com\/inicio\/#\/schema\/person\/418fc4093c33e86ed41562db3508f958"},"headline":"\u00bfGiro en la relaci\u00f3n?: Naci\u00f3n envi\u00f3 a La Pampa un ATN de $3.500 millones para emergencia agropecuaria","datePublished":"2026-09-02T22:27:07+00:00","dateModified":"2026-09-02T22:32:17+00:00","mainEntityOfPage":{"@id":"https:\/\/diariotextual.com\/inicio\/index.php\/2026\/09\/02\/un-giro-en-la-relacion-nacion-envio-a-la-pampa-un-atn-de-3-500-millones-para-emergencia-agropecuaria\/"},"wordCount":225,"publisher":{"@id":"https:\/\/diariotextual.com\/inicio\/#organization"},"image":{"@id":"https:\/\/diariotextual.com\/inicio\/index.php\/2026\/09\/02\/un-giro-en-la-relacion-nacion-envio-a-la-pampa-un-atn-de-3-500-millones-para-emergencia-agropecuaria\/#primaryimage"},"thumbnailUrl":"https:\/\/diariotextual.com\/inicio\/wp-content\/uploads\/2026\/07\/ziliottosergiosantillidiegosantilliziliottosantilli2026-81.jpg","articleSection":["A - PORTADA","CAMPO"],"inLanguage":"es"},{"@type":"WebPage","@id":"https:\/\/diariotextual.com\/inicio\/index.php\/2026\/09\/02\/un-giro-en-la-relacion-nacion-envio-a-la-pampa-un-atn-de-3-500-millones-para-emergencia-agropecuaria\/","url":"https:\/\/diariotextual.com\/inicio\/index.php\/2026\/09\/02\/un-giro-en-la-relacion-nacion-envio-a-la-pampa-un-atn-de-3-500-millones-para-emergencia-agropecuaria\/","name":"\u00bfGiro en la relaci\u00f3n?: Naci\u00f3n envi\u00f3 a La Pampa un ATN de $3.500 millones para emergencia agropecuaria - Diario Textual","isPartOf":{"@id":"https:\/\/diariotextual.com\/inicio\/#website"},"primaryImageOfPage":{"@id":"https:\/\/diariotextual.com\/inicio\/index.php\/2026\/09\/02\/un-giro-en-la-relacion-nacion-envio-a-la-pampa-un-atn-de-3-500-millones-para-emergencia-agropecuaria\/#primaryimage"},"image":{"@id":"https:\/\/diariotextual.com\/inicio\/index.php\/2026\/09\/02\/un-giro-en-la-relacion-nacion-envio-a-la-pampa-un-atn-de-3-500-millones-para-emergencia-agropecuaria\/#primaryimage"},"thumbnailUrl":"https:\/\/diariotextual.com\/inicio\/wp-content\/uploads\/2026\/07\/ziliottosergiosantillidiegosantilliziliottosantilli2026-81.jpg","datePublished":"2026-09-02T22:27:07+00:00","dateModified":"2026-09-02T22:32:17+00:00","breadcrumb":{"@id":"https:\/\/diariotextual.com\/inicio\/index.php\/2026\/09\/02\/un-giro-en-la-relacion-nacion-envio-a-la-pampa-un-atn-de-3-500-millones-para-emergencia-agropecuaria\/#breadcrumb"},"inLanguage":"es","potentialAction":[{"@type":"ReadAction","target":["https:\/\/diariotextual.com\/inicio\/index.php\/2026\/09\/02\/un-giro-en-la-relacion-nacion-envio-a-la-pampa-un-atn-de-3-500-millones-para-emergencia-agropecuaria\/"]}]},{"@type":"ImageObject","inLanguage":"es","@id":"https:\/\/diariotextual.com\/inicio\/index.php\/2026\/09\/02\/un-giro-en-la-relacion-nacion-envio-a-la-pampa-un-atn-de-3-500-millones-para-emergencia-agropecuaria\/#primaryimage","url":"https:\/\/diariotextual.com\/inicio\/wp-content\/uploads\/2026\/07\/ziliottosergiosantillidiegosantilliziliottosantilli2026-81.jpg","contentUrl":"https:\/\/diariotextual.com\/inicio\/wp-content\/uploads\/2026\/07\/ziliottosergiosantillidiegosantilliziliottosantilli2026-81.jpg","width":1300,"height":773},{"@type":"BreadcrumbList","@id":"https:\/\/diariotextual.com\/inicio\/index.php\/2026\/09\/02\/un-giro-en-la-relacion-nacion-envio-a-la-pampa-un-atn-de-3-500-millones-para-emergencia-agropecuaria\/#breadcrumb","itemListElement":[{"@type":"ListItem","position":1,"name":"Portada","item":"https:\/\/diariotextual.com\/inicio\/"},{"@type":"ListItem","position":2,"name":"\u00bfGiro en la relaci\u00f3n?: Naci\u00f3n envi\u00f3 a La Pampa un ATN de $3.500 millones para emergencia agropecuaria"}]},{"@type":"WebSite","@id":"https:\/\/diariotextual.com\/inicio\/#website","url":"https:\/\/diariotextual.com\/inicio\/","name":"Diario Textual","description":"","publisher":{"@id":"https:\/\/diariotextual.com\/inicio\/#organization"},"potentialAction":[{"@type":"SearchAction","target":{"@type":"EntryPoint","urlTemplate":"https:\/\/diariotextual.com\/inicio\/?s={search_term_string}"},"query-input":{"@type":"PropertyValueSpecification","valueRequired":true,"valueName":"search_term_string"}}],"inLanguage":"es"},{"@type":"Organization","@id":"https:\/\/diariotextual.com\/inicio\/#organization","name":"Diario Textual","url":"https:\/\/diariotextual.com\/inicio\/","logo":{"@type":"ImageObject","inLanguage":"es","@id":"https:\/\/diariotextual.com\/inicio\/#\/schema\/logo\/image\/","url":"https:\/\/diariotextual.com\/inicio\/wp-content\/uploads\/2023\/05\/logotextual1.jpg","contentUrl":"https:\/\/diariotextual.com\/inicio\/wp-content\/uploads\/2023\/05\/logotextual1.jpg","width":516,"height":76,"caption":"Diario Textual"},"image":{"@id":"https:\/\/diariotextual.com\/inicio\/#\/schema\/logo\/image\/"},"sameAs":["https:\/\/www.facebook.com\/eltextual","https:\/\/x.com\/eltextual","http:\/\/www.instagram.com\/eltextual"]},{"@type":"Person","@id":"https:\/\/diariotextual.com\/inicio\/#\/schema\/person\/418fc4093c33e86ed41562db3508f958","name":"Diario1 Diario1","image":{"@type":"ImageObject","inLanguage":"es","@id":"https:\/\/secure.gravatar.com\/avatar\/9167d280179c85bc18be67aa7eda765854300033af4896dd779b608640f2ef7a?s=96&d=mm&r=g","url":"https:\/\/secure.gravatar.com\/avatar\/9167d280179c85bc18be67aa7eda765854300033af4896dd779b608640f2ef7a?s=96&d=mm&r=g","contentUrl":"https:\/\/secure.gravatar.com\/avatar\/9167d280179c85bc18be67aa7eda765854300033af4896dd779b608640f2ef7a?s=96&d=mm&r=g","caption":"Diario1 Diario1"},"url":"https:\/\/diariotextual.com\/inicio\/index.php\/author\/diario1\/"}]}},"_links":{"self":[{"href":"https:\/\/diariotextual.com\/inicio\/index.php\/wp-json\/wp\/v2\/posts\/334382","targetHints":{"allow":["GET"]}}],"collection":[{"href":"https:\/\/diariotextual.com\/inicio\/index.php\/wp-json\/wp\/v2\/posts"}],"about":[{"href":"https:\/\/diariotextual.com\/inicio\/index.php\/wp-json\/wp\/v2\/types\/post"}],"author":[{"embeddable":true,"href":"https:\/\/diariotextual.com\/inicio\/index.php\/wp-json\/wp\/v2\/users\/3"}],"replies":[{"embeddable":true,"href":"https:\/\/diariotextual.com\/inicio\/index.php\/wp-json\/wp\/v2\/comments?post=334382"}],"version-history":[{"count":5,"href":"https:\/\/diariotextual.com\/inicio\/index.php\/wp-json\/wp\/v2\/posts\/334382\/revisions"}],"predecessor-version":[{"id":334388,"href":"https:\/\/diariotextual.com\/inicio\/index.php\/wp-json\/wp\/v2\/posts\/334382\/revisions\/334388"}],"wp:featuredmedia":[{"embeddable":true,"href":"https:\/\/diariotextual.com\/inicio\/index.php\/wp-json\/wp\/v2\/media\/331413"}],"wp:attachment":[{"href":"https:\/\/diariotextual.com\/inicio\/index.php\/wp-json\/wp\/v2\/media?parent=334382"}],"wp:term":[{"taxonomy":"category","embeddable":true,"href":"https:\/\/diariotextual.com\/inicio\/index.php\/wp-json\/wp\/v2\/categories?post=334382"},{"taxonomy":"post_tag","embeddable":true,"href":"https:\/\/diariotextual.com\/inicio\/index.php\/wp-json\/wp\/v2\/tags?post=334382"}],"curies":[{"name":"wp","href":"https:\/\/api.w.org\/{rel}","templated":true}]}}