{"id":334389,"date":"2026-09-02T19:48:20","date_gmt":"2026-09-02T22:48:20","guid":{"rendered":"https:\/\/diariotextual.com\/inicio\/?p=334389"},"modified":"2026-09-02T20:15:19","modified_gmt":"2026-09-02T23:15:19","slug":"iglesias-de-unilpa-la-pampa-ha-tomado-medidas-de-amortiguacion","status":"publish","type":"post","link":"https:\/\/diariotextual.com\/inicio\/index.php\/2026\/09\/02\/iglesias-de-unilpa-la-pampa-ha-tomado-medidas-de-amortiguacion\/","title":{"rendered":"Iglesias de Unilpa: \u201cLa Pampa ha tomado medidas de amortiguaci\u00f3n acertadas\u201d"},"content":{"rendered":"\n<p class=\"wp-block-paragraph\">En el D\u00eda de la Industria, el presidente de la <strong>Uni\u00f3n de Industriales de La Pampa (UNILPa), Miguel Iglesias,<\/strong> destac\u00f3 las medidas de acompa\u00f1amiento impulsadas por La Pampa y destac\u00f3<strong> el esfuerzo provincial para amortiguar <\/strong>el impacto de la crisis.<\/p>\n\n\n\n<p class=\"wp-block-paragraph\">Iglesias destac\u00f3 las pol\u00edticas implementadas por el Gobierno provincial para acompa\u00f1ar al sector productivo y amortiguar el impacto del actual escenario econ\u00f3mico. Si bien reconoci\u00f3 que la industria atraviesa dificultades vinculadas con la ca\u00edda del consumo, la reducci\u00f3n de los vol\u00famenes de negocio y el costo del financiamiento, remarc\u00f3 que La Pampa adopt\u00f3 medidas que permitieron sostener a las empresas y generar condiciones para nuevas inversiones.<\/p>\n\n\n\n<p class=\"wp-block-paragraph\">En di\u00e1logo con la Agencia Provincial de Noticias, Iglesias consider\u00f3 que el contexto obliga al empresariado a realizar una mirada hacia adelante y analizar d\u00f3nde pueden encontrarse nuevas posibilidades de crecimiento.<\/p>\n\n\n\n<p class=\"wp-block-paragraph\">\u201cLa Pampa ha tomado medidas de amortiguaci\u00f3n acertadas para nuestras empresas\u201d, afirm\u00f3 y destac\u00f3 el acompa\u00f1amiento provincial frente a un escenario en el que <strong>muchas de las dificultades \u201cexceden las posibilidades de intervenci\u00f3n del Gobierno pampeano\u201d.<\/strong><\/p>\n\n\n\n<p class=\"wp-block-paragraph\">El dirigente industrial diferenci\u00f3 as\u00ed las pol\u00edticas provinciales de aquellos factores que responden a decisiones del \u00e1mbito nacional. Entre estos \u00faltimos mencion\u00f3 la ca\u00edda del consumo, la reducci\u00f3n de los vol\u00famenes de actividad y la persistencia de elevados costos financieros.<\/p>\n\n\n\n<p class=\"wp-block-paragraph\">Para Iglesias, el acompa\u00f1amiento de la Provincia resulta especialmente significativo porque permite que las empresas atraviesen un per\u00edodo complejo sin perder capacidad productiva ni resignar proyectos de inversi\u00f3n.<\/p>\n\n\n\n<figure class=\"wp-block-embed is-type-wp-embed is-provider-diario-textual wp-block-embed-diario-textual\"><div class=\"wp-block-embed__wrapper\">\n<blockquote class=\"wp-embedded-content\" data-secret=\"A1FezW1FaR\"><a href=\"https:\/\/diariotextual.com\/inicio\/index.php\/2026\/09\/02\/gustavo-moreno-de-calzatex-las-ventas-son-un-desastre-y-estamos-en-niveles-de-caida-de-un-pais-en-guerra\/\">\u201cNo duermo una noche entera\u201d: el drama de Gustavo Moreno para sostener Calzatex<\/a><\/blockquote><iframe class=\"wp-embedded-content\" sandbox=\"allow-scripts\" security=\"restricted\" style=\"position: absolute; visibility: hidden;\" title=\"\u00ab\u201cNo duermo una noche entera\u201d: el drama de Gustavo Moreno para sostener Calzatex\u00bb \u2014 Diario Textual\" src=\"https:\/\/diariotextual.com\/inicio\/index.php\/2026\/09\/02\/gustavo-moreno-de-calzatex-las-ventas-son-un-desastre-y-estamos-en-niveles-de-caida-de-un-pais-en-guerra\/embed\/#?secret=E0frooVogN#?secret=A1FezW1FaR\" data-secret=\"A1FezW1FaR\" width=\"600\" height=\"338\" frameborder=\"0\" marginwidth=\"0\" marginheight=\"0\" scrolling=\"no\"><\/iframe>\n<\/div><\/figure>\n\n\n\n<div style=\"height:100px\" aria-hidden=\"true\" class=\"wp-block-spacer\"><\/div>\n\n\n\n<p class=\"wp-block-paragraph\"><strong>Con mirada de futuro<\/strong><\/p>\n\n\n\n<p class=\"wp-block-paragraph\">El titular de UNILPA tambi\u00e9n puso en valor distintas iniciativas vinculadas con la generaci\u00f3n de energ\u00eda y el desarrollo de infraestructura industrial. En particular, destac\u00f3 <strong>el impulso provincial a las inversiones privadas en generaci\u00f3n fotovoltaica<\/strong> y consider\u00f3 que estas pol\u00edticas contribuyen a mejorar las condiciones para la radicaci\u00f3n y expansi\u00f3n de empresas.<\/p>\n\n\n\n<p class=\"wp-block-paragraph\">\u201cMe parece superpositivo <strong>que la Provincia impulse a privados a hacer este tipo de inversiones<\/strong> que, a la larga, le hacen bien a la Argentina\u201d, sostuvo.<\/p>\n\n\n\n<p class=\"wp-block-paragraph\">Iglesias tambi\u00e9n destac\u00f3 el <strong>desarrollo del nuevo parque industrial General Pico<\/strong>, al considerar que representa una \u201cmejora en las condiciones necesarias para atraer futuras inversiones\u201d.<\/p>\n\n\n\n<p class=\"wp-block-paragraph\">\u201cSon cosas que suman. El norte siempre ha tenido temas energ\u00e9ticos y me parece que esto amortigua un poco y prepara la cancha para futuras empresas\u201d, explic\u00f3.<\/p>\n\n\n\n<p class=\"wp-block-paragraph\">En este sentido, resalt\u00f3 que la pol\u00edtica provincial no solamente debe ser evaluada por las medidas destinadas a afrontar las dificultades inmediatas, sino tambi\u00e9n por aquellas acciones que permiten preparar el territorio para nuevos emprendimientos productivos.<\/p>\n\n\n\n<div style=\"height:100px\" aria-hidden=\"true\" class=\"wp-block-spacer\"><\/div>\n\n\n\n<p class=\"wp-block-paragraph\"><strong>Vaca Muerta, una oportunidad<\/strong><\/p>\n\n\n\n<p class=\"wp-block-paragraph\">Entre las posibilidades de crecimiento, <strong>Iglesias ubic\u00f3 especialmente al desarrollo de Vaca Muerta.<\/strong> Consider\u00f3 que la expansi\u00f3n de la actividad hidrocarbur\u00edfera en Neuqu\u00e9n generar\u00e1 una <strong>demanda creciente de bienes, herramientas, manufacturas y servicios que puede ser aprovechada por empresas pampeanas.<\/strong><\/p>\n\n\n\n<p class=\"wp-block-paragraph\">\u201c<strong>Vaca Muerta es una bestia<\/strong>. Todo aquel que no est\u00e1 en el negocio petrolero no termina de dimensionar lo que significa\u201d, afirm\u00f3.<\/p>\n\n\n\n<p class=\"wp-block-paragraph\">Y cont\u00f3 que present\u00f3 ante I-COMEX una propuesta destinada a desarrollar la industria de servicios vinculada con la actividad petrolera, en la que sostuvo que La Pampa tiene una oportunidad hist\u00f3rica para posicionarse como proveedora.<\/p>\n\n\n\n<p class=\"wp-block-paragraph\">\u201cMe parece que ah\u00ed la Provincia tiene una oportunidad hist\u00f3rica para atraer a empresas como la m\u00eda (Apex) y como otras m\u00e1s de servicios que atiendan a Vaca Muerta\u201d, expres\u00f3.<\/p>\n\n\n\n<p class=\"wp-block-paragraph\">\u201cPara m\u00ed <strong>es lo que tiene que mirar la Provincia en los pr\u00f3ximos 10 o 15 a\u00f1os: c\u00f3mo desarrollar este negocio<\/strong> o esa provisi\u00f3n de art\u00edculos o de servicios para la extracci\u00f3n no convencional en Neuqu\u00e9n\u201d, plante\u00f3.<\/p>\n\n\n\n<p class=\"wp-block-paragraph\">En esa l\u00ednea, destac\u00f3 la necesidad de trabajar con una perspectiva de largo plazo y aprovechar las condiciones que tiene La Pampa para incorporar nuevas actividades productivas. \u201cYo <strong>pondr\u00eda todos los ca\u00f1ones ah\u00ed<\/strong>\u201d, resumi\u00f3.<\/p>\n\n\n\n<p class=\"wp-block-paragraph\">La magnitud del recurso permite dimensionar el potencial que observa el dirigente industrial. Seg\u00fan explic\u00f3, <strong>Vaca Muerta contiene recursos equivalentes a 300 a\u00f1os del consumo actual de gas de la Argentina y unos 100 a\u00f1os del consumo de petr\u00f3leo<\/strong>.<\/p>\n\n\n\n<div style=\"height:100px\" aria-hidden=\"true\" class=\"wp-block-spacer\"><\/div>\n\n\n\n<p class=\"wp-block-paragraph\"><strong>Cr\u00e9ditos y acompa\u00f1amiento financiero<\/strong><\/p>\n\n\n\n<p class=\"wp-block-paragraph\">Iglesias tambi\u00e9n <strong>valor\u00f3 positivamente las l\u00edneas de cr\u00e9dito subsidiado impulsadas por el Gobierno provincial para las empresas<\/strong>. Si bien consider\u00f3 que las tasas de inter\u00e9s contin\u00faan siendo elevadas por temas que exceden a La Pampa, destac\u00f3 el esfuerzo que realiza la Provincia para reducir el costo financiero que enfrentan los emprendimientos productivos. \u201cHan sido buenos los cr\u00e9ditos\u201d, reconoci\u00f3.<\/p>\n\n\n\n<p class=\"wp-block-paragraph\">Como ejemplo, explic\u00f3 que cuando una tasa alcanza niveles elevados y la Provincia subsidia parte de ese costo, el esfuerzo oficial representa una ayuda concreta para las empresas, aun cuando las condiciones generales del mercado financiero contin\u00faan siendo dif\u00edciles.<\/p>\n\n\n\n<p class=\"wp-block-paragraph\">En este punto, Iglesias remarc\u00f3 que \u201c<strong>la inversi\u00f3n industrial necesita financiamiento de largo plazo<\/strong>\u201d y exigi\u00f3 que el escenario nacional permita recuperar herramientas financieras adecuadas para proyectos productivos.<\/p>\n\n\n\n<p class=\"wp-block-paragraph\">Para el dirigente industrial, el desaf\u00edo consiste ahora en transformar esas herramientas de acompa\u00f1amiento en una estrategia de desarrollo de largo plazo que permita a las empresas pampeanas aprovechar mercados emergentes, como el que genera Vaca Muerta.<\/p>\n\n\n\n<figure class=\"wp-block-embed is-type-wp-embed is-provider-diario-textual wp-block-embed-diario-textual\"><div class=\"wp-block-embed__wrapper\">\n<blockquote class=\"wp-embedded-content\" data-secret=\"J6wdvp43wY\"><a href=\"https:\/\/diariotextual.com\/inicio\/index.php\/2026\/09\/02\/ziliotto-y-las-criticas-a-milei-en-el-dia-de-la-industria-un-verdadero-industricidio\/\">Ziliotto y las cr\u00edticas a Milei en el D\u00eda de la Industria: \u201cUn verdadero industricidio\u201d<\/a><\/blockquote><iframe class=\"wp-embedded-content\" sandbox=\"allow-scripts\" security=\"restricted\" style=\"position: absolute; visibility: hidden;\" title=\"\u00abZiliotto y las cr\u00edticas a Milei en el D\u00eda de la Industria: \u201cUn verdadero industricidio\u201d\u00bb \u2014 Diario Textual\" src=\"https:\/\/diariotextual.com\/inicio\/index.php\/2026\/09\/02\/ziliotto-y-las-criticas-a-milei-en-el-dia-de-la-industria-un-verdadero-industricidio\/embed\/#?secret=FBk75QHgFu#?secret=J6wdvp43wY\" data-secret=\"J6wdvp43wY\" width=\"600\" height=\"338\" frameborder=\"0\" marginwidth=\"0\" marginheight=\"0\" scrolling=\"no\"><\/iframe>\n<\/div><\/figure>\n","protected":false},"excerpt":{"rendered":"<p>En el D\u00eda de la Industria, el presidente de la Uni\u00f3n de Industriales de La Pampa (UNILPa), Miguel Iglesias, destac\u00f3 las medidas de acompa\u00f1amiento impulsadas por La Pampa y destac\u00f3&hellip;<\/p>\n","protected":false},"author":5,"featured_media":264739,"comment_status":"closed","ping_status":"open","sticky":false,"template":"","format":"standard","meta":{"_acf_changed":false,"footnotes":""},"categories":[4,5],"tags":[],"class_list":["post-334389","post","type-post","status-publish","format-standard","has-post-thumbnail","hentry","category-destacadas","category-economia"],"acf":[],"yoast_head":"<!-- This site is optimized with the Yoast SEO plugin v28.4 - https:\/\/yoast.com\/product\/yoast-seo-wordpress\/ -->\n<title>Iglesias de Unilpa: \u201cLa Pampa ha tomado medidas de amortiguaci\u00f3n acertadas\u201d - Diario Textual<\/title>\n<meta name=\"robots\" content=\"index, follow, max-snippet:-1, max-image-preview:large, max-video-preview:-1\" \/>\n<link rel=\"canonical\" href=\"https:\/\/diariotextual.com\/inicio\/index.php\/2026\/09\/02\/iglesias-de-unilpa-la-pampa-ha-tomado-medidas-de-amortiguacion\/\" \/>\n<meta property=\"og:locale\" content=\"es_ES\" \/>\n<meta property=\"og:type\" content=\"article\" \/>\n<meta property=\"og:title\" content=\"Iglesias de Unilpa: \u201cLa Pampa ha tomado medidas de amortiguaci\u00f3n acertadas\u201d - Diario Textual\" \/>\n<meta property=\"og:description\" content=\"En el D\u00eda de la Industria, el presidente de la Uni\u00f3n de Industriales de La Pampa (UNILPa), Miguel Iglesias, destac\u00f3 las medidas de acompa\u00f1amiento impulsadas por La Pampa y destac\u00f3&hellip;\" \/>\n<meta property=\"og:url\" content=\"https:\/\/diariotextual.com\/inicio\/index.php\/2026\/09\/02\/iglesias-de-unilpa-la-pampa-ha-tomado-medidas-de-amortiguacion\/\" \/>\n<meta property=\"og:site_name\" content=\"Diario Textual\" \/>\n<meta property=\"article:publisher\" content=\"https:\/\/www.facebook.com\/eltextual\" \/>\n<meta property=\"article:published_time\" content=\"2026-09-02T22:48:20+00:00\" \/>\n<meta property=\"article:modified_time\" content=\"2026-09-02T23:15:19+00:00\" \/>\n<meta property=\"og:image\" content=\"https:\/\/diariotextual.com\/inicio\/wp-content\/uploads\/2024\/05\/industriasoperariotrabajador2024-12.webp\" \/>\n\t<meta property=\"og:image:width\" content=\"1400\" \/>\n\t<meta property=\"og:image:height\" content=\"933\" \/>\n\t<meta property=\"og:image:type\" content=\"image\/webp\" \/>\n<meta name=\"author\" content=\"diario3\" \/>\n<meta name=\"twitter:card\" content=\"summary_large_image\" \/>\n<meta name=\"twitter:creator\" content=\"@eltextual\" \/>\n<meta name=\"twitter:site\" content=\"@eltextual\" \/>\n<meta name=\"twitter:label1\" content=\"Escrito por\" \/>\n\t<meta name=\"twitter:data1\" content=\"diario3\" \/>\n\t<meta name=\"twitter:label2\" content=\"Tiempo de lectura\" \/>\n\t<meta name=\"twitter:data2\" content=\"4 minutos\" \/>\n<script type=\"application\/ld+json\" class=\"yoast-schema-graph\">{\"@context\":\"https:\\\/\\\/schema.org\",\"@graph\":[{\"@type\":\"Article\",\"@id\":\"https:\\\/\\\/diariotextual.com\\\/inicio\\\/index.php\\\/2026\\\/09\\\/02\\\/iglesias-de-unilpa-la-pampa-ha-tomado-medidas-de-amortiguacion\\\/#article\",\"isPartOf\":{\"@id\":\"https:\\\/\\\/diariotextual.com\\\/inicio\\\/index.php\\\/2026\\\/09\\\/02\\\/iglesias-de-unilpa-la-pampa-ha-tomado-medidas-de-amortiguacion\\\/\"},\"author\":{\"name\":\"diario3\",\"@id\":\"https:\\\/\\\/diariotextual.com\\\/inicio\\\/#\\\/schema\\\/person\\\/a1b6f563e0ee944c60f98119389a4d9f\"},\"headline\":\"Iglesias de Unilpa: \u201cLa Pampa ha tomado medidas de amortiguaci\u00f3n acertadas\u201d\",\"datePublished\":\"2026-09-02T22:48:20+00:00\",\"dateModified\":\"2026-09-02T23:15:19+00:00\",\"mainEntityOfPage\":{\"@id\":\"https:\\\/\\\/diariotextual.com\\\/inicio\\\/index.php\\\/2026\\\/09\\\/02\\\/iglesias-de-unilpa-la-pampa-ha-tomado-medidas-de-amortiguacion\\\/\"},\"wordCount\":906,\"publisher\":{\"@id\":\"https:\\\/\\\/diariotextual.com\\\/inicio\\\/#organization\"},\"image\":{\"@id\":\"https:\\\/\\\/diariotextual.com\\\/inicio\\\/index.php\\\/2026\\\/09\\\/02\\\/iglesias-de-unilpa-la-pampa-ha-tomado-medidas-de-amortiguacion\\\/#primaryimage\"},\"thumbnailUrl\":\"https:\\\/\\\/diariotextual.com\\\/inicio\\\/wp-content\\\/uploads\\\/2024\\\/05\\\/industriasoperariotrabajador2024-12.webp\",\"articleSection\":[\"A - DESTACADAS (mod 16)\",\"ECONOMIA\"],\"inLanguage\":\"es\"},{\"@type\":\"WebPage\",\"@id\":\"https:\\\/\\\/diariotextual.com\\\/inicio\\\/index.php\\\/2026\\\/09\\\/02\\\/iglesias-de-unilpa-la-pampa-ha-tomado-medidas-de-amortiguacion\\\/\",\"url\":\"https:\\\/\\\/diariotextual.com\\\/inicio\\\/index.php\\\/2026\\\/09\\\/02\\\/iglesias-de-unilpa-la-pampa-ha-tomado-medidas-de-amortiguacion\\\/\",\"name\":\"Iglesias de Unilpa: \u201cLa Pampa ha tomado medidas de amortiguaci\u00f3n acertadas\u201d - Diario Textual\",\"isPartOf\":{\"@id\":\"https:\\\/\\\/diariotextual.com\\\/inicio\\\/#website\"},\"primaryImageOfPage\":{\"@id\":\"https:\\\/\\\/diariotextual.com\\\/inicio\\\/index.php\\\/2026\\\/09\\\/02\\\/iglesias-de-unilpa-la-pampa-ha-tomado-medidas-de-amortiguacion\\\/#primaryimage\"},\"image\":{\"@id\":\"https:\\\/\\\/diariotextual.com\\\/inicio\\\/index.php\\\/2026\\\/09\\\/02\\\/iglesias-de-unilpa-la-pampa-ha-tomado-medidas-de-amortiguacion\\\/#primaryimage\"},\"thumbnailUrl\":\"https:\\\/\\\/diariotextual.com\\\/inicio\\\/wp-content\\\/uploads\\\/2024\\\/05\\\/industriasoperariotrabajador2024-12.webp\",\"datePublished\":\"2026-09-02T22:48:20+00:00\",\"dateModified\":\"2026-09-02T23:15:19+00:00\",\"breadcrumb\":{\"@id\":\"https:\\\/\\\/diariotextual.com\\\/inicio\\\/index.php\\\/2026\\\/09\\\/02\\\/iglesias-de-unilpa-la-pampa-ha-tomado-medidas-de-amortiguacion\\\/#breadcrumb\"},\"inLanguage\":\"es\",\"potentialAction\":[{\"@type\":\"ReadAction\",\"target\":[\"https:\\\/\\\/diariotextual.com\\\/inicio\\\/index.php\\\/2026\\\/09\\\/02\\\/iglesias-de-unilpa-la-pampa-ha-tomado-medidas-de-amortiguacion\\\/\"]}]},{\"@type\":\"ImageObject\",\"inLanguage\":\"es\",\"@id\":\"https:\\\/\\\/diariotextual.com\\\/inicio\\\/index.php\\\/2026\\\/09\\\/02\\\/iglesias-de-unilpa-la-pampa-ha-tomado-medidas-de-amortiguacion\\\/#primaryimage\",\"url\":\"https:\\\/\\\/diariotextual.com\\\/inicio\\\/wp-content\\\/uploads\\\/2024\\\/05\\\/industriasoperariotrabajador2024-12.webp\",\"contentUrl\":\"https:\\\/\\\/diariotextual.com\\\/inicio\\\/wp-content\\\/uploads\\\/2024\\\/05\\\/industriasoperariotrabajador2024-12.webp\",\"width\":1400,\"height\":933},{\"@type\":\"BreadcrumbList\",\"@id\":\"https:\\\/\\\/diariotextual.com\\\/inicio\\\/index.php\\\/2026\\\/09\\\/02\\\/iglesias-de-unilpa-la-pampa-ha-tomado-medidas-de-amortiguacion\\\/#breadcrumb\",\"itemListElement\":[{\"@type\":\"ListItem\",\"position\":1,\"name\":\"Portada\",\"item\":\"https:\\\/\\\/diariotextual.com\\\/inicio\\\/\"},{\"@type\":\"ListItem\",\"position\":2,\"name\":\"Iglesias de Unilpa: \u201cLa Pampa ha tomado medidas de amortiguaci\u00f3n acertadas\u201d\"}]},{\"@type\":\"WebSite\",\"@id\":\"https:\\\/\\\/diariotextual.com\\\/inicio\\\/#website\",\"url\":\"https:\\\/\\\/diariotextual.com\\\/inicio\\\/\",\"name\":\"Diario Textual\",\"description\":\"\",\"publisher\":{\"@id\":\"https:\\\/\\\/diariotextual.com\\\/inicio\\\/#organization\"},\"potentialAction\":[{\"@type\":\"SearchAction\",\"target\":{\"@type\":\"EntryPoint\",\"urlTemplate\":\"https:\\\/\\\/diariotextual.com\\\/inicio\\\/?s={search_term_string}\"},\"query-input\":{\"@type\":\"PropertyValueSpecification\",\"valueRequired\":true,\"valueName\":\"search_term_string\"}}],\"inLanguage\":\"es\"},{\"@type\":\"Organization\",\"@id\":\"https:\\\/\\\/diariotextual.com\\\/inicio\\\/#organization\",\"name\":\"Diario Textual\",\"url\":\"https:\\\/\\\/diariotextual.com\\\/inicio\\\/\",\"logo\":{\"@type\":\"ImageObject\",\"inLanguage\":\"es\",\"@id\":\"https:\\\/\\\/diariotextual.com\\\/inicio\\\/#\\\/schema\\\/logo\\\/image\\\/\",\"url\":\"https:\\\/\\\/diariotextual.com\\\/inicio\\\/wp-content\\\/uploads\\\/2023\\\/05\\\/logotextual1.jpg\",\"contentUrl\":\"https:\\\/\\\/diariotextual.com\\\/inicio\\\/wp-content\\\/uploads\\\/2023\\\/05\\\/logotextual1.jpg\",\"width\":516,\"height\":76,\"caption\":\"Diario Textual\"},\"image\":{\"@id\":\"https:\\\/\\\/diariotextual.com\\\/inicio\\\/#\\\/schema\\\/logo\\\/image\\\/\"},\"sameAs\":[\"https:\\\/\\\/www.facebook.com\\\/eltextual\",\"https:\\\/\\\/x.com\\\/eltextual\",\"http:\\\/\\\/www.instagram.com\\\/eltextual\"]},{\"@type\":\"Person\",\"@id\":\"https:\\\/\\\/diariotextual.com\\\/inicio\\\/#\\\/schema\\\/person\\\/a1b6f563e0ee944c60f98119389a4d9f\",\"name\":\"diario3\",\"image\":{\"@type\":\"ImageObject\",\"inLanguage\":\"es\",\"@id\":\"https:\\\/\\\/secure.gravatar.com\\\/avatar\\\/5e7ee62c82fc04d9dd79d746a390d93c69c43223e5faeeb3ea9461ef752bfc5d?s=96&d=mm&r=g\",\"url\":\"https:\\\/\\\/secure.gravatar.com\\\/avatar\\\/5e7ee62c82fc04d9dd79d746a390d93c69c43223e5faeeb3ea9461ef752bfc5d?s=96&d=mm&r=g\",\"contentUrl\":\"https:\\\/\\\/secure.gravatar.com\\\/avatar\\\/5e7ee62c82fc04d9dd79d746a390d93c69c43223e5faeeb3ea9461ef752bfc5d?s=96&d=mm&r=g\",\"caption\":\"diario3\"},\"url\":\"https:\\\/\\\/diariotextual.com\\\/inicio\\\/index.php\\\/author\\\/diario3\\\/\"}]}<\/script>\n<!-- \/ Yoast SEO plugin. -->","yoast_head_json":{"title":"Iglesias de Unilpa: \u201cLa Pampa ha tomado medidas de amortiguaci\u00f3n acertadas\u201d - Diario Textual","robots":{"index":"index","follow":"follow","max-snippet":"max-snippet:-1","max-image-preview":"max-image-preview:large","max-video-preview":"max-video-preview:-1"},"canonical":"https:\/\/diariotextual.com\/inicio\/index.php\/2026\/09\/02\/iglesias-de-unilpa-la-pampa-ha-tomado-medidas-de-amortiguacion\/","og_locale":"es_ES","og_type":"article","og_title":"Iglesias de Unilpa: \u201cLa Pampa ha tomado medidas de amortiguaci\u00f3n acertadas\u201d - Diario Textual","og_description":"En el D\u00eda de la Industria, el presidente de la Uni\u00f3n de Industriales de La Pampa (UNILPa), Miguel Iglesias, destac\u00f3 las medidas de acompa\u00f1amiento impulsadas por La Pampa y destac\u00f3&hellip;","og_url":"https:\/\/diariotextual.com\/inicio\/index.php\/2026\/09\/02\/iglesias-de-unilpa-la-pampa-ha-tomado-medidas-de-amortiguacion\/","og_site_name":"Diario Textual","article_publisher":"https:\/\/www.facebook.com\/eltextual","article_published_time":"2026-09-02T22:48:20+00:00","article_modified_time":"2026-09-02T23:15:19+00:00","og_image":[{"width":1400,"height":933,"url":"https:\/\/diariotextual.com\/inicio\/wp-content\/uploads\/2024\/05\/industriasoperariotrabajador2024-12.webp","type":"image\/webp"}],"author":"diario3","twitter_card":"summary_large_image","twitter_creator":"@eltextual","twitter_site":"@eltextual","twitter_misc":{"Escrito por":"diario3","Tiempo de lectura":"4 minutos"},"schema":{"@context":"https:\/\/schema.org","@graph":[{"@type":"Article","@id":"https:\/\/diariotextual.com\/inicio\/index.php\/2026\/09\/02\/iglesias-de-unilpa-la-pampa-ha-tomado-medidas-de-amortiguacion\/#article","isPartOf":{"@id":"https:\/\/diariotextual.com\/inicio\/index.php\/2026\/09\/02\/iglesias-de-unilpa-la-pampa-ha-tomado-medidas-de-amortiguacion\/"},"author":{"name":"diario3","@id":"https:\/\/diariotextual.com\/inicio\/#\/schema\/person\/a1b6f563e0ee944c60f98119389a4d9f"},"headline":"Iglesias de Unilpa: \u201cLa Pampa ha tomado medidas de amortiguaci\u00f3n acertadas\u201d","datePublished":"2026-09-02T22:48:20+00:00","dateModified":"2026-09-02T23:15:19+00:00","mainEntityOfPage":{"@id":"https:\/\/diariotextual.com\/inicio\/index.php\/2026\/09\/02\/iglesias-de-unilpa-la-pampa-ha-tomado-medidas-de-amortiguacion\/"},"wordCount":906,"publisher":{"@id":"https:\/\/diariotextual.com\/inicio\/#organization"},"image":{"@id":"https:\/\/diariotextual.com\/inicio\/index.php\/2026\/09\/02\/iglesias-de-unilpa-la-pampa-ha-tomado-medidas-de-amortiguacion\/#primaryimage"},"thumbnailUrl":"https:\/\/diariotextual.com\/inicio\/wp-content\/uploads\/2024\/05\/industriasoperariotrabajador2024-12.webp","articleSection":["A - DESTACADAS (mod 16)","ECONOMIA"],"inLanguage":"es"},{"@type":"WebPage","@id":"https:\/\/diariotextual.com\/inicio\/index.php\/2026\/09\/02\/iglesias-de-unilpa-la-pampa-ha-tomado-medidas-de-amortiguacion\/","url":"https:\/\/diariotextual.com\/inicio\/index.php\/2026\/09\/02\/iglesias-de-unilpa-la-pampa-ha-tomado-medidas-de-amortiguacion\/","name":"Iglesias de Unilpa: \u201cLa Pampa ha tomado medidas de amortiguaci\u00f3n acertadas\u201d - Diario Textual","isPartOf":{"@id":"https:\/\/diariotextual.com\/inicio\/#website"},"primaryImageOfPage":{"@id":"https:\/\/diariotextual.com\/inicio\/index.php\/2026\/09\/02\/iglesias-de-unilpa-la-pampa-ha-tomado-medidas-de-amortiguacion\/#primaryimage"},"image":{"@id":"https:\/\/diariotextual.com\/inicio\/index.php\/2026\/09\/02\/iglesias-de-unilpa-la-pampa-ha-tomado-medidas-de-amortiguacion\/#primaryimage"},"thumbnailUrl":"https:\/\/diariotextual.com\/inicio\/wp-content\/uploads\/2024\/05\/industriasoperariotrabajador2024-12.webp","datePublished":"2026-09-02T22:48:20+00:00","dateModified":"2026-09-02T23:15:19+00:00","breadcrumb":{"@id":"https:\/\/diariotextual.com\/inicio\/index.php\/2026\/09\/02\/iglesias-de-unilpa-la-pampa-ha-tomado-medidas-de-amortiguacion\/#breadcrumb"},"inLanguage":"es","potentialAction":[{"@type":"ReadAction","target":["https:\/\/diariotextual.com\/inicio\/index.php\/2026\/09\/02\/iglesias-de-unilpa-la-pampa-ha-tomado-medidas-de-amortiguacion\/"]}]},{"@type":"ImageObject","inLanguage":"es","@id":"https:\/\/diariotextual.com\/inicio\/index.php\/2026\/09\/02\/iglesias-de-unilpa-la-pampa-ha-tomado-medidas-de-amortiguacion\/#primaryimage","url":"https:\/\/diariotextual.com\/inicio\/wp-content\/uploads\/2024\/05\/industriasoperariotrabajador2024-12.webp","contentUrl":"https:\/\/diariotextual.com\/inicio\/wp-content\/uploads\/2024\/05\/industriasoperariotrabajador2024-12.webp","width":1400,"height":933},{"@type":"BreadcrumbList","@id":"https:\/\/diariotextual.com\/inicio\/index.php\/2026\/09\/02\/iglesias-de-unilpa-la-pampa-ha-tomado-medidas-de-amortiguacion\/#breadcrumb","itemListElement":[{"@type":"ListItem","position":1,"name":"Portada","item":"https:\/\/diariotextual.com\/inicio\/"},{"@type":"ListItem","position":2,"name":"Iglesias de Unilpa: \u201cLa Pampa ha tomado medidas de amortiguaci\u00f3n acertadas\u201d"}]},{"@type":"WebSite","@id":"https:\/\/diariotextual.com\/inicio\/#website","url":"https:\/\/diariotextual.com\/inicio\/","name":"Diario Textual","description":"","publisher":{"@id":"https:\/\/diariotextual.com\/inicio\/#organization"},"potentialAction":[{"@type":"SearchAction","target":{"@type":"EntryPoint","urlTemplate":"https:\/\/diariotextual.com\/inicio\/?s={search_term_string}"},"query-input":{"@type":"PropertyValueSpecification","valueRequired":true,"valueName":"search_term_string"}}],"inLanguage":"es"},{"@type":"Organization","@id":"https:\/\/diariotextual.com\/inicio\/#organization","name":"Diario Textual","url":"https:\/\/diariotextual.com\/inicio\/","logo":{"@type":"ImageObject","inLanguage":"es","@id":"https:\/\/diariotextual.com\/inicio\/#\/schema\/logo\/image\/","url":"https:\/\/diariotextual.com\/inicio\/wp-content\/uploads\/2023\/05\/logotextual1.jpg","contentUrl":"https:\/\/diariotextual.com\/inicio\/wp-content\/uploads\/2023\/05\/logotextual1.jpg","width":516,"height":76,"caption":"Diario Textual"},"image":{"@id":"https:\/\/diariotextual.com\/inicio\/#\/schema\/logo\/image\/"},"sameAs":["https:\/\/www.facebook.com\/eltextual","https:\/\/x.com\/eltextual","http:\/\/www.instagram.com\/eltextual"]},{"@type":"Person","@id":"https:\/\/diariotextual.com\/inicio\/#\/schema\/person\/a1b6f563e0ee944c60f98119389a4d9f","name":"diario3","image":{"@type":"ImageObject","inLanguage":"es","@id":"https:\/\/secure.gravatar.com\/avatar\/5e7ee62c82fc04d9dd79d746a390d93c69c43223e5faeeb3ea9461ef752bfc5d?s=96&d=mm&r=g","url":"https:\/\/secure.gravatar.com\/avatar\/5e7ee62c82fc04d9dd79d746a390d93c69c43223e5faeeb3ea9461ef752bfc5d?s=96&d=mm&r=g","contentUrl":"https:\/\/secure.gravatar.com\/avatar\/5e7ee62c82fc04d9dd79d746a390d93c69c43223e5faeeb3ea9461ef752bfc5d?s=96&d=mm&r=g","caption":"diario3"},"url":"https:\/\/diariotextual.com\/inicio\/index.php\/author\/diario3\/"}]}},"_links":{"self":[{"href":"https:\/\/diariotextual.com\/inicio\/index.php\/wp-json\/wp\/v2\/posts\/334389","targetHints":{"allow":["GET"]}}],"collection":[{"href":"https:\/\/diariotextual.com\/inicio\/index.php\/wp-json\/wp\/v2\/posts"}],"about":[{"href":"https:\/\/diariotextual.com\/inicio\/index.php\/wp-json\/wp\/v2\/types\/post"}],"author":[{"embeddable":true,"href":"https:\/\/diariotextual.com\/inicio\/index.php\/wp-json\/wp\/v2\/users\/5"}],"replies":[{"embeddable":true,"href":"https:\/\/diariotextual.com\/inicio\/index.php\/wp-json\/wp\/v2\/comments?post=334389"}],"version-history":[{"count":2,"href":"https:\/\/diariotextual.com\/inicio\/index.php\/wp-json\/wp\/v2\/posts\/334389\/revisions"}],"predecessor-version":[{"id":334391,"href":"https:\/\/diariotextual.com\/inicio\/index.php\/wp-json\/wp\/v2\/posts\/334389\/revisions\/334391"}],"wp:featuredmedia":[{"embeddable":true,"href":"https:\/\/diariotextual.com\/inicio\/index.php\/wp-json\/wp\/v2\/media\/264739"}],"wp:attachment":[{"href":"https:\/\/diariotextual.com\/inicio\/index.php\/wp-json\/wp\/v2\/media?parent=334389"}],"wp:term":[{"taxonomy":"category","embeddable":true,"href":"https:\/\/diariotextual.com\/inicio\/index.php\/wp-json\/wp\/v2\/categories?post=334389"},{"taxonomy":"post_tag","embeddable":true,"href":"https:\/\/diariotextual.com\/inicio\/index.php\/wp-json\/wp\/v2\/tags?post=334389"}],"curies":[{"name":"wp","href":"https:\/\/api.w.org\/{rel}","templated":true}]}}