{"id":334393,"date":"2026-09-02T20:22:12","date_gmt":"2026-09-02T23:22:12","guid":{"rendered":"https:\/\/diariotextual.com\/inicio\/?p=334393"},"modified":"2026-09-02T20:22:14","modified_gmt":"2026-09-02T23:22:14","slug":"escuela-de-danza-noemi-chejolan-prepara-celebracion-de-sus-60-anos","status":"publish","type":"post","link":"https:\/\/diariotextual.com\/inicio\/index.php\/2026\/09\/02\/escuela-de-danza-noemi-chejolan-prepara-celebracion-de-sus-60-anos\/","title":{"rendered":"Escuela de danza Noem\u00ed Chejol\u00e1n prepara celebraci\u00f3n de sus 60 a\u00f1os"},"content":{"rendered":"\n<p class=\"wp-block-paragraph\">La Escuela de danza <strong>Noem\u00ed Chejol\u00e1n<\/strong> celebra sus <strong>60 a\u00f1os de trabajo ininterrumpido<\/strong> y prepara una serie de actividades para conmemorar seis d\u00e9cadas dedicadas a la formaci\u00f3n y difusi\u00f3n de la danza.<\/p>\n\n\n\n<p class=\"wp-block-paragraph\">En el marco de los festejos, desde el jueves 15 de octubre y hasta el domingo 18 de octubre, el hall del Teatro Espa\u00f1ol ser\u00e1 escenario de una exposici\u00f3n que reunir\u00e1 trajes, programas, fotograf\u00edas y distintos elementos que forman parte de la historia de la instituci\u00f3n.<\/p>\n\n\n\n<p class=\"wp-block-paragraph\">La propuesta permitir\u00e1 recorrer seis d\u00e9cadas de recuerdos y recuperar momentos significativos de una escuela que ha acompa\u00f1ado a generaciones de bailarinas y bailarines.<\/p>\n\n\n\n<p class=\"wp-block-paragraph\">El cierre de las actividades tendr\u00e1 lugar el domingo 18 de octubre, con la realizaci\u00f3n de la gala aniversario por los 60 a\u00f1os, una funci\u00f3n que promete ser un encuentro cargado de emoci\u00f3n y recuerdos.<\/p>\n\n\n\n<p class=\"wp-block-paragraph\">Durante la gala, la escuela presentar\u00e1 tres obras: \u201cDivertento\u201d, interpretada por alumnas de la instituci\u00f3n; \u201cEnsamble\u201d, que contar\u00e1 con m\u00fasica en vivo a cargo de Viviana Dal Santo en piano; y \u201cDanzando\u201d, propuestas en las que participar\u00e1 el ballet juvenil de la escuela.<\/p>\n\n\n\n<p class=\"wp-block-paragraph\">Adem\u00e1s, la celebraci\u00f3n contar\u00e1 con la presencia de bailarinas invitadas que fueron alumnas de la escuela de danza y que actualmente desarrollan sus carreras profesionales en importantes compa\u00f1\u00edas. Entre ellas se encuentran artistas que integran el Ballet del Teatro Col\u00f3n, el Ballet del Sur de Bah\u00eda Blanca y el Ballet Argentino de La Plata.<\/p>\n\n\n\n<p class=\"wp-block-paragraph\">La gala tambi\u00e9n tendr\u00e1 sorpresas y momentos emotivos, como parte de una celebraci\u00f3n que busca poner en valor los 60 a\u00f1os de trayectoria de la escuela y el legado construido a lo largo de seis d\u00e9cadas.<\/p>\n","protected":false},"excerpt":{"rendered":"<p>La Escuela de danza Noem\u00ed Chejol\u00e1n celebra sus 60 a\u00f1os de trabajo ininterrumpido y prepara una serie de actividades para conmemorar seis d\u00e9cadas dedicadas a la formaci\u00f3n y difusi\u00f3n de&hellip;<\/p>\n","protected":false},"author":7,"featured_media":334395,"comment_status":"closed","ping_status":"open","sticky":false,"template":"","format":"standard","meta":{"_acf_changed":false,"footnotes":""},"categories":[1,2],"tags":[],"class_list":["post-334393","post","type-post","status-publish","format-standard","has-post-thumbnail","hentry","category-es-noticia","category-cultura"],"acf":[],"yoast_head":"<!-- This site is optimized with the Yoast SEO plugin v28.4 - https:\/\/yoast.com\/product\/yoast-seo-wordpress\/ -->\n<title>Escuela de danza Noem\u00ed Chejol\u00e1n prepara celebraci\u00f3n de sus 60 a\u00f1os - Diario Textual<\/title>\n<meta name=\"robots\" content=\"index, follow, max-snippet:-1, max-image-preview:large, max-video-preview:-1\" \/>\n<link rel=\"canonical\" href=\"https:\/\/diariotextual.com\/inicio\/index.php\/2026\/09\/02\/escuela-de-danza-noemi-chejolan-prepara-celebracion-de-sus-60-anos\/\" \/>\n<meta property=\"og:locale\" content=\"es_ES\" \/>\n<meta property=\"og:type\" content=\"article\" \/>\n<meta property=\"og:title\" content=\"Escuela de danza Noem\u00ed Chejol\u00e1n prepara celebraci\u00f3n de sus 60 a\u00f1os - Diario Textual\" \/>\n<meta property=\"og:description\" content=\"La Escuela de danza Noem\u00ed Chejol\u00e1n celebra sus 60 a\u00f1os de trabajo ininterrumpido y prepara una serie de actividades para conmemorar seis d\u00e9cadas dedicadas a la formaci\u00f3n y difusi\u00f3n de&hellip;\" \/>\n<meta property=\"og:url\" content=\"https:\/\/diariotextual.com\/inicio\/index.php\/2026\/09\/02\/escuela-de-danza-noemi-chejolan-prepara-celebracion-de-sus-60-anos\/\" \/>\n<meta property=\"og:site_name\" content=\"Diario Textual\" \/>\n<meta property=\"article:publisher\" content=\"https:\/\/www.facebook.com\/eltextual\" \/>\n<meta property=\"article:published_time\" content=\"2026-09-02T23:22:12+00:00\" \/>\n<meta property=\"article:modified_time\" content=\"2026-09-02T23:22:14+00:00\" \/>\n<meta property=\"og:image\" content=\"https:\/\/diariotextual.com\/inicio\/wp-content\/uploads\/2026\/09\/escueladanzanoemichejolan.jpg\" \/>\n\t<meta property=\"og:image:width\" content=\"1600\" \/>\n\t<meta property=\"og:image:height\" content=\"1154\" \/>\n\t<meta property=\"og:image:type\" content=\"image\/jpeg\" \/>\n<meta name=\"author\" content=\"diario5\" \/>\n<meta name=\"twitter:card\" content=\"summary_large_image\" \/>\n<meta name=\"twitter:creator\" content=\"@eltextual\" \/>\n<meta name=\"twitter:site\" content=\"@eltextual\" \/>\n<meta name=\"twitter:label1\" content=\"Escrito por\" \/>\n\t<meta name=\"twitter:data1\" content=\"diario5\" \/>\n\t<meta name=\"twitter:label2\" content=\"Tiempo de lectura\" \/>\n\t<meta name=\"twitter:data2\" content=\"2 minutos\" \/>\n<script type=\"application\/ld+json\" class=\"yoast-schema-graph\">{\"@context\":\"https:\\\/\\\/schema.org\",\"@graph\":[{\"@type\":\"Article\",\"@id\":\"https:\\\/\\\/diariotextual.com\\\/inicio\\\/index.php\\\/2026\\\/09\\\/02\\\/escuela-de-danza-noemi-chejolan-prepara-celebracion-de-sus-60-anos\\\/#article\",\"isPartOf\":{\"@id\":\"https:\\\/\\\/diariotextual.com\\\/inicio\\\/index.php\\\/2026\\\/09\\\/02\\\/escuela-de-danza-noemi-chejolan-prepara-celebracion-de-sus-60-anos\\\/\"},\"author\":{\"name\":\"diario5\",\"@id\":\"https:\\\/\\\/diariotextual.com\\\/inicio\\\/#\\\/schema\\\/person\\\/c7834961ad8b29b1d9cdbf4571299067\"},\"headline\":\"Escuela de danza Noem\u00ed Chejol\u00e1n prepara celebraci\u00f3n de sus 60 a\u00f1os\",\"datePublished\":\"2026-09-02T23:22:12+00:00\",\"dateModified\":\"2026-09-02T23:22:14+00:00\",\"mainEntityOfPage\":{\"@id\":\"https:\\\/\\\/diariotextual.com\\\/inicio\\\/index.php\\\/2026\\\/09\\\/02\\\/escuela-de-danza-noemi-chejolan-prepara-celebracion-de-sus-60-anos\\\/\"},\"wordCount\":303,\"publisher\":{\"@id\":\"https:\\\/\\\/diariotextual.com\\\/inicio\\\/#organization\"},\"image\":{\"@id\":\"https:\\\/\\\/diariotextual.com\\\/inicio\\\/index.php\\\/2026\\\/09\\\/02\\\/escuela-de-danza-noemi-chejolan-prepara-celebracion-de-sus-60-anos\\\/#primaryimage\"},\"thumbnailUrl\":\"https:\\\/\\\/diariotextual.com\\\/inicio\\\/wp-content\\\/uploads\\\/2026\\\/09\\\/escueladanzanoemichejolan.jpg\",\"articleSection\":[\"A - ES NOTICIA (van abajo)\",\"CULTURA\"],\"inLanguage\":\"es\"},{\"@type\":\"WebPage\",\"@id\":\"https:\\\/\\\/diariotextual.com\\\/inicio\\\/index.php\\\/2026\\\/09\\\/02\\\/escuela-de-danza-noemi-chejolan-prepara-celebracion-de-sus-60-anos\\\/\",\"url\":\"https:\\\/\\\/diariotextual.com\\\/inicio\\\/index.php\\\/2026\\\/09\\\/02\\\/escuela-de-danza-noemi-chejolan-prepara-celebracion-de-sus-60-anos\\\/\",\"name\":\"Escuela de danza Noem\u00ed Chejol\u00e1n prepara celebraci\u00f3n de sus 60 a\u00f1os - Diario Textual\",\"isPartOf\":{\"@id\":\"https:\\\/\\\/diariotextual.com\\\/inicio\\\/#website\"},\"primaryImageOfPage\":{\"@id\":\"https:\\\/\\\/diariotextual.com\\\/inicio\\\/index.php\\\/2026\\\/09\\\/02\\\/escuela-de-danza-noemi-chejolan-prepara-celebracion-de-sus-60-anos\\\/#primaryimage\"},\"image\":{\"@id\":\"https:\\\/\\\/diariotextual.com\\\/inicio\\\/index.php\\\/2026\\\/09\\\/02\\\/escuela-de-danza-noemi-chejolan-prepara-celebracion-de-sus-60-anos\\\/#primaryimage\"},\"thumbnailUrl\":\"https:\\\/\\\/diariotextual.com\\\/inicio\\\/wp-content\\\/uploads\\\/2026\\\/09\\\/escueladanzanoemichejolan.jpg\",\"datePublished\":\"2026-09-02T23:22:12+00:00\",\"dateModified\":\"2026-09-02T23:22:14+00:00\",\"breadcrumb\":{\"@id\":\"https:\\\/\\\/diariotextual.com\\\/inicio\\\/index.php\\\/2026\\\/09\\\/02\\\/escuela-de-danza-noemi-chejolan-prepara-celebracion-de-sus-60-anos\\\/#breadcrumb\"},\"inLanguage\":\"es\",\"potentialAction\":[{\"@type\":\"ReadAction\",\"target\":[\"https:\\\/\\\/diariotextual.com\\\/inicio\\\/index.php\\\/2026\\\/09\\\/02\\\/escuela-de-danza-noemi-chejolan-prepara-celebracion-de-sus-60-anos\\\/\"]}]},{\"@type\":\"ImageObject\",\"inLanguage\":\"es\",\"@id\":\"https:\\\/\\\/diariotextual.com\\\/inicio\\\/index.php\\\/2026\\\/09\\\/02\\\/escuela-de-danza-noemi-chejolan-prepara-celebracion-de-sus-60-anos\\\/#primaryimage\",\"url\":\"https:\\\/\\\/diariotextual.com\\\/inicio\\\/wp-content\\\/uploads\\\/2026\\\/09\\\/escueladanzanoemichejolan.jpg\",\"contentUrl\":\"https:\\\/\\\/diariotextual.com\\\/inicio\\\/wp-content\\\/uploads\\\/2026\\\/09\\\/escueladanzanoemichejolan.jpg\",\"width\":1600,\"height\":1154},{\"@type\":\"BreadcrumbList\",\"@id\":\"https:\\\/\\\/diariotextual.com\\\/inicio\\\/index.php\\\/2026\\\/09\\\/02\\\/escuela-de-danza-noemi-chejolan-prepara-celebracion-de-sus-60-anos\\\/#breadcrumb\",\"itemListElement\":[{\"@type\":\"ListItem\",\"position\":1,\"name\":\"Portada\",\"item\":\"https:\\\/\\\/diariotextual.com\\\/inicio\\\/\"},{\"@type\":\"ListItem\",\"position\":2,\"name\":\"Escuela de danza Noem\u00ed Chejol\u00e1n prepara celebraci\u00f3n de sus 60 a\u00f1os\"}]},{\"@type\":\"WebSite\",\"@id\":\"https:\\\/\\\/diariotextual.com\\\/inicio\\\/#website\",\"url\":\"https:\\\/\\\/diariotextual.com\\\/inicio\\\/\",\"name\":\"Diario Textual\",\"description\":\"\",\"publisher\":{\"@id\":\"https:\\\/\\\/diariotextual.com\\\/inicio\\\/#organization\"},\"potentialAction\":[{\"@type\":\"SearchAction\",\"target\":{\"@type\":\"EntryPoint\",\"urlTemplate\":\"https:\\\/\\\/diariotextual.com\\\/inicio\\\/?s={search_term_string}\"},\"query-input\":{\"@type\":\"PropertyValueSpecification\",\"valueRequired\":true,\"valueName\":\"search_term_string\"}}],\"inLanguage\":\"es\"},{\"@type\":\"Organization\",\"@id\":\"https:\\\/\\\/diariotextual.com\\\/inicio\\\/#organization\",\"name\":\"Diario Textual\",\"url\":\"https:\\\/\\\/diariotextual.com\\\/inicio\\\/\",\"logo\":{\"@type\":\"ImageObject\",\"inLanguage\":\"es\",\"@id\":\"https:\\\/\\\/diariotextual.com\\\/inicio\\\/#\\\/schema\\\/logo\\\/image\\\/\",\"url\":\"https:\\\/\\\/diariotextual.com\\\/inicio\\\/wp-content\\\/uploads\\\/2023\\\/05\\\/logotextual1.jpg\",\"contentUrl\":\"https:\\\/\\\/diariotextual.com\\\/inicio\\\/wp-content\\\/uploads\\\/2023\\\/05\\\/logotextual1.jpg\",\"width\":516,\"height\":76,\"caption\":\"Diario Textual\"},\"image\":{\"@id\":\"https:\\\/\\\/diariotextual.com\\\/inicio\\\/#\\\/schema\\\/logo\\\/image\\\/\"},\"sameAs\":[\"https:\\\/\\\/www.facebook.com\\\/eltextual\",\"https:\\\/\\\/x.com\\\/eltextual\",\"http:\\\/\\\/www.instagram.com\\\/eltextual\"]},{\"@type\":\"Person\",\"@id\":\"https:\\\/\\\/diariotextual.com\\\/inicio\\\/#\\\/schema\\\/person\\\/c7834961ad8b29b1d9cdbf4571299067\",\"name\":\"diario5\",\"image\":{\"@type\":\"ImageObject\",\"inLanguage\":\"es\",\"@id\":\"https:\\\/\\\/secure.gravatar.com\\\/avatar\\\/948c893b847ca6df68216ead81b63f363408ec9b0f600fefc0641ce78613b111?s=96&d=mm&r=g\",\"url\":\"https:\\\/\\\/secure.gravatar.com\\\/avatar\\\/948c893b847ca6df68216ead81b63f363408ec9b0f600fefc0641ce78613b111?s=96&d=mm&r=g\",\"contentUrl\":\"https:\\\/\\\/secure.gravatar.com\\\/avatar\\\/948c893b847ca6df68216ead81b63f363408ec9b0f600fefc0641ce78613b111?s=96&d=mm&r=g\",\"caption\":\"diario5\"},\"url\":\"https:\\\/\\\/diariotextual.com\\\/inicio\\\/index.php\\\/author\\\/diario5\\\/\"}]}<\/script>\n<!-- \/ Yoast SEO plugin. -->","yoast_head_json":{"title":"Escuela de danza Noem\u00ed Chejol\u00e1n prepara celebraci\u00f3n de sus 60 a\u00f1os - Diario Textual","robots":{"index":"index","follow":"follow","max-snippet":"max-snippet:-1","max-image-preview":"max-image-preview:large","max-video-preview":"max-video-preview:-1"},"canonical":"https:\/\/diariotextual.com\/inicio\/index.php\/2026\/09\/02\/escuela-de-danza-noemi-chejolan-prepara-celebracion-de-sus-60-anos\/","og_locale":"es_ES","og_type":"article","og_title":"Escuela de danza Noem\u00ed Chejol\u00e1n prepara celebraci\u00f3n de sus 60 a\u00f1os - Diario Textual","og_description":"La Escuela de danza Noem\u00ed Chejol\u00e1n celebra sus 60 a\u00f1os de trabajo ininterrumpido y prepara una serie de actividades para conmemorar seis d\u00e9cadas dedicadas a la formaci\u00f3n y difusi\u00f3n de&hellip;","og_url":"https:\/\/diariotextual.com\/inicio\/index.php\/2026\/09\/02\/escuela-de-danza-noemi-chejolan-prepara-celebracion-de-sus-60-anos\/","og_site_name":"Diario Textual","article_publisher":"https:\/\/www.facebook.com\/eltextual","article_published_time":"2026-09-02T23:22:12+00:00","article_modified_time":"2026-09-02T23:22:14+00:00","og_image":[{"width":1600,"height":1154,"url":"https:\/\/diariotextual.com\/inicio\/wp-content\/uploads\/2026\/09\/escueladanzanoemichejolan.jpg","type":"image\/jpeg"}],"author":"diario5","twitter_card":"summary_large_image","twitter_creator":"@eltextual","twitter_site":"@eltextual","twitter_misc":{"Escrito por":"diario5","Tiempo de lectura":"2 minutos"},"schema":{"@context":"https:\/\/schema.org","@graph":[{"@type":"Article","@id":"https:\/\/diariotextual.com\/inicio\/index.php\/2026\/09\/02\/escuela-de-danza-noemi-chejolan-prepara-celebracion-de-sus-60-anos\/#article","isPartOf":{"@id":"https:\/\/diariotextual.com\/inicio\/index.php\/2026\/09\/02\/escuela-de-danza-noemi-chejolan-prepara-celebracion-de-sus-60-anos\/"},"author":{"name":"diario5","@id":"https:\/\/diariotextual.com\/inicio\/#\/schema\/person\/c7834961ad8b29b1d9cdbf4571299067"},"headline":"Escuela de danza Noem\u00ed Chejol\u00e1n prepara celebraci\u00f3n de sus 60 a\u00f1os","datePublished":"2026-09-02T23:22:12+00:00","dateModified":"2026-09-02T23:22:14+00:00","mainEntityOfPage":{"@id":"https:\/\/diariotextual.com\/inicio\/index.php\/2026\/09\/02\/escuela-de-danza-noemi-chejolan-prepara-celebracion-de-sus-60-anos\/"},"wordCount":303,"publisher":{"@id":"https:\/\/diariotextual.com\/inicio\/#organization"},"image":{"@id":"https:\/\/diariotextual.com\/inicio\/index.php\/2026\/09\/02\/escuela-de-danza-noemi-chejolan-prepara-celebracion-de-sus-60-anos\/#primaryimage"},"thumbnailUrl":"https:\/\/diariotextual.com\/inicio\/wp-content\/uploads\/2026\/09\/escueladanzanoemichejolan.jpg","articleSection":["A - ES NOTICIA (van abajo)","CULTURA"],"inLanguage":"es"},{"@type":"WebPage","@id":"https:\/\/diariotextual.com\/inicio\/index.php\/2026\/09\/02\/escuela-de-danza-noemi-chejolan-prepara-celebracion-de-sus-60-anos\/","url":"https:\/\/diariotextual.com\/inicio\/index.php\/2026\/09\/02\/escuela-de-danza-noemi-chejolan-prepara-celebracion-de-sus-60-anos\/","name":"Escuela de danza Noem\u00ed Chejol\u00e1n prepara celebraci\u00f3n de sus 60 a\u00f1os - Diario Textual","isPartOf":{"@id":"https:\/\/diariotextual.com\/inicio\/#website"},"primaryImageOfPage":{"@id":"https:\/\/diariotextual.com\/inicio\/index.php\/2026\/09\/02\/escuela-de-danza-noemi-chejolan-prepara-celebracion-de-sus-60-anos\/#primaryimage"},"image":{"@id":"https:\/\/diariotextual.com\/inicio\/index.php\/2026\/09\/02\/escuela-de-danza-noemi-chejolan-prepara-celebracion-de-sus-60-anos\/#primaryimage"},"thumbnailUrl":"https:\/\/diariotextual.com\/inicio\/wp-content\/uploads\/2026\/09\/escueladanzanoemichejolan.jpg","datePublished":"2026-09-02T23:22:12+00:00","dateModified":"2026-09-02T23:22:14+00:00","breadcrumb":{"@id":"https:\/\/diariotextual.com\/inicio\/index.php\/2026\/09\/02\/escuela-de-danza-noemi-chejolan-prepara-celebracion-de-sus-60-anos\/#breadcrumb"},"inLanguage":"es","potentialAction":[{"@type":"ReadAction","target":["https:\/\/diariotextual.com\/inicio\/index.php\/2026\/09\/02\/escuela-de-danza-noemi-chejolan-prepara-celebracion-de-sus-60-anos\/"]}]},{"@type":"ImageObject","inLanguage":"es","@id":"https:\/\/diariotextual.com\/inicio\/index.php\/2026\/09\/02\/escuela-de-danza-noemi-chejolan-prepara-celebracion-de-sus-60-anos\/#primaryimage","url":"https:\/\/diariotextual.com\/inicio\/wp-content\/uploads\/2026\/09\/escueladanzanoemichejolan.jpg","contentUrl":"https:\/\/diariotextual.com\/inicio\/wp-content\/uploads\/2026\/09\/escueladanzanoemichejolan.jpg","width":1600,"height":1154},{"@type":"BreadcrumbList","@id":"https:\/\/diariotextual.com\/inicio\/index.php\/2026\/09\/02\/escuela-de-danza-noemi-chejolan-prepara-celebracion-de-sus-60-anos\/#breadcrumb","itemListElement":[{"@type":"ListItem","position":1,"name":"Portada","item":"https:\/\/diariotextual.com\/inicio\/"},{"@type":"ListItem","position":2,"name":"Escuela de danza Noem\u00ed Chejol\u00e1n prepara celebraci\u00f3n de sus 60 a\u00f1os"}]},{"@type":"WebSite","@id":"https:\/\/diariotextual.com\/inicio\/#website","url":"https:\/\/diariotextual.com\/inicio\/","name":"Diario Textual","description":"","publisher":{"@id":"https:\/\/diariotextual.com\/inicio\/#organization"},"potentialAction":[{"@type":"SearchAction","target":{"@type":"EntryPoint","urlTemplate":"https:\/\/diariotextual.com\/inicio\/?s={search_term_string}"},"query-input":{"@type":"PropertyValueSpecification","valueRequired":true,"valueName":"search_term_string"}}],"inLanguage":"es"},{"@type":"Organization","@id":"https:\/\/diariotextual.com\/inicio\/#organization","name":"Diario Textual","url":"https:\/\/diariotextual.com\/inicio\/","logo":{"@type":"ImageObject","inLanguage":"es","@id":"https:\/\/diariotextual.com\/inicio\/#\/schema\/logo\/image\/","url":"https:\/\/diariotextual.com\/inicio\/wp-content\/uploads\/2023\/05\/logotextual1.jpg","contentUrl":"https:\/\/diariotextual.com\/inicio\/wp-content\/uploads\/2023\/05\/logotextual1.jpg","width":516,"height":76,"caption":"Diario Textual"},"image":{"@id":"https:\/\/diariotextual.com\/inicio\/#\/schema\/logo\/image\/"},"sameAs":["https:\/\/www.facebook.com\/eltextual","https:\/\/x.com\/eltextual","http:\/\/www.instagram.com\/eltextual"]},{"@type":"Person","@id":"https:\/\/diariotextual.com\/inicio\/#\/schema\/person\/c7834961ad8b29b1d9cdbf4571299067","name":"diario5","image":{"@type":"ImageObject","inLanguage":"es","@id":"https:\/\/secure.gravatar.com\/avatar\/948c893b847ca6df68216ead81b63f363408ec9b0f600fefc0641ce78613b111?s=96&d=mm&r=g","url":"https:\/\/secure.gravatar.com\/avatar\/948c893b847ca6df68216ead81b63f363408ec9b0f600fefc0641ce78613b111?s=96&d=mm&r=g","contentUrl":"https:\/\/secure.gravatar.com\/avatar\/948c893b847ca6df68216ead81b63f363408ec9b0f600fefc0641ce78613b111?s=96&d=mm&r=g","caption":"diario5"},"url":"https:\/\/diariotextual.com\/inicio\/index.php\/author\/diario5\/"}]}},"_links":{"self":[{"href":"https:\/\/diariotextual.com\/inicio\/index.php\/wp-json\/wp\/v2\/posts\/334393","targetHints":{"allow":["GET"]}}],"collection":[{"href":"https:\/\/diariotextual.com\/inicio\/index.php\/wp-json\/wp\/v2\/posts"}],"about":[{"href":"https:\/\/diariotextual.com\/inicio\/index.php\/wp-json\/wp\/v2\/types\/post"}],"author":[{"embeddable":true,"href":"https:\/\/diariotextual.com\/inicio\/index.php\/wp-json\/wp\/v2\/users\/7"}],"replies":[{"embeddable":true,"href":"https:\/\/diariotextual.com\/inicio\/index.php\/wp-json\/wp\/v2\/comments?post=334393"}],"version-history":[{"count":1,"href":"https:\/\/diariotextual.com\/inicio\/index.php\/wp-json\/wp\/v2\/posts\/334393\/revisions"}],"predecessor-version":[{"id":334396,"href":"https:\/\/diariotextual.com\/inicio\/index.php\/wp-json\/wp\/v2\/posts\/334393\/revisions\/334396"}],"wp:featuredmedia":[{"embeddable":true,"href":"https:\/\/diariotextual.com\/inicio\/index.php\/wp-json\/wp\/v2\/media\/334395"}],"wp:attachment":[{"href":"https:\/\/diariotextual.com\/inicio\/index.php\/wp-json\/wp\/v2\/media?parent=334393"}],"wp:term":[{"taxonomy":"category","embeddable":true,"href":"https:\/\/diariotextual.com\/inicio\/index.php\/wp-json\/wp\/v2\/categories?post=334393"},{"taxonomy":"post_tag","embeddable":true,"href":"https:\/\/diariotextual.com\/inicio\/index.php\/wp-json\/wp\/v2\/tags?post=334393"}],"curies":[{"name":"wp","href":"https:\/\/api.w.org\/{rel}","templated":true}]}}