{"id":334394,"date":"2026-09-02T20:22:56","date_gmt":"2026-09-02T23:22:56","guid":{"rendered":"https:\/\/diariotextual.com\/inicio\/?p=334394"},"modified":"2026-09-02T20:49:06","modified_gmt":"2026-09-02T23:49:06","slug":"escuchamos-a-todos-y-damos-las-respuestas-posibles-ante-el-brutal-ajuste-nacional","status":"publish","type":"post","link":"https:\/\/diariotextual.com\/inicio\/index.php\/2026\/09\/02\/escuchamos-a-todos-y-damos-las-respuestas-posibles-ante-el-brutal-ajuste-nacional\/","title":{"rendered":"Hubo una manifestaci\u00f3n y desde el Ipav defendieron el sistema de sorteo de las casas"},"content":{"rendered":"\n<p class=\"wp-block-paragraph\">La presidenta del <strong>Instituto Provincial Aut\u00e1rquico de Vivienda (Ipav), Erica Riboyra<\/strong>, afirm\u00f3 que el Gobierno provincial contin\u00faa trabajando para dar respuesta a las familias que necesitan una vivienda, <strong>pese a la paralizaci\u00f3n de la pol\u00edtica habitacional del Gobierno nacional y ratific\u00f3 que el \u00fanico mecanismo de adjudicaci\u00f3n para las casas sociales seguir\u00e1 siendo el sorteo p\u00fablico<\/strong>, frente a <strong>los reclamos<\/strong> realizados por un grupo de familias frente a la sede del organismo en Santa Rosa.<\/p>\n\n\n\n<p class=\"wp-block-paragraph\">Este mi\u00e9rcoles por la ma\u00f1ana, hubo una manifestaci\u00f3n de mujeres la que llevan varios a\u00f1os inscriptas, pagan alquileres que consumen gran parte de sus ingresos y tienen familiares con problemas de salud o discapacidad.<\/p>\n\n\n\n<p class=\"wp-block-paragraph\">Riboyra dijo que seguir\u00e1n sorteando casas, en vez de asignarlas en forma discrecional. \u201c<strong>S\u00e9 que detr\u00e1s de cada familia que se acerca al Ipav hay una historia, una necesidad <\/strong>y muchas veces a\u00f1os de espera. S\u00e9 lo que significa pagar un alquiler, sostener una familia y vivir con la incertidumbre de no saber cu\u00e1ndo llegar\u00e1 la posibilidad de tener una casa propia\u201d, expres\u00f3 la funcionaria.<\/p>\n\n\n\n<p class=\"wp-block-paragraph\">Riboyra remarc\u00f3 que el Ipav escucha y analiza cada reclamo, pero que <strong>la asignaci\u00f3n de viviendas debe garantizar igualdad y transparencia.<\/strong> \u201cEn <strong>el Ipav tenemos a la fecha m\u00e1s de 2.500 familias inscriptas y en condiciones de participar del sorteo, solo en Santa Rosa<\/strong>. Cada una tiene su historia y sus necesidades. Y justamente por eso, el acceso a una vivienda no puede depender de qui\u00e9n reclama m\u00e1s fuerte, de qui\u00e9n dice ser representante o de qui\u00e9n logra mayor visibilidad\u201d, sostuvo.<\/p>\n\n\n\n<p class=\"wp-block-paragraph\">En ese sentido, destac\u00f3 que \u201c<strong>el sistema de adjudicaci\u00f3n de viviendas es absolutamente p\u00fablico y transparente<\/strong>\u201d, y que esto \u201cdestierra cualquier tipo de dudas respecto de posibles arbitrariedades o injusticias en la entrega de las viviendas\u201d.<\/p>\n\n\n\n<p class=\"wp-block-paragraph\">\u201cEso no significa desconocer las situaciones particulares. Al contrario: significa escuchar, evaluar y buscar respuestas dentro de un sistema que debe cuidar a todos\u201d, agreg\u00f3.<\/p>\n\n\n\n<p class=\"wp-block-paragraph\"><\/p>\n\n\n\n<p class=\"wp-block-paragraph\">La titular del Ipav cuestion\u00f3 el impacto de las pol\u00edticas del Gobierno nacional sobre el acceso a la vivienda. \u201cLos <strong>pampeanos soportamos una decisi\u00f3n injusta y cruel del Gobierno de Milei<\/strong>, que elimin\u00f3 la construcci\u00f3n de viviendas y paraliz\u00f3 programas habitacionales fundamentales para miles de familias\u201d, afirm\u00f3.<\/p>\n\n\n\n<p class=\"wp-block-paragraph\">\u201cEscuchamos a todos los pampeanos. Y <strong>en materia de viviendas damos las respuestas posibles, no las que quisi\u00e9ramos. <\/strong>Sabemos que hay una demanda enorme y que detr\u00e1s de cada inscripci\u00f3n hay una familia que espera\u201d, sostuvo.<\/p>\n\n\n\n<p class=\"wp-block-paragraph\">Frente a este escenario, destac\u00f3 la decisi\u00f3n del Gobierno provincial de sostener su pol\u00edtica habitacional: \u201cLa Pampa decidi\u00f3 no quedarse de brazos cruzados.<strong> Seguimos construyendo. Seguimos gestionando. Seguimos buscando <\/strong>alternativas\u201d.<\/p>\n\n\n\n<p class=\"wp-block-paragraph\">\u201c<strong>La vivienda no es un privilegio. Es un derecho. Y garantizar ese derecho requiere decisi\u00f3n pol\u00edtica<\/strong>, recursos, planificaci\u00f3n y un Gobierno que se haga cargo\u201d, dijo.<\/p>\n\n\n\n<p class=\"wp-block-paragraph\">\u201c<strong>Los vamos a escuchar, vamos a evaluar cada situaci\u00f3n<\/strong> y vamos a trabajar para encontrar respuestas\u201d, concluy\u00f3.<\/p>\n","protected":false},"excerpt":{"rendered":"<p>La presidenta del Instituto Provincial Aut\u00e1rquico de Vivienda (Ipav), Erica Riboyra, afirm\u00f3 que el Gobierno provincial contin\u00faa trabajando para dar respuesta a las familias que necesitan una vivienda, pese a&hellip;<\/p>\n","protected":false},"author":5,"featured_media":269914,"comment_status":"closed","ping_status":"open","sticky":false,"template":"","format":"standard","meta":{"_acf_changed":false,"footnotes":""},"categories":[4,12],"tags":[],"class_list":["post-334394","post","type-post","status-publish","format-standard","has-post-thumbnail","hentry","category-destacadas","category-sociedad"],"acf":[],"yoast_head":"<!-- This site is optimized with the Yoast SEO plugin v28.4 - https:\/\/yoast.com\/product\/yoast-seo-wordpress\/ -->\n<title>Hubo una manifestaci\u00f3n y desde el Ipav defendieron el sistema de sorteo de las casas - Diario Textual<\/title>\n<meta name=\"robots\" content=\"index, follow, max-snippet:-1, max-image-preview:large, max-video-preview:-1\" \/>\n<link rel=\"canonical\" href=\"https:\/\/diariotextual.com\/inicio\/index.php\/2026\/09\/02\/escuchamos-a-todos-y-damos-las-respuestas-posibles-ante-el-brutal-ajuste-nacional\/\" \/>\n<meta property=\"og:locale\" content=\"es_ES\" \/>\n<meta property=\"og:type\" content=\"article\" \/>\n<meta property=\"og:title\" content=\"Hubo una manifestaci\u00f3n y desde el Ipav defendieron el sistema de sorteo de las casas - Diario Textual\" \/>\n<meta property=\"og:description\" content=\"La presidenta del Instituto Provincial Aut\u00e1rquico de Vivienda (Ipav), Erica Riboyra, afirm\u00f3 que el Gobierno provincial contin\u00faa trabajando para dar respuesta a las familias que necesitan una vivienda, pese a&hellip;\" \/>\n<meta property=\"og:url\" content=\"https:\/\/diariotextual.com\/inicio\/index.php\/2026\/09\/02\/escuchamos-a-todos-y-damos-las-respuestas-posibles-ante-el-brutal-ajuste-nacional\/\" \/>\n<meta property=\"og:site_name\" content=\"Diario Textual\" \/>\n<meta property=\"article:publisher\" content=\"https:\/\/www.facebook.com\/eltextual\" \/>\n<meta property=\"article:published_time\" content=\"2026-09-02T23:22:56+00:00\" \/>\n<meta property=\"article:modified_time\" content=\"2026-09-02T23:49:06+00:00\" \/>\n<meta property=\"og:image\" content=\"https:\/\/diariotextual.com\/inicio\/wp-content\/uploads\/2024\/07\/riboyraipav20248990.jpg\" \/>\n\t<meta property=\"og:image:width\" content=\"1440\" \/>\n\t<meta property=\"og:image:height\" content=\"961\" \/>\n\t<meta property=\"og:image:type\" content=\"image\/jpeg\" \/>\n<meta name=\"author\" content=\"diario3\" \/>\n<meta name=\"twitter:card\" content=\"summary_large_image\" \/>\n<meta name=\"twitter:creator\" content=\"@eltextual\" \/>\n<meta name=\"twitter:site\" content=\"@eltextual\" \/>\n<meta name=\"twitter:label1\" content=\"Escrito por\" \/>\n\t<meta name=\"twitter:data1\" content=\"diario3\" \/>\n\t<meta name=\"twitter:label2\" content=\"Tiempo de lectura\" \/>\n\t<meta name=\"twitter:data2\" content=\"3 minutos\" \/>\n<script type=\"application\/ld+json\" class=\"yoast-schema-graph\">{\"@context\":\"https:\\\/\\\/schema.org\",\"@graph\":[{\"@type\":\"Article\",\"@id\":\"https:\\\/\\\/diariotextual.com\\\/inicio\\\/index.php\\\/2026\\\/09\\\/02\\\/escuchamos-a-todos-y-damos-las-respuestas-posibles-ante-el-brutal-ajuste-nacional\\\/#article\",\"isPartOf\":{\"@id\":\"https:\\\/\\\/diariotextual.com\\\/inicio\\\/index.php\\\/2026\\\/09\\\/02\\\/escuchamos-a-todos-y-damos-las-respuestas-posibles-ante-el-brutal-ajuste-nacional\\\/\"},\"author\":{\"name\":\"diario3\",\"@id\":\"https:\\\/\\\/diariotextual.com\\\/inicio\\\/#\\\/schema\\\/person\\\/a1b6f563e0ee944c60f98119389a4d9f\"},\"headline\":\"Hubo una manifestaci\u00f3n y desde el Ipav defendieron el sistema de sorteo de las casas\",\"datePublished\":\"2026-09-02T23:22:56+00:00\",\"dateModified\":\"2026-09-02T23:49:06+00:00\",\"mainEntityOfPage\":{\"@id\":\"https:\\\/\\\/diariotextual.com\\\/inicio\\\/index.php\\\/2026\\\/09\\\/02\\\/escuchamos-a-todos-y-damos-las-respuestas-posibles-ante-el-brutal-ajuste-nacional\\\/\"},\"wordCount\":521,\"publisher\":{\"@id\":\"https:\\\/\\\/diariotextual.com\\\/inicio\\\/#organization\"},\"image\":{\"@id\":\"https:\\\/\\\/diariotextual.com\\\/inicio\\\/index.php\\\/2026\\\/09\\\/02\\\/escuchamos-a-todos-y-damos-las-respuestas-posibles-ante-el-brutal-ajuste-nacional\\\/#primaryimage\"},\"thumbnailUrl\":\"https:\\\/\\\/diariotextual.com\\\/inicio\\\/wp-content\\\/uploads\\\/2024\\\/07\\\/riboyraipav20248990.jpg\",\"articleSection\":[\"A - DESTACADAS (mod 16)\",\"SOCIEDAD\"],\"inLanguage\":\"es\"},{\"@type\":\"WebPage\",\"@id\":\"https:\\\/\\\/diariotextual.com\\\/inicio\\\/index.php\\\/2026\\\/09\\\/02\\\/escuchamos-a-todos-y-damos-las-respuestas-posibles-ante-el-brutal-ajuste-nacional\\\/\",\"url\":\"https:\\\/\\\/diariotextual.com\\\/inicio\\\/index.php\\\/2026\\\/09\\\/02\\\/escuchamos-a-todos-y-damos-las-respuestas-posibles-ante-el-brutal-ajuste-nacional\\\/\",\"name\":\"Hubo una manifestaci\u00f3n y desde el Ipav defendieron el sistema de sorteo de las casas - Diario Textual\",\"isPartOf\":{\"@id\":\"https:\\\/\\\/diariotextual.com\\\/inicio\\\/#website\"},\"primaryImageOfPage\":{\"@id\":\"https:\\\/\\\/diariotextual.com\\\/inicio\\\/index.php\\\/2026\\\/09\\\/02\\\/escuchamos-a-todos-y-damos-las-respuestas-posibles-ante-el-brutal-ajuste-nacional\\\/#primaryimage\"},\"image\":{\"@id\":\"https:\\\/\\\/diariotextual.com\\\/inicio\\\/index.php\\\/2026\\\/09\\\/02\\\/escuchamos-a-todos-y-damos-las-respuestas-posibles-ante-el-brutal-ajuste-nacional\\\/#primaryimage\"},\"thumbnailUrl\":\"https:\\\/\\\/diariotextual.com\\\/inicio\\\/wp-content\\\/uploads\\\/2024\\\/07\\\/riboyraipav20248990.jpg\",\"datePublished\":\"2026-09-02T23:22:56+00:00\",\"dateModified\":\"2026-09-02T23:49:06+00:00\",\"breadcrumb\":{\"@id\":\"https:\\\/\\\/diariotextual.com\\\/inicio\\\/index.php\\\/2026\\\/09\\\/02\\\/escuchamos-a-todos-y-damos-las-respuestas-posibles-ante-el-brutal-ajuste-nacional\\\/#breadcrumb\"},\"inLanguage\":\"es\",\"potentialAction\":[{\"@type\":\"ReadAction\",\"target\":[\"https:\\\/\\\/diariotextual.com\\\/inicio\\\/index.php\\\/2026\\\/09\\\/02\\\/escuchamos-a-todos-y-damos-las-respuestas-posibles-ante-el-brutal-ajuste-nacional\\\/\"]}]},{\"@type\":\"ImageObject\",\"inLanguage\":\"es\",\"@id\":\"https:\\\/\\\/diariotextual.com\\\/inicio\\\/index.php\\\/2026\\\/09\\\/02\\\/escuchamos-a-todos-y-damos-las-respuestas-posibles-ante-el-brutal-ajuste-nacional\\\/#primaryimage\",\"url\":\"https:\\\/\\\/diariotextual.com\\\/inicio\\\/wp-content\\\/uploads\\\/2024\\\/07\\\/riboyraipav20248990.jpg\",\"contentUrl\":\"https:\\\/\\\/diariotextual.com\\\/inicio\\\/wp-content\\\/uploads\\\/2024\\\/07\\\/riboyraipav20248990.jpg\",\"width\":1440,\"height\":961},{\"@type\":\"BreadcrumbList\",\"@id\":\"https:\\\/\\\/diariotextual.com\\\/inicio\\\/index.php\\\/2026\\\/09\\\/02\\\/escuchamos-a-todos-y-damos-las-respuestas-posibles-ante-el-brutal-ajuste-nacional\\\/#breadcrumb\",\"itemListElement\":[{\"@type\":\"ListItem\",\"position\":1,\"name\":\"Portada\",\"item\":\"https:\\\/\\\/diariotextual.com\\\/inicio\\\/\"},{\"@type\":\"ListItem\",\"position\":2,\"name\":\"Hubo una manifestaci\u00f3n y desde el Ipav defendieron el sistema de sorteo de las casas\"}]},{\"@type\":\"WebSite\",\"@id\":\"https:\\\/\\\/diariotextual.com\\\/inicio\\\/#website\",\"url\":\"https:\\\/\\\/diariotextual.com\\\/inicio\\\/\",\"name\":\"Diario Textual\",\"description\":\"\",\"publisher\":{\"@id\":\"https:\\\/\\\/diariotextual.com\\\/inicio\\\/#organization\"},\"potentialAction\":[{\"@type\":\"SearchAction\",\"target\":{\"@type\":\"EntryPoint\",\"urlTemplate\":\"https:\\\/\\\/diariotextual.com\\\/inicio\\\/?s={search_term_string}\"},\"query-input\":{\"@type\":\"PropertyValueSpecification\",\"valueRequired\":true,\"valueName\":\"search_term_string\"}}],\"inLanguage\":\"es\"},{\"@type\":\"Organization\",\"@id\":\"https:\\\/\\\/diariotextual.com\\\/inicio\\\/#organization\",\"name\":\"Diario Textual\",\"url\":\"https:\\\/\\\/diariotextual.com\\\/inicio\\\/\",\"logo\":{\"@type\":\"ImageObject\",\"inLanguage\":\"es\",\"@id\":\"https:\\\/\\\/diariotextual.com\\\/inicio\\\/#\\\/schema\\\/logo\\\/image\\\/\",\"url\":\"https:\\\/\\\/diariotextual.com\\\/inicio\\\/wp-content\\\/uploads\\\/2023\\\/05\\\/logotextual1.jpg\",\"contentUrl\":\"https:\\\/\\\/diariotextual.com\\\/inicio\\\/wp-content\\\/uploads\\\/2023\\\/05\\\/logotextual1.jpg\",\"width\":516,\"height\":76,\"caption\":\"Diario Textual\"},\"image\":{\"@id\":\"https:\\\/\\\/diariotextual.com\\\/inicio\\\/#\\\/schema\\\/logo\\\/image\\\/\"},\"sameAs\":[\"https:\\\/\\\/www.facebook.com\\\/eltextual\",\"https:\\\/\\\/x.com\\\/eltextual\",\"http:\\\/\\\/www.instagram.com\\\/eltextual\"]},{\"@type\":\"Person\",\"@id\":\"https:\\\/\\\/diariotextual.com\\\/inicio\\\/#\\\/schema\\\/person\\\/a1b6f563e0ee944c60f98119389a4d9f\",\"name\":\"diario3\",\"image\":{\"@type\":\"ImageObject\",\"inLanguage\":\"es\",\"@id\":\"https:\\\/\\\/secure.gravatar.com\\\/avatar\\\/5e7ee62c82fc04d9dd79d746a390d93c69c43223e5faeeb3ea9461ef752bfc5d?s=96&d=mm&r=g\",\"url\":\"https:\\\/\\\/secure.gravatar.com\\\/avatar\\\/5e7ee62c82fc04d9dd79d746a390d93c69c43223e5faeeb3ea9461ef752bfc5d?s=96&d=mm&r=g\",\"contentUrl\":\"https:\\\/\\\/secure.gravatar.com\\\/avatar\\\/5e7ee62c82fc04d9dd79d746a390d93c69c43223e5faeeb3ea9461ef752bfc5d?s=96&d=mm&r=g\",\"caption\":\"diario3\"},\"url\":\"https:\\\/\\\/diariotextual.com\\\/inicio\\\/index.php\\\/author\\\/diario3\\\/\"}]}<\/script>\n<!-- \/ Yoast SEO plugin. -->","yoast_head_json":{"title":"Hubo una manifestaci\u00f3n y desde el Ipav defendieron el sistema de sorteo de las casas - Diario Textual","robots":{"index":"index","follow":"follow","max-snippet":"max-snippet:-1","max-image-preview":"max-image-preview:large","max-video-preview":"max-video-preview:-1"},"canonical":"https:\/\/diariotextual.com\/inicio\/index.php\/2026\/09\/02\/escuchamos-a-todos-y-damos-las-respuestas-posibles-ante-el-brutal-ajuste-nacional\/","og_locale":"es_ES","og_type":"article","og_title":"Hubo una manifestaci\u00f3n y desde el Ipav defendieron el sistema de sorteo de las casas - Diario Textual","og_description":"La presidenta del Instituto Provincial Aut\u00e1rquico de Vivienda (Ipav), Erica Riboyra, afirm\u00f3 que el Gobierno provincial contin\u00faa trabajando para dar respuesta a las familias que necesitan una vivienda, pese a&hellip;","og_url":"https:\/\/diariotextual.com\/inicio\/index.php\/2026\/09\/02\/escuchamos-a-todos-y-damos-las-respuestas-posibles-ante-el-brutal-ajuste-nacional\/","og_site_name":"Diario Textual","article_publisher":"https:\/\/www.facebook.com\/eltextual","article_published_time":"2026-09-02T23:22:56+00:00","article_modified_time":"2026-09-02T23:49:06+00:00","og_image":[{"width":1440,"height":961,"url":"https:\/\/diariotextual.com\/inicio\/wp-content\/uploads\/2024\/07\/riboyraipav20248990.jpg","type":"image\/jpeg"}],"author":"diario3","twitter_card":"summary_large_image","twitter_creator":"@eltextual","twitter_site":"@eltextual","twitter_misc":{"Escrito por":"diario3","Tiempo de lectura":"3 minutos"},"schema":{"@context":"https:\/\/schema.org","@graph":[{"@type":"Article","@id":"https:\/\/diariotextual.com\/inicio\/index.php\/2026\/09\/02\/escuchamos-a-todos-y-damos-las-respuestas-posibles-ante-el-brutal-ajuste-nacional\/#article","isPartOf":{"@id":"https:\/\/diariotextual.com\/inicio\/index.php\/2026\/09\/02\/escuchamos-a-todos-y-damos-las-respuestas-posibles-ante-el-brutal-ajuste-nacional\/"},"author":{"name":"diario3","@id":"https:\/\/diariotextual.com\/inicio\/#\/schema\/person\/a1b6f563e0ee944c60f98119389a4d9f"},"headline":"Hubo una manifestaci\u00f3n y desde el Ipav defendieron el sistema de sorteo de las casas","datePublished":"2026-09-02T23:22:56+00:00","dateModified":"2026-09-02T23:49:06+00:00","mainEntityOfPage":{"@id":"https:\/\/diariotextual.com\/inicio\/index.php\/2026\/09\/02\/escuchamos-a-todos-y-damos-las-respuestas-posibles-ante-el-brutal-ajuste-nacional\/"},"wordCount":521,"publisher":{"@id":"https:\/\/diariotextual.com\/inicio\/#organization"},"image":{"@id":"https:\/\/diariotextual.com\/inicio\/index.php\/2026\/09\/02\/escuchamos-a-todos-y-damos-las-respuestas-posibles-ante-el-brutal-ajuste-nacional\/#primaryimage"},"thumbnailUrl":"https:\/\/diariotextual.com\/inicio\/wp-content\/uploads\/2024\/07\/riboyraipav20248990.jpg","articleSection":["A - DESTACADAS (mod 16)","SOCIEDAD"],"inLanguage":"es"},{"@type":"WebPage","@id":"https:\/\/diariotextual.com\/inicio\/index.php\/2026\/09\/02\/escuchamos-a-todos-y-damos-las-respuestas-posibles-ante-el-brutal-ajuste-nacional\/","url":"https:\/\/diariotextual.com\/inicio\/index.php\/2026\/09\/02\/escuchamos-a-todos-y-damos-las-respuestas-posibles-ante-el-brutal-ajuste-nacional\/","name":"Hubo una manifestaci\u00f3n y desde el Ipav defendieron el sistema de sorteo de las casas - Diario Textual","isPartOf":{"@id":"https:\/\/diariotextual.com\/inicio\/#website"},"primaryImageOfPage":{"@id":"https:\/\/diariotextual.com\/inicio\/index.php\/2026\/09\/02\/escuchamos-a-todos-y-damos-las-respuestas-posibles-ante-el-brutal-ajuste-nacional\/#primaryimage"},"image":{"@id":"https:\/\/diariotextual.com\/inicio\/index.php\/2026\/09\/02\/escuchamos-a-todos-y-damos-las-respuestas-posibles-ante-el-brutal-ajuste-nacional\/#primaryimage"},"thumbnailUrl":"https:\/\/diariotextual.com\/inicio\/wp-content\/uploads\/2024\/07\/riboyraipav20248990.jpg","datePublished":"2026-09-02T23:22:56+00:00","dateModified":"2026-09-02T23:49:06+00:00","breadcrumb":{"@id":"https:\/\/diariotextual.com\/inicio\/index.php\/2026\/09\/02\/escuchamos-a-todos-y-damos-las-respuestas-posibles-ante-el-brutal-ajuste-nacional\/#breadcrumb"},"inLanguage":"es","potentialAction":[{"@type":"ReadAction","target":["https:\/\/diariotextual.com\/inicio\/index.php\/2026\/09\/02\/escuchamos-a-todos-y-damos-las-respuestas-posibles-ante-el-brutal-ajuste-nacional\/"]}]},{"@type":"ImageObject","inLanguage":"es","@id":"https:\/\/diariotextual.com\/inicio\/index.php\/2026\/09\/02\/escuchamos-a-todos-y-damos-las-respuestas-posibles-ante-el-brutal-ajuste-nacional\/#primaryimage","url":"https:\/\/diariotextual.com\/inicio\/wp-content\/uploads\/2024\/07\/riboyraipav20248990.jpg","contentUrl":"https:\/\/diariotextual.com\/inicio\/wp-content\/uploads\/2024\/07\/riboyraipav20248990.jpg","width":1440,"height":961},{"@type":"BreadcrumbList","@id":"https:\/\/diariotextual.com\/inicio\/index.php\/2026\/09\/02\/escuchamos-a-todos-y-damos-las-respuestas-posibles-ante-el-brutal-ajuste-nacional\/#breadcrumb","itemListElement":[{"@type":"ListItem","position":1,"name":"Portada","item":"https:\/\/diariotextual.com\/inicio\/"},{"@type":"ListItem","position":2,"name":"Hubo una manifestaci\u00f3n y desde el Ipav defendieron el sistema de sorteo de las casas"}]},{"@type":"WebSite","@id":"https:\/\/diariotextual.com\/inicio\/#website","url":"https:\/\/diariotextual.com\/inicio\/","name":"Diario Textual","description":"","publisher":{"@id":"https:\/\/diariotextual.com\/inicio\/#organization"},"potentialAction":[{"@type":"SearchAction","target":{"@type":"EntryPoint","urlTemplate":"https:\/\/diariotextual.com\/inicio\/?s={search_term_string}"},"query-input":{"@type":"PropertyValueSpecification","valueRequired":true,"valueName":"search_term_string"}}],"inLanguage":"es"},{"@type":"Organization","@id":"https:\/\/diariotextual.com\/inicio\/#organization","name":"Diario Textual","url":"https:\/\/diariotextual.com\/inicio\/","logo":{"@type":"ImageObject","inLanguage":"es","@id":"https:\/\/diariotextual.com\/inicio\/#\/schema\/logo\/image\/","url":"https:\/\/diariotextual.com\/inicio\/wp-content\/uploads\/2023\/05\/logotextual1.jpg","contentUrl":"https:\/\/diariotextual.com\/inicio\/wp-content\/uploads\/2023\/05\/logotextual1.jpg","width":516,"height":76,"caption":"Diario Textual"},"image":{"@id":"https:\/\/diariotextual.com\/inicio\/#\/schema\/logo\/image\/"},"sameAs":["https:\/\/www.facebook.com\/eltextual","https:\/\/x.com\/eltextual","http:\/\/www.instagram.com\/eltextual"]},{"@type":"Person","@id":"https:\/\/diariotextual.com\/inicio\/#\/schema\/person\/a1b6f563e0ee944c60f98119389a4d9f","name":"diario3","image":{"@type":"ImageObject","inLanguage":"es","@id":"https:\/\/secure.gravatar.com\/avatar\/5e7ee62c82fc04d9dd79d746a390d93c69c43223e5faeeb3ea9461ef752bfc5d?s=96&d=mm&r=g","url":"https:\/\/secure.gravatar.com\/avatar\/5e7ee62c82fc04d9dd79d746a390d93c69c43223e5faeeb3ea9461ef752bfc5d?s=96&d=mm&r=g","contentUrl":"https:\/\/secure.gravatar.com\/avatar\/5e7ee62c82fc04d9dd79d746a390d93c69c43223e5faeeb3ea9461ef752bfc5d?s=96&d=mm&r=g","caption":"diario3"},"url":"https:\/\/diariotextual.com\/inicio\/index.php\/author\/diario3\/"}]}},"_links":{"self":[{"href":"https:\/\/diariotextual.com\/inicio\/index.php\/wp-json\/wp\/v2\/posts\/334394","targetHints":{"allow":["GET"]}}],"collection":[{"href":"https:\/\/diariotextual.com\/inicio\/index.php\/wp-json\/wp\/v2\/posts"}],"about":[{"href":"https:\/\/diariotextual.com\/inicio\/index.php\/wp-json\/wp\/v2\/types\/post"}],"author":[{"embeddable":true,"href":"https:\/\/diariotextual.com\/inicio\/index.php\/wp-json\/wp\/v2\/users\/5"}],"replies":[{"embeddable":true,"href":"https:\/\/diariotextual.com\/inicio\/index.php\/wp-json\/wp\/v2\/comments?post=334394"}],"version-history":[{"count":6,"href":"https:\/\/diariotextual.com\/inicio\/index.php\/wp-json\/wp\/v2\/posts\/334394\/revisions"}],"predecessor-version":[{"id":334410,"href":"https:\/\/diariotextual.com\/inicio\/index.php\/wp-json\/wp\/v2\/posts\/334394\/revisions\/334410"}],"wp:featuredmedia":[{"embeddable":true,"href":"https:\/\/diariotextual.com\/inicio\/index.php\/wp-json\/wp\/v2\/media\/269914"}],"wp:attachment":[{"href":"https:\/\/diariotextual.com\/inicio\/index.php\/wp-json\/wp\/v2\/media?parent=334394"}],"wp:term":[{"taxonomy":"category","embeddable":true,"href":"https:\/\/diariotextual.com\/inicio\/index.php\/wp-json\/wp\/v2\/categories?post=334394"},{"taxonomy":"post_tag","embeddable":true,"href":"https:\/\/diariotextual.com\/inicio\/index.php\/wp-json\/wp\/v2\/tags?post=334394"}],"curies":[{"name":"wp","href":"https:\/\/api.w.org\/{rel}","templated":true}]}}