{"id":334398,"date":"2026-09-02T20:39:13","date_gmt":"2026-09-02T23:39:13","guid":{"rendered":"https:\/\/diariotextual.com\/inicio\/?p=334398"},"modified":"2026-09-02T20:39:15","modified_gmt":"2026-09-02T23:39:15","slug":"arte-ciencia-y-literatura-la-feria-del-libro-infantil-propone-una-experiencia-para-toda-la-familia-en-general-pico","status":"publish","type":"post","link":"https:\/\/diariotextual.com\/inicio\/index.php\/2026\/09\/02\/arte-ciencia-y-literatura-la-feria-del-libro-infantil-propone-una-experiencia-para-toda-la-familia-en-general-pico\/","title":{"rendered":"Arte, ciencia y literatura: la Feria del Libro Infantil propone una experiencia para toda la familia en General Pico"},"content":{"rendered":"\n<p class=\"wp-block-paragraph\">La <strong>Feria Provincial del Libro Infantil y Juvenil<\/strong> se desarrolla en General Pico como parte de la Expo Infancia y Adolescencia, con una propuesta que combina literatura, arte, ciencia y actividades l\u00fadicas para ni\u00f1as, ni\u00f1os, adolescentes y familias.<\/p>\n\n\n\n<p class=\"wp-block-paragraph\">Organizada por la Municipalidad de General Pico, con el acompa\u00f1amiento de la Secretar\u00eda de Cultura del Gobierno de La Pampa, la feria continuar\u00e1 hasta este jueves 3 en el <strong>Play\u00f3n del Ferrocarril<\/strong>, con entrada libre y una agenda que puede recorrerse de manera flexible durante toda la jornada.<\/p>\n\n\n\n<p class=\"wp-block-paragraph\">Las actividades fueron pensadas para que cada visitante pueda armar su propio recorrido. Las propuestas se encuentran disponibles de manera continua, por lo que no es necesario seguir un itinerario determinado para participar de las distintas estaciones.<\/p>\n\n\n\n<p class=\"wp-block-paragraph\">La Secretar\u00eda de Cultura provincial participa con propuestas de sus museos, que invitan a acercarse a distintas expresiones art\u00edsticas y \u00e1reas del conocimiento a trav\u00e9s del juego y la participaci\u00f3n.<\/p>\n\n\n\n<div style=\"height:100px\" aria-hidden=\"true\" class=\"wp-block-spacer\"><\/div>\n\n\n\n<h3 class=\"wp-block-heading\">Crear historietas a partir del arte<\/h3>\n\n\n\n<p class=\"wp-block-paragraph\">El <strong>Museo Provincial de Artes<\/strong> propone una actividad interactiva inspirada en la obra <em>\u201cDesconectados\u201d<\/em>, del artista Marcelo Lazarte.<\/p>\n\n\n\n<p class=\"wp-block-paragraph\">La consigna convierte a los visitantes en <strong>coautores de nuevas historias<\/strong>. Cada participante puede elegir uno o m\u00e1s personajes de la obra e imaginar qu\u00e9 v\u00ednculo podr\u00eda existir entre ellos.<\/p>\n\n\n\n<p class=\"wp-block-paragraph\">A partir de globos de di\u00e1logo impresos, pueden crear historietas, escenas o relatos gr\u00e1ficos. Las producciones se incorporan luego a un <strong>mural colectivo<\/strong>, en una propuesta que busca representar una \u201creconexi\u00f3n\u201d comunitaria a trav\u00e9s del arte.<\/p>\n\n\n\n<div style=\"height:100px\" aria-hidden=\"true\" class=\"wp-block-spacer\"><\/div>\n\n\n\n<h3 class=\"wp-block-heading\">Aprender sobre aves jugando<\/h3>\n\n\n\n<p class=\"wp-block-paragraph\">El <strong>Museo Provincial de Historia Natural<\/strong> lleva una propuesta dedicada a las aves y la biodiversidad.<\/p>\n\n\n\n<p class=\"wp-block-paragraph\">A trav\u00e9s de un juego de cartas, los participantes conocen distintas caracter\u00edsticas de las especies, como su distribuci\u00f3n, el tama\u00f1o de sus alas y sus colores.<\/p>\n\n\n\n<p class=\"wp-block-paragraph\">Las tarjetas est\u00e1n organizadas en siete categor\u00edas y permiten comparar los valores de cada especie. La din\u00e1mica busca acercar a ni\u00f1as, ni\u00f1os y j\u00f3venes al conocimiento de las aves desde una experiencia l\u00fadica y promover una mirada m\u00e1s atenta sobre la naturaleza.<\/p>\n\n\n\n<div style=\"height:100px\" aria-hidden=\"true\" class=\"wp-block-spacer\"><\/div>\n\n\n\n<h3 class=\"wp-block-heading\">Escribir cartas como Olga Orozco<\/h3>\n\n\n\n<p class=\"wp-block-paragraph\">La <strong>Casa Museo Olga Orozco<\/strong> propone el taller <em>\u201cSi tuviera que escribirte\u201d<\/em>, una actividad que utiliza la correspondencia de la escritora pampeana como punto de partida para acercarse a la poes\u00eda.<\/p>\n\n\n\n<p class=\"wp-block-paragraph\">Primero, los participantes escuchan la lectura de una carta escrita por Orozco. Luego, quienes quieran pueden escribir su propia carta, inspirados tambi\u00e9n en un libro de Alejandra Correa y Cecilia Afonso Esteves.<\/p>\n\n\n\n<p class=\"wp-block-paragraph\">La propuesta recupera la correspondencia como una forma \u00edntima de comunicaci\u00f3n y combina la escritura tradicional con recursos del lenguaje digital y elementos objetuales, para convertir las palabras en una suerte de ofrenda destinada a otra persona.<\/p>\n\n\n\n<div style=\"height:100px\" aria-hidden=\"true\" class=\"wp-block-spacer\"><\/div>\n\n\n\n<h3 class=\"wp-block-heading\">Libros, editoriales y talleres<\/h3>\n\n\n\n<p class=\"wp-block-paragraph\">Adem\u00e1s de las estaciones de los museos, la feria cuenta con una <strong>carpa de editoriales y librer\u00edas<\/strong>, ubicada en el predio del Play\u00f3n del Ferrocarril.<\/p>\n\n\n\n<p class=\"wp-block-paragraph\">El espacio permite conocer novedades literarias y t\u00edtulos independientes, adem\u00e1s de participar de una agenda de talleres y presentaciones de libros que se desarrolla durante toda la jornada.<\/p>\n\n\n\n<p class=\"wp-block-paragraph\">Desde la Secretar\u00eda de Cultura destacaron el crecimiento que tuvo la propuesta en General Pico y el trabajo sostenido durante los \u00faltimos a\u00f1os.<\/p>\n\n\n\n<p class=\"wp-block-paragraph\">El funcionario provincial se\u00f1al\u00f3 que las ferias del libro se realizan desde hace una d\u00e9cada y valor\u00f3 que la ciudad norte\u00f1a haya incorporado la iniciativa y contribuido a su crecimiento.<\/p>\n\n\n\n<p class=\"wp-block-paragraph\">\u201c<strong>Es muy importante ver c\u00f3mo General Pico recibi\u00f3 esta propuesta, la hizo propia y la fue fomentando y nutriendo cada vez m\u00e1s<\/strong>\u201d, afirm\u00f3.<\/p>\n","protected":false},"excerpt":{"rendered":"<p>La Feria Provincial del Libro Infantil y Juvenil se desarrolla en General Pico como parte de la Expo Infancia y Adolescencia, con una propuesta que combina literatura, arte, ciencia y&hellip;<\/p>\n","protected":false},"author":4,"featured_media":334407,"comment_status":"closed","ping_status":"open","sticky":false,"template":"","format":"standard","meta":{"_acf_changed":false,"footnotes":""},"categories":[1,2],"tags":[],"class_list":["post-334398","post","type-post","status-publish","format-standard","has-post-thumbnail","hentry","category-es-noticia","category-cultura"],"acf":[],"yoast_head":"<!-- This site is optimized with the Yoast SEO plugin v28.4 - https:\/\/yoast.com\/product\/yoast-seo-wordpress\/ -->\n<title>Arte, ciencia y literatura: la Feria del Libro Infantil propone una experiencia para toda la familia en General Pico - Diario Textual<\/title>\n<meta name=\"robots\" content=\"index, follow, max-snippet:-1, max-image-preview:large, max-video-preview:-1\" \/>\n<link rel=\"canonical\" href=\"https:\/\/diariotextual.com\/inicio\/index.php\/2026\/09\/02\/arte-ciencia-y-literatura-la-feria-del-libro-infantil-propone-una-experiencia-para-toda-la-familia-en-general-pico\/\" \/>\n<meta property=\"og:locale\" content=\"es_ES\" \/>\n<meta property=\"og:type\" content=\"article\" \/>\n<meta property=\"og:title\" content=\"Arte, ciencia y literatura: la Feria del Libro Infantil propone una experiencia para toda la familia en General Pico - Diario Textual\" \/>\n<meta property=\"og:description\" content=\"La Feria Provincial del Libro Infantil y Juvenil se desarrolla en General Pico como parte de la Expo Infancia y Adolescencia, con una propuesta que combina literatura, arte, ciencia y&hellip;\" \/>\n<meta property=\"og:url\" content=\"https:\/\/diariotextual.com\/inicio\/index.php\/2026\/09\/02\/arte-ciencia-y-literatura-la-feria-del-libro-infantil-propone-una-experiencia-para-toda-la-familia-en-general-pico\/\" \/>\n<meta property=\"og:site_name\" content=\"Diario Textual\" \/>\n<meta property=\"article:publisher\" content=\"https:\/\/www.facebook.com\/eltextual\" \/>\n<meta property=\"article:published_time\" content=\"2026-09-02T23:39:13+00:00\" \/>\n<meta property=\"article:modified_time\" content=\"2026-09-02T23:39:15+00:00\" \/>\n<meta property=\"og:image\" content=\"https:\/\/diariotextual.com\/inicio\/wp-content\/uploads\/2026\/09\/ferialibropico202666.jpg\" \/>\n\t<meta property=\"og:image:width\" content=\"1197\" \/>\n\t<meta property=\"og:image:height\" content=\"720\" \/>\n\t<meta property=\"og:image:type\" content=\"image\/jpeg\" \/>\n<meta name=\"author\" content=\"diario2\" \/>\n<meta name=\"twitter:card\" content=\"summary_large_image\" \/>\n<meta name=\"twitter:creator\" content=\"@eltextual\" \/>\n<meta name=\"twitter:site\" content=\"@eltextual\" \/>\n<meta name=\"twitter:label1\" content=\"Escrito por\" \/>\n\t<meta name=\"twitter:data1\" content=\"diario2\" \/>\n\t<meta name=\"twitter:label2\" content=\"Tiempo de lectura\" \/>\n\t<meta name=\"twitter:data2\" content=\"3 minutos\" \/>\n<script type=\"application\/ld+json\" class=\"yoast-schema-graph\">{\"@context\":\"https:\\\/\\\/schema.org\",\"@graph\":[{\"@type\":\"Article\",\"@id\":\"https:\\\/\\\/diariotextual.com\\\/inicio\\\/index.php\\\/2026\\\/09\\\/02\\\/arte-ciencia-y-literatura-la-feria-del-libro-infantil-propone-una-experiencia-para-toda-la-familia-en-general-pico\\\/#article\",\"isPartOf\":{\"@id\":\"https:\\\/\\\/diariotextual.com\\\/inicio\\\/index.php\\\/2026\\\/09\\\/02\\\/arte-ciencia-y-literatura-la-feria-del-libro-infantil-propone-una-experiencia-para-toda-la-familia-en-general-pico\\\/\"},\"author\":{\"name\":\"diario2\",\"@id\":\"https:\\\/\\\/diariotextual.com\\\/inicio\\\/#\\\/schema\\\/person\\\/694f60677f23c4a530867a98f22b3768\"},\"headline\":\"Arte, ciencia y literatura: la Feria del Libro Infantil propone una experiencia para toda la familia en General Pico\",\"datePublished\":\"2026-09-02T23:39:13+00:00\",\"dateModified\":\"2026-09-02T23:39:15+00:00\",\"mainEntityOfPage\":{\"@id\":\"https:\\\/\\\/diariotextual.com\\\/inicio\\\/index.php\\\/2026\\\/09\\\/02\\\/arte-ciencia-y-literatura-la-feria-del-libro-infantil-propone-una-experiencia-para-toda-la-familia-en-general-pico\\\/\"},\"wordCount\":631,\"publisher\":{\"@id\":\"https:\\\/\\\/diariotextual.com\\\/inicio\\\/#organization\"},\"image\":{\"@id\":\"https:\\\/\\\/diariotextual.com\\\/inicio\\\/index.php\\\/2026\\\/09\\\/02\\\/arte-ciencia-y-literatura-la-feria-del-libro-infantil-propone-una-experiencia-para-toda-la-familia-en-general-pico\\\/#primaryimage\"},\"thumbnailUrl\":\"https:\\\/\\\/diariotextual.com\\\/inicio\\\/wp-content\\\/uploads\\\/2026\\\/09\\\/ferialibropico202666.jpg\",\"articleSection\":[\"A - ES NOTICIA (van abajo)\",\"CULTURA\"],\"inLanguage\":\"es\"},{\"@type\":\"WebPage\",\"@id\":\"https:\\\/\\\/diariotextual.com\\\/inicio\\\/index.php\\\/2026\\\/09\\\/02\\\/arte-ciencia-y-literatura-la-feria-del-libro-infantil-propone-una-experiencia-para-toda-la-familia-en-general-pico\\\/\",\"url\":\"https:\\\/\\\/diariotextual.com\\\/inicio\\\/index.php\\\/2026\\\/09\\\/02\\\/arte-ciencia-y-literatura-la-feria-del-libro-infantil-propone-una-experiencia-para-toda-la-familia-en-general-pico\\\/\",\"name\":\"Arte, ciencia y literatura: la Feria del Libro Infantil propone una experiencia para toda la familia en General Pico - Diario Textual\",\"isPartOf\":{\"@id\":\"https:\\\/\\\/diariotextual.com\\\/inicio\\\/#website\"},\"primaryImageOfPage\":{\"@id\":\"https:\\\/\\\/diariotextual.com\\\/inicio\\\/index.php\\\/2026\\\/09\\\/02\\\/arte-ciencia-y-literatura-la-feria-del-libro-infantil-propone-una-experiencia-para-toda-la-familia-en-general-pico\\\/#primaryimage\"},\"image\":{\"@id\":\"https:\\\/\\\/diariotextual.com\\\/inicio\\\/index.php\\\/2026\\\/09\\\/02\\\/arte-ciencia-y-literatura-la-feria-del-libro-infantil-propone-una-experiencia-para-toda-la-familia-en-general-pico\\\/#primaryimage\"},\"thumbnailUrl\":\"https:\\\/\\\/diariotextual.com\\\/inicio\\\/wp-content\\\/uploads\\\/2026\\\/09\\\/ferialibropico202666.jpg\",\"datePublished\":\"2026-09-02T23:39:13+00:00\",\"dateModified\":\"2026-09-02T23:39:15+00:00\",\"breadcrumb\":{\"@id\":\"https:\\\/\\\/diariotextual.com\\\/inicio\\\/index.php\\\/2026\\\/09\\\/02\\\/arte-ciencia-y-literatura-la-feria-del-libro-infantil-propone-una-experiencia-para-toda-la-familia-en-general-pico\\\/#breadcrumb\"},\"inLanguage\":\"es\",\"potentialAction\":[{\"@type\":\"ReadAction\",\"target\":[\"https:\\\/\\\/diariotextual.com\\\/inicio\\\/index.php\\\/2026\\\/09\\\/02\\\/arte-ciencia-y-literatura-la-feria-del-libro-infantil-propone-una-experiencia-para-toda-la-familia-en-general-pico\\\/\"]}]},{\"@type\":\"ImageObject\",\"inLanguage\":\"es\",\"@id\":\"https:\\\/\\\/diariotextual.com\\\/inicio\\\/index.php\\\/2026\\\/09\\\/02\\\/arte-ciencia-y-literatura-la-feria-del-libro-infantil-propone-una-experiencia-para-toda-la-familia-en-general-pico\\\/#primaryimage\",\"url\":\"https:\\\/\\\/diariotextual.com\\\/inicio\\\/wp-content\\\/uploads\\\/2026\\\/09\\\/ferialibropico202666.jpg\",\"contentUrl\":\"https:\\\/\\\/diariotextual.com\\\/inicio\\\/wp-content\\\/uploads\\\/2026\\\/09\\\/ferialibropico202666.jpg\",\"width\":1197,\"height\":720},{\"@type\":\"BreadcrumbList\",\"@id\":\"https:\\\/\\\/diariotextual.com\\\/inicio\\\/index.php\\\/2026\\\/09\\\/02\\\/arte-ciencia-y-literatura-la-feria-del-libro-infantil-propone-una-experiencia-para-toda-la-familia-en-general-pico\\\/#breadcrumb\",\"itemListElement\":[{\"@type\":\"ListItem\",\"position\":1,\"name\":\"Portada\",\"item\":\"https:\\\/\\\/diariotextual.com\\\/inicio\\\/\"},{\"@type\":\"ListItem\",\"position\":2,\"name\":\"Arte, ciencia y literatura: la Feria del Libro Infantil propone una experiencia para toda la familia en General Pico\"}]},{\"@type\":\"WebSite\",\"@id\":\"https:\\\/\\\/diariotextual.com\\\/inicio\\\/#website\",\"url\":\"https:\\\/\\\/diariotextual.com\\\/inicio\\\/\",\"name\":\"Diario Textual\",\"description\":\"\",\"publisher\":{\"@id\":\"https:\\\/\\\/diariotextual.com\\\/inicio\\\/#organization\"},\"potentialAction\":[{\"@type\":\"SearchAction\",\"target\":{\"@type\":\"EntryPoint\",\"urlTemplate\":\"https:\\\/\\\/diariotextual.com\\\/inicio\\\/?s={search_term_string}\"},\"query-input\":{\"@type\":\"PropertyValueSpecification\",\"valueRequired\":true,\"valueName\":\"search_term_string\"}}],\"inLanguage\":\"es\"},{\"@type\":\"Organization\",\"@id\":\"https:\\\/\\\/diariotextual.com\\\/inicio\\\/#organization\",\"name\":\"Diario Textual\",\"url\":\"https:\\\/\\\/diariotextual.com\\\/inicio\\\/\",\"logo\":{\"@type\":\"ImageObject\",\"inLanguage\":\"es\",\"@id\":\"https:\\\/\\\/diariotextual.com\\\/inicio\\\/#\\\/schema\\\/logo\\\/image\\\/\",\"url\":\"https:\\\/\\\/diariotextual.com\\\/inicio\\\/wp-content\\\/uploads\\\/2023\\\/05\\\/logotextual1.jpg\",\"contentUrl\":\"https:\\\/\\\/diariotextual.com\\\/inicio\\\/wp-content\\\/uploads\\\/2023\\\/05\\\/logotextual1.jpg\",\"width\":516,\"height\":76,\"caption\":\"Diario Textual\"},\"image\":{\"@id\":\"https:\\\/\\\/diariotextual.com\\\/inicio\\\/#\\\/schema\\\/logo\\\/image\\\/\"},\"sameAs\":[\"https:\\\/\\\/www.facebook.com\\\/eltextual\",\"https:\\\/\\\/x.com\\\/eltextual\",\"http:\\\/\\\/www.instagram.com\\\/eltextual\"]},{\"@type\":\"Person\",\"@id\":\"https:\\\/\\\/diariotextual.com\\\/inicio\\\/#\\\/schema\\\/person\\\/694f60677f23c4a530867a98f22b3768\",\"name\":\"diario2\",\"image\":{\"@type\":\"ImageObject\",\"inLanguage\":\"es\",\"@id\":\"https:\\\/\\\/secure.gravatar.com\\\/avatar\\\/5a2567495ba16b852fcd8f1ed006a2e24fcace936018ed8237e95f488ad6e0a7?s=96&d=mm&r=g\",\"url\":\"https:\\\/\\\/secure.gravatar.com\\\/avatar\\\/5a2567495ba16b852fcd8f1ed006a2e24fcace936018ed8237e95f488ad6e0a7?s=96&d=mm&r=g\",\"contentUrl\":\"https:\\\/\\\/secure.gravatar.com\\\/avatar\\\/5a2567495ba16b852fcd8f1ed006a2e24fcace936018ed8237e95f488ad6e0a7?s=96&d=mm&r=g\",\"caption\":\"diario2\"},\"url\":\"https:\\\/\\\/diariotextual.com\\\/inicio\\\/index.php\\\/author\\\/diario2\\\/\"}]}<\/script>\n<!-- \/ Yoast SEO plugin. -->","yoast_head_json":{"title":"Arte, ciencia y literatura: la Feria del Libro Infantil propone una experiencia para toda la familia en General Pico - Diario Textual","robots":{"index":"index","follow":"follow","max-snippet":"max-snippet:-1","max-image-preview":"max-image-preview:large","max-video-preview":"max-video-preview:-1"},"canonical":"https:\/\/diariotextual.com\/inicio\/index.php\/2026\/09\/02\/arte-ciencia-y-literatura-la-feria-del-libro-infantil-propone-una-experiencia-para-toda-la-familia-en-general-pico\/","og_locale":"es_ES","og_type":"article","og_title":"Arte, ciencia y literatura: la Feria del Libro Infantil propone una experiencia para toda la familia en General Pico - Diario Textual","og_description":"La Feria Provincial del Libro Infantil y Juvenil se desarrolla en General Pico como parte de la Expo Infancia y Adolescencia, con una propuesta que combina literatura, arte, ciencia y&hellip;","og_url":"https:\/\/diariotextual.com\/inicio\/index.php\/2026\/09\/02\/arte-ciencia-y-literatura-la-feria-del-libro-infantil-propone-una-experiencia-para-toda-la-familia-en-general-pico\/","og_site_name":"Diario Textual","article_publisher":"https:\/\/www.facebook.com\/eltextual","article_published_time":"2026-09-02T23:39:13+00:00","article_modified_time":"2026-09-02T23:39:15+00:00","og_image":[{"width":1197,"height":720,"url":"https:\/\/diariotextual.com\/inicio\/wp-content\/uploads\/2026\/09\/ferialibropico202666.jpg","type":"image\/jpeg"}],"author":"diario2","twitter_card":"summary_large_image","twitter_creator":"@eltextual","twitter_site":"@eltextual","twitter_misc":{"Escrito por":"diario2","Tiempo de lectura":"3 minutos"},"schema":{"@context":"https:\/\/schema.org","@graph":[{"@type":"Article","@id":"https:\/\/diariotextual.com\/inicio\/index.php\/2026\/09\/02\/arte-ciencia-y-literatura-la-feria-del-libro-infantil-propone-una-experiencia-para-toda-la-familia-en-general-pico\/#article","isPartOf":{"@id":"https:\/\/diariotextual.com\/inicio\/index.php\/2026\/09\/02\/arte-ciencia-y-literatura-la-feria-del-libro-infantil-propone-una-experiencia-para-toda-la-familia-en-general-pico\/"},"author":{"name":"diario2","@id":"https:\/\/diariotextual.com\/inicio\/#\/schema\/person\/694f60677f23c4a530867a98f22b3768"},"headline":"Arte, ciencia y literatura: la Feria del Libro Infantil propone una experiencia para toda la familia en General Pico","datePublished":"2026-09-02T23:39:13+00:00","dateModified":"2026-09-02T23:39:15+00:00","mainEntityOfPage":{"@id":"https:\/\/diariotextual.com\/inicio\/index.php\/2026\/09\/02\/arte-ciencia-y-literatura-la-feria-del-libro-infantil-propone-una-experiencia-para-toda-la-familia-en-general-pico\/"},"wordCount":631,"publisher":{"@id":"https:\/\/diariotextual.com\/inicio\/#organization"},"image":{"@id":"https:\/\/diariotextual.com\/inicio\/index.php\/2026\/09\/02\/arte-ciencia-y-literatura-la-feria-del-libro-infantil-propone-una-experiencia-para-toda-la-familia-en-general-pico\/#primaryimage"},"thumbnailUrl":"https:\/\/diariotextual.com\/inicio\/wp-content\/uploads\/2026\/09\/ferialibropico202666.jpg","articleSection":["A - ES NOTICIA (van abajo)","CULTURA"],"inLanguage":"es"},{"@type":"WebPage","@id":"https:\/\/diariotextual.com\/inicio\/index.php\/2026\/09\/02\/arte-ciencia-y-literatura-la-feria-del-libro-infantil-propone-una-experiencia-para-toda-la-familia-en-general-pico\/","url":"https:\/\/diariotextual.com\/inicio\/index.php\/2026\/09\/02\/arte-ciencia-y-literatura-la-feria-del-libro-infantil-propone-una-experiencia-para-toda-la-familia-en-general-pico\/","name":"Arte, ciencia y literatura: la Feria del Libro Infantil propone una experiencia para toda la familia en General Pico - Diario Textual","isPartOf":{"@id":"https:\/\/diariotextual.com\/inicio\/#website"},"primaryImageOfPage":{"@id":"https:\/\/diariotextual.com\/inicio\/index.php\/2026\/09\/02\/arte-ciencia-y-literatura-la-feria-del-libro-infantil-propone-una-experiencia-para-toda-la-familia-en-general-pico\/#primaryimage"},"image":{"@id":"https:\/\/diariotextual.com\/inicio\/index.php\/2026\/09\/02\/arte-ciencia-y-literatura-la-feria-del-libro-infantil-propone-una-experiencia-para-toda-la-familia-en-general-pico\/#primaryimage"},"thumbnailUrl":"https:\/\/diariotextual.com\/inicio\/wp-content\/uploads\/2026\/09\/ferialibropico202666.jpg","datePublished":"2026-09-02T23:39:13+00:00","dateModified":"2026-09-02T23:39:15+00:00","breadcrumb":{"@id":"https:\/\/diariotextual.com\/inicio\/index.php\/2026\/09\/02\/arte-ciencia-y-literatura-la-feria-del-libro-infantil-propone-una-experiencia-para-toda-la-familia-en-general-pico\/#breadcrumb"},"inLanguage":"es","potentialAction":[{"@type":"ReadAction","target":["https:\/\/diariotextual.com\/inicio\/index.php\/2026\/09\/02\/arte-ciencia-y-literatura-la-feria-del-libro-infantil-propone-una-experiencia-para-toda-la-familia-en-general-pico\/"]}]},{"@type":"ImageObject","inLanguage":"es","@id":"https:\/\/diariotextual.com\/inicio\/index.php\/2026\/09\/02\/arte-ciencia-y-literatura-la-feria-del-libro-infantil-propone-una-experiencia-para-toda-la-familia-en-general-pico\/#primaryimage","url":"https:\/\/diariotextual.com\/inicio\/wp-content\/uploads\/2026\/09\/ferialibropico202666.jpg","contentUrl":"https:\/\/diariotextual.com\/inicio\/wp-content\/uploads\/2026\/09\/ferialibropico202666.jpg","width":1197,"height":720},{"@type":"BreadcrumbList","@id":"https:\/\/diariotextual.com\/inicio\/index.php\/2026\/09\/02\/arte-ciencia-y-literatura-la-feria-del-libro-infantil-propone-una-experiencia-para-toda-la-familia-en-general-pico\/#breadcrumb","itemListElement":[{"@type":"ListItem","position":1,"name":"Portada","item":"https:\/\/diariotextual.com\/inicio\/"},{"@type":"ListItem","position":2,"name":"Arte, ciencia y literatura: la Feria del Libro Infantil propone una experiencia para toda la familia en General Pico"}]},{"@type":"WebSite","@id":"https:\/\/diariotextual.com\/inicio\/#website","url":"https:\/\/diariotextual.com\/inicio\/","name":"Diario Textual","description":"","publisher":{"@id":"https:\/\/diariotextual.com\/inicio\/#organization"},"potentialAction":[{"@type":"SearchAction","target":{"@type":"EntryPoint","urlTemplate":"https:\/\/diariotextual.com\/inicio\/?s={search_term_string}"},"query-input":{"@type":"PropertyValueSpecification","valueRequired":true,"valueName":"search_term_string"}}],"inLanguage":"es"},{"@type":"Organization","@id":"https:\/\/diariotextual.com\/inicio\/#organization","name":"Diario Textual","url":"https:\/\/diariotextual.com\/inicio\/","logo":{"@type":"ImageObject","inLanguage":"es","@id":"https:\/\/diariotextual.com\/inicio\/#\/schema\/logo\/image\/","url":"https:\/\/diariotextual.com\/inicio\/wp-content\/uploads\/2023\/05\/logotextual1.jpg","contentUrl":"https:\/\/diariotextual.com\/inicio\/wp-content\/uploads\/2023\/05\/logotextual1.jpg","width":516,"height":76,"caption":"Diario Textual"},"image":{"@id":"https:\/\/diariotextual.com\/inicio\/#\/schema\/logo\/image\/"},"sameAs":["https:\/\/www.facebook.com\/eltextual","https:\/\/x.com\/eltextual","http:\/\/www.instagram.com\/eltextual"]},{"@type":"Person","@id":"https:\/\/diariotextual.com\/inicio\/#\/schema\/person\/694f60677f23c4a530867a98f22b3768","name":"diario2","image":{"@type":"ImageObject","inLanguage":"es","@id":"https:\/\/secure.gravatar.com\/avatar\/5a2567495ba16b852fcd8f1ed006a2e24fcace936018ed8237e95f488ad6e0a7?s=96&d=mm&r=g","url":"https:\/\/secure.gravatar.com\/avatar\/5a2567495ba16b852fcd8f1ed006a2e24fcace936018ed8237e95f488ad6e0a7?s=96&d=mm&r=g","contentUrl":"https:\/\/secure.gravatar.com\/avatar\/5a2567495ba16b852fcd8f1ed006a2e24fcace936018ed8237e95f488ad6e0a7?s=96&d=mm&r=g","caption":"diario2"},"url":"https:\/\/diariotextual.com\/inicio\/index.php\/author\/diario2\/"}]}},"_links":{"self":[{"href":"https:\/\/diariotextual.com\/inicio\/index.php\/wp-json\/wp\/v2\/posts\/334398","targetHints":{"allow":["GET"]}}],"collection":[{"href":"https:\/\/diariotextual.com\/inicio\/index.php\/wp-json\/wp\/v2\/posts"}],"about":[{"href":"https:\/\/diariotextual.com\/inicio\/index.php\/wp-json\/wp\/v2\/types\/post"}],"author":[{"embeddable":true,"href":"https:\/\/diariotextual.com\/inicio\/index.php\/wp-json\/wp\/v2\/users\/4"}],"replies":[{"embeddable":true,"href":"https:\/\/diariotextual.com\/inicio\/index.php\/wp-json\/wp\/v2\/comments?post=334398"}],"version-history":[{"count":2,"href":"https:\/\/diariotextual.com\/inicio\/index.php\/wp-json\/wp\/v2\/posts\/334398\/revisions"}],"predecessor-version":[{"id":334408,"href":"https:\/\/diariotextual.com\/inicio\/index.php\/wp-json\/wp\/v2\/posts\/334398\/revisions\/334408"}],"wp:featuredmedia":[{"embeddable":true,"href":"https:\/\/diariotextual.com\/inicio\/index.php\/wp-json\/wp\/v2\/media\/334407"}],"wp:attachment":[{"href":"https:\/\/diariotextual.com\/inicio\/index.php\/wp-json\/wp\/v2\/media?parent=334398"}],"wp:term":[{"taxonomy":"category","embeddable":true,"href":"https:\/\/diariotextual.com\/inicio\/index.php\/wp-json\/wp\/v2\/categories?post=334398"},{"taxonomy":"post_tag","embeddable":true,"href":"https:\/\/diariotextual.com\/inicio\/index.php\/wp-json\/wp\/v2\/tags?post=334398"}],"curies":[{"name":"wp","href":"https:\/\/api.w.org\/{rel}","templated":true}]}}