{"id":334416,"date":"2026-09-03T06:15:06","date_gmt":"2026-09-03T09:15:06","guid":{"rendered":"https:\/\/diariotextual.com\/inicio\/?p=334416"},"modified":"2026-09-03T09:02:07","modified_gmt":"2026-09-03T12:02:07","slug":"bienvenidos-al-tren-el-peronismo-en-la-pampa-calienta-motores-rumbo-a-2027","status":"publish","type":"post","link":"https:\/\/diariotextual.com\/inicio\/index.php\/2026\/09\/03\/bienvenidos-al-tren-el-peronismo-en-la-pampa-calienta-motores-rumbo-a-2027\/","title":{"rendered":"Bienvenidos al tren: el peronismo en La Pampa calienta motores rumbo a 2027"},"content":{"rendered":"\n<p class=\"wp-block-paragraph\"><strong>Por Norberto G. Asquini<\/strong><\/p>\n\n\n\n<p class=\"wp-block-paragraph\">El <strong>peronismo en La Pampa empez\u00f3 a calentar motores<\/strong>. Empujado por los aires nacionales, con la mira puesta en las elecciones provinciales de <strong>2027<\/strong> que se acercan, la maquinaria partidaria se mueve. Un dirigente santarrose\u00f1o resume el momento y el esp\u00edritu: <strong>\u201cEl peronismo es tan grande que le cuesta arrancar, pero cuando arranca es un tren que no lo par\u00e1s\u201d.<\/strong><\/p>\n\n\n\n<p class=\"wp-block-paragraph\">La voz de largada fue la cumbre que reuni\u00f3 a mandatarios provinciales y referentes nacionales, de la que particip\u00f3 el gobernador <strong>Sergio Ziliotto<\/strong>. En ese encuentro se sentaron algunas bases para buscar la salida al peronismo nacional. <strong>Unidad con competencia<\/strong> es la idea central. Una interna con todos y juntos. Por eso se quiere defender las <strong>PASO<\/strong> que el gobierno libertario est\u00e1 tratando de eliminar para cortarle las alas al PJ. Y estos movimientos se dan en un contexto complicado para el gobierno de <strong>Javier Milei<\/strong>, que hace agua, aferrado a un d\u00f3lar casi congelado y una inflaci\u00f3n mentirosa, mientras la calle se endeuda y junta bronca.<\/p>\n\n\n\n<p class=\"wp-block-paragraph\">Los siguientes pasos del <strong>PJ pampeano<\/strong> se fueron encadenando. La reuni\u00f3n del <strong>Consejo Provincial<\/strong> con todas las l\u00edneas sell\u00f3 el consenso sobre la unidad y la necesidad de activar a la dirigencia. Despu\u00e9s llegar\u00e1 el momento de discutir nombres y cargos. Tambi\u00e9n se lanz\u00f3 la normalizaci\u00f3n de la <strong>Juventud Peronista<\/strong>. Era una promesa que le hab\u00eda hecho Ziliotto como presidente del partido a los j\u00f3venes y que sirve para movilizarlos. Pero a la vez no es una imposici\u00f3n \u201cde los grandes\u201d o una decisi\u00f3n \u201cde arriba\u201d, sino ganada por la misma militancia de la juventud en el \u00faltimo tiempo. Es tiempo de engrosar y darle cauce, y el momento es ahora antes que llegue el <strong>2027 electoral<\/strong> y desdibuje cualquier proceso. Hay tambi\u00e9n una cuesti\u00f3n de fondo: hac\u00eda veinte a\u00f1os que la JP no exist\u00eda, ahora tiene cuadros que le pueden dar forma. Una se\u00f1al, si bien habr\u00e1 que ver c\u00f3mo se encamina, de los nuevos tiempos.<\/p>\n\n\n\n<p class=\"wp-block-paragraph\">A partir de la reuni\u00f3n del <strong>Consejo Provincial<\/strong> se dispararon otras. En <strong>General Acha<\/strong> fue la primera con dirigentes de la zona. Habr\u00e1 otro esta semana en <strong>Villa Mirasol<\/strong> para el Departamento Quem\u00fa Quem\u00fa, una \u201ctierra arrasada\u201d para el peronismo que buscar recuperar pueblos perdidos. El temario sobre lo nacional es una excusa para activar. El contagio se va dando de a poco tambi\u00e9n. Los que en un pueblo donde gobierna un radical estaban a la sombra, aislados, comienzan a despertarse. La idea es que empiecen a moverse en los pueblos para buscar despu\u00e9s la mejor oferta electoral para pelear la intendencia.<\/p>\n\n\n\n<p class=\"wp-block-paragraph\">Las se\u00f1ales tambi\u00e9n las dan los dirigentes. La firma del convenio entre <strong>Ziliotto y el gobernador de Buenos Aires, y uno de los presidenciables, Axel Kicillof<\/strong>, fue una muestra de entendimiento entre dos dirigentes nacionales. El gesto que se pretende mostrar. Por ahora sin alineamientos desde el lado pampeano. En la reuni\u00f3n tambi\u00e9n estuvo la intendenta de <strong>General Pico, Fernanda Alonso<\/strong>, que no es muy habitu\u00e9 de estos encuentros, y que adem\u00e1s empez\u00f3 a gestar agenda propia recuperando protagonismo y avisando para 2027.<\/p>\n\n\n\n<p class=\"wp-block-paragraph\">Y los nuevos tiempos tambi\u00e9n empujan a las l\u00edneas. Hace unos d\u00edas, una reuni\u00f3n convocada para pocas personas de <strong>Identidad Peronista<\/strong> termin\u00f3 llenando el sal\u00f3n para hablar de pol\u00edtica. No hay plazos, porque no se sabe cu\u00e1ndo ser\u00e1n las elecciones en La Pampa, pero todo es inminente. Son momentos para armar y estar preparados para la hora de la discusi\u00f3n electoral. <strong>La C\u00e1mpora<\/strong> tambi\u00e9n se muestra con un precandidato a intendente para fortalecer su espacio en Santa Rosa, el <strong>marinismo<\/strong>, que est\u00e1 enojado con la Plural porque no le da el lugar que pretende, tambi\u00e9n hace sus c\u00e1lculos.<\/p>\n\n\n\n<p class=\"wp-block-paragraph\">La \u00fanica voz disonante en estos movimientos de unidad es la del intendente de Santa Rosa, <strong>Luciano Di N\u00e1poli<\/strong>, empe\u00f1ado en sostener su candidatura a gobernador. Esta semana, con la excusa de que \u201cno lo dejan participar\u201d de una interna partidaria, se baj\u00f3 de esa posibilidad. Fue toreado por <strong>Jorge Lezcano<\/strong>, fogueado en las internas santarrose\u00f1as, que le record\u00f3 que lleg\u00f3 donde est\u00e1 por ganar una, de la que pudieron participar todos con total transparencia. Di N\u00e1poli mientras tanto se aleja de los acuerdos, se cierra y acota opciones. <strong>Es dif\u00edcil que el PJ lo elija como su candidato<\/strong> y \u00e9l presiona con jugar por fuera con su partido <strong>Fuerza Pampa<\/strong>. Una estrategia arriesgada: lanzar un partido pero no decir que es propio porque contradice que el que quiere ser candidato a gobernador a la vez promueve una ruptura.<\/p>\n\n\n\n<p class=\"wp-block-paragraph\"><\/p>\n","protected":false},"excerpt":{"rendered":"<p>Por Norberto G. Asquini El peronismo en La Pampa empez\u00f3 a calentar motores. Empujado por los aires nacionales, con la mira puesta en las elecciones provinciales de 2027 que se&hellip;<\/p>\n","protected":false},"author":3,"featured_media":334418,"comment_status":"closed","ping_status":"open","sticky":false,"template":"","format":"standard","meta":{"_acf_changed":false,"footnotes":""},"categories":[4,8],"tags":[],"class_list":["post-334416","post","type-post","status-publish","format-standard","has-post-thumbnail","hentry","category-destacadas","category-politica"],"acf":[],"yoast_head":"<!-- This site is optimized with the Yoast SEO plugin v28.4 - https:\/\/yoast.com\/product\/yoast-seo-wordpress\/ -->\n<title>Bienvenidos al tren: el peronismo en La Pampa calienta motores rumbo a 2027 - Diario Textual<\/title>\n<meta name=\"robots\" content=\"index, follow, max-snippet:-1, max-image-preview:large, max-video-preview:-1\" \/>\n<link rel=\"canonical\" href=\"https:\/\/diariotextual.com\/inicio\/index.php\/2026\/09\/03\/bienvenidos-al-tren-el-peronismo-en-la-pampa-calienta-motores-rumbo-a-2027\/\" \/>\n<meta property=\"og:locale\" content=\"es_ES\" \/>\n<meta property=\"og:type\" content=\"article\" \/>\n<meta property=\"og:title\" content=\"Bienvenidos al tren: el peronismo en La Pampa calienta motores rumbo a 2027 - Diario Textual\" \/>\n<meta property=\"og:description\" content=\"Por Norberto G. Asquini El peronismo en La Pampa empez\u00f3 a calentar motores. Empujado por los aires nacionales, con la mira puesta en las elecciones provinciales de 2027 que se&hellip;\" \/>\n<meta property=\"og:url\" content=\"https:\/\/diariotextual.com\/inicio\/index.php\/2026\/09\/03\/bienvenidos-al-tren-el-peronismo-en-la-pampa-calienta-motores-rumbo-a-2027\/\" \/>\n<meta property=\"og:site_name\" content=\"Diario Textual\" \/>\n<meta property=\"article:publisher\" content=\"https:\/\/www.facebook.com\/eltextual\" \/>\n<meta property=\"article:published_time\" content=\"2026-09-03T09:15:06+00:00\" \/>\n<meta property=\"article:modified_time\" content=\"2026-09-03T12:02:07+00:00\" \/>\n<meta property=\"og:image\" content=\"https:\/\/diariotextual.com\/inicio\/wp-content\/uploads\/2026\/09\/peronismopj00009.jpg\" \/>\n\t<meta property=\"og:image:width\" content=\"1300\" \/>\n\t<meta property=\"og:image:height\" content=\"776\" \/>\n\t<meta property=\"og:image:type\" content=\"image\/jpeg\" \/>\n<meta name=\"author\" content=\"Diario1 Diario1\" \/>\n<meta name=\"twitter:card\" content=\"summary_large_image\" \/>\n<meta name=\"twitter:creator\" content=\"@eltextual\" \/>\n<meta name=\"twitter:site\" content=\"@eltextual\" \/>\n<meta name=\"twitter:label1\" content=\"Escrito por\" \/>\n\t<meta name=\"twitter:data1\" content=\"Diario1 Diario1\" \/>\n\t<meta name=\"twitter:label2\" content=\"Tiempo de lectura\" \/>\n\t<meta name=\"twitter:data2\" content=\"4 minutos\" \/>\n<script type=\"application\/ld+json\" class=\"yoast-schema-graph\">{\"@context\":\"https:\\\/\\\/schema.org\",\"@graph\":[{\"@type\":\"Article\",\"@id\":\"https:\\\/\\\/diariotextual.com\\\/inicio\\\/index.php\\\/2026\\\/09\\\/03\\\/bienvenidos-al-tren-el-peronismo-en-la-pampa-calienta-motores-rumbo-a-2027\\\/#article\",\"isPartOf\":{\"@id\":\"https:\\\/\\\/diariotextual.com\\\/inicio\\\/index.php\\\/2026\\\/09\\\/03\\\/bienvenidos-al-tren-el-peronismo-en-la-pampa-calienta-motores-rumbo-a-2027\\\/\"},\"author\":{\"name\":\"Diario1 Diario1\",\"@id\":\"https:\\\/\\\/diariotextual.com\\\/inicio\\\/#\\\/schema\\\/person\\\/418fc4093c33e86ed41562db3508f958\"},\"headline\":\"Bienvenidos al tren: el peronismo en La Pampa calienta motores rumbo a 2027\",\"datePublished\":\"2026-09-03T09:15:06+00:00\",\"dateModified\":\"2026-09-03T12:02:07+00:00\",\"mainEntityOfPage\":{\"@id\":\"https:\\\/\\\/diariotextual.com\\\/inicio\\\/index.php\\\/2026\\\/09\\\/03\\\/bienvenidos-al-tren-el-peronismo-en-la-pampa-calienta-motores-rumbo-a-2027\\\/\"},\"wordCount\":806,\"publisher\":{\"@id\":\"https:\\\/\\\/diariotextual.com\\\/inicio\\\/#organization\"},\"image\":{\"@id\":\"https:\\\/\\\/diariotextual.com\\\/inicio\\\/index.php\\\/2026\\\/09\\\/03\\\/bienvenidos-al-tren-el-peronismo-en-la-pampa-calienta-motores-rumbo-a-2027\\\/#primaryimage\"},\"thumbnailUrl\":\"https:\\\/\\\/diariotextual.com\\\/inicio\\\/wp-content\\\/uploads\\\/2026\\\/09\\\/peronismopj00009.jpg\",\"articleSection\":[\"A - DESTACADAS (mod 16)\",\"POLITICA\"],\"inLanguage\":\"es\"},{\"@type\":\"WebPage\",\"@id\":\"https:\\\/\\\/diariotextual.com\\\/inicio\\\/index.php\\\/2026\\\/09\\\/03\\\/bienvenidos-al-tren-el-peronismo-en-la-pampa-calienta-motores-rumbo-a-2027\\\/\",\"url\":\"https:\\\/\\\/diariotextual.com\\\/inicio\\\/index.php\\\/2026\\\/09\\\/03\\\/bienvenidos-al-tren-el-peronismo-en-la-pampa-calienta-motores-rumbo-a-2027\\\/\",\"name\":\"Bienvenidos al tren: el peronismo en La Pampa calienta motores rumbo a 2027 - Diario Textual\",\"isPartOf\":{\"@id\":\"https:\\\/\\\/diariotextual.com\\\/inicio\\\/#website\"},\"primaryImageOfPage\":{\"@id\":\"https:\\\/\\\/diariotextual.com\\\/inicio\\\/index.php\\\/2026\\\/09\\\/03\\\/bienvenidos-al-tren-el-peronismo-en-la-pampa-calienta-motores-rumbo-a-2027\\\/#primaryimage\"},\"image\":{\"@id\":\"https:\\\/\\\/diariotextual.com\\\/inicio\\\/index.php\\\/2026\\\/09\\\/03\\\/bienvenidos-al-tren-el-peronismo-en-la-pampa-calienta-motores-rumbo-a-2027\\\/#primaryimage\"},\"thumbnailUrl\":\"https:\\\/\\\/diariotextual.com\\\/inicio\\\/wp-content\\\/uploads\\\/2026\\\/09\\\/peronismopj00009.jpg\",\"datePublished\":\"2026-09-03T09:15:06+00:00\",\"dateModified\":\"2026-09-03T12:02:07+00:00\",\"breadcrumb\":{\"@id\":\"https:\\\/\\\/diariotextual.com\\\/inicio\\\/index.php\\\/2026\\\/09\\\/03\\\/bienvenidos-al-tren-el-peronismo-en-la-pampa-calienta-motores-rumbo-a-2027\\\/#breadcrumb\"},\"inLanguage\":\"es\",\"potentialAction\":[{\"@type\":\"ReadAction\",\"target\":[\"https:\\\/\\\/diariotextual.com\\\/inicio\\\/index.php\\\/2026\\\/09\\\/03\\\/bienvenidos-al-tren-el-peronismo-en-la-pampa-calienta-motores-rumbo-a-2027\\\/\"]}]},{\"@type\":\"ImageObject\",\"inLanguage\":\"es\",\"@id\":\"https:\\\/\\\/diariotextual.com\\\/inicio\\\/index.php\\\/2026\\\/09\\\/03\\\/bienvenidos-al-tren-el-peronismo-en-la-pampa-calienta-motores-rumbo-a-2027\\\/#primaryimage\",\"url\":\"https:\\\/\\\/diariotextual.com\\\/inicio\\\/wp-content\\\/uploads\\\/2026\\\/09\\\/peronismopj00009.jpg\",\"contentUrl\":\"https:\\\/\\\/diariotextual.com\\\/inicio\\\/wp-content\\\/uploads\\\/2026\\\/09\\\/peronismopj00009.jpg\",\"width\":1300,\"height\":776},{\"@type\":\"BreadcrumbList\",\"@id\":\"https:\\\/\\\/diariotextual.com\\\/inicio\\\/index.php\\\/2026\\\/09\\\/03\\\/bienvenidos-al-tren-el-peronismo-en-la-pampa-calienta-motores-rumbo-a-2027\\\/#breadcrumb\",\"itemListElement\":[{\"@type\":\"ListItem\",\"position\":1,\"name\":\"Portada\",\"item\":\"https:\\\/\\\/diariotextual.com\\\/inicio\\\/\"},{\"@type\":\"ListItem\",\"position\":2,\"name\":\"Bienvenidos al tren: el peronismo en La Pampa calienta motores rumbo a 2027\"}]},{\"@type\":\"WebSite\",\"@id\":\"https:\\\/\\\/diariotextual.com\\\/inicio\\\/#website\",\"url\":\"https:\\\/\\\/diariotextual.com\\\/inicio\\\/\",\"name\":\"Diario Textual\",\"description\":\"\",\"publisher\":{\"@id\":\"https:\\\/\\\/diariotextual.com\\\/inicio\\\/#organization\"},\"potentialAction\":[{\"@type\":\"SearchAction\",\"target\":{\"@type\":\"EntryPoint\",\"urlTemplate\":\"https:\\\/\\\/diariotextual.com\\\/inicio\\\/?s={search_term_string}\"},\"query-input\":{\"@type\":\"PropertyValueSpecification\",\"valueRequired\":true,\"valueName\":\"search_term_string\"}}],\"inLanguage\":\"es\"},{\"@type\":\"Organization\",\"@id\":\"https:\\\/\\\/diariotextual.com\\\/inicio\\\/#organization\",\"name\":\"Diario Textual\",\"url\":\"https:\\\/\\\/diariotextual.com\\\/inicio\\\/\",\"logo\":{\"@type\":\"ImageObject\",\"inLanguage\":\"es\",\"@id\":\"https:\\\/\\\/diariotextual.com\\\/inicio\\\/#\\\/schema\\\/logo\\\/image\\\/\",\"url\":\"https:\\\/\\\/diariotextual.com\\\/inicio\\\/wp-content\\\/uploads\\\/2023\\\/05\\\/logotextual1.jpg\",\"contentUrl\":\"https:\\\/\\\/diariotextual.com\\\/inicio\\\/wp-content\\\/uploads\\\/2023\\\/05\\\/logotextual1.jpg\",\"width\":516,\"height\":76,\"caption\":\"Diario Textual\"},\"image\":{\"@id\":\"https:\\\/\\\/diariotextual.com\\\/inicio\\\/#\\\/schema\\\/logo\\\/image\\\/\"},\"sameAs\":[\"https:\\\/\\\/www.facebook.com\\\/eltextual\",\"https:\\\/\\\/x.com\\\/eltextual\",\"http:\\\/\\\/www.instagram.com\\\/eltextual\"]},{\"@type\":\"Person\",\"@id\":\"https:\\\/\\\/diariotextual.com\\\/inicio\\\/#\\\/schema\\\/person\\\/418fc4093c33e86ed41562db3508f958\",\"name\":\"Diario1 Diario1\",\"image\":{\"@type\":\"ImageObject\",\"inLanguage\":\"es\",\"@id\":\"https:\\\/\\\/secure.gravatar.com\\\/avatar\\\/9167d280179c85bc18be67aa7eda765854300033af4896dd779b608640f2ef7a?s=96&d=mm&r=g\",\"url\":\"https:\\\/\\\/secure.gravatar.com\\\/avatar\\\/9167d280179c85bc18be67aa7eda765854300033af4896dd779b608640f2ef7a?s=96&d=mm&r=g\",\"contentUrl\":\"https:\\\/\\\/secure.gravatar.com\\\/avatar\\\/9167d280179c85bc18be67aa7eda765854300033af4896dd779b608640f2ef7a?s=96&d=mm&r=g\",\"caption\":\"Diario1 Diario1\"},\"url\":\"https:\\\/\\\/diariotextual.com\\\/inicio\\\/index.php\\\/author\\\/diario1\\\/\"}]}<\/script>\n<!-- \/ Yoast SEO plugin. -->","yoast_head_json":{"title":"Bienvenidos al tren: el peronismo en La Pampa calienta motores rumbo a 2027 - Diario Textual","robots":{"index":"index","follow":"follow","max-snippet":"max-snippet:-1","max-image-preview":"max-image-preview:large","max-video-preview":"max-video-preview:-1"},"canonical":"https:\/\/diariotextual.com\/inicio\/index.php\/2026\/09\/03\/bienvenidos-al-tren-el-peronismo-en-la-pampa-calienta-motores-rumbo-a-2027\/","og_locale":"es_ES","og_type":"article","og_title":"Bienvenidos al tren: el peronismo en La Pampa calienta motores rumbo a 2027 - Diario Textual","og_description":"Por Norberto G. Asquini El peronismo en La Pampa empez\u00f3 a calentar motores. Empujado por los aires nacionales, con la mira puesta en las elecciones provinciales de 2027 que se&hellip;","og_url":"https:\/\/diariotextual.com\/inicio\/index.php\/2026\/09\/03\/bienvenidos-al-tren-el-peronismo-en-la-pampa-calienta-motores-rumbo-a-2027\/","og_site_name":"Diario Textual","article_publisher":"https:\/\/www.facebook.com\/eltextual","article_published_time":"2026-09-03T09:15:06+00:00","article_modified_time":"2026-09-03T12:02:07+00:00","og_image":[{"width":1300,"height":776,"url":"https:\/\/diariotextual.com\/inicio\/wp-content\/uploads\/2026\/09\/peronismopj00009.jpg","type":"image\/jpeg"}],"author":"Diario1 Diario1","twitter_card":"summary_large_image","twitter_creator":"@eltextual","twitter_site":"@eltextual","twitter_misc":{"Escrito por":"Diario1 Diario1","Tiempo de lectura":"4 minutos"},"schema":{"@context":"https:\/\/schema.org","@graph":[{"@type":"Article","@id":"https:\/\/diariotextual.com\/inicio\/index.php\/2026\/09\/03\/bienvenidos-al-tren-el-peronismo-en-la-pampa-calienta-motores-rumbo-a-2027\/#article","isPartOf":{"@id":"https:\/\/diariotextual.com\/inicio\/index.php\/2026\/09\/03\/bienvenidos-al-tren-el-peronismo-en-la-pampa-calienta-motores-rumbo-a-2027\/"},"author":{"name":"Diario1 Diario1","@id":"https:\/\/diariotextual.com\/inicio\/#\/schema\/person\/418fc4093c33e86ed41562db3508f958"},"headline":"Bienvenidos al tren: el peronismo en La Pampa calienta motores rumbo a 2027","datePublished":"2026-09-03T09:15:06+00:00","dateModified":"2026-09-03T12:02:07+00:00","mainEntityOfPage":{"@id":"https:\/\/diariotextual.com\/inicio\/index.php\/2026\/09\/03\/bienvenidos-al-tren-el-peronismo-en-la-pampa-calienta-motores-rumbo-a-2027\/"},"wordCount":806,"publisher":{"@id":"https:\/\/diariotextual.com\/inicio\/#organization"},"image":{"@id":"https:\/\/diariotextual.com\/inicio\/index.php\/2026\/09\/03\/bienvenidos-al-tren-el-peronismo-en-la-pampa-calienta-motores-rumbo-a-2027\/#primaryimage"},"thumbnailUrl":"https:\/\/diariotextual.com\/inicio\/wp-content\/uploads\/2026\/09\/peronismopj00009.jpg","articleSection":["A - DESTACADAS (mod 16)","POLITICA"],"inLanguage":"es"},{"@type":"WebPage","@id":"https:\/\/diariotextual.com\/inicio\/index.php\/2026\/09\/03\/bienvenidos-al-tren-el-peronismo-en-la-pampa-calienta-motores-rumbo-a-2027\/","url":"https:\/\/diariotextual.com\/inicio\/index.php\/2026\/09\/03\/bienvenidos-al-tren-el-peronismo-en-la-pampa-calienta-motores-rumbo-a-2027\/","name":"Bienvenidos al tren: el peronismo en La Pampa calienta motores rumbo a 2027 - Diario Textual","isPartOf":{"@id":"https:\/\/diariotextual.com\/inicio\/#website"},"primaryImageOfPage":{"@id":"https:\/\/diariotextual.com\/inicio\/index.php\/2026\/09\/03\/bienvenidos-al-tren-el-peronismo-en-la-pampa-calienta-motores-rumbo-a-2027\/#primaryimage"},"image":{"@id":"https:\/\/diariotextual.com\/inicio\/index.php\/2026\/09\/03\/bienvenidos-al-tren-el-peronismo-en-la-pampa-calienta-motores-rumbo-a-2027\/#primaryimage"},"thumbnailUrl":"https:\/\/diariotextual.com\/inicio\/wp-content\/uploads\/2026\/09\/peronismopj00009.jpg","datePublished":"2026-09-03T09:15:06+00:00","dateModified":"2026-09-03T12:02:07+00:00","breadcrumb":{"@id":"https:\/\/diariotextual.com\/inicio\/index.php\/2026\/09\/03\/bienvenidos-al-tren-el-peronismo-en-la-pampa-calienta-motores-rumbo-a-2027\/#breadcrumb"},"inLanguage":"es","potentialAction":[{"@type":"ReadAction","target":["https:\/\/diariotextual.com\/inicio\/index.php\/2026\/09\/03\/bienvenidos-al-tren-el-peronismo-en-la-pampa-calienta-motores-rumbo-a-2027\/"]}]},{"@type":"ImageObject","inLanguage":"es","@id":"https:\/\/diariotextual.com\/inicio\/index.php\/2026\/09\/03\/bienvenidos-al-tren-el-peronismo-en-la-pampa-calienta-motores-rumbo-a-2027\/#primaryimage","url":"https:\/\/diariotextual.com\/inicio\/wp-content\/uploads\/2026\/09\/peronismopj00009.jpg","contentUrl":"https:\/\/diariotextual.com\/inicio\/wp-content\/uploads\/2026\/09\/peronismopj00009.jpg","width":1300,"height":776},{"@type":"BreadcrumbList","@id":"https:\/\/diariotextual.com\/inicio\/index.php\/2026\/09\/03\/bienvenidos-al-tren-el-peronismo-en-la-pampa-calienta-motores-rumbo-a-2027\/#breadcrumb","itemListElement":[{"@type":"ListItem","position":1,"name":"Portada","item":"https:\/\/diariotextual.com\/inicio\/"},{"@type":"ListItem","position":2,"name":"Bienvenidos al tren: el peronismo en La Pampa calienta motores rumbo a 2027"}]},{"@type":"WebSite","@id":"https:\/\/diariotextual.com\/inicio\/#website","url":"https:\/\/diariotextual.com\/inicio\/","name":"Diario Textual","description":"","publisher":{"@id":"https:\/\/diariotextual.com\/inicio\/#organization"},"potentialAction":[{"@type":"SearchAction","target":{"@type":"EntryPoint","urlTemplate":"https:\/\/diariotextual.com\/inicio\/?s={search_term_string}"},"query-input":{"@type":"PropertyValueSpecification","valueRequired":true,"valueName":"search_term_string"}}],"inLanguage":"es"},{"@type":"Organization","@id":"https:\/\/diariotextual.com\/inicio\/#organization","name":"Diario Textual","url":"https:\/\/diariotextual.com\/inicio\/","logo":{"@type":"ImageObject","inLanguage":"es","@id":"https:\/\/diariotextual.com\/inicio\/#\/schema\/logo\/image\/","url":"https:\/\/diariotextual.com\/inicio\/wp-content\/uploads\/2023\/05\/logotextual1.jpg","contentUrl":"https:\/\/diariotextual.com\/inicio\/wp-content\/uploads\/2023\/05\/logotextual1.jpg","width":516,"height":76,"caption":"Diario Textual"},"image":{"@id":"https:\/\/diariotextual.com\/inicio\/#\/schema\/logo\/image\/"},"sameAs":["https:\/\/www.facebook.com\/eltextual","https:\/\/x.com\/eltextual","http:\/\/www.instagram.com\/eltextual"]},{"@type":"Person","@id":"https:\/\/diariotextual.com\/inicio\/#\/schema\/person\/418fc4093c33e86ed41562db3508f958","name":"Diario1 Diario1","image":{"@type":"ImageObject","inLanguage":"es","@id":"https:\/\/secure.gravatar.com\/avatar\/9167d280179c85bc18be67aa7eda765854300033af4896dd779b608640f2ef7a?s=96&d=mm&r=g","url":"https:\/\/secure.gravatar.com\/avatar\/9167d280179c85bc18be67aa7eda765854300033af4896dd779b608640f2ef7a?s=96&d=mm&r=g","contentUrl":"https:\/\/secure.gravatar.com\/avatar\/9167d280179c85bc18be67aa7eda765854300033af4896dd779b608640f2ef7a?s=96&d=mm&r=g","caption":"Diario1 Diario1"},"url":"https:\/\/diariotextual.com\/inicio\/index.php\/author\/diario1\/"}]}},"_links":{"self":[{"href":"https:\/\/diariotextual.com\/inicio\/index.php\/wp-json\/wp\/v2\/posts\/334416","targetHints":{"allow":["GET"]}}],"collection":[{"href":"https:\/\/diariotextual.com\/inicio\/index.php\/wp-json\/wp\/v2\/posts"}],"about":[{"href":"https:\/\/diariotextual.com\/inicio\/index.php\/wp-json\/wp\/v2\/types\/post"}],"author":[{"embeddable":true,"href":"https:\/\/diariotextual.com\/inicio\/index.php\/wp-json\/wp\/v2\/users\/3"}],"replies":[{"embeddable":true,"href":"https:\/\/diariotextual.com\/inicio\/index.php\/wp-json\/wp\/v2\/comments?post=334416"}],"version-history":[{"count":1,"href":"https:\/\/diariotextual.com\/inicio\/index.php\/wp-json\/wp\/v2\/posts\/334416\/revisions"}],"predecessor-version":[{"id":334417,"href":"https:\/\/diariotextual.com\/inicio\/index.php\/wp-json\/wp\/v2\/posts\/334416\/revisions\/334417"}],"wp:featuredmedia":[{"embeddable":true,"href":"https:\/\/diariotextual.com\/inicio\/index.php\/wp-json\/wp\/v2\/media\/334418"}],"wp:attachment":[{"href":"https:\/\/diariotextual.com\/inicio\/index.php\/wp-json\/wp\/v2\/media?parent=334416"}],"wp:term":[{"taxonomy":"category","embeddable":true,"href":"https:\/\/diariotextual.com\/inicio\/index.php\/wp-json\/wp\/v2\/categories?post=334416"},{"taxonomy":"post_tag","embeddable":true,"href":"https:\/\/diariotextual.com\/inicio\/index.php\/wp-json\/wp\/v2\/tags?post=334416"}],"curies":[{"name":"wp","href":"https:\/\/api.w.org\/{rel}","templated":true}]}}