{"id":334421,"date":"2026-09-03T07:39:34","date_gmt":"2026-09-03T10:39:34","guid":{"rendered":"https:\/\/diariotextual.com\/inicio\/?p=334421"},"modified":"2026-09-03T07:39:35","modified_gmt":"2026-09-03T10:39:35","slug":"se-derrumbaron-las-ventas-de-lacteos-la-lider-del-sector-sufrio-una-baja-del-10","status":"publish","type":"post","link":"https:\/\/diariotextual.com\/inicio\/index.php\/2026\/09\/03\/se-derrumbaron-las-ventas-de-lacteos-la-lider-del-sector-sufrio-una-baja-del-10\/","title":{"rendered":"Se derrumbaron las ventas de l\u00e1cteos: la l\u00edder del sector sufri\u00f3 una baja del 10%"},"content":{"rendered":"\n<p class=\"wp-block-paragraph\">Seg\u00fan el \u00faltimo balance presentado a la Bolsa porte\u00f1a, Mastellone, l\u00edder del sector l\u00e1cteo, cerr\u00f3 el primer semestre de 2026 con una p\u00e9rdida de $4.791 millones y una ca\u00edda real de 6,7% en sus ingresos.<\/p>\n\n\n\n<p class=\"wp-block-paragraph\">El deterioro se concentr\u00f3 en el mercado argentino, mientras las exportaciones, la generaci\u00f3n de caja y la reestructuraci\u00f3n de la deuda aportaron se\u00f1ales m\u00e1s favorables.<\/p>\n\n\n\n<p class=\"wp-block-paragraph\">La contracci\u00f3n estuvo explicada fundamentalmente por el mercado argentino.<\/p>\n\n\n\n<p class=\"wp-block-paragraph\">Las ventas locales bajaron de $807.199 millones a $723.996 millones, una disminuci\u00f3n real de 10,3%.<\/p>\n\n\n\n<p class=\"wp-block-paragraph\">En sentido contrario, los ingresos provenientes de los mercados externos crecieron 10,5%, hasta alcanzar los $172.242 millones.<\/p>\n\n\n\n<p class=\"wp-block-paragraph\">Los estados financieros de Mastellone Hermanos correspondientes al primer semestre de 2026 ofrecen una radiograf\u00eda bastante precisa de las dificultades que atraviesa la industria de alimentos de consumo masivo.<\/p>\n\n\n\n<p class=\"wp-block-paragraph\">La compa\u00f1\u00eda logr\u00f3 sostener su operaci\u00f3n, generar efectivo y reducir su deuda financiera, pero no pudo evitar una nueva p\u00e9rdida en un escenario marcado por el debilitamiento de las ventas en el mercado interno, los altos costos y la b\u00fasqueda de precios m\u00e1s bajos por parte de los consumidores.<\/p>\n\n\n\n<p class=\"wp-block-paragraph\"><\/p>\n","protected":false},"excerpt":{"rendered":"<p>Seg\u00fan el \u00faltimo balance presentado a la Bolsa porte\u00f1a, Mastellone, l\u00edder del sector l\u00e1cteo, cerr\u00f3 el primer semestre de 2026 con una p\u00e9rdida de $4.791 millones y una ca\u00edda real&hellip;<\/p>\n","protected":false},"author":3,"featured_media":334423,"comment_status":"closed","ping_status":"open","sticky":false,"template":"","format":"standard","meta":{"_acf_changed":false,"footnotes":""},"categories":[1,5],"tags":[],"class_list":["post-334421","post","type-post","status-publish","format-standard","has-post-thumbnail","hentry","category-es-noticia","category-economia"],"acf":[],"yoast_head":"<!-- This site is optimized with the Yoast SEO plugin v28.4 - https:\/\/yoast.com\/product\/yoast-seo-wordpress\/ -->\n<title>Se derrumbaron las ventas de l\u00e1cteos: la l\u00edder del sector sufri\u00f3 una baja del 10% - Diario Textual<\/title>\n<meta name=\"robots\" content=\"index, follow, max-snippet:-1, max-image-preview:large, max-video-preview:-1\" \/>\n<link rel=\"canonical\" href=\"https:\/\/diariotextual.com\/inicio\/index.php\/2026\/09\/03\/se-derrumbaron-las-ventas-de-lacteos-la-lider-del-sector-sufrio-una-baja-del-10\/\" \/>\n<meta property=\"og:locale\" content=\"es_ES\" \/>\n<meta property=\"og:type\" content=\"article\" \/>\n<meta property=\"og:title\" content=\"Se derrumbaron las ventas de l\u00e1cteos: la l\u00edder del sector sufri\u00f3 una baja del 10% - Diario Textual\" \/>\n<meta property=\"og:description\" content=\"Seg\u00fan el \u00faltimo balance presentado a la Bolsa porte\u00f1a, Mastellone, l\u00edder del sector l\u00e1cteo, cerr\u00f3 el primer semestre de 2026 con una p\u00e9rdida de $4.791 millones y una ca\u00edda real&hellip;\" \/>\n<meta property=\"og:url\" content=\"https:\/\/diariotextual.com\/inicio\/index.php\/2026\/09\/03\/se-derrumbaron-las-ventas-de-lacteos-la-lider-del-sector-sufrio-una-baja-del-10\/\" \/>\n<meta property=\"og:site_name\" content=\"Diario Textual\" \/>\n<meta property=\"article:publisher\" content=\"https:\/\/www.facebook.com\/eltextual\" \/>\n<meta property=\"article:published_time\" content=\"2026-09-03T10:39:34+00:00\" \/>\n<meta property=\"article:modified_time\" content=\"2026-09-03T10:39:35+00:00\" \/>\n<meta property=\"og:image\" content=\"https:\/\/diariotextual.com\/inicio\/wp-content\/uploads\/2026\/09\/quesoslacteos009.jpg\" \/>\n\t<meta property=\"og:image:width\" content=\"600\" \/>\n\t<meta property=\"og:image:height\" content=\"400\" \/>\n\t<meta property=\"og:image:type\" content=\"image\/jpeg\" \/>\n<meta name=\"author\" content=\"Diario1 Diario1\" \/>\n<meta name=\"twitter:card\" content=\"summary_large_image\" \/>\n<meta name=\"twitter:creator\" content=\"@eltextual\" \/>\n<meta name=\"twitter:site\" content=\"@eltextual\" \/>\n<meta name=\"twitter:label1\" content=\"Escrito por\" \/>\n\t<meta name=\"twitter:data1\" content=\"Diario1 Diario1\" \/>\n\t<meta name=\"twitter:label2\" content=\"Tiempo de lectura\" \/>\n\t<meta name=\"twitter:data2\" content=\"2 minutos\" \/>\n<script type=\"application\/ld+json\" class=\"yoast-schema-graph\">{\"@context\":\"https:\\\/\\\/schema.org\",\"@graph\":[{\"@type\":\"Article\",\"@id\":\"https:\\\/\\\/diariotextual.com\\\/inicio\\\/index.php\\\/2026\\\/09\\\/03\\\/se-derrumbaron-las-ventas-de-lacteos-la-lider-del-sector-sufrio-una-baja-del-10\\\/#article\",\"isPartOf\":{\"@id\":\"https:\\\/\\\/diariotextual.com\\\/inicio\\\/index.php\\\/2026\\\/09\\\/03\\\/se-derrumbaron-las-ventas-de-lacteos-la-lider-del-sector-sufrio-una-baja-del-10\\\/\"},\"author\":{\"name\":\"Diario1 Diario1\",\"@id\":\"https:\\\/\\\/diariotextual.com\\\/inicio\\\/#\\\/schema\\\/person\\\/418fc4093c33e86ed41562db3508f958\"},\"headline\":\"Se derrumbaron las ventas de l\u00e1cteos: la l\u00edder del sector sufri\u00f3 una baja del 10%\",\"datePublished\":\"2026-09-03T10:39:34+00:00\",\"dateModified\":\"2026-09-03T10:39:35+00:00\",\"mainEntityOfPage\":{\"@id\":\"https:\\\/\\\/diariotextual.com\\\/inicio\\\/index.php\\\/2026\\\/09\\\/03\\\/se-derrumbaron-las-ventas-de-lacteos-la-lider-del-sector-sufrio-una-baja-del-10\\\/\"},\"wordCount\":204,\"publisher\":{\"@id\":\"https:\\\/\\\/diariotextual.com\\\/inicio\\\/#organization\"},\"image\":{\"@id\":\"https:\\\/\\\/diariotextual.com\\\/inicio\\\/index.php\\\/2026\\\/09\\\/03\\\/se-derrumbaron-las-ventas-de-lacteos-la-lider-del-sector-sufrio-una-baja-del-10\\\/#primaryimage\"},\"thumbnailUrl\":\"https:\\\/\\\/diariotextual.com\\\/inicio\\\/wp-content\\\/uploads\\\/2026\\\/09\\\/quesoslacteos009.jpg\",\"articleSection\":[\"A - ES NOTICIA (van abajo)\",\"ECONOMIA\"],\"inLanguage\":\"es\"},{\"@type\":\"WebPage\",\"@id\":\"https:\\\/\\\/diariotextual.com\\\/inicio\\\/index.php\\\/2026\\\/09\\\/03\\\/se-derrumbaron-las-ventas-de-lacteos-la-lider-del-sector-sufrio-una-baja-del-10\\\/\",\"url\":\"https:\\\/\\\/diariotextual.com\\\/inicio\\\/index.php\\\/2026\\\/09\\\/03\\\/se-derrumbaron-las-ventas-de-lacteos-la-lider-del-sector-sufrio-una-baja-del-10\\\/\",\"name\":\"Se derrumbaron las ventas de l\u00e1cteos: la l\u00edder del sector sufri\u00f3 una baja del 10% - Diario Textual\",\"isPartOf\":{\"@id\":\"https:\\\/\\\/diariotextual.com\\\/inicio\\\/#website\"},\"primaryImageOfPage\":{\"@id\":\"https:\\\/\\\/diariotextual.com\\\/inicio\\\/index.php\\\/2026\\\/09\\\/03\\\/se-derrumbaron-las-ventas-de-lacteos-la-lider-del-sector-sufrio-una-baja-del-10\\\/#primaryimage\"},\"image\":{\"@id\":\"https:\\\/\\\/diariotextual.com\\\/inicio\\\/index.php\\\/2026\\\/09\\\/03\\\/se-derrumbaron-las-ventas-de-lacteos-la-lider-del-sector-sufrio-una-baja-del-10\\\/#primaryimage\"},\"thumbnailUrl\":\"https:\\\/\\\/diariotextual.com\\\/inicio\\\/wp-content\\\/uploads\\\/2026\\\/09\\\/quesoslacteos009.jpg\",\"datePublished\":\"2026-09-03T10:39:34+00:00\",\"dateModified\":\"2026-09-03T10:39:35+00:00\",\"breadcrumb\":{\"@id\":\"https:\\\/\\\/diariotextual.com\\\/inicio\\\/index.php\\\/2026\\\/09\\\/03\\\/se-derrumbaron-las-ventas-de-lacteos-la-lider-del-sector-sufrio-una-baja-del-10\\\/#breadcrumb\"},\"inLanguage\":\"es\",\"potentialAction\":[{\"@type\":\"ReadAction\",\"target\":[\"https:\\\/\\\/diariotextual.com\\\/inicio\\\/index.php\\\/2026\\\/09\\\/03\\\/se-derrumbaron-las-ventas-de-lacteos-la-lider-del-sector-sufrio-una-baja-del-10\\\/\"]}]},{\"@type\":\"ImageObject\",\"inLanguage\":\"es\",\"@id\":\"https:\\\/\\\/diariotextual.com\\\/inicio\\\/index.php\\\/2026\\\/09\\\/03\\\/se-derrumbaron-las-ventas-de-lacteos-la-lider-del-sector-sufrio-una-baja-del-10\\\/#primaryimage\",\"url\":\"https:\\\/\\\/diariotextual.com\\\/inicio\\\/wp-content\\\/uploads\\\/2026\\\/09\\\/quesoslacteos009.jpg\",\"contentUrl\":\"https:\\\/\\\/diariotextual.com\\\/inicio\\\/wp-content\\\/uploads\\\/2026\\\/09\\\/quesoslacteos009.jpg\",\"width\":600,\"height\":400},{\"@type\":\"BreadcrumbList\",\"@id\":\"https:\\\/\\\/diariotextual.com\\\/inicio\\\/index.php\\\/2026\\\/09\\\/03\\\/se-derrumbaron-las-ventas-de-lacteos-la-lider-del-sector-sufrio-una-baja-del-10\\\/#breadcrumb\",\"itemListElement\":[{\"@type\":\"ListItem\",\"position\":1,\"name\":\"Portada\",\"item\":\"https:\\\/\\\/diariotextual.com\\\/inicio\\\/\"},{\"@type\":\"ListItem\",\"position\":2,\"name\":\"Se derrumbaron las ventas de l\u00e1cteos: la l\u00edder del sector sufri\u00f3 una baja del 10%\"}]},{\"@type\":\"WebSite\",\"@id\":\"https:\\\/\\\/diariotextual.com\\\/inicio\\\/#website\",\"url\":\"https:\\\/\\\/diariotextual.com\\\/inicio\\\/\",\"name\":\"Diario Textual\",\"description\":\"\",\"publisher\":{\"@id\":\"https:\\\/\\\/diariotextual.com\\\/inicio\\\/#organization\"},\"potentialAction\":[{\"@type\":\"SearchAction\",\"target\":{\"@type\":\"EntryPoint\",\"urlTemplate\":\"https:\\\/\\\/diariotextual.com\\\/inicio\\\/?s={search_term_string}\"},\"query-input\":{\"@type\":\"PropertyValueSpecification\",\"valueRequired\":true,\"valueName\":\"search_term_string\"}}],\"inLanguage\":\"es\"},{\"@type\":\"Organization\",\"@id\":\"https:\\\/\\\/diariotextual.com\\\/inicio\\\/#organization\",\"name\":\"Diario Textual\",\"url\":\"https:\\\/\\\/diariotextual.com\\\/inicio\\\/\",\"logo\":{\"@type\":\"ImageObject\",\"inLanguage\":\"es\",\"@id\":\"https:\\\/\\\/diariotextual.com\\\/inicio\\\/#\\\/schema\\\/logo\\\/image\\\/\",\"url\":\"https:\\\/\\\/diariotextual.com\\\/inicio\\\/wp-content\\\/uploads\\\/2023\\\/05\\\/logotextual1.jpg\",\"contentUrl\":\"https:\\\/\\\/diariotextual.com\\\/inicio\\\/wp-content\\\/uploads\\\/2023\\\/05\\\/logotextual1.jpg\",\"width\":516,\"height\":76,\"caption\":\"Diario Textual\"},\"image\":{\"@id\":\"https:\\\/\\\/diariotextual.com\\\/inicio\\\/#\\\/schema\\\/logo\\\/image\\\/\"},\"sameAs\":[\"https:\\\/\\\/www.facebook.com\\\/eltextual\",\"https:\\\/\\\/x.com\\\/eltextual\",\"http:\\\/\\\/www.instagram.com\\\/eltextual\"]},{\"@type\":\"Person\",\"@id\":\"https:\\\/\\\/diariotextual.com\\\/inicio\\\/#\\\/schema\\\/person\\\/418fc4093c33e86ed41562db3508f958\",\"name\":\"Diario1 Diario1\",\"image\":{\"@type\":\"ImageObject\",\"inLanguage\":\"es\",\"@id\":\"https:\\\/\\\/secure.gravatar.com\\\/avatar\\\/9167d280179c85bc18be67aa7eda765854300033af4896dd779b608640f2ef7a?s=96&d=mm&r=g\",\"url\":\"https:\\\/\\\/secure.gravatar.com\\\/avatar\\\/9167d280179c85bc18be67aa7eda765854300033af4896dd779b608640f2ef7a?s=96&d=mm&r=g\",\"contentUrl\":\"https:\\\/\\\/secure.gravatar.com\\\/avatar\\\/9167d280179c85bc18be67aa7eda765854300033af4896dd779b608640f2ef7a?s=96&d=mm&r=g\",\"caption\":\"Diario1 Diario1\"},\"url\":\"https:\\\/\\\/diariotextual.com\\\/inicio\\\/index.php\\\/author\\\/diario1\\\/\"}]}<\/script>\n<!-- \/ Yoast SEO plugin. -->","yoast_head_json":{"title":"Se derrumbaron las ventas de l\u00e1cteos: la l\u00edder del sector sufri\u00f3 una baja del 10% - Diario Textual","robots":{"index":"index","follow":"follow","max-snippet":"max-snippet:-1","max-image-preview":"max-image-preview:large","max-video-preview":"max-video-preview:-1"},"canonical":"https:\/\/diariotextual.com\/inicio\/index.php\/2026\/09\/03\/se-derrumbaron-las-ventas-de-lacteos-la-lider-del-sector-sufrio-una-baja-del-10\/","og_locale":"es_ES","og_type":"article","og_title":"Se derrumbaron las ventas de l\u00e1cteos: la l\u00edder del sector sufri\u00f3 una baja del 10% - Diario Textual","og_description":"Seg\u00fan el \u00faltimo balance presentado a la Bolsa porte\u00f1a, Mastellone, l\u00edder del sector l\u00e1cteo, cerr\u00f3 el primer semestre de 2026 con una p\u00e9rdida de $4.791 millones y una ca\u00edda real&hellip;","og_url":"https:\/\/diariotextual.com\/inicio\/index.php\/2026\/09\/03\/se-derrumbaron-las-ventas-de-lacteos-la-lider-del-sector-sufrio-una-baja-del-10\/","og_site_name":"Diario Textual","article_publisher":"https:\/\/www.facebook.com\/eltextual","article_published_time":"2026-09-03T10:39:34+00:00","article_modified_time":"2026-09-03T10:39:35+00:00","og_image":[{"width":600,"height":400,"url":"https:\/\/diariotextual.com\/inicio\/wp-content\/uploads\/2026\/09\/quesoslacteos009.jpg","type":"image\/jpeg"}],"author":"Diario1 Diario1","twitter_card":"summary_large_image","twitter_creator":"@eltextual","twitter_site":"@eltextual","twitter_misc":{"Escrito por":"Diario1 Diario1","Tiempo de lectura":"2 minutos"},"schema":{"@context":"https:\/\/schema.org","@graph":[{"@type":"Article","@id":"https:\/\/diariotextual.com\/inicio\/index.php\/2026\/09\/03\/se-derrumbaron-las-ventas-de-lacteos-la-lider-del-sector-sufrio-una-baja-del-10\/#article","isPartOf":{"@id":"https:\/\/diariotextual.com\/inicio\/index.php\/2026\/09\/03\/se-derrumbaron-las-ventas-de-lacteos-la-lider-del-sector-sufrio-una-baja-del-10\/"},"author":{"name":"Diario1 Diario1","@id":"https:\/\/diariotextual.com\/inicio\/#\/schema\/person\/418fc4093c33e86ed41562db3508f958"},"headline":"Se derrumbaron las ventas de l\u00e1cteos: la l\u00edder del sector sufri\u00f3 una baja del 10%","datePublished":"2026-09-03T10:39:34+00:00","dateModified":"2026-09-03T10:39:35+00:00","mainEntityOfPage":{"@id":"https:\/\/diariotextual.com\/inicio\/index.php\/2026\/09\/03\/se-derrumbaron-las-ventas-de-lacteos-la-lider-del-sector-sufrio-una-baja-del-10\/"},"wordCount":204,"publisher":{"@id":"https:\/\/diariotextual.com\/inicio\/#organization"},"image":{"@id":"https:\/\/diariotextual.com\/inicio\/index.php\/2026\/09\/03\/se-derrumbaron-las-ventas-de-lacteos-la-lider-del-sector-sufrio-una-baja-del-10\/#primaryimage"},"thumbnailUrl":"https:\/\/diariotextual.com\/inicio\/wp-content\/uploads\/2026\/09\/quesoslacteos009.jpg","articleSection":["A - ES NOTICIA (van abajo)","ECONOMIA"],"inLanguage":"es"},{"@type":"WebPage","@id":"https:\/\/diariotextual.com\/inicio\/index.php\/2026\/09\/03\/se-derrumbaron-las-ventas-de-lacteos-la-lider-del-sector-sufrio-una-baja-del-10\/","url":"https:\/\/diariotextual.com\/inicio\/index.php\/2026\/09\/03\/se-derrumbaron-las-ventas-de-lacteos-la-lider-del-sector-sufrio-una-baja-del-10\/","name":"Se derrumbaron las ventas de l\u00e1cteos: la l\u00edder del sector sufri\u00f3 una baja del 10% - Diario Textual","isPartOf":{"@id":"https:\/\/diariotextual.com\/inicio\/#website"},"primaryImageOfPage":{"@id":"https:\/\/diariotextual.com\/inicio\/index.php\/2026\/09\/03\/se-derrumbaron-las-ventas-de-lacteos-la-lider-del-sector-sufrio-una-baja-del-10\/#primaryimage"},"image":{"@id":"https:\/\/diariotextual.com\/inicio\/index.php\/2026\/09\/03\/se-derrumbaron-las-ventas-de-lacteos-la-lider-del-sector-sufrio-una-baja-del-10\/#primaryimage"},"thumbnailUrl":"https:\/\/diariotextual.com\/inicio\/wp-content\/uploads\/2026\/09\/quesoslacteos009.jpg","datePublished":"2026-09-03T10:39:34+00:00","dateModified":"2026-09-03T10:39:35+00:00","breadcrumb":{"@id":"https:\/\/diariotextual.com\/inicio\/index.php\/2026\/09\/03\/se-derrumbaron-las-ventas-de-lacteos-la-lider-del-sector-sufrio-una-baja-del-10\/#breadcrumb"},"inLanguage":"es","potentialAction":[{"@type":"ReadAction","target":["https:\/\/diariotextual.com\/inicio\/index.php\/2026\/09\/03\/se-derrumbaron-las-ventas-de-lacteos-la-lider-del-sector-sufrio-una-baja-del-10\/"]}]},{"@type":"ImageObject","inLanguage":"es","@id":"https:\/\/diariotextual.com\/inicio\/index.php\/2026\/09\/03\/se-derrumbaron-las-ventas-de-lacteos-la-lider-del-sector-sufrio-una-baja-del-10\/#primaryimage","url":"https:\/\/diariotextual.com\/inicio\/wp-content\/uploads\/2026\/09\/quesoslacteos009.jpg","contentUrl":"https:\/\/diariotextual.com\/inicio\/wp-content\/uploads\/2026\/09\/quesoslacteos009.jpg","width":600,"height":400},{"@type":"BreadcrumbList","@id":"https:\/\/diariotextual.com\/inicio\/index.php\/2026\/09\/03\/se-derrumbaron-las-ventas-de-lacteos-la-lider-del-sector-sufrio-una-baja-del-10\/#breadcrumb","itemListElement":[{"@type":"ListItem","position":1,"name":"Portada","item":"https:\/\/diariotextual.com\/inicio\/"},{"@type":"ListItem","position":2,"name":"Se derrumbaron las ventas de l\u00e1cteos: la l\u00edder del sector sufri\u00f3 una baja del 10%"}]},{"@type":"WebSite","@id":"https:\/\/diariotextual.com\/inicio\/#website","url":"https:\/\/diariotextual.com\/inicio\/","name":"Diario Textual","description":"","publisher":{"@id":"https:\/\/diariotextual.com\/inicio\/#organization"},"potentialAction":[{"@type":"SearchAction","target":{"@type":"EntryPoint","urlTemplate":"https:\/\/diariotextual.com\/inicio\/?s={search_term_string}"},"query-input":{"@type":"PropertyValueSpecification","valueRequired":true,"valueName":"search_term_string"}}],"inLanguage":"es"},{"@type":"Organization","@id":"https:\/\/diariotextual.com\/inicio\/#organization","name":"Diario Textual","url":"https:\/\/diariotextual.com\/inicio\/","logo":{"@type":"ImageObject","inLanguage":"es","@id":"https:\/\/diariotextual.com\/inicio\/#\/schema\/logo\/image\/","url":"https:\/\/diariotextual.com\/inicio\/wp-content\/uploads\/2023\/05\/logotextual1.jpg","contentUrl":"https:\/\/diariotextual.com\/inicio\/wp-content\/uploads\/2023\/05\/logotextual1.jpg","width":516,"height":76,"caption":"Diario Textual"},"image":{"@id":"https:\/\/diariotextual.com\/inicio\/#\/schema\/logo\/image\/"},"sameAs":["https:\/\/www.facebook.com\/eltextual","https:\/\/x.com\/eltextual","http:\/\/www.instagram.com\/eltextual"]},{"@type":"Person","@id":"https:\/\/diariotextual.com\/inicio\/#\/schema\/person\/418fc4093c33e86ed41562db3508f958","name":"Diario1 Diario1","image":{"@type":"ImageObject","inLanguage":"es","@id":"https:\/\/secure.gravatar.com\/avatar\/9167d280179c85bc18be67aa7eda765854300033af4896dd779b608640f2ef7a?s=96&d=mm&r=g","url":"https:\/\/secure.gravatar.com\/avatar\/9167d280179c85bc18be67aa7eda765854300033af4896dd779b608640f2ef7a?s=96&d=mm&r=g","contentUrl":"https:\/\/secure.gravatar.com\/avatar\/9167d280179c85bc18be67aa7eda765854300033af4896dd779b608640f2ef7a?s=96&d=mm&r=g","caption":"Diario1 Diario1"},"url":"https:\/\/diariotextual.com\/inicio\/index.php\/author\/diario1\/"}]}},"_links":{"self":[{"href":"https:\/\/diariotextual.com\/inicio\/index.php\/wp-json\/wp\/v2\/posts\/334421","targetHints":{"allow":["GET"]}}],"collection":[{"href":"https:\/\/diariotextual.com\/inicio\/index.php\/wp-json\/wp\/v2\/posts"}],"about":[{"href":"https:\/\/diariotextual.com\/inicio\/index.php\/wp-json\/wp\/v2\/types\/post"}],"author":[{"embeddable":true,"href":"https:\/\/diariotextual.com\/inicio\/index.php\/wp-json\/wp\/v2\/users\/3"}],"replies":[{"embeddable":true,"href":"https:\/\/diariotextual.com\/inicio\/index.php\/wp-json\/wp\/v2\/comments?post=334421"}],"version-history":[{"count":1,"href":"https:\/\/diariotextual.com\/inicio\/index.php\/wp-json\/wp\/v2\/posts\/334421\/revisions"}],"predecessor-version":[{"id":334422,"href":"https:\/\/diariotextual.com\/inicio\/index.php\/wp-json\/wp\/v2\/posts\/334421\/revisions\/334422"}],"wp:featuredmedia":[{"embeddable":true,"href":"https:\/\/diariotextual.com\/inicio\/index.php\/wp-json\/wp\/v2\/media\/334423"}],"wp:attachment":[{"href":"https:\/\/diariotextual.com\/inicio\/index.php\/wp-json\/wp\/v2\/media?parent=334421"}],"wp:term":[{"taxonomy":"category","embeddable":true,"href":"https:\/\/diariotextual.com\/inicio\/index.php\/wp-json\/wp\/v2\/categories?post=334421"},{"taxonomy":"post_tag","embeddable":true,"href":"https:\/\/diariotextual.com\/inicio\/index.php\/wp-json\/wp\/v2\/tags?post=334421"}],"curies":[{"name":"wp","href":"https:\/\/api.w.org\/{rel}","templated":true}]}}