{"id":334424,"date":"2026-09-03T09:01:47","date_gmt":"2026-09-03T12:01:47","guid":{"rendered":"https:\/\/diariotextual.com\/inicio\/?p=334424"},"modified":"2026-09-03T14:14:53","modified_gmt":"2026-09-03T17:14:53","slug":"la-provincia-paga-8-400-millones-al-ano-a-solo-15-anestesistas-de-la-pampa-y-ahora-buscan-cambiar-las-reglas-del-juego","status":"publish","type":"post","link":"https:\/\/diariotextual.com\/inicio\/index.php\/2026\/09\/03\/la-provincia-paga-8-400-millones-al-ano-a-solo-15-anestesistas-de-la-pampa-y-ahora-buscan-cambiar-las-reglas-del-juego\/","title":{"rendered":"La Provincia paga $8.400 millones al a\u00f1o a solo 15 anestesistas de La Pampa y ahora buscan cambiar las reglas del juego"},"content":{"rendered":"\n<p class=\"wp-block-paragraph\">La <strong>falta de anestesistas<\/strong> ya es un problema que puede paralizar cirug\u00edas en <strong>La Pampa<\/strong> y un sector del peronismo busca ponerle un l\u00edmite al poder de negociaci\u00f3n de los especialistas. Diputados de <strong>Convergencia Peronista<\/strong> trabajan en un <strong>proyecto de ley<\/strong> para declarar a la <strong>anestesiolog\u00eda como servicio esencial<\/strong> y establecer una emergencia por seis a\u00f1os, con el objetivo de garantizar que, aun en medio de un conflicto laboral, no pueda interrumpirse de manera total la atenci\u00f3n. La iniciativa, impulsada por Espartaco Mar\u00edn, tambi\u00e9n busca aumentar la cantidad de profesionales, ampliar la formaci\u00f3n de nuevos anestesi\u00f3logos y reducir la dependencia del Estado de un grupo reducido de especialistas.<\/p>\n\n\n\n<p class=\"wp-block-paragraph\">El trasfondo es tambi\u00e9n econ\u00f3mico: <strong>el Gobierno provincial destina alrededor de $8.400 millones al a\u00f1o a anestesiolog\u00eda<\/strong>, en un escenario de fuerte escasez de profesionales. El proyecto parte de una premisa concreta: sin anestesista no hay cirug\u00eda, aunque est\u00e9n disponibles el quir\u00f3fano, el cirujano, los enfermeros y todo el equipamiento. Por eso propone asegurar un piso del 75% de las prestaciones durante cualquier conflicto y, al mismo tiempo, generar mecanismos para incorporar y formar nuevos especialistas.<\/p>\n\n\n\n<p class=\"wp-block-paragraph\"><strong>Los 8.400 millones se distribuyen en unos 15 anestesistas. Es decir, de promedio, cada uno recibe unos 45 millones por mes (con descuentos, en mano, le quedan poco m\u00e1s que 20 millones). Eso se complementa con una cifra similar por sus pr\u00e1cticas en cl\u00ednicas y otros centros privados.<\/strong><\/p>\n\n\n\n<p class=\"wp-block-paragraph\">El proyecto de Convergencia no apunta solamente a declarar a la anestesiolog\u00eda como servicio esencial. Busca modificar una relaci\u00f3n de fuerzas que, desde hace a\u00f1os, tiene al Estado provincial frente a un grupo reducido de especialistas cuya disponibilidad resulta indispensable para que funcione buena parte del sistema sanitario.<\/p>\n\n\n\n<p class=\"wp-block-paragraph\">La cuesti\u00f3n es sencilla de explicar: una cirug\u00eda no puede realizarse sin anestesista. Puede estar disponible el quir\u00f3fano, el cirujano, el instrumental, los enfermeros y el resto del equipo m\u00e9dico, pero si no hay un profesional que administre la anestesia, la intervenci\u00f3n debe suspenderse.<\/p>\n\n\n\n<p class=\"wp-block-paragraph\">Ese <strong>car\u00e1cter transversal<\/strong> es el que los autores de la iniciativa utilizan como fundamento para darle a la especialidad un tratamiento diferente. La intenci\u00f3n es que una eventual disputa por honorarios o condiciones laborales no pueda derivar en la interrupci\u00f3n total de las prestaciones.<\/p>\n\n\n\n<p class=\"wp-block-paragraph\">El proyecto establece que, <strong>ante un conflicto que pueda afectar la continuidad del servicio, deber\u00e1 garantizarse como m\u00ednimo el 75% de la prestaci\u00f3n habitual.<\/strong> En otras palabras, el objetivo es evitar que una medida de fuerza pueda dejar pr\u00e1cticamente paralizada la actividad quir\u00fargica del sistema p\u00fablico.<\/p>\n\n\n\n<p class=\"wp-block-paragraph\">La iniciativa tambi\u00e9n declara una <strong>emergencia en anestesiolog\u00eda por seis a\u00f1os<\/strong>, con posibilidad de una \u00fanica pr\u00f3rroga autom\u00e1tica por otro per\u00edodo de igual duraci\u00f3n, salvo que el Poder Ejecutivo decida terminarla antes.<\/p>\n\n\n\n<p class=\"wp-block-paragraph\">Pero el proyecto no se limita a establecer obligaciones durante los conflictos. El otro gran problema que intenta resolver es la falta de profesionales.<\/p>\n\n\n\n<p class=\"wp-block-paragraph\">En La Pampa, como ocurre en buena parte del pa\u00eds, la anestesiolog\u00eda es una especialidad con pocos profesionales disponibles. Esa escasez genera una situaci\u00f3n particular: el Estado necesita garantizar el servicio, pero tiene un margen limitado para reemplazar r\u00e1pidamente a quienes lo prestan.<\/p>\n\n\n\n<p class=\"wp-block-paragraph\">De all\u00ed surge buena parte de la discusi\u00f3n econ\u00f3mica. Seg\u00fan los fundamentos de la iniciativa, el Gobierno provincial destina alrededor de $8.400 millones anuales al rubro anestesiolog\u00eda. El gasto se concentra en aproximadamente 15 profesionales, lo que representa un promedio de unos $46 millones mensuales por anestesista.<\/p>\n\n\n\n<p class=\"wp-block-paragraph\">Los autores del proyecto entienden que esta situaci\u00f3n requiere una respuesta que no dependa exclusivamente de discutir cu\u00e1nto se paga por cada prestaci\u00f3n. La apuesta es aumentar la cantidad de anestesi\u00f3logos disponibles y, con ello, reducir la dependencia del sistema respecto de un n\u00famero limitado de especialistas.<\/p>\n\n\n\n<div style=\"height:100px\" aria-hidden=\"true\" class=\"wp-block-spacer\"><\/div>\n\n\n\n<p class=\"wp-block-paragraph\"><strong>M\u00e1s residentes y dos a\u00f1os de permanencia<\/strong><\/p>\n\n\n\n<p class=\"wp-block-paragraph\">Uno de los puntos centrales de la propuesta est\u00e1 puesto en la formaci\u00f3n. Durante la vigencia de la emergencia, los concursos para cubrir residencias deber\u00e1n contemplar un m\u00ednimo de diez cupos de Anestesiolog\u00eda en toda la provincia.<\/p>\n\n\n\n<p class=\"wp-block-paragraph\">Pero la iniciativa busca adem\u00e1s que esa inversi\u00f3n en formaci\u00f3n tenga un retorno para el sistema p\u00fablico. Los m\u00e9dicos que realicen la residencia \u2014tanto quienes ingresen despu\u00e9s de la eventual sanci\u00f3n de la ley como quienes ya est\u00e9n curs\u00e1ndola\u2014 deber\u00e1n cumplir dos a\u00f1os adicionales de servicio en los efectores estatales una vez terminada su formaci\u00f3n.<\/p>\n\n\n\n<p class=\"wp-block-paragraph\">La l\u00f3gica es directa: formar especialistas para que despu\u00e9s permanezcan durante un per\u00edodo determinado dentro de la estructura p\u00fablica.<\/p>\n\n\n\n<p class=\"wp-block-paragraph\">El proyecto tambi\u00e9n contempla incentivos econ\u00f3micos no remunerativos para los anestesi\u00f3logos, vinculados con las horas de trabajo y las guardias efectivamente realizadas.<\/p>\n\n\n\n<p class=\"wp-block-paragraph\">A la vez, el Ministerio de Salud quedar\u00eda facultado para reasignar funciones y horarios de los profesionales con el objetivo de garantizar la cobertura en los distintos puntos de la provincia.<\/p>\n\n\n\n<p class=\"wp-block-paragraph\">Tambi\u00e9n podr\u00eda celebrar convenios con entidades p\u00fablicas y privadas para cubrir los puestos que sean necesarios.<\/p>\n\n\n\n<div style=\"height:100px\" aria-hidden=\"true\" class=\"wp-block-spacer\"><\/div>\n\n\n\n<p class=\"wp-block-paragraph\"><strong>Una salida excepcional para sumar profesionales<\/strong><\/p>\n\n\n\n<p class=\"wp-block-paragraph\">La propuesta incluye adem\u00e1s uno de los mecanismos m\u00e1s llamativos: permitir, por \u00fanica vez, que m\u00e9dicos de determinadas especialidades puedan acceder a una equivalencia al t\u00edtulo de especialista en Anestesiolog\u00eda.<\/p>\n\n\n\n<p class=\"wp-block-paragraph\">La medida alcanzar\u00eda a profesionales de terapia intensiva, terapia intensiva pedi\u00e1trica, cardiolog\u00eda, unidad coronaria y otras especialidades que determine la autoridad de aplicaci\u00f3n.<\/p>\n\n\n\n<p class=\"wp-block-paragraph\">No se tratar\u00eda, seg\u00fan el proyecto, de abandonar la especialidad de origen. Los m\u00e9dicos que accedan a esa equivalencia deber\u00e1n continuar prestando servicios en ella y la pr\u00e1ctica anestesiol\u00f3gica tendr\u00e1 car\u00e1cter adicional y complementario.<\/p>\n\n\n\n<p class=\"wp-block-paragraph\">Es una herramienta pensada para una situaci\u00f3n de emergencia: ampliar r\u00e1pidamente el universo de profesionales que pueden colaborar con la cobertura anestesiol\u00f3gica, sin depender exclusivamente de la formaci\u00f3n tradicional de nuevos especialistas.<\/p>\n\n\n\n<p class=\"wp-block-paragraph\">El proyecto tambi\u00e9n contempla la creaci\u00f3n de un Registro P\u00fablico de M\u00e9dicos Especialistas en Anestesiolog\u00eda, que funcionar\u00eda bajo la \u00f3rbita del Ministerio de Salud.<\/p>\n\n\n\n<div style=\"height:100px\" aria-hidden=\"true\" class=\"wp-block-spacer\"><\/div>\n\n\n\n<p class=\"wp-block-paragraph\"><strong>Un conflicto que viene de lejos<\/strong><\/p>\n\n\n\n<p class=\"wp-block-paragraph\">La discusi\u00f3n actual tiene antecedentes. La relaci\u00f3n entre los anestesistas y el Estado pampeano ya estuvo marcada por fuertes conflictos en las \u00faltimas d\u00e9cadas.<\/p>\n\n\n\n<p class=\"wp-block-paragraph\">En 1998, una medida de fuerza de la Asociaci\u00f3n Pampeana de Anestesiolog\u00eda dej\u00f3 sin servicio de anestesia a afiliados del Sempre, la obra social estatal. El conflicto se produjo luego de que Sempre y el Colegio M\u00e9dico de La Pampa acordaran determinados valores que los anestesistas rechazaron.<\/p>\n\n\n\n<p class=\"wp-block-paragraph\">La situaci\u00f3n volvi\u00f3 a repetirse en 2012. Ocho anestesi\u00f3logos dejaron de prestar servicios al Sempre y el entonces gerente de la obra social, Omar Mart\u00ednez Almud\u00e9var, denunci\u00f3 que los profesionales pretend\u00edan un incremento de hasta el 120%.<\/p>\n\n\n\n<p class=\"wp-block-paragraph\">Pero el antecedente m\u00e1s fuerte se produjo en 2016. El 1 de abril de aquel a\u00f1o, los anestesistas interrumpieron la atenci\u00f3n a afiliados del Sempre. La obra social recurri\u00f3 a la Justicia y obtuvo una medida cautelar que oblig\u00f3 a mantener las prestaciones durante un per\u00edodo determinado.<\/p>\n\n\n\n<p class=\"wp-block-paragraph\">En plena disputa, el Sempre calific\u00f3 p\u00fablicamente la conducta como \u201cextorsiva\u201d y sostuvo que las condiciones econ\u00f3micas reclamadas eran incompatibles con la situaci\u00f3n del sistema sanitario provincial.<\/p>\n\n\n\n<p class=\"wp-block-paragraph\">El reclamo rondaba entonces el 70% de aumento, aunque finalmente se alcanz\u00f3 un acuerdo por una recomposici\u00f3n del 29%, con la posibilidad de una actualizaci\u00f3n posterior.<\/p>\n\n\n\n<p class=\"wp-block-paragraph\">El episodio provoc\u00f3 una fuerte reacci\u00f3n del entonces gobernador Carlos Verna, quien calific\u00f3 a los anestesistas como un \u201cclub privado y cerrado\u201d y cuestion\u00f3 el poder que ten\u00edan dentro del sistema sanitario.<\/p>\n\n\n\n<p class=\"wp-block-paragraph\">Pero Verna tambi\u00e9n reconoci\u00f3 la otra cara del problema: la anestesiolog\u00eda era una especialidad escasa, y esa falta de profesionales les otorgaba a quienes ya estaban dentro del sistema una capacidad de negociaci\u00f3n particularmente fuerte.<\/p>\n\n\n\n<div style=\"height:100px\" aria-hidden=\"true\" class=\"wp-block-spacer\"><\/div>\n\n\n\n<p class=\"wp-block-paragraph\"><strong>El problema de formar nuevos anestesistas<\/strong><\/p>\n\n\n\n<p class=\"wp-block-paragraph\">El antecedente de la formaci\u00f3n tambi\u00e9n resulta significativo. En 2016, Salud P\u00fablica hab\u00eda intentado crear una residencia de anestesiolog\u00eda durante una gesti\u00f3n anterior de Verna, precisamente para aumentar la cantidad de especialistas disponibles en la provincia.<\/p>\n\n\n\n<p class=\"wp-block-paragraph\">La Asociaci\u00f3n Pampeana de Anestesiolog\u00eda se hab\u00eda opuesto a la iniciativa argumentando que no exist\u00edan recursos humanos y materiales suficientes para formar especialistas.<\/p>\n\n\n\n<p class=\"wp-block-paragraph\"><\/p>\n\n\n\n<p class=\"wp-block-paragraph\">El episodio resulta relevante porque pone en evidencia uno de los principales nudos del problema actual: la falta de anestesi\u00f3logos no se resuelve r\u00e1pidamente. Formar un especialista demanda a\u00f1os y, mientras tanto, el sistema sanitario sigue dependiendo de los profesionales que ya est\u00e1n disponibles.<\/p>\n\n\n\n<p class=\"wp-block-paragraph\">Despu\u00e9s del conflicto con el Sempre, en noviembre de 2016, el gobierno de Verna termin\u00f3 firmando un convenio con la Asociaci\u00f3n Pampeana de Anestesiolog\u00eda. El acuerdo contempl\u00f3 que sus integrantes prestaran servicios en los hospitales p\u00fablicos de toda la provincia y, al mismo tiempo, colaboraran en la formaci\u00f3n de nuevos profesionales.<\/p>\n\n\n\n<p class=\"wp-block-paragraph\">Diez a\u00f1os despu\u00e9s, el problema vuelve a aparecer, aunque ahora con una respuesta que pretende ser m\u00e1s estructural.<\/p>\n\n\n\n<p class=\"wp-block-paragraph\"><br>El proyecto de Mar\u00edn busca que el Estado deje de estar obligado a resolver cada conflicto desde una posici\u00f3n de dependencia y pueda contar con m\u00e1s profesionales, reglas espec\u00edficas para las medidas de fuerza y herramientas para garantizar la continuidad de las cirug\u00edas.<\/p>\n\n\n\n<p class=\"wp-block-paragraph\">El punto de fondo es justamente ese: la anestesiolog\u00eda no es una prestaci\u00f3n m\u00e1s dentro del sistema de salud. La falta de un anestesista puede detener una cirug\u00eda, una guardia o un procedimiento complejo. Y cuando los profesionales disponibles son pocos, esa caracter\u00edstica transforma un conflicto sectorial en un problema que puede afectar a todo el sistema sanitario.<\/p>\n\n\n\n<p class=\"wp-block-paragraph\"><\/p>\n","protected":false},"excerpt":{"rendered":"<p>La falta de anestesistas ya es un problema que puede paralizar cirug\u00edas en La Pampa y un sector del peronismo busca ponerle un l\u00edmite al poder de negociaci\u00f3n de los&hellip;<\/p>\n","protected":false},"author":7,"featured_media":334435,"comment_status":"closed","ping_status":"open","sticky":false,"template":"","format":"standard","meta":{"_acf_changed":false,"footnotes":""},"categories":[4,12],"tags":[],"class_list":["post-334424","post","type-post","status-publish","format-standard","has-post-thumbnail","hentry","category-destacadas","category-sociedad"],"acf":[],"yoast_head":"<!-- This site is optimized with the Yoast SEO plugin v28.4 - https:\/\/yoast.com\/product\/yoast-seo-wordpress\/ -->\n<title>La Provincia paga $8.400 millones al a\u00f1o a solo 15 anestesistas de La Pampa y ahora buscan cambiar las reglas del juego - Diario Textual<\/title>\n<meta name=\"robots\" content=\"index, follow, max-snippet:-1, max-image-preview:large, max-video-preview:-1\" \/>\n<link rel=\"canonical\" href=\"https:\/\/diariotextual.com\/inicio\/index.php\/2026\/09\/03\/la-provincia-paga-8-400-millones-al-ano-a-solo-15-anestesistas-de-la-pampa-y-ahora-buscan-cambiar-las-reglas-del-juego\/\" \/>\n<meta property=\"og:locale\" content=\"es_ES\" \/>\n<meta property=\"og:type\" content=\"article\" \/>\n<meta property=\"og:title\" content=\"La Provincia paga $8.400 millones al a\u00f1o a solo 15 anestesistas de La Pampa y ahora buscan cambiar las reglas del juego - Diario Textual\" \/>\n<meta property=\"og:description\" content=\"La falta de anestesistas ya es un problema que puede paralizar cirug\u00edas en La Pampa y un sector del peronismo busca ponerle un l\u00edmite al poder de negociaci\u00f3n de los&hellip;\" \/>\n<meta property=\"og:url\" content=\"https:\/\/diariotextual.com\/inicio\/index.php\/2026\/09\/03\/la-provincia-paga-8-400-millones-al-ano-a-solo-15-anestesistas-de-la-pampa-y-ahora-buscan-cambiar-las-reglas-del-juego\/\" \/>\n<meta property=\"og:site_name\" content=\"Diario Textual\" \/>\n<meta property=\"article:publisher\" content=\"https:\/\/www.facebook.com\/eltextual\" \/>\n<meta property=\"article:published_time\" content=\"2026-09-03T12:01:47+00:00\" \/>\n<meta property=\"article:modified_time\" content=\"2026-09-03T17:14:53+00:00\" \/>\n<meta property=\"og:image\" content=\"https:\/\/diariotextual.com\/inicio\/wp-content\/uploads\/2026\/09\/anestesista2026-01111111.jpg\" \/>\n\t<meta property=\"og:image:width\" content=\"793\" \/>\n\t<meta property=\"og:image:height\" content=\"466\" \/>\n\t<meta property=\"og:image:type\" content=\"image\/jpeg\" \/>\n<meta name=\"author\" content=\"diario5\" \/>\n<meta name=\"twitter:card\" content=\"summary_large_image\" \/>\n<meta name=\"twitter:creator\" content=\"@eltextual\" \/>\n<meta name=\"twitter:site\" content=\"@eltextual\" \/>\n<meta name=\"twitter:label1\" content=\"Escrito por\" \/>\n\t<meta name=\"twitter:data1\" content=\"diario5\" \/>\n\t<meta name=\"twitter:label2\" content=\"Tiempo de lectura\" \/>\n\t<meta name=\"twitter:data2\" content=\"8 minutos\" \/>\n<script type=\"application\/ld+json\" class=\"yoast-schema-graph\">{\"@context\":\"https:\\\/\\\/schema.org\",\"@graph\":[{\"@type\":\"Article\",\"@id\":\"https:\\\/\\\/diariotextual.com\\\/inicio\\\/index.php\\\/2026\\\/09\\\/03\\\/la-provincia-paga-8-400-millones-al-ano-a-solo-15-anestesistas-de-la-pampa-y-ahora-buscan-cambiar-las-reglas-del-juego\\\/#article\",\"isPartOf\":{\"@id\":\"https:\\\/\\\/diariotextual.com\\\/inicio\\\/index.php\\\/2026\\\/09\\\/03\\\/la-provincia-paga-8-400-millones-al-ano-a-solo-15-anestesistas-de-la-pampa-y-ahora-buscan-cambiar-las-reglas-del-juego\\\/\"},\"author\":{\"name\":\"diario5\",\"@id\":\"https:\\\/\\\/diariotextual.com\\\/inicio\\\/#\\\/schema\\\/person\\\/c7834961ad8b29b1d9cdbf4571299067\"},\"headline\":\"La Provincia paga $8.400 millones al a\u00f1o a solo 15 anestesistas de La Pampa y ahora buscan cambiar las reglas del juego\",\"datePublished\":\"2026-09-03T12:01:47+00:00\",\"dateModified\":\"2026-09-03T17:14:53+00:00\",\"mainEntityOfPage\":{\"@id\":\"https:\\\/\\\/diariotextual.com\\\/inicio\\\/index.php\\\/2026\\\/09\\\/03\\\/la-provincia-paga-8-400-millones-al-ano-a-solo-15-anestesistas-de-la-pampa-y-ahora-buscan-cambiar-las-reglas-del-juego\\\/\"},\"wordCount\":1673,\"publisher\":{\"@id\":\"https:\\\/\\\/diariotextual.com\\\/inicio\\\/#organization\"},\"image\":{\"@id\":\"https:\\\/\\\/diariotextual.com\\\/inicio\\\/index.php\\\/2026\\\/09\\\/03\\\/la-provincia-paga-8-400-millones-al-ano-a-solo-15-anestesistas-de-la-pampa-y-ahora-buscan-cambiar-las-reglas-del-juego\\\/#primaryimage\"},\"thumbnailUrl\":\"https:\\\/\\\/diariotextual.com\\\/inicio\\\/wp-content\\\/uploads\\\/2026\\\/09\\\/anestesista2026-01111111.jpg\",\"articleSection\":[\"A - DESTACADAS (mod 16)\",\"SOCIEDAD\"],\"inLanguage\":\"es\"},{\"@type\":\"WebPage\",\"@id\":\"https:\\\/\\\/diariotextual.com\\\/inicio\\\/index.php\\\/2026\\\/09\\\/03\\\/la-provincia-paga-8-400-millones-al-ano-a-solo-15-anestesistas-de-la-pampa-y-ahora-buscan-cambiar-las-reglas-del-juego\\\/\",\"url\":\"https:\\\/\\\/diariotextual.com\\\/inicio\\\/index.php\\\/2026\\\/09\\\/03\\\/la-provincia-paga-8-400-millones-al-ano-a-solo-15-anestesistas-de-la-pampa-y-ahora-buscan-cambiar-las-reglas-del-juego\\\/\",\"name\":\"La Provincia paga $8.400 millones al a\u00f1o a solo 15 anestesistas de La Pampa y ahora buscan cambiar las reglas del juego - Diario Textual\",\"isPartOf\":{\"@id\":\"https:\\\/\\\/diariotextual.com\\\/inicio\\\/#website\"},\"primaryImageOfPage\":{\"@id\":\"https:\\\/\\\/diariotextual.com\\\/inicio\\\/index.php\\\/2026\\\/09\\\/03\\\/la-provincia-paga-8-400-millones-al-ano-a-solo-15-anestesistas-de-la-pampa-y-ahora-buscan-cambiar-las-reglas-del-juego\\\/#primaryimage\"},\"image\":{\"@id\":\"https:\\\/\\\/diariotextual.com\\\/inicio\\\/index.php\\\/2026\\\/09\\\/03\\\/la-provincia-paga-8-400-millones-al-ano-a-solo-15-anestesistas-de-la-pampa-y-ahora-buscan-cambiar-las-reglas-del-juego\\\/#primaryimage\"},\"thumbnailUrl\":\"https:\\\/\\\/diariotextual.com\\\/inicio\\\/wp-content\\\/uploads\\\/2026\\\/09\\\/anestesista2026-01111111.jpg\",\"datePublished\":\"2026-09-03T12:01:47+00:00\",\"dateModified\":\"2026-09-03T17:14:53+00:00\",\"breadcrumb\":{\"@id\":\"https:\\\/\\\/diariotextual.com\\\/inicio\\\/index.php\\\/2026\\\/09\\\/03\\\/la-provincia-paga-8-400-millones-al-ano-a-solo-15-anestesistas-de-la-pampa-y-ahora-buscan-cambiar-las-reglas-del-juego\\\/#breadcrumb\"},\"inLanguage\":\"es\",\"potentialAction\":[{\"@type\":\"ReadAction\",\"target\":[\"https:\\\/\\\/diariotextual.com\\\/inicio\\\/index.php\\\/2026\\\/09\\\/03\\\/la-provincia-paga-8-400-millones-al-ano-a-solo-15-anestesistas-de-la-pampa-y-ahora-buscan-cambiar-las-reglas-del-juego\\\/\"]}]},{\"@type\":\"ImageObject\",\"inLanguage\":\"es\",\"@id\":\"https:\\\/\\\/diariotextual.com\\\/inicio\\\/index.php\\\/2026\\\/09\\\/03\\\/la-provincia-paga-8-400-millones-al-ano-a-solo-15-anestesistas-de-la-pampa-y-ahora-buscan-cambiar-las-reglas-del-juego\\\/#primaryimage\",\"url\":\"https:\\\/\\\/diariotextual.com\\\/inicio\\\/wp-content\\\/uploads\\\/2026\\\/09\\\/anestesista2026-01111111.jpg\",\"contentUrl\":\"https:\\\/\\\/diariotextual.com\\\/inicio\\\/wp-content\\\/uploads\\\/2026\\\/09\\\/anestesista2026-01111111.jpg\",\"width\":793,\"height\":466},{\"@type\":\"BreadcrumbList\",\"@id\":\"https:\\\/\\\/diariotextual.com\\\/inicio\\\/index.php\\\/2026\\\/09\\\/03\\\/la-provincia-paga-8-400-millones-al-ano-a-solo-15-anestesistas-de-la-pampa-y-ahora-buscan-cambiar-las-reglas-del-juego\\\/#breadcrumb\",\"itemListElement\":[{\"@type\":\"ListItem\",\"position\":1,\"name\":\"Portada\",\"item\":\"https:\\\/\\\/diariotextual.com\\\/inicio\\\/\"},{\"@type\":\"ListItem\",\"position\":2,\"name\":\"La Provincia paga $8.400 millones al a\u00f1o a solo 15 anestesistas de La Pampa y ahora buscan cambiar las reglas del juego\"}]},{\"@type\":\"WebSite\",\"@id\":\"https:\\\/\\\/diariotextual.com\\\/inicio\\\/#website\",\"url\":\"https:\\\/\\\/diariotextual.com\\\/inicio\\\/\",\"name\":\"Diario Textual\",\"description\":\"\",\"publisher\":{\"@id\":\"https:\\\/\\\/diariotextual.com\\\/inicio\\\/#organization\"},\"potentialAction\":[{\"@type\":\"SearchAction\",\"target\":{\"@type\":\"EntryPoint\",\"urlTemplate\":\"https:\\\/\\\/diariotextual.com\\\/inicio\\\/?s={search_term_string}\"},\"query-input\":{\"@type\":\"PropertyValueSpecification\",\"valueRequired\":true,\"valueName\":\"search_term_string\"}}],\"inLanguage\":\"es\"},{\"@type\":\"Organization\",\"@id\":\"https:\\\/\\\/diariotextual.com\\\/inicio\\\/#organization\",\"name\":\"Diario Textual\",\"url\":\"https:\\\/\\\/diariotextual.com\\\/inicio\\\/\",\"logo\":{\"@type\":\"ImageObject\",\"inLanguage\":\"es\",\"@id\":\"https:\\\/\\\/diariotextual.com\\\/inicio\\\/#\\\/schema\\\/logo\\\/image\\\/\",\"url\":\"https:\\\/\\\/diariotextual.com\\\/inicio\\\/wp-content\\\/uploads\\\/2023\\\/05\\\/logotextual1.jpg\",\"contentUrl\":\"https:\\\/\\\/diariotextual.com\\\/inicio\\\/wp-content\\\/uploads\\\/2023\\\/05\\\/logotextual1.jpg\",\"width\":516,\"height\":76,\"caption\":\"Diario Textual\"},\"image\":{\"@id\":\"https:\\\/\\\/diariotextual.com\\\/inicio\\\/#\\\/schema\\\/logo\\\/image\\\/\"},\"sameAs\":[\"https:\\\/\\\/www.facebook.com\\\/eltextual\",\"https:\\\/\\\/x.com\\\/eltextual\",\"http:\\\/\\\/www.instagram.com\\\/eltextual\"]},{\"@type\":\"Person\",\"@id\":\"https:\\\/\\\/diariotextual.com\\\/inicio\\\/#\\\/schema\\\/person\\\/c7834961ad8b29b1d9cdbf4571299067\",\"name\":\"diario5\",\"image\":{\"@type\":\"ImageObject\",\"inLanguage\":\"es\",\"@id\":\"https:\\\/\\\/secure.gravatar.com\\\/avatar\\\/948c893b847ca6df68216ead81b63f363408ec9b0f600fefc0641ce78613b111?s=96&d=mm&r=g\",\"url\":\"https:\\\/\\\/secure.gravatar.com\\\/avatar\\\/948c893b847ca6df68216ead81b63f363408ec9b0f600fefc0641ce78613b111?s=96&d=mm&r=g\",\"contentUrl\":\"https:\\\/\\\/secure.gravatar.com\\\/avatar\\\/948c893b847ca6df68216ead81b63f363408ec9b0f600fefc0641ce78613b111?s=96&d=mm&r=g\",\"caption\":\"diario5\"},\"url\":\"https:\\\/\\\/diariotextual.com\\\/inicio\\\/index.php\\\/author\\\/diario5\\\/\"}]}<\/script>\n<!-- \/ Yoast SEO plugin. -->","yoast_head_json":{"title":"La Provincia paga $8.400 millones al a\u00f1o a solo 15 anestesistas de La Pampa y ahora buscan cambiar las reglas del juego - Diario Textual","robots":{"index":"index","follow":"follow","max-snippet":"max-snippet:-1","max-image-preview":"max-image-preview:large","max-video-preview":"max-video-preview:-1"},"canonical":"https:\/\/diariotextual.com\/inicio\/index.php\/2026\/09\/03\/la-provincia-paga-8-400-millones-al-ano-a-solo-15-anestesistas-de-la-pampa-y-ahora-buscan-cambiar-las-reglas-del-juego\/","og_locale":"es_ES","og_type":"article","og_title":"La Provincia paga $8.400 millones al a\u00f1o a solo 15 anestesistas de La Pampa y ahora buscan cambiar las reglas del juego - Diario Textual","og_description":"La falta de anestesistas ya es un problema que puede paralizar cirug\u00edas en La Pampa y un sector del peronismo busca ponerle un l\u00edmite al poder de negociaci\u00f3n de los&hellip;","og_url":"https:\/\/diariotextual.com\/inicio\/index.php\/2026\/09\/03\/la-provincia-paga-8-400-millones-al-ano-a-solo-15-anestesistas-de-la-pampa-y-ahora-buscan-cambiar-las-reglas-del-juego\/","og_site_name":"Diario Textual","article_publisher":"https:\/\/www.facebook.com\/eltextual","article_published_time":"2026-09-03T12:01:47+00:00","article_modified_time":"2026-09-03T17:14:53+00:00","og_image":[{"width":793,"height":466,"url":"https:\/\/diariotextual.com\/inicio\/wp-content\/uploads\/2026\/09\/anestesista2026-01111111.jpg","type":"image\/jpeg"}],"author":"diario5","twitter_card":"summary_large_image","twitter_creator":"@eltextual","twitter_site":"@eltextual","twitter_misc":{"Escrito por":"diario5","Tiempo de lectura":"8 minutos"},"schema":{"@context":"https:\/\/schema.org","@graph":[{"@type":"Article","@id":"https:\/\/diariotextual.com\/inicio\/index.php\/2026\/09\/03\/la-provincia-paga-8-400-millones-al-ano-a-solo-15-anestesistas-de-la-pampa-y-ahora-buscan-cambiar-las-reglas-del-juego\/#article","isPartOf":{"@id":"https:\/\/diariotextual.com\/inicio\/index.php\/2026\/09\/03\/la-provincia-paga-8-400-millones-al-ano-a-solo-15-anestesistas-de-la-pampa-y-ahora-buscan-cambiar-las-reglas-del-juego\/"},"author":{"name":"diario5","@id":"https:\/\/diariotextual.com\/inicio\/#\/schema\/person\/c7834961ad8b29b1d9cdbf4571299067"},"headline":"La Provincia paga $8.400 millones al a\u00f1o a solo 15 anestesistas de La Pampa y ahora buscan cambiar las reglas del juego","datePublished":"2026-09-03T12:01:47+00:00","dateModified":"2026-09-03T17:14:53+00:00","mainEntityOfPage":{"@id":"https:\/\/diariotextual.com\/inicio\/index.php\/2026\/09\/03\/la-provincia-paga-8-400-millones-al-ano-a-solo-15-anestesistas-de-la-pampa-y-ahora-buscan-cambiar-las-reglas-del-juego\/"},"wordCount":1673,"publisher":{"@id":"https:\/\/diariotextual.com\/inicio\/#organization"},"image":{"@id":"https:\/\/diariotextual.com\/inicio\/index.php\/2026\/09\/03\/la-provincia-paga-8-400-millones-al-ano-a-solo-15-anestesistas-de-la-pampa-y-ahora-buscan-cambiar-las-reglas-del-juego\/#primaryimage"},"thumbnailUrl":"https:\/\/diariotextual.com\/inicio\/wp-content\/uploads\/2026\/09\/anestesista2026-01111111.jpg","articleSection":["A - DESTACADAS (mod 16)","SOCIEDAD"],"inLanguage":"es"},{"@type":"WebPage","@id":"https:\/\/diariotextual.com\/inicio\/index.php\/2026\/09\/03\/la-provincia-paga-8-400-millones-al-ano-a-solo-15-anestesistas-de-la-pampa-y-ahora-buscan-cambiar-las-reglas-del-juego\/","url":"https:\/\/diariotextual.com\/inicio\/index.php\/2026\/09\/03\/la-provincia-paga-8-400-millones-al-ano-a-solo-15-anestesistas-de-la-pampa-y-ahora-buscan-cambiar-las-reglas-del-juego\/","name":"La Provincia paga $8.400 millones al a\u00f1o a solo 15 anestesistas de La Pampa y ahora buscan cambiar las reglas del juego - Diario Textual","isPartOf":{"@id":"https:\/\/diariotextual.com\/inicio\/#website"},"primaryImageOfPage":{"@id":"https:\/\/diariotextual.com\/inicio\/index.php\/2026\/09\/03\/la-provincia-paga-8-400-millones-al-ano-a-solo-15-anestesistas-de-la-pampa-y-ahora-buscan-cambiar-las-reglas-del-juego\/#primaryimage"},"image":{"@id":"https:\/\/diariotextual.com\/inicio\/index.php\/2026\/09\/03\/la-provincia-paga-8-400-millones-al-ano-a-solo-15-anestesistas-de-la-pampa-y-ahora-buscan-cambiar-las-reglas-del-juego\/#primaryimage"},"thumbnailUrl":"https:\/\/diariotextual.com\/inicio\/wp-content\/uploads\/2026\/09\/anestesista2026-01111111.jpg","datePublished":"2026-09-03T12:01:47+00:00","dateModified":"2026-09-03T17:14:53+00:00","breadcrumb":{"@id":"https:\/\/diariotextual.com\/inicio\/index.php\/2026\/09\/03\/la-provincia-paga-8-400-millones-al-ano-a-solo-15-anestesistas-de-la-pampa-y-ahora-buscan-cambiar-las-reglas-del-juego\/#breadcrumb"},"inLanguage":"es","potentialAction":[{"@type":"ReadAction","target":["https:\/\/diariotextual.com\/inicio\/index.php\/2026\/09\/03\/la-provincia-paga-8-400-millones-al-ano-a-solo-15-anestesistas-de-la-pampa-y-ahora-buscan-cambiar-las-reglas-del-juego\/"]}]},{"@type":"ImageObject","inLanguage":"es","@id":"https:\/\/diariotextual.com\/inicio\/index.php\/2026\/09\/03\/la-provincia-paga-8-400-millones-al-ano-a-solo-15-anestesistas-de-la-pampa-y-ahora-buscan-cambiar-las-reglas-del-juego\/#primaryimage","url":"https:\/\/diariotextual.com\/inicio\/wp-content\/uploads\/2026\/09\/anestesista2026-01111111.jpg","contentUrl":"https:\/\/diariotextual.com\/inicio\/wp-content\/uploads\/2026\/09\/anestesista2026-01111111.jpg","width":793,"height":466},{"@type":"BreadcrumbList","@id":"https:\/\/diariotextual.com\/inicio\/index.php\/2026\/09\/03\/la-provincia-paga-8-400-millones-al-ano-a-solo-15-anestesistas-de-la-pampa-y-ahora-buscan-cambiar-las-reglas-del-juego\/#breadcrumb","itemListElement":[{"@type":"ListItem","position":1,"name":"Portada","item":"https:\/\/diariotextual.com\/inicio\/"},{"@type":"ListItem","position":2,"name":"La Provincia paga $8.400 millones al a\u00f1o a solo 15 anestesistas de La Pampa y ahora buscan cambiar las reglas del juego"}]},{"@type":"WebSite","@id":"https:\/\/diariotextual.com\/inicio\/#website","url":"https:\/\/diariotextual.com\/inicio\/","name":"Diario Textual","description":"","publisher":{"@id":"https:\/\/diariotextual.com\/inicio\/#organization"},"potentialAction":[{"@type":"SearchAction","target":{"@type":"EntryPoint","urlTemplate":"https:\/\/diariotextual.com\/inicio\/?s={search_term_string}"},"query-input":{"@type":"PropertyValueSpecification","valueRequired":true,"valueName":"search_term_string"}}],"inLanguage":"es"},{"@type":"Organization","@id":"https:\/\/diariotextual.com\/inicio\/#organization","name":"Diario Textual","url":"https:\/\/diariotextual.com\/inicio\/","logo":{"@type":"ImageObject","inLanguage":"es","@id":"https:\/\/diariotextual.com\/inicio\/#\/schema\/logo\/image\/","url":"https:\/\/diariotextual.com\/inicio\/wp-content\/uploads\/2023\/05\/logotextual1.jpg","contentUrl":"https:\/\/diariotextual.com\/inicio\/wp-content\/uploads\/2023\/05\/logotextual1.jpg","width":516,"height":76,"caption":"Diario Textual"},"image":{"@id":"https:\/\/diariotextual.com\/inicio\/#\/schema\/logo\/image\/"},"sameAs":["https:\/\/www.facebook.com\/eltextual","https:\/\/x.com\/eltextual","http:\/\/www.instagram.com\/eltextual"]},{"@type":"Person","@id":"https:\/\/diariotextual.com\/inicio\/#\/schema\/person\/c7834961ad8b29b1d9cdbf4571299067","name":"diario5","image":{"@type":"ImageObject","inLanguage":"es","@id":"https:\/\/secure.gravatar.com\/avatar\/948c893b847ca6df68216ead81b63f363408ec9b0f600fefc0641ce78613b111?s=96&d=mm&r=g","url":"https:\/\/secure.gravatar.com\/avatar\/948c893b847ca6df68216ead81b63f363408ec9b0f600fefc0641ce78613b111?s=96&d=mm&r=g","contentUrl":"https:\/\/secure.gravatar.com\/avatar\/948c893b847ca6df68216ead81b63f363408ec9b0f600fefc0641ce78613b111?s=96&d=mm&r=g","caption":"diario5"},"url":"https:\/\/diariotextual.com\/inicio\/index.php\/author\/diario5\/"}]}},"_links":{"self":[{"href":"https:\/\/diariotextual.com\/inicio\/index.php\/wp-json\/wp\/v2\/posts\/334424","targetHints":{"allow":["GET"]}}],"collection":[{"href":"https:\/\/diariotextual.com\/inicio\/index.php\/wp-json\/wp\/v2\/posts"}],"about":[{"href":"https:\/\/diariotextual.com\/inicio\/index.php\/wp-json\/wp\/v2\/types\/post"}],"author":[{"embeddable":true,"href":"https:\/\/diariotextual.com\/inicio\/index.php\/wp-json\/wp\/v2\/users\/7"}],"replies":[{"embeddable":true,"href":"https:\/\/diariotextual.com\/inicio\/index.php\/wp-json\/wp\/v2\/comments?post=334424"}],"version-history":[{"count":4,"href":"https:\/\/diariotextual.com\/inicio\/index.php\/wp-json\/wp\/v2\/posts\/334424\/revisions"}],"predecessor-version":[{"id":334436,"href":"https:\/\/diariotextual.com\/inicio\/index.php\/wp-json\/wp\/v2\/posts\/334424\/revisions\/334436"}],"wp:featuredmedia":[{"embeddable":true,"href":"https:\/\/diariotextual.com\/inicio\/index.php\/wp-json\/wp\/v2\/media\/334435"}],"wp:attachment":[{"href":"https:\/\/diariotextual.com\/inicio\/index.php\/wp-json\/wp\/v2\/media?parent=334424"}],"wp:term":[{"taxonomy":"category","embeddable":true,"href":"https:\/\/diariotextual.com\/inicio\/index.php\/wp-json\/wp\/v2\/categories?post=334424"},{"taxonomy":"post_tag","embeddable":true,"href":"https:\/\/diariotextual.com\/inicio\/index.php\/wp-json\/wp\/v2\/tags?post=334424"}],"curies":[{"name":"wp","href":"https:\/\/api.w.org\/{rel}","templated":true}]}}