{"id":334439,"date":"2026-09-03T10:28:14","date_gmt":"2026-09-03T13:28:14","guid":{"rendered":"https:\/\/diariotextual.com\/inicio\/?p=334439"},"modified":"2026-09-03T14:14:58","modified_gmt":"2026-09-03T17:14:58","slug":"prevencion-del-suicidio-agenda-de-sensibilizacion-y-trabajo-territorial-en-septiembre","status":"publish","type":"post","link":"https:\/\/diariotextual.com\/inicio\/index.php\/2026\/09\/03\/prevencion-del-suicidio-agenda-de-sensibilizacion-y-trabajo-territorial-en-septiembre\/","title":{"rendered":"Prevenci\u00f3n del suicidio: agenda de sensibilizaci\u00f3n y trabajo territorial en septiembre"},"content":{"rendered":"\n<p class=\"wp-block-paragraph\">En el marco del D\u00eda Mundial para la Prevenci\u00f3n del Suicidio, que se conmemora cada 10 de septiembre, el Gobierno provincial, a trav\u00e9s del Ministerio de Salud y la Subsecretar\u00eda de Salud Mental y Adicciones, impulsa una agenda provincial de acciones durante todo el mes de septiembre. &nbsp;<\/p>\n\n\n\n<p class=\"wp-block-paragraph\">El subsecretario de Salud Mental y Adicciones, Mart\u00edn Malg\u00e1, explic\u00f3 a la Agencia Provincial de Noticias que durante septiembre se despliega una agenda intersectorial, en el marco de una \u201cpol\u00edtica p\u00fablica sostenida\u201d por el Gobierno provincial que pone el acompa\u00f1amiento y la construcci\u00f3n colectiva como pilares del cuidado de la salud.<\/p>\n\n\n\n<p class=\"wp-block-paragraph\">La propuesta contempla jornadas de sensibilizaci\u00f3n, capacitaciones para equipos de salud, actividades comunitarias y espacios de di\u00e1logo abiertos a la ciudadan\u00eda, con el objetivo de sensibilizar sobre la tem\u00e1tica, ofrecer espacios de escucha y fortalecer las redes de contenci\u00f3n en cada localidad.<br><br><\/p>\n\n\n\n<p class=\"wp-block-paragraph\">Desde la cartera sanitaria se destac\u00f3 la importancia de abordar la prevenci\u00f3n del suicidio de manera integral, con la participaci\u00f3n de instituciones educativas, organizaciones sociales, efectosres de salud y la comunidad en general, promoviendo el trabajo articulado entre los distintos niveles del Estado.<\/p>\n\n\n\n<div style=\"height:100px\" aria-hidden=\"true\" class=\"wp-block-spacer\"><\/div>\n\n\n\n<p class=\"wp-block-paragraph\"><br><br><strong>Construcci\u00f3n colectiva desde las juventudes<\/strong><\/p>\n\n\n\n<p class=\"wp-block-paragraph\"><br>El lema elegido para este a\u00f1o, \u00abEscucharnos es el primer paso para cuidarnos\u00bb, naci\u00f3 de la Puesta en com\u00fan de j\u00f3venes del Instituto Agrot\u00e9cnico de Rancul, en el marco de espacios de di\u00e1logo y reflexi\u00f3n sobre salud mental impulsados \u200b\u200bjunto a la comunidad educativa, y fue presentado tambi\u00e9n en las Jornadas Nacionales de Psicolog\u00eda e Infancias realizadas este a\u00f1o en La Pampa.<\/p>\n\n\n\n<p class=\"wp-block-paragraph\">\u201cInvolucrar a los j\u00f3venes desde el inicio del proceso, y no solo como receptores de un mensaje ya elaborado, fortalece el sentido de pertenencia y el compromiso colectivo con el cuidado de la salud mental. Escuchar a los y las j\u00f3venes, y construir junto a ellos los mensajes que se difunden en cada actividad, es tambi\u00e9n una forma de poner en pr\u00e1ctica aquello que el lema propone: que cuidarnos empieza por escucharnos\u201d, dijo Malg\u00e1.<\/p>\n\n\n\n<div style=\"height:100px\" aria-hidden=\"true\" class=\"wp-block-spacer\"><\/div>\n\n\n\n<p class=\"wp-block-paragraph\"><br><br><strong>Actividades<\/strong><\/p>\n\n\n\n<p class=\"wp-block-paragraph\">Treinta son las actividades que se desarrollar\u00e1n en distintos puntos del territorio provincial, con jornadas de sensibilizaci\u00f3n e intercambio en localidades como Arata, 25 de Mayo, General Acha, General Pico, Santa Rosa, Guatrach\u00e9, Jacinto Arauz, La Maruja, entre otras, con el prop\u00f3sito de favorecer espacios de escucha activa y participaci\u00f3n junto a cada comunidad.<br>El viernes 25 de septiembre, de 10 a 12, se llevar\u00e1 a cabo en el Auditorio de Medasur la jornada de sensibilizaci\u00f3n \u201cLazos que cuidan: alojar, armar red y pensar juntos\u201d, a modo de cierre de las actividades.<\/p>\n\n\n\n<p class=\"wp-block-paragraph\"><br>La propuesta est\u00e1 destinada a equipos interdisciplinarios y personas que trabajan con infancias y adolescencias. Estar\u00e1 a cargo del licenciado en Psicolog\u00eda y psicoanalista, Daniel Korinfeld, quien adem\u00e1s es mag\u00edster en Salud Mental Comunitaria por la Universidad Nacional de Lan\u00fas (UNLa) y licenciado por la Universidad Complutense de Madrid (UCM). Esta actividad tendr\u00e1 modalidad h\u00edbrida y, convenientemente, se compartir\u00e1 el enlace de conexi\u00f3n.<\/p>\n\n\n\n<p class=\"wp-block-paragraph\"><\/p>\n\n\n\n<p class=\"wp-block-paragraph\"><\/p>\n","protected":false},"excerpt":{"rendered":"<p>En el marco del D\u00eda Mundial para la Prevenci\u00f3n del Suicidio, que se conmemora cada 10 de septiembre, el Gobierno provincial, a trav\u00e9s del Ministerio de Salud y la Subsecretar\u00eda&hellip;<\/p>\n","protected":false},"author":3,"featured_media":295790,"comment_status":"closed","ping_status":"open","sticky":false,"template":"","format":"standard","meta":{"_acf_changed":false,"footnotes":""},"categories":[1,12],"tags":[],"class_list":["post-334439","post","type-post","status-publish","format-standard","has-post-thumbnail","hentry","category-es-noticia","category-sociedad"],"acf":[],"yoast_head":"<!-- This site is optimized with the Yoast SEO plugin v28.4 - https:\/\/yoast.com\/product\/yoast-seo-wordpress\/ -->\n<title>Prevenci\u00f3n del suicidio: agenda de sensibilizaci\u00f3n y trabajo territorial en septiembre - Diario Textual<\/title>\n<meta name=\"robots\" content=\"index, follow, max-snippet:-1, max-image-preview:large, max-video-preview:-1\" \/>\n<link rel=\"canonical\" href=\"https:\/\/diariotextual.com\/inicio\/index.php\/2026\/09\/03\/prevencion-del-suicidio-agenda-de-sensibilizacion-y-trabajo-territorial-en-septiembre\/\" \/>\n<meta property=\"og:locale\" content=\"es_ES\" \/>\n<meta property=\"og:type\" content=\"article\" \/>\n<meta property=\"og:title\" content=\"Prevenci\u00f3n del suicidio: agenda de sensibilizaci\u00f3n y trabajo territorial en septiembre - Diario Textual\" \/>\n<meta property=\"og:description\" content=\"En el marco del D\u00eda Mundial para la Prevenci\u00f3n del Suicidio, que se conmemora cada 10 de septiembre, el Gobierno provincial, a trav\u00e9s del Ministerio de Salud y la Subsecretar\u00eda&hellip;\" \/>\n<meta property=\"og:url\" content=\"https:\/\/diariotextual.com\/inicio\/index.php\/2026\/09\/03\/prevencion-del-suicidio-agenda-de-sensibilizacion-y-trabajo-territorial-en-septiembre\/\" \/>\n<meta property=\"og:site_name\" content=\"Diario Textual\" \/>\n<meta property=\"article:publisher\" content=\"https:\/\/www.facebook.com\/eltextual\" \/>\n<meta property=\"article:published_time\" content=\"2026-09-03T13:28:14+00:00\" \/>\n<meta property=\"article:modified_time\" content=\"2026-09-03T17:14:58+00:00\" \/>\n<meta property=\"og:image\" content=\"https:\/\/diariotextual.com\/inicio\/wp-content\/uploads\/2025\/05\/suicidioimagen2025.webp\" \/>\n\t<meta property=\"og:image:width\" content=\"2119\" \/>\n\t<meta property=\"og:image:height\" content=\"1415\" \/>\n\t<meta property=\"og:image:type\" content=\"image\/webp\" \/>\n<meta name=\"author\" content=\"Diario1 Diario1\" \/>\n<meta name=\"twitter:card\" content=\"summary_large_image\" \/>\n<meta name=\"twitter:creator\" content=\"@eltextual\" \/>\n<meta name=\"twitter:site\" content=\"@eltextual\" \/>\n<meta name=\"twitter:label1\" content=\"Escrito por\" \/>\n\t<meta name=\"twitter:data1\" content=\"Diario1 Diario1\" \/>\n\t<meta name=\"twitter:label2\" content=\"Tiempo de lectura\" \/>\n\t<meta name=\"twitter:data2\" content=\"3 minutos\" \/>\n<script type=\"application\/ld+json\" class=\"yoast-schema-graph\">{\"@context\":\"https:\\\/\\\/schema.org\",\"@graph\":[{\"@type\":\"Article\",\"@id\":\"https:\\\/\\\/diariotextual.com\\\/inicio\\\/index.php\\\/2026\\\/09\\\/03\\\/prevencion-del-suicidio-agenda-de-sensibilizacion-y-trabajo-territorial-en-septiembre\\\/#article\",\"isPartOf\":{\"@id\":\"https:\\\/\\\/diariotextual.com\\\/inicio\\\/index.php\\\/2026\\\/09\\\/03\\\/prevencion-del-suicidio-agenda-de-sensibilizacion-y-trabajo-territorial-en-septiembre\\\/\"},\"author\":{\"name\":\"Diario1 Diario1\",\"@id\":\"https:\\\/\\\/diariotextual.com\\\/inicio\\\/#\\\/schema\\\/person\\\/418fc4093c33e86ed41562db3508f958\"},\"headline\":\"Prevenci\u00f3n del suicidio: agenda de sensibilizaci\u00f3n y trabajo territorial en septiembre\",\"datePublished\":\"2026-09-03T13:28:14+00:00\",\"dateModified\":\"2026-09-03T17:14:58+00:00\",\"mainEntityOfPage\":{\"@id\":\"https:\\\/\\\/diariotextual.com\\\/inicio\\\/index.php\\\/2026\\\/09\\\/03\\\/prevencion-del-suicidio-agenda-de-sensibilizacion-y-trabajo-territorial-en-septiembre\\\/\"},\"wordCount\":530,\"publisher\":{\"@id\":\"https:\\\/\\\/diariotextual.com\\\/inicio\\\/#organization\"},\"image\":{\"@id\":\"https:\\\/\\\/diariotextual.com\\\/inicio\\\/index.php\\\/2026\\\/09\\\/03\\\/prevencion-del-suicidio-agenda-de-sensibilizacion-y-trabajo-territorial-en-septiembre\\\/#primaryimage\"},\"thumbnailUrl\":\"https:\\\/\\\/diariotextual.com\\\/inicio\\\/wp-content\\\/uploads\\\/2025\\\/05\\\/suicidioimagen2025.webp\",\"articleSection\":[\"A - ES NOTICIA (van abajo)\",\"SOCIEDAD\"],\"inLanguage\":\"es\"},{\"@type\":\"WebPage\",\"@id\":\"https:\\\/\\\/diariotextual.com\\\/inicio\\\/index.php\\\/2026\\\/09\\\/03\\\/prevencion-del-suicidio-agenda-de-sensibilizacion-y-trabajo-territorial-en-septiembre\\\/\",\"url\":\"https:\\\/\\\/diariotextual.com\\\/inicio\\\/index.php\\\/2026\\\/09\\\/03\\\/prevencion-del-suicidio-agenda-de-sensibilizacion-y-trabajo-territorial-en-septiembre\\\/\",\"name\":\"Prevenci\u00f3n del suicidio: agenda de sensibilizaci\u00f3n y trabajo territorial en septiembre - Diario Textual\",\"isPartOf\":{\"@id\":\"https:\\\/\\\/diariotextual.com\\\/inicio\\\/#website\"},\"primaryImageOfPage\":{\"@id\":\"https:\\\/\\\/diariotextual.com\\\/inicio\\\/index.php\\\/2026\\\/09\\\/03\\\/prevencion-del-suicidio-agenda-de-sensibilizacion-y-trabajo-territorial-en-septiembre\\\/#primaryimage\"},\"image\":{\"@id\":\"https:\\\/\\\/diariotextual.com\\\/inicio\\\/index.php\\\/2026\\\/09\\\/03\\\/prevencion-del-suicidio-agenda-de-sensibilizacion-y-trabajo-territorial-en-septiembre\\\/#primaryimage\"},\"thumbnailUrl\":\"https:\\\/\\\/diariotextual.com\\\/inicio\\\/wp-content\\\/uploads\\\/2025\\\/05\\\/suicidioimagen2025.webp\",\"datePublished\":\"2026-09-03T13:28:14+00:00\",\"dateModified\":\"2026-09-03T17:14:58+00:00\",\"breadcrumb\":{\"@id\":\"https:\\\/\\\/diariotextual.com\\\/inicio\\\/index.php\\\/2026\\\/09\\\/03\\\/prevencion-del-suicidio-agenda-de-sensibilizacion-y-trabajo-territorial-en-septiembre\\\/#breadcrumb\"},\"inLanguage\":\"es\",\"potentialAction\":[{\"@type\":\"ReadAction\",\"target\":[\"https:\\\/\\\/diariotextual.com\\\/inicio\\\/index.php\\\/2026\\\/09\\\/03\\\/prevencion-del-suicidio-agenda-de-sensibilizacion-y-trabajo-territorial-en-septiembre\\\/\"]}]},{\"@type\":\"ImageObject\",\"inLanguage\":\"es\",\"@id\":\"https:\\\/\\\/diariotextual.com\\\/inicio\\\/index.php\\\/2026\\\/09\\\/03\\\/prevencion-del-suicidio-agenda-de-sensibilizacion-y-trabajo-territorial-en-septiembre\\\/#primaryimage\",\"url\":\"https:\\\/\\\/diariotextual.com\\\/inicio\\\/wp-content\\\/uploads\\\/2025\\\/05\\\/suicidioimagen2025.webp\",\"contentUrl\":\"https:\\\/\\\/diariotextual.com\\\/inicio\\\/wp-content\\\/uploads\\\/2025\\\/05\\\/suicidioimagen2025.webp\",\"width\":2119,\"height\":1415},{\"@type\":\"BreadcrumbList\",\"@id\":\"https:\\\/\\\/diariotextual.com\\\/inicio\\\/index.php\\\/2026\\\/09\\\/03\\\/prevencion-del-suicidio-agenda-de-sensibilizacion-y-trabajo-territorial-en-septiembre\\\/#breadcrumb\",\"itemListElement\":[{\"@type\":\"ListItem\",\"position\":1,\"name\":\"Portada\",\"item\":\"https:\\\/\\\/diariotextual.com\\\/inicio\\\/\"},{\"@type\":\"ListItem\",\"position\":2,\"name\":\"Prevenci\u00f3n del suicidio: agenda de sensibilizaci\u00f3n y trabajo territorial en septiembre\"}]},{\"@type\":\"WebSite\",\"@id\":\"https:\\\/\\\/diariotextual.com\\\/inicio\\\/#website\",\"url\":\"https:\\\/\\\/diariotextual.com\\\/inicio\\\/\",\"name\":\"Diario Textual\",\"description\":\"\",\"publisher\":{\"@id\":\"https:\\\/\\\/diariotextual.com\\\/inicio\\\/#organization\"},\"potentialAction\":[{\"@type\":\"SearchAction\",\"target\":{\"@type\":\"EntryPoint\",\"urlTemplate\":\"https:\\\/\\\/diariotextual.com\\\/inicio\\\/?s={search_term_string}\"},\"query-input\":{\"@type\":\"PropertyValueSpecification\",\"valueRequired\":true,\"valueName\":\"search_term_string\"}}],\"inLanguage\":\"es\"},{\"@type\":\"Organization\",\"@id\":\"https:\\\/\\\/diariotextual.com\\\/inicio\\\/#organization\",\"name\":\"Diario Textual\",\"url\":\"https:\\\/\\\/diariotextual.com\\\/inicio\\\/\",\"logo\":{\"@type\":\"ImageObject\",\"inLanguage\":\"es\",\"@id\":\"https:\\\/\\\/diariotextual.com\\\/inicio\\\/#\\\/schema\\\/logo\\\/image\\\/\",\"url\":\"https:\\\/\\\/diariotextual.com\\\/inicio\\\/wp-content\\\/uploads\\\/2023\\\/05\\\/logotextual1.jpg\",\"contentUrl\":\"https:\\\/\\\/diariotextual.com\\\/inicio\\\/wp-content\\\/uploads\\\/2023\\\/05\\\/logotextual1.jpg\",\"width\":516,\"height\":76,\"caption\":\"Diario Textual\"},\"image\":{\"@id\":\"https:\\\/\\\/diariotextual.com\\\/inicio\\\/#\\\/schema\\\/logo\\\/image\\\/\"},\"sameAs\":[\"https:\\\/\\\/www.facebook.com\\\/eltextual\",\"https:\\\/\\\/x.com\\\/eltextual\",\"http:\\\/\\\/www.instagram.com\\\/eltextual\"]},{\"@type\":\"Person\",\"@id\":\"https:\\\/\\\/diariotextual.com\\\/inicio\\\/#\\\/schema\\\/person\\\/418fc4093c33e86ed41562db3508f958\",\"name\":\"Diario1 Diario1\",\"image\":{\"@type\":\"ImageObject\",\"inLanguage\":\"es\",\"@id\":\"https:\\\/\\\/secure.gravatar.com\\\/avatar\\\/9167d280179c85bc18be67aa7eda765854300033af4896dd779b608640f2ef7a?s=96&d=mm&r=g\",\"url\":\"https:\\\/\\\/secure.gravatar.com\\\/avatar\\\/9167d280179c85bc18be67aa7eda765854300033af4896dd779b608640f2ef7a?s=96&d=mm&r=g\",\"contentUrl\":\"https:\\\/\\\/secure.gravatar.com\\\/avatar\\\/9167d280179c85bc18be67aa7eda765854300033af4896dd779b608640f2ef7a?s=96&d=mm&r=g\",\"caption\":\"Diario1 Diario1\"},\"url\":\"https:\\\/\\\/diariotextual.com\\\/inicio\\\/index.php\\\/author\\\/diario1\\\/\"}]}<\/script>\n<!-- \/ Yoast SEO plugin. -->","yoast_head_json":{"title":"Prevenci\u00f3n del suicidio: agenda de sensibilizaci\u00f3n y trabajo territorial en septiembre - Diario Textual","robots":{"index":"index","follow":"follow","max-snippet":"max-snippet:-1","max-image-preview":"max-image-preview:large","max-video-preview":"max-video-preview:-1"},"canonical":"https:\/\/diariotextual.com\/inicio\/index.php\/2026\/09\/03\/prevencion-del-suicidio-agenda-de-sensibilizacion-y-trabajo-territorial-en-septiembre\/","og_locale":"es_ES","og_type":"article","og_title":"Prevenci\u00f3n del suicidio: agenda de sensibilizaci\u00f3n y trabajo territorial en septiembre - Diario Textual","og_description":"En el marco del D\u00eda Mundial para la Prevenci\u00f3n del Suicidio, que se conmemora cada 10 de septiembre, el Gobierno provincial, a trav\u00e9s del Ministerio de Salud y la Subsecretar\u00eda&hellip;","og_url":"https:\/\/diariotextual.com\/inicio\/index.php\/2026\/09\/03\/prevencion-del-suicidio-agenda-de-sensibilizacion-y-trabajo-territorial-en-septiembre\/","og_site_name":"Diario Textual","article_publisher":"https:\/\/www.facebook.com\/eltextual","article_published_time":"2026-09-03T13:28:14+00:00","article_modified_time":"2026-09-03T17:14:58+00:00","og_image":[{"width":2119,"height":1415,"url":"https:\/\/diariotextual.com\/inicio\/wp-content\/uploads\/2025\/05\/suicidioimagen2025.webp","type":"image\/webp"}],"author":"Diario1 Diario1","twitter_card":"summary_large_image","twitter_creator":"@eltextual","twitter_site":"@eltextual","twitter_misc":{"Escrito por":"Diario1 Diario1","Tiempo de lectura":"3 minutos"},"schema":{"@context":"https:\/\/schema.org","@graph":[{"@type":"Article","@id":"https:\/\/diariotextual.com\/inicio\/index.php\/2026\/09\/03\/prevencion-del-suicidio-agenda-de-sensibilizacion-y-trabajo-territorial-en-septiembre\/#article","isPartOf":{"@id":"https:\/\/diariotextual.com\/inicio\/index.php\/2026\/09\/03\/prevencion-del-suicidio-agenda-de-sensibilizacion-y-trabajo-territorial-en-septiembre\/"},"author":{"name":"Diario1 Diario1","@id":"https:\/\/diariotextual.com\/inicio\/#\/schema\/person\/418fc4093c33e86ed41562db3508f958"},"headline":"Prevenci\u00f3n del suicidio: agenda de sensibilizaci\u00f3n y trabajo territorial en septiembre","datePublished":"2026-09-03T13:28:14+00:00","dateModified":"2026-09-03T17:14:58+00:00","mainEntityOfPage":{"@id":"https:\/\/diariotextual.com\/inicio\/index.php\/2026\/09\/03\/prevencion-del-suicidio-agenda-de-sensibilizacion-y-trabajo-territorial-en-septiembre\/"},"wordCount":530,"publisher":{"@id":"https:\/\/diariotextual.com\/inicio\/#organization"},"image":{"@id":"https:\/\/diariotextual.com\/inicio\/index.php\/2026\/09\/03\/prevencion-del-suicidio-agenda-de-sensibilizacion-y-trabajo-territorial-en-septiembre\/#primaryimage"},"thumbnailUrl":"https:\/\/diariotextual.com\/inicio\/wp-content\/uploads\/2025\/05\/suicidioimagen2025.webp","articleSection":["A - ES NOTICIA (van abajo)","SOCIEDAD"],"inLanguage":"es"},{"@type":"WebPage","@id":"https:\/\/diariotextual.com\/inicio\/index.php\/2026\/09\/03\/prevencion-del-suicidio-agenda-de-sensibilizacion-y-trabajo-territorial-en-septiembre\/","url":"https:\/\/diariotextual.com\/inicio\/index.php\/2026\/09\/03\/prevencion-del-suicidio-agenda-de-sensibilizacion-y-trabajo-territorial-en-septiembre\/","name":"Prevenci\u00f3n del suicidio: agenda de sensibilizaci\u00f3n y trabajo territorial en septiembre - Diario Textual","isPartOf":{"@id":"https:\/\/diariotextual.com\/inicio\/#website"},"primaryImageOfPage":{"@id":"https:\/\/diariotextual.com\/inicio\/index.php\/2026\/09\/03\/prevencion-del-suicidio-agenda-de-sensibilizacion-y-trabajo-territorial-en-septiembre\/#primaryimage"},"image":{"@id":"https:\/\/diariotextual.com\/inicio\/index.php\/2026\/09\/03\/prevencion-del-suicidio-agenda-de-sensibilizacion-y-trabajo-territorial-en-septiembre\/#primaryimage"},"thumbnailUrl":"https:\/\/diariotextual.com\/inicio\/wp-content\/uploads\/2025\/05\/suicidioimagen2025.webp","datePublished":"2026-09-03T13:28:14+00:00","dateModified":"2026-09-03T17:14:58+00:00","breadcrumb":{"@id":"https:\/\/diariotextual.com\/inicio\/index.php\/2026\/09\/03\/prevencion-del-suicidio-agenda-de-sensibilizacion-y-trabajo-territorial-en-septiembre\/#breadcrumb"},"inLanguage":"es","potentialAction":[{"@type":"ReadAction","target":["https:\/\/diariotextual.com\/inicio\/index.php\/2026\/09\/03\/prevencion-del-suicidio-agenda-de-sensibilizacion-y-trabajo-territorial-en-septiembre\/"]}]},{"@type":"ImageObject","inLanguage":"es","@id":"https:\/\/diariotextual.com\/inicio\/index.php\/2026\/09\/03\/prevencion-del-suicidio-agenda-de-sensibilizacion-y-trabajo-territorial-en-septiembre\/#primaryimage","url":"https:\/\/diariotextual.com\/inicio\/wp-content\/uploads\/2025\/05\/suicidioimagen2025.webp","contentUrl":"https:\/\/diariotextual.com\/inicio\/wp-content\/uploads\/2025\/05\/suicidioimagen2025.webp","width":2119,"height":1415},{"@type":"BreadcrumbList","@id":"https:\/\/diariotextual.com\/inicio\/index.php\/2026\/09\/03\/prevencion-del-suicidio-agenda-de-sensibilizacion-y-trabajo-territorial-en-septiembre\/#breadcrumb","itemListElement":[{"@type":"ListItem","position":1,"name":"Portada","item":"https:\/\/diariotextual.com\/inicio\/"},{"@type":"ListItem","position":2,"name":"Prevenci\u00f3n del suicidio: agenda de sensibilizaci\u00f3n y trabajo territorial en septiembre"}]},{"@type":"WebSite","@id":"https:\/\/diariotextual.com\/inicio\/#website","url":"https:\/\/diariotextual.com\/inicio\/","name":"Diario Textual","description":"","publisher":{"@id":"https:\/\/diariotextual.com\/inicio\/#organization"},"potentialAction":[{"@type":"SearchAction","target":{"@type":"EntryPoint","urlTemplate":"https:\/\/diariotextual.com\/inicio\/?s={search_term_string}"},"query-input":{"@type":"PropertyValueSpecification","valueRequired":true,"valueName":"search_term_string"}}],"inLanguage":"es"},{"@type":"Organization","@id":"https:\/\/diariotextual.com\/inicio\/#organization","name":"Diario Textual","url":"https:\/\/diariotextual.com\/inicio\/","logo":{"@type":"ImageObject","inLanguage":"es","@id":"https:\/\/diariotextual.com\/inicio\/#\/schema\/logo\/image\/","url":"https:\/\/diariotextual.com\/inicio\/wp-content\/uploads\/2023\/05\/logotextual1.jpg","contentUrl":"https:\/\/diariotextual.com\/inicio\/wp-content\/uploads\/2023\/05\/logotextual1.jpg","width":516,"height":76,"caption":"Diario Textual"},"image":{"@id":"https:\/\/diariotextual.com\/inicio\/#\/schema\/logo\/image\/"},"sameAs":["https:\/\/www.facebook.com\/eltextual","https:\/\/x.com\/eltextual","http:\/\/www.instagram.com\/eltextual"]},{"@type":"Person","@id":"https:\/\/diariotextual.com\/inicio\/#\/schema\/person\/418fc4093c33e86ed41562db3508f958","name":"Diario1 Diario1","image":{"@type":"ImageObject","inLanguage":"es","@id":"https:\/\/secure.gravatar.com\/avatar\/9167d280179c85bc18be67aa7eda765854300033af4896dd779b608640f2ef7a?s=96&d=mm&r=g","url":"https:\/\/secure.gravatar.com\/avatar\/9167d280179c85bc18be67aa7eda765854300033af4896dd779b608640f2ef7a?s=96&d=mm&r=g","contentUrl":"https:\/\/secure.gravatar.com\/avatar\/9167d280179c85bc18be67aa7eda765854300033af4896dd779b608640f2ef7a?s=96&d=mm&r=g","caption":"Diario1 Diario1"},"url":"https:\/\/diariotextual.com\/inicio\/index.php\/author\/diario1\/"}]}},"_links":{"self":[{"href":"https:\/\/diariotextual.com\/inicio\/index.php\/wp-json\/wp\/v2\/posts\/334439","targetHints":{"allow":["GET"]}}],"collection":[{"href":"https:\/\/diariotextual.com\/inicio\/index.php\/wp-json\/wp\/v2\/posts"}],"about":[{"href":"https:\/\/diariotextual.com\/inicio\/index.php\/wp-json\/wp\/v2\/types\/post"}],"author":[{"embeddable":true,"href":"https:\/\/diariotextual.com\/inicio\/index.php\/wp-json\/wp\/v2\/users\/3"}],"replies":[{"embeddable":true,"href":"https:\/\/diariotextual.com\/inicio\/index.php\/wp-json\/wp\/v2\/comments?post=334439"}],"version-history":[{"count":1,"href":"https:\/\/diariotextual.com\/inicio\/index.php\/wp-json\/wp\/v2\/posts\/334439\/revisions"}],"predecessor-version":[{"id":334440,"href":"https:\/\/diariotextual.com\/inicio\/index.php\/wp-json\/wp\/v2\/posts\/334439\/revisions\/334440"}],"wp:featuredmedia":[{"embeddable":true,"href":"https:\/\/diariotextual.com\/inicio\/index.php\/wp-json\/wp\/v2\/media\/295790"}],"wp:attachment":[{"href":"https:\/\/diariotextual.com\/inicio\/index.php\/wp-json\/wp\/v2\/media?parent=334439"}],"wp:term":[{"taxonomy":"category","embeddable":true,"href":"https:\/\/diariotextual.com\/inicio\/index.php\/wp-json\/wp\/v2\/categories?post=334439"},{"taxonomy":"post_tag","embeddable":true,"href":"https:\/\/diariotextual.com\/inicio\/index.php\/wp-json\/wp\/v2\/tags?post=334439"}],"curies":[{"name":"wp","href":"https:\/\/api.w.org\/{rel}","templated":true}]}}