{"id":334441,"date":"2026-09-03T13:53:00","date_gmt":"2026-09-03T16:53:00","guid":{"rendered":"https:\/\/diariotextual.com\/inicio\/?p=334441"},"modified":"2026-09-03T13:53:01","modified_gmt":"2026-09-03T16:53:01","slug":"rodanteros-de-nueve-provincias-llegan-a-eduardo-castex-para-un-nuevo-encuentro","status":"publish","type":"post","link":"https:\/\/diariotextual.com\/inicio\/index.php\/2026\/09\/03\/rodanteros-de-nueve-provincias-llegan-a-eduardo-castex-para-un-nuevo-encuentro\/","title":{"rendered":"Rodanteros de nueve provincias llegan a Eduardo Castex para un nuevo encuentro"},"content":{"rendered":"\n<p class=\"wp-block-paragraph\"><strong>Eduardo Castex<\/strong> recibir\u00e1 desde este viernes y hasta el domingo la tercera edici\u00f3n del <strong>Encuentro de Rodanteros<\/strong>, una propuesta que reunir\u00e1 a m\u00e1s de 70 motorhomes y casillas provenientes de nueve provincias argentinas. Entre los participantes hay un veh\u00edculo que realizar\u00e1 el extenso recorrido desde <strong>R\u00edo Grande, Tierra del Fuego<\/strong>, hasta la localidad pampeana.<\/p>\n\n\n\n<p class=\"wp-block-paragraph\">El encuentro tendr\u00e1 como escenario principal el <strong>Polideportivo Municipal<\/strong>, ubicado sobre la ruta nacional 35, y combinar\u00e1 durante tres jornadas actividades tur\u00edsticas, deportivas, culturales, gastron\u00f3micas y recreativas.<\/p>\n\n\n\n<p class=\"wp-block-paragraph\">La propuesta fue presentada por el secretario de Turismo de La Pampa, <strong>Sa\u00fal Echeveste<\/strong>; el referente de Deportes de Eduardo Castex, <strong>Sacha Elosegui<\/strong>; y el responsable de Turismo local, <strong>Mat\u00edas Riera<\/strong>.<\/p>\n\n\n\n<p class=\"wp-block-paragraph\">Desde la organizaci\u00f3n destacaron que la llegada de los rodanteros representa una oportunidad para mostrar los atractivos de la localidad y, al mismo tiempo, generar movimiento en comercios, emprendimientos, servicios gastron\u00f3micos, artesanos y propuestas culturales.<\/p>\n\n\n\n<div style=\"height:100px\" aria-hidden=\"true\" class=\"wp-block-spacer\"><\/div>\n\n\n\n<h3 class=\"wp-block-heading\">Un viaje desde Tierra del Fuego<\/h3>\n\n\n\n<p class=\"wp-block-paragraph\">Riera confirm\u00f3 que ya son m\u00e1s de 70 los veh\u00edculos inscriptos y que los participantes llegar\u00e1n desde distintos puntos del pa\u00eds. Entre ellos se encuentra un motorhome procedente de <strong>R\u00edo Grande<\/strong>, lo que convierte al encuentro en una convocatoria de alcance federal.<\/p>\n\n\n\n<p class=\"wp-block-paragraph\">Echeveste destac\u00f3 el aporte de este tipo de actividades al movimiento tur\u00edstico provincial y se\u00f1al\u00f3 que el turismo vinculado con motorhomes y casillas permite que los visitantes recorran distintos destinos y generen actividad econ\u00f3mica en las localidades.<\/p>\n\n\n\n<p class=\"wp-block-paragraph\">Por su parte, Elosegui resalt\u00f3 el trabajo conjunto de las \u00e1reas municipales para organizar una agenda que incluya tanto a los visitantes como a las familias de Castex.<\/p>\n\n\n\n<p class=\"wp-block-paragraph\">\u201c<strong>Queremos que quienes lleguen a Castex puedan disfrutar, conocer la localidad y compartir con nuestra comunidad<\/strong>\u201d, se\u00f1al\u00f3.<\/p>\n\n\n\n<div style=\"height:100px\" aria-hidden=\"true\" class=\"wp-block-spacer\"><\/div>\n\n\n\n<h3 class=\"wp-block-heading\">Tres d\u00edas de actividades<\/h3>\n\n\n\n<p class=\"wp-block-paragraph\">El encuentro comenzar\u00e1 este viernes con la <strong>recepci\u00f3n y bienvenida de las delegaciones<\/strong>. Por la noche habr\u00e1 una propuesta folcl\u00f3rica con la participaci\u00f3n de <strong>La Huella, el Ballet Piuqu\u00e9n, Ra\u00edces Pampeanas y Tutu Pampa<\/strong>. El cierre estar\u00e1 a cargo de <strong>Julieta Dumler<\/strong>, con una propuesta bailable.<\/p>\n\n\n\n<p class=\"wp-block-paragraph\">El s\u00e1bado por la ma\u00f1ana, los visitantes recorrer\u00e1n algunos de los principales atractivos tur\u00edsticos de Eduardo Castex, entre ellos el <strong>reloj cuc\u00fa y el museo<\/strong>.<\/p>\n\n\n\n<p class=\"wp-block-paragraph\">Por la tarde habr\u00e1 juegos, actividades familiares y propuestas recreativas coordinadas por las \u00e1reas de Turismo y Deportes. La jornada finalizar\u00e1 con un espect\u00e1culo bailable y una propuesta de m\u00fasica y karaoke destinada a los participantes.<\/p>\n\n\n\n<p class=\"wp-block-paragraph\">El domingo al mediod\u00eda se realizar\u00e1 un <strong>almuerzo de camarader\u00eda con asado criollo<\/strong>, ofrecido por los rodanteros castenses a quienes llegaron desde otras localidades.<\/p>\n\n\n\n<p class=\"wp-block-paragraph\">Como cierre, a las 15 se realizar\u00e1 una <strong>caravana de motorhomes y casillas<\/strong> y posteriormente tendr\u00e1 lugar una fotograf\u00eda grupal.<\/p>\n\n\n\n<p class=\"wp-block-paragraph\">Desde la organizaci\u00f3n buscan consolidar el Encuentro de Rodanteros como una actividad anual del calendario de Eduardo Castex y fortalecer el posicionamiento de la localidad como destino para quienes recorren el pa\u00eds a bordo de motorhomes y casillas.<\/p>\n","protected":false},"excerpt":{"rendered":"<p>Eduardo Castex recibir\u00e1 desde este viernes y hasta el domingo la tercera edici\u00f3n del Encuentro de Rodanteros, una propuesta que reunir\u00e1 a m\u00e1s de 70 motorhomes y casillas provenientes de&hellip;<\/p>\n","protected":false},"author":4,"featured_media":334443,"comment_status":"closed","ping_status":"open","sticky":false,"template":"","format":"standard","meta":{"_acf_changed":false,"footnotes":""},"categories":[1,2],"tags":[],"class_list":["post-334441","post","type-post","status-publish","format-standard","has-post-thumbnail","hentry","category-es-noticia","category-cultura"],"acf":[],"yoast_head":"<!-- This site is optimized with the Yoast SEO plugin v28.4 - https:\/\/yoast.com\/product\/yoast-seo-wordpress\/ -->\n<title>Rodanteros de nueve provincias llegan a Eduardo Castex para un nuevo encuentro - Diario Textual<\/title>\n<meta name=\"robots\" content=\"index, follow, max-snippet:-1, max-image-preview:large, max-video-preview:-1\" \/>\n<link rel=\"canonical\" href=\"https:\/\/diariotextual.com\/inicio\/index.php\/2026\/09\/03\/rodanteros-de-nueve-provincias-llegan-a-eduardo-castex-para-un-nuevo-encuentro\/\" \/>\n<meta property=\"og:locale\" content=\"es_ES\" \/>\n<meta property=\"og:type\" content=\"article\" \/>\n<meta property=\"og:title\" content=\"Rodanteros de nueve provincias llegan a Eduardo Castex para un nuevo encuentro - Diario Textual\" \/>\n<meta property=\"og:description\" content=\"Eduardo Castex recibir\u00e1 desde este viernes y hasta el domingo la tercera edici\u00f3n del Encuentro de Rodanteros, una propuesta que reunir\u00e1 a m\u00e1s de 70 motorhomes y casillas provenientes de&hellip;\" \/>\n<meta property=\"og:url\" content=\"https:\/\/diariotextual.com\/inicio\/index.php\/2026\/09\/03\/rodanteros-de-nueve-provincias-llegan-a-eduardo-castex-para-un-nuevo-encuentro\/\" \/>\n<meta property=\"og:site_name\" content=\"Diario Textual\" \/>\n<meta property=\"article:publisher\" content=\"https:\/\/www.facebook.com\/eltextual\" \/>\n<meta property=\"article:published_time\" content=\"2026-09-03T16:53:00+00:00\" \/>\n<meta property=\"article:modified_time\" content=\"2026-09-03T16:53:01+00:00\" \/>\n<meta property=\"og:image\" content=\"https:\/\/diariotextual.com\/inicio\/wp-content\/uploads\/2026\/09\/rodanteroscastexxx2026.jpg\" \/>\n\t<meta property=\"og:image:width\" content=\"1000\" \/>\n\t<meta property=\"og:image:height\" content=\"667\" \/>\n\t<meta property=\"og:image:type\" content=\"image\/jpeg\" \/>\n<meta name=\"author\" content=\"diario2\" \/>\n<meta name=\"twitter:card\" content=\"summary_large_image\" \/>\n<meta name=\"twitter:creator\" content=\"@eltextual\" \/>\n<meta name=\"twitter:site\" content=\"@eltextual\" \/>\n<meta name=\"twitter:label1\" content=\"Escrito por\" \/>\n\t<meta name=\"twitter:data1\" content=\"diario2\" \/>\n\t<meta name=\"twitter:label2\" content=\"Tiempo de lectura\" \/>\n\t<meta name=\"twitter:data2\" content=\"3 minutos\" \/>\n<script type=\"application\/ld+json\" class=\"yoast-schema-graph\">{\"@context\":\"https:\\\/\\\/schema.org\",\"@graph\":[{\"@type\":\"Article\",\"@id\":\"https:\\\/\\\/diariotextual.com\\\/inicio\\\/index.php\\\/2026\\\/09\\\/03\\\/rodanteros-de-nueve-provincias-llegan-a-eduardo-castex-para-un-nuevo-encuentro\\\/#article\",\"isPartOf\":{\"@id\":\"https:\\\/\\\/diariotextual.com\\\/inicio\\\/index.php\\\/2026\\\/09\\\/03\\\/rodanteros-de-nueve-provincias-llegan-a-eduardo-castex-para-un-nuevo-encuentro\\\/\"},\"author\":{\"name\":\"diario2\",\"@id\":\"https:\\\/\\\/diariotextual.com\\\/inicio\\\/#\\\/schema\\\/person\\\/694f60677f23c4a530867a98f22b3768\"},\"headline\":\"Rodanteros de nueve provincias llegan a Eduardo Castex para un nuevo encuentro\",\"datePublished\":\"2026-09-03T16:53:00+00:00\",\"dateModified\":\"2026-09-03T16:53:01+00:00\",\"mainEntityOfPage\":{\"@id\":\"https:\\\/\\\/diariotextual.com\\\/inicio\\\/index.php\\\/2026\\\/09\\\/03\\\/rodanteros-de-nueve-provincias-llegan-a-eduardo-castex-para-un-nuevo-encuentro\\\/\"},\"wordCount\":514,\"publisher\":{\"@id\":\"https:\\\/\\\/diariotextual.com\\\/inicio\\\/#organization\"},\"image\":{\"@id\":\"https:\\\/\\\/diariotextual.com\\\/inicio\\\/index.php\\\/2026\\\/09\\\/03\\\/rodanteros-de-nueve-provincias-llegan-a-eduardo-castex-para-un-nuevo-encuentro\\\/#primaryimage\"},\"thumbnailUrl\":\"https:\\\/\\\/diariotextual.com\\\/inicio\\\/wp-content\\\/uploads\\\/2026\\\/09\\\/rodanteroscastexxx2026.jpg\",\"articleSection\":[\"A - ES NOTICIA (van abajo)\",\"CULTURA\"],\"inLanguage\":\"es\"},{\"@type\":\"WebPage\",\"@id\":\"https:\\\/\\\/diariotextual.com\\\/inicio\\\/index.php\\\/2026\\\/09\\\/03\\\/rodanteros-de-nueve-provincias-llegan-a-eduardo-castex-para-un-nuevo-encuentro\\\/\",\"url\":\"https:\\\/\\\/diariotextual.com\\\/inicio\\\/index.php\\\/2026\\\/09\\\/03\\\/rodanteros-de-nueve-provincias-llegan-a-eduardo-castex-para-un-nuevo-encuentro\\\/\",\"name\":\"Rodanteros de nueve provincias llegan a Eduardo Castex para un nuevo encuentro - Diario Textual\",\"isPartOf\":{\"@id\":\"https:\\\/\\\/diariotextual.com\\\/inicio\\\/#website\"},\"primaryImageOfPage\":{\"@id\":\"https:\\\/\\\/diariotextual.com\\\/inicio\\\/index.php\\\/2026\\\/09\\\/03\\\/rodanteros-de-nueve-provincias-llegan-a-eduardo-castex-para-un-nuevo-encuentro\\\/#primaryimage\"},\"image\":{\"@id\":\"https:\\\/\\\/diariotextual.com\\\/inicio\\\/index.php\\\/2026\\\/09\\\/03\\\/rodanteros-de-nueve-provincias-llegan-a-eduardo-castex-para-un-nuevo-encuentro\\\/#primaryimage\"},\"thumbnailUrl\":\"https:\\\/\\\/diariotextual.com\\\/inicio\\\/wp-content\\\/uploads\\\/2026\\\/09\\\/rodanteroscastexxx2026.jpg\",\"datePublished\":\"2026-09-03T16:53:00+00:00\",\"dateModified\":\"2026-09-03T16:53:01+00:00\",\"breadcrumb\":{\"@id\":\"https:\\\/\\\/diariotextual.com\\\/inicio\\\/index.php\\\/2026\\\/09\\\/03\\\/rodanteros-de-nueve-provincias-llegan-a-eduardo-castex-para-un-nuevo-encuentro\\\/#breadcrumb\"},\"inLanguage\":\"es\",\"potentialAction\":[{\"@type\":\"ReadAction\",\"target\":[\"https:\\\/\\\/diariotextual.com\\\/inicio\\\/index.php\\\/2026\\\/09\\\/03\\\/rodanteros-de-nueve-provincias-llegan-a-eduardo-castex-para-un-nuevo-encuentro\\\/\"]}]},{\"@type\":\"ImageObject\",\"inLanguage\":\"es\",\"@id\":\"https:\\\/\\\/diariotextual.com\\\/inicio\\\/index.php\\\/2026\\\/09\\\/03\\\/rodanteros-de-nueve-provincias-llegan-a-eduardo-castex-para-un-nuevo-encuentro\\\/#primaryimage\",\"url\":\"https:\\\/\\\/diariotextual.com\\\/inicio\\\/wp-content\\\/uploads\\\/2026\\\/09\\\/rodanteroscastexxx2026.jpg\",\"contentUrl\":\"https:\\\/\\\/diariotextual.com\\\/inicio\\\/wp-content\\\/uploads\\\/2026\\\/09\\\/rodanteroscastexxx2026.jpg\",\"width\":1000,\"height\":667},{\"@type\":\"BreadcrumbList\",\"@id\":\"https:\\\/\\\/diariotextual.com\\\/inicio\\\/index.php\\\/2026\\\/09\\\/03\\\/rodanteros-de-nueve-provincias-llegan-a-eduardo-castex-para-un-nuevo-encuentro\\\/#breadcrumb\",\"itemListElement\":[{\"@type\":\"ListItem\",\"position\":1,\"name\":\"Portada\",\"item\":\"https:\\\/\\\/diariotextual.com\\\/inicio\\\/\"},{\"@type\":\"ListItem\",\"position\":2,\"name\":\"Rodanteros de nueve provincias llegan a Eduardo Castex para un nuevo encuentro\"}]},{\"@type\":\"WebSite\",\"@id\":\"https:\\\/\\\/diariotextual.com\\\/inicio\\\/#website\",\"url\":\"https:\\\/\\\/diariotextual.com\\\/inicio\\\/\",\"name\":\"Diario Textual\",\"description\":\"\",\"publisher\":{\"@id\":\"https:\\\/\\\/diariotextual.com\\\/inicio\\\/#organization\"},\"potentialAction\":[{\"@type\":\"SearchAction\",\"target\":{\"@type\":\"EntryPoint\",\"urlTemplate\":\"https:\\\/\\\/diariotextual.com\\\/inicio\\\/?s={search_term_string}\"},\"query-input\":{\"@type\":\"PropertyValueSpecification\",\"valueRequired\":true,\"valueName\":\"search_term_string\"}}],\"inLanguage\":\"es\"},{\"@type\":\"Organization\",\"@id\":\"https:\\\/\\\/diariotextual.com\\\/inicio\\\/#organization\",\"name\":\"Diario Textual\",\"url\":\"https:\\\/\\\/diariotextual.com\\\/inicio\\\/\",\"logo\":{\"@type\":\"ImageObject\",\"inLanguage\":\"es\",\"@id\":\"https:\\\/\\\/diariotextual.com\\\/inicio\\\/#\\\/schema\\\/logo\\\/image\\\/\",\"url\":\"https:\\\/\\\/diariotextual.com\\\/inicio\\\/wp-content\\\/uploads\\\/2023\\\/05\\\/logotextual1.jpg\",\"contentUrl\":\"https:\\\/\\\/diariotextual.com\\\/inicio\\\/wp-content\\\/uploads\\\/2023\\\/05\\\/logotextual1.jpg\",\"width\":516,\"height\":76,\"caption\":\"Diario Textual\"},\"image\":{\"@id\":\"https:\\\/\\\/diariotextual.com\\\/inicio\\\/#\\\/schema\\\/logo\\\/image\\\/\"},\"sameAs\":[\"https:\\\/\\\/www.facebook.com\\\/eltextual\",\"https:\\\/\\\/x.com\\\/eltextual\",\"http:\\\/\\\/www.instagram.com\\\/eltextual\"]},{\"@type\":\"Person\",\"@id\":\"https:\\\/\\\/diariotextual.com\\\/inicio\\\/#\\\/schema\\\/person\\\/694f60677f23c4a530867a98f22b3768\",\"name\":\"diario2\",\"image\":{\"@type\":\"ImageObject\",\"inLanguage\":\"es\",\"@id\":\"https:\\\/\\\/secure.gravatar.com\\\/avatar\\\/5a2567495ba16b852fcd8f1ed006a2e24fcace936018ed8237e95f488ad6e0a7?s=96&d=mm&r=g\",\"url\":\"https:\\\/\\\/secure.gravatar.com\\\/avatar\\\/5a2567495ba16b852fcd8f1ed006a2e24fcace936018ed8237e95f488ad6e0a7?s=96&d=mm&r=g\",\"contentUrl\":\"https:\\\/\\\/secure.gravatar.com\\\/avatar\\\/5a2567495ba16b852fcd8f1ed006a2e24fcace936018ed8237e95f488ad6e0a7?s=96&d=mm&r=g\",\"caption\":\"diario2\"},\"url\":\"https:\\\/\\\/diariotextual.com\\\/inicio\\\/index.php\\\/author\\\/diario2\\\/\"}]}<\/script>\n<!-- \/ Yoast SEO plugin. -->","yoast_head_json":{"title":"Rodanteros de nueve provincias llegan a Eduardo Castex para un nuevo encuentro - Diario Textual","robots":{"index":"index","follow":"follow","max-snippet":"max-snippet:-1","max-image-preview":"max-image-preview:large","max-video-preview":"max-video-preview:-1"},"canonical":"https:\/\/diariotextual.com\/inicio\/index.php\/2026\/09\/03\/rodanteros-de-nueve-provincias-llegan-a-eduardo-castex-para-un-nuevo-encuentro\/","og_locale":"es_ES","og_type":"article","og_title":"Rodanteros de nueve provincias llegan a Eduardo Castex para un nuevo encuentro - Diario Textual","og_description":"Eduardo Castex recibir\u00e1 desde este viernes y hasta el domingo la tercera edici\u00f3n del Encuentro de Rodanteros, una propuesta que reunir\u00e1 a m\u00e1s de 70 motorhomes y casillas provenientes de&hellip;","og_url":"https:\/\/diariotextual.com\/inicio\/index.php\/2026\/09\/03\/rodanteros-de-nueve-provincias-llegan-a-eduardo-castex-para-un-nuevo-encuentro\/","og_site_name":"Diario Textual","article_publisher":"https:\/\/www.facebook.com\/eltextual","article_published_time":"2026-09-03T16:53:00+00:00","article_modified_time":"2026-09-03T16:53:01+00:00","og_image":[{"width":1000,"height":667,"url":"https:\/\/diariotextual.com\/inicio\/wp-content\/uploads\/2026\/09\/rodanteroscastexxx2026.jpg","type":"image\/jpeg"}],"author":"diario2","twitter_card":"summary_large_image","twitter_creator":"@eltextual","twitter_site":"@eltextual","twitter_misc":{"Escrito por":"diario2","Tiempo de lectura":"3 minutos"},"schema":{"@context":"https:\/\/schema.org","@graph":[{"@type":"Article","@id":"https:\/\/diariotextual.com\/inicio\/index.php\/2026\/09\/03\/rodanteros-de-nueve-provincias-llegan-a-eduardo-castex-para-un-nuevo-encuentro\/#article","isPartOf":{"@id":"https:\/\/diariotextual.com\/inicio\/index.php\/2026\/09\/03\/rodanteros-de-nueve-provincias-llegan-a-eduardo-castex-para-un-nuevo-encuentro\/"},"author":{"name":"diario2","@id":"https:\/\/diariotextual.com\/inicio\/#\/schema\/person\/694f60677f23c4a530867a98f22b3768"},"headline":"Rodanteros de nueve provincias llegan a Eduardo Castex para un nuevo encuentro","datePublished":"2026-09-03T16:53:00+00:00","dateModified":"2026-09-03T16:53:01+00:00","mainEntityOfPage":{"@id":"https:\/\/diariotextual.com\/inicio\/index.php\/2026\/09\/03\/rodanteros-de-nueve-provincias-llegan-a-eduardo-castex-para-un-nuevo-encuentro\/"},"wordCount":514,"publisher":{"@id":"https:\/\/diariotextual.com\/inicio\/#organization"},"image":{"@id":"https:\/\/diariotextual.com\/inicio\/index.php\/2026\/09\/03\/rodanteros-de-nueve-provincias-llegan-a-eduardo-castex-para-un-nuevo-encuentro\/#primaryimage"},"thumbnailUrl":"https:\/\/diariotextual.com\/inicio\/wp-content\/uploads\/2026\/09\/rodanteroscastexxx2026.jpg","articleSection":["A - ES NOTICIA (van abajo)","CULTURA"],"inLanguage":"es"},{"@type":"WebPage","@id":"https:\/\/diariotextual.com\/inicio\/index.php\/2026\/09\/03\/rodanteros-de-nueve-provincias-llegan-a-eduardo-castex-para-un-nuevo-encuentro\/","url":"https:\/\/diariotextual.com\/inicio\/index.php\/2026\/09\/03\/rodanteros-de-nueve-provincias-llegan-a-eduardo-castex-para-un-nuevo-encuentro\/","name":"Rodanteros de nueve provincias llegan a Eduardo Castex para un nuevo encuentro - Diario Textual","isPartOf":{"@id":"https:\/\/diariotextual.com\/inicio\/#website"},"primaryImageOfPage":{"@id":"https:\/\/diariotextual.com\/inicio\/index.php\/2026\/09\/03\/rodanteros-de-nueve-provincias-llegan-a-eduardo-castex-para-un-nuevo-encuentro\/#primaryimage"},"image":{"@id":"https:\/\/diariotextual.com\/inicio\/index.php\/2026\/09\/03\/rodanteros-de-nueve-provincias-llegan-a-eduardo-castex-para-un-nuevo-encuentro\/#primaryimage"},"thumbnailUrl":"https:\/\/diariotextual.com\/inicio\/wp-content\/uploads\/2026\/09\/rodanteroscastexxx2026.jpg","datePublished":"2026-09-03T16:53:00+00:00","dateModified":"2026-09-03T16:53:01+00:00","breadcrumb":{"@id":"https:\/\/diariotextual.com\/inicio\/index.php\/2026\/09\/03\/rodanteros-de-nueve-provincias-llegan-a-eduardo-castex-para-un-nuevo-encuentro\/#breadcrumb"},"inLanguage":"es","potentialAction":[{"@type":"ReadAction","target":["https:\/\/diariotextual.com\/inicio\/index.php\/2026\/09\/03\/rodanteros-de-nueve-provincias-llegan-a-eduardo-castex-para-un-nuevo-encuentro\/"]}]},{"@type":"ImageObject","inLanguage":"es","@id":"https:\/\/diariotextual.com\/inicio\/index.php\/2026\/09\/03\/rodanteros-de-nueve-provincias-llegan-a-eduardo-castex-para-un-nuevo-encuentro\/#primaryimage","url":"https:\/\/diariotextual.com\/inicio\/wp-content\/uploads\/2026\/09\/rodanteroscastexxx2026.jpg","contentUrl":"https:\/\/diariotextual.com\/inicio\/wp-content\/uploads\/2026\/09\/rodanteroscastexxx2026.jpg","width":1000,"height":667},{"@type":"BreadcrumbList","@id":"https:\/\/diariotextual.com\/inicio\/index.php\/2026\/09\/03\/rodanteros-de-nueve-provincias-llegan-a-eduardo-castex-para-un-nuevo-encuentro\/#breadcrumb","itemListElement":[{"@type":"ListItem","position":1,"name":"Portada","item":"https:\/\/diariotextual.com\/inicio\/"},{"@type":"ListItem","position":2,"name":"Rodanteros de nueve provincias llegan a Eduardo Castex para un nuevo encuentro"}]},{"@type":"WebSite","@id":"https:\/\/diariotextual.com\/inicio\/#website","url":"https:\/\/diariotextual.com\/inicio\/","name":"Diario Textual","description":"","publisher":{"@id":"https:\/\/diariotextual.com\/inicio\/#organization"},"potentialAction":[{"@type":"SearchAction","target":{"@type":"EntryPoint","urlTemplate":"https:\/\/diariotextual.com\/inicio\/?s={search_term_string}"},"query-input":{"@type":"PropertyValueSpecification","valueRequired":true,"valueName":"search_term_string"}}],"inLanguage":"es"},{"@type":"Organization","@id":"https:\/\/diariotextual.com\/inicio\/#organization","name":"Diario Textual","url":"https:\/\/diariotextual.com\/inicio\/","logo":{"@type":"ImageObject","inLanguage":"es","@id":"https:\/\/diariotextual.com\/inicio\/#\/schema\/logo\/image\/","url":"https:\/\/diariotextual.com\/inicio\/wp-content\/uploads\/2023\/05\/logotextual1.jpg","contentUrl":"https:\/\/diariotextual.com\/inicio\/wp-content\/uploads\/2023\/05\/logotextual1.jpg","width":516,"height":76,"caption":"Diario Textual"},"image":{"@id":"https:\/\/diariotextual.com\/inicio\/#\/schema\/logo\/image\/"},"sameAs":["https:\/\/www.facebook.com\/eltextual","https:\/\/x.com\/eltextual","http:\/\/www.instagram.com\/eltextual"]},{"@type":"Person","@id":"https:\/\/diariotextual.com\/inicio\/#\/schema\/person\/694f60677f23c4a530867a98f22b3768","name":"diario2","image":{"@type":"ImageObject","inLanguage":"es","@id":"https:\/\/secure.gravatar.com\/avatar\/5a2567495ba16b852fcd8f1ed006a2e24fcace936018ed8237e95f488ad6e0a7?s=96&d=mm&r=g","url":"https:\/\/secure.gravatar.com\/avatar\/5a2567495ba16b852fcd8f1ed006a2e24fcace936018ed8237e95f488ad6e0a7?s=96&d=mm&r=g","contentUrl":"https:\/\/secure.gravatar.com\/avatar\/5a2567495ba16b852fcd8f1ed006a2e24fcace936018ed8237e95f488ad6e0a7?s=96&d=mm&r=g","caption":"diario2"},"url":"https:\/\/diariotextual.com\/inicio\/index.php\/author\/diario2\/"}]}},"_links":{"self":[{"href":"https:\/\/diariotextual.com\/inicio\/index.php\/wp-json\/wp\/v2\/posts\/334441","targetHints":{"allow":["GET"]}}],"collection":[{"href":"https:\/\/diariotextual.com\/inicio\/index.php\/wp-json\/wp\/v2\/posts"}],"about":[{"href":"https:\/\/diariotextual.com\/inicio\/index.php\/wp-json\/wp\/v2\/types\/post"}],"author":[{"embeddable":true,"href":"https:\/\/diariotextual.com\/inicio\/index.php\/wp-json\/wp\/v2\/users\/4"}],"replies":[{"embeddable":true,"href":"https:\/\/diariotextual.com\/inicio\/index.php\/wp-json\/wp\/v2\/comments?post=334441"}],"version-history":[{"count":2,"href":"https:\/\/diariotextual.com\/inicio\/index.php\/wp-json\/wp\/v2\/posts\/334441\/revisions"}],"predecessor-version":[{"id":334444,"href":"https:\/\/diariotextual.com\/inicio\/index.php\/wp-json\/wp\/v2\/posts\/334441\/revisions\/334444"}],"wp:featuredmedia":[{"embeddable":true,"href":"https:\/\/diariotextual.com\/inicio\/index.php\/wp-json\/wp\/v2\/media\/334443"}],"wp:attachment":[{"href":"https:\/\/diariotextual.com\/inicio\/index.php\/wp-json\/wp\/v2\/media?parent=334441"}],"wp:term":[{"taxonomy":"category","embeddable":true,"href":"https:\/\/diariotextual.com\/inicio\/index.php\/wp-json\/wp\/v2\/categories?post=334441"},{"taxonomy":"post_tag","embeddable":true,"href":"https:\/\/diariotextual.com\/inicio\/index.php\/wp-json\/wp\/v2\/tags?post=334441"}],"curies":[{"name":"wp","href":"https:\/\/api.w.org\/{rel}","templated":true}]}}