{"id":334445,"date":"2026-09-03T14:14:21","date_gmt":"2026-09-03T17:14:21","guid":{"rendered":"https:\/\/diariotextual.com\/inicio\/?p=334445"},"modified":"2026-09-03T14:14:23","modified_gmt":"2026-09-03T17:14:23","slug":"se-incendio-un-semirremolque-que-transportaba-fardos-en-la-ruta-5","status":"publish","type":"post","link":"https:\/\/diariotextual.com\/inicio\/index.php\/2026\/09\/03\/se-incendio-un-semirremolque-que-transportaba-fardos-en-la-ruta-5\/","title":{"rendered":"Se incendi\u00f3 un semirremolque que transportaba fardos en la ruta 5"},"content":{"rendered":"\n<p class=\"wp-block-paragraph\">Un cami\u00f3n que transportaba fardos de alfalfa se incendi\u00f3 este jueves al mediod\u00eda sobre la ruta nacional 5, a la altura del kil\u00f3metro 584, en jurisdicci\u00f3n de Anguil. No hubo personas lesionadas.<\/p>\n\n\n\n<p class=\"wp-block-paragraph\">El siniestro ocurri\u00f3 alrededor de las 12.20. Personal policial acudi\u00f3 al lugar.<\/p>\n\n\n\n<p class=\"wp-block-paragraph\">El veh\u00edculo involucrado es un Mercedes Benz Atego 1725 S, que circulaba desde el Fort\u00edn de Anguil hacia Santa Rosa. Era conducido por un hombre de 29 a\u00f1os, domiciliado en Lonquimay, quien llevaba como carga fardos, inform\u00f3 La 5 Noticias.<\/p>\n\n\n\n<p class=\"wp-block-paragraph\">De acuerdo con lo manifestado por el conductor, por causas que se desconocen la carga comenz\u00f3 a incendiarse. Ante esta situaci\u00f3n, logr\u00f3 desenganchar el semirremolque y solicit\u00f3 asistencia policial.<\/p>\n\n\n\n<p class=\"wp-block-paragraph\">En el lugar trabajan Bomberos Voluntarios de Anguil, mientras que personal de la Agencia Nacional de Seguridad Vial intervino para realizar tareas de ordenamiento y control del tr\u00e1nsito.<\/p>\n\n\n\n<p class=\"wp-block-paragraph\"><\/p>\n","protected":false},"excerpt":{"rendered":"<p>Un cami\u00f3n que transportaba fardos de alfalfa se incendi\u00f3 este jueves al mediod\u00eda sobre la ruta nacional 5, a la altura del kil\u00f3metro 584, en jurisdicci\u00f3n de Anguil. No hubo&hellip;<\/p>\n","protected":false},"author":3,"featured_media":334447,"comment_status":"closed","ping_status":"open","sticky":false,"template":"","format":"standard","meta":{"_acf_changed":false,"footnotes":""},"categories":[9,12],"tags":[],"class_list":["post-334445","post","type-post","status-publish","format-standard","has-post-thumbnail","hentry","category-portada","category-sociedad"],"acf":[],"yoast_head":"<!-- This site is optimized with the Yoast SEO plugin v28.4 - https:\/\/yoast.com\/product\/yoast-seo-wordpress\/ -->\n<title>Se incendi\u00f3 un semirremolque que transportaba fardos en la ruta 5 - Diario Textual<\/title>\n<meta name=\"robots\" content=\"index, follow, max-snippet:-1, max-image-preview:large, max-video-preview:-1\" \/>\n<link rel=\"canonical\" href=\"https:\/\/diariotextual.com\/inicio\/index.php\/2026\/09\/03\/se-incendio-un-semirremolque-que-transportaba-fardos-en-la-ruta-5\/\" \/>\n<meta property=\"og:locale\" content=\"es_ES\" \/>\n<meta property=\"og:type\" content=\"article\" \/>\n<meta property=\"og:title\" content=\"Se incendi\u00f3 un semirremolque que transportaba fardos en la ruta 5 - Diario Textual\" \/>\n<meta property=\"og:description\" content=\"Un cami\u00f3n que transportaba fardos de alfalfa se incendi\u00f3 este jueves al mediod\u00eda sobre la ruta nacional 5, a la altura del kil\u00f3metro 584, en jurisdicci\u00f3n de Anguil. No hubo&hellip;\" \/>\n<meta property=\"og:url\" content=\"https:\/\/diariotextual.com\/inicio\/index.php\/2026\/09\/03\/se-incendio-un-semirremolque-que-transportaba-fardos-en-la-ruta-5\/\" \/>\n<meta property=\"og:site_name\" content=\"Diario Textual\" \/>\n<meta property=\"article:publisher\" content=\"https:\/\/www.facebook.com\/eltextual\" \/>\n<meta property=\"article:published_time\" content=\"2026-09-03T17:14:21+00:00\" \/>\n<meta property=\"article:modified_time\" content=\"2026-09-03T17:14:23+00:00\" \/>\n<meta property=\"og:image\" content=\"https:\/\/diariotextual.com\/inicio\/wp-content\/uploads\/2026\/09\/camionincendiadofardos2026-2.jpg\" \/>\n\t<meta property=\"og:image:width\" content=\"1300\" \/>\n\t<meta property=\"og:image:height\" content=\"731\" \/>\n\t<meta property=\"og:image:type\" content=\"image\/jpeg\" \/>\n<meta name=\"author\" content=\"Diario1 Diario1\" \/>\n<meta name=\"twitter:card\" content=\"summary_large_image\" \/>\n<meta name=\"twitter:creator\" content=\"@eltextual\" \/>\n<meta name=\"twitter:site\" content=\"@eltextual\" \/>\n<meta name=\"twitter:label1\" content=\"Escrito por\" \/>\n\t<meta name=\"twitter:data1\" content=\"Diario1 Diario1\" \/>\n\t<meta name=\"twitter:label2\" content=\"Tiempo de lectura\" \/>\n\t<meta name=\"twitter:data2\" content=\"1 minuto\" \/>\n<script type=\"application\/ld+json\" class=\"yoast-schema-graph\">{\"@context\":\"https:\\\/\\\/schema.org\",\"@graph\":[{\"@type\":\"Article\",\"@id\":\"https:\\\/\\\/diariotextual.com\\\/inicio\\\/index.php\\\/2026\\\/09\\\/03\\\/se-incendio-un-semirremolque-que-transportaba-fardos-en-la-ruta-5\\\/#article\",\"isPartOf\":{\"@id\":\"https:\\\/\\\/diariotextual.com\\\/inicio\\\/index.php\\\/2026\\\/09\\\/03\\\/se-incendio-un-semirremolque-que-transportaba-fardos-en-la-ruta-5\\\/\"},\"author\":{\"name\":\"Diario1 Diario1\",\"@id\":\"https:\\\/\\\/diariotextual.com\\\/inicio\\\/#\\\/schema\\\/person\\\/418fc4093c33e86ed41562db3508f958\"},\"headline\":\"Se incendi\u00f3 un semirremolque que transportaba fardos en la ruta 5\",\"datePublished\":\"2026-09-03T17:14:21+00:00\",\"dateModified\":\"2026-09-03T17:14:23+00:00\",\"mainEntityOfPage\":{\"@id\":\"https:\\\/\\\/diariotextual.com\\\/inicio\\\/index.php\\\/2026\\\/09\\\/03\\\/se-incendio-un-semirremolque-que-transportaba-fardos-en-la-ruta-5\\\/\"},\"wordCount\":154,\"publisher\":{\"@id\":\"https:\\\/\\\/diariotextual.com\\\/inicio\\\/#organization\"},\"image\":{\"@id\":\"https:\\\/\\\/diariotextual.com\\\/inicio\\\/index.php\\\/2026\\\/09\\\/03\\\/se-incendio-un-semirremolque-que-transportaba-fardos-en-la-ruta-5\\\/#primaryimage\"},\"thumbnailUrl\":\"https:\\\/\\\/diariotextual.com\\\/inicio\\\/wp-content\\\/uploads\\\/2026\\\/09\\\/camionincendiadofardos2026-2.jpg\",\"articleSection\":[\"A - PORTADA\",\"SOCIEDAD\"],\"inLanguage\":\"es\"},{\"@type\":\"WebPage\",\"@id\":\"https:\\\/\\\/diariotextual.com\\\/inicio\\\/index.php\\\/2026\\\/09\\\/03\\\/se-incendio-un-semirremolque-que-transportaba-fardos-en-la-ruta-5\\\/\",\"url\":\"https:\\\/\\\/diariotextual.com\\\/inicio\\\/index.php\\\/2026\\\/09\\\/03\\\/se-incendio-un-semirremolque-que-transportaba-fardos-en-la-ruta-5\\\/\",\"name\":\"Se incendi\u00f3 un semirremolque que transportaba fardos en la ruta 5 - Diario Textual\",\"isPartOf\":{\"@id\":\"https:\\\/\\\/diariotextual.com\\\/inicio\\\/#website\"},\"primaryImageOfPage\":{\"@id\":\"https:\\\/\\\/diariotextual.com\\\/inicio\\\/index.php\\\/2026\\\/09\\\/03\\\/se-incendio-un-semirremolque-que-transportaba-fardos-en-la-ruta-5\\\/#primaryimage\"},\"image\":{\"@id\":\"https:\\\/\\\/diariotextual.com\\\/inicio\\\/index.php\\\/2026\\\/09\\\/03\\\/se-incendio-un-semirremolque-que-transportaba-fardos-en-la-ruta-5\\\/#primaryimage\"},\"thumbnailUrl\":\"https:\\\/\\\/diariotextual.com\\\/inicio\\\/wp-content\\\/uploads\\\/2026\\\/09\\\/camionincendiadofardos2026-2.jpg\",\"datePublished\":\"2026-09-03T17:14:21+00:00\",\"dateModified\":\"2026-09-03T17:14:23+00:00\",\"breadcrumb\":{\"@id\":\"https:\\\/\\\/diariotextual.com\\\/inicio\\\/index.php\\\/2026\\\/09\\\/03\\\/se-incendio-un-semirremolque-que-transportaba-fardos-en-la-ruta-5\\\/#breadcrumb\"},\"inLanguage\":\"es\",\"potentialAction\":[{\"@type\":\"ReadAction\",\"target\":[\"https:\\\/\\\/diariotextual.com\\\/inicio\\\/index.php\\\/2026\\\/09\\\/03\\\/se-incendio-un-semirremolque-que-transportaba-fardos-en-la-ruta-5\\\/\"]}]},{\"@type\":\"ImageObject\",\"inLanguage\":\"es\",\"@id\":\"https:\\\/\\\/diariotextual.com\\\/inicio\\\/index.php\\\/2026\\\/09\\\/03\\\/se-incendio-un-semirremolque-que-transportaba-fardos-en-la-ruta-5\\\/#primaryimage\",\"url\":\"https:\\\/\\\/diariotextual.com\\\/inicio\\\/wp-content\\\/uploads\\\/2026\\\/09\\\/camionincendiadofardos2026-2.jpg\",\"contentUrl\":\"https:\\\/\\\/diariotextual.com\\\/inicio\\\/wp-content\\\/uploads\\\/2026\\\/09\\\/camionincendiadofardos2026-2.jpg\",\"width\":1300,\"height\":731},{\"@type\":\"BreadcrumbList\",\"@id\":\"https:\\\/\\\/diariotextual.com\\\/inicio\\\/index.php\\\/2026\\\/09\\\/03\\\/se-incendio-un-semirremolque-que-transportaba-fardos-en-la-ruta-5\\\/#breadcrumb\",\"itemListElement\":[{\"@type\":\"ListItem\",\"position\":1,\"name\":\"Portada\",\"item\":\"https:\\\/\\\/diariotextual.com\\\/inicio\\\/\"},{\"@type\":\"ListItem\",\"position\":2,\"name\":\"Se incendi\u00f3 un semirremolque que transportaba fardos en la ruta 5\"}]},{\"@type\":\"WebSite\",\"@id\":\"https:\\\/\\\/diariotextual.com\\\/inicio\\\/#website\",\"url\":\"https:\\\/\\\/diariotextual.com\\\/inicio\\\/\",\"name\":\"Diario Textual\",\"description\":\"\",\"publisher\":{\"@id\":\"https:\\\/\\\/diariotextual.com\\\/inicio\\\/#organization\"},\"potentialAction\":[{\"@type\":\"SearchAction\",\"target\":{\"@type\":\"EntryPoint\",\"urlTemplate\":\"https:\\\/\\\/diariotextual.com\\\/inicio\\\/?s={search_term_string}\"},\"query-input\":{\"@type\":\"PropertyValueSpecification\",\"valueRequired\":true,\"valueName\":\"search_term_string\"}}],\"inLanguage\":\"es\"},{\"@type\":\"Organization\",\"@id\":\"https:\\\/\\\/diariotextual.com\\\/inicio\\\/#organization\",\"name\":\"Diario Textual\",\"url\":\"https:\\\/\\\/diariotextual.com\\\/inicio\\\/\",\"logo\":{\"@type\":\"ImageObject\",\"inLanguage\":\"es\",\"@id\":\"https:\\\/\\\/diariotextual.com\\\/inicio\\\/#\\\/schema\\\/logo\\\/image\\\/\",\"url\":\"https:\\\/\\\/diariotextual.com\\\/inicio\\\/wp-content\\\/uploads\\\/2023\\\/05\\\/logotextual1.jpg\",\"contentUrl\":\"https:\\\/\\\/diariotextual.com\\\/inicio\\\/wp-content\\\/uploads\\\/2023\\\/05\\\/logotextual1.jpg\",\"width\":516,\"height\":76,\"caption\":\"Diario Textual\"},\"image\":{\"@id\":\"https:\\\/\\\/diariotextual.com\\\/inicio\\\/#\\\/schema\\\/logo\\\/image\\\/\"},\"sameAs\":[\"https:\\\/\\\/www.facebook.com\\\/eltextual\",\"https:\\\/\\\/x.com\\\/eltextual\",\"http:\\\/\\\/www.instagram.com\\\/eltextual\"]},{\"@type\":\"Person\",\"@id\":\"https:\\\/\\\/diariotextual.com\\\/inicio\\\/#\\\/schema\\\/person\\\/418fc4093c33e86ed41562db3508f958\",\"name\":\"Diario1 Diario1\",\"image\":{\"@type\":\"ImageObject\",\"inLanguage\":\"es\",\"@id\":\"https:\\\/\\\/secure.gravatar.com\\\/avatar\\\/9167d280179c85bc18be67aa7eda765854300033af4896dd779b608640f2ef7a?s=96&d=mm&r=g\",\"url\":\"https:\\\/\\\/secure.gravatar.com\\\/avatar\\\/9167d280179c85bc18be67aa7eda765854300033af4896dd779b608640f2ef7a?s=96&d=mm&r=g\",\"contentUrl\":\"https:\\\/\\\/secure.gravatar.com\\\/avatar\\\/9167d280179c85bc18be67aa7eda765854300033af4896dd779b608640f2ef7a?s=96&d=mm&r=g\",\"caption\":\"Diario1 Diario1\"},\"url\":\"https:\\\/\\\/diariotextual.com\\\/inicio\\\/index.php\\\/author\\\/diario1\\\/\"}]}<\/script>\n<!-- \/ Yoast SEO plugin. -->","yoast_head_json":{"title":"Se incendi\u00f3 un semirremolque que transportaba fardos en la ruta 5 - Diario Textual","robots":{"index":"index","follow":"follow","max-snippet":"max-snippet:-1","max-image-preview":"max-image-preview:large","max-video-preview":"max-video-preview:-1"},"canonical":"https:\/\/diariotextual.com\/inicio\/index.php\/2026\/09\/03\/se-incendio-un-semirremolque-que-transportaba-fardos-en-la-ruta-5\/","og_locale":"es_ES","og_type":"article","og_title":"Se incendi\u00f3 un semirremolque que transportaba fardos en la ruta 5 - Diario Textual","og_description":"Un cami\u00f3n que transportaba fardos de alfalfa se incendi\u00f3 este jueves al mediod\u00eda sobre la ruta nacional 5, a la altura del kil\u00f3metro 584, en jurisdicci\u00f3n de Anguil. No hubo&hellip;","og_url":"https:\/\/diariotextual.com\/inicio\/index.php\/2026\/09\/03\/se-incendio-un-semirremolque-que-transportaba-fardos-en-la-ruta-5\/","og_site_name":"Diario Textual","article_publisher":"https:\/\/www.facebook.com\/eltextual","article_published_time":"2026-09-03T17:14:21+00:00","article_modified_time":"2026-09-03T17:14:23+00:00","og_image":[{"width":1300,"height":731,"url":"https:\/\/diariotextual.com\/inicio\/wp-content\/uploads\/2026\/09\/camionincendiadofardos2026-2.jpg","type":"image\/jpeg"}],"author":"Diario1 Diario1","twitter_card":"summary_large_image","twitter_creator":"@eltextual","twitter_site":"@eltextual","twitter_misc":{"Escrito por":"Diario1 Diario1","Tiempo de lectura":"1 minuto"},"schema":{"@context":"https:\/\/schema.org","@graph":[{"@type":"Article","@id":"https:\/\/diariotextual.com\/inicio\/index.php\/2026\/09\/03\/se-incendio-un-semirremolque-que-transportaba-fardos-en-la-ruta-5\/#article","isPartOf":{"@id":"https:\/\/diariotextual.com\/inicio\/index.php\/2026\/09\/03\/se-incendio-un-semirremolque-que-transportaba-fardos-en-la-ruta-5\/"},"author":{"name":"Diario1 Diario1","@id":"https:\/\/diariotextual.com\/inicio\/#\/schema\/person\/418fc4093c33e86ed41562db3508f958"},"headline":"Se incendi\u00f3 un semirremolque que transportaba fardos en la ruta 5","datePublished":"2026-09-03T17:14:21+00:00","dateModified":"2026-09-03T17:14:23+00:00","mainEntityOfPage":{"@id":"https:\/\/diariotextual.com\/inicio\/index.php\/2026\/09\/03\/se-incendio-un-semirremolque-que-transportaba-fardos-en-la-ruta-5\/"},"wordCount":154,"publisher":{"@id":"https:\/\/diariotextual.com\/inicio\/#organization"},"image":{"@id":"https:\/\/diariotextual.com\/inicio\/index.php\/2026\/09\/03\/se-incendio-un-semirremolque-que-transportaba-fardos-en-la-ruta-5\/#primaryimage"},"thumbnailUrl":"https:\/\/diariotextual.com\/inicio\/wp-content\/uploads\/2026\/09\/camionincendiadofardos2026-2.jpg","articleSection":["A - PORTADA","SOCIEDAD"],"inLanguage":"es"},{"@type":"WebPage","@id":"https:\/\/diariotextual.com\/inicio\/index.php\/2026\/09\/03\/se-incendio-un-semirremolque-que-transportaba-fardos-en-la-ruta-5\/","url":"https:\/\/diariotextual.com\/inicio\/index.php\/2026\/09\/03\/se-incendio-un-semirremolque-que-transportaba-fardos-en-la-ruta-5\/","name":"Se incendi\u00f3 un semirremolque que transportaba fardos en la ruta 5 - Diario Textual","isPartOf":{"@id":"https:\/\/diariotextual.com\/inicio\/#website"},"primaryImageOfPage":{"@id":"https:\/\/diariotextual.com\/inicio\/index.php\/2026\/09\/03\/se-incendio-un-semirremolque-que-transportaba-fardos-en-la-ruta-5\/#primaryimage"},"image":{"@id":"https:\/\/diariotextual.com\/inicio\/index.php\/2026\/09\/03\/se-incendio-un-semirremolque-que-transportaba-fardos-en-la-ruta-5\/#primaryimage"},"thumbnailUrl":"https:\/\/diariotextual.com\/inicio\/wp-content\/uploads\/2026\/09\/camionincendiadofardos2026-2.jpg","datePublished":"2026-09-03T17:14:21+00:00","dateModified":"2026-09-03T17:14:23+00:00","breadcrumb":{"@id":"https:\/\/diariotextual.com\/inicio\/index.php\/2026\/09\/03\/se-incendio-un-semirremolque-que-transportaba-fardos-en-la-ruta-5\/#breadcrumb"},"inLanguage":"es","potentialAction":[{"@type":"ReadAction","target":["https:\/\/diariotextual.com\/inicio\/index.php\/2026\/09\/03\/se-incendio-un-semirremolque-que-transportaba-fardos-en-la-ruta-5\/"]}]},{"@type":"ImageObject","inLanguage":"es","@id":"https:\/\/diariotextual.com\/inicio\/index.php\/2026\/09\/03\/se-incendio-un-semirremolque-que-transportaba-fardos-en-la-ruta-5\/#primaryimage","url":"https:\/\/diariotextual.com\/inicio\/wp-content\/uploads\/2026\/09\/camionincendiadofardos2026-2.jpg","contentUrl":"https:\/\/diariotextual.com\/inicio\/wp-content\/uploads\/2026\/09\/camionincendiadofardos2026-2.jpg","width":1300,"height":731},{"@type":"BreadcrumbList","@id":"https:\/\/diariotextual.com\/inicio\/index.php\/2026\/09\/03\/se-incendio-un-semirremolque-que-transportaba-fardos-en-la-ruta-5\/#breadcrumb","itemListElement":[{"@type":"ListItem","position":1,"name":"Portada","item":"https:\/\/diariotextual.com\/inicio\/"},{"@type":"ListItem","position":2,"name":"Se incendi\u00f3 un semirremolque que transportaba fardos en la ruta 5"}]},{"@type":"WebSite","@id":"https:\/\/diariotextual.com\/inicio\/#website","url":"https:\/\/diariotextual.com\/inicio\/","name":"Diario Textual","description":"","publisher":{"@id":"https:\/\/diariotextual.com\/inicio\/#organization"},"potentialAction":[{"@type":"SearchAction","target":{"@type":"EntryPoint","urlTemplate":"https:\/\/diariotextual.com\/inicio\/?s={search_term_string}"},"query-input":{"@type":"PropertyValueSpecification","valueRequired":true,"valueName":"search_term_string"}}],"inLanguage":"es"},{"@type":"Organization","@id":"https:\/\/diariotextual.com\/inicio\/#organization","name":"Diario Textual","url":"https:\/\/diariotextual.com\/inicio\/","logo":{"@type":"ImageObject","inLanguage":"es","@id":"https:\/\/diariotextual.com\/inicio\/#\/schema\/logo\/image\/","url":"https:\/\/diariotextual.com\/inicio\/wp-content\/uploads\/2023\/05\/logotextual1.jpg","contentUrl":"https:\/\/diariotextual.com\/inicio\/wp-content\/uploads\/2023\/05\/logotextual1.jpg","width":516,"height":76,"caption":"Diario Textual"},"image":{"@id":"https:\/\/diariotextual.com\/inicio\/#\/schema\/logo\/image\/"},"sameAs":["https:\/\/www.facebook.com\/eltextual","https:\/\/x.com\/eltextual","http:\/\/www.instagram.com\/eltextual"]},{"@type":"Person","@id":"https:\/\/diariotextual.com\/inicio\/#\/schema\/person\/418fc4093c33e86ed41562db3508f958","name":"Diario1 Diario1","image":{"@type":"ImageObject","inLanguage":"es","@id":"https:\/\/secure.gravatar.com\/avatar\/9167d280179c85bc18be67aa7eda765854300033af4896dd779b608640f2ef7a?s=96&d=mm&r=g","url":"https:\/\/secure.gravatar.com\/avatar\/9167d280179c85bc18be67aa7eda765854300033af4896dd779b608640f2ef7a?s=96&d=mm&r=g","contentUrl":"https:\/\/secure.gravatar.com\/avatar\/9167d280179c85bc18be67aa7eda765854300033af4896dd779b608640f2ef7a?s=96&d=mm&r=g","caption":"Diario1 Diario1"},"url":"https:\/\/diariotextual.com\/inicio\/index.php\/author\/diario1\/"}]}},"_links":{"self":[{"href":"https:\/\/diariotextual.com\/inicio\/index.php\/wp-json\/wp\/v2\/posts\/334445","targetHints":{"allow":["GET"]}}],"collection":[{"href":"https:\/\/diariotextual.com\/inicio\/index.php\/wp-json\/wp\/v2\/posts"}],"about":[{"href":"https:\/\/diariotextual.com\/inicio\/index.php\/wp-json\/wp\/v2\/types\/post"}],"author":[{"embeddable":true,"href":"https:\/\/diariotextual.com\/inicio\/index.php\/wp-json\/wp\/v2\/users\/3"}],"replies":[{"embeddable":true,"href":"https:\/\/diariotextual.com\/inicio\/index.php\/wp-json\/wp\/v2\/comments?post=334445"}],"version-history":[{"count":1,"href":"https:\/\/diariotextual.com\/inicio\/index.php\/wp-json\/wp\/v2\/posts\/334445\/revisions"}],"predecessor-version":[{"id":334446,"href":"https:\/\/diariotextual.com\/inicio\/index.php\/wp-json\/wp\/v2\/posts\/334445\/revisions\/334446"}],"wp:featuredmedia":[{"embeddable":true,"href":"https:\/\/diariotextual.com\/inicio\/index.php\/wp-json\/wp\/v2\/media\/334447"}],"wp:attachment":[{"href":"https:\/\/diariotextual.com\/inicio\/index.php\/wp-json\/wp\/v2\/media?parent=334445"}],"wp:term":[{"taxonomy":"category","embeddable":true,"href":"https:\/\/diariotextual.com\/inicio\/index.php\/wp-json\/wp\/v2\/categories?post=334445"},{"taxonomy":"post_tag","embeddable":true,"href":"https:\/\/diariotextual.com\/inicio\/index.php\/wp-json\/wp\/v2\/tags?post=334445"}],"curies":[{"name":"wp","href":"https:\/\/api.w.org\/{rel}","templated":true}]}}