{"id":334448,"date":"2026-09-03T15:10:45","date_gmt":"2026-09-03T18:10:45","guid":{"rendered":"https:\/\/diariotextual.com\/inicio\/?p=334448"},"modified":"2026-09-03T15:10:48","modified_gmt":"2026-09-03T18:10:48","slug":"milei-fue-a-chile-y-reivindico-el-golpe-de-pinochet","status":"publish","type":"post","link":"https:\/\/diariotextual.com\/inicio\/index.php\/2026\/09\/03\/milei-fue-a-chile-y-reivindico-el-golpe-de-pinochet\/","title":{"rendered":"Milei fue a Chile y reivindic\u00f3 el golpe de Pinochet"},"content":{"rendered":"\n<p class=\"wp-block-paragraph\"><strong>El presidente Javier Milei habl\u00f3 en el Foro Madrid<\/strong>, una reuni\u00f3n de la ultraderecha que se realiz\u00f3 esta vez&nbsp;<strong>en Santiago de Chile<\/strong>. All\u00ed, el mandatario argentino eligi\u00f3<strong>&nbsp;reivindicar el golpe de Estado encabezado por Augusto Pinochet contra Salvador Allende en 1973&nbsp;<\/strong>que llev\u00f3 a una sangrienta dictadura de m\u00e1s de 17 a\u00f1os.<\/p>\n\n\n\n<p class=\"wp-block-paragraph\">\u201cChile es un lugar emblem\u00e1tico\u201d, lanz\u00f3 Milei. <strong>\u201cTras el derrocamiento del comunista Allende, Chile entr\u00f3 en un per\u00edodo de estabilidad y crecimiento que se extendi\u00f3 por m\u00e1s de 40 a\u00f1os\u201d, agreg\u00f3.<\/strong><\/p>\n\n\n\n<p class=\"wp-block-paragraph\">\u201cGracias a ellos, Chile fue, sin lugar a dudas, la envidia en t\u00e9rminos econ\u00f3micos de toda la regi\u00f3n\u201d, dijo.<\/p>\n\n\n\n<p class=\"wp-block-paragraph\">Relat\u00f3 que luego Chile&nbsp;<strong>\u201ccay\u00f3 en la farsa del socialismo del Siglo XXI como el resto de la regi\u00f3n\u201d<\/strong>, pero celebr\u00f3 que la ultraderecha lleg\u00f3 al poder con la victoria de&nbsp;<strong>Jos\u00e9 Antonio Kast<\/strong>, a quien defini\u00f3 como su amigo.<\/p>\n\n\n\n<p class=\"wp-block-paragraph\">En su discurso,&nbsp;<strong>Milei insisti\u00f3 en sus menciones a la izquierda como \u201cel mal\u201d<\/strong>, habl\u00f3 en reiteradas ocasiones de la Uni\u00f3n Sovi\u00e9tica y llam\u00f3 a que la derecha se organice.&nbsp;<strong>\u201cEsta es una batalla a nivel global\u201d, consider\u00f3 para luego pedir enfrentar al \u201cc\u00e1ncer de la izquierda\u201d.<\/strong><\/p>\n\n\n\n<p class=\"wp-block-paragraph\"><strong>Aprovech\u00f3 para criticar al presidente del gobierno espa\u00f1ol, Pedro S\u00e1nchez,&nbsp;<\/strong>a la Internacional Socialista, al Foro de San Pablo y al \u201cestatismo y al comunismo\u201d.<\/p>\n\n\n\n<p class=\"wp-block-paragraph\">\u201cLamentablemente Europa, la cuna de nuestra civilizaci\u00f3n, est\u00e1 siendo gobernada en el plano nacional y supranacional por bur\u00f3cratas empecinados en destruir todo lo que somos\u201d, insisti\u00f3.<\/p>\n\n\n\n<p class=\"wp-block-paragraph\">Luego le apunt\u00f3 al presidente espa\u00f1ol S\u00e1nchez. \u201cEst\u00e1 m\u00e1s sucio que una papa, y bien que se ofendi\u00f3 cuando \u00e9l y toda la gentuza que lo rodea, cuando le dije que&nbsp;<strong>era un gobierno de ladrones y parece que los hechos lo confirman\u201d, dijo.<\/strong><\/p>\n\n\n\n<p class=\"wp-block-paragraph\"><\/p>\n","protected":false},"excerpt":{"rendered":"<p>El presidente Javier Milei habl\u00f3 en el Foro Madrid, una reuni\u00f3n de la ultraderecha que se realiz\u00f3 esta vez&nbsp;en Santiago de Chile. All\u00ed, el mandatario argentino eligi\u00f3&nbsp;reivindicar el golpe de&hellip;<\/p>\n","protected":false},"author":3,"featured_media":330021,"comment_status":"closed","ping_status":"open","sticky":false,"template":"","format":"standard","meta":{"_acf_changed":false,"footnotes":""},"categories":[4,8],"tags":[],"class_list":["post-334448","post","type-post","status-publish","format-standard","has-post-thumbnail","hentry","category-destacadas","category-politica"],"acf":[],"yoast_head":"<!-- This site is optimized with the Yoast SEO plugin v28.4 - https:\/\/yoast.com\/product\/yoast-seo-wordpress\/ -->\n<title>Milei fue a Chile y reivindic\u00f3 el golpe de Pinochet - Diario Textual<\/title>\n<meta name=\"robots\" content=\"index, follow, max-snippet:-1, max-image-preview:large, max-video-preview:-1\" \/>\n<link rel=\"canonical\" href=\"https:\/\/diariotextual.com\/inicio\/index.php\/2026\/09\/03\/milei-fue-a-chile-y-reivindico-el-golpe-de-pinochet\/\" \/>\n<meta property=\"og:locale\" content=\"es_ES\" \/>\n<meta property=\"og:type\" content=\"article\" \/>\n<meta property=\"og:title\" content=\"Milei fue a Chile y reivindic\u00f3 el golpe de Pinochet - Diario Textual\" \/>\n<meta property=\"og:description\" content=\"El presidente Javier Milei habl\u00f3 en el Foro Madrid, una reuni\u00f3n de la ultraderecha que se realiz\u00f3 esta vez&nbsp;en Santiago de Chile. All\u00ed, el mandatario argentino eligi\u00f3&nbsp;reivindicar el golpe de&hellip;\" \/>\n<meta property=\"og:url\" content=\"https:\/\/diariotextual.com\/inicio\/index.php\/2026\/09\/03\/milei-fue-a-chile-y-reivindico-el-golpe-de-pinochet\/\" \/>\n<meta property=\"og:site_name\" content=\"Diario Textual\" \/>\n<meta property=\"article:publisher\" content=\"https:\/\/www.facebook.com\/eltextual\" \/>\n<meta property=\"article:published_time\" content=\"2026-09-03T18:10:45+00:00\" \/>\n<meta property=\"article:modified_time\" content=\"2026-09-03T18:10:48+00:00\" \/>\n<meta property=\"og:image\" content=\"https:\/\/diariotextual.com\/inicio\/wp-content\/uploads\/2026\/06\/mileijavier2026-90.jpg\" \/>\n\t<meta property=\"og:image:width\" content=\"1280\" \/>\n\t<meta property=\"og:image:height\" content=\"854\" \/>\n\t<meta property=\"og:image:type\" content=\"image\/jpeg\" \/>\n<meta name=\"author\" content=\"Diario1 Diario1\" \/>\n<meta name=\"twitter:card\" content=\"summary_large_image\" \/>\n<meta name=\"twitter:creator\" content=\"@eltextual\" \/>\n<meta name=\"twitter:site\" content=\"@eltextual\" \/>\n<meta name=\"twitter:label1\" content=\"Escrito por\" \/>\n\t<meta name=\"twitter:data1\" content=\"Diario1 Diario1\" \/>\n\t<meta name=\"twitter:label2\" content=\"Tiempo de lectura\" \/>\n\t<meta name=\"twitter:data2\" content=\"2 minutos\" \/>\n<script type=\"application\/ld+json\" class=\"yoast-schema-graph\">{\"@context\":\"https:\\\/\\\/schema.org\",\"@graph\":[{\"@type\":\"Article\",\"@id\":\"https:\\\/\\\/diariotextual.com\\\/inicio\\\/index.php\\\/2026\\\/09\\\/03\\\/milei-fue-a-chile-y-reivindico-el-golpe-de-pinochet\\\/#article\",\"isPartOf\":{\"@id\":\"https:\\\/\\\/diariotextual.com\\\/inicio\\\/index.php\\\/2026\\\/09\\\/03\\\/milei-fue-a-chile-y-reivindico-el-golpe-de-pinochet\\\/\"},\"author\":{\"name\":\"Diario1 Diario1\",\"@id\":\"https:\\\/\\\/diariotextual.com\\\/inicio\\\/#\\\/schema\\\/person\\\/418fc4093c33e86ed41562db3508f958\"},\"headline\":\"Milei fue a Chile y reivindic\u00f3 el golpe de Pinochet\",\"datePublished\":\"2026-09-03T18:10:45+00:00\",\"dateModified\":\"2026-09-03T18:10:48+00:00\",\"mainEntityOfPage\":{\"@id\":\"https:\\\/\\\/diariotextual.com\\\/inicio\\\/index.php\\\/2026\\\/09\\\/03\\\/milei-fue-a-chile-y-reivindico-el-golpe-de-pinochet\\\/\"},\"wordCount\":322,\"publisher\":{\"@id\":\"https:\\\/\\\/diariotextual.com\\\/inicio\\\/#organization\"},\"image\":{\"@id\":\"https:\\\/\\\/diariotextual.com\\\/inicio\\\/index.php\\\/2026\\\/09\\\/03\\\/milei-fue-a-chile-y-reivindico-el-golpe-de-pinochet\\\/#primaryimage\"},\"thumbnailUrl\":\"https:\\\/\\\/diariotextual.com\\\/inicio\\\/wp-content\\\/uploads\\\/2026\\\/06\\\/mileijavier2026-90.jpg\",\"articleSection\":[\"A - DESTACADAS (mod 16)\",\"POLITICA\"],\"inLanguage\":\"es\"},{\"@type\":\"WebPage\",\"@id\":\"https:\\\/\\\/diariotextual.com\\\/inicio\\\/index.php\\\/2026\\\/09\\\/03\\\/milei-fue-a-chile-y-reivindico-el-golpe-de-pinochet\\\/\",\"url\":\"https:\\\/\\\/diariotextual.com\\\/inicio\\\/index.php\\\/2026\\\/09\\\/03\\\/milei-fue-a-chile-y-reivindico-el-golpe-de-pinochet\\\/\",\"name\":\"Milei fue a Chile y reivindic\u00f3 el golpe de Pinochet - Diario Textual\",\"isPartOf\":{\"@id\":\"https:\\\/\\\/diariotextual.com\\\/inicio\\\/#website\"},\"primaryImageOfPage\":{\"@id\":\"https:\\\/\\\/diariotextual.com\\\/inicio\\\/index.php\\\/2026\\\/09\\\/03\\\/milei-fue-a-chile-y-reivindico-el-golpe-de-pinochet\\\/#primaryimage\"},\"image\":{\"@id\":\"https:\\\/\\\/diariotextual.com\\\/inicio\\\/index.php\\\/2026\\\/09\\\/03\\\/milei-fue-a-chile-y-reivindico-el-golpe-de-pinochet\\\/#primaryimage\"},\"thumbnailUrl\":\"https:\\\/\\\/diariotextual.com\\\/inicio\\\/wp-content\\\/uploads\\\/2026\\\/06\\\/mileijavier2026-90.jpg\",\"datePublished\":\"2026-09-03T18:10:45+00:00\",\"dateModified\":\"2026-09-03T18:10:48+00:00\",\"breadcrumb\":{\"@id\":\"https:\\\/\\\/diariotextual.com\\\/inicio\\\/index.php\\\/2026\\\/09\\\/03\\\/milei-fue-a-chile-y-reivindico-el-golpe-de-pinochet\\\/#breadcrumb\"},\"inLanguage\":\"es\",\"potentialAction\":[{\"@type\":\"ReadAction\",\"target\":[\"https:\\\/\\\/diariotextual.com\\\/inicio\\\/index.php\\\/2026\\\/09\\\/03\\\/milei-fue-a-chile-y-reivindico-el-golpe-de-pinochet\\\/\"]}]},{\"@type\":\"ImageObject\",\"inLanguage\":\"es\",\"@id\":\"https:\\\/\\\/diariotextual.com\\\/inicio\\\/index.php\\\/2026\\\/09\\\/03\\\/milei-fue-a-chile-y-reivindico-el-golpe-de-pinochet\\\/#primaryimage\",\"url\":\"https:\\\/\\\/diariotextual.com\\\/inicio\\\/wp-content\\\/uploads\\\/2026\\\/06\\\/mileijavier2026-90.jpg\",\"contentUrl\":\"https:\\\/\\\/diariotextual.com\\\/inicio\\\/wp-content\\\/uploads\\\/2026\\\/06\\\/mileijavier2026-90.jpg\",\"width\":1280,\"height\":854},{\"@type\":\"BreadcrumbList\",\"@id\":\"https:\\\/\\\/diariotextual.com\\\/inicio\\\/index.php\\\/2026\\\/09\\\/03\\\/milei-fue-a-chile-y-reivindico-el-golpe-de-pinochet\\\/#breadcrumb\",\"itemListElement\":[{\"@type\":\"ListItem\",\"position\":1,\"name\":\"Portada\",\"item\":\"https:\\\/\\\/diariotextual.com\\\/inicio\\\/\"},{\"@type\":\"ListItem\",\"position\":2,\"name\":\"Milei fue a Chile y reivindic\u00f3 el golpe de Pinochet\"}]},{\"@type\":\"WebSite\",\"@id\":\"https:\\\/\\\/diariotextual.com\\\/inicio\\\/#website\",\"url\":\"https:\\\/\\\/diariotextual.com\\\/inicio\\\/\",\"name\":\"Diario Textual\",\"description\":\"\",\"publisher\":{\"@id\":\"https:\\\/\\\/diariotextual.com\\\/inicio\\\/#organization\"},\"potentialAction\":[{\"@type\":\"SearchAction\",\"target\":{\"@type\":\"EntryPoint\",\"urlTemplate\":\"https:\\\/\\\/diariotextual.com\\\/inicio\\\/?s={search_term_string}\"},\"query-input\":{\"@type\":\"PropertyValueSpecification\",\"valueRequired\":true,\"valueName\":\"search_term_string\"}}],\"inLanguage\":\"es\"},{\"@type\":\"Organization\",\"@id\":\"https:\\\/\\\/diariotextual.com\\\/inicio\\\/#organization\",\"name\":\"Diario Textual\",\"url\":\"https:\\\/\\\/diariotextual.com\\\/inicio\\\/\",\"logo\":{\"@type\":\"ImageObject\",\"inLanguage\":\"es\",\"@id\":\"https:\\\/\\\/diariotextual.com\\\/inicio\\\/#\\\/schema\\\/logo\\\/image\\\/\",\"url\":\"https:\\\/\\\/diariotextual.com\\\/inicio\\\/wp-content\\\/uploads\\\/2023\\\/05\\\/logotextual1.jpg\",\"contentUrl\":\"https:\\\/\\\/diariotextual.com\\\/inicio\\\/wp-content\\\/uploads\\\/2023\\\/05\\\/logotextual1.jpg\",\"width\":516,\"height\":76,\"caption\":\"Diario Textual\"},\"image\":{\"@id\":\"https:\\\/\\\/diariotextual.com\\\/inicio\\\/#\\\/schema\\\/logo\\\/image\\\/\"},\"sameAs\":[\"https:\\\/\\\/www.facebook.com\\\/eltextual\",\"https:\\\/\\\/x.com\\\/eltextual\",\"http:\\\/\\\/www.instagram.com\\\/eltextual\"]},{\"@type\":\"Person\",\"@id\":\"https:\\\/\\\/diariotextual.com\\\/inicio\\\/#\\\/schema\\\/person\\\/418fc4093c33e86ed41562db3508f958\",\"name\":\"Diario1 Diario1\",\"image\":{\"@type\":\"ImageObject\",\"inLanguage\":\"es\",\"@id\":\"https:\\\/\\\/secure.gravatar.com\\\/avatar\\\/9167d280179c85bc18be67aa7eda765854300033af4896dd779b608640f2ef7a?s=96&d=mm&r=g\",\"url\":\"https:\\\/\\\/secure.gravatar.com\\\/avatar\\\/9167d280179c85bc18be67aa7eda765854300033af4896dd779b608640f2ef7a?s=96&d=mm&r=g\",\"contentUrl\":\"https:\\\/\\\/secure.gravatar.com\\\/avatar\\\/9167d280179c85bc18be67aa7eda765854300033af4896dd779b608640f2ef7a?s=96&d=mm&r=g\",\"caption\":\"Diario1 Diario1\"},\"url\":\"https:\\\/\\\/diariotextual.com\\\/inicio\\\/index.php\\\/author\\\/diario1\\\/\"}]}<\/script>\n<!-- \/ Yoast SEO plugin. -->","yoast_head_json":{"title":"Milei fue a Chile y reivindic\u00f3 el golpe de Pinochet - Diario Textual","robots":{"index":"index","follow":"follow","max-snippet":"max-snippet:-1","max-image-preview":"max-image-preview:large","max-video-preview":"max-video-preview:-1"},"canonical":"https:\/\/diariotextual.com\/inicio\/index.php\/2026\/09\/03\/milei-fue-a-chile-y-reivindico-el-golpe-de-pinochet\/","og_locale":"es_ES","og_type":"article","og_title":"Milei fue a Chile y reivindic\u00f3 el golpe de Pinochet - Diario Textual","og_description":"El presidente Javier Milei habl\u00f3 en el Foro Madrid, una reuni\u00f3n de la ultraderecha que se realiz\u00f3 esta vez&nbsp;en Santiago de Chile. All\u00ed, el mandatario argentino eligi\u00f3&nbsp;reivindicar el golpe de&hellip;","og_url":"https:\/\/diariotextual.com\/inicio\/index.php\/2026\/09\/03\/milei-fue-a-chile-y-reivindico-el-golpe-de-pinochet\/","og_site_name":"Diario Textual","article_publisher":"https:\/\/www.facebook.com\/eltextual","article_published_time":"2026-09-03T18:10:45+00:00","article_modified_time":"2026-09-03T18:10:48+00:00","og_image":[{"width":1280,"height":854,"url":"https:\/\/diariotextual.com\/inicio\/wp-content\/uploads\/2026\/06\/mileijavier2026-90.jpg","type":"image\/jpeg"}],"author":"Diario1 Diario1","twitter_card":"summary_large_image","twitter_creator":"@eltextual","twitter_site":"@eltextual","twitter_misc":{"Escrito por":"Diario1 Diario1","Tiempo de lectura":"2 minutos"},"schema":{"@context":"https:\/\/schema.org","@graph":[{"@type":"Article","@id":"https:\/\/diariotextual.com\/inicio\/index.php\/2026\/09\/03\/milei-fue-a-chile-y-reivindico-el-golpe-de-pinochet\/#article","isPartOf":{"@id":"https:\/\/diariotextual.com\/inicio\/index.php\/2026\/09\/03\/milei-fue-a-chile-y-reivindico-el-golpe-de-pinochet\/"},"author":{"name":"Diario1 Diario1","@id":"https:\/\/diariotextual.com\/inicio\/#\/schema\/person\/418fc4093c33e86ed41562db3508f958"},"headline":"Milei fue a Chile y reivindic\u00f3 el golpe de Pinochet","datePublished":"2026-09-03T18:10:45+00:00","dateModified":"2026-09-03T18:10:48+00:00","mainEntityOfPage":{"@id":"https:\/\/diariotextual.com\/inicio\/index.php\/2026\/09\/03\/milei-fue-a-chile-y-reivindico-el-golpe-de-pinochet\/"},"wordCount":322,"publisher":{"@id":"https:\/\/diariotextual.com\/inicio\/#organization"},"image":{"@id":"https:\/\/diariotextual.com\/inicio\/index.php\/2026\/09\/03\/milei-fue-a-chile-y-reivindico-el-golpe-de-pinochet\/#primaryimage"},"thumbnailUrl":"https:\/\/diariotextual.com\/inicio\/wp-content\/uploads\/2026\/06\/mileijavier2026-90.jpg","articleSection":["A - DESTACADAS (mod 16)","POLITICA"],"inLanguage":"es"},{"@type":"WebPage","@id":"https:\/\/diariotextual.com\/inicio\/index.php\/2026\/09\/03\/milei-fue-a-chile-y-reivindico-el-golpe-de-pinochet\/","url":"https:\/\/diariotextual.com\/inicio\/index.php\/2026\/09\/03\/milei-fue-a-chile-y-reivindico-el-golpe-de-pinochet\/","name":"Milei fue a Chile y reivindic\u00f3 el golpe de Pinochet - Diario Textual","isPartOf":{"@id":"https:\/\/diariotextual.com\/inicio\/#website"},"primaryImageOfPage":{"@id":"https:\/\/diariotextual.com\/inicio\/index.php\/2026\/09\/03\/milei-fue-a-chile-y-reivindico-el-golpe-de-pinochet\/#primaryimage"},"image":{"@id":"https:\/\/diariotextual.com\/inicio\/index.php\/2026\/09\/03\/milei-fue-a-chile-y-reivindico-el-golpe-de-pinochet\/#primaryimage"},"thumbnailUrl":"https:\/\/diariotextual.com\/inicio\/wp-content\/uploads\/2026\/06\/mileijavier2026-90.jpg","datePublished":"2026-09-03T18:10:45+00:00","dateModified":"2026-09-03T18:10:48+00:00","breadcrumb":{"@id":"https:\/\/diariotextual.com\/inicio\/index.php\/2026\/09\/03\/milei-fue-a-chile-y-reivindico-el-golpe-de-pinochet\/#breadcrumb"},"inLanguage":"es","potentialAction":[{"@type":"ReadAction","target":["https:\/\/diariotextual.com\/inicio\/index.php\/2026\/09\/03\/milei-fue-a-chile-y-reivindico-el-golpe-de-pinochet\/"]}]},{"@type":"ImageObject","inLanguage":"es","@id":"https:\/\/diariotextual.com\/inicio\/index.php\/2026\/09\/03\/milei-fue-a-chile-y-reivindico-el-golpe-de-pinochet\/#primaryimage","url":"https:\/\/diariotextual.com\/inicio\/wp-content\/uploads\/2026\/06\/mileijavier2026-90.jpg","contentUrl":"https:\/\/diariotextual.com\/inicio\/wp-content\/uploads\/2026\/06\/mileijavier2026-90.jpg","width":1280,"height":854},{"@type":"BreadcrumbList","@id":"https:\/\/diariotextual.com\/inicio\/index.php\/2026\/09\/03\/milei-fue-a-chile-y-reivindico-el-golpe-de-pinochet\/#breadcrumb","itemListElement":[{"@type":"ListItem","position":1,"name":"Portada","item":"https:\/\/diariotextual.com\/inicio\/"},{"@type":"ListItem","position":2,"name":"Milei fue a Chile y reivindic\u00f3 el golpe de Pinochet"}]},{"@type":"WebSite","@id":"https:\/\/diariotextual.com\/inicio\/#website","url":"https:\/\/diariotextual.com\/inicio\/","name":"Diario Textual","description":"","publisher":{"@id":"https:\/\/diariotextual.com\/inicio\/#organization"},"potentialAction":[{"@type":"SearchAction","target":{"@type":"EntryPoint","urlTemplate":"https:\/\/diariotextual.com\/inicio\/?s={search_term_string}"},"query-input":{"@type":"PropertyValueSpecification","valueRequired":true,"valueName":"search_term_string"}}],"inLanguage":"es"},{"@type":"Organization","@id":"https:\/\/diariotextual.com\/inicio\/#organization","name":"Diario Textual","url":"https:\/\/diariotextual.com\/inicio\/","logo":{"@type":"ImageObject","inLanguage":"es","@id":"https:\/\/diariotextual.com\/inicio\/#\/schema\/logo\/image\/","url":"https:\/\/diariotextual.com\/inicio\/wp-content\/uploads\/2023\/05\/logotextual1.jpg","contentUrl":"https:\/\/diariotextual.com\/inicio\/wp-content\/uploads\/2023\/05\/logotextual1.jpg","width":516,"height":76,"caption":"Diario Textual"},"image":{"@id":"https:\/\/diariotextual.com\/inicio\/#\/schema\/logo\/image\/"},"sameAs":["https:\/\/www.facebook.com\/eltextual","https:\/\/x.com\/eltextual","http:\/\/www.instagram.com\/eltextual"]},{"@type":"Person","@id":"https:\/\/diariotextual.com\/inicio\/#\/schema\/person\/418fc4093c33e86ed41562db3508f958","name":"Diario1 Diario1","image":{"@type":"ImageObject","inLanguage":"es","@id":"https:\/\/secure.gravatar.com\/avatar\/9167d280179c85bc18be67aa7eda765854300033af4896dd779b608640f2ef7a?s=96&d=mm&r=g","url":"https:\/\/secure.gravatar.com\/avatar\/9167d280179c85bc18be67aa7eda765854300033af4896dd779b608640f2ef7a?s=96&d=mm&r=g","contentUrl":"https:\/\/secure.gravatar.com\/avatar\/9167d280179c85bc18be67aa7eda765854300033af4896dd779b608640f2ef7a?s=96&d=mm&r=g","caption":"Diario1 Diario1"},"url":"https:\/\/diariotextual.com\/inicio\/index.php\/author\/diario1\/"}]}},"_links":{"self":[{"href":"https:\/\/diariotextual.com\/inicio\/index.php\/wp-json\/wp\/v2\/posts\/334448","targetHints":{"allow":["GET"]}}],"collection":[{"href":"https:\/\/diariotextual.com\/inicio\/index.php\/wp-json\/wp\/v2\/posts"}],"about":[{"href":"https:\/\/diariotextual.com\/inicio\/index.php\/wp-json\/wp\/v2\/types\/post"}],"author":[{"embeddable":true,"href":"https:\/\/diariotextual.com\/inicio\/index.php\/wp-json\/wp\/v2\/users\/3"}],"replies":[{"embeddable":true,"href":"https:\/\/diariotextual.com\/inicio\/index.php\/wp-json\/wp\/v2\/comments?post=334448"}],"version-history":[{"count":1,"href":"https:\/\/diariotextual.com\/inicio\/index.php\/wp-json\/wp\/v2\/posts\/334448\/revisions"}],"predecessor-version":[{"id":334449,"href":"https:\/\/diariotextual.com\/inicio\/index.php\/wp-json\/wp\/v2\/posts\/334448\/revisions\/334449"}],"wp:featuredmedia":[{"embeddable":true,"href":"https:\/\/diariotextual.com\/inicio\/index.php\/wp-json\/wp\/v2\/media\/330021"}],"wp:attachment":[{"href":"https:\/\/diariotextual.com\/inicio\/index.php\/wp-json\/wp\/v2\/media?parent=334448"}],"wp:term":[{"taxonomy":"category","embeddable":true,"href":"https:\/\/diariotextual.com\/inicio\/index.php\/wp-json\/wp\/v2\/categories?post=334448"},{"taxonomy":"post_tag","embeddable":true,"href":"https:\/\/diariotextual.com\/inicio\/index.php\/wp-json\/wp\/v2\/tags?post=334448"}],"curies":[{"name":"wp","href":"https:\/\/api.w.org\/{rel}","templated":true}]}}