{"id":334450,"date":"2026-09-03T16:56:01","date_gmt":"2026-09-03T19:56:01","guid":{"rendered":"https:\/\/diariotextual.com\/inicio\/?p=334450"},"modified":"2026-09-03T16:56:03","modified_gmt":"2026-09-03T19:56:03","slug":"educacion-salud-y-desarrollo-social-acompanaron-la-expo-infancia-y-adolescencia-en-pico","status":"publish","type":"post","link":"https:\/\/diariotextual.com\/inicio\/index.php\/2026\/09\/03\/educacion-salud-y-desarrollo-social-acompanaron-la-expo-infancia-y-adolescencia-en-pico\/","title":{"rendered":"Educaci\u00f3n, Salud y Desarrollo Social acompa\u00f1aron la Expo Infancia y Adolescencia en Pico"},"content":{"rendered":"\n<p class=\"wp-block-paragraph\">Esta ma\u00f1ana, en el <strong>Play\u00f3n del Ferrocarril de General Pico<\/strong>, continu\u00f3 la <strong>Expo Infancia y Adolescencia<\/strong>, organizada por el municipio local con acompa\u00f1amiento del Gobierno provincial.<\/p>\n\n\n\n<p class=\"wp-block-paragraph\">La ministra de Educaci\u00f3n, <strong>Marcela Feuerschvenger<\/strong>; el ministro de Desarrollo Social y Derechos Humanos, <strong>Diego \u00c1lvarez<\/strong>; y el ministro de Salud, <strong>Mario Kohan<\/strong>, participaron de la jornada y asistieron a la presentaci\u00f3n de la intendenta <strong>Fernanda Alonso<\/strong>, titulada <strong>\u201cPol\u00edticas p\u00fablicas en General Pico, mirando a nuestra infancia y adolescencia\u201d<\/strong>.<\/p>\n\n\n\n<p class=\"wp-block-paragraph\">Durante el encuentro, los funcionarios destacaron el trabajo que se lleva adelante en la ciudad y la articulaci\u00f3n entre las distintas \u00e1reas del Estado.<\/p>\n\n\n\n<p class=\"wp-block-paragraph\">Tambi\u00e9n participaron el senador nacional <strong>Daniel Bensus\u00e1n<\/strong>, la diputada provincial <strong>Gisela Cuadrado<\/strong>, concejales y otros funcionarios provinciales y municipales.<\/p>\n\n\n\n<div style=\"height:100px\" aria-hidden=\"true\" class=\"wp-block-spacer\"><\/div>\n\n\n\n<p class=\"wp-block-paragraph\"><strong>Visibilizar las pol\u00edticas p\u00fablicas<\/strong><\/p>\n\n\n\n<p class=\"wp-block-paragraph\">La ministra de Educaci\u00f3n destac\u00f3 la iniciativa por su aporte a la visibilizaci\u00f3n de las pol\u00edticas p\u00fablicas vinculadas con las infancias y adolescencias. \u201cTodos somos parte del sistema de protecci\u00f3n de derechos, el sistema educativo es una parte clave y fundamental, y poder visibilizar, reflexionar y asumir los desaf\u00edos locales en esta integralidad que acaba de presentar la intendenta municipal, la verdad que nos alegra, te impulsa a seguir trabajando y mejorando todas nuestras intervenciones para con las infancias y las adolescencias\u201d, se\u00f1al\u00f3 a la <strong>Agencia Provincial de Noticias<\/strong>.<\/p>\n\n\n\n<p class=\"wp-block-paragraph\">Feuerschvenger tambi\u00e9n valor\u00f3 el espacio de participaci\u00f3n y escucha generado a partir de la actividad y sostuvo que la expo, la <strong>Feria del Libro<\/strong> y otras propuestas representan \u201cm\u00e1s oportunidades y m\u00e1s horizontes culturales\u201d para las ni\u00f1eces y adolescencias.<\/p>\n\n\n\n<div style=\"height:100px\" aria-hidden=\"true\" class=\"wp-block-spacer\"><\/div>\n\n\n\n<p class=\"wp-block-paragraph\"><strong>Oportunidades para las infancias<\/strong><\/p>\n\n\n\n<p class=\"wp-block-paragraph\">El ministro de Desarrollo Social y Derechos Humanos, <strong>Diego \u00c1lvarez<\/strong>, felicit\u00f3 a la intendenta y al equipo municipal por la organizaci\u00f3n de la actividad y destac\u00f3 la participaci\u00f3n de la comunidad.<\/p>\n\n\n\n<p class=\"wp-block-paragraph\">\u201cPrimero felicitar a Fernanda, a todo el equipo municipal que como cada vez que venimos nos sorprende con la capacidad de organizaci\u00f3n. Esto de comprometer a toda la comunidad, de poder ver, participar, de sentirse parte, en la manera de que cada vez avanzamos m\u00e1s en la construcci\u00f3n de un sistema de protecci\u00f3n de derechos, y donde cada uno, a trav\u00e9s del juego, de las experiencias, de las diferentes voces, empezamos a tomar conciencia de lo que nos toca en esa cuota de corresponsabilidad, en la construcci\u00f3n de este sistema de protecci\u00f3n\u201d, expres\u00f3.<\/p>\n\n\n\n<p class=\"wp-block-paragraph\">En ese marco, \u00c1lvarez sostuvo que las pol\u00edticas p\u00fablicas deben contribuir a que ni\u00f1as y ni\u00f1os conozcan sus derechos y remarc\u00f3 la importancia del juego, la diversi\u00f3n y los espacios de reflexi\u00f3n destinados tambi\u00e9n a los adultos.<\/p>\n\n\n\n<p class=\"wp-block-paragraph\">\u201cLas pol\u00edticas p\u00fablicas, todas, tienen que ser tendientes a que se vayan conociendo los derechos de los ni\u00f1os, y principalmente esto que tiene que ver con el juego, la diversi\u00f3n, los espacios de reflexi\u00f3n para los adultos tambi\u00e9n, en cuanto a la mirada que tenemos con respecto a las ni\u00f1eces\u201d, sostuvo.<\/p>\n\n\n\n<p class=\"wp-block-paragraph\">El ministro tambi\u00e9n destac\u00f3 la necesidad de pensar la ciudad desde la perspectiva de las infancias y adolescencias.<\/p>\n\n\n\n<p class=\"wp-block-paragraph\">\u201cSi partimos desde lo individual hasta lo colectivo, nosotros, como adultos, nos representamos y todo lo que hacemos es en funci\u00f3n de nuestros hijos e hijas, y la comunidad, todo lo que tiene que hacer y por lo que tiene que bregar, es para que las infancias est\u00e9n contenidas y tengan un mejor marco de oportunidades para que se puedan desarrollar con felicidad\u201d, afirm\u00f3.<\/p>\n\n\n\n<div style=\"height:100px\" aria-hidden=\"true\" class=\"wp-block-spacer\"><\/div>\n\n\n\n<p class=\"wp-block-paragraph\"><strong>Un trabajo ininterrumpido en La Pampa<\/strong><\/p>\n\n\n\n<p class=\"wp-block-paragraph\">El ministro de Salud, <strong>Mario Kohan<\/strong>, calific\u00f3 como \u201cmuy l\u00facida\u201d la presentaci\u00f3n realizada por Alonso y destac\u00f3 que estuvo \u201cmuy bien fundamentada y con mucha informaci\u00f3n\u201d.<\/p>\n\n\n\n<p class=\"wp-block-paragraph\">\u201cEs un trabajo ininterrumpido el que se realiza en nuestra provincia con ni\u00f1ez, infancia, adolescencia, adultos y adultos mayores. Esto tiene que ver fundamentalmente con una pol\u00edtica p\u00fablica llevada adelante desde el Gobierno provincial, nos permite trabajar de manera mancomunada entre todos los ministerios, porque no solo se prioriza la salud, sino que tambi\u00e9n se articula entre los ministerios, que tenemos tareas transversales, y hemos logrado trabajar todos juntos, potenciando de manera permanente, logrando resultados sumamente positivos y de eficiencia realmente elevada\u201d, agreg\u00f3.<\/p>\n\n\n\n<p class=\"wp-block-paragraph\">Kohan tambi\u00e9n sostuvo que la presentaci\u00f3n involucr\u00f3 a distintos sectores de la sociedad, incluidos adultos y adultos mayores.<\/p>\n\n\n\n<p class=\"wp-block-paragraph\">Como ejemplo, el funcionario se refiri\u00f3 a informes difundidos por el <strong>Ministerio de Salud de la Naci\u00f3n<\/strong>, seg\u00fan los cuales <strong>La Pampa tiene la menor tasa de mortalidad infantil y la mayor tasa de vacunaci\u00f3n<\/strong>.<\/p>\n\n\n\n<div style=\"height:100px\" aria-hidden=\"true\" class=\"wp-block-spacer\"><\/div>\n\n\n\n<p class=\"wp-block-paragraph\"><strong>Alonso<\/strong><\/p>\n\n\n\n<p class=\"wp-block-paragraph\">La intendenta de <strong>General Pico, Fernanda Alonso<\/strong>, disert\u00f3 en la <strong>2\u00b0 Convenci\u00f3n sobre la Implementaci\u00f3n del Sistema Integral de protecci\u00f3n de Derechos de NNyA<\/strong>, enmarcada en la Expo Infancia y Adolescencia, con una exposici\u00f3n sobre <strong>\u201cPol\u00edticas P\u00fablicas en General Pico, mirando a nuestra infancia y adolescencia\u201d<\/strong>.<\/p>\n\n\n\n<p class=\"wp-block-paragraph\">Durante el tercer y \u00faltimo d\u00eda de la actividad tambi\u00e9n tuvieron lugar distintas presentaciones a cargo de <strong>Esteban Levin<\/strong>, <strong>Ver\u00f3nica Laplace y M\u00f3nica Vaccaro<\/strong>, <strong>Silvina Peirano<\/strong> y <strong>Faro Digital<\/strong>, quienes abordaron diferentes perspectivas vinculadas con la tem\u00e1tica.<\/p>\n\n\n\n<p class=\"wp-block-paragraph\">Antes del comienzo de la jornada, la intendenta recibi\u00f3 de parte de la ministra de Educaci\u00f3n, <strong>Marcela Feuerschvenger<\/strong>, la <strong>declaraci\u00f3n de inter\u00e9s ministerial<\/strong>.<\/p>\n\n\n\n<p class=\"wp-block-paragraph\">En su exposici\u00f3n, Alonso present\u00f3 una mirada integral sobre las pol\u00edticas p\u00fablicas implementadas en General Pico, a partir de un diagn\u00f3stico demogr\u00e1fico y territorial de la ciudad.<\/p>\n\n\n\n<p class=\"wp-block-paragraph\">En ese marco, mencion\u00f3 la <strong>Agenda 6360<\/strong> como una estrategia de planificaci\u00f3n orientada a promover la inclusi\u00f3n, la igualdad de oportunidades y el desarrollo de una comunidad con mayores posibilidades para todas las personas.<\/p>\n\n\n\n<p class=\"wp-block-paragraph\">Asimismo, puso en valor los distintos programas municipales destinados al acompa\u00f1amiento <strong>socioeducativo, cultural, deportivo y nutricional<\/strong>. Tambi\u00e9n destac\u00f3 el trabajo sostenido del <strong>Consejo Local de Ni\u00f1eces y Adolescencias<\/strong>, el <strong>Presupuesto Participativo Juvenil<\/strong>, los cinco <strong>Centros de Desarrollo Infantil<\/strong> y el programa <strong>INAUN<\/strong>.<\/p>\n\n\n\n<p class=\"wp-block-paragraph\">La intendenta remarc\u00f3 adem\u00e1s la importancia de las voces de ni\u00f1as, ni\u00f1os y adolescentes, que ocupan un lugar central en una pol\u00edtica p\u00fablica orientada a generar espacios de escucha, participaci\u00f3n y construcci\u00f3n colectiva.<\/p>\n\n\n\n<p class=\"wp-block-paragraph\">Al abordar la realidad social actual, Alonso plante\u00f3 los desaf\u00edos que enfrentan las familias ante distintas situaciones de vulneraci\u00f3n de derechos y frente a la complejidad del contexto socioecon\u00f3mico.<\/p>\n\n\n\n<p class=\"wp-block-paragraph\">En ese sentido, destac\u00f3 el trabajo de la <strong>Unidad Local de Ni\u00f1ez<\/strong> en el abordaje y acompa\u00f1amiento de las distintas situaciones y remarc\u00f3 la necesidad de continuar fortaleciendo las acciones y estrategias de intervenci\u00f3n tanto en el \u00e1mbito familiar como comunitario.<\/p>\n\n\n\n<p class=\"wp-block-paragraph\">Finalmente, la intendenta insisti\u00f3 en la importancia de fortalecer la <strong>formaci\u00f3n t\u00e9cnica<\/strong>, con especial atenci\u00f3n al acceso a la educaci\u00f3n superior, el cuidado del ambiente y la salud.<\/p>\n\n\n\n<p class=\"wp-block-paragraph\">En ese sentido, reafirm\u00f3 el compromiso de continuar construyendo una ciudad \u201cm\u00e1s justa, integrada y amigable\u201d, que acompa\u00f1e y garantice derechos en cada una de las etapas que atraviesan las infancias y adolescencias.<\/p>\n\n\n\n<p class=\"wp-block-paragraph\"><\/p>\n\n\n\n<p class=\"wp-block-paragraph\"><\/p>\n","protected":false},"excerpt":{"rendered":"<p>Esta ma\u00f1ana, en el Play\u00f3n del Ferrocarril de General Pico, continu\u00f3 la Expo Infancia y Adolescencia, organizada por el municipio local con acompa\u00f1amiento del Gobierno provincial. La ministra de Educaci\u00f3n,&hellip;<\/p>\n","protected":false},"author":3,"featured_media":334453,"comment_status":"closed","ping_status":"open","sticky":false,"template":"","format":"standard","meta":{"_acf_changed":false,"footnotes":""},"categories":[4,12],"tags":[],"class_list":["post-334450","post","type-post","status-publish","format-standard","has-post-thumbnail","hentry","category-destacadas","category-sociedad"],"acf":[],"yoast_head":"<!-- This site is optimized with the Yoast SEO plugin v28.4 - https:\/\/yoast.com\/product\/yoast-seo-wordpress\/ -->\n<title>Educaci\u00f3n, Salud y Desarrollo Social acompa\u00f1aron la Expo Infancia y Adolescencia en Pico - Diario Textual<\/title>\n<meta name=\"robots\" content=\"index, follow, max-snippet:-1, max-image-preview:large, max-video-preview:-1\" \/>\n<link rel=\"canonical\" href=\"https:\/\/diariotextual.com\/inicio\/index.php\/2026\/09\/03\/educacion-salud-y-desarrollo-social-acompanaron-la-expo-infancia-y-adolescencia-en-pico\/\" \/>\n<meta property=\"og:locale\" content=\"es_ES\" \/>\n<meta property=\"og:type\" content=\"article\" \/>\n<meta property=\"og:title\" content=\"Educaci\u00f3n, Salud y Desarrollo Social acompa\u00f1aron la Expo Infancia y Adolescencia en Pico - Diario Textual\" \/>\n<meta property=\"og:description\" content=\"Esta ma\u00f1ana, en el Play\u00f3n del Ferrocarril de General Pico, continu\u00f3 la Expo Infancia y Adolescencia, organizada por el municipio local con acompa\u00f1amiento del Gobierno provincial. La ministra de Educaci\u00f3n,&hellip;\" \/>\n<meta property=\"og:url\" content=\"https:\/\/diariotextual.com\/inicio\/index.php\/2026\/09\/03\/educacion-salud-y-desarrollo-social-acompanaron-la-expo-infancia-y-adolescencia-en-pico\/\" \/>\n<meta property=\"og:site_name\" content=\"Diario Textual\" \/>\n<meta property=\"article:publisher\" content=\"https:\/\/www.facebook.com\/eltextual\" \/>\n<meta property=\"article:published_time\" content=\"2026-09-03T19:56:01+00:00\" \/>\n<meta property=\"article:modified_time\" content=\"2026-09-03T19:56:03+00:00\" \/>\n<meta property=\"og:image\" content=\"https:\/\/diariotextual.com\/inicio\/wp-content\/uploads\/2026\/09\/expoinfanciapicoalonso2026-1.jpg\" \/>\n\t<meta property=\"og:image:width\" content=\"1272\" \/>\n\t<meta property=\"og:image:height\" content=\"766\" \/>\n\t<meta property=\"og:image:type\" content=\"image\/jpeg\" \/>\n<meta name=\"author\" content=\"Diario1 Diario1\" \/>\n<meta name=\"twitter:card\" content=\"summary_large_image\" \/>\n<meta name=\"twitter:creator\" content=\"@eltextual\" \/>\n<meta name=\"twitter:site\" content=\"@eltextual\" \/>\n<meta name=\"twitter:label1\" content=\"Escrito por\" \/>\n\t<meta name=\"twitter:data1\" content=\"Diario1 Diario1\" \/>\n\t<meta name=\"twitter:label2\" content=\"Tiempo de lectura\" \/>\n\t<meta name=\"twitter:data2\" content=\"5 minutos\" \/>\n<script type=\"application\/ld+json\" class=\"yoast-schema-graph\">{\"@context\":\"https:\\\/\\\/schema.org\",\"@graph\":[{\"@type\":\"Article\",\"@id\":\"https:\\\/\\\/diariotextual.com\\\/inicio\\\/index.php\\\/2026\\\/09\\\/03\\\/educacion-salud-y-desarrollo-social-acompanaron-la-expo-infancia-y-adolescencia-en-pico\\\/#article\",\"isPartOf\":{\"@id\":\"https:\\\/\\\/diariotextual.com\\\/inicio\\\/index.php\\\/2026\\\/09\\\/03\\\/educacion-salud-y-desarrollo-social-acompanaron-la-expo-infancia-y-adolescencia-en-pico\\\/\"},\"author\":{\"name\":\"Diario1 Diario1\",\"@id\":\"https:\\\/\\\/diariotextual.com\\\/inicio\\\/#\\\/schema\\\/person\\\/418fc4093c33e86ed41562db3508f958\"},\"headline\":\"Educaci\u00f3n, Salud y Desarrollo Social acompa\u00f1aron la Expo Infancia y Adolescencia en Pico\",\"datePublished\":\"2026-09-03T19:56:01+00:00\",\"dateModified\":\"2026-09-03T19:56:03+00:00\",\"mainEntityOfPage\":{\"@id\":\"https:\\\/\\\/diariotextual.com\\\/inicio\\\/index.php\\\/2026\\\/09\\\/03\\\/educacion-salud-y-desarrollo-social-acompanaron-la-expo-infancia-y-adolescencia-en-pico\\\/\"},\"wordCount\":1208,\"publisher\":{\"@id\":\"https:\\\/\\\/diariotextual.com\\\/inicio\\\/#organization\"},\"image\":{\"@id\":\"https:\\\/\\\/diariotextual.com\\\/inicio\\\/index.php\\\/2026\\\/09\\\/03\\\/educacion-salud-y-desarrollo-social-acompanaron-la-expo-infancia-y-adolescencia-en-pico\\\/#primaryimage\"},\"thumbnailUrl\":\"https:\\\/\\\/diariotextual.com\\\/inicio\\\/wp-content\\\/uploads\\\/2026\\\/09\\\/expoinfanciapicoalonso2026-1.jpg\",\"articleSection\":[\"A - DESTACADAS (mod 16)\",\"SOCIEDAD\"],\"inLanguage\":\"es\"},{\"@type\":\"WebPage\",\"@id\":\"https:\\\/\\\/diariotextual.com\\\/inicio\\\/index.php\\\/2026\\\/09\\\/03\\\/educacion-salud-y-desarrollo-social-acompanaron-la-expo-infancia-y-adolescencia-en-pico\\\/\",\"url\":\"https:\\\/\\\/diariotextual.com\\\/inicio\\\/index.php\\\/2026\\\/09\\\/03\\\/educacion-salud-y-desarrollo-social-acompanaron-la-expo-infancia-y-adolescencia-en-pico\\\/\",\"name\":\"Educaci\u00f3n, Salud y Desarrollo Social acompa\u00f1aron la Expo Infancia y Adolescencia en Pico - Diario Textual\",\"isPartOf\":{\"@id\":\"https:\\\/\\\/diariotextual.com\\\/inicio\\\/#website\"},\"primaryImageOfPage\":{\"@id\":\"https:\\\/\\\/diariotextual.com\\\/inicio\\\/index.php\\\/2026\\\/09\\\/03\\\/educacion-salud-y-desarrollo-social-acompanaron-la-expo-infancia-y-adolescencia-en-pico\\\/#primaryimage\"},\"image\":{\"@id\":\"https:\\\/\\\/diariotextual.com\\\/inicio\\\/index.php\\\/2026\\\/09\\\/03\\\/educacion-salud-y-desarrollo-social-acompanaron-la-expo-infancia-y-adolescencia-en-pico\\\/#primaryimage\"},\"thumbnailUrl\":\"https:\\\/\\\/diariotextual.com\\\/inicio\\\/wp-content\\\/uploads\\\/2026\\\/09\\\/expoinfanciapicoalonso2026-1.jpg\",\"datePublished\":\"2026-09-03T19:56:01+00:00\",\"dateModified\":\"2026-09-03T19:56:03+00:00\",\"breadcrumb\":{\"@id\":\"https:\\\/\\\/diariotextual.com\\\/inicio\\\/index.php\\\/2026\\\/09\\\/03\\\/educacion-salud-y-desarrollo-social-acompanaron-la-expo-infancia-y-adolescencia-en-pico\\\/#breadcrumb\"},\"inLanguage\":\"es\",\"potentialAction\":[{\"@type\":\"ReadAction\",\"target\":[\"https:\\\/\\\/diariotextual.com\\\/inicio\\\/index.php\\\/2026\\\/09\\\/03\\\/educacion-salud-y-desarrollo-social-acompanaron-la-expo-infancia-y-adolescencia-en-pico\\\/\"]}]},{\"@type\":\"ImageObject\",\"inLanguage\":\"es\",\"@id\":\"https:\\\/\\\/diariotextual.com\\\/inicio\\\/index.php\\\/2026\\\/09\\\/03\\\/educacion-salud-y-desarrollo-social-acompanaron-la-expo-infancia-y-adolescencia-en-pico\\\/#primaryimage\",\"url\":\"https:\\\/\\\/diariotextual.com\\\/inicio\\\/wp-content\\\/uploads\\\/2026\\\/09\\\/expoinfanciapicoalonso2026-1.jpg\",\"contentUrl\":\"https:\\\/\\\/diariotextual.com\\\/inicio\\\/wp-content\\\/uploads\\\/2026\\\/09\\\/expoinfanciapicoalonso2026-1.jpg\",\"width\":1272,\"height\":766},{\"@type\":\"BreadcrumbList\",\"@id\":\"https:\\\/\\\/diariotextual.com\\\/inicio\\\/index.php\\\/2026\\\/09\\\/03\\\/educacion-salud-y-desarrollo-social-acompanaron-la-expo-infancia-y-adolescencia-en-pico\\\/#breadcrumb\",\"itemListElement\":[{\"@type\":\"ListItem\",\"position\":1,\"name\":\"Portada\",\"item\":\"https:\\\/\\\/diariotextual.com\\\/inicio\\\/\"},{\"@type\":\"ListItem\",\"position\":2,\"name\":\"Educaci\u00f3n, Salud y Desarrollo Social acompa\u00f1aron la Expo Infancia y Adolescencia en Pico\"}]},{\"@type\":\"WebSite\",\"@id\":\"https:\\\/\\\/diariotextual.com\\\/inicio\\\/#website\",\"url\":\"https:\\\/\\\/diariotextual.com\\\/inicio\\\/\",\"name\":\"Diario Textual\",\"description\":\"\",\"publisher\":{\"@id\":\"https:\\\/\\\/diariotextual.com\\\/inicio\\\/#organization\"},\"potentialAction\":[{\"@type\":\"SearchAction\",\"target\":{\"@type\":\"EntryPoint\",\"urlTemplate\":\"https:\\\/\\\/diariotextual.com\\\/inicio\\\/?s={search_term_string}\"},\"query-input\":{\"@type\":\"PropertyValueSpecification\",\"valueRequired\":true,\"valueName\":\"search_term_string\"}}],\"inLanguage\":\"es\"},{\"@type\":\"Organization\",\"@id\":\"https:\\\/\\\/diariotextual.com\\\/inicio\\\/#organization\",\"name\":\"Diario Textual\",\"url\":\"https:\\\/\\\/diariotextual.com\\\/inicio\\\/\",\"logo\":{\"@type\":\"ImageObject\",\"inLanguage\":\"es\",\"@id\":\"https:\\\/\\\/diariotextual.com\\\/inicio\\\/#\\\/schema\\\/logo\\\/image\\\/\",\"url\":\"https:\\\/\\\/diariotextual.com\\\/inicio\\\/wp-content\\\/uploads\\\/2023\\\/05\\\/logotextual1.jpg\",\"contentUrl\":\"https:\\\/\\\/diariotextual.com\\\/inicio\\\/wp-content\\\/uploads\\\/2023\\\/05\\\/logotextual1.jpg\",\"width\":516,\"height\":76,\"caption\":\"Diario Textual\"},\"image\":{\"@id\":\"https:\\\/\\\/diariotextual.com\\\/inicio\\\/#\\\/schema\\\/logo\\\/image\\\/\"},\"sameAs\":[\"https:\\\/\\\/www.facebook.com\\\/eltextual\",\"https:\\\/\\\/x.com\\\/eltextual\",\"http:\\\/\\\/www.instagram.com\\\/eltextual\"]},{\"@type\":\"Person\",\"@id\":\"https:\\\/\\\/diariotextual.com\\\/inicio\\\/#\\\/schema\\\/person\\\/418fc4093c33e86ed41562db3508f958\",\"name\":\"Diario1 Diario1\",\"image\":{\"@type\":\"ImageObject\",\"inLanguage\":\"es\",\"@id\":\"https:\\\/\\\/secure.gravatar.com\\\/avatar\\\/9167d280179c85bc18be67aa7eda765854300033af4896dd779b608640f2ef7a?s=96&d=mm&r=g\",\"url\":\"https:\\\/\\\/secure.gravatar.com\\\/avatar\\\/9167d280179c85bc18be67aa7eda765854300033af4896dd779b608640f2ef7a?s=96&d=mm&r=g\",\"contentUrl\":\"https:\\\/\\\/secure.gravatar.com\\\/avatar\\\/9167d280179c85bc18be67aa7eda765854300033af4896dd779b608640f2ef7a?s=96&d=mm&r=g\",\"caption\":\"Diario1 Diario1\"},\"url\":\"https:\\\/\\\/diariotextual.com\\\/inicio\\\/index.php\\\/author\\\/diario1\\\/\"}]}<\/script>\n<!-- \/ Yoast SEO plugin. -->","yoast_head_json":{"title":"Educaci\u00f3n, Salud y Desarrollo Social acompa\u00f1aron la Expo Infancia y Adolescencia en Pico - Diario Textual","robots":{"index":"index","follow":"follow","max-snippet":"max-snippet:-1","max-image-preview":"max-image-preview:large","max-video-preview":"max-video-preview:-1"},"canonical":"https:\/\/diariotextual.com\/inicio\/index.php\/2026\/09\/03\/educacion-salud-y-desarrollo-social-acompanaron-la-expo-infancia-y-adolescencia-en-pico\/","og_locale":"es_ES","og_type":"article","og_title":"Educaci\u00f3n, Salud y Desarrollo Social acompa\u00f1aron la Expo Infancia y Adolescencia en Pico - Diario Textual","og_description":"Esta ma\u00f1ana, en el Play\u00f3n del Ferrocarril de General Pico, continu\u00f3 la Expo Infancia y Adolescencia, organizada por el municipio local con acompa\u00f1amiento del Gobierno provincial. La ministra de Educaci\u00f3n,&hellip;","og_url":"https:\/\/diariotextual.com\/inicio\/index.php\/2026\/09\/03\/educacion-salud-y-desarrollo-social-acompanaron-la-expo-infancia-y-adolescencia-en-pico\/","og_site_name":"Diario Textual","article_publisher":"https:\/\/www.facebook.com\/eltextual","article_published_time":"2026-09-03T19:56:01+00:00","article_modified_time":"2026-09-03T19:56:03+00:00","og_image":[{"width":1272,"height":766,"url":"https:\/\/diariotextual.com\/inicio\/wp-content\/uploads\/2026\/09\/expoinfanciapicoalonso2026-1.jpg","type":"image\/jpeg"}],"author":"Diario1 Diario1","twitter_card":"summary_large_image","twitter_creator":"@eltextual","twitter_site":"@eltextual","twitter_misc":{"Escrito por":"Diario1 Diario1","Tiempo de lectura":"5 minutos"},"schema":{"@context":"https:\/\/schema.org","@graph":[{"@type":"Article","@id":"https:\/\/diariotextual.com\/inicio\/index.php\/2026\/09\/03\/educacion-salud-y-desarrollo-social-acompanaron-la-expo-infancia-y-adolescencia-en-pico\/#article","isPartOf":{"@id":"https:\/\/diariotextual.com\/inicio\/index.php\/2026\/09\/03\/educacion-salud-y-desarrollo-social-acompanaron-la-expo-infancia-y-adolescencia-en-pico\/"},"author":{"name":"Diario1 Diario1","@id":"https:\/\/diariotextual.com\/inicio\/#\/schema\/person\/418fc4093c33e86ed41562db3508f958"},"headline":"Educaci\u00f3n, Salud y Desarrollo Social acompa\u00f1aron la Expo Infancia y Adolescencia en Pico","datePublished":"2026-09-03T19:56:01+00:00","dateModified":"2026-09-03T19:56:03+00:00","mainEntityOfPage":{"@id":"https:\/\/diariotextual.com\/inicio\/index.php\/2026\/09\/03\/educacion-salud-y-desarrollo-social-acompanaron-la-expo-infancia-y-adolescencia-en-pico\/"},"wordCount":1208,"publisher":{"@id":"https:\/\/diariotextual.com\/inicio\/#organization"},"image":{"@id":"https:\/\/diariotextual.com\/inicio\/index.php\/2026\/09\/03\/educacion-salud-y-desarrollo-social-acompanaron-la-expo-infancia-y-adolescencia-en-pico\/#primaryimage"},"thumbnailUrl":"https:\/\/diariotextual.com\/inicio\/wp-content\/uploads\/2026\/09\/expoinfanciapicoalonso2026-1.jpg","articleSection":["A - DESTACADAS (mod 16)","SOCIEDAD"],"inLanguage":"es"},{"@type":"WebPage","@id":"https:\/\/diariotextual.com\/inicio\/index.php\/2026\/09\/03\/educacion-salud-y-desarrollo-social-acompanaron-la-expo-infancia-y-adolescencia-en-pico\/","url":"https:\/\/diariotextual.com\/inicio\/index.php\/2026\/09\/03\/educacion-salud-y-desarrollo-social-acompanaron-la-expo-infancia-y-adolescencia-en-pico\/","name":"Educaci\u00f3n, Salud y Desarrollo Social acompa\u00f1aron la Expo Infancia y Adolescencia en Pico - Diario Textual","isPartOf":{"@id":"https:\/\/diariotextual.com\/inicio\/#website"},"primaryImageOfPage":{"@id":"https:\/\/diariotextual.com\/inicio\/index.php\/2026\/09\/03\/educacion-salud-y-desarrollo-social-acompanaron-la-expo-infancia-y-adolescencia-en-pico\/#primaryimage"},"image":{"@id":"https:\/\/diariotextual.com\/inicio\/index.php\/2026\/09\/03\/educacion-salud-y-desarrollo-social-acompanaron-la-expo-infancia-y-adolescencia-en-pico\/#primaryimage"},"thumbnailUrl":"https:\/\/diariotextual.com\/inicio\/wp-content\/uploads\/2026\/09\/expoinfanciapicoalonso2026-1.jpg","datePublished":"2026-09-03T19:56:01+00:00","dateModified":"2026-09-03T19:56:03+00:00","breadcrumb":{"@id":"https:\/\/diariotextual.com\/inicio\/index.php\/2026\/09\/03\/educacion-salud-y-desarrollo-social-acompanaron-la-expo-infancia-y-adolescencia-en-pico\/#breadcrumb"},"inLanguage":"es","potentialAction":[{"@type":"ReadAction","target":["https:\/\/diariotextual.com\/inicio\/index.php\/2026\/09\/03\/educacion-salud-y-desarrollo-social-acompanaron-la-expo-infancia-y-adolescencia-en-pico\/"]}]},{"@type":"ImageObject","inLanguage":"es","@id":"https:\/\/diariotextual.com\/inicio\/index.php\/2026\/09\/03\/educacion-salud-y-desarrollo-social-acompanaron-la-expo-infancia-y-adolescencia-en-pico\/#primaryimage","url":"https:\/\/diariotextual.com\/inicio\/wp-content\/uploads\/2026\/09\/expoinfanciapicoalonso2026-1.jpg","contentUrl":"https:\/\/diariotextual.com\/inicio\/wp-content\/uploads\/2026\/09\/expoinfanciapicoalonso2026-1.jpg","width":1272,"height":766},{"@type":"BreadcrumbList","@id":"https:\/\/diariotextual.com\/inicio\/index.php\/2026\/09\/03\/educacion-salud-y-desarrollo-social-acompanaron-la-expo-infancia-y-adolescencia-en-pico\/#breadcrumb","itemListElement":[{"@type":"ListItem","position":1,"name":"Portada","item":"https:\/\/diariotextual.com\/inicio\/"},{"@type":"ListItem","position":2,"name":"Educaci\u00f3n, Salud y Desarrollo Social acompa\u00f1aron la Expo Infancia y Adolescencia en Pico"}]},{"@type":"WebSite","@id":"https:\/\/diariotextual.com\/inicio\/#website","url":"https:\/\/diariotextual.com\/inicio\/","name":"Diario Textual","description":"","publisher":{"@id":"https:\/\/diariotextual.com\/inicio\/#organization"},"potentialAction":[{"@type":"SearchAction","target":{"@type":"EntryPoint","urlTemplate":"https:\/\/diariotextual.com\/inicio\/?s={search_term_string}"},"query-input":{"@type":"PropertyValueSpecification","valueRequired":true,"valueName":"search_term_string"}}],"inLanguage":"es"},{"@type":"Organization","@id":"https:\/\/diariotextual.com\/inicio\/#organization","name":"Diario Textual","url":"https:\/\/diariotextual.com\/inicio\/","logo":{"@type":"ImageObject","inLanguage":"es","@id":"https:\/\/diariotextual.com\/inicio\/#\/schema\/logo\/image\/","url":"https:\/\/diariotextual.com\/inicio\/wp-content\/uploads\/2023\/05\/logotextual1.jpg","contentUrl":"https:\/\/diariotextual.com\/inicio\/wp-content\/uploads\/2023\/05\/logotextual1.jpg","width":516,"height":76,"caption":"Diario Textual"},"image":{"@id":"https:\/\/diariotextual.com\/inicio\/#\/schema\/logo\/image\/"},"sameAs":["https:\/\/www.facebook.com\/eltextual","https:\/\/x.com\/eltextual","http:\/\/www.instagram.com\/eltextual"]},{"@type":"Person","@id":"https:\/\/diariotextual.com\/inicio\/#\/schema\/person\/418fc4093c33e86ed41562db3508f958","name":"Diario1 Diario1","image":{"@type":"ImageObject","inLanguage":"es","@id":"https:\/\/secure.gravatar.com\/avatar\/9167d280179c85bc18be67aa7eda765854300033af4896dd779b608640f2ef7a?s=96&d=mm&r=g","url":"https:\/\/secure.gravatar.com\/avatar\/9167d280179c85bc18be67aa7eda765854300033af4896dd779b608640f2ef7a?s=96&d=mm&r=g","contentUrl":"https:\/\/secure.gravatar.com\/avatar\/9167d280179c85bc18be67aa7eda765854300033af4896dd779b608640f2ef7a?s=96&d=mm&r=g","caption":"Diario1 Diario1"},"url":"https:\/\/diariotextual.com\/inicio\/index.php\/author\/diario1\/"}]}},"_links":{"self":[{"href":"https:\/\/diariotextual.com\/inicio\/index.php\/wp-json\/wp\/v2\/posts\/334450","targetHints":{"allow":["GET"]}}],"collection":[{"href":"https:\/\/diariotextual.com\/inicio\/index.php\/wp-json\/wp\/v2\/posts"}],"about":[{"href":"https:\/\/diariotextual.com\/inicio\/index.php\/wp-json\/wp\/v2\/types\/post"}],"author":[{"embeddable":true,"href":"https:\/\/diariotextual.com\/inicio\/index.php\/wp-json\/wp\/v2\/users\/3"}],"replies":[{"embeddable":true,"href":"https:\/\/diariotextual.com\/inicio\/index.php\/wp-json\/wp\/v2\/comments?post=334450"}],"version-history":[{"count":2,"href":"https:\/\/diariotextual.com\/inicio\/index.php\/wp-json\/wp\/v2\/posts\/334450\/revisions"}],"predecessor-version":[{"id":334452,"href":"https:\/\/diariotextual.com\/inicio\/index.php\/wp-json\/wp\/v2\/posts\/334450\/revisions\/334452"}],"wp:featuredmedia":[{"embeddable":true,"href":"https:\/\/diariotextual.com\/inicio\/index.php\/wp-json\/wp\/v2\/media\/334453"}],"wp:attachment":[{"href":"https:\/\/diariotextual.com\/inicio\/index.php\/wp-json\/wp\/v2\/media?parent=334450"}],"wp:term":[{"taxonomy":"category","embeddable":true,"href":"https:\/\/diariotextual.com\/inicio\/index.php\/wp-json\/wp\/v2\/categories?post=334450"},{"taxonomy":"post_tag","embeddable":true,"href":"https:\/\/diariotextual.com\/inicio\/index.php\/wp-json\/wp\/v2\/tags?post=334450"}],"curies":[{"name":"wp","href":"https:\/\/api.w.org\/{rel}","templated":true}]}}