{"id":334454,"date":"2026-09-03T19:19:34","date_gmt":"2026-09-03T22:19:34","guid":{"rendered":"https:\/\/diariotextual.com\/inicio\/?p=334454"},"modified":"2026-09-03T20:39:15","modified_gmt":"2026-09-03T23:39:15","slug":"concejo-deliberante-de-general-pico-aprobo-cambios-al-contenido-de-examenes-para-carnet-de-conducir","status":"publish","type":"post","link":"https:\/\/diariotextual.com\/inicio\/index.php\/2026\/09\/03\/concejo-deliberante-de-general-pico-aprobo-cambios-al-contenido-de-examenes-para-carnet-de-conducir\/","title":{"rendered":"Concejo deliberante de General Pico aprob\u00f3 cambios al contenido de ex\u00e1menes para carnet de conducir"},"content":{"rendered":"\n<p class=\"wp-block-paragraph\">Por unanimidad, concejales de General Pico aprobaron un proyecto que deroga la ordenanza N\u00b0 99\/17 y actualiza el <strong>cuadernillo de contenidos para el examen te\u00f3rico y el material de estudio requerido para la obtenci\u00f3n de la Licencia Nacional de Conducir<\/strong>.<\/p>\n\n\n\n<p class=\"wp-block-paragraph\">La nueva normativa <strong>incorpora contenidos actualizados conforme al marco nacional y local vigente <\/strong>y busca fortalecer la educaci\u00f3n vial y la formaci\u00f3n de conductores responsables, en el marco del Plan Piquense de Seguridad Vial.<\/p>\n\n\n\n<p class=\"wp-block-paragraph\">El nuevo cuadernillo estar\u00e1 <strong>compuesto por ocho cap\u00edtulos e incluir\u00e1 un cuestionario general<\/strong>, uno espec\u00edfico sobre se\u00f1alizaci\u00f3n vial y otros vinculados con las distintas categor\u00edas de licencia.<\/p>\n\n\n\n<p class=\"wp-block-paragraph\">Previo al inicio del tratamiento del orden del d\u00eda, se dio cumplimiento a la Resoluci\u00f3n N\u00b0 44\/2026, mediante la cual el CD hab\u00eda declarado por<strong> unanimidad de inter\u00e9s legislativo la pel\u00edcula \u201cMan\u00edacas\u201d, del director piquense Diego Garc\u00eda.<\/strong> En este marco, el realizador y algunas de las actrices que integran el elenco estuvieron presentes para recibir una copia del expediente correspondiente.<\/p>\n\n\n\n<p class=\"wp-block-paragraph\">Durante la jornada se abord\u00f3 un orden del d\u00eda compuesto por <strong>25 expedientes<\/strong>. El acta de la sesi\u00f3n anterior fue aprobada por unanimidad, con la abstenci\u00f3n de la concejala Eugenia Forte, debido a su ausencia en dicha sesi\u00f3n.<\/p>\n\n\n\n<p class=\"wp-block-paragraph\">Entre los expedientes que ingresaron a las distintas comisiones se encuentran proyectos vinculados con la <strong>autorizaci\u00f3n de un convenio de arrendamiento de 115 hect\u00e1reas para su utilizaci\u00f3n como cuenco receptor de desag\u00fces pluviales<\/strong>; la ejecuci\u00f3n y cobro de obras de provisi\u00f3n de agua potable por parte de Corpico; las rendiciones de cuentas y carpetas de ingresos y egresos correspondientes a julio de 2026; y distintas solicitudes de particulares y entidades de la ciudad.<\/p>\n\n\n\n<p class=\"wp-block-paragraph\">El CD tambi\u00e9n recibi\u00f3 la solicitud del Establecimiento Asistencial Gobernador Centeno para declarar de inter\u00e9s legislativo la pe\u00f1a solidaria \u201c<strong>Todos por el Hospi\u201d, que se realizar\u00e1 el pr\u00f3ximo 24 de octubre<\/strong> y es organizada por el grupo Colibr\u00ed y la Cooperadora del hospital Gobernador Centeno.<\/p>\n\n\n\n<div style=\"height:100px\" aria-hidden=\"true\" class=\"wp-block-spacer\"><\/div>\n\n\n\n<p class=\"wp-block-paragraph\"><strong>Proyectos<\/strong><\/p>\n\n\n\n<p class=\"wp-block-paragraph\">Durante la sesi\u00f3n se aprob\u00f3 por unanimidad el proyecto de decreto de Presidencia que ratifica el Decreto N\u00b0 45\/2026, mediante el cual se declar\u00f3 de inter\u00e9s legislativo la Expo Infancias y Adolescencias, actividad impulsada por la Municipalidad de General Pico que se desarrolla en el Play\u00f3n de la Estaci\u00f3n del Ferrocarril local y que tiene como eje la promoci\u00f3n de los derechos de ni\u00f1as, ni\u00f1os y adolescentes.<\/p>\n\n\n\n<p class=\"wp-block-paragraph\">Tambi\u00e9n fueron aprobados por unanimidad distintos proyectos de resoluci\u00f3n relacionados con cuestiones de infraestructura, seguridad vial, cultura y deporte.<\/p>\n\n\n\n<p class=\"wp-block-paragraph\">A partir de una iniciativa del bloque Juntos por el Cambio, se solicit\u00f3 al Departamento Ejecutivo Municipal realizar un relevamiento integral del estado de la calzada de la avenida Isidoro Brunengo.<\/p>\n\n\n\n<p class=\"wp-block-paragraph\">Y en otro proyecto aprobado por unanimidad se solicit\u00f3 relevar el estado de conservaci\u00f3n y seguridad de los bancos ubicados sobre calle 24, entre calle 33 y la ruta provincial N\u00b0 1, disponiendo su mantenimiento, reparaci\u00f3n o reemplazo seg\u00fan corresponda.<\/p>\n\n\n\n<p class=\"wp-block-paragraph\">Adem\u00e1s, se aprob\u00f3 por unanimidad la solicitud para renovar la se\u00f1alizaci\u00f3n que indica la prohibici\u00f3n de giro hacia la izquierda en la intersecci\u00f3n de calles 24 y 21.<\/p>\n\n\n\n<p class=\"wp-block-paragraph\">Por iniciativa del bloque Uni\u00f3n C\u00edvica Radical, se gir\u00f3 a comisiones otro proyecto que solicita al Departamento Ejecutivo gestionar ante la Direcci\u00f3n Provincial de Vialidad la colocaci\u00f3n de se\u00f1alizaci\u00f3n horizontal y vertical en el espacio destinado a la circulaci\u00f3n de bicicletas de la doble v\u00eda de la ruta provincial N\u00b0 1, teniendo en cuenta las caracter\u00edsticas y dimensiones de la infraestructura existente.<\/p>\n","protected":false},"excerpt":{"rendered":"<p>Por unanimidad, concejales de General Pico aprobaron un proyecto que deroga la ordenanza N\u00b0 99\/17 y actualiza el cuadernillo de contenidos para el examen te\u00f3rico y el material de estudio&hellip;<\/p>\n","protected":false},"author":5,"featured_media":334455,"comment_status":"closed","ping_status":"open","sticky":false,"template":"","format":"standard","meta":{"_acf_changed":false,"footnotes":""},"categories":[1,8],"tags":[],"class_list":["post-334454","post","type-post","status-publish","format-standard","has-post-thumbnail","hentry","category-es-noticia","category-politica"],"acf":[],"yoast_head":"<!-- This site is optimized with the Yoast SEO plugin v28.4 - https:\/\/yoast.com\/product\/yoast-seo-wordpress\/ -->\n<title>Concejo deliberante de General Pico aprob\u00f3 cambios al contenido de ex\u00e1menes para carnet de conducir - Diario Textual<\/title>\n<meta name=\"robots\" content=\"index, follow, max-snippet:-1, max-image-preview:large, max-video-preview:-1\" \/>\n<link rel=\"canonical\" href=\"https:\/\/diariotextual.com\/inicio\/index.php\/2026\/09\/03\/concejo-deliberante-de-general-pico-aprobo-cambios-al-contenido-de-examenes-para-carnet-de-conducir\/\" \/>\n<meta property=\"og:locale\" content=\"es_ES\" \/>\n<meta property=\"og:type\" content=\"article\" \/>\n<meta property=\"og:title\" content=\"Concejo deliberante de General Pico aprob\u00f3 cambios al contenido de ex\u00e1menes para carnet de conducir - Diario Textual\" \/>\n<meta property=\"og:description\" content=\"Por unanimidad, concejales de General Pico aprobaron un proyecto que deroga la ordenanza N\u00b0 99\/17 y actualiza el cuadernillo de contenidos para el examen te\u00f3rico y el material de estudio&hellip;\" \/>\n<meta property=\"og:url\" content=\"https:\/\/diariotextual.com\/inicio\/index.php\/2026\/09\/03\/concejo-deliberante-de-general-pico-aprobo-cambios-al-contenido-de-examenes-para-carnet-de-conducir\/\" \/>\n<meta property=\"og:site_name\" content=\"Diario Textual\" \/>\n<meta property=\"article:publisher\" content=\"https:\/\/www.facebook.com\/eltextual\" \/>\n<meta property=\"article:published_time\" content=\"2026-09-03T22:19:34+00:00\" \/>\n<meta property=\"article:modified_time\" content=\"2026-09-03T23:39:15+00:00\" \/>\n<meta property=\"og:image\" content=\"https:\/\/diariotextual.com\/inicio\/wp-content\/uploads\/2026\/09\/concejodeliberantepicosesionseptiembre2026.jpeg\" \/>\n\t<meta property=\"og:image:width\" content=\"900\" \/>\n\t<meta property=\"og:image:height\" content=\"519\" \/>\n\t<meta property=\"og:image:type\" content=\"image\/jpeg\" \/>\n<meta name=\"author\" content=\"diario3\" \/>\n<meta name=\"twitter:card\" content=\"summary_large_image\" \/>\n<meta name=\"twitter:creator\" content=\"@eltextual\" \/>\n<meta name=\"twitter:site\" content=\"@eltextual\" \/>\n<meta name=\"twitter:label1\" content=\"Escrito por\" \/>\n\t<meta name=\"twitter:data1\" content=\"diario3\" \/>\n\t<meta name=\"twitter:label2\" content=\"Tiempo de lectura\" \/>\n\t<meta name=\"twitter:data2\" content=\"3 minutos\" \/>\n<script type=\"application\/ld+json\" class=\"yoast-schema-graph\">{\"@context\":\"https:\\\/\\\/schema.org\",\"@graph\":[{\"@type\":\"Article\",\"@id\":\"https:\\\/\\\/diariotextual.com\\\/inicio\\\/index.php\\\/2026\\\/09\\\/03\\\/concejo-deliberante-de-general-pico-aprobo-cambios-al-contenido-de-examenes-para-carnet-de-conducir\\\/#article\",\"isPartOf\":{\"@id\":\"https:\\\/\\\/diariotextual.com\\\/inicio\\\/index.php\\\/2026\\\/09\\\/03\\\/concejo-deliberante-de-general-pico-aprobo-cambios-al-contenido-de-examenes-para-carnet-de-conducir\\\/\"},\"author\":{\"name\":\"diario3\",\"@id\":\"https:\\\/\\\/diariotextual.com\\\/inicio\\\/#\\\/schema\\\/person\\\/a1b6f563e0ee944c60f98119389a4d9f\"},\"headline\":\"Concejo deliberante de General Pico aprob\u00f3 cambios al contenido de ex\u00e1menes para carnet de conducir\",\"datePublished\":\"2026-09-03T22:19:34+00:00\",\"dateModified\":\"2026-09-03T23:39:15+00:00\",\"mainEntityOfPage\":{\"@id\":\"https:\\\/\\\/diariotextual.com\\\/inicio\\\/index.php\\\/2026\\\/09\\\/03\\\/concejo-deliberante-de-general-pico-aprobo-cambios-al-contenido-de-examenes-para-carnet-de-conducir\\\/\"},\"wordCount\":624,\"publisher\":{\"@id\":\"https:\\\/\\\/diariotextual.com\\\/inicio\\\/#organization\"},\"image\":{\"@id\":\"https:\\\/\\\/diariotextual.com\\\/inicio\\\/index.php\\\/2026\\\/09\\\/03\\\/concejo-deliberante-de-general-pico-aprobo-cambios-al-contenido-de-examenes-para-carnet-de-conducir\\\/#primaryimage\"},\"thumbnailUrl\":\"https:\\\/\\\/diariotextual.com\\\/inicio\\\/wp-content\\\/uploads\\\/2026\\\/09\\\/concejodeliberantepicosesionseptiembre2026.jpeg\",\"articleSection\":[\"A - ES NOTICIA (van abajo)\",\"POLITICA\"],\"inLanguage\":\"es\"},{\"@type\":\"WebPage\",\"@id\":\"https:\\\/\\\/diariotextual.com\\\/inicio\\\/index.php\\\/2026\\\/09\\\/03\\\/concejo-deliberante-de-general-pico-aprobo-cambios-al-contenido-de-examenes-para-carnet-de-conducir\\\/\",\"url\":\"https:\\\/\\\/diariotextual.com\\\/inicio\\\/index.php\\\/2026\\\/09\\\/03\\\/concejo-deliberante-de-general-pico-aprobo-cambios-al-contenido-de-examenes-para-carnet-de-conducir\\\/\",\"name\":\"Concejo deliberante de General Pico aprob\u00f3 cambios al contenido de ex\u00e1menes para carnet de conducir - Diario Textual\",\"isPartOf\":{\"@id\":\"https:\\\/\\\/diariotextual.com\\\/inicio\\\/#website\"},\"primaryImageOfPage\":{\"@id\":\"https:\\\/\\\/diariotextual.com\\\/inicio\\\/index.php\\\/2026\\\/09\\\/03\\\/concejo-deliberante-de-general-pico-aprobo-cambios-al-contenido-de-examenes-para-carnet-de-conducir\\\/#primaryimage\"},\"image\":{\"@id\":\"https:\\\/\\\/diariotextual.com\\\/inicio\\\/index.php\\\/2026\\\/09\\\/03\\\/concejo-deliberante-de-general-pico-aprobo-cambios-al-contenido-de-examenes-para-carnet-de-conducir\\\/#primaryimage\"},\"thumbnailUrl\":\"https:\\\/\\\/diariotextual.com\\\/inicio\\\/wp-content\\\/uploads\\\/2026\\\/09\\\/concejodeliberantepicosesionseptiembre2026.jpeg\",\"datePublished\":\"2026-09-03T22:19:34+00:00\",\"dateModified\":\"2026-09-03T23:39:15+00:00\",\"breadcrumb\":{\"@id\":\"https:\\\/\\\/diariotextual.com\\\/inicio\\\/index.php\\\/2026\\\/09\\\/03\\\/concejo-deliberante-de-general-pico-aprobo-cambios-al-contenido-de-examenes-para-carnet-de-conducir\\\/#breadcrumb\"},\"inLanguage\":\"es\",\"potentialAction\":[{\"@type\":\"ReadAction\",\"target\":[\"https:\\\/\\\/diariotextual.com\\\/inicio\\\/index.php\\\/2026\\\/09\\\/03\\\/concejo-deliberante-de-general-pico-aprobo-cambios-al-contenido-de-examenes-para-carnet-de-conducir\\\/\"]}]},{\"@type\":\"ImageObject\",\"inLanguage\":\"es\",\"@id\":\"https:\\\/\\\/diariotextual.com\\\/inicio\\\/index.php\\\/2026\\\/09\\\/03\\\/concejo-deliberante-de-general-pico-aprobo-cambios-al-contenido-de-examenes-para-carnet-de-conducir\\\/#primaryimage\",\"url\":\"https:\\\/\\\/diariotextual.com\\\/inicio\\\/wp-content\\\/uploads\\\/2026\\\/09\\\/concejodeliberantepicosesionseptiembre2026.jpeg\",\"contentUrl\":\"https:\\\/\\\/diariotextual.com\\\/inicio\\\/wp-content\\\/uploads\\\/2026\\\/09\\\/concejodeliberantepicosesionseptiembre2026.jpeg\",\"width\":900,\"height\":519},{\"@type\":\"BreadcrumbList\",\"@id\":\"https:\\\/\\\/diariotextual.com\\\/inicio\\\/index.php\\\/2026\\\/09\\\/03\\\/concejo-deliberante-de-general-pico-aprobo-cambios-al-contenido-de-examenes-para-carnet-de-conducir\\\/#breadcrumb\",\"itemListElement\":[{\"@type\":\"ListItem\",\"position\":1,\"name\":\"Portada\",\"item\":\"https:\\\/\\\/diariotextual.com\\\/inicio\\\/\"},{\"@type\":\"ListItem\",\"position\":2,\"name\":\"Concejo deliberante de General Pico aprob\u00f3 cambios al contenido de ex\u00e1menes para carnet de conducir\"}]},{\"@type\":\"WebSite\",\"@id\":\"https:\\\/\\\/diariotextual.com\\\/inicio\\\/#website\",\"url\":\"https:\\\/\\\/diariotextual.com\\\/inicio\\\/\",\"name\":\"Diario Textual\",\"description\":\"\",\"publisher\":{\"@id\":\"https:\\\/\\\/diariotextual.com\\\/inicio\\\/#organization\"},\"potentialAction\":[{\"@type\":\"SearchAction\",\"target\":{\"@type\":\"EntryPoint\",\"urlTemplate\":\"https:\\\/\\\/diariotextual.com\\\/inicio\\\/?s={search_term_string}\"},\"query-input\":{\"@type\":\"PropertyValueSpecification\",\"valueRequired\":true,\"valueName\":\"search_term_string\"}}],\"inLanguage\":\"es\"},{\"@type\":\"Organization\",\"@id\":\"https:\\\/\\\/diariotextual.com\\\/inicio\\\/#organization\",\"name\":\"Diario Textual\",\"url\":\"https:\\\/\\\/diariotextual.com\\\/inicio\\\/\",\"logo\":{\"@type\":\"ImageObject\",\"inLanguage\":\"es\",\"@id\":\"https:\\\/\\\/diariotextual.com\\\/inicio\\\/#\\\/schema\\\/logo\\\/image\\\/\",\"url\":\"https:\\\/\\\/diariotextual.com\\\/inicio\\\/wp-content\\\/uploads\\\/2023\\\/05\\\/logotextual1.jpg\",\"contentUrl\":\"https:\\\/\\\/diariotextual.com\\\/inicio\\\/wp-content\\\/uploads\\\/2023\\\/05\\\/logotextual1.jpg\",\"width\":516,\"height\":76,\"caption\":\"Diario Textual\"},\"image\":{\"@id\":\"https:\\\/\\\/diariotextual.com\\\/inicio\\\/#\\\/schema\\\/logo\\\/image\\\/\"},\"sameAs\":[\"https:\\\/\\\/www.facebook.com\\\/eltextual\",\"https:\\\/\\\/x.com\\\/eltextual\",\"http:\\\/\\\/www.instagram.com\\\/eltextual\"]},{\"@type\":\"Person\",\"@id\":\"https:\\\/\\\/diariotextual.com\\\/inicio\\\/#\\\/schema\\\/person\\\/a1b6f563e0ee944c60f98119389a4d9f\",\"name\":\"diario3\",\"image\":{\"@type\":\"ImageObject\",\"inLanguage\":\"es\",\"@id\":\"https:\\\/\\\/secure.gravatar.com\\\/avatar\\\/5e7ee62c82fc04d9dd79d746a390d93c69c43223e5faeeb3ea9461ef752bfc5d?s=96&d=mm&r=g\",\"url\":\"https:\\\/\\\/secure.gravatar.com\\\/avatar\\\/5e7ee62c82fc04d9dd79d746a390d93c69c43223e5faeeb3ea9461ef752bfc5d?s=96&d=mm&r=g\",\"contentUrl\":\"https:\\\/\\\/secure.gravatar.com\\\/avatar\\\/5e7ee62c82fc04d9dd79d746a390d93c69c43223e5faeeb3ea9461ef752bfc5d?s=96&d=mm&r=g\",\"caption\":\"diario3\"},\"url\":\"https:\\\/\\\/diariotextual.com\\\/inicio\\\/index.php\\\/author\\\/diario3\\\/\"}]}<\/script>\n<!-- \/ Yoast SEO plugin. -->","yoast_head_json":{"title":"Concejo deliberante de General Pico aprob\u00f3 cambios al contenido de ex\u00e1menes para carnet de conducir - Diario Textual","robots":{"index":"index","follow":"follow","max-snippet":"max-snippet:-1","max-image-preview":"max-image-preview:large","max-video-preview":"max-video-preview:-1"},"canonical":"https:\/\/diariotextual.com\/inicio\/index.php\/2026\/09\/03\/concejo-deliberante-de-general-pico-aprobo-cambios-al-contenido-de-examenes-para-carnet-de-conducir\/","og_locale":"es_ES","og_type":"article","og_title":"Concejo deliberante de General Pico aprob\u00f3 cambios al contenido de ex\u00e1menes para carnet de conducir - Diario Textual","og_description":"Por unanimidad, concejales de General Pico aprobaron un proyecto que deroga la ordenanza N\u00b0 99\/17 y actualiza el cuadernillo de contenidos para el examen te\u00f3rico y el material de estudio&hellip;","og_url":"https:\/\/diariotextual.com\/inicio\/index.php\/2026\/09\/03\/concejo-deliberante-de-general-pico-aprobo-cambios-al-contenido-de-examenes-para-carnet-de-conducir\/","og_site_name":"Diario Textual","article_publisher":"https:\/\/www.facebook.com\/eltextual","article_published_time":"2026-09-03T22:19:34+00:00","article_modified_time":"2026-09-03T23:39:15+00:00","og_image":[{"width":900,"height":519,"url":"https:\/\/diariotextual.com\/inicio\/wp-content\/uploads\/2026\/09\/concejodeliberantepicosesionseptiembre2026.jpeg","type":"image\/jpeg"}],"author":"diario3","twitter_card":"summary_large_image","twitter_creator":"@eltextual","twitter_site":"@eltextual","twitter_misc":{"Escrito por":"diario3","Tiempo de lectura":"3 minutos"},"schema":{"@context":"https:\/\/schema.org","@graph":[{"@type":"Article","@id":"https:\/\/diariotextual.com\/inicio\/index.php\/2026\/09\/03\/concejo-deliberante-de-general-pico-aprobo-cambios-al-contenido-de-examenes-para-carnet-de-conducir\/#article","isPartOf":{"@id":"https:\/\/diariotextual.com\/inicio\/index.php\/2026\/09\/03\/concejo-deliberante-de-general-pico-aprobo-cambios-al-contenido-de-examenes-para-carnet-de-conducir\/"},"author":{"name":"diario3","@id":"https:\/\/diariotextual.com\/inicio\/#\/schema\/person\/a1b6f563e0ee944c60f98119389a4d9f"},"headline":"Concejo deliberante de General Pico aprob\u00f3 cambios al contenido de ex\u00e1menes para carnet de conducir","datePublished":"2026-09-03T22:19:34+00:00","dateModified":"2026-09-03T23:39:15+00:00","mainEntityOfPage":{"@id":"https:\/\/diariotextual.com\/inicio\/index.php\/2026\/09\/03\/concejo-deliberante-de-general-pico-aprobo-cambios-al-contenido-de-examenes-para-carnet-de-conducir\/"},"wordCount":624,"publisher":{"@id":"https:\/\/diariotextual.com\/inicio\/#organization"},"image":{"@id":"https:\/\/diariotextual.com\/inicio\/index.php\/2026\/09\/03\/concejo-deliberante-de-general-pico-aprobo-cambios-al-contenido-de-examenes-para-carnet-de-conducir\/#primaryimage"},"thumbnailUrl":"https:\/\/diariotextual.com\/inicio\/wp-content\/uploads\/2026\/09\/concejodeliberantepicosesionseptiembre2026.jpeg","articleSection":["A - ES NOTICIA (van abajo)","POLITICA"],"inLanguage":"es"},{"@type":"WebPage","@id":"https:\/\/diariotextual.com\/inicio\/index.php\/2026\/09\/03\/concejo-deliberante-de-general-pico-aprobo-cambios-al-contenido-de-examenes-para-carnet-de-conducir\/","url":"https:\/\/diariotextual.com\/inicio\/index.php\/2026\/09\/03\/concejo-deliberante-de-general-pico-aprobo-cambios-al-contenido-de-examenes-para-carnet-de-conducir\/","name":"Concejo deliberante de General Pico aprob\u00f3 cambios al contenido de ex\u00e1menes para carnet de conducir - Diario Textual","isPartOf":{"@id":"https:\/\/diariotextual.com\/inicio\/#website"},"primaryImageOfPage":{"@id":"https:\/\/diariotextual.com\/inicio\/index.php\/2026\/09\/03\/concejo-deliberante-de-general-pico-aprobo-cambios-al-contenido-de-examenes-para-carnet-de-conducir\/#primaryimage"},"image":{"@id":"https:\/\/diariotextual.com\/inicio\/index.php\/2026\/09\/03\/concejo-deliberante-de-general-pico-aprobo-cambios-al-contenido-de-examenes-para-carnet-de-conducir\/#primaryimage"},"thumbnailUrl":"https:\/\/diariotextual.com\/inicio\/wp-content\/uploads\/2026\/09\/concejodeliberantepicosesionseptiembre2026.jpeg","datePublished":"2026-09-03T22:19:34+00:00","dateModified":"2026-09-03T23:39:15+00:00","breadcrumb":{"@id":"https:\/\/diariotextual.com\/inicio\/index.php\/2026\/09\/03\/concejo-deliberante-de-general-pico-aprobo-cambios-al-contenido-de-examenes-para-carnet-de-conducir\/#breadcrumb"},"inLanguage":"es","potentialAction":[{"@type":"ReadAction","target":["https:\/\/diariotextual.com\/inicio\/index.php\/2026\/09\/03\/concejo-deliberante-de-general-pico-aprobo-cambios-al-contenido-de-examenes-para-carnet-de-conducir\/"]}]},{"@type":"ImageObject","inLanguage":"es","@id":"https:\/\/diariotextual.com\/inicio\/index.php\/2026\/09\/03\/concejo-deliberante-de-general-pico-aprobo-cambios-al-contenido-de-examenes-para-carnet-de-conducir\/#primaryimage","url":"https:\/\/diariotextual.com\/inicio\/wp-content\/uploads\/2026\/09\/concejodeliberantepicosesionseptiembre2026.jpeg","contentUrl":"https:\/\/diariotextual.com\/inicio\/wp-content\/uploads\/2026\/09\/concejodeliberantepicosesionseptiembre2026.jpeg","width":900,"height":519},{"@type":"BreadcrumbList","@id":"https:\/\/diariotextual.com\/inicio\/index.php\/2026\/09\/03\/concejo-deliberante-de-general-pico-aprobo-cambios-al-contenido-de-examenes-para-carnet-de-conducir\/#breadcrumb","itemListElement":[{"@type":"ListItem","position":1,"name":"Portada","item":"https:\/\/diariotextual.com\/inicio\/"},{"@type":"ListItem","position":2,"name":"Concejo deliberante de General Pico aprob\u00f3 cambios al contenido de ex\u00e1menes para carnet de conducir"}]},{"@type":"WebSite","@id":"https:\/\/diariotextual.com\/inicio\/#website","url":"https:\/\/diariotextual.com\/inicio\/","name":"Diario Textual","description":"","publisher":{"@id":"https:\/\/diariotextual.com\/inicio\/#organization"},"potentialAction":[{"@type":"SearchAction","target":{"@type":"EntryPoint","urlTemplate":"https:\/\/diariotextual.com\/inicio\/?s={search_term_string}"},"query-input":{"@type":"PropertyValueSpecification","valueRequired":true,"valueName":"search_term_string"}}],"inLanguage":"es"},{"@type":"Organization","@id":"https:\/\/diariotextual.com\/inicio\/#organization","name":"Diario Textual","url":"https:\/\/diariotextual.com\/inicio\/","logo":{"@type":"ImageObject","inLanguage":"es","@id":"https:\/\/diariotextual.com\/inicio\/#\/schema\/logo\/image\/","url":"https:\/\/diariotextual.com\/inicio\/wp-content\/uploads\/2023\/05\/logotextual1.jpg","contentUrl":"https:\/\/diariotextual.com\/inicio\/wp-content\/uploads\/2023\/05\/logotextual1.jpg","width":516,"height":76,"caption":"Diario Textual"},"image":{"@id":"https:\/\/diariotextual.com\/inicio\/#\/schema\/logo\/image\/"},"sameAs":["https:\/\/www.facebook.com\/eltextual","https:\/\/x.com\/eltextual","http:\/\/www.instagram.com\/eltextual"]},{"@type":"Person","@id":"https:\/\/diariotextual.com\/inicio\/#\/schema\/person\/a1b6f563e0ee944c60f98119389a4d9f","name":"diario3","image":{"@type":"ImageObject","inLanguage":"es","@id":"https:\/\/secure.gravatar.com\/avatar\/5e7ee62c82fc04d9dd79d746a390d93c69c43223e5faeeb3ea9461ef752bfc5d?s=96&d=mm&r=g","url":"https:\/\/secure.gravatar.com\/avatar\/5e7ee62c82fc04d9dd79d746a390d93c69c43223e5faeeb3ea9461ef752bfc5d?s=96&d=mm&r=g","contentUrl":"https:\/\/secure.gravatar.com\/avatar\/5e7ee62c82fc04d9dd79d746a390d93c69c43223e5faeeb3ea9461ef752bfc5d?s=96&d=mm&r=g","caption":"diario3"},"url":"https:\/\/diariotextual.com\/inicio\/index.php\/author\/diario3\/"}]}},"_links":{"self":[{"href":"https:\/\/diariotextual.com\/inicio\/index.php\/wp-json\/wp\/v2\/posts\/334454","targetHints":{"allow":["GET"]}}],"collection":[{"href":"https:\/\/diariotextual.com\/inicio\/index.php\/wp-json\/wp\/v2\/posts"}],"about":[{"href":"https:\/\/diariotextual.com\/inicio\/index.php\/wp-json\/wp\/v2\/types\/post"}],"author":[{"embeddable":true,"href":"https:\/\/diariotextual.com\/inicio\/index.php\/wp-json\/wp\/v2\/users\/5"}],"replies":[{"embeddable":true,"href":"https:\/\/diariotextual.com\/inicio\/index.php\/wp-json\/wp\/v2\/comments?post=334454"}],"version-history":[{"count":1,"href":"https:\/\/diariotextual.com\/inicio\/index.php\/wp-json\/wp\/v2\/posts\/334454\/revisions"}],"predecessor-version":[{"id":334456,"href":"https:\/\/diariotextual.com\/inicio\/index.php\/wp-json\/wp\/v2\/posts\/334454\/revisions\/334456"}],"wp:featuredmedia":[{"embeddable":true,"href":"https:\/\/diariotextual.com\/inicio\/index.php\/wp-json\/wp\/v2\/media\/334455"}],"wp:attachment":[{"href":"https:\/\/diariotextual.com\/inicio\/index.php\/wp-json\/wp\/v2\/media?parent=334454"}],"wp:term":[{"taxonomy":"category","embeddable":true,"href":"https:\/\/diariotextual.com\/inicio\/index.php\/wp-json\/wp\/v2\/categories?post=334454"},{"taxonomy":"post_tag","embeddable":true,"href":"https:\/\/diariotextual.com\/inicio\/index.php\/wp-json\/wp\/v2\/tags?post=334454"}],"curies":[{"name":"wp","href":"https:\/\/api.w.org\/{rel}","templated":true}]}}