{"id":334457,"date":"2026-09-03T19:31:43","date_gmt":"2026-09-03T22:31:43","guid":{"rendered":"https:\/\/diariotextual.com\/inicio\/?p=334457"},"modified":"2026-09-03T19:31:45","modified_gmt":"2026-09-03T22:31:45","slug":"concejales-de-la-ucr-de-santa-rosa-proponen-que-se-publique-en-la-web-las-habilitaciones-comerciales","status":"publish","type":"post","link":"https:\/\/diariotextual.com\/inicio\/index.php\/2026\/09\/03\/concejales-de-la-ucr-de-santa-rosa-proponen-que-se-publique-en-la-web-las-habilitaciones-comerciales\/","title":{"rendered":"Concejales de la UCR de Santa Rosa proponen que se publique en la web las habilitaciones comerciales"},"content":{"rendered":"\n<p class=\"wp-block-paragraph\">En la comisi\u00f3n Administrativa y Reglamentaciones del concejo deliberante de Santa Rosa, los ediles de la Uni\u00f3n C\u00edvica Radical presentaron un <strong>proyecto de ordenanza para publicar en la p\u00e1gina web municipal las habilitaciones comerciales.<\/strong><\/p>\n\n\n\n<p class=\"wp-block-paragraph\">La propuesta surgi\u00f3 a partir de las <strong>reiteradas dudas y conflictos relacionados con el funcionamiento de locales nocturnos<\/strong> y de las dificultades que encuentran los vecinos para conocer si cuentan con habilitaci\u00f3n, bajo qu\u00e9 rubro funcionan y cu\u00e1les son las condiciones y los horarios autorizados, argumentaron los concejales Romina Paci, Diego Camargo y Luj\u00e1n Mazzucco.<\/p>\n\n\n\n<p class=\"wp-block-paragraph\">Y agregaron que a partir de esta iniciativa, se <strong>propuso dar publicidad a las habilitaciones correspondientes a todos los rubros<\/strong> comerciales.<\/p>\n\n\n\n<p class=\"wp-block-paragraph\">\u201cEl proyecto busca que<strong> los vecinos puedan consultar de manera sencilla qu\u00e9 establecimientos se encuentran habilitados<\/strong>, su ubicaci\u00f3n, el rubro autorizado y la vigencia de cada permiso, adem\u00e1s de modernizar la publicidad de estos actos administrativos y fortalecer la transparencia y el control ciudadano\u201d, explicaron los ediles del radicalismo.<\/p>\n\n\n\n<p class=\"wp-block-paragraph\">Tambi\u00e9n presentaron una iniciativa para que <strong>las personas con discapacidad puedan acreditar la eximici\u00f3n del estacionamiento <\/strong>medido mediante la simple exhibici\u00f3n del S\u00edmbolo Internacional de Acceso, sin necesidad de realizar tr\u00e1mites municipales adicionales.<\/p>\n\n\n\n<p class=\"wp-block-paragraph\">La iniciativa surgi\u00f3 a partir de casos de personas provenientes de otras localidades que recibieron multas pese a contar con esta certificaci\u00f3n, cuya validez, vigencia y patente asociada pueden verificarse mediante un c\u00f3digo QR.<\/p>\n\n\n\n<p class=\"wp-block-paragraph\">Y en la comisi\u00f3n de Planeamiento, Obras y Servicios P\u00fablicos, se plante\u00f3 la<strong> situaci\u00f3n vial de la intersecci\u00f3n de avenida Antonio Felice y Juana Azurduy.<\/strong> El proyecto de la UCR solicita un relevamiento t\u00e9cnico integral y la <strong>adopci\u00f3n de medidas para ordenar la circulaci\u00f3n y mejorar la seguridad<\/strong>, ante el incremento del tr\u00e1nsito generado por las recientes obras de pavimentaci\u00f3n ejecutadas por el Gobierno provincial.<\/p>\n\n\n\n<p class=\"wp-block-paragraph\">Tambi\u00e9n se trat\u00f3 el proyecto de ordenanza para implementar un<strong> \u201cCaudal\u00edmetro P\u00fablico\u201d en la p\u00e1gina oficial del Municipio<\/strong>, que permita conocer <strong>en tiempo real cu\u00e1nta agua recibe Santa Rosa desde el Acueducto del R\u00edo Colorado<\/strong>, cu\u00e1nto aportan las fuentes locales y qu\u00e9 pozos se encuentran funcionando. La iniciativa apunta a brindar informaci\u00f3n p\u00fablica, objetiva y verificable sobre el abastecimiento de agua de la ciudad, detallaron los concejales santarrose\u00f1os.<\/p>\n","protected":false},"excerpt":{"rendered":"<p>En la comisi\u00f3n Administrativa y Reglamentaciones del concejo deliberante de Santa Rosa, los ediles de la Uni\u00f3n C\u00edvica Radical presentaron un proyecto de ordenanza para publicar en la p\u00e1gina web&hellip;<\/p>\n","protected":false},"author":5,"featured_media":276670,"comment_status":"closed","ping_status":"open","sticky":false,"template":"","format":"standard","meta":{"_acf_changed":false,"footnotes":""},"categories":[4,12],"tags":[],"class_list":["post-334457","post","type-post","status-publish","format-standard","has-post-thumbnail","hentry","category-destacadas","category-sociedad"],"acf":[],"yoast_head":"<!-- This site is optimized with the Yoast SEO plugin v28.4 - https:\/\/yoast.com\/product\/yoast-seo-wordpress\/ -->\n<title>Concejales de la UCR de Santa Rosa proponen que se publique en la web las habilitaciones comerciales - Diario Textual<\/title>\n<meta name=\"robots\" content=\"index, follow, max-snippet:-1, max-image-preview:large, max-video-preview:-1\" \/>\n<link rel=\"canonical\" href=\"https:\/\/diariotextual.com\/inicio\/index.php\/2026\/09\/03\/concejales-de-la-ucr-de-santa-rosa-proponen-que-se-publique-en-la-web-las-habilitaciones-comerciales\/\" \/>\n<meta property=\"og:locale\" content=\"es_ES\" \/>\n<meta property=\"og:type\" content=\"article\" \/>\n<meta property=\"og:title\" content=\"Concejales de la UCR de Santa Rosa proponen que se publique en la web las habilitaciones comerciales - Diario Textual\" \/>\n<meta property=\"og:description\" content=\"En la comisi\u00f3n Administrativa y Reglamentaciones del concejo deliberante de Santa Rosa, los ediles de la Uni\u00f3n C\u00edvica Radical presentaron un proyecto de ordenanza para publicar en la p\u00e1gina web&hellip;\" \/>\n<meta property=\"og:url\" content=\"https:\/\/diariotextual.com\/inicio\/index.php\/2026\/09\/03\/concejales-de-la-ucr-de-santa-rosa-proponen-que-se-publique-en-la-web-las-habilitaciones-comerciales\/\" \/>\n<meta property=\"og:site_name\" content=\"Diario Textual\" \/>\n<meta property=\"article:publisher\" content=\"https:\/\/www.facebook.com\/eltextual\" \/>\n<meta property=\"article:published_time\" content=\"2026-09-03T22:31:43+00:00\" \/>\n<meta property=\"article:modified_time\" content=\"2026-09-03T22:31:45+00:00\" \/>\n<meta property=\"og:image\" content=\"https:\/\/diariotextual.com\/inicio\/wp-content\/uploads\/2024\/10\/empleadocomercio2024.webp\" \/>\n\t<meta property=\"og:image:width\" content=\"1024\" \/>\n\t<meta property=\"og:image:height\" content=\"671\" \/>\n\t<meta property=\"og:image:type\" content=\"image\/webp\" \/>\n<meta name=\"author\" content=\"diario3\" \/>\n<meta name=\"twitter:card\" content=\"summary_large_image\" \/>\n<meta name=\"twitter:creator\" content=\"@eltextual\" \/>\n<meta name=\"twitter:site\" content=\"@eltextual\" \/>\n<meta name=\"twitter:label1\" content=\"Escrito por\" \/>\n\t<meta name=\"twitter:data1\" content=\"diario3\" \/>\n\t<meta name=\"twitter:label2\" content=\"Tiempo de lectura\" \/>\n\t<meta name=\"twitter:data2\" content=\"2 minutos\" \/>\n<script type=\"application\/ld+json\" class=\"yoast-schema-graph\">{\"@context\":\"https:\\\/\\\/schema.org\",\"@graph\":[{\"@type\":\"Article\",\"@id\":\"https:\\\/\\\/diariotextual.com\\\/inicio\\\/index.php\\\/2026\\\/09\\\/03\\\/concejales-de-la-ucr-de-santa-rosa-proponen-que-se-publique-en-la-web-las-habilitaciones-comerciales\\\/#article\",\"isPartOf\":{\"@id\":\"https:\\\/\\\/diariotextual.com\\\/inicio\\\/index.php\\\/2026\\\/09\\\/03\\\/concejales-de-la-ucr-de-santa-rosa-proponen-que-se-publique-en-la-web-las-habilitaciones-comerciales\\\/\"},\"author\":{\"name\":\"diario3\",\"@id\":\"https:\\\/\\\/diariotextual.com\\\/inicio\\\/#\\\/schema\\\/person\\\/a1b6f563e0ee944c60f98119389a4d9f\"},\"headline\":\"Concejales de la UCR de Santa Rosa proponen que se publique en la web las habilitaciones comerciales\",\"datePublished\":\"2026-09-03T22:31:43+00:00\",\"dateModified\":\"2026-09-03T22:31:45+00:00\",\"mainEntityOfPage\":{\"@id\":\"https:\\\/\\\/diariotextual.com\\\/inicio\\\/index.php\\\/2026\\\/09\\\/03\\\/concejales-de-la-ucr-de-santa-rosa-proponen-que-se-publique-en-la-web-las-habilitaciones-comerciales\\\/\"},\"wordCount\":411,\"publisher\":{\"@id\":\"https:\\\/\\\/diariotextual.com\\\/inicio\\\/#organization\"},\"image\":{\"@id\":\"https:\\\/\\\/diariotextual.com\\\/inicio\\\/index.php\\\/2026\\\/09\\\/03\\\/concejales-de-la-ucr-de-santa-rosa-proponen-que-se-publique-en-la-web-las-habilitaciones-comerciales\\\/#primaryimage\"},\"thumbnailUrl\":\"https:\\\/\\\/diariotextual.com\\\/inicio\\\/wp-content\\\/uploads\\\/2024\\\/10\\\/empleadocomercio2024.webp\",\"articleSection\":[\"A - DESTACADAS (mod 16)\",\"SOCIEDAD\"],\"inLanguage\":\"es\"},{\"@type\":\"WebPage\",\"@id\":\"https:\\\/\\\/diariotextual.com\\\/inicio\\\/index.php\\\/2026\\\/09\\\/03\\\/concejales-de-la-ucr-de-santa-rosa-proponen-que-se-publique-en-la-web-las-habilitaciones-comerciales\\\/\",\"url\":\"https:\\\/\\\/diariotextual.com\\\/inicio\\\/index.php\\\/2026\\\/09\\\/03\\\/concejales-de-la-ucr-de-santa-rosa-proponen-que-se-publique-en-la-web-las-habilitaciones-comerciales\\\/\",\"name\":\"Concejales de la UCR de Santa Rosa proponen que se publique en la web las habilitaciones comerciales - Diario Textual\",\"isPartOf\":{\"@id\":\"https:\\\/\\\/diariotextual.com\\\/inicio\\\/#website\"},\"primaryImageOfPage\":{\"@id\":\"https:\\\/\\\/diariotextual.com\\\/inicio\\\/index.php\\\/2026\\\/09\\\/03\\\/concejales-de-la-ucr-de-santa-rosa-proponen-que-se-publique-en-la-web-las-habilitaciones-comerciales\\\/#primaryimage\"},\"image\":{\"@id\":\"https:\\\/\\\/diariotextual.com\\\/inicio\\\/index.php\\\/2026\\\/09\\\/03\\\/concejales-de-la-ucr-de-santa-rosa-proponen-que-se-publique-en-la-web-las-habilitaciones-comerciales\\\/#primaryimage\"},\"thumbnailUrl\":\"https:\\\/\\\/diariotextual.com\\\/inicio\\\/wp-content\\\/uploads\\\/2024\\\/10\\\/empleadocomercio2024.webp\",\"datePublished\":\"2026-09-03T22:31:43+00:00\",\"dateModified\":\"2026-09-03T22:31:45+00:00\",\"breadcrumb\":{\"@id\":\"https:\\\/\\\/diariotextual.com\\\/inicio\\\/index.php\\\/2026\\\/09\\\/03\\\/concejales-de-la-ucr-de-santa-rosa-proponen-que-se-publique-en-la-web-las-habilitaciones-comerciales\\\/#breadcrumb\"},\"inLanguage\":\"es\",\"potentialAction\":[{\"@type\":\"ReadAction\",\"target\":[\"https:\\\/\\\/diariotextual.com\\\/inicio\\\/index.php\\\/2026\\\/09\\\/03\\\/concejales-de-la-ucr-de-santa-rosa-proponen-que-se-publique-en-la-web-las-habilitaciones-comerciales\\\/\"]}]},{\"@type\":\"ImageObject\",\"inLanguage\":\"es\",\"@id\":\"https:\\\/\\\/diariotextual.com\\\/inicio\\\/index.php\\\/2026\\\/09\\\/03\\\/concejales-de-la-ucr-de-santa-rosa-proponen-que-se-publique-en-la-web-las-habilitaciones-comerciales\\\/#primaryimage\",\"url\":\"https:\\\/\\\/diariotextual.com\\\/inicio\\\/wp-content\\\/uploads\\\/2024\\\/10\\\/empleadocomercio2024.webp\",\"contentUrl\":\"https:\\\/\\\/diariotextual.com\\\/inicio\\\/wp-content\\\/uploads\\\/2024\\\/10\\\/empleadocomercio2024.webp\",\"width\":1024,\"height\":671},{\"@type\":\"BreadcrumbList\",\"@id\":\"https:\\\/\\\/diariotextual.com\\\/inicio\\\/index.php\\\/2026\\\/09\\\/03\\\/concejales-de-la-ucr-de-santa-rosa-proponen-que-se-publique-en-la-web-las-habilitaciones-comerciales\\\/#breadcrumb\",\"itemListElement\":[{\"@type\":\"ListItem\",\"position\":1,\"name\":\"Portada\",\"item\":\"https:\\\/\\\/diariotextual.com\\\/inicio\\\/\"},{\"@type\":\"ListItem\",\"position\":2,\"name\":\"Concejales de la UCR de Santa Rosa proponen que se publique en la web las habilitaciones comerciales\"}]},{\"@type\":\"WebSite\",\"@id\":\"https:\\\/\\\/diariotextual.com\\\/inicio\\\/#website\",\"url\":\"https:\\\/\\\/diariotextual.com\\\/inicio\\\/\",\"name\":\"Diario Textual\",\"description\":\"\",\"publisher\":{\"@id\":\"https:\\\/\\\/diariotextual.com\\\/inicio\\\/#organization\"},\"potentialAction\":[{\"@type\":\"SearchAction\",\"target\":{\"@type\":\"EntryPoint\",\"urlTemplate\":\"https:\\\/\\\/diariotextual.com\\\/inicio\\\/?s={search_term_string}\"},\"query-input\":{\"@type\":\"PropertyValueSpecification\",\"valueRequired\":true,\"valueName\":\"search_term_string\"}}],\"inLanguage\":\"es\"},{\"@type\":\"Organization\",\"@id\":\"https:\\\/\\\/diariotextual.com\\\/inicio\\\/#organization\",\"name\":\"Diario Textual\",\"url\":\"https:\\\/\\\/diariotextual.com\\\/inicio\\\/\",\"logo\":{\"@type\":\"ImageObject\",\"inLanguage\":\"es\",\"@id\":\"https:\\\/\\\/diariotextual.com\\\/inicio\\\/#\\\/schema\\\/logo\\\/image\\\/\",\"url\":\"https:\\\/\\\/diariotextual.com\\\/inicio\\\/wp-content\\\/uploads\\\/2023\\\/05\\\/logotextual1.jpg\",\"contentUrl\":\"https:\\\/\\\/diariotextual.com\\\/inicio\\\/wp-content\\\/uploads\\\/2023\\\/05\\\/logotextual1.jpg\",\"width\":516,\"height\":76,\"caption\":\"Diario Textual\"},\"image\":{\"@id\":\"https:\\\/\\\/diariotextual.com\\\/inicio\\\/#\\\/schema\\\/logo\\\/image\\\/\"},\"sameAs\":[\"https:\\\/\\\/www.facebook.com\\\/eltextual\",\"https:\\\/\\\/x.com\\\/eltextual\",\"http:\\\/\\\/www.instagram.com\\\/eltextual\"]},{\"@type\":\"Person\",\"@id\":\"https:\\\/\\\/diariotextual.com\\\/inicio\\\/#\\\/schema\\\/person\\\/a1b6f563e0ee944c60f98119389a4d9f\",\"name\":\"diario3\",\"image\":{\"@type\":\"ImageObject\",\"inLanguage\":\"es\",\"@id\":\"https:\\\/\\\/secure.gravatar.com\\\/avatar\\\/5e7ee62c82fc04d9dd79d746a390d93c69c43223e5faeeb3ea9461ef752bfc5d?s=96&d=mm&r=g\",\"url\":\"https:\\\/\\\/secure.gravatar.com\\\/avatar\\\/5e7ee62c82fc04d9dd79d746a390d93c69c43223e5faeeb3ea9461ef752bfc5d?s=96&d=mm&r=g\",\"contentUrl\":\"https:\\\/\\\/secure.gravatar.com\\\/avatar\\\/5e7ee62c82fc04d9dd79d746a390d93c69c43223e5faeeb3ea9461ef752bfc5d?s=96&d=mm&r=g\",\"caption\":\"diario3\"},\"url\":\"https:\\\/\\\/diariotextual.com\\\/inicio\\\/index.php\\\/author\\\/diario3\\\/\"}]}<\/script>\n<!-- \/ Yoast SEO plugin. -->","yoast_head_json":{"title":"Concejales de la UCR de Santa Rosa proponen que se publique en la web las habilitaciones comerciales - Diario Textual","robots":{"index":"index","follow":"follow","max-snippet":"max-snippet:-1","max-image-preview":"max-image-preview:large","max-video-preview":"max-video-preview:-1"},"canonical":"https:\/\/diariotextual.com\/inicio\/index.php\/2026\/09\/03\/concejales-de-la-ucr-de-santa-rosa-proponen-que-se-publique-en-la-web-las-habilitaciones-comerciales\/","og_locale":"es_ES","og_type":"article","og_title":"Concejales de la UCR de Santa Rosa proponen que se publique en la web las habilitaciones comerciales - Diario Textual","og_description":"En la comisi\u00f3n Administrativa y Reglamentaciones del concejo deliberante de Santa Rosa, los ediles de la Uni\u00f3n C\u00edvica Radical presentaron un proyecto de ordenanza para publicar en la p\u00e1gina web&hellip;","og_url":"https:\/\/diariotextual.com\/inicio\/index.php\/2026\/09\/03\/concejales-de-la-ucr-de-santa-rosa-proponen-que-se-publique-en-la-web-las-habilitaciones-comerciales\/","og_site_name":"Diario Textual","article_publisher":"https:\/\/www.facebook.com\/eltextual","article_published_time":"2026-09-03T22:31:43+00:00","article_modified_time":"2026-09-03T22:31:45+00:00","og_image":[{"width":1024,"height":671,"url":"https:\/\/diariotextual.com\/inicio\/wp-content\/uploads\/2024\/10\/empleadocomercio2024.webp","type":"image\/webp"}],"author":"diario3","twitter_card":"summary_large_image","twitter_creator":"@eltextual","twitter_site":"@eltextual","twitter_misc":{"Escrito por":"diario3","Tiempo de lectura":"2 minutos"},"schema":{"@context":"https:\/\/schema.org","@graph":[{"@type":"Article","@id":"https:\/\/diariotextual.com\/inicio\/index.php\/2026\/09\/03\/concejales-de-la-ucr-de-santa-rosa-proponen-que-se-publique-en-la-web-las-habilitaciones-comerciales\/#article","isPartOf":{"@id":"https:\/\/diariotextual.com\/inicio\/index.php\/2026\/09\/03\/concejales-de-la-ucr-de-santa-rosa-proponen-que-se-publique-en-la-web-las-habilitaciones-comerciales\/"},"author":{"name":"diario3","@id":"https:\/\/diariotextual.com\/inicio\/#\/schema\/person\/a1b6f563e0ee944c60f98119389a4d9f"},"headline":"Concejales de la UCR de Santa Rosa proponen que se publique en la web las habilitaciones comerciales","datePublished":"2026-09-03T22:31:43+00:00","dateModified":"2026-09-03T22:31:45+00:00","mainEntityOfPage":{"@id":"https:\/\/diariotextual.com\/inicio\/index.php\/2026\/09\/03\/concejales-de-la-ucr-de-santa-rosa-proponen-que-se-publique-en-la-web-las-habilitaciones-comerciales\/"},"wordCount":411,"publisher":{"@id":"https:\/\/diariotextual.com\/inicio\/#organization"},"image":{"@id":"https:\/\/diariotextual.com\/inicio\/index.php\/2026\/09\/03\/concejales-de-la-ucr-de-santa-rosa-proponen-que-se-publique-en-la-web-las-habilitaciones-comerciales\/#primaryimage"},"thumbnailUrl":"https:\/\/diariotextual.com\/inicio\/wp-content\/uploads\/2024\/10\/empleadocomercio2024.webp","articleSection":["A - DESTACADAS (mod 16)","SOCIEDAD"],"inLanguage":"es"},{"@type":"WebPage","@id":"https:\/\/diariotextual.com\/inicio\/index.php\/2026\/09\/03\/concejales-de-la-ucr-de-santa-rosa-proponen-que-se-publique-en-la-web-las-habilitaciones-comerciales\/","url":"https:\/\/diariotextual.com\/inicio\/index.php\/2026\/09\/03\/concejales-de-la-ucr-de-santa-rosa-proponen-que-se-publique-en-la-web-las-habilitaciones-comerciales\/","name":"Concejales de la UCR de Santa Rosa proponen que se publique en la web las habilitaciones comerciales - Diario Textual","isPartOf":{"@id":"https:\/\/diariotextual.com\/inicio\/#website"},"primaryImageOfPage":{"@id":"https:\/\/diariotextual.com\/inicio\/index.php\/2026\/09\/03\/concejales-de-la-ucr-de-santa-rosa-proponen-que-se-publique-en-la-web-las-habilitaciones-comerciales\/#primaryimage"},"image":{"@id":"https:\/\/diariotextual.com\/inicio\/index.php\/2026\/09\/03\/concejales-de-la-ucr-de-santa-rosa-proponen-que-se-publique-en-la-web-las-habilitaciones-comerciales\/#primaryimage"},"thumbnailUrl":"https:\/\/diariotextual.com\/inicio\/wp-content\/uploads\/2024\/10\/empleadocomercio2024.webp","datePublished":"2026-09-03T22:31:43+00:00","dateModified":"2026-09-03T22:31:45+00:00","breadcrumb":{"@id":"https:\/\/diariotextual.com\/inicio\/index.php\/2026\/09\/03\/concejales-de-la-ucr-de-santa-rosa-proponen-que-se-publique-en-la-web-las-habilitaciones-comerciales\/#breadcrumb"},"inLanguage":"es","potentialAction":[{"@type":"ReadAction","target":["https:\/\/diariotextual.com\/inicio\/index.php\/2026\/09\/03\/concejales-de-la-ucr-de-santa-rosa-proponen-que-se-publique-en-la-web-las-habilitaciones-comerciales\/"]}]},{"@type":"ImageObject","inLanguage":"es","@id":"https:\/\/diariotextual.com\/inicio\/index.php\/2026\/09\/03\/concejales-de-la-ucr-de-santa-rosa-proponen-que-se-publique-en-la-web-las-habilitaciones-comerciales\/#primaryimage","url":"https:\/\/diariotextual.com\/inicio\/wp-content\/uploads\/2024\/10\/empleadocomercio2024.webp","contentUrl":"https:\/\/diariotextual.com\/inicio\/wp-content\/uploads\/2024\/10\/empleadocomercio2024.webp","width":1024,"height":671},{"@type":"BreadcrumbList","@id":"https:\/\/diariotextual.com\/inicio\/index.php\/2026\/09\/03\/concejales-de-la-ucr-de-santa-rosa-proponen-que-se-publique-en-la-web-las-habilitaciones-comerciales\/#breadcrumb","itemListElement":[{"@type":"ListItem","position":1,"name":"Portada","item":"https:\/\/diariotextual.com\/inicio\/"},{"@type":"ListItem","position":2,"name":"Concejales de la UCR de Santa Rosa proponen que se publique en la web las habilitaciones comerciales"}]},{"@type":"WebSite","@id":"https:\/\/diariotextual.com\/inicio\/#website","url":"https:\/\/diariotextual.com\/inicio\/","name":"Diario Textual","description":"","publisher":{"@id":"https:\/\/diariotextual.com\/inicio\/#organization"},"potentialAction":[{"@type":"SearchAction","target":{"@type":"EntryPoint","urlTemplate":"https:\/\/diariotextual.com\/inicio\/?s={search_term_string}"},"query-input":{"@type":"PropertyValueSpecification","valueRequired":true,"valueName":"search_term_string"}}],"inLanguage":"es"},{"@type":"Organization","@id":"https:\/\/diariotextual.com\/inicio\/#organization","name":"Diario Textual","url":"https:\/\/diariotextual.com\/inicio\/","logo":{"@type":"ImageObject","inLanguage":"es","@id":"https:\/\/diariotextual.com\/inicio\/#\/schema\/logo\/image\/","url":"https:\/\/diariotextual.com\/inicio\/wp-content\/uploads\/2023\/05\/logotextual1.jpg","contentUrl":"https:\/\/diariotextual.com\/inicio\/wp-content\/uploads\/2023\/05\/logotextual1.jpg","width":516,"height":76,"caption":"Diario Textual"},"image":{"@id":"https:\/\/diariotextual.com\/inicio\/#\/schema\/logo\/image\/"},"sameAs":["https:\/\/www.facebook.com\/eltextual","https:\/\/x.com\/eltextual","http:\/\/www.instagram.com\/eltextual"]},{"@type":"Person","@id":"https:\/\/diariotextual.com\/inicio\/#\/schema\/person\/a1b6f563e0ee944c60f98119389a4d9f","name":"diario3","image":{"@type":"ImageObject","inLanguage":"es","@id":"https:\/\/secure.gravatar.com\/avatar\/5e7ee62c82fc04d9dd79d746a390d93c69c43223e5faeeb3ea9461ef752bfc5d?s=96&d=mm&r=g","url":"https:\/\/secure.gravatar.com\/avatar\/5e7ee62c82fc04d9dd79d746a390d93c69c43223e5faeeb3ea9461ef752bfc5d?s=96&d=mm&r=g","contentUrl":"https:\/\/secure.gravatar.com\/avatar\/5e7ee62c82fc04d9dd79d746a390d93c69c43223e5faeeb3ea9461ef752bfc5d?s=96&d=mm&r=g","caption":"diario3"},"url":"https:\/\/diariotextual.com\/inicio\/index.php\/author\/diario3\/"}]}},"_links":{"self":[{"href":"https:\/\/diariotextual.com\/inicio\/index.php\/wp-json\/wp\/v2\/posts\/334457","targetHints":{"allow":["GET"]}}],"collection":[{"href":"https:\/\/diariotextual.com\/inicio\/index.php\/wp-json\/wp\/v2\/posts"}],"about":[{"href":"https:\/\/diariotextual.com\/inicio\/index.php\/wp-json\/wp\/v2\/types\/post"}],"author":[{"embeddable":true,"href":"https:\/\/diariotextual.com\/inicio\/index.php\/wp-json\/wp\/v2\/users\/5"}],"replies":[{"embeddable":true,"href":"https:\/\/diariotextual.com\/inicio\/index.php\/wp-json\/wp\/v2\/comments?post=334457"}],"version-history":[{"count":1,"href":"https:\/\/diariotextual.com\/inicio\/index.php\/wp-json\/wp\/v2\/posts\/334457\/revisions"}],"predecessor-version":[{"id":334458,"href":"https:\/\/diariotextual.com\/inicio\/index.php\/wp-json\/wp\/v2\/posts\/334457\/revisions\/334458"}],"wp:featuredmedia":[{"embeddable":true,"href":"https:\/\/diariotextual.com\/inicio\/index.php\/wp-json\/wp\/v2\/media\/276670"}],"wp:attachment":[{"href":"https:\/\/diariotextual.com\/inicio\/index.php\/wp-json\/wp\/v2\/media?parent=334457"}],"wp:term":[{"taxonomy":"category","embeddable":true,"href":"https:\/\/diariotextual.com\/inicio\/index.php\/wp-json\/wp\/v2\/categories?post=334457"},{"taxonomy":"post_tag","embeddable":true,"href":"https:\/\/diariotextual.com\/inicio\/index.php\/wp-json\/wp\/v2\/tags?post=334457"}],"curies":[{"name":"wp","href":"https:\/\/api.w.org\/{rel}","templated":true}]}}