{"id":334459,"date":"2026-09-03T19:34:34","date_gmt":"2026-09-03T22:34:34","guid":{"rendered":"https:\/\/diariotextual.com\/inicio\/?p=334459"},"modified":"2026-09-03T21:27:25","modified_gmt":"2026-09-04T00:27:25","slug":"ziliotto-creo-el-campus-de-salud-un-polo-sanitario-y-academico-estrategico-para-la-pampa","status":"publish","type":"post","link":"https:\/\/diariotextual.com\/inicio\/index.php\/2026\/09\/03\/ziliotto-creo-el-campus-de-salud-un-polo-sanitario-y-academico-estrategico-para-la-pampa\/","title":{"rendered":"Ziliotto cre\u00f3 el Campus de Salud, un polo sanitario y acad\u00e9mico estrat\u00e9gico para La Pampa"},"content":{"rendered":"\n<p class=\"wp-block-paragraph\"><strong>El Gobierno provincial formaliz\u00f3 la creaci\u00f3n del Campus de Salud de La Pampa, un esquema que busca integrar hospitales, diagn\u00f3stico, atenci\u00f3n de alta complejidad, formaci\u00f3n e investigaci\u00f3n en un mismo espacio.<\/strong> El gobernador <strong>Sergio Ziliotto<\/strong> firm\u00f3 el decreto que establece oficialmente su conformaci\u00f3n, con la integraci\u00f3n del <strong>Hospital de Complejidad Creciente<\/strong> <strong>Ren\u00e9 Favaloro, el Hospital Lucio Molas y el Centro Regional Radio Oncol\u00f3gico<\/strong>. El proyecto se completar\u00e1 con la futura sede de la <strong>Facultad de Ciencias de la Salud de la Universidad Nacional de La Pampa<\/strong>.<\/p>\n\n\n\n<p class=\"wp-block-paragraph\">La creaci\u00f3n del Campus de Salud constituye un nuevo paso en la pol\u00edtica de fortalecimiento del sistema sanitario pampeano y consolida una concepci\u00f3n de la salud p\u00fablica que articula asistencia, diagn\u00f3stico, alta complejidad, formaci\u00f3n, investigaci\u00f3n y desarrollo profesional.<\/p>\n\n\n\n<p class=\"wp-block-paragraph\">La decisi\u00f3n del gobernador <strong>Sergio Ziliotto<\/strong> formaliza una estrategia que la Provincia viene desarrollando desde hace a\u00f1os y que tiene como objetivo concentrar capacidades sanitarias y acad\u00e9micas para mejorar la atenci\u00f3n de la poblaci\u00f3n y, al mismo tiempo, formar en La Pampa a los profesionales que el propio sistema de salud necesita.<\/p>\n\n\n\n<p class=\"wp-block-paragraph\">El campus tendr\u00e1 como uno de sus principales componentes al <strong>Hospital de Complejidad Creciente Dr. Ren\u00e9 Favaloro<\/strong>, un establecimiento de alta capacidad resolutiva que ampli\u00f3 sustancialmente las posibilidades de atenci\u00f3n de la salud p\u00fablica pampeana y que, dentro de este nuevo esquema, profundizar\u00e1 tambi\u00e9n su perfil como \u00e1mbito de formaci\u00f3n y residencia de profesionales.<\/p>\n\n\n\n<p class=\"wp-block-paragraph\">La incorporaci\u00f3n del Favaloro al campus permite vincular directamente la atenci\u00f3n de patolog\u00edas de mayor complejidad con la formaci\u00f3n de quienes tendr\u00e1n a su cargo el sistema sanitario en los pr\u00f3ximos a\u00f1os.<\/p>\n\n\n\n<div style=\"height:100px\" aria-hidden=\"true\" class=\"wp-block-spacer\"><\/div>\n\n\n\n<p class=\"wp-block-paragraph\"><strong>El Molas, diagn\u00f3stico y articulaci\u00f3n asistencial<\/strong><\/p>\n\n\n\n<p class=\"wp-block-paragraph\">El <strong>Hospital Lucio Molas<\/strong> constituye otro de los pilares del Campus. En el proceso de refuncionalizaci\u00f3n del establecimiento se concentra una parte significativa de las prestaciones vinculadas al diagn\u00f3stico y a la atenci\u00f3n ambulatoria, complementando las capacidades del Favaloro.<\/p>\n\n\n\n<p class=\"wp-block-paragraph\">La proximidad f\u00edsica entre ambos hospitales permite avanzar hacia una mayor integraci\u00f3n de servicios y optimizar la utilizaci\u00f3n de infraestructura, equipamiento y recursos humanos especializados.<\/p>\n\n\n\n<p class=\"wp-block-paragraph\">La l\u00f3gica es la de un sistema que funciona en red: cada establecimiento aporta sus capacidades espec\u00edficas y, al mismo tiempo, se complementa con los dem\u00e1s para brindar una respuesta integral a las necesidades de la poblaci\u00f3n.<\/p>\n\n\n\n<div style=\"height:100px\" aria-hidden=\"true\" class=\"wp-block-spacer\"><\/div>\n\n\n\n<p class=\"wp-block-paragraph\"><strong>Una respuesta de alta complejidad para la regi\u00f3n<\/strong><\/p>\n\n\n\n<p class=\"wp-block-paragraph\">A este entramado se suma el <strong>Centro Regional Radio Oncol\u00f3gico de La Pampa<\/strong>, que incorpor\u00f3 a la provincia capacidad propia para el tratamiento de patolog\u00edas oncol\u00f3gicas y constituye una infraestructura sanitaria estrat\u00e9gica no solamente para las y los pampeanos sino tambi\u00e9n para pacientes de la regi\u00f3n.<\/p>\n\n\n\n<p class=\"wp-block-paragraph\">La puesta en funcionamiento de este centro signific\u00f3 otro avance en el objetivo de reducir la necesidad de trasladar pacientes fuera de la provincia para acceder a tratamientos de alta complejidad.<\/p>\n\n\n\n<p class=\"wp-block-paragraph\">De esta manera, el Campus concentra en un \u00e1rea reducida capacidades que abarcan desde el diagn\u00f3stico y la atenci\u00f3n hospitalaria hasta tratamientos especializados, conformando un polo sanitario de referencia.<\/p>\n\n\n\n<div style=\"height:100px\" aria-hidden=\"true\" class=\"wp-block-spacer\"><\/div>\n\n\n\n<p class=\"wp-block-paragraph\"><strong>La universidad se incorpora al sistema de salud<\/strong><\/p>\n\n\n\n<p class=\"wp-block-paragraph\">El proyecto adquiere una dimensi\u00f3n a\u00fan mayor con la incorporaci\u00f3n de la <strong>Facultad de Ciencias de la Salud de la Universidad Nacional de La Pampa<\/strong>.<\/p>\n\n\n\n<p class=\"wp-block-paragraph\">La Provincia cedi\u00f3 a la universidad un terreno de m\u00e1s de <strong>8.500 metros cuadrados<\/strong>, ubicado estrat\u00e9gicamente entre los hospitales Ren\u00e9 Favaloro y Lucio Molas y lindante con el Centro Oncol\u00f3gico. La Legislatura aprob\u00f3 por unanimidad esa transferencia y la Universidad ya avanza con la construcci\u00f3n de su nuevo edificio.<\/p>\n\n\n\n<p class=\"wp-block-paragraph\">El emplazamiento no es casual. La cercan\u00eda entre la Facultad y los establecimientos sanitarios permitir\u00e1 que la formaci\u00f3n universitaria tenga un v\u00ednculo permanente con la pr\u00e1ctica asistencial.<\/p>\n\n\n\n<p class=\"wp-block-paragraph\">El objetivo es avanzar hacia una formaci\u00f3n situada, en la que estudiantes y profesionales puedan aprender en contacto directo con la realidad cotidiana del sistema de salud.<\/p>\n\n\n\n<p class=\"wp-block-paragraph\">En ese sentido, la futura Facultad contar\u00e1 con espacios destinados a aulas, simulaci\u00f3n, auditorio, formaci\u00f3n e investigaci\u00f3n, complementando la infraestructura sanitaria existente.<\/p>\n\n\n\n<div style=\"height:100px\" aria-hidden=\"true\" class=\"wp-block-spacer\"><\/div>\n\n\n\n<p class=\"wp-block-paragraph\"><strong>Formar profesionales para las necesidades de La Pampa<\/strong><\/p>\n\n\n\n<p class=\"wp-block-paragraph\">Uno de los principales objetivos estrat\u00e9gicos del Campus ser\u00e1 contribuir a resolver uno de los desaf\u00edos m\u00e1s importantes que enfrentan los sistemas sanitarios: la disponibilidad y radicaci\u00f3n de profesionales.<\/p>\n\n\n\n<p class=\"wp-block-paragraph\">La proximidad entre la Facultad, los hospitales y los centros especializados permitir\u00e1 fortalecer las residencias y las pr\u00e1cticas profesionales y generar un \u00e1mbito donde la formaci\u00f3n est\u00e9 directamente vinculada con las necesidades concretas de la provincia.<\/p>\n\n\n\n<p class=\"wp-block-paragraph\">La idea hab\u00eda sido planteada por el Gobierno provincial al impulsar la creaci\u00f3n del espacio universitario: que la Facultad pueda formarse en contacto permanente con los hospitales y que, a la vez, los establecimientos sanitarios se beneficien con profesionales que conozcan desde su etapa de formaci\u00f3n la realidad del sistema pampeano.<\/p>\n\n\n\n<p class=\"wp-block-paragraph\">No se trata solamente de formar m\u00e9dicos y profesionales de la salud, sino de generar capacidades propias, desarrollar conocimiento y favorecer que quienes se forman en La Pampa tengan mayores posibilidades de desarrollar aqu\u00ed su trayectoria profesional.<\/p>\n\n\n\n<div style=\"height:100px\" aria-hidden=\"true\" class=\"wp-block-spacer\"><\/div>\n\n\n\n<p class=\"wp-block-paragraph\"><strong>Salud, conocimiento y soberan\u00eda sanitaria<\/strong><\/p>\n\n\n\n<p class=\"wp-block-paragraph\">La creaci\u00f3n formal del Campus de Salud representa, en este sentido, una pol\u00edtica de Estado que trasciende la construcci\u00f3n o refuncionalizaci\u00f3n de edificios.<\/p>\n\n\n\n<p class=\"wp-block-paragraph\">El concepto re\u00fane en un mismo espacio capacidades que hasta ahora pod\u00edan observarse de manera separada: hospitales de alta complejidad, diagn\u00f3stico, tratamientos oncol\u00f3gicos, residencias, formaci\u00f3n universitaria, simulaci\u00f3n, investigaci\u00f3n y desarrollo profesional.<\/p>\n\n\n\n<p class=\"wp-block-paragraph\">La articulaci\u00f3n de estas \u00e1reas permitir\u00e1 potenciar los recursos existentes y generar nuevas oportunidades para el sistema p\u00fablico de salud.<\/p>\n\n\n\n<p class=\"wp-block-paragraph\">El Campus se proyecta como un \u00e1mbito donde se atiende, se diagnostica, se trata, se ense\u00f1a, se investiga y se forman los profesionales que necesita la provincia.<\/p>\n\n\n\n<p class=\"wp-block-paragraph\">Para el Gobierno provincial, la decisi\u00f3n de consolidarlo expresa adem\u00e1s una definici\u00f3n estrat\u00e9gica: frente a las dificultades para acceder a determinadas prestaciones fuera de La Pampa y a la necesidad permanente de contar con recursos humanos especializados, la respuesta es fortalecer las capacidades propias.<\/p>\n\n\n\n<p class=\"wp-block-paragraph\"><\/p>\n","protected":false},"excerpt":{"rendered":"<p>El Gobierno provincial formaliz\u00f3 la creaci\u00f3n del Campus de Salud de La Pampa, un esquema que busca integrar hospitales, diagn\u00f3stico, atenci\u00f3n de alta complejidad, formaci\u00f3n e investigaci\u00f3n en un mismo&hellip;<\/p>\n","protected":false},"author":3,"featured_media":334466,"comment_status":"closed","ping_status":"open","sticky":false,"template":"","format":"standard","meta":{"_acf_changed":false,"footnotes":""},"categories":[4,12],"tags":[],"class_list":["post-334459","post","type-post","status-publish","format-standard","has-post-thumbnail","hentry","category-destacadas","category-sociedad"],"acf":[],"yoast_head":"<!-- This site is optimized with the Yoast SEO plugin v28.4 - https:\/\/yoast.com\/product\/yoast-seo-wordpress\/ -->\n<title>Ziliotto cre\u00f3 el Campus de Salud, un polo sanitario y acad\u00e9mico estrat\u00e9gico para La Pampa - Diario Textual<\/title>\n<meta name=\"robots\" content=\"index, follow, max-snippet:-1, max-image-preview:large, max-video-preview:-1\" \/>\n<link rel=\"canonical\" href=\"https:\/\/diariotextual.com\/inicio\/index.php\/2026\/09\/03\/ziliotto-creo-el-campus-de-salud-un-polo-sanitario-y-academico-estrategico-para-la-pampa\/\" \/>\n<meta property=\"og:locale\" content=\"es_ES\" \/>\n<meta property=\"og:type\" content=\"article\" \/>\n<meta property=\"og:title\" content=\"Ziliotto cre\u00f3 el Campus de Salud, un polo sanitario y acad\u00e9mico estrat\u00e9gico para La Pampa - Diario Textual\" \/>\n<meta property=\"og:description\" content=\"El Gobierno provincial formaliz\u00f3 la creaci\u00f3n del Campus de Salud de La Pampa, un esquema que busca integrar hospitales, diagn\u00f3stico, atenci\u00f3n de alta complejidad, formaci\u00f3n e investigaci\u00f3n en un mismo&hellip;\" \/>\n<meta property=\"og:url\" content=\"https:\/\/diariotextual.com\/inicio\/index.php\/2026\/09\/03\/ziliotto-creo-el-campus-de-salud-un-polo-sanitario-y-academico-estrategico-para-la-pampa\/\" \/>\n<meta property=\"og:site_name\" content=\"Diario Textual\" \/>\n<meta property=\"article:publisher\" content=\"https:\/\/www.facebook.com\/eltextual\" \/>\n<meta property=\"article:published_time\" content=\"2026-09-03T22:34:34+00:00\" \/>\n<meta property=\"article:modified_time\" content=\"2026-09-04T00:27:25+00:00\" \/>\n<meta property=\"og:image\" content=\"https:\/\/diariotextual.com\/inicio\/wp-content\/uploads\/2026\/09\/campusdesaludhospitalfavalorocentroradiooncologicomolasfacultaddesaludfacultadsalud2026-2.jpg\" \/>\n\t<meta property=\"og:image:width\" content=\"1300\" \/>\n\t<meta property=\"og:image:height\" content=\"813\" \/>\n\t<meta property=\"og:image:type\" content=\"image\/jpeg\" \/>\n<meta name=\"author\" content=\"Diario1 Diario1\" \/>\n<meta name=\"twitter:card\" content=\"summary_large_image\" \/>\n<meta name=\"twitter:creator\" content=\"@eltextual\" \/>\n<meta name=\"twitter:site\" content=\"@eltextual\" \/>\n<meta name=\"twitter:label1\" content=\"Escrito por\" \/>\n\t<meta name=\"twitter:data1\" content=\"Diario1 Diario1\" \/>\n\t<meta name=\"twitter:label2\" content=\"Tiempo de lectura\" \/>\n\t<meta name=\"twitter:data2\" content=\"5 minutos\" \/>\n<script type=\"application\/ld+json\" class=\"yoast-schema-graph\">{\"@context\":\"https:\\\/\\\/schema.org\",\"@graph\":[{\"@type\":\"Article\",\"@id\":\"https:\\\/\\\/diariotextual.com\\\/inicio\\\/index.php\\\/2026\\\/09\\\/03\\\/ziliotto-creo-el-campus-de-salud-un-polo-sanitario-y-academico-estrategico-para-la-pampa\\\/#article\",\"isPartOf\":{\"@id\":\"https:\\\/\\\/diariotextual.com\\\/inicio\\\/index.php\\\/2026\\\/09\\\/03\\\/ziliotto-creo-el-campus-de-salud-un-polo-sanitario-y-academico-estrategico-para-la-pampa\\\/\"},\"author\":{\"name\":\"Diario1 Diario1\",\"@id\":\"https:\\\/\\\/diariotextual.com\\\/inicio\\\/#\\\/schema\\\/person\\\/418fc4093c33e86ed41562db3508f958\"},\"headline\":\"Ziliotto cre\u00f3 el Campus de Salud, un polo sanitario y acad\u00e9mico estrat\u00e9gico para La Pampa\",\"datePublished\":\"2026-09-03T22:34:34+00:00\",\"dateModified\":\"2026-09-04T00:27:25+00:00\",\"mainEntityOfPage\":{\"@id\":\"https:\\\/\\\/diariotextual.com\\\/inicio\\\/index.php\\\/2026\\\/09\\\/03\\\/ziliotto-creo-el-campus-de-salud-un-polo-sanitario-y-academico-estrategico-para-la-pampa\\\/\"},\"wordCount\":1064,\"publisher\":{\"@id\":\"https:\\\/\\\/diariotextual.com\\\/inicio\\\/#organization\"},\"image\":{\"@id\":\"https:\\\/\\\/diariotextual.com\\\/inicio\\\/index.php\\\/2026\\\/09\\\/03\\\/ziliotto-creo-el-campus-de-salud-un-polo-sanitario-y-academico-estrategico-para-la-pampa\\\/#primaryimage\"},\"thumbnailUrl\":\"https:\\\/\\\/diariotextual.com\\\/inicio\\\/wp-content\\\/uploads\\\/2026\\\/09\\\/campusdesaludhospitalfavalorocentroradiooncologicomolasfacultaddesaludfacultadsalud2026-2.jpg\",\"articleSection\":[\"A - DESTACADAS (mod 16)\",\"SOCIEDAD\"],\"inLanguage\":\"es\"},{\"@type\":\"WebPage\",\"@id\":\"https:\\\/\\\/diariotextual.com\\\/inicio\\\/index.php\\\/2026\\\/09\\\/03\\\/ziliotto-creo-el-campus-de-salud-un-polo-sanitario-y-academico-estrategico-para-la-pampa\\\/\",\"url\":\"https:\\\/\\\/diariotextual.com\\\/inicio\\\/index.php\\\/2026\\\/09\\\/03\\\/ziliotto-creo-el-campus-de-salud-un-polo-sanitario-y-academico-estrategico-para-la-pampa\\\/\",\"name\":\"Ziliotto cre\u00f3 el Campus de Salud, un polo sanitario y acad\u00e9mico estrat\u00e9gico para La Pampa - Diario Textual\",\"isPartOf\":{\"@id\":\"https:\\\/\\\/diariotextual.com\\\/inicio\\\/#website\"},\"primaryImageOfPage\":{\"@id\":\"https:\\\/\\\/diariotextual.com\\\/inicio\\\/index.php\\\/2026\\\/09\\\/03\\\/ziliotto-creo-el-campus-de-salud-un-polo-sanitario-y-academico-estrategico-para-la-pampa\\\/#primaryimage\"},\"image\":{\"@id\":\"https:\\\/\\\/diariotextual.com\\\/inicio\\\/index.php\\\/2026\\\/09\\\/03\\\/ziliotto-creo-el-campus-de-salud-un-polo-sanitario-y-academico-estrategico-para-la-pampa\\\/#primaryimage\"},\"thumbnailUrl\":\"https:\\\/\\\/diariotextual.com\\\/inicio\\\/wp-content\\\/uploads\\\/2026\\\/09\\\/campusdesaludhospitalfavalorocentroradiooncologicomolasfacultaddesaludfacultadsalud2026-2.jpg\",\"datePublished\":\"2026-09-03T22:34:34+00:00\",\"dateModified\":\"2026-09-04T00:27:25+00:00\",\"breadcrumb\":{\"@id\":\"https:\\\/\\\/diariotextual.com\\\/inicio\\\/index.php\\\/2026\\\/09\\\/03\\\/ziliotto-creo-el-campus-de-salud-un-polo-sanitario-y-academico-estrategico-para-la-pampa\\\/#breadcrumb\"},\"inLanguage\":\"es\",\"potentialAction\":[{\"@type\":\"ReadAction\",\"target\":[\"https:\\\/\\\/diariotextual.com\\\/inicio\\\/index.php\\\/2026\\\/09\\\/03\\\/ziliotto-creo-el-campus-de-salud-un-polo-sanitario-y-academico-estrategico-para-la-pampa\\\/\"]}]},{\"@type\":\"ImageObject\",\"inLanguage\":\"es\",\"@id\":\"https:\\\/\\\/diariotextual.com\\\/inicio\\\/index.php\\\/2026\\\/09\\\/03\\\/ziliotto-creo-el-campus-de-salud-un-polo-sanitario-y-academico-estrategico-para-la-pampa\\\/#primaryimage\",\"url\":\"https:\\\/\\\/diariotextual.com\\\/inicio\\\/wp-content\\\/uploads\\\/2026\\\/09\\\/campusdesaludhospitalfavalorocentroradiooncologicomolasfacultaddesaludfacultadsalud2026-2.jpg\",\"contentUrl\":\"https:\\\/\\\/diariotextual.com\\\/inicio\\\/wp-content\\\/uploads\\\/2026\\\/09\\\/campusdesaludhospitalfavalorocentroradiooncologicomolasfacultaddesaludfacultadsalud2026-2.jpg\",\"width\":1300,\"height\":813},{\"@type\":\"BreadcrumbList\",\"@id\":\"https:\\\/\\\/diariotextual.com\\\/inicio\\\/index.php\\\/2026\\\/09\\\/03\\\/ziliotto-creo-el-campus-de-salud-un-polo-sanitario-y-academico-estrategico-para-la-pampa\\\/#breadcrumb\",\"itemListElement\":[{\"@type\":\"ListItem\",\"position\":1,\"name\":\"Portada\",\"item\":\"https:\\\/\\\/diariotextual.com\\\/inicio\\\/\"},{\"@type\":\"ListItem\",\"position\":2,\"name\":\"Ziliotto cre\u00f3 el Campus de Salud, un polo sanitario y acad\u00e9mico estrat\u00e9gico para La Pampa\"}]},{\"@type\":\"WebSite\",\"@id\":\"https:\\\/\\\/diariotextual.com\\\/inicio\\\/#website\",\"url\":\"https:\\\/\\\/diariotextual.com\\\/inicio\\\/\",\"name\":\"Diario Textual\",\"description\":\"\",\"publisher\":{\"@id\":\"https:\\\/\\\/diariotextual.com\\\/inicio\\\/#organization\"},\"potentialAction\":[{\"@type\":\"SearchAction\",\"target\":{\"@type\":\"EntryPoint\",\"urlTemplate\":\"https:\\\/\\\/diariotextual.com\\\/inicio\\\/?s={search_term_string}\"},\"query-input\":{\"@type\":\"PropertyValueSpecification\",\"valueRequired\":true,\"valueName\":\"search_term_string\"}}],\"inLanguage\":\"es\"},{\"@type\":\"Organization\",\"@id\":\"https:\\\/\\\/diariotextual.com\\\/inicio\\\/#organization\",\"name\":\"Diario Textual\",\"url\":\"https:\\\/\\\/diariotextual.com\\\/inicio\\\/\",\"logo\":{\"@type\":\"ImageObject\",\"inLanguage\":\"es\",\"@id\":\"https:\\\/\\\/diariotextual.com\\\/inicio\\\/#\\\/schema\\\/logo\\\/image\\\/\",\"url\":\"https:\\\/\\\/diariotextual.com\\\/inicio\\\/wp-content\\\/uploads\\\/2023\\\/05\\\/logotextual1.jpg\",\"contentUrl\":\"https:\\\/\\\/diariotextual.com\\\/inicio\\\/wp-content\\\/uploads\\\/2023\\\/05\\\/logotextual1.jpg\",\"width\":516,\"height\":76,\"caption\":\"Diario Textual\"},\"image\":{\"@id\":\"https:\\\/\\\/diariotextual.com\\\/inicio\\\/#\\\/schema\\\/logo\\\/image\\\/\"},\"sameAs\":[\"https:\\\/\\\/www.facebook.com\\\/eltextual\",\"https:\\\/\\\/x.com\\\/eltextual\",\"http:\\\/\\\/www.instagram.com\\\/eltextual\"]},{\"@type\":\"Person\",\"@id\":\"https:\\\/\\\/diariotextual.com\\\/inicio\\\/#\\\/schema\\\/person\\\/418fc4093c33e86ed41562db3508f958\",\"name\":\"Diario1 Diario1\",\"image\":{\"@type\":\"ImageObject\",\"inLanguage\":\"es\",\"@id\":\"https:\\\/\\\/secure.gravatar.com\\\/avatar\\\/9167d280179c85bc18be67aa7eda765854300033af4896dd779b608640f2ef7a?s=96&d=mm&r=g\",\"url\":\"https:\\\/\\\/secure.gravatar.com\\\/avatar\\\/9167d280179c85bc18be67aa7eda765854300033af4896dd779b608640f2ef7a?s=96&d=mm&r=g\",\"contentUrl\":\"https:\\\/\\\/secure.gravatar.com\\\/avatar\\\/9167d280179c85bc18be67aa7eda765854300033af4896dd779b608640f2ef7a?s=96&d=mm&r=g\",\"caption\":\"Diario1 Diario1\"},\"url\":\"https:\\\/\\\/diariotextual.com\\\/inicio\\\/index.php\\\/author\\\/diario1\\\/\"}]}<\/script>\n<!-- \/ Yoast SEO plugin. -->","yoast_head_json":{"title":"Ziliotto cre\u00f3 el Campus de Salud, un polo sanitario y acad\u00e9mico estrat\u00e9gico para La Pampa - Diario Textual","robots":{"index":"index","follow":"follow","max-snippet":"max-snippet:-1","max-image-preview":"max-image-preview:large","max-video-preview":"max-video-preview:-1"},"canonical":"https:\/\/diariotextual.com\/inicio\/index.php\/2026\/09\/03\/ziliotto-creo-el-campus-de-salud-un-polo-sanitario-y-academico-estrategico-para-la-pampa\/","og_locale":"es_ES","og_type":"article","og_title":"Ziliotto cre\u00f3 el Campus de Salud, un polo sanitario y acad\u00e9mico estrat\u00e9gico para La Pampa - Diario Textual","og_description":"El Gobierno provincial formaliz\u00f3 la creaci\u00f3n del Campus de Salud de La Pampa, un esquema que busca integrar hospitales, diagn\u00f3stico, atenci\u00f3n de alta complejidad, formaci\u00f3n e investigaci\u00f3n en un mismo&hellip;","og_url":"https:\/\/diariotextual.com\/inicio\/index.php\/2026\/09\/03\/ziliotto-creo-el-campus-de-salud-un-polo-sanitario-y-academico-estrategico-para-la-pampa\/","og_site_name":"Diario Textual","article_publisher":"https:\/\/www.facebook.com\/eltextual","article_published_time":"2026-09-03T22:34:34+00:00","article_modified_time":"2026-09-04T00:27:25+00:00","og_image":[{"width":1300,"height":813,"url":"https:\/\/diariotextual.com\/inicio\/wp-content\/uploads\/2026\/09\/campusdesaludhospitalfavalorocentroradiooncologicomolasfacultaddesaludfacultadsalud2026-2.jpg","type":"image\/jpeg"}],"author":"Diario1 Diario1","twitter_card":"summary_large_image","twitter_creator":"@eltextual","twitter_site":"@eltextual","twitter_misc":{"Escrito por":"Diario1 Diario1","Tiempo de lectura":"5 minutos"},"schema":{"@context":"https:\/\/schema.org","@graph":[{"@type":"Article","@id":"https:\/\/diariotextual.com\/inicio\/index.php\/2026\/09\/03\/ziliotto-creo-el-campus-de-salud-un-polo-sanitario-y-academico-estrategico-para-la-pampa\/#article","isPartOf":{"@id":"https:\/\/diariotextual.com\/inicio\/index.php\/2026\/09\/03\/ziliotto-creo-el-campus-de-salud-un-polo-sanitario-y-academico-estrategico-para-la-pampa\/"},"author":{"name":"Diario1 Diario1","@id":"https:\/\/diariotextual.com\/inicio\/#\/schema\/person\/418fc4093c33e86ed41562db3508f958"},"headline":"Ziliotto cre\u00f3 el Campus de Salud, un polo sanitario y acad\u00e9mico estrat\u00e9gico para La Pampa","datePublished":"2026-09-03T22:34:34+00:00","dateModified":"2026-09-04T00:27:25+00:00","mainEntityOfPage":{"@id":"https:\/\/diariotextual.com\/inicio\/index.php\/2026\/09\/03\/ziliotto-creo-el-campus-de-salud-un-polo-sanitario-y-academico-estrategico-para-la-pampa\/"},"wordCount":1064,"publisher":{"@id":"https:\/\/diariotextual.com\/inicio\/#organization"},"image":{"@id":"https:\/\/diariotextual.com\/inicio\/index.php\/2026\/09\/03\/ziliotto-creo-el-campus-de-salud-un-polo-sanitario-y-academico-estrategico-para-la-pampa\/#primaryimage"},"thumbnailUrl":"https:\/\/diariotextual.com\/inicio\/wp-content\/uploads\/2026\/09\/campusdesaludhospitalfavalorocentroradiooncologicomolasfacultaddesaludfacultadsalud2026-2.jpg","articleSection":["A - DESTACADAS (mod 16)","SOCIEDAD"],"inLanguage":"es"},{"@type":"WebPage","@id":"https:\/\/diariotextual.com\/inicio\/index.php\/2026\/09\/03\/ziliotto-creo-el-campus-de-salud-un-polo-sanitario-y-academico-estrategico-para-la-pampa\/","url":"https:\/\/diariotextual.com\/inicio\/index.php\/2026\/09\/03\/ziliotto-creo-el-campus-de-salud-un-polo-sanitario-y-academico-estrategico-para-la-pampa\/","name":"Ziliotto cre\u00f3 el Campus de Salud, un polo sanitario y acad\u00e9mico estrat\u00e9gico para La Pampa - Diario Textual","isPartOf":{"@id":"https:\/\/diariotextual.com\/inicio\/#website"},"primaryImageOfPage":{"@id":"https:\/\/diariotextual.com\/inicio\/index.php\/2026\/09\/03\/ziliotto-creo-el-campus-de-salud-un-polo-sanitario-y-academico-estrategico-para-la-pampa\/#primaryimage"},"image":{"@id":"https:\/\/diariotextual.com\/inicio\/index.php\/2026\/09\/03\/ziliotto-creo-el-campus-de-salud-un-polo-sanitario-y-academico-estrategico-para-la-pampa\/#primaryimage"},"thumbnailUrl":"https:\/\/diariotextual.com\/inicio\/wp-content\/uploads\/2026\/09\/campusdesaludhospitalfavalorocentroradiooncologicomolasfacultaddesaludfacultadsalud2026-2.jpg","datePublished":"2026-09-03T22:34:34+00:00","dateModified":"2026-09-04T00:27:25+00:00","breadcrumb":{"@id":"https:\/\/diariotextual.com\/inicio\/index.php\/2026\/09\/03\/ziliotto-creo-el-campus-de-salud-un-polo-sanitario-y-academico-estrategico-para-la-pampa\/#breadcrumb"},"inLanguage":"es","potentialAction":[{"@type":"ReadAction","target":["https:\/\/diariotextual.com\/inicio\/index.php\/2026\/09\/03\/ziliotto-creo-el-campus-de-salud-un-polo-sanitario-y-academico-estrategico-para-la-pampa\/"]}]},{"@type":"ImageObject","inLanguage":"es","@id":"https:\/\/diariotextual.com\/inicio\/index.php\/2026\/09\/03\/ziliotto-creo-el-campus-de-salud-un-polo-sanitario-y-academico-estrategico-para-la-pampa\/#primaryimage","url":"https:\/\/diariotextual.com\/inicio\/wp-content\/uploads\/2026\/09\/campusdesaludhospitalfavalorocentroradiooncologicomolasfacultaddesaludfacultadsalud2026-2.jpg","contentUrl":"https:\/\/diariotextual.com\/inicio\/wp-content\/uploads\/2026\/09\/campusdesaludhospitalfavalorocentroradiooncologicomolasfacultaddesaludfacultadsalud2026-2.jpg","width":1300,"height":813},{"@type":"BreadcrumbList","@id":"https:\/\/diariotextual.com\/inicio\/index.php\/2026\/09\/03\/ziliotto-creo-el-campus-de-salud-un-polo-sanitario-y-academico-estrategico-para-la-pampa\/#breadcrumb","itemListElement":[{"@type":"ListItem","position":1,"name":"Portada","item":"https:\/\/diariotextual.com\/inicio\/"},{"@type":"ListItem","position":2,"name":"Ziliotto cre\u00f3 el Campus de Salud, un polo sanitario y acad\u00e9mico estrat\u00e9gico para La Pampa"}]},{"@type":"WebSite","@id":"https:\/\/diariotextual.com\/inicio\/#website","url":"https:\/\/diariotextual.com\/inicio\/","name":"Diario Textual","description":"","publisher":{"@id":"https:\/\/diariotextual.com\/inicio\/#organization"},"potentialAction":[{"@type":"SearchAction","target":{"@type":"EntryPoint","urlTemplate":"https:\/\/diariotextual.com\/inicio\/?s={search_term_string}"},"query-input":{"@type":"PropertyValueSpecification","valueRequired":true,"valueName":"search_term_string"}}],"inLanguage":"es"},{"@type":"Organization","@id":"https:\/\/diariotextual.com\/inicio\/#organization","name":"Diario Textual","url":"https:\/\/diariotextual.com\/inicio\/","logo":{"@type":"ImageObject","inLanguage":"es","@id":"https:\/\/diariotextual.com\/inicio\/#\/schema\/logo\/image\/","url":"https:\/\/diariotextual.com\/inicio\/wp-content\/uploads\/2023\/05\/logotextual1.jpg","contentUrl":"https:\/\/diariotextual.com\/inicio\/wp-content\/uploads\/2023\/05\/logotextual1.jpg","width":516,"height":76,"caption":"Diario Textual"},"image":{"@id":"https:\/\/diariotextual.com\/inicio\/#\/schema\/logo\/image\/"},"sameAs":["https:\/\/www.facebook.com\/eltextual","https:\/\/x.com\/eltextual","http:\/\/www.instagram.com\/eltextual"]},{"@type":"Person","@id":"https:\/\/diariotextual.com\/inicio\/#\/schema\/person\/418fc4093c33e86ed41562db3508f958","name":"Diario1 Diario1","image":{"@type":"ImageObject","inLanguage":"es","@id":"https:\/\/secure.gravatar.com\/avatar\/9167d280179c85bc18be67aa7eda765854300033af4896dd779b608640f2ef7a?s=96&d=mm&r=g","url":"https:\/\/secure.gravatar.com\/avatar\/9167d280179c85bc18be67aa7eda765854300033af4896dd779b608640f2ef7a?s=96&d=mm&r=g","contentUrl":"https:\/\/secure.gravatar.com\/avatar\/9167d280179c85bc18be67aa7eda765854300033af4896dd779b608640f2ef7a?s=96&d=mm&r=g","caption":"Diario1 Diario1"},"url":"https:\/\/diariotextual.com\/inicio\/index.php\/author\/diario1\/"}]}},"_links":{"self":[{"href":"https:\/\/diariotextual.com\/inicio\/index.php\/wp-json\/wp\/v2\/posts\/334459","targetHints":{"allow":["GET"]}}],"collection":[{"href":"https:\/\/diariotextual.com\/inicio\/index.php\/wp-json\/wp\/v2\/posts"}],"about":[{"href":"https:\/\/diariotextual.com\/inicio\/index.php\/wp-json\/wp\/v2\/types\/post"}],"author":[{"embeddable":true,"href":"https:\/\/diariotextual.com\/inicio\/index.php\/wp-json\/wp\/v2\/users\/3"}],"replies":[{"embeddable":true,"href":"https:\/\/diariotextual.com\/inicio\/index.php\/wp-json\/wp\/v2\/comments?post=334459"}],"version-history":[{"count":4,"href":"https:\/\/diariotextual.com\/inicio\/index.php\/wp-json\/wp\/v2\/posts\/334459\/revisions"}],"predecessor-version":[{"id":334465,"href":"https:\/\/diariotextual.com\/inicio\/index.php\/wp-json\/wp\/v2\/posts\/334459\/revisions\/334465"}],"wp:featuredmedia":[{"embeddable":true,"href":"https:\/\/diariotextual.com\/inicio\/index.php\/wp-json\/wp\/v2\/media\/334466"}],"wp:attachment":[{"href":"https:\/\/diariotextual.com\/inicio\/index.php\/wp-json\/wp\/v2\/media?parent=334459"}],"wp:term":[{"taxonomy":"category","embeddable":true,"href":"https:\/\/diariotextual.com\/inicio\/index.php\/wp-json\/wp\/v2\/categories?post=334459"},{"taxonomy":"post_tag","embeddable":true,"href":"https:\/\/diariotextual.com\/inicio\/index.php\/wp-json\/wp\/v2\/tags?post=334459"}],"curies":[{"name":"wp","href":"https:\/\/api.w.org\/{rel}","templated":true}]}}