{"id":334467,"date":"2026-09-03T20:27:36","date_gmt":"2026-09-03T23:27:36","guid":{"rendered":"https:\/\/diariotextual.com\/inicio\/?p=334467"},"modified":"2026-09-03T20:28:36","modified_gmt":"2026-09-03T23:28:36","slug":"lucero-en-el-cierre-de-la-feria-del-libro-infantil-y-juvenil-hay-futuro-en-nuestras-letras","status":"publish","type":"post","link":"https:\/\/diariotextual.com\/inicio\/index.php\/2026\/09\/03\/lucero-en-el-cierre-de-la-feria-del-libro-infantil-y-juvenil-hay-futuro-en-nuestras-letras\/","title":{"rendered":"Lucero en el cierre de la Feria del Libro Infantil y Juvenil: \u201cHay futuro en nuestras letras\u201d"},"content":{"rendered":"\n<p class=\"wp-block-paragraph\">El <strong>secretario de Cultura de La Pampa, Pablo Lucero \u00c1lvarez<\/strong>, particip\u00f3 esta tarde del cierre en <strong>General Pico de la quinta Feria del Libro Infantil y Juvenil.<\/strong> \u201cEsta quinta edici\u00f3n tuvo <strong>un contexto much\u00edsimo m\u00e1s interesante porque parte de un abordaje integral de adolescencias y las infancias<\/strong>, en donde se abordaron todas las tem\u00e1ticas que est\u00e1n alrededor de las problem\u00e1ticas que hay hoy en d\u00eda\u201d, dijo.<\/p>\n\n\n\n<p class=\"wp-block-paragraph\">El funcionario valor\u00f3 especialmente la participaci\u00f3n de las librer\u00edas locales y el acompa\u00f1amiento a la industria editorial. \u201cSiempre apostamos al mercado, a la industria editorial. Se invit\u00f3 y se convoc\u00f3 a las librer\u00edas locales, que tambi\u00e9n tienen que tener una oportunidad en este concepto de Feria\u201d, explic\u00f3 a la Agencia Provincial de Noticias.<\/p>\n\n\n\n<p class=\"wp-block-paragraph\">Tambi\u00e9n la puesta en valor de los espacios utilizados para el encuentro y la posibilidad de desarrollar una propuesta urbana en el Play\u00f3n del Ferrocarril. \u201cMe parece que estuvo muy buena esta puesta en valor de esta zona, esta \u00e1rea, esta infraestructura, con una propuesta m\u00e1s urbana\u201d, sostuvo.<\/p>\n\n\n\n<p class=\"wp-block-paragraph\">Adem\u00e1s, remarc\u00f3 el acompa\u00f1amiento del Gobierno provincial a este tipo de iniciativas y puso en valor el contenido de la propuesta. \u201cMe parece que la Feria del Libro Infantil y Juvenil es muy importante, sobre todo por el contenido, por la curadur\u00eda, por el nivel de los t\u00edtulos que se exponen\u201d, afirm\u00f3.<\/p>\n\n\n\n<p class=\"wp-block-paragraph\">Uno de los momentos destacados del cierre fue la <strong>entrega de los premios y menciones de la Sociedad Argentina de Escritores (SADE), a partir de una convocatoria destinada a reunir producciones de ni\u00f1as, ni\u00f1os y j\u00f3venes en antolog\u00edas. <\/strong>La propuesta cont\u00f3 con participaci\u00f3n de estudiantes de distintas localidades de La Pampa, un aspecto que Lucero valor\u00f3 especialmente por su car\u00e1cter federal.<\/p>\n\n\n\n<p class=\"wp-block-paragraph\">\u201cHay <strong>ni\u00f1as y ni\u00f1os premiados y mencionados de distintas localidades de la Provincia<\/strong>\u201d, agreg\u00f3 el secretario de Cultura, quien destac\u00f3 adem\u00e1s la articulaci\u00f3n institucional con el Ministerio de Educaci\u00f3n.<\/p>\n\n\n\n<p class=\"wp-block-paragraph\">La iniciativa contempl\u00f3 la participaci\u00f3n activa de estudiantes de escuelas secundarias, cuyas producciones fueron posteriormente sometidas a una instancia de curadur\u00eda para determinar los trabajos ganadores y las menciones.<\/p>\n\n\n\n<p class=\"wp-block-paragraph\">Lucero anticip\u00f3 adem\u00e1s que, a partir de la publicaci\u00f3n de la antolog\u00eda, se trabajar\u00e1 en la posibilidad de que estas producciones puedan participar de la Feria Internacional del Libro, ampliando el alcance de las obras realizadas por las nuevas generaciones.<\/p>\n\n\n\n<p class=\"wp-block-paragraph\">La propuesta se desarroll\u00f3 de manera abierta, libre y gratuita y se vincul\u00f3 con otras pol\u00edticas provinciales de promoci\u00f3n de la lectura y la escritura, como el <strong>Plan Lector y el trabajo con las bibliotecas populares.<\/strong><\/p>\n\n\n\n<div style=\"height:100px\" aria-hidden=\"true\" class=\"wp-block-spacer\"><\/div>\n\n\n\n<p class=\"wp-block-paragraph\"><strong>Generaciones<\/strong><\/p>\n\n\n\n<p class=\"wp-block-paragraph\">Uno de los aspectos que el secretario de Cultura consider\u00f3 m\u00e1s relevante fue la participaci\u00f3n de las nuevas generaciones. \u201cHay futuro porque ah\u00ed est\u00e1 el futuro de nuestras letras. Es muy dif\u00edcil generar nuevos escritores y dinamizar el rango etario\u201d, destac\u00f3.<\/p>\n\n\n\n<p class=\"wp-block-paragraph\">Y remarc\u00f3 que, en un contexto atravesado por la <strong>revoluci\u00f3n digital, \u201cni\u00f1os participando tan activamente de la lectura y de la escritura para nosotros es el \u00e9xito de la pol\u00edtica p\u00fablica\u201d.<\/strong><\/p>\n\n\n\n<p class=\"wp-block-paragraph\">Adem\u00e1s de promover el encuentro con los libros, la Feria gener\u00f3 espacios de expresi\u00f3n para las nuevas generaciones. Lucero destac\u00f3 la importancia de escucharlas y de generar \u00e1mbitos donde puedan expresarse sobre las problem\u00e1ticas que atraviesan en la actualidad.<\/p>\n\n\n\n<p class=\"wp-block-paragraph\">Finalmente, el funcionario provincial invit\u00f3 a participar de la pr\u00f3xima Feria Provincial del Libro, que se realizar\u00e1 los d\u00edas 8, 9, 10 y 11 de octubre en el Centro Cultural MEDASUR de Santa Rosa. All\u00ed, anticip\u00f3, se desarrollar\u00e1 una propuesta interinstitucional con la participaci\u00f3n de gremios, universidades, editoriales, el Fondo Editorial Pampeano, la Legislatura y otras instituciones vinculadas a la producci\u00f3n de letras.<\/p>\n\n\n\n<figure class=\"wp-block-embed is-type-wp-embed is-provider-diario-textual wp-block-embed-diario-textual\"><div class=\"wp-block-embed__wrapper\">\n<blockquote class=\"wp-embedded-content\" data-secret=\"0ewdLE60h4\"><a href=\"https:\/\/diariotextual.com\/inicio\/index.php\/2026\/09\/03\/educacion-salud-y-desarrollo-social-acompanaron-la-expo-infancia-y-adolescencia-en-pico\/\">Educaci\u00f3n, Salud y Desarrollo Social acompa\u00f1aron la Expo Infancia y Adolescencia en Pico<\/a><\/blockquote><iframe class=\"wp-embedded-content\" sandbox=\"allow-scripts\" security=\"restricted\" style=\"position: absolute; visibility: hidden;\" title=\"\u00abEducaci\u00f3n, Salud y Desarrollo Social acompa\u00f1aron la Expo Infancia y Adolescencia en Pico\u00bb \u2014 Diario Textual\" src=\"https:\/\/diariotextual.com\/inicio\/index.php\/2026\/09\/03\/educacion-salud-y-desarrollo-social-acompanaron-la-expo-infancia-y-adolescencia-en-pico\/embed\/#?secret=EoD4IymxXB#?secret=0ewdLE60h4\" data-secret=\"0ewdLE60h4\" width=\"600\" height=\"338\" frameborder=\"0\" marginwidth=\"0\" marginheight=\"0\" scrolling=\"no\"><\/iframe>\n<\/div><\/figure>\n","protected":false},"excerpt":{"rendered":"<p>El secretario de Cultura de La Pampa, Pablo Lucero \u00c1lvarez, particip\u00f3 esta tarde del cierre en General Pico de la quinta Feria del Libro Infantil y Juvenil. \u201cEsta quinta edici\u00f3n&hellip;<\/p>\n","protected":false},"author":5,"featured_media":334468,"comment_status":"closed","ping_status":"open","sticky":false,"template":"","format":"standard","meta":{"_acf_changed":false,"footnotes":""},"categories":[1,2],"tags":[],"class_list":["post-334467","post","type-post","status-publish","format-standard","has-post-thumbnail","hentry","category-es-noticia","category-cultura"],"acf":[],"yoast_head":"<!-- This site is optimized with the Yoast SEO plugin v28.4 - https:\/\/yoast.com\/product\/yoast-seo-wordpress\/ -->\n<title>Lucero en el cierre de la Feria del Libro Infantil y Juvenil: \u201cHay futuro en nuestras letras\u201d - Diario Textual<\/title>\n<meta name=\"robots\" content=\"index, follow, max-snippet:-1, max-image-preview:large, max-video-preview:-1\" \/>\n<link rel=\"canonical\" href=\"https:\/\/diariotextual.com\/inicio\/index.php\/2026\/09\/03\/lucero-en-el-cierre-de-la-feria-del-libro-infantil-y-juvenil-hay-futuro-en-nuestras-letras\/\" \/>\n<meta property=\"og:locale\" content=\"es_ES\" \/>\n<meta property=\"og:type\" content=\"article\" \/>\n<meta property=\"og:title\" content=\"Lucero en el cierre de la Feria del Libro Infantil y Juvenil: \u201cHay futuro en nuestras letras\u201d - Diario Textual\" \/>\n<meta property=\"og:description\" content=\"El secretario de Cultura de La Pampa, Pablo Lucero \u00c1lvarez, particip\u00f3 esta tarde del cierre en General Pico de la quinta Feria del Libro Infantil y Juvenil. \u201cEsta quinta edici\u00f3n&hellip;\" \/>\n<meta property=\"og:url\" content=\"https:\/\/diariotextual.com\/inicio\/index.php\/2026\/09\/03\/lucero-en-el-cierre-de-la-feria-del-libro-infantil-y-juvenil-hay-futuro-en-nuestras-letras\/\" \/>\n<meta property=\"og:site_name\" content=\"Diario Textual\" \/>\n<meta property=\"article:publisher\" content=\"https:\/\/www.facebook.com\/eltextual\" \/>\n<meta property=\"article:published_time\" content=\"2026-09-03T23:27:36+00:00\" \/>\n<meta property=\"article:modified_time\" content=\"2026-09-03T23:28:36+00:00\" \/>\n<meta property=\"og:image\" content=\"https:\/\/diariotextual.com\/inicio\/wp-content\/uploads\/2026\/09\/luceropabloferiapico2026.jpg.png\" \/>\n\t<meta property=\"og:image:width\" content=\"900\" \/>\n\t<meta property=\"og:image:height\" content=\"509\" \/>\n\t<meta property=\"og:image:type\" content=\"image\/png\" \/>\n<meta name=\"author\" content=\"diario3\" \/>\n<meta name=\"twitter:card\" content=\"summary_large_image\" \/>\n<meta name=\"twitter:creator\" content=\"@eltextual\" \/>\n<meta name=\"twitter:site\" content=\"@eltextual\" \/>\n<meta name=\"twitter:label1\" content=\"Escrito por\" \/>\n\t<meta name=\"twitter:data1\" content=\"diario3\" \/>\n\t<meta name=\"twitter:label2\" content=\"Tiempo de lectura\" \/>\n\t<meta name=\"twitter:data2\" content=\"3 minutos\" \/>\n<script type=\"application\/ld+json\" class=\"yoast-schema-graph\">{\"@context\":\"https:\\\/\\\/schema.org\",\"@graph\":[{\"@type\":\"Article\",\"@id\":\"https:\\\/\\\/diariotextual.com\\\/inicio\\\/index.php\\\/2026\\\/09\\\/03\\\/lucero-en-el-cierre-de-la-feria-del-libro-infantil-y-juvenil-hay-futuro-en-nuestras-letras\\\/#article\",\"isPartOf\":{\"@id\":\"https:\\\/\\\/diariotextual.com\\\/inicio\\\/index.php\\\/2026\\\/09\\\/03\\\/lucero-en-el-cierre-de-la-feria-del-libro-infantil-y-juvenil-hay-futuro-en-nuestras-letras\\\/\"},\"author\":{\"name\":\"diario3\",\"@id\":\"https:\\\/\\\/diariotextual.com\\\/inicio\\\/#\\\/schema\\\/person\\\/a1b6f563e0ee944c60f98119389a4d9f\"},\"headline\":\"Lucero en el cierre de la Feria del Libro Infantil y Juvenil: \u201cHay futuro en nuestras letras\u201d\",\"datePublished\":\"2026-09-03T23:27:36+00:00\",\"dateModified\":\"2026-09-03T23:28:36+00:00\",\"mainEntityOfPage\":{\"@id\":\"https:\\\/\\\/diariotextual.com\\\/inicio\\\/index.php\\\/2026\\\/09\\\/03\\\/lucero-en-el-cierre-de-la-feria-del-libro-infantil-y-juvenil-hay-futuro-en-nuestras-letras\\\/\"},\"wordCount\":660,\"publisher\":{\"@id\":\"https:\\\/\\\/diariotextual.com\\\/inicio\\\/#organization\"},\"image\":{\"@id\":\"https:\\\/\\\/diariotextual.com\\\/inicio\\\/index.php\\\/2026\\\/09\\\/03\\\/lucero-en-el-cierre-de-la-feria-del-libro-infantil-y-juvenil-hay-futuro-en-nuestras-letras\\\/#primaryimage\"},\"thumbnailUrl\":\"https:\\\/\\\/diariotextual.com\\\/inicio\\\/wp-content\\\/uploads\\\/2026\\\/09\\\/luceropabloferiapico2026.jpg.png\",\"articleSection\":[\"A - ES NOTICIA (van abajo)\",\"CULTURA\"],\"inLanguage\":\"es\"},{\"@type\":\"WebPage\",\"@id\":\"https:\\\/\\\/diariotextual.com\\\/inicio\\\/index.php\\\/2026\\\/09\\\/03\\\/lucero-en-el-cierre-de-la-feria-del-libro-infantil-y-juvenil-hay-futuro-en-nuestras-letras\\\/\",\"url\":\"https:\\\/\\\/diariotextual.com\\\/inicio\\\/index.php\\\/2026\\\/09\\\/03\\\/lucero-en-el-cierre-de-la-feria-del-libro-infantil-y-juvenil-hay-futuro-en-nuestras-letras\\\/\",\"name\":\"Lucero en el cierre de la Feria del Libro Infantil y Juvenil: \u201cHay futuro en nuestras letras\u201d - Diario Textual\",\"isPartOf\":{\"@id\":\"https:\\\/\\\/diariotextual.com\\\/inicio\\\/#website\"},\"primaryImageOfPage\":{\"@id\":\"https:\\\/\\\/diariotextual.com\\\/inicio\\\/index.php\\\/2026\\\/09\\\/03\\\/lucero-en-el-cierre-de-la-feria-del-libro-infantil-y-juvenil-hay-futuro-en-nuestras-letras\\\/#primaryimage\"},\"image\":{\"@id\":\"https:\\\/\\\/diariotextual.com\\\/inicio\\\/index.php\\\/2026\\\/09\\\/03\\\/lucero-en-el-cierre-de-la-feria-del-libro-infantil-y-juvenil-hay-futuro-en-nuestras-letras\\\/#primaryimage\"},\"thumbnailUrl\":\"https:\\\/\\\/diariotextual.com\\\/inicio\\\/wp-content\\\/uploads\\\/2026\\\/09\\\/luceropabloferiapico2026.jpg.png\",\"datePublished\":\"2026-09-03T23:27:36+00:00\",\"dateModified\":\"2026-09-03T23:28:36+00:00\",\"breadcrumb\":{\"@id\":\"https:\\\/\\\/diariotextual.com\\\/inicio\\\/index.php\\\/2026\\\/09\\\/03\\\/lucero-en-el-cierre-de-la-feria-del-libro-infantil-y-juvenil-hay-futuro-en-nuestras-letras\\\/#breadcrumb\"},\"inLanguage\":\"es\",\"potentialAction\":[{\"@type\":\"ReadAction\",\"target\":[\"https:\\\/\\\/diariotextual.com\\\/inicio\\\/index.php\\\/2026\\\/09\\\/03\\\/lucero-en-el-cierre-de-la-feria-del-libro-infantil-y-juvenil-hay-futuro-en-nuestras-letras\\\/\"]}]},{\"@type\":\"ImageObject\",\"inLanguage\":\"es\",\"@id\":\"https:\\\/\\\/diariotextual.com\\\/inicio\\\/index.php\\\/2026\\\/09\\\/03\\\/lucero-en-el-cierre-de-la-feria-del-libro-infantil-y-juvenil-hay-futuro-en-nuestras-letras\\\/#primaryimage\",\"url\":\"https:\\\/\\\/diariotextual.com\\\/inicio\\\/wp-content\\\/uploads\\\/2026\\\/09\\\/luceropabloferiapico2026.jpg.png\",\"contentUrl\":\"https:\\\/\\\/diariotextual.com\\\/inicio\\\/wp-content\\\/uploads\\\/2026\\\/09\\\/luceropabloferiapico2026.jpg.png\",\"width\":900,\"height\":509},{\"@type\":\"BreadcrumbList\",\"@id\":\"https:\\\/\\\/diariotextual.com\\\/inicio\\\/index.php\\\/2026\\\/09\\\/03\\\/lucero-en-el-cierre-de-la-feria-del-libro-infantil-y-juvenil-hay-futuro-en-nuestras-letras\\\/#breadcrumb\",\"itemListElement\":[{\"@type\":\"ListItem\",\"position\":1,\"name\":\"Portada\",\"item\":\"https:\\\/\\\/diariotextual.com\\\/inicio\\\/\"},{\"@type\":\"ListItem\",\"position\":2,\"name\":\"Lucero en el cierre de la Feria del Libro Infantil y Juvenil: \u201cHay futuro en nuestras letras\u201d\"}]},{\"@type\":\"WebSite\",\"@id\":\"https:\\\/\\\/diariotextual.com\\\/inicio\\\/#website\",\"url\":\"https:\\\/\\\/diariotextual.com\\\/inicio\\\/\",\"name\":\"Diario Textual\",\"description\":\"\",\"publisher\":{\"@id\":\"https:\\\/\\\/diariotextual.com\\\/inicio\\\/#organization\"},\"potentialAction\":[{\"@type\":\"SearchAction\",\"target\":{\"@type\":\"EntryPoint\",\"urlTemplate\":\"https:\\\/\\\/diariotextual.com\\\/inicio\\\/?s={search_term_string}\"},\"query-input\":{\"@type\":\"PropertyValueSpecification\",\"valueRequired\":true,\"valueName\":\"search_term_string\"}}],\"inLanguage\":\"es\"},{\"@type\":\"Organization\",\"@id\":\"https:\\\/\\\/diariotextual.com\\\/inicio\\\/#organization\",\"name\":\"Diario Textual\",\"url\":\"https:\\\/\\\/diariotextual.com\\\/inicio\\\/\",\"logo\":{\"@type\":\"ImageObject\",\"inLanguage\":\"es\",\"@id\":\"https:\\\/\\\/diariotextual.com\\\/inicio\\\/#\\\/schema\\\/logo\\\/image\\\/\",\"url\":\"https:\\\/\\\/diariotextual.com\\\/inicio\\\/wp-content\\\/uploads\\\/2023\\\/05\\\/logotextual1.jpg\",\"contentUrl\":\"https:\\\/\\\/diariotextual.com\\\/inicio\\\/wp-content\\\/uploads\\\/2023\\\/05\\\/logotextual1.jpg\",\"width\":516,\"height\":76,\"caption\":\"Diario Textual\"},\"image\":{\"@id\":\"https:\\\/\\\/diariotextual.com\\\/inicio\\\/#\\\/schema\\\/logo\\\/image\\\/\"},\"sameAs\":[\"https:\\\/\\\/www.facebook.com\\\/eltextual\",\"https:\\\/\\\/x.com\\\/eltextual\",\"http:\\\/\\\/www.instagram.com\\\/eltextual\"]},{\"@type\":\"Person\",\"@id\":\"https:\\\/\\\/diariotextual.com\\\/inicio\\\/#\\\/schema\\\/person\\\/a1b6f563e0ee944c60f98119389a4d9f\",\"name\":\"diario3\",\"image\":{\"@type\":\"ImageObject\",\"inLanguage\":\"es\",\"@id\":\"https:\\\/\\\/secure.gravatar.com\\\/avatar\\\/5e7ee62c82fc04d9dd79d746a390d93c69c43223e5faeeb3ea9461ef752bfc5d?s=96&d=mm&r=g\",\"url\":\"https:\\\/\\\/secure.gravatar.com\\\/avatar\\\/5e7ee62c82fc04d9dd79d746a390d93c69c43223e5faeeb3ea9461ef752bfc5d?s=96&d=mm&r=g\",\"contentUrl\":\"https:\\\/\\\/secure.gravatar.com\\\/avatar\\\/5e7ee62c82fc04d9dd79d746a390d93c69c43223e5faeeb3ea9461ef752bfc5d?s=96&d=mm&r=g\",\"caption\":\"diario3\"},\"url\":\"https:\\\/\\\/diariotextual.com\\\/inicio\\\/index.php\\\/author\\\/diario3\\\/\"}]}<\/script>\n<!-- \/ Yoast SEO plugin. -->","yoast_head_json":{"title":"Lucero en el cierre de la Feria del Libro Infantil y Juvenil: \u201cHay futuro en nuestras letras\u201d - Diario Textual","robots":{"index":"index","follow":"follow","max-snippet":"max-snippet:-1","max-image-preview":"max-image-preview:large","max-video-preview":"max-video-preview:-1"},"canonical":"https:\/\/diariotextual.com\/inicio\/index.php\/2026\/09\/03\/lucero-en-el-cierre-de-la-feria-del-libro-infantil-y-juvenil-hay-futuro-en-nuestras-letras\/","og_locale":"es_ES","og_type":"article","og_title":"Lucero en el cierre de la Feria del Libro Infantil y Juvenil: \u201cHay futuro en nuestras letras\u201d - Diario Textual","og_description":"El secretario de Cultura de La Pampa, Pablo Lucero \u00c1lvarez, particip\u00f3 esta tarde del cierre en General Pico de la quinta Feria del Libro Infantil y Juvenil. \u201cEsta quinta edici\u00f3n&hellip;","og_url":"https:\/\/diariotextual.com\/inicio\/index.php\/2026\/09\/03\/lucero-en-el-cierre-de-la-feria-del-libro-infantil-y-juvenil-hay-futuro-en-nuestras-letras\/","og_site_name":"Diario Textual","article_publisher":"https:\/\/www.facebook.com\/eltextual","article_published_time":"2026-09-03T23:27:36+00:00","article_modified_time":"2026-09-03T23:28:36+00:00","og_image":[{"width":900,"height":509,"url":"https:\/\/diariotextual.com\/inicio\/wp-content\/uploads\/2026\/09\/luceropabloferiapico2026.jpg.png","type":"image\/png"}],"author":"diario3","twitter_card":"summary_large_image","twitter_creator":"@eltextual","twitter_site":"@eltextual","twitter_misc":{"Escrito por":"diario3","Tiempo de lectura":"3 minutos"},"schema":{"@context":"https:\/\/schema.org","@graph":[{"@type":"Article","@id":"https:\/\/diariotextual.com\/inicio\/index.php\/2026\/09\/03\/lucero-en-el-cierre-de-la-feria-del-libro-infantil-y-juvenil-hay-futuro-en-nuestras-letras\/#article","isPartOf":{"@id":"https:\/\/diariotextual.com\/inicio\/index.php\/2026\/09\/03\/lucero-en-el-cierre-de-la-feria-del-libro-infantil-y-juvenil-hay-futuro-en-nuestras-letras\/"},"author":{"name":"diario3","@id":"https:\/\/diariotextual.com\/inicio\/#\/schema\/person\/a1b6f563e0ee944c60f98119389a4d9f"},"headline":"Lucero en el cierre de la Feria del Libro Infantil y Juvenil: \u201cHay futuro en nuestras letras\u201d","datePublished":"2026-09-03T23:27:36+00:00","dateModified":"2026-09-03T23:28:36+00:00","mainEntityOfPage":{"@id":"https:\/\/diariotextual.com\/inicio\/index.php\/2026\/09\/03\/lucero-en-el-cierre-de-la-feria-del-libro-infantil-y-juvenil-hay-futuro-en-nuestras-letras\/"},"wordCount":660,"publisher":{"@id":"https:\/\/diariotextual.com\/inicio\/#organization"},"image":{"@id":"https:\/\/diariotextual.com\/inicio\/index.php\/2026\/09\/03\/lucero-en-el-cierre-de-la-feria-del-libro-infantil-y-juvenil-hay-futuro-en-nuestras-letras\/#primaryimage"},"thumbnailUrl":"https:\/\/diariotextual.com\/inicio\/wp-content\/uploads\/2026\/09\/luceropabloferiapico2026.jpg.png","articleSection":["A - ES NOTICIA (van abajo)","CULTURA"],"inLanguage":"es"},{"@type":"WebPage","@id":"https:\/\/diariotextual.com\/inicio\/index.php\/2026\/09\/03\/lucero-en-el-cierre-de-la-feria-del-libro-infantil-y-juvenil-hay-futuro-en-nuestras-letras\/","url":"https:\/\/diariotextual.com\/inicio\/index.php\/2026\/09\/03\/lucero-en-el-cierre-de-la-feria-del-libro-infantil-y-juvenil-hay-futuro-en-nuestras-letras\/","name":"Lucero en el cierre de la Feria del Libro Infantil y Juvenil: \u201cHay futuro en nuestras letras\u201d - Diario Textual","isPartOf":{"@id":"https:\/\/diariotextual.com\/inicio\/#website"},"primaryImageOfPage":{"@id":"https:\/\/diariotextual.com\/inicio\/index.php\/2026\/09\/03\/lucero-en-el-cierre-de-la-feria-del-libro-infantil-y-juvenil-hay-futuro-en-nuestras-letras\/#primaryimage"},"image":{"@id":"https:\/\/diariotextual.com\/inicio\/index.php\/2026\/09\/03\/lucero-en-el-cierre-de-la-feria-del-libro-infantil-y-juvenil-hay-futuro-en-nuestras-letras\/#primaryimage"},"thumbnailUrl":"https:\/\/diariotextual.com\/inicio\/wp-content\/uploads\/2026\/09\/luceropabloferiapico2026.jpg.png","datePublished":"2026-09-03T23:27:36+00:00","dateModified":"2026-09-03T23:28:36+00:00","breadcrumb":{"@id":"https:\/\/diariotextual.com\/inicio\/index.php\/2026\/09\/03\/lucero-en-el-cierre-de-la-feria-del-libro-infantil-y-juvenil-hay-futuro-en-nuestras-letras\/#breadcrumb"},"inLanguage":"es","potentialAction":[{"@type":"ReadAction","target":["https:\/\/diariotextual.com\/inicio\/index.php\/2026\/09\/03\/lucero-en-el-cierre-de-la-feria-del-libro-infantil-y-juvenil-hay-futuro-en-nuestras-letras\/"]}]},{"@type":"ImageObject","inLanguage":"es","@id":"https:\/\/diariotextual.com\/inicio\/index.php\/2026\/09\/03\/lucero-en-el-cierre-de-la-feria-del-libro-infantil-y-juvenil-hay-futuro-en-nuestras-letras\/#primaryimage","url":"https:\/\/diariotextual.com\/inicio\/wp-content\/uploads\/2026\/09\/luceropabloferiapico2026.jpg.png","contentUrl":"https:\/\/diariotextual.com\/inicio\/wp-content\/uploads\/2026\/09\/luceropabloferiapico2026.jpg.png","width":900,"height":509},{"@type":"BreadcrumbList","@id":"https:\/\/diariotextual.com\/inicio\/index.php\/2026\/09\/03\/lucero-en-el-cierre-de-la-feria-del-libro-infantil-y-juvenil-hay-futuro-en-nuestras-letras\/#breadcrumb","itemListElement":[{"@type":"ListItem","position":1,"name":"Portada","item":"https:\/\/diariotextual.com\/inicio\/"},{"@type":"ListItem","position":2,"name":"Lucero en el cierre de la Feria del Libro Infantil y Juvenil: \u201cHay futuro en nuestras letras\u201d"}]},{"@type":"WebSite","@id":"https:\/\/diariotextual.com\/inicio\/#website","url":"https:\/\/diariotextual.com\/inicio\/","name":"Diario Textual","description":"","publisher":{"@id":"https:\/\/diariotextual.com\/inicio\/#organization"},"potentialAction":[{"@type":"SearchAction","target":{"@type":"EntryPoint","urlTemplate":"https:\/\/diariotextual.com\/inicio\/?s={search_term_string}"},"query-input":{"@type":"PropertyValueSpecification","valueRequired":true,"valueName":"search_term_string"}}],"inLanguage":"es"},{"@type":"Organization","@id":"https:\/\/diariotextual.com\/inicio\/#organization","name":"Diario Textual","url":"https:\/\/diariotextual.com\/inicio\/","logo":{"@type":"ImageObject","inLanguage":"es","@id":"https:\/\/diariotextual.com\/inicio\/#\/schema\/logo\/image\/","url":"https:\/\/diariotextual.com\/inicio\/wp-content\/uploads\/2023\/05\/logotextual1.jpg","contentUrl":"https:\/\/diariotextual.com\/inicio\/wp-content\/uploads\/2023\/05\/logotextual1.jpg","width":516,"height":76,"caption":"Diario Textual"},"image":{"@id":"https:\/\/diariotextual.com\/inicio\/#\/schema\/logo\/image\/"},"sameAs":["https:\/\/www.facebook.com\/eltextual","https:\/\/x.com\/eltextual","http:\/\/www.instagram.com\/eltextual"]},{"@type":"Person","@id":"https:\/\/diariotextual.com\/inicio\/#\/schema\/person\/a1b6f563e0ee944c60f98119389a4d9f","name":"diario3","image":{"@type":"ImageObject","inLanguage":"es","@id":"https:\/\/secure.gravatar.com\/avatar\/5e7ee62c82fc04d9dd79d746a390d93c69c43223e5faeeb3ea9461ef752bfc5d?s=96&d=mm&r=g","url":"https:\/\/secure.gravatar.com\/avatar\/5e7ee62c82fc04d9dd79d746a390d93c69c43223e5faeeb3ea9461ef752bfc5d?s=96&d=mm&r=g","contentUrl":"https:\/\/secure.gravatar.com\/avatar\/5e7ee62c82fc04d9dd79d746a390d93c69c43223e5faeeb3ea9461ef752bfc5d?s=96&d=mm&r=g","caption":"diario3"},"url":"https:\/\/diariotextual.com\/inicio\/index.php\/author\/diario3\/"}]}},"_links":{"self":[{"href":"https:\/\/diariotextual.com\/inicio\/index.php\/wp-json\/wp\/v2\/posts\/334467","targetHints":{"allow":["GET"]}}],"collection":[{"href":"https:\/\/diariotextual.com\/inicio\/index.php\/wp-json\/wp\/v2\/posts"}],"about":[{"href":"https:\/\/diariotextual.com\/inicio\/index.php\/wp-json\/wp\/v2\/types\/post"}],"author":[{"embeddable":true,"href":"https:\/\/diariotextual.com\/inicio\/index.php\/wp-json\/wp\/v2\/users\/5"}],"replies":[{"embeddable":true,"href":"https:\/\/diariotextual.com\/inicio\/index.php\/wp-json\/wp\/v2\/comments?post=334467"}],"version-history":[{"count":2,"href":"https:\/\/diariotextual.com\/inicio\/index.php\/wp-json\/wp\/v2\/posts\/334467\/revisions"}],"predecessor-version":[{"id":334470,"href":"https:\/\/diariotextual.com\/inicio\/index.php\/wp-json\/wp\/v2\/posts\/334467\/revisions\/334470"}],"wp:featuredmedia":[{"embeddable":true,"href":"https:\/\/diariotextual.com\/inicio\/index.php\/wp-json\/wp\/v2\/media\/334468"}],"wp:attachment":[{"href":"https:\/\/diariotextual.com\/inicio\/index.php\/wp-json\/wp\/v2\/media?parent=334467"}],"wp:term":[{"taxonomy":"category","embeddable":true,"href":"https:\/\/diariotextual.com\/inicio\/index.php\/wp-json\/wp\/v2\/categories?post=334467"},{"taxonomy":"post_tag","embeddable":true,"href":"https:\/\/diariotextual.com\/inicio\/index.php\/wp-json\/wp\/v2\/tags?post=334467"}],"curies":[{"name":"wp","href":"https:\/\/api.w.org\/{rel}","templated":true}]}}