{"id":334471,"date":"2026-09-03T20:36:30","date_gmt":"2026-09-03T23:36:30","guid":{"rendered":"https:\/\/diariotextual.com\/inicio\/?p=334471"},"modified":"2026-09-03T21:27:39","modified_gmt":"2026-09-04T00:27:39","slug":"otro-encuentro-en-villa-mirasol-el-pj-profundiza-su-despliegue-territorial-y-empieza-a-discutir-la-oferta-electoral-de-2027","status":"publish","type":"post","link":"https:\/\/diariotextual.com\/inicio\/index.php\/2026\/09\/03\/otro-encuentro-en-villa-mirasol-el-pj-profundiza-su-despliegue-territorial-y-empieza-a-discutir-la-oferta-electoral-de-2027\/","title":{"rendered":"Otro encuentro en Villa Mirasol: el PJ profundiza su despliegue territorial y empieza a discutir la oferta electoral de 2027"},"content":{"rendered":"\n<p class=\"wp-block-paragraph\">El Partido Justicialista pampeano contin\u00faa con sus encuentros zonales y reuni\u00f3 en <strong>Villa Mirasol<\/strong> a dirigentes y referentes de distintas localidades del centro-este provincial. El encuentro sirvi\u00f3 para analizar la situaci\u00f3n pol\u00edtica y econ\u00f3mica, compartir la agenda del peronismo y comenzar a delinear <strong>los consensos necesarios para la construcci\u00f3n de las propuestas electorales de cada localidad<\/strong>.<\/p>\n\n\n\n<p class=\"wp-block-paragraph\">La reuni\u00f3n fue organizada por la Unidad B\u00e1sica de Villa Mirasol y cont\u00f3 con representantes de <strong>Colonia Bar\u00f3n, Relmo, Dorila, Miguel Can\u00e9, Metileo, Agustoni y Quem\u00fa Quem\u00fa<\/strong>, adem\u00e1s de dirigentes provinciales, legisladores, funcionarios e intendentes.<\/p>\n\n\n\n<p class=\"wp-block-paragraph\">Entre los presentes estuvieron la diputada <strong>Liliana Robledo<\/strong>, la delegada departamental <strong>Sonia Luengo<\/strong>, la secretaria de G\u00e9nero y Diversidades <strong>Gabriela Labourie<\/strong>, el secretario general de UPCN <strong>Jorge Lezcano<\/strong>, la presidenta del Ipav <strong>Erica Riboyra<\/strong>, los intendentes <strong>Carlos Marchisio<\/strong> (Metileo), <strong>Federico Bogar\u00edn<\/strong> (Agustoni) y el anfitri\u00f3n <strong>Lucas Laguna<\/strong>, adem\u00e1s del ministro <strong>Antonio Curciarello<\/strong> y el delegado de Desarrollo Social <strong>Marcos \u00c1lvarez Echeveste<\/strong>.<\/p>\n\n\n\n<p class=\"wp-block-paragraph\">El encuentro se inscribe en el proceso de <strong>movilizaci\u00f3n interna del peronismo pampeano<\/strong>, que busca mantener el contacto con las bases y trasladar a las localidades parte de la agenda pol\u00edtica que el gobernador y presidente del PJ pampeano, <strong>Sergio Ziliotto<\/strong>, viene impulsando junto a la dirigencia nacional. En paralelo, el partido avanza con la normalizaci\u00f3n de la <strong>Juventud Peronista<\/strong> provincial.<\/p>\n\n\n\n<p class=\"wp-block-paragraph\">Durante la jornada tambi\u00e9n se repas\u00f3 el \u00faltimo encuentro federal de <strong>Mujeres Peronistas<\/strong>, realizado en Catamarca, que reuni\u00f3 a m\u00e1s de mil participantes de todo el pa\u00eds y cont\u00f3 con presencia pampeana.<\/p>\n\n\n\n<p class=\"wp-block-paragraph\">Uno de los puntos centrales de la reuni\u00f3n fue el an\u00e1lisis de la realidad de cada localidad. Los referentes expusieron los movimientos pol\u00edticos que ya comenzaron a darse y plantearon la necesidad de alcanzar <strong>acuerdos y consensos para definir las propuestas y la oferta electoral<\/strong> en cada pueblo.<\/p>\n\n\n\n<p class=\"wp-block-paragraph\">En ese marco, los dirigentes coincidieron en se\u00f1alar el impacto de la crisis econ\u00f3mica nacional en las comunidades: <strong>la p\u00e9rdida de empleo, la ca\u00edda de los ingresos y las dificultades de las instituciones para sostener sus actividades<\/strong>. Tambi\u00e9n cuestionaron la falta de acompa\u00f1amiento de los municipios donde el justicialismo no gobierna y remarcaron que muchas instituciones deben recurrir a la solidaridad de los vecinos para concretar distintas acciones.<\/p>\n\n\n\n<p class=\"wp-block-paragraph\"><\/p>\n\n\n\n<figure class=\"wp-block-embed is-type-wp-embed is-provider-diario-textual wp-block-embed-diario-textual\"><div class=\"wp-block-embed__wrapper\">\n<blockquote class=\"wp-embedded-content\" data-secret=\"Jev54IutNW\"><a href=\"https:\/\/diariotextual.com\/inicio\/index.php\/2026\/09\/03\/bienvenidos-al-tren-el-peronismo-en-la-pampa-calienta-motores-rumbo-a-2027\/\">Bienvenidos al tren: el peronismo en La Pampa calienta motores rumbo a 2027<\/a><\/blockquote><iframe class=\"wp-embedded-content\" sandbox=\"allow-scripts\" security=\"restricted\" style=\"position: absolute; visibility: hidden;\" title=\"\u00abBienvenidos al tren: el peronismo en La Pampa calienta motores rumbo a 2027\u00bb \u2014 Diario Textual\" src=\"https:\/\/diariotextual.com\/inicio\/index.php\/2026\/09\/03\/bienvenidos-al-tren-el-peronismo-en-la-pampa-calienta-motores-rumbo-a-2027\/embed\/#?secret=8Hwtx9cPrV#?secret=Jev54IutNW\" data-secret=\"Jev54IutNW\" width=\"600\" height=\"338\" frameborder=\"0\" marginwidth=\"0\" marginheight=\"0\" scrolling=\"no\"><\/iframe>\n<\/div><\/figure>\n\n\n\n<p class=\"wp-block-paragraph\"><\/p>\n\n\n\n<p class=\"wp-block-paragraph\">Frente a ese escenario, destacaron el papel del <strong>Gobierno provincial<\/strong> y la continuidad de obras, programas y medidas destinadas a sostener la actividad y contener los efectos de la crisis.<\/p>\n\n\n\n<p class=\"wp-block-paragraph\">El encuentro de Villa Mirasol fue presentado como continuidad del realizado d\u00edas atr\u00e1s en <strong>General Acha<\/strong>. Desde el PJ anticiparon que habr\u00e1 nuevas reuniones en distintos puntos de la provincia, en una estrategia que apunta a <strong>fortalecer la organizaci\u00f3n territorial y comenzar a ordenar el escenario pol\u00edtico de cara a 2027<\/strong>.<\/p>\n\n\n\n<p class=\"wp-block-paragraph\"><\/p>\n","protected":false},"excerpt":{"rendered":"<p>El Partido Justicialista pampeano contin\u00faa con sus encuentros zonales y reuni\u00f3 en Villa Mirasol a dirigentes y referentes de distintas localidades del centro-este provincial. El encuentro sirvi\u00f3 para analizar la&hellip;<\/p>\n","protected":false},"author":3,"featured_media":334476,"comment_status":"closed","ping_status":"open","sticky":false,"template":"","format":"standard","meta":{"_acf_changed":false,"footnotes":""},"categories":[10,8],"tags":[],"class_list":["post-334471","post","type-post","status-publish","format-standard","has-post-thumbnail","hentry","category-portada-2","category-politica"],"acf":[],"yoast_head":"<!-- This site is optimized with the Yoast SEO plugin v28.4 - https:\/\/yoast.com\/product\/yoast-seo-wordpress\/ -->\n<title>Otro encuentro en Villa Mirasol: el PJ profundiza su despliegue territorial y empieza a discutir la oferta electoral de 2027 - Diario Textual<\/title>\n<meta name=\"robots\" content=\"index, follow, max-snippet:-1, max-image-preview:large, max-video-preview:-1\" \/>\n<link rel=\"canonical\" href=\"https:\/\/diariotextual.com\/inicio\/index.php\/2026\/09\/03\/otro-encuentro-en-villa-mirasol-el-pj-profundiza-su-despliegue-territorial-y-empieza-a-discutir-la-oferta-electoral-de-2027\/\" \/>\n<meta property=\"og:locale\" content=\"es_ES\" \/>\n<meta property=\"og:type\" content=\"article\" \/>\n<meta property=\"og:title\" content=\"Otro encuentro en Villa Mirasol: el PJ profundiza su despliegue territorial y empieza a discutir la oferta electoral de 2027 - Diario Textual\" \/>\n<meta property=\"og:description\" content=\"El Partido Justicialista pampeano contin\u00faa con sus encuentros zonales y reuni\u00f3 en Villa Mirasol a dirigentes y referentes de distintas localidades del centro-este provincial. El encuentro sirvi\u00f3 para analizar la&hellip;\" \/>\n<meta property=\"og:url\" content=\"https:\/\/diariotextual.com\/inicio\/index.php\/2026\/09\/03\/otro-encuentro-en-villa-mirasol-el-pj-profundiza-su-despliegue-territorial-y-empieza-a-discutir-la-oferta-electoral-de-2027\/\" \/>\n<meta property=\"og:site_name\" content=\"Diario Textual\" \/>\n<meta property=\"article:publisher\" content=\"https:\/\/www.facebook.com\/eltextual\" \/>\n<meta property=\"article:published_time\" content=\"2026-09-03T23:36:30+00:00\" \/>\n<meta property=\"article:modified_time\" content=\"2026-09-04T00:27:39+00:00\" \/>\n<meta property=\"og:image\" content=\"https:\/\/diariotextual.com\/inicio\/wp-content\/uploads\/2026\/09\/pjencuentrovillamirasol2026.jpg\" \/>\n\t<meta property=\"og:image:width\" content=\"1600\" \/>\n\t<meta property=\"og:image:height\" content=\"1084\" \/>\n\t<meta property=\"og:image:type\" content=\"image\/jpeg\" \/>\n<meta name=\"author\" content=\"Diario1 Diario1\" \/>\n<meta name=\"twitter:card\" content=\"summary_large_image\" \/>\n<meta name=\"twitter:creator\" content=\"@eltextual\" \/>\n<meta name=\"twitter:site\" content=\"@eltextual\" \/>\n<meta name=\"twitter:label1\" content=\"Escrito por\" \/>\n\t<meta name=\"twitter:data1\" content=\"Diario1 Diario1\" \/>\n\t<meta name=\"twitter:label2\" content=\"Tiempo de lectura\" \/>\n\t<meta name=\"twitter:data2\" content=\"3 minutos\" \/>\n<script type=\"application\/ld+json\" class=\"yoast-schema-graph\">{\"@context\":\"https:\\\/\\\/schema.org\",\"@graph\":[{\"@type\":\"Article\",\"@id\":\"https:\\\/\\\/diariotextual.com\\\/inicio\\\/index.php\\\/2026\\\/09\\\/03\\\/otro-encuentro-en-villa-mirasol-el-pj-profundiza-su-despliegue-territorial-y-empieza-a-discutir-la-oferta-electoral-de-2027\\\/#article\",\"isPartOf\":{\"@id\":\"https:\\\/\\\/diariotextual.com\\\/inicio\\\/index.php\\\/2026\\\/09\\\/03\\\/otro-encuentro-en-villa-mirasol-el-pj-profundiza-su-despliegue-territorial-y-empieza-a-discutir-la-oferta-electoral-de-2027\\\/\"},\"author\":{\"name\":\"Diario1 Diario1\",\"@id\":\"https:\\\/\\\/diariotextual.com\\\/inicio\\\/#\\\/schema\\\/person\\\/418fc4093c33e86ed41562db3508f958\"},\"headline\":\"Otro encuentro en Villa Mirasol: el PJ profundiza su despliegue territorial y empieza a discutir la oferta electoral de 2027\",\"datePublished\":\"2026-09-03T23:36:30+00:00\",\"dateModified\":\"2026-09-04T00:27:39+00:00\",\"mainEntityOfPage\":{\"@id\":\"https:\\\/\\\/diariotextual.com\\\/inicio\\\/index.php\\\/2026\\\/09\\\/03\\\/otro-encuentro-en-villa-mirasol-el-pj-profundiza-su-despliegue-territorial-y-empieza-a-discutir-la-oferta-electoral-de-2027\\\/\"},\"wordCount\":499,\"publisher\":{\"@id\":\"https:\\\/\\\/diariotextual.com\\\/inicio\\\/#organization\"},\"image\":{\"@id\":\"https:\\\/\\\/diariotextual.com\\\/inicio\\\/index.php\\\/2026\\\/09\\\/03\\\/otro-encuentro-en-villa-mirasol-el-pj-profundiza-su-despliegue-territorial-y-empieza-a-discutir-la-oferta-electoral-de-2027\\\/#primaryimage\"},\"thumbnailUrl\":\"https:\\\/\\\/diariotextual.com\\\/inicio\\\/wp-content\\\/uploads\\\/2026\\\/09\\\/pjencuentrovillamirasol2026.jpg\",\"articleSection\":[\"A - PORTADA2\",\"POLITICA\"],\"inLanguage\":\"es\"},{\"@type\":\"WebPage\",\"@id\":\"https:\\\/\\\/diariotextual.com\\\/inicio\\\/index.php\\\/2026\\\/09\\\/03\\\/otro-encuentro-en-villa-mirasol-el-pj-profundiza-su-despliegue-territorial-y-empieza-a-discutir-la-oferta-electoral-de-2027\\\/\",\"url\":\"https:\\\/\\\/diariotextual.com\\\/inicio\\\/index.php\\\/2026\\\/09\\\/03\\\/otro-encuentro-en-villa-mirasol-el-pj-profundiza-su-despliegue-territorial-y-empieza-a-discutir-la-oferta-electoral-de-2027\\\/\",\"name\":\"Otro encuentro en Villa Mirasol: el PJ profundiza su despliegue territorial y empieza a discutir la oferta electoral de 2027 - Diario Textual\",\"isPartOf\":{\"@id\":\"https:\\\/\\\/diariotextual.com\\\/inicio\\\/#website\"},\"primaryImageOfPage\":{\"@id\":\"https:\\\/\\\/diariotextual.com\\\/inicio\\\/index.php\\\/2026\\\/09\\\/03\\\/otro-encuentro-en-villa-mirasol-el-pj-profundiza-su-despliegue-territorial-y-empieza-a-discutir-la-oferta-electoral-de-2027\\\/#primaryimage\"},\"image\":{\"@id\":\"https:\\\/\\\/diariotextual.com\\\/inicio\\\/index.php\\\/2026\\\/09\\\/03\\\/otro-encuentro-en-villa-mirasol-el-pj-profundiza-su-despliegue-territorial-y-empieza-a-discutir-la-oferta-electoral-de-2027\\\/#primaryimage\"},\"thumbnailUrl\":\"https:\\\/\\\/diariotextual.com\\\/inicio\\\/wp-content\\\/uploads\\\/2026\\\/09\\\/pjencuentrovillamirasol2026.jpg\",\"datePublished\":\"2026-09-03T23:36:30+00:00\",\"dateModified\":\"2026-09-04T00:27:39+00:00\",\"breadcrumb\":{\"@id\":\"https:\\\/\\\/diariotextual.com\\\/inicio\\\/index.php\\\/2026\\\/09\\\/03\\\/otro-encuentro-en-villa-mirasol-el-pj-profundiza-su-despliegue-territorial-y-empieza-a-discutir-la-oferta-electoral-de-2027\\\/#breadcrumb\"},\"inLanguage\":\"es\",\"potentialAction\":[{\"@type\":\"ReadAction\",\"target\":[\"https:\\\/\\\/diariotextual.com\\\/inicio\\\/index.php\\\/2026\\\/09\\\/03\\\/otro-encuentro-en-villa-mirasol-el-pj-profundiza-su-despliegue-territorial-y-empieza-a-discutir-la-oferta-electoral-de-2027\\\/\"]}]},{\"@type\":\"ImageObject\",\"inLanguage\":\"es\",\"@id\":\"https:\\\/\\\/diariotextual.com\\\/inicio\\\/index.php\\\/2026\\\/09\\\/03\\\/otro-encuentro-en-villa-mirasol-el-pj-profundiza-su-despliegue-territorial-y-empieza-a-discutir-la-oferta-electoral-de-2027\\\/#primaryimage\",\"url\":\"https:\\\/\\\/diariotextual.com\\\/inicio\\\/wp-content\\\/uploads\\\/2026\\\/09\\\/pjencuentrovillamirasol2026.jpg\",\"contentUrl\":\"https:\\\/\\\/diariotextual.com\\\/inicio\\\/wp-content\\\/uploads\\\/2026\\\/09\\\/pjencuentrovillamirasol2026.jpg\",\"width\":1600,\"height\":1084},{\"@type\":\"BreadcrumbList\",\"@id\":\"https:\\\/\\\/diariotextual.com\\\/inicio\\\/index.php\\\/2026\\\/09\\\/03\\\/otro-encuentro-en-villa-mirasol-el-pj-profundiza-su-despliegue-territorial-y-empieza-a-discutir-la-oferta-electoral-de-2027\\\/#breadcrumb\",\"itemListElement\":[{\"@type\":\"ListItem\",\"position\":1,\"name\":\"Portada\",\"item\":\"https:\\\/\\\/diariotextual.com\\\/inicio\\\/\"},{\"@type\":\"ListItem\",\"position\":2,\"name\":\"Otro encuentro en Villa Mirasol: el PJ profundiza su despliegue territorial y empieza a discutir la oferta electoral de 2027\"}]},{\"@type\":\"WebSite\",\"@id\":\"https:\\\/\\\/diariotextual.com\\\/inicio\\\/#website\",\"url\":\"https:\\\/\\\/diariotextual.com\\\/inicio\\\/\",\"name\":\"Diario Textual\",\"description\":\"\",\"publisher\":{\"@id\":\"https:\\\/\\\/diariotextual.com\\\/inicio\\\/#organization\"},\"potentialAction\":[{\"@type\":\"SearchAction\",\"target\":{\"@type\":\"EntryPoint\",\"urlTemplate\":\"https:\\\/\\\/diariotextual.com\\\/inicio\\\/?s={search_term_string}\"},\"query-input\":{\"@type\":\"PropertyValueSpecification\",\"valueRequired\":true,\"valueName\":\"search_term_string\"}}],\"inLanguage\":\"es\"},{\"@type\":\"Organization\",\"@id\":\"https:\\\/\\\/diariotextual.com\\\/inicio\\\/#organization\",\"name\":\"Diario Textual\",\"url\":\"https:\\\/\\\/diariotextual.com\\\/inicio\\\/\",\"logo\":{\"@type\":\"ImageObject\",\"inLanguage\":\"es\",\"@id\":\"https:\\\/\\\/diariotextual.com\\\/inicio\\\/#\\\/schema\\\/logo\\\/image\\\/\",\"url\":\"https:\\\/\\\/diariotextual.com\\\/inicio\\\/wp-content\\\/uploads\\\/2023\\\/05\\\/logotextual1.jpg\",\"contentUrl\":\"https:\\\/\\\/diariotextual.com\\\/inicio\\\/wp-content\\\/uploads\\\/2023\\\/05\\\/logotextual1.jpg\",\"width\":516,\"height\":76,\"caption\":\"Diario Textual\"},\"image\":{\"@id\":\"https:\\\/\\\/diariotextual.com\\\/inicio\\\/#\\\/schema\\\/logo\\\/image\\\/\"},\"sameAs\":[\"https:\\\/\\\/www.facebook.com\\\/eltextual\",\"https:\\\/\\\/x.com\\\/eltextual\",\"http:\\\/\\\/www.instagram.com\\\/eltextual\"]},{\"@type\":\"Person\",\"@id\":\"https:\\\/\\\/diariotextual.com\\\/inicio\\\/#\\\/schema\\\/person\\\/418fc4093c33e86ed41562db3508f958\",\"name\":\"Diario1 Diario1\",\"image\":{\"@type\":\"ImageObject\",\"inLanguage\":\"es\",\"@id\":\"https:\\\/\\\/secure.gravatar.com\\\/avatar\\\/9167d280179c85bc18be67aa7eda765854300033af4896dd779b608640f2ef7a?s=96&d=mm&r=g\",\"url\":\"https:\\\/\\\/secure.gravatar.com\\\/avatar\\\/9167d280179c85bc18be67aa7eda765854300033af4896dd779b608640f2ef7a?s=96&d=mm&r=g\",\"contentUrl\":\"https:\\\/\\\/secure.gravatar.com\\\/avatar\\\/9167d280179c85bc18be67aa7eda765854300033af4896dd779b608640f2ef7a?s=96&d=mm&r=g\",\"caption\":\"Diario1 Diario1\"},\"url\":\"https:\\\/\\\/diariotextual.com\\\/inicio\\\/index.php\\\/author\\\/diario1\\\/\"}]}<\/script>\n<!-- \/ Yoast SEO plugin. -->","yoast_head_json":{"title":"Otro encuentro en Villa Mirasol: el PJ profundiza su despliegue territorial y empieza a discutir la oferta electoral de 2027 - Diario Textual","robots":{"index":"index","follow":"follow","max-snippet":"max-snippet:-1","max-image-preview":"max-image-preview:large","max-video-preview":"max-video-preview:-1"},"canonical":"https:\/\/diariotextual.com\/inicio\/index.php\/2026\/09\/03\/otro-encuentro-en-villa-mirasol-el-pj-profundiza-su-despliegue-territorial-y-empieza-a-discutir-la-oferta-electoral-de-2027\/","og_locale":"es_ES","og_type":"article","og_title":"Otro encuentro en Villa Mirasol: el PJ profundiza su despliegue territorial y empieza a discutir la oferta electoral de 2027 - Diario Textual","og_description":"El Partido Justicialista pampeano contin\u00faa con sus encuentros zonales y reuni\u00f3 en Villa Mirasol a dirigentes y referentes de distintas localidades del centro-este provincial. El encuentro sirvi\u00f3 para analizar la&hellip;","og_url":"https:\/\/diariotextual.com\/inicio\/index.php\/2026\/09\/03\/otro-encuentro-en-villa-mirasol-el-pj-profundiza-su-despliegue-territorial-y-empieza-a-discutir-la-oferta-electoral-de-2027\/","og_site_name":"Diario Textual","article_publisher":"https:\/\/www.facebook.com\/eltextual","article_published_time":"2026-09-03T23:36:30+00:00","article_modified_time":"2026-09-04T00:27:39+00:00","og_image":[{"width":1600,"height":1084,"url":"https:\/\/diariotextual.com\/inicio\/wp-content\/uploads\/2026\/09\/pjencuentrovillamirasol2026.jpg","type":"image\/jpeg"}],"author":"Diario1 Diario1","twitter_card":"summary_large_image","twitter_creator":"@eltextual","twitter_site":"@eltextual","twitter_misc":{"Escrito por":"Diario1 Diario1","Tiempo de lectura":"3 minutos"},"schema":{"@context":"https:\/\/schema.org","@graph":[{"@type":"Article","@id":"https:\/\/diariotextual.com\/inicio\/index.php\/2026\/09\/03\/otro-encuentro-en-villa-mirasol-el-pj-profundiza-su-despliegue-territorial-y-empieza-a-discutir-la-oferta-electoral-de-2027\/#article","isPartOf":{"@id":"https:\/\/diariotextual.com\/inicio\/index.php\/2026\/09\/03\/otro-encuentro-en-villa-mirasol-el-pj-profundiza-su-despliegue-territorial-y-empieza-a-discutir-la-oferta-electoral-de-2027\/"},"author":{"name":"Diario1 Diario1","@id":"https:\/\/diariotextual.com\/inicio\/#\/schema\/person\/418fc4093c33e86ed41562db3508f958"},"headline":"Otro encuentro en Villa Mirasol: el PJ profundiza su despliegue territorial y empieza a discutir la oferta electoral de 2027","datePublished":"2026-09-03T23:36:30+00:00","dateModified":"2026-09-04T00:27:39+00:00","mainEntityOfPage":{"@id":"https:\/\/diariotextual.com\/inicio\/index.php\/2026\/09\/03\/otro-encuentro-en-villa-mirasol-el-pj-profundiza-su-despliegue-territorial-y-empieza-a-discutir-la-oferta-electoral-de-2027\/"},"wordCount":499,"publisher":{"@id":"https:\/\/diariotextual.com\/inicio\/#organization"},"image":{"@id":"https:\/\/diariotextual.com\/inicio\/index.php\/2026\/09\/03\/otro-encuentro-en-villa-mirasol-el-pj-profundiza-su-despliegue-territorial-y-empieza-a-discutir-la-oferta-electoral-de-2027\/#primaryimage"},"thumbnailUrl":"https:\/\/diariotextual.com\/inicio\/wp-content\/uploads\/2026\/09\/pjencuentrovillamirasol2026.jpg","articleSection":["A - PORTADA2","POLITICA"],"inLanguage":"es"},{"@type":"WebPage","@id":"https:\/\/diariotextual.com\/inicio\/index.php\/2026\/09\/03\/otro-encuentro-en-villa-mirasol-el-pj-profundiza-su-despliegue-territorial-y-empieza-a-discutir-la-oferta-electoral-de-2027\/","url":"https:\/\/diariotextual.com\/inicio\/index.php\/2026\/09\/03\/otro-encuentro-en-villa-mirasol-el-pj-profundiza-su-despliegue-territorial-y-empieza-a-discutir-la-oferta-electoral-de-2027\/","name":"Otro encuentro en Villa Mirasol: el PJ profundiza su despliegue territorial y empieza a discutir la oferta electoral de 2027 - Diario Textual","isPartOf":{"@id":"https:\/\/diariotextual.com\/inicio\/#website"},"primaryImageOfPage":{"@id":"https:\/\/diariotextual.com\/inicio\/index.php\/2026\/09\/03\/otro-encuentro-en-villa-mirasol-el-pj-profundiza-su-despliegue-territorial-y-empieza-a-discutir-la-oferta-electoral-de-2027\/#primaryimage"},"image":{"@id":"https:\/\/diariotextual.com\/inicio\/index.php\/2026\/09\/03\/otro-encuentro-en-villa-mirasol-el-pj-profundiza-su-despliegue-territorial-y-empieza-a-discutir-la-oferta-electoral-de-2027\/#primaryimage"},"thumbnailUrl":"https:\/\/diariotextual.com\/inicio\/wp-content\/uploads\/2026\/09\/pjencuentrovillamirasol2026.jpg","datePublished":"2026-09-03T23:36:30+00:00","dateModified":"2026-09-04T00:27:39+00:00","breadcrumb":{"@id":"https:\/\/diariotextual.com\/inicio\/index.php\/2026\/09\/03\/otro-encuentro-en-villa-mirasol-el-pj-profundiza-su-despliegue-territorial-y-empieza-a-discutir-la-oferta-electoral-de-2027\/#breadcrumb"},"inLanguage":"es","potentialAction":[{"@type":"ReadAction","target":["https:\/\/diariotextual.com\/inicio\/index.php\/2026\/09\/03\/otro-encuentro-en-villa-mirasol-el-pj-profundiza-su-despliegue-territorial-y-empieza-a-discutir-la-oferta-electoral-de-2027\/"]}]},{"@type":"ImageObject","inLanguage":"es","@id":"https:\/\/diariotextual.com\/inicio\/index.php\/2026\/09\/03\/otro-encuentro-en-villa-mirasol-el-pj-profundiza-su-despliegue-territorial-y-empieza-a-discutir-la-oferta-electoral-de-2027\/#primaryimage","url":"https:\/\/diariotextual.com\/inicio\/wp-content\/uploads\/2026\/09\/pjencuentrovillamirasol2026.jpg","contentUrl":"https:\/\/diariotextual.com\/inicio\/wp-content\/uploads\/2026\/09\/pjencuentrovillamirasol2026.jpg","width":1600,"height":1084},{"@type":"BreadcrumbList","@id":"https:\/\/diariotextual.com\/inicio\/index.php\/2026\/09\/03\/otro-encuentro-en-villa-mirasol-el-pj-profundiza-su-despliegue-territorial-y-empieza-a-discutir-la-oferta-electoral-de-2027\/#breadcrumb","itemListElement":[{"@type":"ListItem","position":1,"name":"Portada","item":"https:\/\/diariotextual.com\/inicio\/"},{"@type":"ListItem","position":2,"name":"Otro encuentro en Villa Mirasol: el PJ profundiza su despliegue territorial y empieza a discutir la oferta electoral de 2027"}]},{"@type":"WebSite","@id":"https:\/\/diariotextual.com\/inicio\/#website","url":"https:\/\/diariotextual.com\/inicio\/","name":"Diario Textual","description":"","publisher":{"@id":"https:\/\/diariotextual.com\/inicio\/#organization"},"potentialAction":[{"@type":"SearchAction","target":{"@type":"EntryPoint","urlTemplate":"https:\/\/diariotextual.com\/inicio\/?s={search_term_string}"},"query-input":{"@type":"PropertyValueSpecification","valueRequired":true,"valueName":"search_term_string"}}],"inLanguage":"es"},{"@type":"Organization","@id":"https:\/\/diariotextual.com\/inicio\/#organization","name":"Diario Textual","url":"https:\/\/diariotextual.com\/inicio\/","logo":{"@type":"ImageObject","inLanguage":"es","@id":"https:\/\/diariotextual.com\/inicio\/#\/schema\/logo\/image\/","url":"https:\/\/diariotextual.com\/inicio\/wp-content\/uploads\/2023\/05\/logotextual1.jpg","contentUrl":"https:\/\/diariotextual.com\/inicio\/wp-content\/uploads\/2023\/05\/logotextual1.jpg","width":516,"height":76,"caption":"Diario Textual"},"image":{"@id":"https:\/\/diariotextual.com\/inicio\/#\/schema\/logo\/image\/"},"sameAs":["https:\/\/www.facebook.com\/eltextual","https:\/\/x.com\/eltextual","http:\/\/www.instagram.com\/eltextual"]},{"@type":"Person","@id":"https:\/\/diariotextual.com\/inicio\/#\/schema\/person\/418fc4093c33e86ed41562db3508f958","name":"Diario1 Diario1","image":{"@type":"ImageObject","inLanguage":"es","@id":"https:\/\/secure.gravatar.com\/avatar\/9167d280179c85bc18be67aa7eda765854300033af4896dd779b608640f2ef7a?s=96&d=mm&r=g","url":"https:\/\/secure.gravatar.com\/avatar\/9167d280179c85bc18be67aa7eda765854300033af4896dd779b608640f2ef7a?s=96&d=mm&r=g","contentUrl":"https:\/\/secure.gravatar.com\/avatar\/9167d280179c85bc18be67aa7eda765854300033af4896dd779b608640f2ef7a?s=96&d=mm&r=g","caption":"Diario1 Diario1"},"url":"https:\/\/diariotextual.com\/inicio\/index.php\/author\/diario1\/"}]}},"_links":{"self":[{"href":"https:\/\/diariotextual.com\/inicio\/index.php\/wp-json\/wp\/v2\/posts\/334471","targetHints":{"allow":["GET"]}}],"collection":[{"href":"https:\/\/diariotextual.com\/inicio\/index.php\/wp-json\/wp\/v2\/posts"}],"about":[{"href":"https:\/\/diariotextual.com\/inicio\/index.php\/wp-json\/wp\/v2\/types\/post"}],"author":[{"embeddable":true,"href":"https:\/\/diariotextual.com\/inicio\/index.php\/wp-json\/wp\/v2\/users\/3"}],"replies":[{"embeddable":true,"href":"https:\/\/diariotextual.com\/inicio\/index.php\/wp-json\/wp\/v2\/comments?post=334471"}],"version-history":[{"count":3,"href":"https:\/\/diariotextual.com\/inicio\/index.php\/wp-json\/wp\/v2\/posts\/334471\/revisions"}],"predecessor-version":[{"id":334474,"href":"https:\/\/diariotextual.com\/inicio\/index.php\/wp-json\/wp\/v2\/posts\/334471\/revisions\/334474"}],"wp:featuredmedia":[{"embeddable":true,"href":"https:\/\/diariotextual.com\/inicio\/index.php\/wp-json\/wp\/v2\/media\/334476"}],"wp:attachment":[{"href":"https:\/\/diariotextual.com\/inicio\/index.php\/wp-json\/wp\/v2\/media?parent=334471"}],"wp:term":[{"taxonomy":"category","embeddable":true,"href":"https:\/\/diariotextual.com\/inicio\/index.php\/wp-json\/wp\/v2\/categories?post=334471"},{"taxonomy":"post_tag","embeddable":true,"href":"https:\/\/diariotextual.com\/inicio\/index.php\/wp-json\/wp\/v2\/tags?post=334471"}],"curies":[{"name":"wp","href":"https:\/\/api.w.org\/{rel}","templated":true}]}}