{"id":334475,"date":"2026-09-03T20:38:55","date_gmt":"2026-09-03T23:38:55","guid":{"rendered":"https:\/\/diariotextual.com\/inicio\/?p=334475"},"modified":"2026-09-03T20:38:59","modified_gmt":"2026-09-03T23:38:59","slug":"diputada-propone-establecer-la-edad-de-mayoria-digital-para-uso-de-redes-sociales-en-argentina","status":"publish","type":"post","link":"https:\/\/diariotextual.com\/inicio\/index.php\/2026\/09\/03\/diputada-propone-establecer-la-edad-de-mayoria-digital-para-uso-de-redes-sociales-en-argentina\/","title":{"rendered":"Diputada propone establecer la edad de \u201cmayor\u00eda digital\u201d para uso de redes sociales en Argentina"},"content":{"rendered":"\n<p class=\"wp-block-paragraph\">Bajo la premisa de <strong>copiar el sistema franc\u00e9s<\/strong>, la <strong>diputada nacional Carolina Basualdo<\/strong> present\u00f3 un<strong> proyecto de ley para establecer la \u201cmayor\u00eda digital\u201d en Argentina desde los 15 a\u00f1os<\/strong>. La iniciativa propone que el <strong>ingreso de los menores a las redes sociales pase a ser una corresponsabilidad de las familias, del Estado y de las empresas<\/strong> proveedoras de servicio.<\/p>\n\n\n\n<p class=\"wp-block-paragraph\">El \u00faltimo informe \u201cKids Online 2025\u201d, elaborado por Unicef, arroj\u00f3 que la mitad de los ni\u00f1os, ni\u00f1as y adolescentes de Argentina percibe alg\u00fan tipo de uso problem\u00e1tico con internet, celulares o los videojuegos. Asimismo, los resultados que indicaron que <strong>el 58% de los j\u00f3venes utiliz\u00f3 al menos una vez la Inteligencia Artificial y dos de cada tres<\/strong> lo ha hecho con prop\u00f3sitos escolares.<\/p>\n\n\n\n<p class=\"wp-block-paragraph\">En el primer art\u00edculo del proyecto, el cual tiene giro a las comisiones de Familias, Ni\u00f1ez y Juventudes y a Comunicaciones e Inform\u00e1tica, Basualdo propone que <strong>las personas menores de quince a\u00f1os solo podr\u00e1n crear o mantener un perfil en una red social con el consentimiento previo, libre e informado<\/strong> de quienes ejerzan la responsabilidad parental, la tutela o la guarda.<\/p>\n\n\n\n<p class=\"wp-block-paragraph\">Del mismo modo, defini\u00f3 que se entiende por red social a toda plataforma digital que permita a las personas usuarias crear un perfil, generar o compartir contenidos e interactuar de manera p\u00fablica o privada, cuyo funcionamiento se sustente en sistemas de recomendaci\u00f3n de contenidos.<\/p>\n\n\n\n<p class=\"wp-block-paragraph\">La propuesta normativa busca que las empresas proveedoras de redes sociales implementen sistemas de verificaci\u00f3n de edad, pero que mantengan la protecci\u00f3n de los datos personales.<\/p>\n\n\n\n<p class=\"wp-block-paragraph\">En el mismo sentido, <strong>fija las multas por incumplimiento que van desde los 100 a los 100.000 Salarios M\u00ednimos, Vitales y M\u00f3viles, actualmente fijado en $ 383.800.<\/strong> Tambi\u00e9n deja abierta la posibilidad de la suspensi\u00f3n de la plataforma, de forma total o parcial.<\/p>\n\n\n\n<p class=\"wp-block-paragraph\">En los fundamentos, la cordobesa tom\u00f3 como ejemplo el modelo adoptado recientemente por la Rep\u00fablica Francesa, primer Estado de la Uni\u00f3n Europea en consagrar una barrera etaria de esta naturaleza en su legislaci\u00f3n nacional. \u201cSe busca que el ingreso de las ni\u00f1as, ni\u00f1os y adolescentes a las redes sociales deje de regirse por el mero autocontrol y pase a estar acompa\u00f1ado por la corresponsabilidad de las familias, del Estado y de las empresas proveedoras del servicio\u201d, explic\u00f3.<\/p>\n\n\n\n<p class=\"wp-block-paragraph\">Basualdo mencion\u00f3 una expectativa doble de cara al avance de este proyecto. Primero, destac\u00f3 el esquema de protecci\u00f3n sobre los menores de edad frente a los riesgos del entorno digital; y segundo, el traslado de la responsabilidad a las empresas proveedoras para garantizar entornos seguros.<\/p>\n\n\n\n<figure class=\"wp-block-embed is-type-wp-embed is-provider-diario-textual wp-block-embed-diario-textual\"><div class=\"wp-block-embed__wrapper\">\n<blockquote class=\"wp-embedded-content\" data-secret=\"yC6XY77s7a\"><a href=\"https:\/\/diariotextual.com\/inicio\/index.php\/2026\/07\/21\/francia-aprobo-la-prohibicion-de-las-redes-sociales-a-los-menores-de-15-anos\/\">Francia aprob\u00f3 la prohibici\u00f3n de las redes sociales a los menores de 15 a\u00f1os<\/a><\/blockquote><iframe class=\"wp-embedded-content\" sandbox=\"allow-scripts\" security=\"restricted\" style=\"position: absolute; visibility: hidden;\" title=\"\u00abFrancia aprob\u00f3 la prohibici\u00f3n de las redes sociales a los menores de 15 a\u00f1os\u00bb \u2014 Diario Textual\" src=\"https:\/\/diariotextual.com\/inicio\/index.php\/2026\/07\/21\/francia-aprobo-la-prohibicion-de-las-redes-sociales-a-los-menores-de-15-anos\/embed\/#?secret=GZLJJDhm6I#?secret=yC6XY77s7a\" data-secret=\"yC6XY77s7a\" width=\"600\" height=\"338\" frameborder=\"0\" marginwidth=\"0\" marginheight=\"0\" scrolling=\"no\"><\/iframe>\n<\/div><\/figure>\n","protected":false},"excerpt":{"rendered":"<p>Bajo la premisa de copiar el sistema franc\u00e9s, la diputada nacional Carolina Basualdo present\u00f3 un proyecto de ley para establecer la \u201cmayor\u00eda digital\u201d en Argentina desde los 15 a\u00f1os. La&hellip;<\/p>\n","protected":false},"author":5,"featured_media":87548,"comment_status":"closed","ping_status":"open","sticky":false,"template":"","format":"standard","meta":{"_acf_changed":false,"footnotes":""},"categories":[4,12],"tags":[],"class_list":["post-334475","post","type-post","status-publish","format-standard","has-post-thumbnail","hentry","category-destacadas","category-sociedad"],"acf":[],"yoast_head":"<!-- This site is optimized with the Yoast SEO plugin v28.4 - https:\/\/yoast.com\/product\/yoast-seo-wordpress\/ -->\n<title>Diputada propone establecer la edad de \u201cmayor\u00eda digital\u201d para uso de redes sociales en Argentina - Diario Textual<\/title>\n<meta name=\"robots\" content=\"index, follow, max-snippet:-1, max-image-preview:large, max-video-preview:-1\" \/>\n<link rel=\"canonical\" href=\"https:\/\/diariotextual.com\/inicio\/index.php\/2026\/09\/03\/diputada-propone-establecer-la-edad-de-mayoria-digital-para-uso-de-redes-sociales-en-argentina\/\" \/>\n<meta property=\"og:locale\" content=\"es_ES\" \/>\n<meta property=\"og:type\" content=\"article\" \/>\n<meta property=\"og:title\" content=\"Diputada propone establecer la edad de \u201cmayor\u00eda digital\u201d para uso de redes sociales en Argentina - Diario Textual\" \/>\n<meta property=\"og:description\" content=\"Bajo la premisa de copiar el sistema franc\u00e9s, la diputada nacional Carolina Basualdo present\u00f3 un proyecto de ley para establecer la \u201cmayor\u00eda digital\u201d en Argentina desde los 15 a\u00f1os. La&hellip;\" \/>\n<meta property=\"og:url\" content=\"https:\/\/diariotextual.com\/inicio\/index.php\/2026\/09\/03\/diputada-propone-establecer-la-edad-de-mayoria-digital-para-uso-de-redes-sociales-en-argentina\/\" \/>\n<meta property=\"og:site_name\" content=\"Diario Textual\" \/>\n<meta property=\"article:publisher\" content=\"https:\/\/www.facebook.com\/eltextual\" \/>\n<meta property=\"article:published_time\" content=\"2026-09-03T23:38:55+00:00\" \/>\n<meta property=\"article:modified_time\" content=\"2026-09-03T23:38:59+00:00\" \/>\n<meta property=\"og:image\" content=\"https:\/\/diariotextual.com\/inicio\/wp-content\/uploads\/2020\/04\/instagram777.jpg\" \/>\n\t<meta property=\"og:image:width\" content=\"626\" \/>\n\t<meta property=\"og:image:height\" content=\"417\" \/>\n\t<meta property=\"og:image:type\" content=\"image\/jpeg\" \/>\n<meta name=\"author\" content=\"diario3\" \/>\n<meta name=\"twitter:card\" content=\"summary_large_image\" \/>\n<meta name=\"twitter:creator\" content=\"@eltextual\" \/>\n<meta name=\"twitter:site\" content=\"@eltextual\" \/>\n<meta name=\"twitter:label1\" content=\"Escrito por\" \/>\n\t<meta name=\"twitter:data1\" content=\"diario3\" \/>\n\t<meta name=\"twitter:label2\" content=\"Tiempo de lectura\" \/>\n\t<meta name=\"twitter:data2\" content=\"3 minutos\" \/>\n<script type=\"application\/ld+json\" class=\"yoast-schema-graph\">{\"@context\":\"https:\\\/\\\/schema.org\",\"@graph\":[{\"@type\":\"Article\",\"@id\":\"https:\\\/\\\/diariotextual.com\\\/inicio\\\/index.php\\\/2026\\\/09\\\/03\\\/diputada-propone-establecer-la-edad-de-mayoria-digital-para-uso-de-redes-sociales-en-argentina\\\/#article\",\"isPartOf\":{\"@id\":\"https:\\\/\\\/diariotextual.com\\\/inicio\\\/index.php\\\/2026\\\/09\\\/03\\\/diputada-propone-establecer-la-edad-de-mayoria-digital-para-uso-de-redes-sociales-en-argentina\\\/\"},\"author\":{\"name\":\"diario3\",\"@id\":\"https:\\\/\\\/diariotextual.com\\\/inicio\\\/#\\\/schema\\\/person\\\/a1b6f563e0ee944c60f98119389a4d9f\"},\"headline\":\"Diputada propone establecer la edad de \u201cmayor\u00eda digital\u201d para uso de redes sociales en Argentina\",\"datePublished\":\"2026-09-03T23:38:55+00:00\",\"dateModified\":\"2026-09-03T23:38:59+00:00\",\"mainEntityOfPage\":{\"@id\":\"https:\\\/\\\/diariotextual.com\\\/inicio\\\/index.php\\\/2026\\\/09\\\/03\\\/diputada-propone-establecer-la-edad-de-mayoria-digital-para-uso-de-redes-sociales-en-argentina\\\/\"},\"wordCount\":464,\"publisher\":{\"@id\":\"https:\\\/\\\/diariotextual.com\\\/inicio\\\/#organization\"},\"image\":{\"@id\":\"https:\\\/\\\/diariotextual.com\\\/inicio\\\/index.php\\\/2026\\\/09\\\/03\\\/diputada-propone-establecer-la-edad-de-mayoria-digital-para-uso-de-redes-sociales-en-argentina\\\/#primaryimage\"},\"thumbnailUrl\":\"https:\\\/\\\/diariotextual.com\\\/inicio\\\/wp-content\\\/uploads\\\/2020\\\/04\\\/instagram777.jpg\",\"articleSection\":[\"A - DESTACADAS (mod 16)\",\"SOCIEDAD\"],\"inLanguage\":\"es\"},{\"@type\":\"WebPage\",\"@id\":\"https:\\\/\\\/diariotextual.com\\\/inicio\\\/index.php\\\/2026\\\/09\\\/03\\\/diputada-propone-establecer-la-edad-de-mayoria-digital-para-uso-de-redes-sociales-en-argentina\\\/\",\"url\":\"https:\\\/\\\/diariotextual.com\\\/inicio\\\/index.php\\\/2026\\\/09\\\/03\\\/diputada-propone-establecer-la-edad-de-mayoria-digital-para-uso-de-redes-sociales-en-argentina\\\/\",\"name\":\"Diputada propone establecer la edad de \u201cmayor\u00eda digital\u201d para uso de redes sociales en Argentina - Diario Textual\",\"isPartOf\":{\"@id\":\"https:\\\/\\\/diariotextual.com\\\/inicio\\\/#website\"},\"primaryImageOfPage\":{\"@id\":\"https:\\\/\\\/diariotextual.com\\\/inicio\\\/index.php\\\/2026\\\/09\\\/03\\\/diputada-propone-establecer-la-edad-de-mayoria-digital-para-uso-de-redes-sociales-en-argentina\\\/#primaryimage\"},\"image\":{\"@id\":\"https:\\\/\\\/diariotextual.com\\\/inicio\\\/index.php\\\/2026\\\/09\\\/03\\\/diputada-propone-establecer-la-edad-de-mayoria-digital-para-uso-de-redes-sociales-en-argentina\\\/#primaryimage\"},\"thumbnailUrl\":\"https:\\\/\\\/diariotextual.com\\\/inicio\\\/wp-content\\\/uploads\\\/2020\\\/04\\\/instagram777.jpg\",\"datePublished\":\"2026-09-03T23:38:55+00:00\",\"dateModified\":\"2026-09-03T23:38:59+00:00\",\"breadcrumb\":{\"@id\":\"https:\\\/\\\/diariotextual.com\\\/inicio\\\/index.php\\\/2026\\\/09\\\/03\\\/diputada-propone-establecer-la-edad-de-mayoria-digital-para-uso-de-redes-sociales-en-argentina\\\/#breadcrumb\"},\"inLanguage\":\"es\",\"potentialAction\":[{\"@type\":\"ReadAction\",\"target\":[\"https:\\\/\\\/diariotextual.com\\\/inicio\\\/index.php\\\/2026\\\/09\\\/03\\\/diputada-propone-establecer-la-edad-de-mayoria-digital-para-uso-de-redes-sociales-en-argentina\\\/\"]}]},{\"@type\":\"ImageObject\",\"inLanguage\":\"es\",\"@id\":\"https:\\\/\\\/diariotextual.com\\\/inicio\\\/index.php\\\/2026\\\/09\\\/03\\\/diputada-propone-establecer-la-edad-de-mayoria-digital-para-uso-de-redes-sociales-en-argentina\\\/#primaryimage\",\"url\":\"https:\\\/\\\/diariotextual.com\\\/inicio\\\/wp-content\\\/uploads\\\/2020\\\/04\\\/instagram777.jpg\",\"contentUrl\":\"https:\\\/\\\/diariotextual.com\\\/inicio\\\/wp-content\\\/uploads\\\/2020\\\/04\\\/instagram777.jpg\",\"width\":626,\"height\":417},{\"@type\":\"BreadcrumbList\",\"@id\":\"https:\\\/\\\/diariotextual.com\\\/inicio\\\/index.php\\\/2026\\\/09\\\/03\\\/diputada-propone-establecer-la-edad-de-mayoria-digital-para-uso-de-redes-sociales-en-argentina\\\/#breadcrumb\",\"itemListElement\":[{\"@type\":\"ListItem\",\"position\":1,\"name\":\"Portada\",\"item\":\"https:\\\/\\\/diariotextual.com\\\/inicio\\\/\"},{\"@type\":\"ListItem\",\"position\":2,\"name\":\"Diputada propone establecer la edad de \u201cmayor\u00eda digital\u201d para uso de redes sociales en Argentina\"}]},{\"@type\":\"WebSite\",\"@id\":\"https:\\\/\\\/diariotextual.com\\\/inicio\\\/#website\",\"url\":\"https:\\\/\\\/diariotextual.com\\\/inicio\\\/\",\"name\":\"Diario Textual\",\"description\":\"\",\"publisher\":{\"@id\":\"https:\\\/\\\/diariotextual.com\\\/inicio\\\/#organization\"},\"potentialAction\":[{\"@type\":\"SearchAction\",\"target\":{\"@type\":\"EntryPoint\",\"urlTemplate\":\"https:\\\/\\\/diariotextual.com\\\/inicio\\\/?s={search_term_string}\"},\"query-input\":{\"@type\":\"PropertyValueSpecification\",\"valueRequired\":true,\"valueName\":\"search_term_string\"}}],\"inLanguage\":\"es\"},{\"@type\":\"Organization\",\"@id\":\"https:\\\/\\\/diariotextual.com\\\/inicio\\\/#organization\",\"name\":\"Diario Textual\",\"url\":\"https:\\\/\\\/diariotextual.com\\\/inicio\\\/\",\"logo\":{\"@type\":\"ImageObject\",\"inLanguage\":\"es\",\"@id\":\"https:\\\/\\\/diariotextual.com\\\/inicio\\\/#\\\/schema\\\/logo\\\/image\\\/\",\"url\":\"https:\\\/\\\/diariotextual.com\\\/inicio\\\/wp-content\\\/uploads\\\/2023\\\/05\\\/logotextual1.jpg\",\"contentUrl\":\"https:\\\/\\\/diariotextual.com\\\/inicio\\\/wp-content\\\/uploads\\\/2023\\\/05\\\/logotextual1.jpg\",\"width\":516,\"height\":76,\"caption\":\"Diario Textual\"},\"image\":{\"@id\":\"https:\\\/\\\/diariotextual.com\\\/inicio\\\/#\\\/schema\\\/logo\\\/image\\\/\"},\"sameAs\":[\"https:\\\/\\\/www.facebook.com\\\/eltextual\",\"https:\\\/\\\/x.com\\\/eltextual\",\"http:\\\/\\\/www.instagram.com\\\/eltextual\"]},{\"@type\":\"Person\",\"@id\":\"https:\\\/\\\/diariotextual.com\\\/inicio\\\/#\\\/schema\\\/person\\\/a1b6f563e0ee944c60f98119389a4d9f\",\"name\":\"diario3\",\"image\":{\"@type\":\"ImageObject\",\"inLanguage\":\"es\",\"@id\":\"https:\\\/\\\/secure.gravatar.com\\\/avatar\\\/5e7ee62c82fc04d9dd79d746a390d93c69c43223e5faeeb3ea9461ef752bfc5d?s=96&d=mm&r=g\",\"url\":\"https:\\\/\\\/secure.gravatar.com\\\/avatar\\\/5e7ee62c82fc04d9dd79d746a390d93c69c43223e5faeeb3ea9461ef752bfc5d?s=96&d=mm&r=g\",\"contentUrl\":\"https:\\\/\\\/secure.gravatar.com\\\/avatar\\\/5e7ee62c82fc04d9dd79d746a390d93c69c43223e5faeeb3ea9461ef752bfc5d?s=96&d=mm&r=g\",\"caption\":\"diario3\"},\"url\":\"https:\\\/\\\/diariotextual.com\\\/inicio\\\/index.php\\\/author\\\/diario3\\\/\"}]}<\/script>\n<!-- \/ Yoast SEO plugin. -->","yoast_head_json":{"title":"Diputada propone establecer la edad de \u201cmayor\u00eda digital\u201d para uso de redes sociales en Argentina - Diario Textual","robots":{"index":"index","follow":"follow","max-snippet":"max-snippet:-1","max-image-preview":"max-image-preview:large","max-video-preview":"max-video-preview:-1"},"canonical":"https:\/\/diariotextual.com\/inicio\/index.php\/2026\/09\/03\/diputada-propone-establecer-la-edad-de-mayoria-digital-para-uso-de-redes-sociales-en-argentina\/","og_locale":"es_ES","og_type":"article","og_title":"Diputada propone establecer la edad de \u201cmayor\u00eda digital\u201d para uso de redes sociales en Argentina - Diario Textual","og_description":"Bajo la premisa de copiar el sistema franc\u00e9s, la diputada nacional Carolina Basualdo present\u00f3 un proyecto de ley para establecer la \u201cmayor\u00eda digital\u201d en Argentina desde los 15 a\u00f1os. La&hellip;","og_url":"https:\/\/diariotextual.com\/inicio\/index.php\/2026\/09\/03\/diputada-propone-establecer-la-edad-de-mayoria-digital-para-uso-de-redes-sociales-en-argentina\/","og_site_name":"Diario Textual","article_publisher":"https:\/\/www.facebook.com\/eltextual","article_published_time":"2026-09-03T23:38:55+00:00","article_modified_time":"2026-09-03T23:38:59+00:00","og_image":[{"width":626,"height":417,"url":"https:\/\/diariotextual.com\/inicio\/wp-content\/uploads\/2020\/04\/instagram777.jpg","type":"image\/jpeg"}],"author":"diario3","twitter_card":"summary_large_image","twitter_creator":"@eltextual","twitter_site":"@eltextual","twitter_misc":{"Escrito por":"diario3","Tiempo de lectura":"3 minutos"},"schema":{"@context":"https:\/\/schema.org","@graph":[{"@type":"Article","@id":"https:\/\/diariotextual.com\/inicio\/index.php\/2026\/09\/03\/diputada-propone-establecer-la-edad-de-mayoria-digital-para-uso-de-redes-sociales-en-argentina\/#article","isPartOf":{"@id":"https:\/\/diariotextual.com\/inicio\/index.php\/2026\/09\/03\/diputada-propone-establecer-la-edad-de-mayoria-digital-para-uso-de-redes-sociales-en-argentina\/"},"author":{"name":"diario3","@id":"https:\/\/diariotextual.com\/inicio\/#\/schema\/person\/a1b6f563e0ee944c60f98119389a4d9f"},"headline":"Diputada propone establecer la edad de \u201cmayor\u00eda digital\u201d para uso de redes sociales en Argentina","datePublished":"2026-09-03T23:38:55+00:00","dateModified":"2026-09-03T23:38:59+00:00","mainEntityOfPage":{"@id":"https:\/\/diariotextual.com\/inicio\/index.php\/2026\/09\/03\/diputada-propone-establecer-la-edad-de-mayoria-digital-para-uso-de-redes-sociales-en-argentina\/"},"wordCount":464,"publisher":{"@id":"https:\/\/diariotextual.com\/inicio\/#organization"},"image":{"@id":"https:\/\/diariotextual.com\/inicio\/index.php\/2026\/09\/03\/diputada-propone-establecer-la-edad-de-mayoria-digital-para-uso-de-redes-sociales-en-argentina\/#primaryimage"},"thumbnailUrl":"https:\/\/diariotextual.com\/inicio\/wp-content\/uploads\/2020\/04\/instagram777.jpg","articleSection":["A - DESTACADAS (mod 16)","SOCIEDAD"],"inLanguage":"es"},{"@type":"WebPage","@id":"https:\/\/diariotextual.com\/inicio\/index.php\/2026\/09\/03\/diputada-propone-establecer-la-edad-de-mayoria-digital-para-uso-de-redes-sociales-en-argentina\/","url":"https:\/\/diariotextual.com\/inicio\/index.php\/2026\/09\/03\/diputada-propone-establecer-la-edad-de-mayoria-digital-para-uso-de-redes-sociales-en-argentina\/","name":"Diputada propone establecer la edad de \u201cmayor\u00eda digital\u201d para uso de redes sociales en Argentina - Diario Textual","isPartOf":{"@id":"https:\/\/diariotextual.com\/inicio\/#website"},"primaryImageOfPage":{"@id":"https:\/\/diariotextual.com\/inicio\/index.php\/2026\/09\/03\/diputada-propone-establecer-la-edad-de-mayoria-digital-para-uso-de-redes-sociales-en-argentina\/#primaryimage"},"image":{"@id":"https:\/\/diariotextual.com\/inicio\/index.php\/2026\/09\/03\/diputada-propone-establecer-la-edad-de-mayoria-digital-para-uso-de-redes-sociales-en-argentina\/#primaryimage"},"thumbnailUrl":"https:\/\/diariotextual.com\/inicio\/wp-content\/uploads\/2020\/04\/instagram777.jpg","datePublished":"2026-09-03T23:38:55+00:00","dateModified":"2026-09-03T23:38:59+00:00","breadcrumb":{"@id":"https:\/\/diariotextual.com\/inicio\/index.php\/2026\/09\/03\/diputada-propone-establecer-la-edad-de-mayoria-digital-para-uso-de-redes-sociales-en-argentina\/#breadcrumb"},"inLanguage":"es","potentialAction":[{"@type":"ReadAction","target":["https:\/\/diariotextual.com\/inicio\/index.php\/2026\/09\/03\/diputada-propone-establecer-la-edad-de-mayoria-digital-para-uso-de-redes-sociales-en-argentina\/"]}]},{"@type":"ImageObject","inLanguage":"es","@id":"https:\/\/diariotextual.com\/inicio\/index.php\/2026\/09\/03\/diputada-propone-establecer-la-edad-de-mayoria-digital-para-uso-de-redes-sociales-en-argentina\/#primaryimage","url":"https:\/\/diariotextual.com\/inicio\/wp-content\/uploads\/2020\/04\/instagram777.jpg","contentUrl":"https:\/\/diariotextual.com\/inicio\/wp-content\/uploads\/2020\/04\/instagram777.jpg","width":626,"height":417},{"@type":"BreadcrumbList","@id":"https:\/\/diariotextual.com\/inicio\/index.php\/2026\/09\/03\/diputada-propone-establecer-la-edad-de-mayoria-digital-para-uso-de-redes-sociales-en-argentina\/#breadcrumb","itemListElement":[{"@type":"ListItem","position":1,"name":"Portada","item":"https:\/\/diariotextual.com\/inicio\/"},{"@type":"ListItem","position":2,"name":"Diputada propone establecer la edad de \u201cmayor\u00eda digital\u201d para uso de redes sociales en Argentina"}]},{"@type":"WebSite","@id":"https:\/\/diariotextual.com\/inicio\/#website","url":"https:\/\/diariotextual.com\/inicio\/","name":"Diario Textual","description":"","publisher":{"@id":"https:\/\/diariotextual.com\/inicio\/#organization"},"potentialAction":[{"@type":"SearchAction","target":{"@type":"EntryPoint","urlTemplate":"https:\/\/diariotextual.com\/inicio\/?s={search_term_string}"},"query-input":{"@type":"PropertyValueSpecification","valueRequired":true,"valueName":"search_term_string"}}],"inLanguage":"es"},{"@type":"Organization","@id":"https:\/\/diariotextual.com\/inicio\/#organization","name":"Diario Textual","url":"https:\/\/diariotextual.com\/inicio\/","logo":{"@type":"ImageObject","inLanguage":"es","@id":"https:\/\/diariotextual.com\/inicio\/#\/schema\/logo\/image\/","url":"https:\/\/diariotextual.com\/inicio\/wp-content\/uploads\/2023\/05\/logotextual1.jpg","contentUrl":"https:\/\/diariotextual.com\/inicio\/wp-content\/uploads\/2023\/05\/logotextual1.jpg","width":516,"height":76,"caption":"Diario Textual"},"image":{"@id":"https:\/\/diariotextual.com\/inicio\/#\/schema\/logo\/image\/"},"sameAs":["https:\/\/www.facebook.com\/eltextual","https:\/\/x.com\/eltextual","http:\/\/www.instagram.com\/eltextual"]},{"@type":"Person","@id":"https:\/\/diariotextual.com\/inicio\/#\/schema\/person\/a1b6f563e0ee944c60f98119389a4d9f","name":"diario3","image":{"@type":"ImageObject","inLanguage":"es","@id":"https:\/\/secure.gravatar.com\/avatar\/5e7ee62c82fc04d9dd79d746a390d93c69c43223e5faeeb3ea9461ef752bfc5d?s=96&d=mm&r=g","url":"https:\/\/secure.gravatar.com\/avatar\/5e7ee62c82fc04d9dd79d746a390d93c69c43223e5faeeb3ea9461ef752bfc5d?s=96&d=mm&r=g","contentUrl":"https:\/\/secure.gravatar.com\/avatar\/5e7ee62c82fc04d9dd79d746a390d93c69c43223e5faeeb3ea9461ef752bfc5d?s=96&d=mm&r=g","caption":"diario3"},"url":"https:\/\/diariotextual.com\/inicio\/index.php\/author\/diario3\/"}]}},"_links":{"self":[{"href":"https:\/\/diariotextual.com\/inicio\/index.php\/wp-json\/wp\/v2\/posts\/334475","targetHints":{"allow":["GET"]}}],"collection":[{"href":"https:\/\/diariotextual.com\/inicio\/index.php\/wp-json\/wp\/v2\/posts"}],"about":[{"href":"https:\/\/diariotextual.com\/inicio\/index.php\/wp-json\/wp\/v2\/types\/post"}],"author":[{"embeddable":true,"href":"https:\/\/diariotextual.com\/inicio\/index.php\/wp-json\/wp\/v2\/users\/5"}],"replies":[{"embeddable":true,"href":"https:\/\/diariotextual.com\/inicio\/index.php\/wp-json\/wp\/v2\/comments?post=334475"}],"version-history":[{"count":1,"href":"https:\/\/diariotextual.com\/inicio\/index.php\/wp-json\/wp\/v2\/posts\/334475\/revisions"}],"predecessor-version":[{"id":334477,"href":"https:\/\/diariotextual.com\/inicio\/index.php\/wp-json\/wp\/v2\/posts\/334475\/revisions\/334477"}],"wp:featuredmedia":[{"embeddable":true,"href":"https:\/\/diariotextual.com\/inicio\/index.php\/wp-json\/wp\/v2\/media\/87548"}],"wp:attachment":[{"href":"https:\/\/diariotextual.com\/inicio\/index.php\/wp-json\/wp\/v2\/media?parent=334475"}],"wp:term":[{"taxonomy":"category","embeddable":true,"href":"https:\/\/diariotextual.com\/inicio\/index.php\/wp-json\/wp\/v2\/categories?post=334475"},{"taxonomy":"post_tag","embeddable":true,"href":"https:\/\/diariotextual.com\/inicio\/index.php\/wp-json\/wp\/v2\/tags?post=334475"}],"curies":[{"name":"wp","href":"https:\/\/api.w.org\/{rel}","templated":true}]}}