{"id":334478,"date":"2026-09-03T20:44:26","date_gmt":"2026-09-03T23:44:26","guid":{"rendered":"https:\/\/diariotextual.com\/inicio\/?p=334478"},"modified":"2026-09-03T20:44:27","modified_gmt":"2026-09-03T23:44:27","slug":"escuelas-y-bibliotecas-pampeanas-se-preparan-para-dos-jornadas-dedicadas-a-la-lectura","status":"publish","type":"post","link":"https:\/\/diariotextual.com\/inicio\/index.php\/2026\/09\/03\/escuelas-y-bibliotecas-pampeanas-se-preparan-para-dos-jornadas-dedicadas-a-la-lectura\/","title":{"rendered":"Escuelas y bibliotecas pampeanas se preparan para dos jornadas dedicadas a la lectura"},"content":{"rendered":"\n<p class=\"wp-block-paragraph\">Las escuelas y bibliotecas populares de La Pampa tendr\u00e1n dos jornadas especiales para poner a la lectura en el centro de sus actividades. El <strong>Festival Provincial de Lectura #porm\u00e1slectura<\/strong> se desarrollar\u00e1 este martes 8 y mi\u00e9rcoles 9 de septiembre, en el marco del D\u00eda Internacional de la Alfabetizaci\u00f3n.<\/p>\n\n\n\n<p class=\"wp-block-paragraph\">La propuesta, impulsada por el Ministerio de Educaci\u00f3n provincial, convocar\u00e1 a instituciones de <strong>Nivel Inicial, Primario, Secundario, Modalidades y Nivel Superior<\/strong>, adem\u00e1s de bibliotecas populares de toda la provincia.<\/p>\n\n\n\n<p class=\"wp-block-paragraph\">El objetivo es visibilizar las experiencias que escuelas y bibliotecas desarrollan durante todo el a\u00f1o y generar un espacio de encuentro alrededor de los libros, las historias y la palabra.<\/p>\n\n\n\n<div style=\"height:100px\" aria-hidden=\"true\" class=\"wp-block-spacer\"><\/div>\n\n\n\n<h3 class=\"wp-block-heading\">Cada escuela podr\u00e1 construir su propia propuesta<\/h3>\n\n\n\n<p class=\"wp-block-paragraph\">El festival no plantea una actividad \u00fanica para todas las instituciones, sino que invita a cada comunidad educativa a encontrar su propia forma de participar.<\/p>\n\n\n\n<p class=\"wp-block-paragraph\">Entre las posibilidades aparecen <strong>leer en voz alta, recomendar un libro, compartir historias con las familias, recuperar relatos de la comunidad, armar o fortalecer una biblioteca, desarrollar actividades junto a una biblioteca popular o utilizar las radios escolares para hacer circular lecturas y producciones<\/strong>.<\/p>\n\n\n\n<p class=\"wp-block-paragraph\">Tambi\u00e9n se propone, simplemente, generar espacios de encuentro alrededor de un libro.<\/p>\n\n\n\n<p class=\"wp-block-paragraph\">Desde Educaci\u00f3n se\u00f1alaron que la iniciativa busca poner en valor el trabajo cotidiano que realizan docentes, estudiantes, familias y bibliotecarios para sostener la lectura como una pr\u00e1ctica que permite imaginar, conversar, descubrir historias y compartir producciones propias.<\/p>\n\n\n\n<div style=\"height:100px\" aria-hidden=\"true\" class=\"wp-block-spacer\"><\/div>\n\n\n\n<h3 class=\"wp-block-heading\">Transmisiones desde distintos puntos de La Pampa<\/h3>\n\n\n\n<p class=\"wp-block-paragraph\">Durante las dos jornadas se realizar\u00e1n transmisiones especiales v\u00eda streaming para mostrar parte de las actividades y recorrer experiencias de diferentes localidades pampeanas.<\/p>\n\n\n\n<p class=\"wp-block-paragraph\">El <strong>martes 8<\/strong>, la transmisi\u00f3n estar\u00e1 destinada a los niveles Inicial, Primario y Secundario y tendr\u00e1 dos bloques: de <strong>10 a 12<\/strong> y de <strong>14 a 16<\/strong>.<\/p>\n\n\n\n<p class=\"wp-block-paragraph\">El <strong>mi\u00e9rcoles 9<\/strong>, en tanto, ser\u00e1 el turno del <strong>Nivel Superior y la Educaci\u00f3n Permanente de J\u00f3venes y Adultos<\/strong>, con una transmisi\u00f3n de <strong>19 a 20.30<\/strong>.<\/p>\n\n\n\n<p class=\"wp-block-paragraph\">Adem\u00e1s, las instituciones y la comunidad podr\u00e1n enviar <strong>fotos, videos y audios<\/strong> realizados durante las jornadas para compartir sus experiencias en el marco del festival.<\/p>\n\n\n\n<p class=\"wp-block-paragraph\">Los materiales se recibir\u00e1n a trav\u00e9s de WhatsApp en el n\u00famero <strong>2954-862556<\/strong>.<\/p>\n","protected":false},"excerpt":{"rendered":"<p>Las escuelas y bibliotecas populares de La Pampa tendr\u00e1n dos jornadas especiales para poner a la lectura en el centro de sus actividades. El Festival Provincial de Lectura #porm\u00e1slectura se&hellip;<\/p>\n","protected":false},"author":4,"featured_media":21592,"comment_status":"closed","ping_status":"open","sticky":false,"template":"","format":"standard","meta":{"_acf_changed":false,"footnotes":""},"categories":[1,2],"tags":[],"class_list":["post-334478","post","type-post","status-publish","format-standard","has-post-thumbnail","hentry","category-es-noticia","category-cultura"],"acf":[],"yoast_head":"<!-- This site is optimized with the Yoast SEO plugin v28.4 - https:\/\/yoast.com\/product\/yoast-seo-wordpress\/ -->\n<title>Escuelas y bibliotecas pampeanas se preparan para dos jornadas dedicadas a la lectura - Diario Textual<\/title>\n<meta name=\"robots\" content=\"index, follow, max-snippet:-1, max-image-preview:large, max-video-preview:-1\" \/>\n<link rel=\"canonical\" href=\"https:\/\/diariotextual.com\/inicio\/index.php\/2026\/09\/03\/escuelas-y-bibliotecas-pampeanas-se-preparan-para-dos-jornadas-dedicadas-a-la-lectura\/\" \/>\n<meta property=\"og:locale\" content=\"es_ES\" \/>\n<meta property=\"og:type\" content=\"article\" \/>\n<meta property=\"og:title\" content=\"Escuelas y bibliotecas pampeanas se preparan para dos jornadas dedicadas a la lectura - Diario Textual\" \/>\n<meta property=\"og:description\" content=\"Las escuelas y bibliotecas populares de La Pampa tendr\u00e1n dos jornadas especiales para poner a la lectura en el centro de sus actividades. El Festival Provincial de Lectura #porm\u00e1slectura se&hellip;\" \/>\n<meta property=\"og:url\" content=\"https:\/\/diariotextual.com\/inicio\/index.php\/2026\/09\/03\/escuelas-y-bibliotecas-pampeanas-se-preparan-para-dos-jornadas-dedicadas-a-la-lectura\/\" \/>\n<meta property=\"og:site_name\" content=\"Diario Textual\" \/>\n<meta property=\"article:publisher\" content=\"https:\/\/www.facebook.com\/eltextual\" \/>\n<meta property=\"article:published_time\" content=\"2026-09-03T23:44:26+00:00\" \/>\n<meta property=\"article:modified_time\" content=\"2026-09-03T23:44:27+00:00\" \/>\n<meta property=\"og:image\" content=\"https:\/\/diariotextual.com\/inicio\/wp-content\/uploads\/2018\/09\/lecturalibrosnenesnenas21111.jpg\" \/>\n\t<meta property=\"og:image:width\" content=\"2047\" \/>\n\t<meta property=\"og:image:height\" content=\"1385\" \/>\n\t<meta property=\"og:image:type\" content=\"image\/jpeg\" \/>\n<meta name=\"author\" content=\"diario2\" \/>\n<meta name=\"twitter:card\" content=\"summary_large_image\" \/>\n<meta name=\"twitter:creator\" content=\"@eltextual\" \/>\n<meta name=\"twitter:site\" content=\"@eltextual\" \/>\n<meta name=\"twitter:label1\" content=\"Escrito por\" \/>\n\t<meta name=\"twitter:data1\" content=\"diario2\" \/>\n\t<meta name=\"twitter:label2\" content=\"Tiempo de lectura\" \/>\n\t<meta name=\"twitter:data2\" content=\"2 minutos\" \/>\n<script type=\"application\/ld+json\" class=\"yoast-schema-graph\">{\"@context\":\"https:\\\/\\\/schema.org\",\"@graph\":[{\"@type\":\"Article\",\"@id\":\"https:\\\/\\\/diariotextual.com\\\/inicio\\\/index.php\\\/2026\\\/09\\\/03\\\/escuelas-y-bibliotecas-pampeanas-se-preparan-para-dos-jornadas-dedicadas-a-la-lectura\\\/#article\",\"isPartOf\":{\"@id\":\"https:\\\/\\\/diariotextual.com\\\/inicio\\\/index.php\\\/2026\\\/09\\\/03\\\/escuelas-y-bibliotecas-pampeanas-se-preparan-para-dos-jornadas-dedicadas-a-la-lectura\\\/\"},\"author\":{\"name\":\"diario2\",\"@id\":\"https:\\\/\\\/diariotextual.com\\\/inicio\\\/#\\\/schema\\\/person\\\/694f60677f23c4a530867a98f22b3768\"},\"headline\":\"Escuelas y bibliotecas pampeanas se preparan para dos jornadas dedicadas a la lectura\",\"datePublished\":\"2026-09-03T23:44:26+00:00\",\"dateModified\":\"2026-09-03T23:44:27+00:00\",\"mainEntityOfPage\":{\"@id\":\"https:\\\/\\\/diariotextual.com\\\/inicio\\\/index.php\\\/2026\\\/09\\\/03\\\/escuelas-y-bibliotecas-pampeanas-se-preparan-para-dos-jornadas-dedicadas-a-la-lectura\\\/\"},\"wordCount\":379,\"publisher\":{\"@id\":\"https:\\\/\\\/diariotextual.com\\\/inicio\\\/#organization\"},\"image\":{\"@id\":\"https:\\\/\\\/diariotextual.com\\\/inicio\\\/index.php\\\/2026\\\/09\\\/03\\\/escuelas-y-bibliotecas-pampeanas-se-preparan-para-dos-jornadas-dedicadas-a-la-lectura\\\/#primaryimage\"},\"thumbnailUrl\":\"https:\\\/\\\/diariotextual.com\\\/inicio\\\/wp-content\\\/uploads\\\/2018\\\/09\\\/lecturalibrosnenesnenas21111.jpg\",\"articleSection\":[\"A - ES NOTICIA (van abajo)\",\"CULTURA\"],\"inLanguage\":\"es\"},{\"@type\":\"WebPage\",\"@id\":\"https:\\\/\\\/diariotextual.com\\\/inicio\\\/index.php\\\/2026\\\/09\\\/03\\\/escuelas-y-bibliotecas-pampeanas-se-preparan-para-dos-jornadas-dedicadas-a-la-lectura\\\/\",\"url\":\"https:\\\/\\\/diariotextual.com\\\/inicio\\\/index.php\\\/2026\\\/09\\\/03\\\/escuelas-y-bibliotecas-pampeanas-se-preparan-para-dos-jornadas-dedicadas-a-la-lectura\\\/\",\"name\":\"Escuelas y bibliotecas pampeanas se preparan para dos jornadas dedicadas a la lectura - Diario Textual\",\"isPartOf\":{\"@id\":\"https:\\\/\\\/diariotextual.com\\\/inicio\\\/#website\"},\"primaryImageOfPage\":{\"@id\":\"https:\\\/\\\/diariotextual.com\\\/inicio\\\/index.php\\\/2026\\\/09\\\/03\\\/escuelas-y-bibliotecas-pampeanas-se-preparan-para-dos-jornadas-dedicadas-a-la-lectura\\\/#primaryimage\"},\"image\":{\"@id\":\"https:\\\/\\\/diariotextual.com\\\/inicio\\\/index.php\\\/2026\\\/09\\\/03\\\/escuelas-y-bibliotecas-pampeanas-se-preparan-para-dos-jornadas-dedicadas-a-la-lectura\\\/#primaryimage\"},\"thumbnailUrl\":\"https:\\\/\\\/diariotextual.com\\\/inicio\\\/wp-content\\\/uploads\\\/2018\\\/09\\\/lecturalibrosnenesnenas21111.jpg\",\"datePublished\":\"2026-09-03T23:44:26+00:00\",\"dateModified\":\"2026-09-03T23:44:27+00:00\",\"breadcrumb\":{\"@id\":\"https:\\\/\\\/diariotextual.com\\\/inicio\\\/index.php\\\/2026\\\/09\\\/03\\\/escuelas-y-bibliotecas-pampeanas-se-preparan-para-dos-jornadas-dedicadas-a-la-lectura\\\/#breadcrumb\"},\"inLanguage\":\"es\",\"potentialAction\":[{\"@type\":\"ReadAction\",\"target\":[\"https:\\\/\\\/diariotextual.com\\\/inicio\\\/index.php\\\/2026\\\/09\\\/03\\\/escuelas-y-bibliotecas-pampeanas-se-preparan-para-dos-jornadas-dedicadas-a-la-lectura\\\/\"]}]},{\"@type\":\"ImageObject\",\"inLanguage\":\"es\",\"@id\":\"https:\\\/\\\/diariotextual.com\\\/inicio\\\/index.php\\\/2026\\\/09\\\/03\\\/escuelas-y-bibliotecas-pampeanas-se-preparan-para-dos-jornadas-dedicadas-a-la-lectura\\\/#primaryimage\",\"url\":\"https:\\\/\\\/diariotextual.com\\\/inicio\\\/wp-content\\\/uploads\\\/2018\\\/09\\\/lecturalibrosnenesnenas21111.jpg\",\"contentUrl\":\"https:\\\/\\\/diariotextual.com\\\/inicio\\\/wp-content\\\/uploads\\\/2018\\\/09\\\/lecturalibrosnenesnenas21111.jpg\",\"width\":2047,\"height\":1385},{\"@type\":\"BreadcrumbList\",\"@id\":\"https:\\\/\\\/diariotextual.com\\\/inicio\\\/index.php\\\/2026\\\/09\\\/03\\\/escuelas-y-bibliotecas-pampeanas-se-preparan-para-dos-jornadas-dedicadas-a-la-lectura\\\/#breadcrumb\",\"itemListElement\":[{\"@type\":\"ListItem\",\"position\":1,\"name\":\"Portada\",\"item\":\"https:\\\/\\\/diariotextual.com\\\/inicio\\\/\"},{\"@type\":\"ListItem\",\"position\":2,\"name\":\"Escuelas y bibliotecas pampeanas se preparan para dos jornadas dedicadas a la lectura\"}]},{\"@type\":\"WebSite\",\"@id\":\"https:\\\/\\\/diariotextual.com\\\/inicio\\\/#website\",\"url\":\"https:\\\/\\\/diariotextual.com\\\/inicio\\\/\",\"name\":\"Diario Textual\",\"description\":\"\",\"publisher\":{\"@id\":\"https:\\\/\\\/diariotextual.com\\\/inicio\\\/#organization\"},\"potentialAction\":[{\"@type\":\"SearchAction\",\"target\":{\"@type\":\"EntryPoint\",\"urlTemplate\":\"https:\\\/\\\/diariotextual.com\\\/inicio\\\/?s={search_term_string}\"},\"query-input\":{\"@type\":\"PropertyValueSpecification\",\"valueRequired\":true,\"valueName\":\"search_term_string\"}}],\"inLanguage\":\"es\"},{\"@type\":\"Organization\",\"@id\":\"https:\\\/\\\/diariotextual.com\\\/inicio\\\/#organization\",\"name\":\"Diario Textual\",\"url\":\"https:\\\/\\\/diariotextual.com\\\/inicio\\\/\",\"logo\":{\"@type\":\"ImageObject\",\"inLanguage\":\"es\",\"@id\":\"https:\\\/\\\/diariotextual.com\\\/inicio\\\/#\\\/schema\\\/logo\\\/image\\\/\",\"url\":\"https:\\\/\\\/diariotextual.com\\\/inicio\\\/wp-content\\\/uploads\\\/2023\\\/05\\\/logotextual1.jpg\",\"contentUrl\":\"https:\\\/\\\/diariotextual.com\\\/inicio\\\/wp-content\\\/uploads\\\/2023\\\/05\\\/logotextual1.jpg\",\"width\":516,\"height\":76,\"caption\":\"Diario Textual\"},\"image\":{\"@id\":\"https:\\\/\\\/diariotextual.com\\\/inicio\\\/#\\\/schema\\\/logo\\\/image\\\/\"},\"sameAs\":[\"https:\\\/\\\/www.facebook.com\\\/eltextual\",\"https:\\\/\\\/x.com\\\/eltextual\",\"http:\\\/\\\/www.instagram.com\\\/eltextual\"]},{\"@type\":\"Person\",\"@id\":\"https:\\\/\\\/diariotextual.com\\\/inicio\\\/#\\\/schema\\\/person\\\/694f60677f23c4a530867a98f22b3768\",\"name\":\"diario2\",\"image\":{\"@type\":\"ImageObject\",\"inLanguage\":\"es\",\"@id\":\"https:\\\/\\\/secure.gravatar.com\\\/avatar\\\/5a2567495ba16b852fcd8f1ed006a2e24fcace936018ed8237e95f488ad6e0a7?s=96&d=mm&r=g\",\"url\":\"https:\\\/\\\/secure.gravatar.com\\\/avatar\\\/5a2567495ba16b852fcd8f1ed006a2e24fcace936018ed8237e95f488ad6e0a7?s=96&d=mm&r=g\",\"contentUrl\":\"https:\\\/\\\/secure.gravatar.com\\\/avatar\\\/5a2567495ba16b852fcd8f1ed006a2e24fcace936018ed8237e95f488ad6e0a7?s=96&d=mm&r=g\",\"caption\":\"diario2\"},\"url\":\"https:\\\/\\\/diariotextual.com\\\/inicio\\\/index.php\\\/author\\\/diario2\\\/\"}]}<\/script>\n<!-- \/ Yoast SEO plugin. -->","yoast_head_json":{"title":"Escuelas y bibliotecas pampeanas se preparan para dos jornadas dedicadas a la lectura - Diario Textual","robots":{"index":"index","follow":"follow","max-snippet":"max-snippet:-1","max-image-preview":"max-image-preview:large","max-video-preview":"max-video-preview:-1"},"canonical":"https:\/\/diariotextual.com\/inicio\/index.php\/2026\/09\/03\/escuelas-y-bibliotecas-pampeanas-se-preparan-para-dos-jornadas-dedicadas-a-la-lectura\/","og_locale":"es_ES","og_type":"article","og_title":"Escuelas y bibliotecas pampeanas se preparan para dos jornadas dedicadas a la lectura - Diario Textual","og_description":"Las escuelas y bibliotecas populares de La Pampa tendr\u00e1n dos jornadas especiales para poner a la lectura en el centro de sus actividades. El Festival Provincial de Lectura #porm\u00e1slectura se&hellip;","og_url":"https:\/\/diariotextual.com\/inicio\/index.php\/2026\/09\/03\/escuelas-y-bibliotecas-pampeanas-se-preparan-para-dos-jornadas-dedicadas-a-la-lectura\/","og_site_name":"Diario Textual","article_publisher":"https:\/\/www.facebook.com\/eltextual","article_published_time":"2026-09-03T23:44:26+00:00","article_modified_time":"2026-09-03T23:44:27+00:00","og_image":[{"width":2047,"height":1385,"url":"https:\/\/diariotextual.com\/inicio\/wp-content\/uploads\/2018\/09\/lecturalibrosnenesnenas21111.jpg","type":"image\/jpeg"}],"author":"diario2","twitter_card":"summary_large_image","twitter_creator":"@eltextual","twitter_site":"@eltextual","twitter_misc":{"Escrito por":"diario2","Tiempo de lectura":"2 minutos"},"schema":{"@context":"https:\/\/schema.org","@graph":[{"@type":"Article","@id":"https:\/\/diariotextual.com\/inicio\/index.php\/2026\/09\/03\/escuelas-y-bibliotecas-pampeanas-se-preparan-para-dos-jornadas-dedicadas-a-la-lectura\/#article","isPartOf":{"@id":"https:\/\/diariotextual.com\/inicio\/index.php\/2026\/09\/03\/escuelas-y-bibliotecas-pampeanas-se-preparan-para-dos-jornadas-dedicadas-a-la-lectura\/"},"author":{"name":"diario2","@id":"https:\/\/diariotextual.com\/inicio\/#\/schema\/person\/694f60677f23c4a530867a98f22b3768"},"headline":"Escuelas y bibliotecas pampeanas se preparan para dos jornadas dedicadas a la lectura","datePublished":"2026-09-03T23:44:26+00:00","dateModified":"2026-09-03T23:44:27+00:00","mainEntityOfPage":{"@id":"https:\/\/diariotextual.com\/inicio\/index.php\/2026\/09\/03\/escuelas-y-bibliotecas-pampeanas-se-preparan-para-dos-jornadas-dedicadas-a-la-lectura\/"},"wordCount":379,"publisher":{"@id":"https:\/\/diariotextual.com\/inicio\/#organization"},"image":{"@id":"https:\/\/diariotextual.com\/inicio\/index.php\/2026\/09\/03\/escuelas-y-bibliotecas-pampeanas-se-preparan-para-dos-jornadas-dedicadas-a-la-lectura\/#primaryimage"},"thumbnailUrl":"https:\/\/diariotextual.com\/inicio\/wp-content\/uploads\/2018\/09\/lecturalibrosnenesnenas21111.jpg","articleSection":["A - ES NOTICIA (van abajo)","CULTURA"],"inLanguage":"es"},{"@type":"WebPage","@id":"https:\/\/diariotextual.com\/inicio\/index.php\/2026\/09\/03\/escuelas-y-bibliotecas-pampeanas-se-preparan-para-dos-jornadas-dedicadas-a-la-lectura\/","url":"https:\/\/diariotextual.com\/inicio\/index.php\/2026\/09\/03\/escuelas-y-bibliotecas-pampeanas-se-preparan-para-dos-jornadas-dedicadas-a-la-lectura\/","name":"Escuelas y bibliotecas pampeanas se preparan para dos jornadas dedicadas a la lectura - Diario Textual","isPartOf":{"@id":"https:\/\/diariotextual.com\/inicio\/#website"},"primaryImageOfPage":{"@id":"https:\/\/diariotextual.com\/inicio\/index.php\/2026\/09\/03\/escuelas-y-bibliotecas-pampeanas-se-preparan-para-dos-jornadas-dedicadas-a-la-lectura\/#primaryimage"},"image":{"@id":"https:\/\/diariotextual.com\/inicio\/index.php\/2026\/09\/03\/escuelas-y-bibliotecas-pampeanas-se-preparan-para-dos-jornadas-dedicadas-a-la-lectura\/#primaryimage"},"thumbnailUrl":"https:\/\/diariotextual.com\/inicio\/wp-content\/uploads\/2018\/09\/lecturalibrosnenesnenas21111.jpg","datePublished":"2026-09-03T23:44:26+00:00","dateModified":"2026-09-03T23:44:27+00:00","breadcrumb":{"@id":"https:\/\/diariotextual.com\/inicio\/index.php\/2026\/09\/03\/escuelas-y-bibliotecas-pampeanas-se-preparan-para-dos-jornadas-dedicadas-a-la-lectura\/#breadcrumb"},"inLanguage":"es","potentialAction":[{"@type":"ReadAction","target":["https:\/\/diariotextual.com\/inicio\/index.php\/2026\/09\/03\/escuelas-y-bibliotecas-pampeanas-se-preparan-para-dos-jornadas-dedicadas-a-la-lectura\/"]}]},{"@type":"ImageObject","inLanguage":"es","@id":"https:\/\/diariotextual.com\/inicio\/index.php\/2026\/09\/03\/escuelas-y-bibliotecas-pampeanas-se-preparan-para-dos-jornadas-dedicadas-a-la-lectura\/#primaryimage","url":"https:\/\/diariotextual.com\/inicio\/wp-content\/uploads\/2018\/09\/lecturalibrosnenesnenas21111.jpg","contentUrl":"https:\/\/diariotextual.com\/inicio\/wp-content\/uploads\/2018\/09\/lecturalibrosnenesnenas21111.jpg","width":2047,"height":1385},{"@type":"BreadcrumbList","@id":"https:\/\/diariotextual.com\/inicio\/index.php\/2026\/09\/03\/escuelas-y-bibliotecas-pampeanas-se-preparan-para-dos-jornadas-dedicadas-a-la-lectura\/#breadcrumb","itemListElement":[{"@type":"ListItem","position":1,"name":"Portada","item":"https:\/\/diariotextual.com\/inicio\/"},{"@type":"ListItem","position":2,"name":"Escuelas y bibliotecas pampeanas se preparan para dos jornadas dedicadas a la lectura"}]},{"@type":"WebSite","@id":"https:\/\/diariotextual.com\/inicio\/#website","url":"https:\/\/diariotextual.com\/inicio\/","name":"Diario Textual","description":"","publisher":{"@id":"https:\/\/diariotextual.com\/inicio\/#organization"},"potentialAction":[{"@type":"SearchAction","target":{"@type":"EntryPoint","urlTemplate":"https:\/\/diariotextual.com\/inicio\/?s={search_term_string}"},"query-input":{"@type":"PropertyValueSpecification","valueRequired":true,"valueName":"search_term_string"}}],"inLanguage":"es"},{"@type":"Organization","@id":"https:\/\/diariotextual.com\/inicio\/#organization","name":"Diario Textual","url":"https:\/\/diariotextual.com\/inicio\/","logo":{"@type":"ImageObject","inLanguage":"es","@id":"https:\/\/diariotextual.com\/inicio\/#\/schema\/logo\/image\/","url":"https:\/\/diariotextual.com\/inicio\/wp-content\/uploads\/2023\/05\/logotextual1.jpg","contentUrl":"https:\/\/diariotextual.com\/inicio\/wp-content\/uploads\/2023\/05\/logotextual1.jpg","width":516,"height":76,"caption":"Diario Textual"},"image":{"@id":"https:\/\/diariotextual.com\/inicio\/#\/schema\/logo\/image\/"},"sameAs":["https:\/\/www.facebook.com\/eltextual","https:\/\/x.com\/eltextual","http:\/\/www.instagram.com\/eltextual"]},{"@type":"Person","@id":"https:\/\/diariotextual.com\/inicio\/#\/schema\/person\/694f60677f23c4a530867a98f22b3768","name":"diario2","image":{"@type":"ImageObject","inLanguage":"es","@id":"https:\/\/secure.gravatar.com\/avatar\/5a2567495ba16b852fcd8f1ed006a2e24fcace936018ed8237e95f488ad6e0a7?s=96&d=mm&r=g","url":"https:\/\/secure.gravatar.com\/avatar\/5a2567495ba16b852fcd8f1ed006a2e24fcace936018ed8237e95f488ad6e0a7?s=96&d=mm&r=g","contentUrl":"https:\/\/secure.gravatar.com\/avatar\/5a2567495ba16b852fcd8f1ed006a2e24fcace936018ed8237e95f488ad6e0a7?s=96&d=mm&r=g","caption":"diario2"},"url":"https:\/\/diariotextual.com\/inicio\/index.php\/author\/diario2\/"}]}},"_links":{"self":[{"href":"https:\/\/diariotextual.com\/inicio\/index.php\/wp-json\/wp\/v2\/posts\/334478","targetHints":{"allow":["GET"]}}],"collection":[{"href":"https:\/\/diariotextual.com\/inicio\/index.php\/wp-json\/wp\/v2\/posts"}],"about":[{"href":"https:\/\/diariotextual.com\/inicio\/index.php\/wp-json\/wp\/v2\/types\/post"}],"author":[{"embeddable":true,"href":"https:\/\/diariotextual.com\/inicio\/index.php\/wp-json\/wp\/v2\/users\/4"}],"replies":[{"embeddable":true,"href":"https:\/\/diariotextual.com\/inicio\/index.php\/wp-json\/wp\/v2\/comments?post=334478"}],"version-history":[{"count":1,"href":"https:\/\/diariotextual.com\/inicio\/index.php\/wp-json\/wp\/v2\/posts\/334478\/revisions"}],"predecessor-version":[{"id":334479,"href":"https:\/\/diariotextual.com\/inicio\/index.php\/wp-json\/wp\/v2\/posts\/334478\/revisions\/334479"}],"wp:featuredmedia":[{"embeddable":true,"href":"https:\/\/diariotextual.com\/inicio\/index.php\/wp-json\/wp\/v2\/media\/21592"}],"wp:attachment":[{"href":"https:\/\/diariotextual.com\/inicio\/index.php\/wp-json\/wp\/v2\/media?parent=334478"}],"wp:term":[{"taxonomy":"category","embeddable":true,"href":"https:\/\/diariotextual.com\/inicio\/index.php\/wp-json\/wp\/v2\/categories?post=334478"},{"taxonomy":"post_tag","embeddable":true,"href":"https:\/\/diariotextual.com\/inicio\/index.php\/wp-json\/wp\/v2\/tags?post=334478"}],"curies":[{"name":"wp","href":"https:\/\/api.w.org\/{rel}","templated":true}]}}