{"id":334480,"date":"2026-09-03T21:13:44","date_gmt":"2026-09-04T00:13:44","guid":{"rendered":"https:\/\/diariotextual.com\/inicio\/?p=334480"},"modified":"2026-09-03T21:13:45","modified_gmt":"2026-09-04T00:13:45","slug":"riglos-se-prepara-para-una-nueva-edicion-de-la-fiesta-nacional-del-asador-criollo","status":"publish","type":"post","link":"https:\/\/diariotextual.com\/inicio\/index.php\/2026\/09\/03\/riglos-se-prepara-para-una-nueva-edicion-de-la-fiesta-nacional-del-asador-criollo\/","title":{"rendered":"Riglos se prepara para una nueva edici\u00f3n de la Fiesta Nacional del Asador Criollo"},"content":{"rendered":"\n<p class=\"wp-block-paragraph\">Miguel Riglos se prepara para vivir una nueva edici\u00f3n de la <strong>Fiesta Nacional del Asador Criollo<\/strong>, que se realizar\u00e1 el 20 de septiembre con la participaci\u00f3n de una treintena de parejas de asadores y la expectativa de<strong> reunir unos 800 comensales <\/strong>en una jornada dedicada a la gastronom\u00eda, la tradici\u00f3n y la cultura pampeana.<\/p>\n\n\n\n<p class=\"wp-block-paragraph\">La jornada comenzar\u00e1 a las <strong>9<\/strong> y tendr\u00e1 como uno de sus principales atractivos la tradicional competencia, con la participaci\u00f3n de <strong>m\u00e1s de 30 parejas de asadores<\/strong> distribuidas en los distintos fogoneros.<\/p>\n\n\n\n<p class=\"wp-block-paragraph\">La propuesta fue presentada este jueves en la Secretar\u00eda de Turismo de La Pampa, con la participaci\u00f3n del titular del \u00e1rea, Sa\u00fal Echeveste; la subsecretaria de Planificaci\u00f3n Tur\u00edstica, Noelia Albornoz; el intendente de Miguel Riglos, Elio Lautaro Calzado, y el presidente de la Asociaci\u00f3n de Bomberos Voluntarios de la localidad, Ariel Alejo.<\/p>\n\n\n\n<div style=\"height:100px\" aria-hidden=\"true\" class=\"wp-block-spacer\"><\/div>\n\n\n\n<h3 class=\"wp-block-heading\">Asado, vinos y productos pampeanos<\/h3>\n\n\n\n<p class=\"wp-block-paragraph\">Adem\u00e1s de la competencia, el encuentro contar\u00e1 con un paseo de <strong>artesanos y emprendedores<\/strong> y actividades musicales durante la jornada.<\/p>\n\n\n\n<p class=\"wp-block-paragraph\">La tarjeta para el almuerzo incluye entrada de chorizo, ensaladas, asado a la estaca, postre, bebida y espect\u00e1culo. Tambi\u00e9n habr\u00e1 tortas para compartir durante la tarde, en una propuesta pensada para quienes contin\u00faen la jornada con el mate.<\/p>\n\n\n\n<p class=\"wp-block-paragraph\">Alejo destac\u00f3 que la fiesta busca ofrecer una experiencia vinculada a la producci\u00f3n local y provincial. En ese sentido, anticip\u00f3 la presencia de <strong>vinos pampeanos<\/strong>, mientras que el postre y el pan ser\u00e1n elaborados con productos de la localidad.<\/p>\n\n\n\n<p class=\"wp-block-paragraph\">Uno de los momentos particulares de la jornada ser\u00e1 el recorrido por el patio de los asadores. Los visitantes podr\u00e1n acercarse a las mesas, conocer a los participantes y observar c\u00f3mo trabajan los fogoneros antes del almuerzo.<\/p>\n\n\n\n<p class=\"wp-block-paragraph\">El espect\u00e1culo musical estar\u00e1 a cargo de <strong>El Entrevero<\/strong>.<\/p>\n\n\n\n<div style=\"height:100px\" aria-hidden=\"true\" class=\"wp-block-spacer\"><\/div>\n\n\n\n<h3 class=\"wp-block-heading\">Una fiesta que tambi\u00e9n moviliza a la localidad<\/h3>\n\n\n\n<p class=\"wp-block-paragraph\">Durante la presentaci\u00f3n, Echeveste destac\u00f3 el movimiento que generan este tipo de celebraciones en las localidades del interior y su impacto en distintos sectores vinculados al turismo.<\/p>\n\n\n\n<p class=\"wp-block-paragraph\">\u201cUna fiesta que realmente tiene mucha historia y que todos los d\u00edas trabaja por seguir fortaleciendo el crecimiento y el desarrollo no solo de la regi\u00f3n, sino tambi\u00e9n de nuestra Provincia\u201d, se\u00f1al\u00f3.<\/p>\n\n\n\n<p class=\"wp-block-paragraph\">El funcionario remarc\u00f3 adem\u00e1s que estos encuentros permiten la participaci\u00f3n de artesanos, emprendedores, artistas y grupos de ballet y generan movimiento para los sectores gastron\u00f3mico y hotelero.<\/p>\n\n\n\n<p class=\"wp-block-paragraph\">Por su parte, Calzado defini\u00f3 a la celebraci\u00f3n como una fiesta vinculada con la <strong>cultura y la identidad pampeana<\/strong> y destac\u00f3 la llegada de visitantes de distintos puntos de la provincia y de otras jurisdicciones.<\/p>\n\n\n\n<p class=\"wp-block-paragraph\">La organizaci\u00f3n est\u00e1 a cargo de la <strong>Asociaci\u00f3n de Bomberos Voluntarios de Miguel Riglos<\/strong>, instituci\u00f3n que, adem\u00e1s de su funci\u00f3n espec\u00edfica, impulsa con este evento una propuesta social, cultural y tur\u00edstica que ya forma parte del calendario de la localidad.<\/p>\n\n\n\n<p class=\"wp-block-paragraph\">La actividad se extender\u00e1 durante toda la jornada y tendr\u00e1 al asado como punto de encuentro entre visitantes, familias, productores y representantes de distintas expresiones de la cultura pampeana.<\/p>\n","protected":false},"excerpt":{"rendered":"<p>Miguel Riglos se prepara para vivir una nueva edici\u00f3n de la Fiesta Nacional del Asador Criollo, que se realizar\u00e1 el 20 de septiembre con la participaci\u00f3n de una treintena de&hellip;<\/p>\n","protected":false},"author":4,"featured_media":237681,"comment_status":"closed","ping_status":"open","sticky":false,"template":"","format":"standard","meta":{"_acf_changed":false,"footnotes":""},"categories":[1,2],"tags":[],"class_list":["post-334480","post","type-post","status-publish","format-standard","has-post-thumbnail","hentry","category-es-noticia","category-cultura"],"acf":[],"yoast_head":"<!-- This site is optimized with the Yoast SEO plugin v28.4 - https:\/\/yoast.com\/product\/yoast-seo-wordpress\/ -->\n<title>Riglos se prepara para una nueva edici\u00f3n de la Fiesta Nacional del Asador Criollo - Diario Textual<\/title>\n<meta name=\"robots\" content=\"index, follow, max-snippet:-1, max-image-preview:large, max-video-preview:-1\" \/>\n<link rel=\"canonical\" href=\"https:\/\/diariotextual.com\/inicio\/index.php\/2026\/09\/03\/riglos-se-prepara-para-una-nueva-edicion-de-la-fiesta-nacional-del-asador-criollo\/\" \/>\n<meta property=\"og:locale\" content=\"es_ES\" \/>\n<meta property=\"og:type\" content=\"article\" \/>\n<meta property=\"og:title\" content=\"Riglos se prepara para una nueva edici\u00f3n de la Fiesta Nacional del Asador Criollo - Diario Textual\" \/>\n<meta property=\"og:description\" content=\"Miguel Riglos se prepara para vivir una nueva edici\u00f3n de la Fiesta Nacional del Asador Criollo, que se realizar\u00e1 el 20 de septiembre con la participaci\u00f3n de una treintena de&hellip;\" \/>\n<meta property=\"og:url\" content=\"https:\/\/diariotextual.com\/inicio\/index.php\/2026\/09\/03\/riglos-se-prepara-para-una-nueva-edicion-de-la-fiesta-nacional-del-asador-criollo\/\" \/>\n<meta property=\"og:site_name\" content=\"Diario Textual\" \/>\n<meta property=\"article:publisher\" content=\"https:\/\/www.facebook.com\/eltextual\" \/>\n<meta property=\"article:published_time\" content=\"2026-09-04T00:13:44+00:00\" \/>\n<meta property=\"article:modified_time\" content=\"2026-09-04T00:13:45+00:00\" \/>\n<meta property=\"og:image\" content=\"https:\/\/diariotextual.com\/inicio\/wp-content\/uploads\/2023\/09\/fiestaasadorriglos2023-47543.jpg\" \/>\n\t<meta property=\"og:image:width\" content=\"1080\" \/>\n\t<meta property=\"og:image:height\" content=\"597\" \/>\n\t<meta property=\"og:image:type\" content=\"image\/jpeg\" \/>\n<meta name=\"author\" content=\"diario2\" \/>\n<meta name=\"twitter:card\" content=\"summary_large_image\" \/>\n<meta name=\"twitter:creator\" content=\"@eltextual\" \/>\n<meta name=\"twitter:site\" content=\"@eltextual\" \/>\n<meta name=\"twitter:label1\" content=\"Escrito por\" \/>\n\t<meta name=\"twitter:data1\" content=\"diario2\" \/>\n\t<meta name=\"twitter:label2\" content=\"Tiempo de lectura\" \/>\n\t<meta name=\"twitter:data2\" content=\"3 minutos\" \/>\n<script type=\"application\/ld+json\" class=\"yoast-schema-graph\">{\"@context\":\"https:\\\/\\\/schema.org\",\"@graph\":[{\"@type\":\"Article\",\"@id\":\"https:\\\/\\\/diariotextual.com\\\/inicio\\\/index.php\\\/2026\\\/09\\\/03\\\/riglos-se-prepara-para-una-nueva-edicion-de-la-fiesta-nacional-del-asador-criollo\\\/#article\",\"isPartOf\":{\"@id\":\"https:\\\/\\\/diariotextual.com\\\/inicio\\\/index.php\\\/2026\\\/09\\\/03\\\/riglos-se-prepara-para-una-nueva-edicion-de-la-fiesta-nacional-del-asador-criollo\\\/\"},\"author\":{\"name\":\"diario2\",\"@id\":\"https:\\\/\\\/diariotextual.com\\\/inicio\\\/#\\\/schema\\\/person\\\/694f60677f23c4a530867a98f22b3768\"},\"headline\":\"Riglos se prepara para una nueva edici\u00f3n de la Fiesta Nacional del Asador Criollo\",\"datePublished\":\"2026-09-04T00:13:44+00:00\",\"dateModified\":\"2026-09-04T00:13:45+00:00\",\"mainEntityOfPage\":{\"@id\":\"https:\\\/\\\/diariotextual.com\\\/inicio\\\/index.php\\\/2026\\\/09\\\/03\\\/riglos-se-prepara-para-una-nueva-edicion-de-la-fiesta-nacional-del-asador-criollo\\\/\"},\"wordCount\":533,\"publisher\":{\"@id\":\"https:\\\/\\\/diariotextual.com\\\/inicio\\\/#organization\"},\"image\":{\"@id\":\"https:\\\/\\\/diariotextual.com\\\/inicio\\\/index.php\\\/2026\\\/09\\\/03\\\/riglos-se-prepara-para-una-nueva-edicion-de-la-fiesta-nacional-del-asador-criollo\\\/#primaryimage\"},\"thumbnailUrl\":\"https:\\\/\\\/diariotextual.com\\\/inicio\\\/wp-content\\\/uploads\\\/2023\\\/09\\\/fiestaasadorriglos2023-47543.jpg\",\"articleSection\":[\"A - ES NOTICIA (van abajo)\",\"CULTURA\"],\"inLanguage\":\"es\"},{\"@type\":\"WebPage\",\"@id\":\"https:\\\/\\\/diariotextual.com\\\/inicio\\\/index.php\\\/2026\\\/09\\\/03\\\/riglos-se-prepara-para-una-nueva-edicion-de-la-fiesta-nacional-del-asador-criollo\\\/\",\"url\":\"https:\\\/\\\/diariotextual.com\\\/inicio\\\/index.php\\\/2026\\\/09\\\/03\\\/riglos-se-prepara-para-una-nueva-edicion-de-la-fiesta-nacional-del-asador-criollo\\\/\",\"name\":\"Riglos se prepara para una nueva edici\u00f3n de la Fiesta Nacional del Asador Criollo - Diario Textual\",\"isPartOf\":{\"@id\":\"https:\\\/\\\/diariotextual.com\\\/inicio\\\/#website\"},\"primaryImageOfPage\":{\"@id\":\"https:\\\/\\\/diariotextual.com\\\/inicio\\\/index.php\\\/2026\\\/09\\\/03\\\/riglos-se-prepara-para-una-nueva-edicion-de-la-fiesta-nacional-del-asador-criollo\\\/#primaryimage\"},\"image\":{\"@id\":\"https:\\\/\\\/diariotextual.com\\\/inicio\\\/index.php\\\/2026\\\/09\\\/03\\\/riglos-se-prepara-para-una-nueva-edicion-de-la-fiesta-nacional-del-asador-criollo\\\/#primaryimage\"},\"thumbnailUrl\":\"https:\\\/\\\/diariotextual.com\\\/inicio\\\/wp-content\\\/uploads\\\/2023\\\/09\\\/fiestaasadorriglos2023-47543.jpg\",\"datePublished\":\"2026-09-04T00:13:44+00:00\",\"dateModified\":\"2026-09-04T00:13:45+00:00\",\"breadcrumb\":{\"@id\":\"https:\\\/\\\/diariotextual.com\\\/inicio\\\/index.php\\\/2026\\\/09\\\/03\\\/riglos-se-prepara-para-una-nueva-edicion-de-la-fiesta-nacional-del-asador-criollo\\\/#breadcrumb\"},\"inLanguage\":\"es\",\"potentialAction\":[{\"@type\":\"ReadAction\",\"target\":[\"https:\\\/\\\/diariotextual.com\\\/inicio\\\/index.php\\\/2026\\\/09\\\/03\\\/riglos-se-prepara-para-una-nueva-edicion-de-la-fiesta-nacional-del-asador-criollo\\\/\"]}]},{\"@type\":\"ImageObject\",\"inLanguage\":\"es\",\"@id\":\"https:\\\/\\\/diariotextual.com\\\/inicio\\\/index.php\\\/2026\\\/09\\\/03\\\/riglos-se-prepara-para-una-nueva-edicion-de-la-fiesta-nacional-del-asador-criollo\\\/#primaryimage\",\"url\":\"https:\\\/\\\/diariotextual.com\\\/inicio\\\/wp-content\\\/uploads\\\/2023\\\/09\\\/fiestaasadorriglos2023-47543.jpg\",\"contentUrl\":\"https:\\\/\\\/diariotextual.com\\\/inicio\\\/wp-content\\\/uploads\\\/2023\\\/09\\\/fiestaasadorriglos2023-47543.jpg\",\"width\":1080,\"height\":597},{\"@type\":\"BreadcrumbList\",\"@id\":\"https:\\\/\\\/diariotextual.com\\\/inicio\\\/index.php\\\/2026\\\/09\\\/03\\\/riglos-se-prepara-para-una-nueva-edicion-de-la-fiesta-nacional-del-asador-criollo\\\/#breadcrumb\",\"itemListElement\":[{\"@type\":\"ListItem\",\"position\":1,\"name\":\"Portada\",\"item\":\"https:\\\/\\\/diariotextual.com\\\/inicio\\\/\"},{\"@type\":\"ListItem\",\"position\":2,\"name\":\"Riglos se prepara para una nueva edici\u00f3n de la Fiesta Nacional del Asador Criollo\"}]},{\"@type\":\"WebSite\",\"@id\":\"https:\\\/\\\/diariotextual.com\\\/inicio\\\/#website\",\"url\":\"https:\\\/\\\/diariotextual.com\\\/inicio\\\/\",\"name\":\"Diario Textual\",\"description\":\"\",\"publisher\":{\"@id\":\"https:\\\/\\\/diariotextual.com\\\/inicio\\\/#organization\"},\"potentialAction\":[{\"@type\":\"SearchAction\",\"target\":{\"@type\":\"EntryPoint\",\"urlTemplate\":\"https:\\\/\\\/diariotextual.com\\\/inicio\\\/?s={search_term_string}\"},\"query-input\":{\"@type\":\"PropertyValueSpecification\",\"valueRequired\":true,\"valueName\":\"search_term_string\"}}],\"inLanguage\":\"es\"},{\"@type\":\"Organization\",\"@id\":\"https:\\\/\\\/diariotextual.com\\\/inicio\\\/#organization\",\"name\":\"Diario Textual\",\"url\":\"https:\\\/\\\/diariotextual.com\\\/inicio\\\/\",\"logo\":{\"@type\":\"ImageObject\",\"inLanguage\":\"es\",\"@id\":\"https:\\\/\\\/diariotextual.com\\\/inicio\\\/#\\\/schema\\\/logo\\\/image\\\/\",\"url\":\"https:\\\/\\\/diariotextual.com\\\/inicio\\\/wp-content\\\/uploads\\\/2023\\\/05\\\/logotextual1.jpg\",\"contentUrl\":\"https:\\\/\\\/diariotextual.com\\\/inicio\\\/wp-content\\\/uploads\\\/2023\\\/05\\\/logotextual1.jpg\",\"width\":516,\"height\":76,\"caption\":\"Diario Textual\"},\"image\":{\"@id\":\"https:\\\/\\\/diariotextual.com\\\/inicio\\\/#\\\/schema\\\/logo\\\/image\\\/\"},\"sameAs\":[\"https:\\\/\\\/www.facebook.com\\\/eltextual\",\"https:\\\/\\\/x.com\\\/eltextual\",\"http:\\\/\\\/www.instagram.com\\\/eltextual\"]},{\"@type\":\"Person\",\"@id\":\"https:\\\/\\\/diariotextual.com\\\/inicio\\\/#\\\/schema\\\/person\\\/694f60677f23c4a530867a98f22b3768\",\"name\":\"diario2\",\"image\":{\"@type\":\"ImageObject\",\"inLanguage\":\"es\",\"@id\":\"https:\\\/\\\/secure.gravatar.com\\\/avatar\\\/5a2567495ba16b852fcd8f1ed006a2e24fcace936018ed8237e95f488ad6e0a7?s=96&d=mm&r=g\",\"url\":\"https:\\\/\\\/secure.gravatar.com\\\/avatar\\\/5a2567495ba16b852fcd8f1ed006a2e24fcace936018ed8237e95f488ad6e0a7?s=96&d=mm&r=g\",\"contentUrl\":\"https:\\\/\\\/secure.gravatar.com\\\/avatar\\\/5a2567495ba16b852fcd8f1ed006a2e24fcace936018ed8237e95f488ad6e0a7?s=96&d=mm&r=g\",\"caption\":\"diario2\"},\"url\":\"https:\\\/\\\/diariotextual.com\\\/inicio\\\/index.php\\\/author\\\/diario2\\\/\"}]}<\/script>\n<!-- \/ Yoast SEO plugin. -->","yoast_head_json":{"title":"Riglos se prepara para una nueva edici\u00f3n de la Fiesta Nacional del Asador Criollo - Diario Textual","robots":{"index":"index","follow":"follow","max-snippet":"max-snippet:-1","max-image-preview":"max-image-preview:large","max-video-preview":"max-video-preview:-1"},"canonical":"https:\/\/diariotextual.com\/inicio\/index.php\/2026\/09\/03\/riglos-se-prepara-para-una-nueva-edicion-de-la-fiesta-nacional-del-asador-criollo\/","og_locale":"es_ES","og_type":"article","og_title":"Riglos se prepara para una nueva edici\u00f3n de la Fiesta Nacional del Asador Criollo - Diario Textual","og_description":"Miguel Riglos se prepara para vivir una nueva edici\u00f3n de la Fiesta Nacional del Asador Criollo, que se realizar\u00e1 el 20 de septiembre con la participaci\u00f3n de una treintena de&hellip;","og_url":"https:\/\/diariotextual.com\/inicio\/index.php\/2026\/09\/03\/riglos-se-prepara-para-una-nueva-edicion-de-la-fiesta-nacional-del-asador-criollo\/","og_site_name":"Diario Textual","article_publisher":"https:\/\/www.facebook.com\/eltextual","article_published_time":"2026-09-04T00:13:44+00:00","article_modified_time":"2026-09-04T00:13:45+00:00","og_image":[{"width":1080,"height":597,"url":"https:\/\/diariotextual.com\/inicio\/wp-content\/uploads\/2023\/09\/fiestaasadorriglos2023-47543.jpg","type":"image\/jpeg"}],"author":"diario2","twitter_card":"summary_large_image","twitter_creator":"@eltextual","twitter_site":"@eltextual","twitter_misc":{"Escrito por":"diario2","Tiempo de lectura":"3 minutos"},"schema":{"@context":"https:\/\/schema.org","@graph":[{"@type":"Article","@id":"https:\/\/diariotextual.com\/inicio\/index.php\/2026\/09\/03\/riglos-se-prepara-para-una-nueva-edicion-de-la-fiesta-nacional-del-asador-criollo\/#article","isPartOf":{"@id":"https:\/\/diariotextual.com\/inicio\/index.php\/2026\/09\/03\/riglos-se-prepara-para-una-nueva-edicion-de-la-fiesta-nacional-del-asador-criollo\/"},"author":{"name":"diario2","@id":"https:\/\/diariotextual.com\/inicio\/#\/schema\/person\/694f60677f23c4a530867a98f22b3768"},"headline":"Riglos se prepara para una nueva edici\u00f3n de la Fiesta Nacional del Asador Criollo","datePublished":"2026-09-04T00:13:44+00:00","dateModified":"2026-09-04T00:13:45+00:00","mainEntityOfPage":{"@id":"https:\/\/diariotextual.com\/inicio\/index.php\/2026\/09\/03\/riglos-se-prepara-para-una-nueva-edicion-de-la-fiesta-nacional-del-asador-criollo\/"},"wordCount":533,"publisher":{"@id":"https:\/\/diariotextual.com\/inicio\/#organization"},"image":{"@id":"https:\/\/diariotextual.com\/inicio\/index.php\/2026\/09\/03\/riglos-se-prepara-para-una-nueva-edicion-de-la-fiesta-nacional-del-asador-criollo\/#primaryimage"},"thumbnailUrl":"https:\/\/diariotextual.com\/inicio\/wp-content\/uploads\/2023\/09\/fiestaasadorriglos2023-47543.jpg","articleSection":["A - ES NOTICIA (van abajo)","CULTURA"],"inLanguage":"es"},{"@type":"WebPage","@id":"https:\/\/diariotextual.com\/inicio\/index.php\/2026\/09\/03\/riglos-se-prepara-para-una-nueva-edicion-de-la-fiesta-nacional-del-asador-criollo\/","url":"https:\/\/diariotextual.com\/inicio\/index.php\/2026\/09\/03\/riglos-se-prepara-para-una-nueva-edicion-de-la-fiesta-nacional-del-asador-criollo\/","name":"Riglos se prepara para una nueva edici\u00f3n de la Fiesta Nacional del Asador Criollo - Diario Textual","isPartOf":{"@id":"https:\/\/diariotextual.com\/inicio\/#website"},"primaryImageOfPage":{"@id":"https:\/\/diariotextual.com\/inicio\/index.php\/2026\/09\/03\/riglos-se-prepara-para-una-nueva-edicion-de-la-fiesta-nacional-del-asador-criollo\/#primaryimage"},"image":{"@id":"https:\/\/diariotextual.com\/inicio\/index.php\/2026\/09\/03\/riglos-se-prepara-para-una-nueva-edicion-de-la-fiesta-nacional-del-asador-criollo\/#primaryimage"},"thumbnailUrl":"https:\/\/diariotextual.com\/inicio\/wp-content\/uploads\/2023\/09\/fiestaasadorriglos2023-47543.jpg","datePublished":"2026-09-04T00:13:44+00:00","dateModified":"2026-09-04T00:13:45+00:00","breadcrumb":{"@id":"https:\/\/diariotextual.com\/inicio\/index.php\/2026\/09\/03\/riglos-se-prepara-para-una-nueva-edicion-de-la-fiesta-nacional-del-asador-criollo\/#breadcrumb"},"inLanguage":"es","potentialAction":[{"@type":"ReadAction","target":["https:\/\/diariotextual.com\/inicio\/index.php\/2026\/09\/03\/riglos-se-prepara-para-una-nueva-edicion-de-la-fiesta-nacional-del-asador-criollo\/"]}]},{"@type":"ImageObject","inLanguage":"es","@id":"https:\/\/diariotextual.com\/inicio\/index.php\/2026\/09\/03\/riglos-se-prepara-para-una-nueva-edicion-de-la-fiesta-nacional-del-asador-criollo\/#primaryimage","url":"https:\/\/diariotextual.com\/inicio\/wp-content\/uploads\/2023\/09\/fiestaasadorriglos2023-47543.jpg","contentUrl":"https:\/\/diariotextual.com\/inicio\/wp-content\/uploads\/2023\/09\/fiestaasadorriglos2023-47543.jpg","width":1080,"height":597},{"@type":"BreadcrumbList","@id":"https:\/\/diariotextual.com\/inicio\/index.php\/2026\/09\/03\/riglos-se-prepara-para-una-nueva-edicion-de-la-fiesta-nacional-del-asador-criollo\/#breadcrumb","itemListElement":[{"@type":"ListItem","position":1,"name":"Portada","item":"https:\/\/diariotextual.com\/inicio\/"},{"@type":"ListItem","position":2,"name":"Riglos se prepara para una nueva edici\u00f3n de la Fiesta Nacional del Asador Criollo"}]},{"@type":"WebSite","@id":"https:\/\/diariotextual.com\/inicio\/#website","url":"https:\/\/diariotextual.com\/inicio\/","name":"Diario Textual","description":"","publisher":{"@id":"https:\/\/diariotextual.com\/inicio\/#organization"},"potentialAction":[{"@type":"SearchAction","target":{"@type":"EntryPoint","urlTemplate":"https:\/\/diariotextual.com\/inicio\/?s={search_term_string}"},"query-input":{"@type":"PropertyValueSpecification","valueRequired":true,"valueName":"search_term_string"}}],"inLanguage":"es"},{"@type":"Organization","@id":"https:\/\/diariotextual.com\/inicio\/#organization","name":"Diario Textual","url":"https:\/\/diariotextual.com\/inicio\/","logo":{"@type":"ImageObject","inLanguage":"es","@id":"https:\/\/diariotextual.com\/inicio\/#\/schema\/logo\/image\/","url":"https:\/\/diariotextual.com\/inicio\/wp-content\/uploads\/2023\/05\/logotextual1.jpg","contentUrl":"https:\/\/diariotextual.com\/inicio\/wp-content\/uploads\/2023\/05\/logotextual1.jpg","width":516,"height":76,"caption":"Diario Textual"},"image":{"@id":"https:\/\/diariotextual.com\/inicio\/#\/schema\/logo\/image\/"},"sameAs":["https:\/\/www.facebook.com\/eltextual","https:\/\/x.com\/eltextual","http:\/\/www.instagram.com\/eltextual"]},{"@type":"Person","@id":"https:\/\/diariotextual.com\/inicio\/#\/schema\/person\/694f60677f23c4a530867a98f22b3768","name":"diario2","image":{"@type":"ImageObject","inLanguage":"es","@id":"https:\/\/secure.gravatar.com\/avatar\/5a2567495ba16b852fcd8f1ed006a2e24fcace936018ed8237e95f488ad6e0a7?s=96&d=mm&r=g","url":"https:\/\/secure.gravatar.com\/avatar\/5a2567495ba16b852fcd8f1ed006a2e24fcace936018ed8237e95f488ad6e0a7?s=96&d=mm&r=g","contentUrl":"https:\/\/secure.gravatar.com\/avatar\/5a2567495ba16b852fcd8f1ed006a2e24fcace936018ed8237e95f488ad6e0a7?s=96&d=mm&r=g","caption":"diario2"},"url":"https:\/\/diariotextual.com\/inicio\/index.php\/author\/diario2\/"}]}},"_links":{"self":[{"href":"https:\/\/diariotextual.com\/inicio\/index.php\/wp-json\/wp\/v2\/posts\/334480","targetHints":{"allow":["GET"]}}],"collection":[{"href":"https:\/\/diariotextual.com\/inicio\/index.php\/wp-json\/wp\/v2\/posts"}],"about":[{"href":"https:\/\/diariotextual.com\/inicio\/index.php\/wp-json\/wp\/v2\/types\/post"}],"author":[{"embeddable":true,"href":"https:\/\/diariotextual.com\/inicio\/index.php\/wp-json\/wp\/v2\/users\/4"}],"replies":[{"embeddable":true,"href":"https:\/\/diariotextual.com\/inicio\/index.php\/wp-json\/wp\/v2\/comments?post=334480"}],"version-history":[{"count":2,"href":"https:\/\/diariotextual.com\/inicio\/index.php\/wp-json\/wp\/v2\/posts\/334480\/revisions"}],"predecessor-version":[{"id":334482,"href":"https:\/\/diariotextual.com\/inicio\/index.php\/wp-json\/wp\/v2\/posts\/334480\/revisions\/334482"}],"wp:featuredmedia":[{"embeddable":true,"href":"https:\/\/diariotextual.com\/inicio\/index.php\/wp-json\/wp\/v2\/media\/237681"}],"wp:attachment":[{"href":"https:\/\/diariotextual.com\/inicio\/index.php\/wp-json\/wp\/v2\/media?parent=334480"}],"wp:term":[{"taxonomy":"category","embeddable":true,"href":"https:\/\/diariotextual.com\/inicio\/index.php\/wp-json\/wp\/v2\/categories?post=334480"},{"taxonomy":"post_tag","embeddable":true,"href":"https:\/\/diariotextual.com\/inicio\/index.php\/wp-json\/wp\/v2\/tags?post=334480"}],"curies":[{"name":"wp","href":"https:\/\/api.w.org\/{rel}","templated":true}]}}