{"id":334504,"date":"2026-09-04T09:25:34","date_gmt":"2026-09-04T12:25:34","guid":{"rendered":"https:\/\/diariotextual.com\/inicio\/?p=334504"},"modified":"2026-09-04T10:30:56","modified_gmt":"2026-09-04T13:30:56","slug":"diarco-cerro-tres-sucursales-pero-santa-rosa-y-pico-se-salvan-por-su-rentabilidad","status":"publish","type":"post","link":"https:\/\/diariotextual.com\/inicio\/index.php\/2026\/09\/04\/diarco-cerro-tres-sucursales-pero-santa-rosa-y-pico-se-salvan-por-su-rentabilidad\/","title":{"rendered":"Diarco cerr\u00f3 tres sucursales, pero Santa Rosa y Pico se salvan por su rentabilidad"},"content":{"rendered":"\n<p class=\"wp-block-paragraph\">La cadena mayorista <strong>Diarco<\/strong> cerr\u00f3 tres sucursales en la provincia de Buenos Aires en menos de 30 d\u00edas, en el marco de una <strong>reestructuraci\u00f3n nacional<\/strong> de la empresa que se desarrolla en un contexto de fuerte ca\u00edda del consumo. Los locales afectados est\u00e1n ubicados en<strong> Z\u00e1rate, Tres Arroyos y J\u00e1uregui<\/strong>, en el partido de Luj\u00e1n. Las sucursales de <strong>Santa Rosa y General Pico<\/strong>, a pesar de la baja fuerte de ventas, son de las m\u00e1s rentables del interior y no cerrar\u00e1n.<\/p>\n\n\n\n<p class=\"wp-block-paragraph\">El \u00faltimo cierre se produjo en J\u00e1uregui, donde la sucursal funcionaba desde principios de 2021 sobre la vieja Ruta 5 y empleaba a unos 30 trabajadores. La decisi\u00f3n se sum\u00f3 a los cierres de los locales de Z\u00e1rate y Tres Arroyos, que tambi\u00e9n implicaron la p\u00e9rdida de puestos de trabajo.<\/p>\n\n\n\n<p class=\"wp-block-paragraph\">En Z\u00e1rate, el establecimiento hab\u00eda sido inaugurado apenas seis meses antes, pero la facturaci\u00f3n registrada durante el primer semestre de 2026 no habr\u00eda alcanzado para cubrir los costos operativos. En Tres Arroyos, en tanto, el cierre tom\u00f3 por sorpresa a los trabajadores y se produjo sin un anuncio oficial de la empresa.<\/p>\n\n\n\n<p class=\"wp-block-paragraph\">La situaci\u00f3n forma parte de una reestructuraci\u00f3n a nivel nacional de Diarco, en momentos en que el consumo masivo contin\u00faa mostrando fuertes se\u00f1ales de retracci\u00f3n. Seg\u00fan datos del Indec, los autoservicios mayoristas registraron en junio una ca\u00edda interanual del 3,1%, mientras que el acumulado del primer semestre mostr\u00f3 una contracci\u00f3n del 3%.<\/p>\n\n\n\n<div style=\"height:100px\" aria-hidden=\"true\" class=\"wp-block-spacer\"><\/div>\n\n\n\n<p class=\"wp-block-paragraph\"><strong>Las sucursales<\/strong> <strong>de Santa Rosa y Pico<\/strong> <strong>no cierran<\/strong><\/p>\n\n\n\n<p class=\"wp-block-paragraph\">A diferencia de los locales bonaerenses, <strong>las sucursales de Diarco en Santa Rosa y General Pico no est\u00e1n incluidas en el proceso de cierres<\/strong> y continuar\u00e1n funcionando.<\/p>\n\n\n\n<p class=\"wp-block-paragraph\">Si bien la ca\u00edda de las ventas se hizo sentir en Santa Rosa y General Pico, donde el movimiento comercial registr\u00f3 un fuerte retroceso, a pesar de esa disminuci\u00f3n <strong>las sucursales pampeanas contin\u00faan siendo de las m\u00e1s rentables de Diarco entre sus stablecimientos del interior del pa\u00eds<\/strong>.<\/p>\n\n\n\n<p class=\"wp-block-paragraph\">Por ese motivo, la empresa no tendr\u00eda previsto avanzar con el cierre de los locales pampeanos dentro de la actual reestructuraci\u00f3n.<\/p>\n\n\n\n<div style=\"height:100px\" aria-hidden=\"true\" class=\"wp-block-spacer\"><\/div>\n\n\n\n<p class=\"wp-block-paragraph\"><strong>Malestar con el municipio y el concejo<\/strong><\/p>\n\n\n\n<p class=\"wp-block-paragraph\">El escenario genera preocupaci\u00f3n por la evoluci\u00f3n del consumo y por las condiciones en las que compiten los distintos formatos comerciales.<\/p>\n\n\n\n<p class=\"wp-block-paragraph\">En ese sentido, existe <strong>malestar en Diarco con autoridades de la municipalidad de Santa Rosa y del Concejo Deliberante<\/strong>, a partir de la decisi\u00f3n de otorgar una excepci\u00f3n al C\u00f3digo Urban\u00edstico que permiti\u00f3 la instalaci\u00f3n de <strong>Carrefour Maxi<\/strong> en la ciudad.<\/p>\n\n\n\n<p class=\"wp-block-paragraph\">Desde la empresa consideran que esa autorizaci\u00f3n gener\u00f3 una situaci\u00f3n de <strong>competencia desleal<\/strong>, al habilitar el desembarco de un nuevo actor de gran escala en el mismo segmento comercial en el que opera Diarco.<\/p>\n\n\n\n<p class=\"wp-block-paragraph\">El planteo pone nuevamente en discusi\u00f3n las condiciones de competencia entre las grandes cadenas mayoristas y los nuevos formatos comerciales, en un mercado que atraviesa una fuerte contracci\u00f3n y en el que las empresas buscan reducir costos y sostener sus niveles de rentabilidad.<\/p>\n","protected":false},"excerpt":{"rendered":"<p>La cadena mayorista Diarco cerr\u00f3 tres sucursales en la provincia de Buenos Aires en menos de 30 d\u00edas, en el marco de una reestructuraci\u00f3n nacional de la empresa que se&hellip;<\/p>\n","protected":false},"author":7,"featured_media":334505,"comment_status":"closed","ping_status":"open","sticky":false,"template":"","format":"standard","meta":{"_acf_changed":false,"footnotes":""},"categories":[4,12],"tags":[],"class_list":["post-334504","post","type-post","status-publish","format-standard","has-post-thumbnail","hentry","category-destacadas","category-sociedad"],"acf":[],"yoast_head":"<!-- This site is optimized with the Yoast SEO plugin v28.4 - https:\/\/yoast.com\/product\/yoast-seo-wordpress\/ -->\n<title>Diarco cerr\u00f3 tres sucursales, pero Santa Rosa y Pico se salvan por su rentabilidad - Diario Textual<\/title>\n<meta name=\"robots\" content=\"index, follow, max-snippet:-1, max-image-preview:large, max-video-preview:-1\" \/>\n<link rel=\"canonical\" href=\"https:\/\/diariotextual.com\/inicio\/index.php\/2026\/09\/04\/diarco-cerro-tres-sucursales-pero-santa-rosa-y-pico-se-salvan-por-su-rentabilidad\/\" \/>\n<meta property=\"og:locale\" content=\"es_ES\" \/>\n<meta property=\"og:type\" content=\"article\" \/>\n<meta property=\"og:title\" content=\"Diarco cerr\u00f3 tres sucursales, pero Santa Rosa y Pico se salvan por su rentabilidad - Diario Textual\" \/>\n<meta property=\"og:description\" content=\"La cadena mayorista Diarco cerr\u00f3 tres sucursales en la provincia de Buenos Aires en menos de 30 d\u00edas, en el marco de una reestructuraci\u00f3n nacional de la empresa que se&hellip;\" \/>\n<meta property=\"og:url\" content=\"https:\/\/diariotextual.com\/inicio\/index.php\/2026\/09\/04\/diarco-cerro-tres-sucursales-pero-santa-rosa-y-pico-se-salvan-por-su-rentabilidad\/\" \/>\n<meta property=\"og:site_name\" content=\"Diario Textual\" \/>\n<meta property=\"article:publisher\" content=\"https:\/\/www.facebook.com\/eltextual\" \/>\n<meta property=\"article:published_time\" content=\"2026-09-04T12:25:34+00:00\" \/>\n<meta property=\"article:modified_time\" content=\"2026-09-04T13:30:56+00:00\" \/>\n<meta property=\"og:image\" content=\"https:\/\/diariotextual.com\/inicio\/wp-content\/uploads\/2026\/09\/diarco.jpg\" \/>\n\t<meta property=\"og:image:width\" content=\"800\" \/>\n\t<meta property=\"og:image:height\" content=\"600\" \/>\n\t<meta property=\"og:image:type\" content=\"image\/jpeg\" \/>\n<meta name=\"author\" content=\"diario5\" \/>\n<meta name=\"twitter:card\" content=\"summary_large_image\" \/>\n<meta name=\"twitter:creator\" content=\"@eltextual\" \/>\n<meta name=\"twitter:site\" content=\"@eltextual\" \/>\n<meta name=\"twitter:label1\" content=\"Escrito por\" \/>\n\t<meta name=\"twitter:data1\" content=\"diario5\" \/>\n\t<meta name=\"twitter:label2\" content=\"Tiempo de lectura\" \/>\n\t<meta name=\"twitter:data2\" content=\"3 minutos\" \/>\n<script type=\"application\/ld+json\" class=\"yoast-schema-graph\">{\"@context\":\"https:\\\/\\\/schema.org\",\"@graph\":[{\"@type\":\"Article\",\"@id\":\"https:\\\/\\\/diariotextual.com\\\/inicio\\\/index.php\\\/2026\\\/09\\\/04\\\/diarco-cerro-tres-sucursales-pero-santa-rosa-y-pico-se-salvan-por-su-rentabilidad\\\/#article\",\"isPartOf\":{\"@id\":\"https:\\\/\\\/diariotextual.com\\\/inicio\\\/index.php\\\/2026\\\/09\\\/04\\\/diarco-cerro-tres-sucursales-pero-santa-rosa-y-pico-se-salvan-por-su-rentabilidad\\\/\"},\"author\":{\"name\":\"diario5\",\"@id\":\"https:\\\/\\\/diariotextual.com\\\/inicio\\\/#\\\/schema\\\/person\\\/c7834961ad8b29b1d9cdbf4571299067\"},\"headline\":\"Diarco cerr\u00f3 tres sucursales, pero Santa Rosa y Pico se salvan por su rentabilidad\",\"datePublished\":\"2026-09-04T12:25:34+00:00\",\"dateModified\":\"2026-09-04T13:30:56+00:00\",\"mainEntityOfPage\":{\"@id\":\"https:\\\/\\\/diariotextual.com\\\/inicio\\\/index.php\\\/2026\\\/09\\\/04\\\/diarco-cerro-tres-sucursales-pero-santa-rosa-y-pico-se-salvan-por-su-rentabilidad\\\/\"},\"wordCount\":538,\"publisher\":{\"@id\":\"https:\\\/\\\/diariotextual.com\\\/inicio\\\/#organization\"},\"image\":{\"@id\":\"https:\\\/\\\/diariotextual.com\\\/inicio\\\/index.php\\\/2026\\\/09\\\/04\\\/diarco-cerro-tres-sucursales-pero-santa-rosa-y-pico-se-salvan-por-su-rentabilidad\\\/#primaryimage\"},\"thumbnailUrl\":\"https:\\\/\\\/diariotextual.com\\\/inicio\\\/wp-content\\\/uploads\\\/2026\\\/09\\\/diarco.jpg\",\"articleSection\":[\"A - DESTACADAS (mod 16)\",\"SOCIEDAD\"],\"inLanguage\":\"es\"},{\"@type\":\"WebPage\",\"@id\":\"https:\\\/\\\/diariotextual.com\\\/inicio\\\/index.php\\\/2026\\\/09\\\/04\\\/diarco-cerro-tres-sucursales-pero-santa-rosa-y-pico-se-salvan-por-su-rentabilidad\\\/\",\"url\":\"https:\\\/\\\/diariotextual.com\\\/inicio\\\/index.php\\\/2026\\\/09\\\/04\\\/diarco-cerro-tres-sucursales-pero-santa-rosa-y-pico-se-salvan-por-su-rentabilidad\\\/\",\"name\":\"Diarco cerr\u00f3 tres sucursales, pero Santa Rosa y Pico se salvan por su rentabilidad - Diario Textual\",\"isPartOf\":{\"@id\":\"https:\\\/\\\/diariotextual.com\\\/inicio\\\/#website\"},\"primaryImageOfPage\":{\"@id\":\"https:\\\/\\\/diariotextual.com\\\/inicio\\\/index.php\\\/2026\\\/09\\\/04\\\/diarco-cerro-tres-sucursales-pero-santa-rosa-y-pico-se-salvan-por-su-rentabilidad\\\/#primaryimage\"},\"image\":{\"@id\":\"https:\\\/\\\/diariotextual.com\\\/inicio\\\/index.php\\\/2026\\\/09\\\/04\\\/diarco-cerro-tres-sucursales-pero-santa-rosa-y-pico-se-salvan-por-su-rentabilidad\\\/#primaryimage\"},\"thumbnailUrl\":\"https:\\\/\\\/diariotextual.com\\\/inicio\\\/wp-content\\\/uploads\\\/2026\\\/09\\\/diarco.jpg\",\"datePublished\":\"2026-09-04T12:25:34+00:00\",\"dateModified\":\"2026-09-04T13:30:56+00:00\",\"breadcrumb\":{\"@id\":\"https:\\\/\\\/diariotextual.com\\\/inicio\\\/index.php\\\/2026\\\/09\\\/04\\\/diarco-cerro-tres-sucursales-pero-santa-rosa-y-pico-se-salvan-por-su-rentabilidad\\\/#breadcrumb\"},\"inLanguage\":\"es\",\"potentialAction\":[{\"@type\":\"ReadAction\",\"target\":[\"https:\\\/\\\/diariotextual.com\\\/inicio\\\/index.php\\\/2026\\\/09\\\/04\\\/diarco-cerro-tres-sucursales-pero-santa-rosa-y-pico-se-salvan-por-su-rentabilidad\\\/\"]}]},{\"@type\":\"ImageObject\",\"inLanguage\":\"es\",\"@id\":\"https:\\\/\\\/diariotextual.com\\\/inicio\\\/index.php\\\/2026\\\/09\\\/04\\\/diarco-cerro-tres-sucursales-pero-santa-rosa-y-pico-se-salvan-por-su-rentabilidad\\\/#primaryimage\",\"url\":\"https:\\\/\\\/diariotextual.com\\\/inicio\\\/wp-content\\\/uploads\\\/2026\\\/09\\\/diarco.jpg\",\"contentUrl\":\"https:\\\/\\\/diariotextual.com\\\/inicio\\\/wp-content\\\/uploads\\\/2026\\\/09\\\/diarco.jpg\",\"width\":800,\"height\":600},{\"@type\":\"BreadcrumbList\",\"@id\":\"https:\\\/\\\/diariotextual.com\\\/inicio\\\/index.php\\\/2026\\\/09\\\/04\\\/diarco-cerro-tres-sucursales-pero-santa-rosa-y-pico-se-salvan-por-su-rentabilidad\\\/#breadcrumb\",\"itemListElement\":[{\"@type\":\"ListItem\",\"position\":1,\"name\":\"Portada\",\"item\":\"https:\\\/\\\/diariotextual.com\\\/inicio\\\/\"},{\"@type\":\"ListItem\",\"position\":2,\"name\":\"Diarco cerr\u00f3 tres sucursales, pero Santa Rosa y Pico se salvan por su rentabilidad\"}]},{\"@type\":\"WebSite\",\"@id\":\"https:\\\/\\\/diariotextual.com\\\/inicio\\\/#website\",\"url\":\"https:\\\/\\\/diariotextual.com\\\/inicio\\\/\",\"name\":\"Diario Textual\",\"description\":\"\",\"publisher\":{\"@id\":\"https:\\\/\\\/diariotextual.com\\\/inicio\\\/#organization\"},\"potentialAction\":[{\"@type\":\"SearchAction\",\"target\":{\"@type\":\"EntryPoint\",\"urlTemplate\":\"https:\\\/\\\/diariotextual.com\\\/inicio\\\/?s={search_term_string}\"},\"query-input\":{\"@type\":\"PropertyValueSpecification\",\"valueRequired\":true,\"valueName\":\"search_term_string\"}}],\"inLanguage\":\"es\"},{\"@type\":\"Organization\",\"@id\":\"https:\\\/\\\/diariotextual.com\\\/inicio\\\/#organization\",\"name\":\"Diario Textual\",\"url\":\"https:\\\/\\\/diariotextual.com\\\/inicio\\\/\",\"logo\":{\"@type\":\"ImageObject\",\"inLanguage\":\"es\",\"@id\":\"https:\\\/\\\/diariotextual.com\\\/inicio\\\/#\\\/schema\\\/logo\\\/image\\\/\",\"url\":\"https:\\\/\\\/diariotextual.com\\\/inicio\\\/wp-content\\\/uploads\\\/2023\\\/05\\\/logotextual1.jpg\",\"contentUrl\":\"https:\\\/\\\/diariotextual.com\\\/inicio\\\/wp-content\\\/uploads\\\/2023\\\/05\\\/logotextual1.jpg\",\"width\":516,\"height\":76,\"caption\":\"Diario Textual\"},\"image\":{\"@id\":\"https:\\\/\\\/diariotextual.com\\\/inicio\\\/#\\\/schema\\\/logo\\\/image\\\/\"},\"sameAs\":[\"https:\\\/\\\/www.facebook.com\\\/eltextual\",\"https:\\\/\\\/x.com\\\/eltextual\",\"http:\\\/\\\/www.instagram.com\\\/eltextual\"]},{\"@type\":\"Person\",\"@id\":\"https:\\\/\\\/diariotextual.com\\\/inicio\\\/#\\\/schema\\\/person\\\/c7834961ad8b29b1d9cdbf4571299067\",\"name\":\"diario5\",\"image\":{\"@type\":\"ImageObject\",\"inLanguage\":\"es\",\"@id\":\"https:\\\/\\\/secure.gravatar.com\\\/avatar\\\/948c893b847ca6df68216ead81b63f363408ec9b0f600fefc0641ce78613b111?s=96&d=mm&r=g\",\"url\":\"https:\\\/\\\/secure.gravatar.com\\\/avatar\\\/948c893b847ca6df68216ead81b63f363408ec9b0f600fefc0641ce78613b111?s=96&d=mm&r=g\",\"contentUrl\":\"https:\\\/\\\/secure.gravatar.com\\\/avatar\\\/948c893b847ca6df68216ead81b63f363408ec9b0f600fefc0641ce78613b111?s=96&d=mm&r=g\",\"caption\":\"diario5\"},\"url\":\"https:\\\/\\\/diariotextual.com\\\/inicio\\\/index.php\\\/author\\\/diario5\\\/\"}]}<\/script>\n<!-- \/ Yoast SEO plugin. -->","yoast_head_json":{"title":"Diarco cerr\u00f3 tres sucursales, pero Santa Rosa y Pico se salvan por su rentabilidad - Diario Textual","robots":{"index":"index","follow":"follow","max-snippet":"max-snippet:-1","max-image-preview":"max-image-preview:large","max-video-preview":"max-video-preview:-1"},"canonical":"https:\/\/diariotextual.com\/inicio\/index.php\/2026\/09\/04\/diarco-cerro-tres-sucursales-pero-santa-rosa-y-pico-se-salvan-por-su-rentabilidad\/","og_locale":"es_ES","og_type":"article","og_title":"Diarco cerr\u00f3 tres sucursales, pero Santa Rosa y Pico se salvan por su rentabilidad - Diario Textual","og_description":"La cadena mayorista Diarco cerr\u00f3 tres sucursales en la provincia de Buenos Aires en menos de 30 d\u00edas, en el marco de una reestructuraci\u00f3n nacional de la empresa que se&hellip;","og_url":"https:\/\/diariotextual.com\/inicio\/index.php\/2026\/09\/04\/diarco-cerro-tres-sucursales-pero-santa-rosa-y-pico-se-salvan-por-su-rentabilidad\/","og_site_name":"Diario Textual","article_publisher":"https:\/\/www.facebook.com\/eltextual","article_published_time":"2026-09-04T12:25:34+00:00","article_modified_time":"2026-09-04T13:30:56+00:00","og_image":[{"width":800,"height":600,"url":"https:\/\/diariotextual.com\/inicio\/wp-content\/uploads\/2026\/09\/diarco.jpg","type":"image\/jpeg"}],"author":"diario5","twitter_card":"summary_large_image","twitter_creator":"@eltextual","twitter_site":"@eltextual","twitter_misc":{"Escrito por":"diario5","Tiempo de lectura":"3 minutos"},"schema":{"@context":"https:\/\/schema.org","@graph":[{"@type":"Article","@id":"https:\/\/diariotextual.com\/inicio\/index.php\/2026\/09\/04\/diarco-cerro-tres-sucursales-pero-santa-rosa-y-pico-se-salvan-por-su-rentabilidad\/#article","isPartOf":{"@id":"https:\/\/diariotextual.com\/inicio\/index.php\/2026\/09\/04\/diarco-cerro-tres-sucursales-pero-santa-rosa-y-pico-se-salvan-por-su-rentabilidad\/"},"author":{"name":"diario5","@id":"https:\/\/diariotextual.com\/inicio\/#\/schema\/person\/c7834961ad8b29b1d9cdbf4571299067"},"headline":"Diarco cerr\u00f3 tres sucursales, pero Santa Rosa y Pico se salvan por su rentabilidad","datePublished":"2026-09-04T12:25:34+00:00","dateModified":"2026-09-04T13:30:56+00:00","mainEntityOfPage":{"@id":"https:\/\/diariotextual.com\/inicio\/index.php\/2026\/09\/04\/diarco-cerro-tres-sucursales-pero-santa-rosa-y-pico-se-salvan-por-su-rentabilidad\/"},"wordCount":538,"publisher":{"@id":"https:\/\/diariotextual.com\/inicio\/#organization"},"image":{"@id":"https:\/\/diariotextual.com\/inicio\/index.php\/2026\/09\/04\/diarco-cerro-tres-sucursales-pero-santa-rosa-y-pico-se-salvan-por-su-rentabilidad\/#primaryimage"},"thumbnailUrl":"https:\/\/diariotextual.com\/inicio\/wp-content\/uploads\/2026\/09\/diarco.jpg","articleSection":["A - DESTACADAS (mod 16)","SOCIEDAD"],"inLanguage":"es"},{"@type":"WebPage","@id":"https:\/\/diariotextual.com\/inicio\/index.php\/2026\/09\/04\/diarco-cerro-tres-sucursales-pero-santa-rosa-y-pico-se-salvan-por-su-rentabilidad\/","url":"https:\/\/diariotextual.com\/inicio\/index.php\/2026\/09\/04\/diarco-cerro-tres-sucursales-pero-santa-rosa-y-pico-se-salvan-por-su-rentabilidad\/","name":"Diarco cerr\u00f3 tres sucursales, pero Santa Rosa y Pico se salvan por su rentabilidad - Diario Textual","isPartOf":{"@id":"https:\/\/diariotextual.com\/inicio\/#website"},"primaryImageOfPage":{"@id":"https:\/\/diariotextual.com\/inicio\/index.php\/2026\/09\/04\/diarco-cerro-tres-sucursales-pero-santa-rosa-y-pico-se-salvan-por-su-rentabilidad\/#primaryimage"},"image":{"@id":"https:\/\/diariotextual.com\/inicio\/index.php\/2026\/09\/04\/diarco-cerro-tres-sucursales-pero-santa-rosa-y-pico-se-salvan-por-su-rentabilidad\/#primaryimage"},"thumbnailUrl":"https:\/\/diariotextual.com\/inicio\/wp-content\/uploads\/2026\/09\/diarco.jpg","datePublished":"2026-09-04T12:25:34+00:00","dateModified":"2026-09-04T13:30:56+00:00","breadcrumb":{"@id":"https:\/\/diariotextual.com\/inicio\/index.php\/2026\/09\/04\/diarco-cerro-tres-sucursales-pero-santa-rosa-y-pico-se-salvan-por-su-rentabilidad\/#breadcrumb"},"inLanguage":"es","potentialAction":[{"@type":"ReadAction","target":["https:\/\/diariotextual.com\/inicio\/index.php\/2026\/09\/04\/diarco-cerro-tres-sucursales-pero-santa-rosa-y-pico-se-salvan-por-su-rentabilidad\/"]}]},{"@type":"ImageObject","inLanguage":"es","@id":"https:\/\/diariotextual.com\/inicio\/index.php\/2026\/09\/04\/diarco-cerro-tres-sucursales-pero-santa-rosa-y-pico-se-salvan-por-su-rentabilidad\/#primaryimage","url":"https:\/\/diariotextual.com\/inicio\/wp-content\/uploads\/2026\/09\/diarco.jpg","contentUrl":"https:\/\/diariotextual.com\/inicio\/wp-content\/uploads\/2026\/09\/diarco.jpg","width":800,"height":600},{"@type":"BreadcrumbList","@id":"https:\/\/diariotextual.com\/inicio\/index.php\/2026\/09\/04\/diarco-cerro-tres-sucursales-pero-santa-rosa-y-pico-se-salvan-por-su-rentabilidad\/#breadcrumb","itemListElement":[{"@type":"ListItem","position":1,"name":"Portada","item":"https:\/\/diariotextual.com\/inicio\/"},{"@type":"ListItem","position":2,"name":"Diarco cerr\u00f3 tres sucursales, pero Santa Rosa y Pico se salvan por su rentabilidad"}]},{"@type":"WebSite","@id":"https:\/\/diariotextual.com\/inicio\/#website","url":"https:\/\/diariotextual.com\/inicio\/","name":"Diario Textual","description":"","publisher":{"@id":"https:\/\/diariotextual.com\/inicio\/#organization"},"potentialAction":[{"@type":"SearchAction","target":{"@type":"EntryPoint","urlTemplate":"https:\/\/diariotextual.com\/inicio\/?s={search_term_string}"},"query-input":{"@type":"PropertyValueSpecification","valueRequired":true,"valueName":"search_term_string"}}],"inLanguage":"es"},{"@type":"Organization","@id":"https:\/\/diariotextual.com\/inicio\/#organization","name":"Diario Textual","url":"https:\/\/diariotextual.com\/inicio\/","logo":{"@type":"ImageObject","inLanguage":"es","@id":"https:\/\/diariotextual.com\/inicio\/#\/schema\/logo\/image\/","url":"https:\/\/diariotextual.com\/inicio\/wp-content\/uploads\/2023\/05\/logotextual1.jpg","contentUrl":"https:\/\/diariotextual.com\/inicio\/wp-content\/uploads\/2023\/05\/logotextual1.jpg","width":516,"height":76,"caption":"Diario Textual"},"image":{"@id":"https:\/\/diariotextual.com\/inicio\/#\/schema\/logo\/image\/"},"sameAs":["https:\/\/www.facebook.com\/eltextual","https:\/\/x.com\/eltextual","http:\/\/www.instagram.com\/eltextual"]},{"@type":"Person","@id":"https:\/\/diariotextual.com\/inicio\/#\/schema\/person\/c7834961ad8b29b1d9cdbf4571299067","name":"diario5","image":{"@type":"ImageObject","inLanguage":"es","@id":"https:\/\/secure.gravatar.com\/avatar\/948c893b847ca6df68216ead81b63f363408ec9b0f600fefc0641ce78613b111?s=96&d=mm&r=g","url":"https:\/\/secure.gravatar.com\/avatar\/948c893b847ca6df68216ead81b63f363408ec9b0f600fefc0641ce78613b111?s=96&d=mm&r=g","contentUrl":"https:\/\/secure.gravatar.com\/avatar\/948c893b847ca6df68216ead81b63f363408ec9b0f600fefc0641ce78613b111?s=96&d=mm&r=g","caption":"diario5"},"url":"https:\/\/diariotextual.com\/inicio\/index.php\/author\/diario5\/"}]}},"_links":{"self":[{"href":"https:\/\/diariotextual.com\/inicio\/index.php\/wp-json\/wp\/v2\/posts\/334504","targetHints":{"allow":["GET"]}}],"collection":[{"href":"https:\/\/diariotextual.com\/inicio\/index.php\/wp-json\/wp\/v2\/posts"}],"about":[{"href":"https:\/\/diariotextual.com\/inicio\/index.php\/wp-json\/wp\/v2\/types\/post"}],"author":[{"embeddable":true,"href":"https:\/\/diariotextual.com\/inicio\/index.php\/wp-json\/wp\/v2\/users\/7"}],"replies":[{"embeddable":true,"href":"https:\/\/diariotextual.com\/inicio\/index.php\/wp-json\/wp\/v2\/comments?post=334504"}],"version-history":[{"count":1,"href":"https:\/\/diariotextual.com\/inicio\/index.php\/wp-json\/wp\/v2\/posts\/334504\/revisions"}],"predecessor-version":[{"id":334506,"href":"https:\/\/diariotextual.com\/inicio\/index.php\/wp-json\/wp\/v2\/posts\/334504\/revisions\/334506"}],"wp:featuredmedia":[{"embeddable":true,"href":"https:\/\/diariotextual.com\/inicio\/index.php\/wp-json\/wp\/v2\/media\/334505"}],"wp:attachment":[{"href":"https:\/\/diariotextual.com\/inicio\/index.php\/wp-json\/wp\/v2\/media?parent=334504"}],"wp:term":[{"taxonomy":"category","embeddable":true,"href":"https:\/\/diariotextual.com\/inicio\/index.php\/wp-json\/wp\/v2\/categories?post=334504"},{"taxonomy":"post_tag","embeddable":true,"href":"https:\/\/diariotextual.com\/inicio\/index.php\/wp-json\/wp\/v2\/tags?post=334504"}],"curies":[{"name":"wp","href":"https:\/\/api.w.org\/{rel}","templated":true}]}}