{"id":334507,"date":"2026-09-04T09:41:30","date_gmt":"2026-09-04T12:41:30","guid":{"rendered":"https:\/\/diariotextual.com\/inicio\/?p=334507"},"modified":"2026-09-04T09:41:32","modified_gmt":"2026-09-04T12:41:32","slug":"tres-chicos-prendieron-fuego-un-renault-12-en-santa-rosa","status":"publish","type":"post","link":"https:\/\/diariotextual.com\/inicio\/index.php\/2026\/09\/04\/tres-chicos-prendieron-fuego-un-renault-12-en-santa-rosa\/","title":{"rendered":"Tres chicos prendieron fuego un Renault 12 en Santa Rosa"},"content":{"rendered":"\n<p class=\"wp-block-paragraph\">Un Renault 12 fue incendiado durante la madrugada de este viernes en calle Payne Norte al 900, en Santa Rosa. Por el hecho, la Polic\u00eda identific\u00f3 a tres chicos de 15 a\u00f1os como presuntos autores.<\/p>\n\n\n\n<p class=\"wp-block-paragraph\">El episodio ocurri\u00f3 alrededor de las 0.45, cuando el Centro de Comunicaciones (CECOM) alert\u00f3 sobre el incendio de un veh\u00edculo estacionado en la v\u00eda p\u00fablica. Al arribar, efectivos policiales constataron que se trataba de un Renault 12 y que el foco \u00edgneo se encontraba en el habit\u00e1culo.<\/p>\n\n\n\n<p class=\"wp-block-paragraph\">Ante la situaci\u00f3n, se solicit\u00f3 la presencia de Bomberos, quienes trabajaron en el lugar y posteriormente realizaron las pericias correspondientes para determinar las circunstancias en las que se inici\u00f3 el fuego.<\/p>\n\n\n\n<p class=\"wp-block-paragraph\">El propietario del veh\u00edculo, un hombre de 31 a\u00f1os, manifest\u00f3 a los polic\u00edas que no ten\u00eda problemas con ninguna persona y se\u00f1al\u00f3 que hab\u00eda dejado estacionado el Renault frente a su vivienda aproximadamente una hora antes del incendio.<\/p>\n\n\n\n<p class=\"wp-block-paragraph\">A partir del trabajo de campo realizado en el lugar, la toma de testimonios y otras tareas investigativas, los efectivos pudieron establecer preliminarmente que los presuntos responsables ser\u00edan tres menores de 15 a\u00f1os.<\/p>\n\n\n\n<p class=\"wp-block-paragraph\">Por el hecho se inici\u00f3 una investigaci\u00f3n preliminar y se dio intervenci\u00f3n a la Justicia, adem\u00e1s de convocarse al personal de la Unidad Funcional correspondiente para avanzar con las actuaciones.<\/p>\n\n\n\n<p class=\"wp-block-paragraph\">La investigaci\u00f3n contin\u00faa para determinar con precisi\u00f3n c\u00f3mo se produjo el incendio y la participaci\u00f3n que habr\u00eda tenido cada uno de los adolescentes.<\/p>\n","protected":false},"excerpt":{"rendered":"<p>Un Renault 12 fue incendiado durante la madrugada de este viernes en calle Payne Norte al 900, en Santa Rosa. Por el hecho, la Polic\u00eda identific\u00f3 a tres chicos de&hellip;<\/p>\n","protected":false},"author":7,"featured_media":334509,"comment_status":"closed","ping_status":"open","sticky":false,"template":"","format":"standard","meta":{"_acf_changed":false,"footnotes":""},"categories":[4,12],"tags":[],"class_list":["post-334507","post","type-post","status-publish","format-standard","has-post-thumbnail","hentry","category-destacadas","category-sociedad"],"acf":[],"yoast_head":"<!-- This site is optimized with the Yoast SEO plugin v28.4 - https:\/\/yoast.com\/product\/yoast-seo-wordpress\/ -->\n<title>Tres chicos prendieron fuego un Renault 12 en Santa Rosa - Diario Textual<\/title>\n<meta name=\"robots\" content=\"index, follow, max-snippet:-1, max-image-preview:large, max-video-preview:-1\" \/>\n<link rel=\"canonical\" href=\"https:\/\/diariotextual.com\/inicio\/index.php\/2026\/09\/04\/tres-chicos-prendieron-fuego-un-renault-12-en-santa-rosa\/\" \/>\n<meta property=\"og:locale\" content=\"es_ES\" \/>\n<meta property=\"og:type\" content=\"article\" \/>\n<meta property=\"og:title\" content=\"Tres chicos prendieron fuego un Renault 12 en Santa Rosa - Diario Textual\" \/>\n<meta property=\"og:description\" content=\"Un Renault 12 fue incendiado durante la madrugada de este viernes en calle Payne Norte al 900, en Santa Rosa. Por el hecho, la Polic\u00eda identific\u00f3 a tres chicos de&hellip;\" \/>\n<meta property=\"og:url\" content=\"https:\/\/diariotextual.com\/inicio\/index.php\/2026\/09\/04\/tres-chicos-prendieron-fuego-un-renault-12-en-santa-rosa\/\" \/>\n<meta property=\"og:site_name\" content=\"Diario Textual\" \/>\n<meta property=\"article:publisher\" content=\"https:\/\/www.facebook.com\/eltextual\" \/>\n<meta property=\"article:published_time\" content=\"2026-09-04T12:41:30+00:00\" \/>\n<meta property=\"article:modified_time\" content=\"2026-09-04T12:41:32+00:00\" \/>\n<meta property=\"og:image\" content=\"https:\/\/diariotextual.com\/inicio\/wp-content\/uploads\/2026\/09\/autoincendiadoensantarosa202677777.jpg\" \/>\n\t<meta property=\"og:image:width\" content=\"1280\" \/>\n\t<meta property=\"og:image:height\" content=\"960\" \/>\n\t<meta property=\"og:image:type\" content=\"image\/jpeg\" \/>\n<meta name=\"author\" content=\"diario5\" \/>\n<meta name=\"twitter:card\" content=\"summary_large_image\" \/>\n<meta name=\"twitter:creator\" content=\"@eltextual\" \/>\n<meta name=\"twitter:site\" content=\"@eltextual\" \/>\n<meta name=\"twitter:label1\" content=\"Escrito por\" \/>\n\t<meta name=\"twitter:data1\" content=\"diario5\" \/>\n\t<meta name=\"twitter:label2\" content=\"Tiempo de lectura\" \/>\n\t<meta name=\"twitter:data2\" content=\"2 minutos\" \/>\n<script type=\"application\/ld+json\" class=\"yoast-schema-graph\">{\"@context\":\"https:\\\/\\\/schema.org\",\"@graph\":[{\"@type\":\"Article\",\"@id\":\"https:\\\/\\\/diariotextual.com\\\/inicio\\\/index.php\\\/2026\\\/09\\\/04\\\/tres-chicos-prendieron-fuego-un-renault-12-en-santa-rosa\\\/#article\",\"isPartOf\":{\"@id\":\"https:\\\/\\\/diariotextual.com\\\/inicio\\\/index.php\\\/2026\\\/09\\\/04\\\/tres-chicos-prendieron-fuego-un-renault-12-en-santa-rosa\\\/\"},\"author\":{\"name\":\"diario5\",\"@id\":\"https:\\\/\\\/diariotextual.com\\\/inicio\\\/#\\\/schema\\\/person\\\/c7834961ad8b29b1d9cdbf4571299067\"},\"headline\":\"Tres chicos prendieron fuego un Renault 12 en Santa Rosa\",\"datePublished\":\"2026-09-04T12:41:30+00:00\",\"dateModified\":\"2026-09-04T12:41:32+00:00\",\"mainEntityOfPage\":{\"@id\":\"https:\\\/\\\/diariotextual.com\\\/inicio\\\/index.php\\\/2026\\\/09\\\/04\\\/tres-chicos-prendieron-fuego-un-renault-12-en-santa-rosa\\\/\"},\"wordCount\":263,\"publisher\":{\"@id\":\"https:\\\/\\\/diariotextual.com\\\/inicio\\\/#organization\"},\"image\":{\"@id\":\"https:\\\/\\\/diariotextual.com\\\/inicio\\\/index.php\\\/2026\\\/09\\\/04\\\/tres-chicos-prendieron-fuego-un-renault-12-en-santa-rosa\\\/#primaryimage\"},\"thumbnailUrl\":\"https:\\\/\\\/diariotextual.com\\\/inicio\\\/wp-content\\\/uploads\\\/2026\\\/09\\\/autoincendiadoensantarosa202677777.jpg\",\"articleSection\":[\"A - DESTACADAS (mod 16)\",\"SOCIEDAD\"],\"inLanguage\":\"es\"},{\"@type\":\"WebPage\",\"@id\":\"https:\\\/\\\/diariotextual.com\\\/inicio\\\/index.php\\\/2026\\\/09\\\/04\\\/tres-chicos-prendieron-fuego-un-renault-12-en-santa-rosa\\\/\",\"url\":\"https:\\\/\\\/diariotextual.com\\\/inicio\\\/index.php\\\/2026\\\/09\\\/04\\\/tres-chicos-prendieron-fuego-un-renault-12-en-santa-rosa\\\/\",\"name\":\"Tres chicos prendieron fuego un Renault 12 en Santa Rosa - Diario Textual\",\"isPartOf\":{\"@id\":\"https:\\\/\\\/diariotextual.com\\\/inicio\\\/#website\"},\"primaryImageOfPage\":{\"@id\":\"https:\\\/\\\/diariotextual.com\\\/inicio\\\/index.php\\\/2026\\\/09\\\/04\\\/tres-chicos-prendieron-fuego-un-renault-12-en-santa-rosa\\\/#primaryimage\"},\"image\":{\"@id\":\"https:\\\/\\\/diariotextual.com\\\/inicio\\\/index.php\\\/2026\\\/09\\\/04\\\/tres-chicos-prendieron-fuego-un-renault-12-en-santa-rosa\\\/#primaryimage\"},\"thumbnailUrl\":\"https:\\\/\\\/diariotextual.com\\\/inicio\\\/wp-content\\\/uploads\\\/2026\\\/09\\\/autoincendiadoensantarosa202677777.jpg\",\"datePublished\":\"2026-09-04T12:41:30+00:00\",\"dateModified\":\"2026-09-04T12:41:32+00:00\",\"breadcrumb\":{\"@id\":\"https:\\\/\\\/diariotextual.com\\\/inicio\\\/index.php\\\/2026\\\/09\\\/04\\\/tres-chicos-prendieron-fuego-un-renault-12-en-santa-rosa\\\/#breadcrumb\"},\"inLanguage\":\"es\",\"potentialAction\":[{\"@type\":\"ReadAction\",\"target\":[\"https:\\\/\\\/diariotextual.com\\\/inicio\\\/index.php\\\/2026\\\/09\\\/04\\\/tres-chicos-prendieron-fuego-un-renault-12-en-santa-rosa\\\/\"]}]},{\"@type\":\"ImageObject\",\"inLanguage\":\"es\",\"@id\":\"https:\\\/\\\/diariotextual.com\\\/inicio\\\/index.php\\\/2026\\\/09\\\/04\\\/tres-chicos-prendieron-fuego-un-renault-12-en-santa-rosa\\\/#primaryimage\",\"url\":\"https:\\\/\\\/diariotextual.com\\\/inicio\\\/wp-content\\\/uploads\\\/2026\\\/09\\\/autoincendiadoensantarosa202677777.jpg\",\"contentUrl\":\"https:\\\/\\\/diariotextual.com\\\/inicio\\\/wp-content\\\/uploads\\\/2026\\\/09\\\/autoincendiadoensantarosa202677777.jpg\",\"width\":1280,\"height\":960},{\"@type\":\"BreadcrumbList\",\"@id\":\"https:\\\/\\\/diariotextual.com\\\/inicio\\\/index.php\\\/2026\\\/09\\\/04\\\/tres-chicos-prendieron-fuego-un-renault-12-en-santa-rosa\\\/#breadcrumb\",\"itemListElement\":[{\"@type\":\"ListItem\",\"position\":1,\"name\":\"Portada\",\"item\":\"https:\\\/\\\/diariotextual.com\\\/inicio\\\/\"},{\"@type\":\"ListItem\",\"position\":2,\"name\":\"Tres chicos prendieron fuego un Renault 12 en Santa Rosa\"}]},{\"@type\":\"WebSite\",\"@id\":\"https:\\\/\\\/diariotextual.com\\\/inicio\\\/#website\",\"url\":\"https:\\\/\\\/diariotextual.com\\\/inicio\\\/\",\"name\":\"Diario Textual\",\"description\":\"\",\"publisher\":{\"@id\":\"https:\\\/\\\/diariotextual.com\\\/inicio\\\/#organization\"},\"potentialAction\":[{\"@type\":\"SearchAction\",\"target\":{\"@type\":\"EntryPoint\",\"urlTemplate\":\"https:\\\/\\\/diariotextual.com\\\/inicio\\\/?s={search_term_string}\"},\"query-input\":{\"@type\":\"PropertyValueSpecification\",\"valueRequired\":true,\"valueName\":\"search_term_string\"}}],\"inLanguage\":\"es\"},{\"@type\":\"Organization\",\"@id\":\"https:\\\/\\\/diariotextual.com\\\/inicio\\\/#organization\",\"name\":\"Diario Textual\",\"url\":\"https:\\\/\\\/diariotextual.com\\\/inicio\\\/\",\"logo\":{\"@type\":\"ImageObject\",\"inLanguage\":\"es\",\"@id\":\"https:\\\/\\\/diariotextual.com\\\/inicio\\\/#\\\/schema\\\/logo\\\/image\\\/\",\"url\":\"https:\\\/\\\/diariotextual.com\\\/inicio\\\/wp-content\\\/uploads\\\/2023\\\/05\\\/logotextual1.jpg\",\"contentUrl\":\"https:\\\/\\\/diariotextual.com\\\/inicio\\\/wp-content\\\/uploads\\\/2023\\\/05\\\/logotextual1.jpg\",\"width\":516,\"height\":76,\"caption\":\"Diario Textual\"},\"image\":{\"@id\":\"https:\\\/\\\/diariotextual.com\\\/inicio\\\/#\\\/schema\\\/logo\\\/image\\\/\"},\"sameAs\":[\"https:\\\/\\\/www.facebook.com\\\/eltextual\",\"https:\\\/\\\/x.com\\\/eltextual\",\"http:\\\/\\\/www.instagram.com\\\/eltextual\"]},{\"@type\":\"Person\",\"@id\":\"https:\\\/\\\/diariotextual.com\\\/inicio\\\/#\\\/schema\\\/person\\\/c7834961ad8b29b1d9cdbf4571299067\",\"name\":\"diario5\",\"image\":{\"@type\":\"ImageObject\",\"inLanguage\":\"es\",\"@id\":\"https:\\\/\\\/secure.gravatar.com\\\/avatar\\\/948c893b847ca6df68216ead81b63f363408ec9b0f600fefc0641ce78613b111?s=96&d=mm&r=g\",\"url\":\"https:\\\/\\\/secure.gravatar.com\\\/avatar\\\/948c893b847ca6df68216ead81b63f363408ec9b0f600fefc0641ce78613b111?s=96&d=mm&r=g\",\"contentUrl\":\"https:\\\/\\\/secure.gravatar.com\\\/avatar\\\/948c893b847ca6df68216ead81b63f363408ec9b0f600fefc0641ce78613b111?s=96&d=mm&r=g\",\"caption\":\"diario5\"},\"url\":\"https:\\\/\\\/diariotextual.com\\\/inicio\\\/index.php\\\/author\\\/diario5\\\/\"}]}<\/script>\n<!-- \/ Yoast SEO plugin. -->","yoast_head_json":{"title":"Tres chicos prendieron fuego un Renault 12 en Santa Rosa - Diario Textual","robots":{"index":"index","follow":"follow","max-snippet":"max-snippet:-1","max-image-preview":"max-image-preview:large","max-video-preview":"max-video-preview:-1"},"canonical":"https:\/\/diariotextual.com\/inicio\/index.php\/2026\/09\/04\/tres-chicos-prendieron-fuego-un-renault-12-en-santa-rosa\/","og_locale":"es_ES","og_type":"article","og_title":"Tres chicos prendieron fuego un Renault 12 en Santa Rosa - Diario Textual","og_description":"Un Renault 12 fue incendiado durante la madrugada de este viernes en calle Payne Norte al 900, en Santa Rosa. Por el hecho, la Polic\u00eda identific\u00f3 a tres chicos de&hellip;","og_url":"https:\/\/diariotextual.com\/inicio\/index.php\/2026\/09\/04\/tres-chicos-prendieron-fuego-un-renault-12-en-santa-rosa\/","og_site_name":"Diario Textual","article_publisher":"https:\/\/www.facebook.com\/eltextual","article_published_time":"2026-09-04T12:41:30+00:00","article_modified_time":"2026-09-04T12:41:32+00:00","og_image":[{"width":1280,"height":960,"url":"https:\/\/diariotextual.com\/inicio\/wp-content\/uploads\/2026\/09\/autoincendiadoensantarosa202677777.jpg","type":"image\/jpeg"}],"author":"diario5","twitter_card":"summary_large_image","twitter_creator":"@eltextual","twitter_site":"@eltextual","twitter_misc":{"Escrito por":"diario5","Tiempo de lectura":"2 minutos"},"schema":{"@context":"https:\/\/schema.org","@graph":[{"@type":"Article","@id":"https:\/\/diariotextual.com\/inicio\/index.php\/2026\/09\/04\/tres-chicos-prendieron-fuego-un-renault-12-en-santa-rosa\/#article","isPartOf":{"@id":"https:\/\/diariotextual.com\/inicio\/index.php\/2026\/09\/04\/tres-chicos-prendieron-fuego-un-renault-12-en-santa-rosa\/"},"author":{"name":"diario5","@id":"https:\/\/diariotextual.com\/inicio\/#\/schema\/person\/c7834961ad8b29b1d9cdbf4571299067"},"headline":"Tres chicos prendieron fuego un Renault 12 en Santa Rosa","datePublished":"2026-09-04T12:41:30+00:00","dateModified":"2026-09-04T12:41:32+00:00","mainEntityOfPage":{"@id":"https:\/\/diariotextual.com\/inicio\/index.php\/2026\/09\/04\/tres-chicos-prendieron-fuego-un-renault-12-en-santa-rosa\/"},"wordCount":263,"publisher":{"@id":"https:\/\/diariotextual.com\/inicio\/#organization"},"image":{"@id":"https:\/\/diariotextual.com\/inicio\/index.php\/2026\/09\/04\/tres-chicos-prendieron-fuego-un-renault-12-en-santa-rosa\/#primaryimage"},"thumbnailUrl":"https:\/\/diariotextual.com\/inicio\/wp-content\/uploads\/2026\/09\/autoincendiadoensantarosa202677777.jpg","articleSection":["A - DESTACADAS (mod 16)","SOCIEDAD"],"inLanguage":"es"},{"@type":"WebPage","@id":"https:\/\/diariotextual.com\/inicio\/index.php\/2026\/09\/04\/tres-chicos-prendieron-fuego-un-renault-12-en-santa-rosa\/","url":"https:\/\/diariotextual.com\/inicio\/index.php\/2026\/09\/04\/tres-chicos-prendieron-fuego-un-renault-12-en-santa-rosa\/","name":"Tres chicos prendieron fuego un Renault 12 en Santa Rosa - Diario Textual","isPartOf":{"@id":"https:\/\/diariotextual.com\/inicio\/#website"},"primaryImageOfPage":{"@id":"https:\/\/diariotextual.com\/inicio\/index.php\/2026\/09\/04\/tres-chicos-prendieron-fuego-un-renault-12-en-santa-rosa\/#primaryimage"},"image":{"@id":"https:\/\/diariotextual.com\/inicio\/index.php\/2026\/09\/04\/tres-chicos-prendieron-fuego-un-renault-12-en-santa-rosa\/#primaryimage"},"thumbnailUrl":"https:\/\/diariotextual.com\/inicio\/wp-content\/uploads\/2026\/09\/autoincendiadoensantarosa202677777.jpg","datePublished":"2026-09-04T12:41:30+00:00","dateModified":"2026-09-04T12:41:32+00:00","breadcrumb":{"@id":"https:\/\/diariotextual.com\/inicio\/index.php\/2026\/09\/04\/tres-chicos-prendieron-fuego-un-renault-12-en-santa-rosa\/#breadcrumb"},"inLanguage":"es","potentialAction":[{"@type":"ReadAction","target":["https:\/\/diariotextual.com\/inicio\/index.php\/2026\/09\/04\/tres-chicos-prendieron-fuego-un-renault-12-en-santa-rosa\/"]}]},{"@type":"ImageObject","inLanguage":"es","@id":"https:\/\/diariotextual.com\/inicio\/index.php\/2026\/09\/04\/tres-chicos-prendieron-fuego-un-renault-12-en-santa-rosa\/#primaryimage","url":"https:\/\/diariotextual.com\/inicio\/wp-content\/uploads\/2026\/09\/autoincendiadoensantarosa202677777.jpg","contentUrl":"https:\/\/diariotextual.com\/inicio\/wp-content\/uploads\/2026\/09\/autoincendiadoensantarosa202677777.jpg","width":1280,"height":960},{"@type":"BreadcrumbList","@id":"https:\/\/diariotextual.com\/inicio\/index.php\/2026\/09\/04\/tres-chicos-prendieron-fuego-un-renault-12-en-santa-rosa\/#breadcrumb","itemListElement":[{"@type":"ListItem","position":1,"name":"Portada","item":"https:\/\/diariotextual.com\/inicio\/"},{"@type":"ListItem","position":2,"name":"Tres chicos prendieron fuego un Renault 12 en Santa Rosa"}]},{"@type":"WebSite","@id":"https:\/\/diariotextual.com\/inicio\/#website","url":"https:\/\/diariotextual.com\/inicio\/","name":"Diario Textual","description":"","publisher":{"@id":"https:\/\/diariotextual.com\/inicio\/#organization"},"potentialAction":[{"@type":"SearchAction","target":{"@type":"EntryPoint","urlTemplate":"https:\/\/diariotextual.com\/inicio\/?s={search_term_string}"},"query-input":{"@type":"PropertyValueSpecification","valueRequired":true,"valueName":"search_term_string"}}],"inLanguage":"es"},{"@type":"Organization","@id":"https:\/\/diariotextual.com\/inicio\/#organization","name":"Diario Textual","url":"https:\/\/diariotextual.com\/inicio\/","logo":{"@type":"ImageObject","inLanguage":"es","@id":"https:\/\/diariotextual.com\/inicio\/#\/schema\/logo\/image\/","url":"https:\/\/diariotextual.com\/inicio\/wp-content\/uploads\/2023\/05\/logotextual1.jpg","contentUrl":"https:\/\/diariotextual.com\/inicio\/wp-content\/uploads\/2023\/05\/logotextual1.jpg","width":516,"height":76,"caption":"Diario Textual"},"image":{"@id":"https:\/\/diariotextual.com\/inicio\/#\/schema\/logo\/image\/"},"sameAs":["https:\/\/www.facebook.com\/eltextual","https:\/\/x.com\/eltextual","http:\/\/www.instagram.com\/eltextual"]},{"@type":"Person","@id":"https:\/\/diariotextual.com\/inicio\/#\/schema\/person\/c7834961ad8b29b1d9cdbf4571299067","name":"diario5","image":{"@type":"ImageObject","inLanguage":"es","@id":"https:\/\/secure.gravatar.com\/avatar\/948c893b847ca6df68216ead81b63f363408ec9b0f600fefc0641ce78613b111?s=96&d=mm&r=g","url":"https:\/\/secure.gravatar.com\/avatar\/948c893b847ca6df68216ead81b63f363408ec9b0f600fefc0641ce78613b111?s=96&d=mm&r=g","contentUrl":"https:\/\/secure.gravatar.com\/avatar\/948c893b847ca6df68216ead81b63f363408ec9b0f600fefc0641ce78613b111?s=96&d=mm&r=g","caption":"diario5"},"url":"https:\/\/diariotextual.com\/inicio\/index.php\/author\/diario5\/"}]}},"_links":{"self":[{"href":"https:\/\/diariotextual.com\/inicio\/index.php\/wp-json\/wp\/v2\/posts\/334507","targetHints":{"allow":["GET"]}}],"collection":[{"href":"https:\/\/diariotextual.com\/inicio\/index.php\/wp-json\/wp\/v2\/posts"}],"about":[{"href":"https:\/\/diariotextual.com\/inicio\/index.php\/wp-json\/wp\/v2\/types\/post"}],"author":[{"embeddable":true,"href":"https:\/\/diariotextual.com\/inicio\/index.php\/wp-json\/wp\/v2\/users\/7"}],"replies":[{"embeddable":true,"href":"https:\/\/diariotextual.com\/inicio\/index.php\/wp-json\/wp\/v2\/comments?post=334507"}],"version-history":[{"count":2,"href":"https:\/\/diariotextual.com\/inicio\/index.php\/wp-json\/wp\/v2\/posts\/334507\/revisions"}],"predecessor-version":[{"id":334510,"href":"https:\/\/diariotextual.com\/inicio\/index.php\/wp-json\/wp\/v2\/posts\/334507\/revisions\/334510"}],"wp:featuredmedia":[{"embeddable":true,"href":"https:\/\/diariotextual.com\/inicio\/index.php\/wp-json\/wp\/v2\/media\/334509"}],"wp:attachment":[{"href":"https:\/\/diariotextual.com\/inicio\/index.php\/wp-json\/wp\/v2\/media?parent=334507"}],"wp:term":[{"taxonomy":"category","embeddable":true,"href":"https:\/\/diariotextual.com\/inicio\/index.php\/wp-json\/wp\/v2\/categories?post=334507"},{"taxonomy":"post_tag","embeddable":true,"href":"https:\/\/diariotextual.com\/inicio\/index.php\/wp-json\/wp\/v2\/tags?post=334507"}],"curies":[{"name":"wp","href":"https:\/\/api.w.org\/{rel}","templated":true}]}}