{"id":334511,"date":"2026-09-04T10:05:08","date_gmt":"2026-09-04T13:05:08","guid":{"rendered":"https:\/\/diariotextual.com\/inicio\/?p=334511"},"modified":"2026-09-04T10:05:09","modified_gmt":"2026-09-04T13:05:09","slug":"sanatorio-santa-rosa-celebra-sus-82-anos-con-obras-en-el-laboratorio-y-mas-tecnologia-en-imagenes","status":"publish","type":"post","link":"https:\/\/diariotextual.com\/inicio\/index.php\/2026\/09\/04\/sanatorio-santa-rosa-celebra-sus-82-anos-con-obras-en-el-laboratorio-y-mas-tecnologia-en-imagenes\/","title":{"rendered":"Sanatorio Santa Rosa celebra sus 82 a\u00f1os con obras en el laboratorio y m\u00e1s tecnolog\u00eda en Im\u00e1genes"},"content":{"rendered":"\n<p class=\"wp-block-paragraph\">Un grupo de cirujanos fund\u00f3, el <strong>30 de agosto de 1944<\/strong>, el <strong>Sanatorio Santa Rosa<\/strong>, una de las instituciones dedicadas a la salud privada m\u00e1s reconocidas de la ciudad. Ahora, en el marco de su <strong>82.\u00ba aniversario<\/strong>, el establecimiento asistencial se encuentra en constante crecimiento, con mejoras en la atenci\u00f3n, as\u00ed como en la calidad y variedad de las prestaciones m\u00e9dicas y profesionales.<\/p>\n\n\n\n<p class=\"wp-block-paragraph\"><strong>Roberto Federico R\u00e9<\/strong>, integrante del directorio junto al presidente <strong>Ra\u00fal Colombato<\/strong> y la vicepresidenta <strong>Anal\u00eda Torres<\/strong>, se\u00f1al\u00f3 que el Sanatorio Santa Rosa es una instituci\u00f3n que pr\u00e1cticamente ha sido la fundadora de muchas otras en La Pampa y que ha acompa\u00f1ado, desde la medicina privada, a la medicina p\u00fablica. \u201cDesde los fundadores, aquellos m\u00e9dicos cirujanos con una vasta trayectoria a lo largo de la vida de la ciudad, el centro sanitario acompa\u00f1\u00f3 en la salud y en la enfermedad a gran parte de los santarrose\u00f1os, pampeanos y tambi\u00e9n a pacientes de provincias cercanas\u201d, valor\u00f3 el psiquiatra. \u201cTenemos una tradici\u00f3n hist\u00f3rica en ciertas \u00e1reas sensibles, como son las nuevas cirug\u00edas, traumatolog\u00eda y otras especialidades de punta que hacen que sea un lugar de referencia en la regi\u00f3n\u201d.<\/p>\n\n\n\n<p class=\"wp-block-paragraph\"><strong>Actualizaciones, mejoras edilicias y tecnol\u00f3gicas<\/strong>, adem\u00e1s de constantes avances en la atenci\u00f3n, se fueron sucediendo a lo largo del tiempo. Sin embargo, el actual directorio se propuso impulsar un <strong>cambio generacional profundo<\/strong>, apuntado a la innovaci\u00f3n y a un proceso de modificaciones significativas para mejorar la atenci\u00f3n profesional de la salud y la vida de los pacientes.<\/p>\n\n\n\n<p class=\"wp-block-paragraph\">El Sanatorio, desde su hist\u00f3rica direcci\u00f3n de <strong>Bartolom\u00e9 Mitre 188<\/strong>, en la capital pampeana, se encuentra en un proceso de revisi\u00f3n cient\u00edfico-t\u00e9cnica. Pero tambi\u00e9n en un desarrollo de <strong>capacitaciones permanentes<\/strong> que incluyen a toda la planta de empleados y m\u00e9dicos. \u201cEse conjunto, m\u00e1s los administrativos, compone el factor humano que diariamente acompa\u00f1a el devenir de personas que est\u00e1n dolientes, angustiadas o con enfermedades\u201d, indic\u00f3 el m\u00e9dico a <em>Diario Textual<\/em>. \u201cPor ese acompa\u00f1amiento y la calidez humana que poseen queremos hacer p\u00fablico nuestro agradecimiento a todo el personal que en estos 82 a\u00f1os fue el motor del Sanatorio Santa Rosa\u201d, se\u00f1al\u00f3.<\/p>\n\n\n\n<p class=\"wp-block-paragraph\">El lugar cuenta con una disponibilidad de <strong>sesenta camas de internaci\u00f3n<\/strong>, distribuidas en <strong>treinta y dos habitaciones<\/strong>. Posee <strong>cuatro salas y dos sillones de oncolog\u00eda<\/strong>, entre muchas otras reparticiones y \u00e1reas. \u201cLa prioridad es mantener altos est\u00e1ndares de atenci\u00f3n, con calidez humana y profesionalismo\u201d, seg\u00fan se puede ver en su sitio web. Cuenta con un <strong>equipo de abordaje y contenci\u00f3n emocional<\/strong> en situaciones de crisis, que apoya la tarea de los servicios que se prestan.<\/p>\n\n\n\n<figure class=\"wp-block-image size-full\"><img fetchpriority=\"high\" decoding=\"async\" width=\"590\" height=\"497\" src=\"https:\/\/diariotextual.com\/inicio\/wp-content\/uploads\/2026\/09\/sanatoriosantarosa2026-12.jpeg\" alt=\"\" class=\"wp-image-334514\" srcset=\"https:\/\/diariotextual.com\/inicio\/wp-content\/uploads\/2026\/09\/sanatoriosantarosa2026-12.jpeg 590w, https:\/\/diariotextual.com\/inicio\/wp-content\/uploads\/2026\/09\/sanatoriosantarosa2026-12-300x253.jpeg 300w, https:\/\/diariotextual.com\/inicio\/wp-content\/uploads\/2026\/09\/sanatoriosantarosa2026-12-585x493.jpeg 585w\" sizes=\"(max-width: 590px) 100vw, 590px\" \/><\/figure>\n\n\n\n<p class=\"wp-block-paragraph\"><\/p>\n\n\n\n<p class=\"wp-block-paragraph\">Entre otros, <strong>cirug\u00eda general, ginecolog\u00eda y tocoginecolog\u00eda, anestesiolog\u00eda, cl\u00ednica m\u00e9dica (internaci\u00f3n\/consultorios), guardia central de urgencias las 24 horas, unidad de terapia intensiva, neonatolog\u00eda, pediatr\u00eda, cirug\u00eda cardiovascular, traumatolog\u00eda, cirug\u00eda pl\u00e1stica, neurocirug\u00eda, neurolog\u00eda, urolog\u00eda, oncolog\u00eda, gastroenterolog\u00eda, infectolog\u00eda, anatom\u00eda patol\u00f3gica, neumonolog\u00eda, psiquiatr\u00eda, psicolog\u00eda, diagn\u00f3stico por im\u00e1genes, laboratorio, hemoterapia, nutrici\u00f3n, fisiatr\u00eda, endocrinolog\u00eda, obstetricia, otorrinolaringolog\u00eda, kinesiolog\u00eda y farmacia hospitalaria.<\/strong><\/p>\n\n\n\n<p class=\"wp-block-paragraph\"><strong>Obras en marcha<\/strong><\/p>\n\n\n\n<p class=\"wp-block-paragraph\">El proyecto de obras que encar\u00f3 el actual directorio permiti\u00f3, primeramente, la <strong>renovaci\u00f3n general del laboratorio qu\u00edmico<\/strong>, con la incorporaci\u00f3n de herramientas tecnol\u00f3gicas de \u00faltima generaci\u00f3n. Pero no concluy\u00f3 all\u00ed, sino que se sigui\u00f3 apostando a una fuerte inversi\u00f3n en la <strong>planta de diagn\u00f3stico por im\u00e1genes<\/strong>, sitio en el que se dispuso un <strong>segundo tom\u00f3grafo<\/strong> para facilitar y mejorar el trabajo del \u00e1rea. Los trabajos se complementan con una <strong>actualizaci\u00f3n tecnol\u00f3gica<\/strong> que alcanza a las ecograf\u00edas, entre otras disciplinas relacionadas con el diagn\u00f3stico por im\u00e1genes.<\/p>\n\n\n\n<p class=\"wp-block-paragraph\"><\/p>\n","protected":false},"excerpt":{"rendered":"<p>Un grupo de cirujanos fund\u00f3, el 30 de agosto de 1944, el Sanatorio Santa Rosa, una de las instituciones dedicadas a la salud privada m\u00e1s reconocidas de la ciudad. Ahora,&hellip;<\/p>\n","protected":false},"author":3,"featured_media":334513,"comment_status":"closed","ping_status":"open","sticky":false,"template":"","format":"standard","meta":{"_acf_changed":false,"footnotes":""},"categories":[4,12],"tags":[],"class_list":["post-334511","post","type-post","status-publish","format-standard","has-post-thumbnail","hentry","category-destacadas","category-sociedad"],"acf":[],"yoast_head":"<!-- This site is optimized with the Yoast SEO plugin v28.4 - https:\/\/yoast.com\/product\/yoast-seo-wordpress\/ -->\n<title>Sanatorio Santa Rosa celebra sus 82 a\u00f1os con obras en el laboratorio y m\u00e1s tecnolog\u00eda en Im\u00e1genes - Diario Textual<\/title>\n<meta name=\"robots\" content=\"index, follow, max-snippet:-1, max-image-preview:large, max-video-preview:-1\" \/>\n<link rel=\"canonical\" href=\"https:\/\/diariotextual.com\/inicio\/index.php\/2026\/09\/04\/sanatorio-santa-rosa-celebra-sus-82-anos-con-obras-en-el-laboratorio-y-mas-tecnologia-en-imagenes\/\" \/>\n<meta property=\"og:locale\" content=\"es_ES\" \/>\n<meta property=\"og:type\" content=\"article\" \/>\n<meta property=\"og:title\" content=\"Sanatorio Santa Rosa celebra sus 82 a\u00f1os con obras en el laboratorio y m\u00e1s tecnolog\u00eda en Im\u00e1genes - Diario Textual\" \/>\n<meta property=\"og:description\" content=\"Un grupo de cirujanos fund\u00f3, el 30 de agosto de 1944, el Sanatorio Santa Rosa, una de las instituciones dedicadas a la salud privada m\u00e1s reconocidas de la ciudad. Ahora,&hellip;\" \/>\n<meta property=\"og:url\" content=\"https:\/\/diariotextual.com\/inicio\/index.php\/2026\/09\/04\/sanatorio-santa-rosa-celebra-sus-82-anos-con-obras-en-el-laboratorio-y-mas-tecnologia-en-imagenes\/\" \/>\n<meta property=\"og:site_name\" content=\"Diario Textual\" \/>\n<meta property=\"article:publisher\" content=\"https:\/\/www.facebook.com\/eltextual\" \/>\n<meta property=\"article:published_time\" content=\"2026-09-04T13:05:08+00:00\" \/>\n<meta property=\"article:modified_time\" content=\"2026-09-04T13:05:09+00:00\" \/>\n<meta property=\"og:image\" content=\"https:\/\/diariotextual.com\/inicio\/wp-content\/uploads\/2026\/09\/sanatoriosantarosa2026-1.jpg\" \/>\n\t<meta property=\"og:image:width\" content=\"1200\" \/>\n\t<meta property=\"og:image:height\" content=\"647\" \/>\n\t<meta property=\"og:image:type\" content=\"image\/jpeg\" \/>\n<meta name=\"author\" content=\"Diario1 Diario1\" \/>\n<meta name=\"twitter:card\" content=\"summary_large_image\" \/>\n<meta name=\"twitter:creator\" content=\"@eltextual\" \/>\n<meta name=\"twitter:site\" content=\"@eltextual\" \/>\n<meta name=\"twitter:label1\" content=\"Escrito por\" \/>\n\t<meta name=\"twitter:data1\" content=\"Diario1 Diario1\" \/>\n\t<meta name=\"twitter:label2\" content=\"Tiempo de lectura\" \/>\n\t<meta name=\"twitter:data2\" content=\"3 minutos\" \/>\n<script type=\"application\/ld+json\" class=\"yoast-schema-graph\">{\"@context\":\"https:\\\/\\\/schema.org\",\"@graph\":[{\"@type\":\"Article\",\"@id\":\"https:\\\/\\\/diariotextual.com\\\/inicio\\\/index.php\\\/2026\\\/09\\\/04\\\/sanatorio-santa-rosa-celebra-sus-82-anos-con-obras-en-el-laboratorio-y-mas-tecnologia-en-imagenes\\\/#article\",\"isPartOf\":{\"@id\":\"https:\\\/\\\/diariotextual.com\\\/inicio\\\/index.php\\\/2026\\\/09\\\/04\\\/sanatorio-santa-rosa-celebra-sus-82-anos-con-obras-en-el-laboratorio-y-mas-tecnologia-en-imagenes\\\/\"},\"author\":{\"name\":\"Diario1 Diario1\",\"@id\":\"https:\\\/\\\/diariotextual.com\\\/inicio\\\/#\\\/schema\\\/person\\\/418fc4093c33e86ed41562db3508f958\"},\"headline\":\"Sanatorio Santa Rosa celebra sus 82 a\u00f1os con obras en el laboratorio y m\u00e1s tecnolog\u00eda en Im\u00e1genes\",\"datePublished\":\"2026-09-04T13:05:08+00:00\",\"dateModified\":\"2026-09-04T13:05:09+00:00\",\"mainEntityOfPage\":{\"@id\":\"https:\\\/\\\/diariotextual.com\\\/inicio\\\/index.php\\\/2026\\\/09\\\/04\\\/sanatorio-santa-rosa-celebra-sus-82-anos-con-obras-en-el-laboratorio-y-mas-tecnologia-en-imagenes\\\/\"},\"wordCount\":667,\"publisher\":{\"@id\":\"https:\\\/\\\/diariotextual.com\\\/inicio\\\/#organization\"},\"image\":{\"@id\":\"https:\\\/\\\/diariotextual.com\\\/inicio\\\/index.php\\\/2026\\\/09\\\/04\\\/sanatorio-santa-rosa-celebra-sus-82-anos-con-obras-en-el-laboratorio-y-mas-tecnologia-en-imagenes\\\/#primaryimage\"},\"thumbnailUrl\":\"https:\\\/\\\/diariotextual.com\\\/inicio\\\/wp-content\\\/uploads\\\/2026\\\/09\\\/sanatoriosantarosa2026-1.jpg\",\"articleSection\":[\"A - DESTACADAS (mod 16)\",\"SOCIEDAD\"],\"inLanguage\":\"es\"},{\"@type\":\"WebPage\",\"@id\":\"https:\\\/\\\/diariotextual.com\\\/inicio\\\/index.php\\\/2026\\\/09\\\/04\\\/sanatorio-santa-rosa-celebra-sus-82-anos-con-obras-en-el-laboratorio-y-mas-tecnologia-en-imagenes\\\/\",\"url\":\"https:\\\/\\\/diariotextual.com\\\/inicio\\\/index.php\\\/2026\\\/09\\\/04\\\/sanatorio-santa-rosa-celebra-sus-82-anos-con-obras-en-el-laboratorio-y-mas-tecnologia-en-imagenes\\\/\",\"name\":\"Sanatorio Santa Rosa celebra sus 82 a\u00f1os con obras en el laboratorio y m\u00e1s tecnolog\u00eda en Im\u00e1genes - Diario Textual\",\"isPartOf\":{\"@id\":\"https:\\\/\\\/diariotextual.com\\\/inicio\\\/#website\"},\"primaryImageOfPage\":{\"@id\":\"https:\\\/\\\/diariotextual.com\\\/inicio\\\/index.php\\\/2026\\\/09\\\/04\\\/sanatorio-santa-rosa-celebra-sus-82-anos-con-obras-en-el-laboratorio-y-mas-tecnologia-en-imagenes\\\/#primaryimage\"},\"image\":{\"@id\":\"https:\\\/\\\/diariotextual.com\\\/inicio\\\/index.php\\\/2026\\\/09\\\/04\\\/sanatorio-santa-rosa-celebra-sus-82-anos-con-obras-en-el-laboratorio-y-mas-tecnologia-en-imagenes\\\/#primaryimage\"},\"thumbnailUrl\":\"https:\\\/\\\/diariotextual.com\\\/inicio\\\/wp-content\\\/uploads\\\/2026\\\/09\\\/sanatoriosantarosa2026-1.jpg\",\"datePublished\":\"2026-09-04T13:05:08+00:00\",\"dateModified\":\"2026-09-04T13:05:09+00:00\",\"breadcrumb\":{\"@id\":\"https:\\\/\\\/diariotextual.com\\\/inicio\\\/index.php\\\/2026\\\/09\\\/04\\\/sanatorio-santa-rosa-celebra-sus-82-anos-con-obras-en-el-laboratorio-y-mas-tecnologia-en-imagenes\\\/#breadcrumb\"},\"inLanguage\":\"es\",\"potentialAction\":[{\"@type\":\"ReadAction\",\"target\":[\"https:\\\/\\\/diariotextual.com\\\/inicio\\\/index.php\\\/2026\\\/09\\\/04\\\/sanatorio-santa-rosa-celebra-sus-82-anos-con-obras-en-el-laboratorio-y-mas-tecnologia-en-imagenes\\\/\"]}]},{\"@type\":\"ImageObject\",\"inLanguage\":\"es\",\"@id\":\"https:\\\/\\\/diariotextual.com\\\/inicio\\\/index.php\\\/2026\\\/09\\\/04\\\/sanatorio-santa-rosa-celebra-sus-82-anos-con-obras-en-el-laboratorio-y-mas-tecnologia-en-imagenes\\\/#primaryimage\",\"url\":\"https:\\\/\\\/diariotextual.com\\\/inicio\\\/wp-content\\\/uploads\\\/2026\\\/09\\\/sanatoriosantarosa2026-1.jpg\",\"contentUrl\":\"https:\\\/\\\/diariotextual.com\\\/inicio\\\/wp-content\\\/uploads\\\/2026\\\/09\\\/sanatoriosantarosa2026-1.jpg\",\"width\":1200,\"height\":647},{\"@type\":\"BreadcrumbList\",\"@id\":\"https:\\\/\\\/diariotextual.com\\\/inicio\\\/index.php\\\/2026\\\/09\\\/04\\\/sanatorio-santa-rosa-celebra-sus-82-anos-con-obras-en-el-laboratorio-y-mas-tecnologia-en-imagenes\\\/#breadcrumb\",\"itemListElement\":[{\"@type\":\"ListItem\",\"position\":1,\"name\":\"Portada\",\"item\":\"https:\\\/\\\/diariotextual.com\\\/inicio\\\/\"},{\"@type\":\"ListItem\",\"position\":2,\"name\":\"Sanatorio Santa Rosa celebra sus 82 a\u00f1os con obras en el laboratorio y m\u00e1s tecnolog\u00eda en Im\u00e1genes\"}]},{\"@type\":\"WebSite\",\"@id\":\"https:\\\/\\\/diariotextual.com\\\/inicio\\\/#website\",\"url\":\"https:\\\/\\\/diariotextual.com\\\/inicio\\\/\",\"name\":\"Diario Textual\",\"description\":\"\",\"publisher\":{\"@id\":\"https:\\\/\\\/diariotextual.com\\\/inicio\\\/#organization\"},\"potentialAction\":[{\"@type\":\"SearchAction\",\"target\":{\"@type\":\"EntryPoint\",\"urlTemplate\":\"https:\\\/\\\/diariotextual.com\\\/inicio\\\/?s={search_term_string}\"},\"query-input\":{\"@type\":\"PropertyValueSpecification\",\"valueRequired\":true,\"valueName\":\"search_term_string\"}}],\"inLanguage\":\"es\"},{\"@type\":\"Organization\",\"@id\":\"https:\\\/\\\/diariotextual.com\\\/inicio\\\/#organization\",\"name\":\"Diario Textual\",\"url\":\"https:\\\/\\\/diariotextual.com\\\/inicio\\\/\",\"logo\":{\"@type\":\"ImageObject\",\"inLanguage\":\"es\",\"@id\":\"https:\\\/\\\/diariotextual.com\\\/inicio\\\/#\\\/schema\\\/logo\\\/image\\\/\",\"url\":\"https:\\\/\\\/diariotextual.com\\\/inicio\\\/wp-content\\\/uploads\\\/2023\\\/05\\\/logotextual1.jpg\",\"contentUrl\":\"https:\\\/\\\/diariotextual.com\\\/inicio\\\/wp-content\\\/uploads\\\/2023\\\/05\\\/logotextual1.jpg\",\"width\":516,\"height\":76,\"caption\":\"Diario Textual\"},\"image\":{\"@id\":\"https:\\\/\\\/diariotextual.com\\\/inicio\\\/#\\\/schema\\\/logo\\\/image\\\/\"},\"sameAs\":[\"https:\\\/\\\/www.facebook.com\\\/eltextual\",\"https:\\\/\\\/x.com\\\/eltextual\",\"http:\\\/\\\/www.instagram.com\\\/eltextual\"]},{\"@type\":\"Person\",\"@id\":\"https:\\\/\\\/diariotextual.com\\\/inicio\\\/#\\\/schema\\\/person\\\/418fc4093c33e86ed41562db3508f958\",\"name\":\"Diario1 Diario1\",\"image\":{\"@type\":\"ImageObject\",\"inLanguage\":\"es\",\"@id\":\"https:\\\/\\\/secure.gravatar.com\\\/avatar\\\/9167d280179c85bc18be67aa7eda765854300033af4896dd779b608640f2ef7a?s=96&d=mm&r=g\",\"url\":\"https:\\\/\\\/secure.gravatar.com\\\/avatar\\\/9167d280179c85bc18be67aa7eda765854300033af4896dd779b608640f2ef7a?s=96&d=mm&r=g\",\"contentUrl\":\"https:\\\/\\\/secure.gravatar.com\\\/avatar\\\/9167d280179c85bc18be67aa7eda765854300033af4896dd779b608640f2ef7a?s=96&d=mm&r=g\",\"caption\":\"Diario1 Diario1\"},\"url\":\"https:\\\/\\\/diariotextual.com\\\/inicio\\\/index.php\\\/author\\\/diario1\\\/\"}]}<\/script>\n<!-- \/ Yoast SEO plugin. -->","yoast_head_json":{"title":"Sanatorio Santa Rosa celebra sus 82 a\u00f1os con obras en el laboratorio y m\u00e1s tecnolog\u00eda en Im\u00e1genes - Diario Textual","robots":{"index":"index","follow":"follow","max-snippet":"max-snippet:-1","max-image-preview":"max-image-preview:large","max-video-preview":"max-video-preview:-1"},"canonical":"https:\/\/diariotextual.com\/inicio\/index.php\/2026\/09\/04\/sanatorio-santa-rosa-celebra-sus-82-anos-con-obras-en-el-laboratorio-y-mas-tecnologia-en-imagenes\/","og_locale":"es_ES","og_type":"article","og_title":"Sanatorio Santa Rosa celebra sus 82 a\u00f1os con obras en el laboratorio y m\u00e1s tecnolog\u00eda en Im\u00e1genes - Diario Textual","og_description":"Un grupo de cirujanos fund\u00f3, el 30 de agosto de 1944, el Sanatorio Santa Rosa, una de las instituciones dedicadas a la salud privada m\u00e1s reconocidas de la ciudad. Ahora,&hellip;","og_url":"https:\/\/diariotextual.com\/inicio\/index.php\/2026\/09\/04\/sanatorio-santa-rosa-celebra-sus-82-anos-con-obras-en-el-laboratorio-y-mas-tecnologia-en-imagenes\/","og_site_name":"Diario Textual","article_publisher":"https:\/\/www.facebook.com\/eltextual","article_published_time":"2026-09-04T13:05:08+00:00","article_modified_time":"2026-09-04T13:05:09+00:00","og_image":[{"width":1200,"height":647,"url":"https:\/\/diariotextual.com\/inicio\/wp-content\/uploads\/2026\/09\/sanatoriosantarosa2026-1.jpg","type":"image\/jpeg"}],"author":"Diario1 Diario1","twitter_card":"summary_large_image","twitter_creator":"@eltextual","twitter_site":"@eltextual","twitter_misc":{"Escrito por":"Diario1 Diario1","Tiempo de lectura":"3 minutos"},"schema":{"@context":"https:\/\/schema.org","@graph":[{"@type":"Article","@id":"https:\/\/diariotextual.com\/inicio\/index.php\/2026\/09\/04\/sanatorio-santa-rosa-celebra-sus-82-anos-con-obras-en-el-laboratorio-y-mas-tecnologia-en-imagenes\/#article","isPartOf":{"@id":"https:\/\/diariotextual.com\/inicio\/index.php\/2026\/09\/04\/sanatorio-santa-rosa-celebra-sus-82-anos-con-obras-en-el-laboratorio-y-mas-tecnologia-en-imagenes\/"},"author":{"name":"Diario1 Diario1","@id":"https:\/\/diariotextual.com\/inicio\/#\/schema\/person\/418fc4093c33e86ed41562db3508f958"},"headline":"Sanatorio Santa Rosa celebra sus 82 a\u00f1os con obras en el laboratorio y m\u00e1s tecnolog\u00eda en Im\u00e1genes","datePublished":"2026-09-04T13:05:08+00:00","dateModified":"2026-09-04T13:05:09+00:00","mainEntityOfPage":{"@id":"https:\/\/diariotextual.com\/inicio\/index.php\/2026\/09\/04\/sanatorio-santa-rosa-celebra-sus-82-anos-con-obras-en-el-laboratorio-y-mas-tecnologia-en-imagenes\/"},"wordCount":667,"publisher":{"@id":"https:\/\/diariotextual.com\/inicio\/#organization"},"image":{"@id":"https:\/\/diariotextual.com\/inicio\/index.php\/2026\/09\/04\/sanatorio-santa-rosa-celebra-sus-82-anos-con-obras-en-el-laboratorio-y-mas-tecnologia-en-imagenes\/#primaryimage"},"thumbnailUrl":"https:\/\/diariotextual.com\/inicio\/wp-content\/uploads\/2026\/09\/sanatoriosantarosa2026-1.jpg","articleSection":["A - DESTACADAS (mod 16)","SOCIEDAD"],"inLanguage":"es"},{"@type":"WebPage","@id":"https:\/\/diariotextual.com\/inicio\/index.php\/2026\/09\/04\/sanatorio-santa-rosa-celebra-sus-82-anos-con-obras-en-el-laboratorio-y-mas-tecnologia-en-imagenes\/","url":"https:\/\/diariotextual.com\/inicio\/index.php\/2026\/09\/04\/sanatorio-santa-rosa-celebra-sus-82-anos-con-obras-en-el-laboratorio-y-mas-tecnologia-en-imagenes\/","name":"Sanatorio Santa Rosa celebra sus 82 a\u00f1os con obras en el laboratorio y m\u00e1s tecnolog\u00eda en Im\u00e1genes - Diario Textual","isPartOf":{"@id":"https:\/\/diariotextual.com\/inicio\/#website"},"primaryImageOfPage":{"@id":"https:\/\/diariotextual.com\/inicio\/index.php\/2026\/09\/04\/sanatorio-santa-rosa-celebra-sus-82-anos-con-obras-en-el-laboratorio-y-mas-tecnologia-en-imagenes\/#primaryimage"},"image":{"@id":"https:\/\/diariotextual.com\/inicio\/index.php\/2026\/09\/04\/sanatorio-santa-rosa-celebra-sus-82-anos-con-obras-en-el-laboratorio-y-mas-tecnologia-en-imagenes\/#primaryimage"},"thumbnailUrl":"https:\/\/diariotextual.com\/inicio\/wp-content\/uploads\/2026\/09\/sanatoriosantarosa2026-1.jpg","datePublished":"2026-09-04T13:05:08+00:00","dateModified":"2026-09-04T13:05:09+00:00","breadcrumb":{"@id":"https:\/\/diariotextual.com\/inicio\/index.php\/2026\/09\/04\/sanatorio-santa-rosa-celebra-sus-82-anos-con-obras-en-el-laboratorio-y-mas-tecnologia-en-imagenes\/#breadcrumb"},"inLanguage":"es","potentialAction":[{"@type":"ReadAction","target":["https:\/\/diariotextual.com\/inicio\/index.php\/2026\/09\/04\/sanatorio-santa-rosa-celebra-sus-82-anos-con-obras-en-el-laboratorio-y-mas-tecnologia-en-imagenes\/"]}]},{"@type":"ImageObject","inLanguage":"es","@id":"https:\/\/diariotextual.com\/inicio\/index.php\/2026\/09\/04\/sanatorio-santa-rosa-celebra-sus-82-anos-con-obras-en-el-laboratorio-y-mas-tecnologia-en-imagenes\/#primaryimage","url":"https:\/\/diariotextual.com\/inicio\/wp-content\/uploads\/2026\/09\/sanatoriosantarosa2026-1.jpg","contentUrl":"https:\/\/diariotextual.com\/inicio\/wp-content\/uploads\/2026\/09\/sanatoriosantarosa2026-1.jpg","width":1200,"height":647},{"@type":"BreadcrumbList","@id":"https:\/\/diariotextual.com\/inicio\/index.php\/2026\/09\/04\/sanatorio-santa-rosa-celebra-sus-82-anos-con-obras-en-el-laboratorio-y-mas-tecnologia-en-imagenes\/#breadcrumb","itemListElement":[{"@type":"ListItem","position":1,"name":"Portada","item":"https:\/\/diariotextual.com\/inicio\/"},{"@type":"ListItem","position":2,"name":"Sanatorio Santa Rosa celebra sus 82 a\u00f1os con obras en el laboratorio y m\u00e1s tecnolog\u00eda en Im\u00e1genes"}]},{"@type":"WebSite","@id":"https:\/\/diariotextual.com\/inicio\/#website","url":"https:\/\/diariotextual.com\/inicio\/","name":"Diario Textual","description":"","publisher":{"@id":"https:\/\/diariotextual.com\/inicio\/#organization"},"potentialAction":[{"@type":"SearchAction","target":{"@type":"EntryPoint","urlTemplate":"https:\/\/diariotextual.com\/inicio\/?s={search_term_string}"},"query-input":{"@type":"PropertyValueSpecification","valueRequired":true,"valueName":"search_term_string"}}],"inLanguage":"es"},{"@type":"Organization","@id":"https:\/\/diariotextual.com\/inicio\/#organization","name":"Diario Textual","url":"https:\/\/diariotextual.com\/inicio\/","logo":{"@type":"ImageObject","inLanguage":"es","@id":"https:\/\/diariotextual.com\/inicio\/#\/schema\/logo\/image\/","url":"https:\/\/diariotextual.com\/inicio\/wp-content\/uploads\/2023\/05\/logotextual1.jpg","contentUrl":"https:\/\/diariotextual.com\/inicio\/wp-content\/uploads\/2023\/05\/logotextual1.jpg","width":516,"height":76,"caption":"Diario Textual"},"image":{"@id":"https:\/\/diariotextual.com\/inicio\/#\/schema\/logo\/image\/"},"sameAs":["https:\/\/www.facebook.com\/eltextual","https:\/\/x.com\/eltextual","http:\/\/www.instagram.com\/eltextual"]},{"@type":"Person","@id":"https:\/\/diariotextual.com\/inicio\/#\/schema\/person\/418fc4093c33e86ed41562db3508f958","name":"Diario1 Diario1","image":{"@type":"ImageObject","inLanguage":"es","@id":"https:\/\/secure.gravatar.com\/avatar\/9167d280179c85bc18be67aa7eda765854300033af4896dd779b608640f2ef7a?s=96&d=mm&r=g","url":"https:\/\/secure.gravatar.com\/avatar\/9167d280179c85bc18be67aa7eda765854300033af4896dd779b608640f2ef7a?s=96&d=mm&r=g","contentUrl":"https:\/\/secure.gravatar.com\/avatar\/9167d280179c85bc18be67aa7eda765854300033af4896dd779b608640f2ef7a?s=96&d=mm&r=g","caption":"Diario1 Diario1"},"url":"https:\/\/diariotextual.com\/inicio\/index.php\/author\/diario1\/"}]}},"_links":{"self":[{"href":"https:\/\/diariotextual.com\/inicio\/index.php\/wp-json\/wp\/v2\/posts\/334511","targetHints":{"allow":["GET"]}}],"collection":[{"href":"https:\/\/diariotextual.com\/inicio\/index.php\/wp-json\/wp\/v2\/posts"}],"about":[{"href":"https:\/\/diariotextual.com\/inicio\/index.php\/wp-json\/wp\/v2\/types\/post"}],"author":[{"embeddable":true,"href":"https:\/\/diariotextual.com\/inicio\/index.php\/wp-json\/wp\/v2\/users\/3"}],"replies":[{"embeddable":true,"href":"https:\/\/diariotextual.com\/inicio\/index.php\/wp-json\/wp\/v2\/comments?post=334511"}],"version-history":[{"count":2,"href":"https:\/\/diariotextual.com\/inicio\/index.php\/wp-json\/wp\/v2\/posts\/334511\/revisions"}],"predecessor-version":[{"id":334515,"href":"https:\/\/diariotextual.com\/inicio\/index.php\/wp-json\/wp\/v2\/posts\/334511\/revisions\/334515"}],"wp:featuredmedia":[{"embeddable":true,"href":"https:\/\/diariotextual.com\/inicio\/index.php\/wp-json\/wp\/v2\/media\/334513"}],"wp:attachment":[{"href":"https:\/\/diariotextual.com\/inicio\/index.php\/wp-json\/wp\/v2\/media?parent=334511"}],"wp:term":[{"taxonomy":"category","embeddable":true,"href":"https:\/\/diariotextual.com\/inicio\/index.php\/wp-json\/wp\/v2\/categories?post=334511"},{"taxonomy":"post_tag","embeddable":true,"href":"https:\/\/diariotextual.com\/inicio\/index.php\/wp-json\/wp\/v2\/tags?post=334511"}],"curies":[{"name":"wp","href":"https:\/\/api.w.org\/{rel}","templated":true}]}}