{"id":334531,"date":"2026-09-04T17:51:44","date_gmt":"2026-09-04T20:51:44","guid":{"rendered":"https:\/\/diariotextual.com\/inicio\/?p=334531"},"modified":"2026-09-04T20:40:29","modified_gmt":"2026-09-04T23:40:29","slug":"la-onu-deja-de-lado-los-viejos-mapas-de-mercator-por-una-nueva-cartografia-mundial-mas-cercana-a-la-realidad","status":"publish","type":"post","link":"https:\/\/diariotextual.com\/inicio\/index.php\/2026\/09\/04\/la-onu-deja-de-lado-los-viejos-mapas-de-mercator-por-una-nueva-cartografia-mundial-mas-cercana-a-la-realidad\/","title":{"rendered":"La ONU deja de lado los viejos mapas de Mercator por una nueva cartograf\u00eda mundial m\u00e1s cercana a la realidad"},"content":{"rendered":"\n<p class=\"wp-block-paragraph\">La ONU vot\u00f3 este viernes a favor de abandonar el mapa \u2060mundial que sigue la proyecci\u00f3n de <strong>Mercator<\/strong>, del siglo XVI, <strong>para adoptar uno que refleje con precisi\u00f3n el tama\u00f1o real de los pa\u00edses<\/strong>, una \u2060resoluci\u00f3n \u2060impulsada por los africanos para contrarrestar la err\u00f3nea percepci\u00f3n del continente.<\/p>\n\n\n\n<p class=\"wp-block-paragraph\">Togo lider\u00f3 la iniciativa para impulsar la campa\u00f1a de la Uni\u00f3n Africana destinada a limitar el uso de la proyecci\u00f3n de <strong>Mercator<\/strong>, <strong>que distorsiona el tama\u00f1o relativo de las masas continentales al ampliar las m\u00e1s cercanas a los polos<\/strong>. Esto hace que <strong>Groenlandia parezca casi del mismo tama\u00f1o que \u00c1frica<\/strong>, aunque es unas 14 veces m\u00e1s chica.<\/p>\n\n\n\n<p class=\"wp-block-paragraph\">La resoluci\u00f3n promueve la proyecci\u00f3n <strong>Equal Earth<\/strong>, que representa con mayor precisi\u00f3n el tama\u00f1o de los continentes. La resoluci\u00f3n se aprob\u00f3 en la Asamblea General por <strong>164 votos a favor, 1 en contra y 6 abstenciones<\/strong>.<\/p>\n\n\n\n<p class=\"wp-block-paragraph\"><strong>Estados Unidos fue el \u00fanico pa\u00eds que vot\u00f3 en contra<\/strong>, \u2060alegando que la resoluci\u00f3n promueve una <strong>\u201cagenda ideol\u00f3gica\u201d<\/strong> \u2060y desv\u00eda la atenci\u00f3n de los \u201cverdaderos problemas de la paz internacional, la prosperidad o las buenas relaciones\u201d.<\/p>\n\n\n\n<p class=\"wp-block-paragraph\">La Canciller\u00eda de Togo aclar\u00f3 en un comunicado que la votaci\u00f3n de este viernes en Nueva York <strong>no es jur\u00eddicamente vinculante<\/strong> y <strong>\u201cno cuestiona en modo alguno el uso de la proyecci\u00f3n de Mercator para la navegaci\u00f3n mar\u00edtima y a\u00e9rea, para lo cual sigue siendo plenamente adecuada\u201d<\/strong>.<\/p>\n\n\n\n<p class=\"wp-block-paragraph\">Sin embargo, se espera que el resultado <strong>conduzca a una actualizaci\u00f3n de los planes de estudio y de la tecnolog\u00eda cotidiana<\/strong>, dado el amplio uso de la proyecci\u00f3n de Mercator en la educaci\u00f3n, la tecnolog\u00eda y la gobernanza.<\/p>\n\n\n\n<p class=\"wp-block-paragraph\">Togo espera cambiar sus materiales de geograf\u00eda escolar para fin de a\u00f1o, seg\u00fan dijo a Reuters el canciller Robert Dussey. \u201cTogo ser\u00e1 el primer pa\u00eds en cambiar sus propios libros de geograf\u00eda. En las aulas, <strong>tenemos que cambiarlo<\/strong> para dar ejemplo a todos los pa\u00edses del mundo\u201d, se\u00f1al\u00f3. <strong>\u201cUn mundo justo comienza con un mapa justo\u201d<\/strong>.<\/p>\n\n\n\n<p class=\"wp-block-paragraph\">\u201cLos mapas dan forma a nuestra comprensi\u00f3n del mundo\u201d, dijo adem\u00e1s Dussey desde el podio de la ONU. \u201cOrientan la educaci\u00f3n, alimentan la imaginaci\u00f3n e influyen en las percepciones colectivas. Por lo tanto, nunca son neutrales: cuando presentan <strong>una imagen distorsionada de nuestro planeta<\/strong>, corren el riesgo de perpetuar representaciones err\u00f3neas transmitidas de generaci\u00f3n en generaci\u00f3n\u201d.<\/p>\n\n\n\n<p class=\"wp-block-paragraph\">La nueva proyecci\u00f3n abandona la de <strong>Gerardus Mercator<\/strong>, ge\u00f3grafo, cart\u00f3grafo, fil\u00f3sofo y te\u00f3logo nacido en Flandes en 1512. Su mapa del planeta fue dise\u00f1ado para la <strong>navegaci\u00f3n mar\u00edtima<\/strong> y ampl\u00eda artificialmente los territorios ubicados en latitudes altas.<\/p>\n\n\n\n<p class=\"wp-block-paragraph\">\u00c1frica es aproximadamente <strong>tres veces m\u00e1s grande que Canad\u00e1 y m\u00e1s de una vez y media el tama\u00f1o de Rusia<\/strong>; sin embargo, la proyecci\u00f3n de Mercator ha llevado durante mucho tiempo a los estudiantes a pensar que esos pa\u00edses son comparables en tama\u00f1o \u2013o incluso m\u00e1s grandes\u2013 que \u00c1frica.<\/p>\n\n\n\n<p class=\"wp-block-paragraph\"><strong>\u201cEn \u00c1frica cabr\u00edan Estados Unidos, China, la India, Jap\u00f3n, M\u00e9xico y gran parte de Europa, y aun as\u00ed sobrar\u00eda territorio\u201d<\/strong>, dice una petici\u00f3n en Change.org de la campa\u00f1a <strong>#CorrectTheMap<\/strong>, que cuenta con m\u00e1s de 11.000 firmas. La Uni\u00f3n Africana respald\u00f3 la campa\u00f1a en agosto de 2025 y posteriormente pidi\u00f3 a Togo que liderara su adopci\u00f3n.<\/p>\n\n\n\n<p class=\"wp-block-paragraph\"><strong>\u201cDurante m\u00e1s de 450 a\u00f1os, hemos basado nuestra comprensi\u00f3n de \u00c1frica y del mundo en un mapa que es err\u00f3neo\u201d<\/strong>, dice el sitio web de Correct The Map. El movimiento defiende que la distorsi\u00f3n en el tama\u00f1o de los continentes en el mapa se trata de un problema de <strong>\u201cpoder y percepci\u00f3n\u201d<\/strong>. La directora ejecutiva de Africa No Filter, una de las organizaciones detr\u00e1s de la campa\u00f1a, calific\u00f3 la proyecci\u00f3n de Mercator como <strong>\u201cla mayor campa\u00f1a de desinformaci\u00f3n\u201d<\/strong>.<\/p>\n\n\n\n<p class=\"wp-block-paragraph\">Resulta matem\u00e1ticamente imposible proyectar de manera exacta una superficie curva como la de la Tierra sobre una plana, como un papel o una pantalla. <strong>Por eso, todos los planos de la superficie terrestre est\u00e1n necesariamente distorsionados<\/strong>.<\/p>\n\n\n\n<p class=\"wp-block-paragraph\">Dependiendo de la t\u00e9cnica que se utilice para crearlos, el tama\u00f1o, la forma y la ubicaci\u00f3n de los continentes cambia. El problema que tiene la proyecci\u00f3n de Mercator es que <strong>exagera el tama\u00f1o de los pa\u00edses a medida que estos se alejan de la l\u00ednea del Ecuador<\/strong>.<\/p>\n\n\n\n<p class=\"wp-block-paragraph\">La proyecci\u00f3n de Mercator (en rojo a la izquierda) muestra a Europa m\u00e1s grande con respecto a \u00c1frica de lo que en realidad es (en verde, la proyecci\u00f3n Equal Earth).<\/p>\n\n\n\n<p class=\"wp-block-paragraph\">En 2018, <strong>Google Maps sustituy\u00f3 la proyecci\u00f3n de Mercator por una vista de globo terr\u00e1queo en 3D para la versi\u00f3n de escritorio<\/strong>, aunque los usuarios pueden volver a la proyecci\u00f3n de Mercator si lo prefieren. No obstante, en la aplicaci\u00f3n m\u00f3vil, la proyecci\u00f3n de Mercator sigue siendo la opci\u00f3n predeterminada.<\/p>\n\n\n\n<p class=\"wp-block-paragraph\">Otros pa\u00edses ya se est\u00e1n comprometiendo al cambio. Como Francia, donde el canciller Jean-No\u00ebl Barrot se mostr\u00f3 favorable durante un discurso en la Sorbona. \u201cAbandonaremos la proyecci\u00f3n de Mercator <strong>en favor de representaciones cartogr\u00e1ficas adaptadas a usos espec\u00edficos<\/strong>, m\u00e1s fieles a las \u00e1reas superficiales reales y acordes con las recomendaciones de cart\u00f3grafos y cient\u00edficos\u201d.<\/p>\n\n\n\n<p class=\"wp-block-paragraph\"><strong>Para la Argentina, el cambio tambi\u00e9n modificar\u00e1 la imagen a la que estamos acostumbrados<\/strong>. En la proyecci\u00f3n Equal Earth, el pa\u00eds aparece con una silueta algo m\u00e1s ancha y compacta que en Mercator, pero con su superficie representada en la proporci\u00f3n correcta.<\/p>\n\n\n\n<p class=\"wp-block-paragraph\">La diferencia es especialmente relevante porque buena parte del territorio argentino se encuentra lejos del Ecuador, donde Mercator agranda artificialmente las \u00e1reas.<\/p>\n\n\n\n<p class=\"wp-block-paragraph\">As\u00ed, aunque a simple vista pueda parecer m\u00e1s grande por el cambio de forma, <strong>la Argentina perder\u00e1 peso relativo frente a territorios cercanos a la l\u00ednea ecuatorial, como \u00c1frica o el norte de Sudam\u00e9rica, que hasta ahora aparec\u00edan desproporcionadamente peque\u00f1os<\/strong>.<\/p>\n\n\n\n<p class=\"wp-block-paragraph\"><\/p>\n","protected":false},"excerpt":{"rendered":"<p>La ONU vot\u00f3 este viernes a favor de abandonar el mapa \u2060mundial que sigue la proyecci\u00f3n de Mercator, del siglo XVI, para adoptar uno que refleje con precisi\u00f3n el tama\u00f1o&hellip;<\/p>\n","protected":false},"author":3,"featured_media":334533,"comment_status":"closed","ping_status":"open","sticky":false,"template":"","format":"standard","meta":{"_acf_changed":false,"footnotes":""},"categories":[1,7],"tags":[],"class_list":["post-334531","post","type-post","status-publish","format-standard","has-post-thumbnail","hentry","category-es-noticia","category-mundo"],"acf":[],"yoast_head":"<!-- This site is optimized with the Yoast SEO plugin v28.4 - https:\/\/yoast.com\/product\/yoast-seo-wordpress\/ -->\n<title>La ONU deja de lado los viejos mapas de Mercator por una nueva cartograf\u00eda mundial m\u00e1s cercana a la realidad - Diario Textual<\/title>\n<meta name=\"robots\" content=\"index, follow, max-snippet:-1, max-image-preview:large, max-video-preview:-1\" \/>\n<link rel=\"canonical\" href=\"https:\/\/diariotextual.com\/inicio\/index.php\/2026\/09\/04\/la-onu-deja-de-lado-los-viejos-mapas-de-mercator-por-una-nueva-cartografia-mundial-mas-cercana-a-la-realidad\/\" \/>\n<meta property=\"og:locale\" content=\"es_ES\" \/>\n<meta property=\"og:type\" content=\"article\" \/>\n<meta property=\"og:title\" content=\"La ONU deja de lado los viejos mapas de Mercator por una nueva cartograf\u00eda mundial m\u00e1s cercana a la realidad - Diario Textual\" \/>\n<meta property=\"og:description\" content=\"La ONU vot\u00f3 este viernes a favor de abandonar el mapa \u2060mundial que sigue la proyecci\u00f3n de Mercator, del siglo XVI, para adoptar uno que refleje con precisi\u00f3n el tama\u00f1o&hellip;\" \/>\n<meta property=\"og:url\" content=\"https:\/\/diariotextual.com\/inicio\/index.php\/2026\/09\/04\/la-onu-deja-de-lado-los-viejos-mapas-de-mercator-por-una-nueva-cartografia-mundial-mas-cercana-a-la-realidad\/\" \/>\n<meta property=\"og:site_name\" content=\"Diario Textual\" \/>\n<meta property=\"article:publisher\" content=\"https:\/\/www.facebook.com\/eltextual\" \/>\n<meta property=\"article:published_time\" content=\"2026-09-04T20:51:44+00:00\" \/>\n<meta property=\"article:modified_time\" content=\"2026-09-04T23:40:29+00:00\" \/>\n<meta property=\"og:image\" content=\"https:\/\/diariotextual.com\/inicio\/wp-content\/uploads\/2026\/09\/mapamercatorequalearth00.jpg\" \/>\n\t<meta property=\"og:image:width\" content=\"1300\" \/>\n\t<meta property=\"og:image:height\" content=\"874\" \/>\n\t<meta property=\"og:image:type\" content=\"image\/jpeg\" \/>\n<meta name=\"author\" content=\"Diario1 Diario1\" \/>\n<meta name=\"twitter:card\" content=\"summary_large_image\" \/>\n<meta name=\"twitter:creator\" content=\"@eltextual\" \/>\n<meta name=\"twitter:site\" content=\"@eltextual\" \/>\n<meta name=\"twitter:label1\" content=\"Escrito por\" \/>\n\t<meta name=\"twitter:data1\" content=\"Diario1 Diario1\" \/>\n\t<meta name=\"twitter:label2\" content=\"Tiempo de lectura\" \/>\n\t<meta name=\"twitter:data2\" content=\"5 minutos\" \/>\n<script type=\"application\/ld+json\" class=\"yoast-schema-graph\">{\"@context\":\"https:\\\/\\\/schema.org\",\"@graph\":[{\"@type\":\"Article\",\"@id\":\"https:\\\/\\\/diariotextual.com\\\/inicio\\\/index.php\\\/2026\\\/09\\\/04\\\/la-onu-deja-de-lado-los-viejos-mapas-de-mercator-por-una-nueva-cartografia-mundial-mas-cercana-a-la-realidad\\\/#article\",\"isPartOf\":{\"@id\":\"https:\\\/\\\/diariotextual.com\\\/inicio\\\/index.php\\\/2026\\\/09\\\/04\\\/la-onu-deja-de-lado-los-viejos-mapas-de-mercator-por-una-nueva-cartografia-mundial-mas-cercana-a-la-realidad\\\/\"},\"author\":{\"name\":\"Diario1 Diario1\",\"@id\":\"https:\\\/\\\/diariotextual.com\\\/inicio\\\/#\\\/schema\\\/person\\\/418fc4093c33e86ed41562db3508f958\"},\"headline\":\"La ONU deja de lado los viejos mapas de Mercator por una nueva cartograf\u00eda mundial m\u00e1s cercana a la realidad\",\"datePublished\":\"2026-09-04T20:51:44+00:00\",\"dateModified\":\"2026-09-04T23:40:29+00:00\",\"mainEntityOfPage\":{\"@id\":\"https:\\\/\\\/diariotextual.com\\\/inicio\\\/index.php\\\/2026\\\/09\\\/04\\\/la-onu-deja-de-lado-los-viejos-mapas-de-mercator-por-una-nueva-cartografia-mundial-mas-cercana-a-la-realidad\\\/\"},\"wordCount\":1054,\"publisher\":{\"@id\":\"https:\\\/\\\/diariotextual.com\\\/inicio\\\/#organization\"},\"image\":{\"@id\":\"https:\\\/\\\/diariotextual.com\\\/inicio\\\/index.php\\\/2026\\\/09\\\/04\\\/la-onu-deja-de-lado-los-viejos-mapas-de-mercator-por-una-nueva-cartografia-mundial-mas-cercana-a-la-realidad\\\/#primaryimage\"},\"thumbnailUrl\":\"https:\\\/\\\/diariotextual.com\\\/inicio\\\/wp-content\\\/uploads\\\/2026\\\/09\\\/mapamercatorequalearth00.jpg\",\"articleSection\":[\"A - ES NOTICIA (van abajo)\",\"MUNDO\"],\"inLanguage\":\"es\"},{\"@type\":\"WebPage\",\"@id\":\"https:\\\/\\\/diariotextual.com\\\/inicio\\\/index.php\\\/2026\\\/09\\\/04\\\/la-onu-deja-de-lado-los-viejos-mapas-de-mercator-por-una-nueva-cartografia-mundial-mas-cercana-a-la-realidad\\\/\",\"url\":\"https:\\\/\\\/diariotextual.com\\\/inicio\\\/index.php\\\/2026\\\/09\\\/04\\\/la-onu-deja-de-lado-los-viejos-mapas-de-mercator-por-una-nueva-cartografia-mundial-mas-cercana-a-la-realidad\\\/\",\"name\":\"La ONU deja de lado los viejos mapas de Mercator por una nueva cartograf\u00eda mundial m\u00e1s cercana a la realidad - Diario Textual\",\"isPartOf\":{\"@id\":\"https:\\\/\\\/diariotextual.com\\\/inicio\\\/#website\"},\"primaryImageOfPage\":{\"@id\":\"https:\\\/\\\/diariotextual.com\\\/inicio\\\/index.php\\\/2026\\\/09\\\/04\\\/la-onu-deja-de-lado-los-viejos-mapas-de-mercator-por-una-nueva-cartografia-mundial-mas-cercana-a-la-realidad\\\/#primaryimage\"},\"image\":{\"@id\":\"https:\\\/\\\/diariotextual.com\\\/inicio\\\/index.php\\\/2026\\\/09\\\/04\\\/la-onu-deja-de-lado-los-viejos-mapas-de-mercator-por-una-nueva-cartografia-mundial-mas-cercana-a-la-realidad\\\/#primaryimage\"},\"thumbnailUrl\":\"https:\\\/\\\/diariotextual.com\\\/inicio\\\/wp-content\\\/uploads\\\/2026\\\/09\\\/mapamercatorequalearth00.jpg\",\"datePublished\":\"2026-09-04T20:51:44+00:00\",\"dateModified\":\"2026-09-04T23:40:29+00:00\",\"breadcrumb\":{\"@id\":\"https:\\\/\\\/diariotextual.com\\\/inicio\\\/index.php\\\/2026\\\/09\\\/04\\\/la-onu-deja-de-lado-los-viejos-mapas-de-mercator-por-una-nueva-cartografia-mundial-mas-cercana-a-la-realidad\\\/#breadcrumb\"},\"inLanguage\":\"es\",\"potentialAction\":[{\"@type\":\"ReadAction\",\"target\":[\"https:\\\/\\\/diariotextual.com\\\/inicio\\\/index.php\\\/2026\\\/09\\\/04\\\/la-onu-deja-de-lado-los-viejos-mapas-de-mercator-por-una-nueva-cartografia-mundial-mas-cercana-a-la-realidad\\\/\"]}]},{\"@type\":\"ImageObject\",\"inLanguage\":\"es\",\"@id\":\"https:\\\/\\\/diariotextual.com\\\/inicio\\\/index.php\\\/2026\\\/09\\\/04\\\/la-onu-deja-de-lado-los-viejos-mapas-de-mercator-por-una-nueva-cartografia-mundial-mas-cercana-a-la-realidad\\\/#primaryimage\",\"url\":\"https:\\\/\\\/diariotextual.com\\\/inicio\\\/wp-content\\\/uploads\\\/2026\\\/09\\\/mapamercatorequalearth00.jpg\",\"contentUrl\":\"https:\\\/\\\/diariotextual.com\\\/inicio\\\/wp-content\\\/uploads\\\/2026\\\/09\\\/mapamercatorequalearth00.jpg\",\"width\":1300,\"height\":874},{\"@type\":\"BreadcrumbList\",\"@id\":\"https:\\\/\\\/diariotextual.com\\\/inicio\\\/index.php\\\/2026\\\/09\\\/04\\\/la-onu-deja-de-lado-los-viejos-mapas-de-mercator-por-una-nueva-cartografia-mundial-mas-cercana-a-la-realidad\\\/#breadcrumb\",\"itemListElement\":[{\"@type\":\"ListItem\",\"position\":1,\"name\":\"Portada\",\"item\":\"https:\\\/\\\/diariotextual.com\\\/inicio\\\/\"},{\"@type\":\"ListItem\",\"position\":2,\"name\":\"La ONU deja de lado los viejos mapas de Mercator por una nueva cartograf\u00eda mundial m\u00e1s cercana a la realidad\"}]},{\"@type\":\"WebSite\",\"@id\":\"https:\\\/\\\/diariotextual.com\\\/inicio\\\/#website\",\"url\":\"https:\\\/\\\/diariotextual.com\\\/inicio\\\/\",\"name\":\"Diario Textual\",\"description\":\"\",\"publisher\":{\"@id\":\"https:\\\/\\\/diariotextual.com\\\/inicio\\\/#organization\"},\"potentialAction\":[{\"@type\":\"SearchAction\",\"target\":{\"@type\":\"EntryPoint\",\"urlTemplate\":\"https:\\\/\\\/diariotextual.com\\\/inicio\\\/?s={search_term_string}\"},\"query-input\":{\"@type\":\"PropertyValueSpecification\",\"valueRequired\":true,\"valueName\":\"search_term_string\"}}],\"inLanguage\":\"es\"},{\"@type\":\"Organization\",\"@id\":\"https:\\\/\\\/diariotextual.com\\\/inicio\\\/#organization\",\"name\":\"Diario Textual\",\"url\":\"https:\\\/\\\/diariotextual.com\\\/inicio\\\/\",\"logo\":{\"@type\":\"ImageObject\",\"inLanguage\":\"es\",\"@id\":\"https:\\\/\\\/diariotextual.com\\\/inicio\\\/#\\\/schema\\\/logo\\\/image\\\/\",\"url\":\"https:\\\/\\\/diariotextual.com\\\/inicio\\\/wp-content\\\/uploads\\\/2023\\\/05\\\/logotextual1.jpg\",\"contentUrl\":\"https:\\\/\\\/diariotextual.com\\\/inicio\\\/wp-content\\\/uploads\\\/2023\\\/05\\\/logotextual1.jpg\",\"width\":516,\"height\":76,\"caption\":\"Diario Textual\"},\"image\":{\"@id\":\"https:\\\/\\\/diariotextual.com\\\/inicio\\\/#\\\/schema\\\/logo\\\/image\\\/\"},\"sameAs\":[\"https:\\\/\\\/www.facebook.com\\\/eltextual\",\"https:\\\/\\\/x.com\\\/eltextual\",\"http:\\\/\\\/www.instagram.com\\\/eltextual\"]},{\"@type\":\"Person\",\"@id\":\"https:\\\/\\\/diariotextual.com\\\/inicio\\\/#\\\/schema\\\/person\\\/418fc4093c33e86ed41562db3508f958\",\"name\":\"Diario1 Diario1\",\"image\":{\"@type\":\"ImageObject\",\"inLanguage\":\"es\",\"@id\":\"https:\\\/\\\/secure.gravatar.com\\\/avatar\\\/9167d280179c85bc18be67aa7eda765854300033af4896dd779b608640f2ef7a?s=96&d=mm&r=g\",\"url\":\"https:\\\/\\\/secure.gravatar.com\\\/avatar\\\/9167d280179c85bc18be67aa7eda765854300033af4896dd779b608640f2ef7a?s=96&d=mm&r=g\",\"contentUrl\":\"https:\\\/\\\/secure.gravatar.com\\\/avatar\\\/9167d280179c85bc18be67aa7eda765854300033af4896dd779b608640f2ef7a?s=96&d=mm&r=g\",\"caption\":\"Diario1 Diario1\"},\"url\":\"https:\\\/\\\/diariotextual.com\\\/inicio\\\/index.php\\\/author\\\/diario1\\\/\"}]}<\/script>\n<!-- \/ Yoast SEO plugin. -->","yoast_head_json":{"title":"La ONU deja de lado los viejos mapas de Mercator por una nueva cartograf\u00eda mundial m\u00e1s cercana a la realidad - Diario Textual","robots":{"index":"index","follow":"follow","max-snippet":"max-snippet:-1","max-image-preview":"max-image-preview:large","max-video-preview":"max-video-preview:-1"},"canonical":"https:\/\/diariotextual.com\/inicio\/index.php\/2026\/09\/04\/la-onu-deja-de-lado-los-viejos-mapas-de-mercator-por-una-nueva-cartografia-mundial-mas-cercana-a-la-realidad\/","og_locale":"es_ES","og_type":"article","og_title":"La ONU deja de lado los viejos mapas de Mercator por una nueva cartograf\u00eda mundial m\u00e1s cercana a la realidad - Diario Textual","og_description":"La ONU vot\u00f3 este viernes a favor de abandonar el mapa \u2060mundial que sigue la proyecci\u00f3n de Mercator, del siglo XVI, para adoptar uno que refleje con precisi\u00f3n el tama\u00f1o&hellip;","og_url":"https:\/\/diariotextual.com\/inicio\/index.php\/2026\/09\/04\/la-onu-deja-de-lado-los-viejos-mapas-de-mercator-por-una-nueva-cartografia-mundial-mas-cercana-a-la-realidad\/","og_site_name":"Diario Textual","article_publisher":"https:\/\/www.facebook.com\/eltextual","article_published_time":"2026-09-04T20:51:44+00:00","article_modified_time":"2026-09-04T23:40:29+00:00","og_image":[{"width":1300,"height":874,"url":"https:\/\/diariotextual.com\/inicio\/wp-content\/uploads\/2026\/09\/mapamercatorequalearth00.jpg","type":"image\/jpeg"}],"author":"Diario1 Diario1","twitter_card":"summary_large_image","twitter_creator":"@eltextual","twitter_site":"@eltextual","twitter_misc":{"Escrito por":"Diario1 Diario1","Tiempo de lectura":"5 minutos"},"schema":{"@context":"https:\/\/schema.org","@graph":[{"@type":"Article","@id":"https:\/\/diariotextual.com\/inicio\/index.php\/2026\/09\/04\/la-onu-deja-de-lado-los-viejos-mapas-de-mercator-por-una-nueva-cartografia-mundial-mas-cercana-a-la-realidad\/#article","isPartOf":{"@id":"https:\/\/diariotextual.com\/inicio\/index.php\/2026\/09\/04\/la-onu-deja-de-lado-los-viejos-mapas-de-mercator-por-una-nueva-cartografia-mundial-mas-cercana-a-la-realidad\/"},"author":{"name":"Diario1 Diario1","@id":"https:\/\/diariotextual.com\/inicio\/#\/schema\/person\/418fc4093c33e86ed41562db3508f958"},"headline":"La ONU deja de lado los viejos mapas de Mercator por una nueva cartograf\u00eda mundial m\u00e1s cercana a la realidad","datePublished":"2026-09-04T20:51:44+00:00","dateModified":"2026-09-04T23:40:29+00:00","mainEntityOfPage":{"@id":"https:\/\/diariotextual.com\/inicio\/index.php\/2026\/09\/04\/la-onu-deja-de-lado-los-viejos-mapas-de-mercator-por-una-nueva-cartografia-mundial-mas-cercana-a-la-realidad\/"},"wordCount":1054,"publisher":{"@id":"https:\/\/diariotextual.com\/inicio\/#organization"},"image":{"@id":"https:\/\/diariotextual.com\/inicio\/index.php\/2026\/09\/04\/la-onu-deja-de-lado-los-viejos-mapas-de-mercator-por-una-nueva-cartografia-mundial-mas-cercana-a-la-realidad\/#primaryimage"},"thumbnailUrl":"https:\/\/diariotextual.com\/inicio\/wp-content\/uploads\/2026\/09\/mapamercatorequalearth00.jpg","articleSection":["A - ES NOTICIA (van abajo)","MUNDO"],"inLanguage":"es"},{"@type":"WebPage","@id":"https:\/\/diariotextual.com\/inicio\/index.php\/2026\/09\/04\/la-onu-deja-de-lado-los-viejos-mapas-de-mercator-por-una-nueva-cartografia-mundial-mas-cercana-a-la-realidad\/","url":"https:\/\/diariotextual.com\/inicio\/index.php\/2026\/09\/04\/la-onu-deja-de-lado-los-viejos-mapas-de-mercator-por-una-nueva-cartografia-mundial-mas-cercana-a-la-realidad\/","name":"La ONU deja de lado los viejos mapas de Mercator por una nueva cartograf\u00eda mundial m\u00e1s cercana a la realidad - Diario Textual","isPartOf":{"@id":"https:\/\/diariotextual.com\/inicio\/#website"},"primaryImageOfPage":{"@id":"https:\/\/diariotextual.com\/inicio\/index.php\/2026\/09\/04\/la-onu-deja-de-lado-los-viejos-mapas-de-mercator-por-una-nueva-cartografia-mundial-mas-cercana-a-la-realidad\/#primaryimage"},"image":{"@id":"https:\/\/diariotextual.com\/inicio\/index.php\/2026\/09\/04\/la-onu-deja-de-lado-los-viejos-mapas-de-mercator-por-una-nueva-cartografia-mundial-mas-cercana-a-la-realidad\/#primaryimage"},"thumbnailUrl":"https:\/\/diariotextual.com\/inicio\/wp-content\/uploads\/2026\/09\/mapamercatorequalearth00.jpg","datePublished":"2026-09-04T20:51:44+00:00","dateModified":"2026-09-04T23:40:29+00:00","breadcrumb":{"@id":"https:\/\/diariotextual.com\/inicio\/index.php\/2026\/09\/04\/la-onu-deja-de-lado-los-viejos-mapas-de-mercator-por-una-nueva-cartografia-mundial-mas-cercana-a-la-realidad\/#breadcrumb"},"inLanguage":"es","potentialAction":[{"@type":"ReadAction","target":["https:\/\/diariotextual.com\/inicio\/index.php\/2026\/09\/04\/la-onu-deja-de-lado-los-viejos-mapas-de-mercator-por-una-nueva-cartografia-mundial-mas-cercana-a-la-realidad\/"]}]},{"@type":"ImageObject","inLanguage":"es","@id":"https:\/\/diariotextual.com\/inicio\/index.php\/2026\/09\/04\/la-onu-deja-de-lado-los-viejos-mapas-de-mercator-por-una-nueva-cartografia-mundial-mas-cercana-a-la-realidad\/#primaryimage","url":"https:\/\/diariotextual.com\/inicio\/wp-content\/uploads\/2026\/09\/mapamercatorequalearth00.jpg","contentUrl":"https:\/\/diariotextual.com\/inicio\/wp-content\/uploads\/2026\/09\/mapamercatorequalearth00.jpg","width":1300,"height":874},{"@type":"BreadcrumbList","@id":"https:\/\/diariotextual.com\/inicio\/index.php\/2026\/09\/04\/la-onu-deja-de-lado-los-viejos-mapas-de-mercator-por-una-nueva-cartografia-mundial-mas-cercana-a-la-realidad\/#breadcrumb","itemListElement":[{"@type":"ListItem","position":1,"name":"Portada","item":"https:\/\/diariotextual.com\/inicio\/"},{"@type":"ListItem","position":2,"name":"La ONU deja de lado los viejos mapas de Mercator por una nueva cartograf\u00eda mundial m\u00e1s cercana a la realidad"}]},{"@type":"WebSite","@id":"https:\/\/diariotextual.com\/inicio\/#website","url":"https:\/\/diariotextual.com\/inicio\/","name":"Diario Textual","description":"","publisher":{"@id":"https:\/\/diariotextual.com\/inicio\/#organization"},"potentialAction":[{"@type":"SearchAction","target":{"@type":"EntryPoint","urlTemplate":"https:\/\/diariotextual.com\/inicio\/?s={search_term_string}"},"query-input":{"@type":"PropertyValueSpecification","valueRequired":true,"valueName":"search_term_string"}}],"inLanguage":"es"},{"@type":"Organization","@id":"https:\/\/diariotextual.com\/inicio\/#organization","name":"Diario Textual","url":"https:\/\/diariotextual.com\/inicio\/","logo":{"@type":"ImageObject","inLanguage":"es","@id":"https:\/\/diariotextual.com\/inicio\/#\/schema\/logo\/image\/","url":"https:\/\/diariotextual.com\/inicio\/wp-content\/uploads\/2023\/05\/logotextual1.jpg","contentUrl":"https:\/\/diariotextual.com\/inicio\/wp-content\/uploads\/2023\/05\/logotextual1.jpg","width":516,"height":76,"caption":"Diario Textual"},"image":{"@id":"https:\/\/diariotextual.com\/inicio\/#\/schema\/logo\/image\/"},"sameAs":["https:\/\/www.facebook.com\/eltextual","https:\/\/x.com\/eltextual","http:\/\/www.instagram.com\/eltextual"]},{"@type":"Person","@id":"https:\/\/diariotextual.com\/inicio\/#\/schema\/person\/418fc4093c33e86ed41562db3508f958","name":"Diario1 Diario1","image":{"@type":"ImageObject","inLanguage":"es","@id":"https:\/\/secure.gravatar.com\/avatar\/9167d280179c85bc18be67aa7eda765854300033af4896dd779b608640f2ef7a?s=96&d=mm&r=g","url":"https:\/\/secure.gravatar.com\/avatar\/9167d280179c85bc18be67aa7eda765854300033af4896dd779b608640f2ef7a?s=96&d=mm&r=g","contentUrl":"https:\/\/secure.gravatar.com\/avatar\/9167d280179c85bc18be67aa7eda765854300033af4896dd779b608640f2ef7a?s=96&d=mm&r=g","caption":"Diario1 Diario1"},"url":"https:\/\/diariotextual.com\/inicio\/index.php\/author\/diario1\/"}]}},"_links":{"self":[{"href":"https:\/\/diariotextual.com\/inicio\/index.php\/wp-json\/wp\/v2\/posts\/334531","targetHints":{"allow":["GET"]}}],"collection":[{"href":"https:\/\/diariotextual.com\/inicio\/index.php\/wp-json\/wp\/v2\/posts"}],"about":[{"href":"https:\/\/diariotextual.com\/inicio\/index.php\/wp-json\/wp\/v2\/types\/post"}],"author":[{"embeddable":true,"href":"https:\/\/diariotextual.com\/inicio\/index.php\/wp-json\/wp\/v2\/users\/3"}],"replies":[{"embeddable":true,"href":"https:\/\/diariotextual.com\/inicio\/index.php\/wp-json\/wp\/v2\/comments?post=334531"}],"version-history":[{"count":1,"href":"https:\/\/diariotextual.com\/inicio\/index.php\/wp-json\/wp\/v2\/posts\/334531\/revisions"}],"predecessor-version":[{"id":334532,"href":"https:\/\/diariotextual.com\/inicio\/index.php\/wp-json\/wp\/v2\/posts\/334531\/revisions\/334532"}],"wp:featuredmedia":[{"embeddable":true,"href":"https:\/\/diariotextual.com\/inicio\/index.php\/wp-json\/wp\/v2\/media\/334533"}],"wp:attachment":[{"href":"https:\/\/diariotextual.com\/inicio\/index.php\/wp-json\/wp\/v2\/media?parent=334531"}],"wp:term":[{"taxonomy":"category","embeddable":true,"href":"https:\/\/diariotextual.com\/inicio\/index.php\/wp-json\/wp\/v2\/categories?post=334531"},{"taxonomy":"post_tag","embeddable":true,"href":"https:\/\/diariotextual.com\/inicio\/index.php\/wp-json\/wp\/v2\/tags?post=334531"}],"curies":[{"name":"wp","href":"https:\/\/api.w.org\/{rel}","templated":true}]}}