{"id":334534,"date":"2026-09-04T18:01:39","date_gmt":"2026-09-04T21:01:39","guid":{"rendered":"https:\/\/diariotextual.com\/inicio\/?p=334534"},"modified":"2026-09-04T20:48:00","modified_gmt":"2026-09-04T23:48:00","slug":"en-la-pampa-sera-obligatoria-la-capacitacion-en-derechos-de-infancias-y-adolescencias","status":"publish","type":"post","link":"https:\/\/diariotextual.com\/inicio\/index.php\/2026\/09\/04\/en-la-pampa-sera-obligatoria-la-capacitacion-en-derechos-de-infancias-y-adolescencias\/","title":{"rendered":"En La Pampa ser\u00e1 obligatoria la capacitaci\u00f3n en derechos de infancias y adolescencias"},"content":{"rendered":"\n<p class=\"wp-block-paragraph\">El Gobierno provincial present\u00f3 esta ma\u00f1ana el Programa Provincial de Capacitaci\u00f3n en Derechos de Ni\u00f1as, Ni\u00f1os y Adolescentes. Con esta iniciativa se brindar\u00e1 formaci\u00f3n continua, obligatoria y permanente en derechos de infancias y adolescencias, a m\u00e1s de 20 mil agentes p\u00fablicos y funcionarios.<\/p>\n\n\n\n<p class=\"wp-block-paragraph\">Con la aplicaci\u00f3n de este programa, La Pampa har\u00e1 efectivo el cumplimiento de la Ley Nacional 27.709, tambi\u00e9n conocida como Ley Lucio, sancionada hace tres a\u00f1os y que nunca fuera puesta en pr\u00e1ctica por las autoridades nacionales. Los contenidos deb\u00edan ser consensuado a trav\u00e9s del Consejo Federal de Ni\u00f1ez y Adolescencia, para que fueran uniformes en todo el territorio nacional, y no se produjo esa convocatoria desde Naci\u00f3n.&nbsp;El programa pampeano prev\u00e9 la capacitaci\u00f3n a la totalidad de empleados p\u00fablicos y funcionarios del Poder Ejecutivo Provincial, en forma obligatoria. Se invit\u00f3 a adherir a la medida a los poderes Legislativo y Judicial, y a los municipios de toda la provincia.<\/p>\n\n\n\n<p class=\"wp-block-paragraph\"><br>La capacitaci\u00f3n estar\u00e1 disponible a trav\u00e9s de la plataforma del Programa de Capacitaci\u00f3n para la Administraci\u00f3n P\u00fablica provincial. El acto estuvo encabezado por el gobernador Sergio Ziliotto, acompa\u00f1ado de integrantes de su gabinete ministerial y funcionarias y funcionarios de las distintas \u00e1reas del Gobierno provincial.&nbsp;El mandatario provincial cumpliment\u00f3 la totalidad de la primera parte de la capacitaci\u00f3n, en forma presencial, brindada por las doctoras Marisa Herrera y Cecilia Bertol\u00e9.<\/p>\n\n\n\n<p class=\"wp-block-paragraph\">De la actividad tambi\u00e9n formaron parte autoridades del Poder Judicial, diputadas y diputados provinciales, integrantes del Tribunal de Cuentas, y de organismos descentralizados de la administraci\u00f3n p\u00fablica pampeana.<br><br><br>\u201cEste Gobierno provincial consider\u00f3 que ya se hab\u00eda esperado un tiempo prudencial, y ante la inacci\u00f3n del Gobierno nacional, de no cumplir una vez m\u00e1s con lo que establece la ley, en La Pampa se decidi\u00f3 su implementaci\u00f3n en forma aut\u00f3noma\u201d, dijo el ministro de Desarrollo Social y DDH, durante el acto de presentaci\u00f3n.&nbsp;<\/p>\n\n\n\n<p class=\"wp-block-paragraph\">\u201cCon la realidad econ\u00f3mica y social del pa\u00eds, se van generando d\u00eda a d\u00eda m\u00e1s vulneraciones de derechos; con el consabido aumento y complejidad de las situaciones que afectan a las infancias\u201d, dijo.<\/p>\n\n\n\n<p class=\"wp-block-paragraph\"><br>\u201cFrente a este panorama es que nuestro gobernador decidi\u00f3 que hoy estemos poniendo en marcha en forma presencial el Programa Provincial de Capacitaci\u00f3n en derechos de Ni\u00f1as, Ni\u00f1os y adolescentes, con el objetivo de dictar una formaci\u00f3n continua, obligatoria y permanente de funcionarios y agentes p\u00fablicos de los tres poderes del Estado, a los efectos de lograr profundizar los conocimientos sobre el Sistema de protecci\u00f3n de Derechos, y de los indicadores de vulneraci\u00f3n que afectan a la ni\u00f1ez y la adolescencia en nuestro territorio\u201d, dijo.<br><br><\/p>\n\n\n\n<p class=\"wp-block-paragraph\">\u201cEl programa -expres\u00f3- adquiere una relevancia estrat\u00e9gica, entendiendo que la protecci\u00f3n integral no depende \u00fanicamente de un \u00e1rea espec\u00edfica del Estado. Depende de la capacidad de cada agente p\u00fablico, de cada funcionaria y funcionario, de cada instituci\u00f3n, para reconocer situaciones de vulneraci\u00f3n de derechos, intervenir oportunamente y actuar\u201d.<br>Finalmente, dijo que \u201cla capacitaci\u00f3n permanente no es solamente una obligaci\u00f3n legal. &nbsp;Es una herramienta de transformaci\u00f3n institucional. Es la posibilidad de construir un Estado m\u00e1s sensible, m\u00e1s preparado y comprometido con las infancias y adolescencias. Un Estado capaz de escuchar, de acompa\u00f1ar y de actuar cuando debe estar presente\u201d.<\/p>\n\n\n\n<p class=\"wp-block-paragraph\"><\/p>\n","protected":false},"excerpt":{"rendered":"<p>El Gobierno provincial present\u00f3 esta ma\u00f1ana el Programa Provincial de Capacitaci\u00f3n en Derechos de Ni\u00f1as, Ni\u00f1os y Adolescentes. Con esta iniciativa se brindar\u00e1 formaci\u00f3n continua, obligatoria y permanente en derechos&hellip;<\/p>\n","protected":false},"author":3,"featured_media":334536,"comment_status":"closed","ping_status":"open","sticky":false,"template":"","format":"standard","meta":{"_acf_changed":false,"footnotes":""},"categories":[10,12],"tags":[],"class_list":["post-334534","post","type-post","status-publish","format-standard","has-post-thumbnail","hentry","category-portada-2","category-sociedad"],"acf":[],"yoast_head":"<!-- This site is optimized with the Yoast SEO plugin v28.4 - https:\/\/yoast.com\/product\/yoast-seo-wordpress\/ -->\n<title>En La Pampa ser\u00e1 obligatoria la capacitaci\u00f3n en derechos de infancias y adolescencias - Diario Textual<\/title>\n<meta name=\"robots\" content=\"index, follow, max-snippet:-1, max-image-preview:large, max-video-preview:-1\" \/>\n<link rel=\"canonical\" href=\"https:\/\/diariotextual.com\/inicio\/index.php\/2026\/09\/04\/en-la-pampa-sera-obligatoria-la-capacitacion-en-derechos-de-infancias-y-adolescencias\/\" \/>\n<meta property=\"og:locale\" content=\"es_ES\" \/>\n<meta property=\"og:type\" content=\"article\" \/>\n<meta property=\"og:title\" content=\"En La Pampa ser\u00e1 obligatoria la capacitaci\u00f3n en derechos de infancias y adolescencias - Diario Textual\" \/>\n<meta property=\"og:description\" content=\"El Gobierno provincial present\u00f3 esta ma\u00f1ana el Programa Provincial de Capacitaci\u00f3n en Derechos de Ni\u00f1as, Ni\u00f1os y Adolescentes. Con esta iniciativa se brindar\u00e1 formaci\u00f3n continua, obligatoria y permanente en derechos&hellip;\" \/>\n<meta property=\"og:url\" content=\"https:\/\/diariotextual.com\/inicio\/index.php\/2026\/09\/04\/en-la-pampa-sera-obligatoria-la-capacitacion-en-derechos-de-infancias-y-adolescencias\/\" \/>\n<meta property=\"og:site_name\" content=\"Diario Textual\" \/>\n<meta property=\"article:publisher\" content=\"https:\/\/www.facebook.com\/eltextual\" \/>\n<meta property=\"article:published_time\" content=\"2026-09-04T21:01:39+00:00\" \/>\n<meta property=\"article:modified_time\" content=\"2026-09-04T23:48:00+00:00\" \/>\n<meta property=\"og:image\" content=\"https:\/\/diariotextual.com\/inicio\/wp-content\/uploads\/2026\/09\/programacapacitacionninez2026-1.jpg\" \/>\n\t<meta property=\"og:image:width\" content=\"1200\" \/>\n\t<meta property=\"og:image:height\" content=\"801\" \/>\n\t<meta property=\"og:image:type\" content=\"image\/jpeg\" \/>\n<meta name=\"author\" content=\"Diario1 Diario1\" \/>\n<meta name=\"twitter:card\" content=\"summary_large_image\" \/>\n<meta name=\"twitter:creator\" content=\"@eltextual\" \/>\n<meta name=\"twitter:site\" content=\"@eltextual\" \/>\n<meta name=\"twitter:label1\" content=\"Escrito por\" \/>\n\t<meta name=\"twitter:data1\" content=\"Diario1 Diario1\" \/>\n\t<meta name=\"twitter:label2\" content=\"Tiempo de lectura\" \/>\n\t<meta name=\"twitter:data2\" content=\"3 minutos\" \/>\n<script type=\"application\/ld+json\" class=\"yoast-schema-graph\">{\"@context\":\"https:\\\/\\\/schema.org\",\"@graph\":[{\"@type\":\"Article\",\"@id\":\"https:\\\/\\\/diariotextual.com\\\/inicio\\\/index.php\\\/2026\\\/09\\\/04\\\/en-la-pampa-sera-obligatoria-la-capacitacion-en-derechos-de-infancias-y-adolescencias\\\/#article\",\"isPartOf\":{\"@id\":\"https:\\\/\\\/diariotextual.com\\\/inicio\\\/index.php\\\/2026\\\/09\\\/04\\\/en-la-pampa-sera-obligatoria-la-capacitacion-en-derechos-de-infancias-y-adolescencias\\\/\"},\"author\":{\"name\":\"Diario1 Diario1\",\"@id\":\"https:\\\/\\\/diariotextual.com\\\/inicio\\\/#\\\/schema\\\/person\\\/418fc4093c33e86ed41562db3508f958\"},\"headline\":\"En La Pampa ser\u00e1 obligatoria la capacitaci\u00f3n en derechos de infancias y adolescencias\",\"datePublished\":\"2026-09-04T21:01:39+00:00\",\"dateModified\":\"2026-09-04T23:48:00+00:00\",\"mainEntityOfPage\":{\"@id\":\"https:\\\/\\\/diariotextual.com\\\/inicio\\\/index.php\\\/2026\\\/09\\\/04\\\/en-la-pampa-sera-obligatoria-la-capacitacion-en-derechos-de-infancias-y-adolescencias\\\/\"},\"wordCount\":596,\"publisher\":{\"@id\":\"https:\\\/\\\/diariotextual.com\\\/inicio\\\/#organization\"},\"image\":{\"@id\":\"https:\\\/\\\/diariotextual.com\\\/inicio\\\/index.php\\\/2026\\\/09\\\/04\\\/en-la-pampa-sera-obligatoria-la-capacitacion-en-derechos-de-infancias-y-adolescencias\\\/#primaryimage\"},\"thumbnailUrl\":\"https:\\\/\\\/diariotextual.com\\\/inicio\\\/wp-content\\\/uploads\\\/2026\\\/09\\\/programacapacitacionninez2026-1.jpg\",\"articleSection\":[\"A - PORTADA2\",\"SOCIEDAD\"],\"inLanguage\":\"es\"},{\"@type\":\"WebPage\",\"@id\":\"https:\\\/\\\/diariotextual.com\\\/inicio\\\/index.php\\\/2026\\\/09\\\/04\\\/en-la-pampa-sera-obligatoria-la-capacitacion-en-derechos-de-infancias-y-adolescencias\\\/\",\"url\":\"https:\\\/\\\/diariotextual.com\\\/inicio\\\/index.php\\\/2026\\\/09\\\/04\\\/en-la-pampa-sera-obligatoria-la-capacitacion-en-derechos-de-infancias-y-adolescencias\\\/\",\"name\":\"En La Pampa ser\u00e1 obligatoria la capacitaci\u00f3n en derechos de infancias y adolescencias - Diario Textual\",\"isPartOf\":{\"@id\":\"https:\\\/\\\/diariotextual.com\\\/inicio\\\/#website\"},\"primaryImageOfPage\":{\"@id\":\"https:\\\/\\\/diariotextual.com\\\/inicio\\\/index.php\\\/2026\\\/09\\\/04\\\/en-la-pampa-sera-obligatoria-la-capacitacion-en-derechos-de-infancias-y-adolescencias\\\/#primaryimage\"},\"image\":{\"@id\":\"https:\\\/\\\/diariotextual.com\\\/inicio\\\/index.php\\\/2026\\\/09\\\/04\\\/en-la-pampa-sera-obligatoria-la-capacitacion-en-derechos-de-infancias-y-adolescencias\\\/#primaryimage\"},\"thumbnailUrl\":\"https:\\\/\\\/diariotextual.com\\\/inicio\\\/wp-content\\\/uploads\\\/2026\\\/09\\\/programacapacitacionninez2026-1.jpg\",\"datePublished\":\"2026-09-04T21:01:39+00:00\",\"dateModified\":\"2026-09-04T23:48:00+00:00\",\"breadcrumb\":{\"@id\":\"https:\\\/\\\/diariotextual.com\\\/inicio\\\/index.php\\\/2026\\\/09\\\/04\\\/en-la-pampa-sera-obligatoria-la-capacitacion-en-derechos-de-infancias-y-adolescencias\\\/#breadcrumb\"},\"inLanguage\":\"es\",\"potentialAction\":[{\"@type\":\"ReadAction\",\"target\":[\"https:\\\/\\\/diariotextual.com\\\/inicio\\\/index.php\\\/2026\\\/09\\\/04\\\/en-la-pampa-sera-obligatoria-la-capacitacion-en-derechos-de-infancias-y-adolescencias\\\/\"]}]},{\"@type\":\"ImageObject\",\"inLanguage\":\"es\",\"@id\":\"https:\\\/\\\/diariotextual.com\\\/inicio\\\/index.php\\\/2026\\\/09\\\/04\\\/en-la-pampa-sera-obligatoria-la-capacitacion-en-derechos-de-infancias-y-adolescencias\\\/#primaryimage\",\"url\":\"https:\\\/\\\/diariotextual.com\\\/inicio\\\/wp-content\\\/uploads\\\/2026\\\/09\\\/programacapacitacionninez2026-1.jpg\",\"contentUrl\":\"https:\\\/\\\/diariotextual.com\\\/inicio\\\/wp-content\\\/uploads\\\/2026\\\/09\\\/programacapacitacionninez2026-1.jpg\",\"width\":1200,\"height\":801},{\"@type\":\"BreadcrumbList\",\"@id\":\"https:\\\/\\\/diariotextual.com\\\/inicio\\\/index.php\\\/2026\\\/09\\\/04\\\/en-la-pampa-sera-obligatoria-la-capacitacion-en-derechos-de-infancias-y-adolescencias\\\/#breadcrumb\",\"itemListElement\":[{\"@type\":\"ListItem\",\"position\":1,\"name\":\"Portada\",\"item\":\"https:\\\/\\\/diariotextual.com\\\/inicio\\\/\"},{\"@type\":\"ListItem\",\"position\":2,\"name\":\"En La Pampa ser\u00e1 obligatoria la capacitaci\u00f3n en derechos de infancias y adolescencias\"}]},{\"@type\":\"WebSite\",\"@id\":\"https:\\\/\\\/diariotextual.com\\\/inicio\\\/#website\",\"url\":\"https:\\\/\\\/diariotextual.com\\\/inicio\\\/\",\"name\":\"Diario Textual\",\"description\":\"\",\"publisher\":{\"@id\":\"https:\\\/\\\/diariotextual.com\\\/inicio\\\/#organization\"},\"potentialAction\":[{\"@type\":\"SearchAction\",\"target\":{\"@type\":\"EntryPoint\",\"urlTemplate\":\"https:\\\/\\\/diariotextual.com\\\/inicio\\\/?s={search_term_string}\"},\"query-input\":{\"@type\":\"PropertyValueSpecification\",\"valueRequired\":true,\"valueName\":\"search_term_string\"}}],\"inLanguage\":\"es\"},{\"@type\":\"Organization\",\"@id\":\"https:\\\/\\\/diariotextual.com\\\/inicio\\\/#organization\",\"name\":\"Diario Textual\",\"url\":\"https:\\\/\\\/diariotextual.com\\\/inicio\\\/\",\"logo\":{\"@type\":\"ImageObject\",\"inLanguage\":\"es\",\"@id\":\"https:\\\/\\\/diariotextual.com\\\/inicio\\\/#\\\/schema\\\/logo\\\/image\\\/\",\"url\":\"https:\\\/\\\/diariotextual.com\\\/inicio\\\/wp-content\\\/uploads\\\/2023\\\/05\\\/logotextual1.jpg\",\"contentUrl\":\"https:\\\/\\\/diariotextual.com\\\/inicio\\\/wp-content\\\/uploads\\\/2023\\\/05\\\/logotextual1.jpg\",\"width\":516,\"height\":76,\"caption\":\"Diario Textual\"},\"image\":{\"@id\":\"https:\\\/\\\/diariotextual.com\\\/inicio\\\/#\\\/schema\\\/logo\\\/image\\\/\"},\"sameAs\":[\"https:\\\/\\\/www.facebook.com\\\/eltextual\",\"https:\\\/\\\/x.com\\\/eltextual\",\"http:\\\/\\\/www.instagram.com\\\/eltextual\"]},{\"@type\":\"Person\",\"@id\":\"https:\\\/\\\/diariotextual.com\\\/inicio\\\/#\\\/schema\\\/person\\\/418fc4093c33e86ed41562db3508f958\",\"name\":\"Diario1 Diario1\",\"image\":{\"@type\":\"ImageObject\",\"inLanguage\":\"es\",\"@id\":\"https:\\\/\\\/secure.gravatar.com\\\/avatar\\\/9167d280179c85bc18be67aa7eda765854300033af4896dd779b608640f2ef7a?s=96&d=mm&r=g\",\"url\":\"https:\\\/\\\/secure.gravatar.com\\\/avatar\\\/9167d280179c85bc18be67aa7eda765854300033af4896dd779b608640f2ef7a?s=96&d=mm&r=g\",\"contentUrl\":\"https:\\\/\\\/secure.gravatar.com\\\/avatar\\\/9167d280179c85bc18be67aa7eda765854300033af4896dd779b608640f2ef7a?s=96&d=mm&r=g\",\"caption\":\"Diario1 Diario1\"},\"url\":\"https:\\\/\\\/diariotextual.com\\\/inicio\\\/index.php\\\/author\\\/diario1\\\/\"}]}<\/script>\n<!-- \/ Yoast SEO plugin. -->","yoast_head_json":{"title":"En La Pampa ser\u00e1 obligatoria la capacitaci\u00f3n en derechos de infancias y adolescencias - Diario Textual","robots":{"index":"index","follow":"follow","max-snippet":"max-snippet:-1","max-image-preview":"max-image-preview:large","max-video-preview":"max-video-preview:-1"},"canonical":"https:\/\/diariotextual.com\/inicio\/index.php\/2026\/09\/04\/en-la-pampa-sera-obligatoria-la-capacitacion-en-derechos-de-infancias-y-adolescencias\/","og_locale":"es_ES","og_type":"article","og_title":"En La Pampa ser\u00e1 obligatoria la capacitaci\u00f3n en derechos de infancias y adolescencias - Diario Textual","og_description":"El Gobierno provincial present\u00f3 esta ma\u00f1ana el Programa Provincial de Capacitaci\u00f3n en Derechos de Ni\u00f1as, Ni\u00f1os y Adolescentes. Con esta iniciativa se brindar\u00e1 formaci\u00f3n continua, obligatoria y permanente en derechos&hellip;","og_url":"https:\/\/diariotextual.com\/inicio\/index.php\/2026\/09\/04\/en-la-pampa-sera-obligatoria-la-capacitacion-en-derechos-de-infancias-y-adolescencias\/","og_site_name":"Diario Textual","article_publisher":"https:\/\/www.facebook.com\/eltextual","article_published_time":"2026-09-04T21:01:39+00:00","article_modified_time":"2026-09-04T23:48:00+00:00","og_image":[{"width":1200,"height":801,"url":"https:\/\/diariotextual.com\/inicio\/wp-content\/uploads\/2026\/09\/programacapacitacionninez2026-1.jpg","type":"image\/jpeg"}],"author":"Diario1 Diario1","twitter_card":"summary_large_image","twitter_creator":"@eltextual","twitter_site":"@eltextual","twitter_misc":{"Escrito por":"Diario1 Diario1","Tiempo de lectura":"3 minutos"},"schema":{"@context":"https:\/\/schema.org","@graph":[{"@type":"Article","@id":"https:\/\/diariotextual.com\/inicio\/index.php\/2026\/09\/04\/en-la-pampa-sera-obligatoria-la-capacitacion-en-derechos-de-infancias-y-adolescencias\/#article","isPartOf":{"@id":"https:\/\/diariotextual.com\/inicio\/index.php\/2026\/09\/04\/en-la-pampa-sera-obligatoria-la-capacitacion-en-derechos-de-infancias-y-adolescencias\/"},"author":{"name":"Diario1 Diario1","@id":"https:\/\/diariotextual.com\/inicio\/#\/schema\/person\/418fc4093c33e86ed41562db3508f958"},"headline":"En La Pampa ser\u00e1 obligatoria la capacitaci\u00f3n en derechos de infancias y adolescencias","datePublished":"2026-09-04T21:01:39+00:00","dateModified":"2026-09-04T23:48:00+00:00","mainEntityOfPage":{"@id":"https:\/\/diariotextual.com\/inicio\/index.php\/2026\/09\/04\/en-la-pampa-sera-obligatoria-la-capacitacion-en-derechos-de-infancias-y-adolescencias\/"},"wordCount":596,"publisher":{"@id":"https:\/\/diariotextual.com\/inicio\/#organization"},"image":{"@id":"https:\/\/diariotextual.com\/inicio\/index.php\/2026\/09\/04\/en-la-pampa-sera-obligatoria-la-capacitacion-en-derechos-de-infancias-y-adolescencias\/#primaryimage"},"thumbnailUrl":"https:\/\/diariotextual.com\/inicio\/wp-content\/uploads\/2026\/09\/programacapacitacionninez2026-1.jpg","articleSection":["A - PORTADA2","SOCIEDAD"],"inLanguage":"es"},{"@type":"WebPage","@id":"https:\/\/diariotextual.com\/inicio\/index.php\/2026\/09\/04\/en-la-pampa-sera-obligatoria-la-capacitacion-en-derechos-de-infancias-y-adolescencias\/","url":"https:\/\/diariotextual.com\/inicio\/index.php\/2026\/09\/04\/en-la-pampa-sera-obligatoria-la-capacitacion-en-derechos-de-infancias-y-adolescencias\/","name":"En La Pampa ser\u00e1 obligatoria la capacitaci\u00f3n en derechos de infancias y adolescencias - Diario Textual","isPartOf":{"@id":"https:\/\/diariotextual.com\/inicio\/#website"},"primaryImageOfPage":{"@id":"https:\/\/diariotextual.com\/inicio\/index.php\/2026\/09\/04\/en-la-pampa-sera-obligatoria-la-capacitacion-en-derechos-de-infancias-y-adolescencias\/#primaryimage"},"image":{"@id":"https:\/\/diariotextual.com\/inicio\/index.php\/2026\/09\/04\/en-la-pampa-sera-obligatoria-la-capacitacion-en-derechos-de-infancias-y-adolescencias\/#primaryimage"},"thumbnailUrl":"https:\/\/diariotextual.com\/inicio\/wp-content\/uploads\/2026\/09\/programacapacitacionninez2026-1.jpg","datePublished":"2026-09-04T21:01:39+00:00","dateModified":"2026-09-04T23:48:00+00:00","breadcrumb":{"@id":"https:\/\/diariotextual.com\/inicio\/index.php\/2026\/09\/04\/en-la-pampa-sera-obligatoria-la-capacitacion-en-derechos-de-infancias-y-adolescencias\/#breadcrumb"},"inLanguage":"es","potentialAction":[{"@type":"ReadAction","target":["https:\/\/diariotextual.com\/inicio\/index.php\/2026\/09\/04\/en-la-pampa-sera-obligatoria-la-capacitacion-en-derechos-de-infancias-y-adolescencias\/"]}]},{"@type":"ImageObject","inLanguage":"es","@id":"https:\/\/diariotextual.com\/inicio\/index.php\/2026\/09\/04\/en-la-pampa-sera-obligatoria-la-capacitacion-en-derechos-de-infancias-y-adolescencias\/#primaryimage","url":"https:\/\/diariotextual.com\/inicio\/wp-content\/uploads\/2026\/09\/programacapacitacionninez2026-1.jpg","contentUrl":"https:\/\/diariotextual.com\/inicio\/wp-content\/uploads\/2026\/09\/programacapacitacionninez2026-1.jpg","width":1200,"height":801},{"@type":"BreadcrumbList","@id":"https:\/\/diariotextual.com\/inicio\/index.php\/2026\/09\/04\/en-la-pampa-sera-obligatoria-la-capacitacion-en-derechos-de-infancias-y-adolescencias\/#breadcrumb","itemListElement":[{"@type":"ListItem","position":1,"name":"Portada","item":"https:\/\/diariotextual.com\/inicio\/"},{"@type":"ListItem","position":2,"name":"En La Pampa ser\u00e1 obligatoria la capacitaci\u00f3n en derechos de infancias y adolescencias"}]},{"@type":"WebSite","@id":"https:\/\/diariotextual.com\/inicio\/#website","url":"https:\/\/diariotextual.com\/inicio\/","name":"Diario Textual","description":"","publisher":{"@id":"https:\/\/diariotextual.com\/inicio\/#organization"},"potentialAction":[{"@type":"SearchAction","target":{"@type":"EntryPoint","urlTemplate":"https:\/\/diariotextual.com\/inicio\/?s={search_term_string}"},"query-input":{"@type":"PropertyValueSpecification","valueRequired":true,"valueName":"search_term_string"}}],"inLanguage":"es"},{"@type":"Organization","@id":"https:\/\/diariotextual.com\/inicio\/#organization","name":"Diario Textual","url":"https:\/\/diariotextual.com\/inicio\/","logo":{"@type":"ImageObject","inLanguage":"es","@id":"https:\/\/diariotextual.com\/inicio\/#\/schema\/logo\/image\/","url":"https:\/\/diariotextual.com\/inicio\/wp-content\/uploads\/2023\/05\/logotextual1.jpg","contentUrl":"https:\/\/diariotextual.com\/inicio\/wp-content\/uploads\/2023\/05\/logotextual1.jpg","width":516,"height":76,"caption":"Diario Textual"},"image":{"@id":"https:\/\/diariotextual.com\/inicio\/#\/schema\/logo\/image\/"},"sameAs":["https:\/\/www.facebook.com\/eltextual","https:\/\/x.com\/eltextual","http:\/\/www.instagram.com\/eltextual"]},{"@type":"Person","@id":"https:\/\/diariotextual.com\/inicio\/#\/schema\/person\/418fc4093c33e86ed41562db3508f958","name":"Diario1 Diario1","image":{"@type":"ImageObject","inLanguage":"es","@id":"https:\/\/secure.gravatar.com\/avatar\/9167d280179c85bc18be67aa7eda765854300033af4896dd779b608640f2ef7a?s=96&d=mm&r=g","url":"https:\/\/secure.gravatar.com\/avatar\/9167d280179c85bc18be67aa7eda765854300033af4896dd779b608640f2ef7a?s=96&d=mm&r=g","contentUrl":"https:\/\/secure.gravatar.com\/avatar\/9167d280179c85bc18be67aa7eda765854300033af4896dd779b608640f2ef7a?s=96&d=mm&r=g","caption":"Diario1 Diario1"},"url":"https:\/\/diariotextual.com\/inicio\/index.php\/author\/diario1\/"}]}},"_links":{"self":[{"href":"https:\/\/diariotextual.com\/inicio\/index.php\/wp-json\/wp\/v2\/posts\/334534","targetHints":{"allow":["GET"]}}],"collection":[{"href":"https:\/\/diariotextual.com\/inicio\/index.php\/wp-json\/wp\/v2\/posts"}],"about":[{"href":"https:\/\/diariotextual.com\/inicio\/index.php\/wp-json\/wp\/v2\/types\/post"}],"author":[{"embeddable":true,"href":"https:\/\/diariotextual.com\/inicio\/index.php\/wp-json\/wp\/v2\/users\/3"}],"replies":[{"embeddable":true,"href":"https:\/\/diariotextual.com\/inicio\/index.php\/wp-json\/wp\/v2\/comments?post=334534"}],"version-history":[{"count":1,"href":"https:\/\/diariotextual.com\/inicio\/index.php\/wp-json\/wp\/v2\/posts\/334534\/revisions"}],"predecessor-version":[{"id":334535,"href":"https:\/\/diariotextual.com\/inicio\/index.php\/wp-json\/wp\/v2\/posts\/334534\/revisions\/334535"}],"wp:featuredmedia":[{"embeddable":true,"href":"https:\/\/diariotextual.com\/inicio\/index.php\/wp-json\/wp\/v2\/media\/334536"}],"wp:attachment":[{"href":"https:\/\/diariotextual.com\/inicio\/index.php\/wp-json\/wp\/v2\/media?parent=334534"}],"wp:term":[{"taxonomy":"category","embeddable":true,"href":"https:\/\/diariotextual.com\/inicio\/index.php\/wp-json\/wp\/v2\/categories?post=334534"},{"taxonomy":"post_tag","embeddable":true,"href":"https:\/\/diariotextual.com\/inicio\/index.php\/wp-json\/wp\/v2\/tags?post=334534"}],"curies":[{"name":"wp","href":"https:\/\/api.w.org\/{rel}","templated":true}]}}