{"id":334537,"date":"2026-09-04T19:20:54","date_gmt":"2026-09-04T22:20:54","guid":{"rendered":"https:\/\/diariotextual.com\/inicio\/?p=334537"},"modified":"2026-09-04T21:23:59","modified_gmt":"2026-09-05T00:23:59","slug":"ana-maria-lassalle-ya-descansa-junto-a-bustriazo-ortiz-en-el-memorial-cultural","status":"publish","type":"post","link":"https:\/\/diariotextual.com\/inicio\/index.php\/2026\/09\/04\/ana-maria-lassalle-ya-descansa-junto-a-bustriazo-ortiz-en-el-memorial-cultural\/","title":{"rendered":"Ana Mar\u00eda Lassalle ya descansa junto a Bustriazo Ortiz en el Memorial Cultural"},"content":{"rendered":"\n<p class=\"wp-block-paragraph\">Las cenizas de <strong>Ana Mar\u00eda Lassalle<\/strong> ya descansan en el Memorial Cultural del Cementerio de Santa Rosa. Este viernes se concret\u00f3 el traslado y la incorporaci\u00f3n de sus restos al hist\u00f3rico pante\u00f3n, donde desde diciembre de 2023 tambi\u00e9n se encuentran los de <strong>Juan Carlos Bustriazo Ortiz<\/strong>.<\/p>\n\n\n\n<p class=\"wp-block-paragraph\">La ceremonia reuni\u00f3 a familiares de Lassalle, integrantes de la Asociaci\u00f3n Pampeana de Escritorxs (APE), escritoras y escritores, autoridades municipales y concejales. Tambi\u00e9n hubo poes\u00eda, recuerdos y m\u00fasica para homenajear a una de las figuras de referencia de la cultura pampeana.<\/p>\n\n\n\n<p class=\"wp-block-paragraph\">El intendente <strong>Luciano Di N\u00e1poli<\/strong> particip\u00f3 del acto y destac\u00f3 la dimensi\u00f3n colectiva del homenaje. \u201cHoy compartimos una ma\u00f1ana muy emotiva\u201d, expres\u00f3 en una publicaci\u00f3n posterior, en la que record\u00f3 a Lassalle como \u201cuna referente de nuestra cultura, periodista, defensora de los derechos sociales, cofundadora de la Asociaci\u00f3n Pampeana de Escritores y Ciudadana Ilustre de la capital pampeana\u201d.<\/p>\n\n\n\n<p class=\"wp-block-paragraph\">Durante la ceremonia tambi\u00e9n se descubrieron <strong>placas alusivas realizadas por estudiantes de la Tecnicatura de Cer\u00e1mica y Artes del Fuego de la Escuela Municipal de Santa Rosa (EMSAR)<\/strong>.<\/p>\n\n\n\n<div style=\"height:100px\" aria-hidden=\"true\" class=\"wp-block-spacer\"><\/div>\n\n\n\n<p class=\"wp-block-paragraph\"><strong>Una trayectoria ligada a la cultura pampeana<\/strong><\/p>\n\n\n\n<p class=\"wp-block-paragraph\">Lassalle falleci\u00f3 el 22 de abril, a los 90 a\u00f1os. Resid\u00eda en Santa Rosa desde 1951 y desarroll\u00f3 una extensa trayectoria vinculada con la <strong>literatura, el periodismo y la defensa de los derechos sociales<\/strong>.<\/p>\n\n\n\n<p class=\"wp-block-paragraph\">Integr\u00f3 la denominada Joven Poes\u00eda Pampeana y fue cofundadora de la Asociaci\u00f3n Pampeana de Escritorxs. En reconocimiento a su trayectoria, el Concejo Deliberante de Santa Rosa la declar\u00f3 <strong>Ciudadana Ilustre<\/strong> mediante la Resoluci\u00f3n 30\/2014.<\/p>\n\n\n\n<p class=\"wp-block-paragraph\">Su incorporaci\u00f3n al Memorial Cultural fue impulsada como una forma de preservar su memoria y su aporte a la cultura de la ciudad.<\/p>\n\n\n\n<p class=\"wp-block-paragraph\">El espacio funciona en el antiguo pante\u00f3n de la familia Oharriz del Olmo. La iniciativa para convertirlo en un lugar destinado a personalidades vinculadas con la historia cultural santarrose\u00f1a fue impulsada por el escritor <strong>Jos\u00e9 Carlos Depetris<\/strong> durante su paso por el Concejo Deliberante.<\/p>\n\n\n\n<div style=\"height:100px\" aria-hidden=\"true\" class=\"wp-block-spacer\"><\/div>\n\n\n\n<figure class=\"wp-block-image size-full\"><img fetchpriority=\"high\" decoding=\"async\" width=\"1000\" height=\"667\" src=\"https:\/\/diariotextual.com\/inicio\/wp-content\/uploads\/2026\/09\/lassalleanamariarestospanteon33432785.jpg\" alt=\"\" class=\"wp-image-334543\" srcset=\"https:\/\/diariotextual.com\/inicio\/wp-content\/uploads\/2026\/09\/lassalleanamariarestospanteon33432785.jpg 1000w, https:\/\/diariotextual.com\/inicio\/wp-content\/uploads\/2026\/09\/lassalleanamariarestospanteon33432785-300x200.jpg 300w, https:\/\/diariotextual.com\/inicio\/wp-content\/uploads\/2026\/09\/lassalleanamariarestospanteon33432785-768x512.jpg 768w, https:\/\/diariotextual.com\/inicio\/wp-content\/uploads\/2026\/09\/lassalleanamariarestospanteon33432785-585x390-1.jpg 585w, https:\/\/diariotextual.com\/inicio\/wp-content\/uploads\/2026\/09\/lassalleanamariarestospanteon33432785-263x175.jpg 263w\" sizes=\"(max-width: 1000px) 100vw, 1000px\" \/><\/figure>\n\n\n\n<p class=\"wp-block-paragraph\"><strong>Poes\u00eda, recuerdos y m\u00fasica<\/strong><\/p>\n\n\n\n<p class=\"wp-block-paragraph\">El homenaje tuvo tambi\u00e9n un fuerte componente art\u00edstico. Se escucharon poemas de Lassalle y recuerdos sobre su vida y su obra, compartidos por <strong>Anamar\u00eda Mayol<\/strong>, poeta e hija de la escritora; <strong>Silvio Tejada<\/strong>, presidente de la APE; <strong>Jos\u00e9 Carlos Depetris<\/strong> y <strong>Sandra Emmi<\/strong>.<\/p>\n\n\n\n<p class=\"wp-block-paragraph\">El cierre estuvo a cargo de <strong>Juani de Pian<\/strong>, quien comparti\u00f3 su m\u00fasica con las personas presentes.<\/p>\n\n\n\n<p class=\"wp-block-paragraph\">Di N\u00e1poli destac\u00f3 despu\u00e9s del acto el encuentro entre familiares, referentes de la literatura, autoridades y representantes de distintas generaciones de la cultura local. \u201cLa memoria y la cultura nos ense\u00f1an que la \u00fanica salida es encontrarnos y estar todos juntos\u201d, sostuvo.<\/p>\n\n\n\n<p class=\"wp-block-paragraph\">As\u00ed, el Memorial Cultural suma desde este viernes a <strong>Ana Mar\u00eda Lassalle<\/strong>, que pasa a compartir ese espacio con Bustriazo Ortiz, dos nombres centrales de la literatura pampeana unidos ahora tambi\u00e9n en un mismo lugar de memoria.<\/p>\n","protected":false},"excerpt":{"rendered":"<p>Las cenizas de Ana Mar\u00eda Lassalle ya descansan en el Memorial Cultural del Cementerio de Santa Rosa. Este viernes se concret\u00f3 el traslado y la incorporaci\u00f3n de sus restos al&hellip;<\/p>\n","protected":false},"author":4,"featured_media":334539,"comment_status":"closed","ping_status":"open","sticky":false,"template":"","format":"standard","meta":{"_acf_changed":false,"footnotes":""},"categories":[1,2],"tags":[],"class_list":["post-334537","post","type-post","status-publish","format-standard","has-post-thumbnail","hentry","category-es-noticia","category-cultura"],"acf":[],"yoast_head":"<!-- This site is optimized with the Yoast SEO plugin v28.4 - https:\/\/yoast.com\/product\/yoast-seo-wordpress\/ -->\n<title>Ana Mar\u00eda Lassalle ya descansa junto a Bustriazo Ortiz en el Memorial Cultural - Diario Textual<\/title>\n<meta name=\"robots\" content=\"index, follow, max-snippet:-1, max-image-preview:large, max-video-preview:-1\" \/>\n<link rel=\"canonical\" href=\"https:\/\/diariotextual.com\/inicio\/index.php\/2026\/09\/04\/ana-maria-lassalle-ya-descansa-junto-a-bustriazo-ortiz-en-el-memorial-cultural\/\" \/>\n<meta property=\"og:locale\" content=\"es_ES\" \/>\n<meta property=\"og:type\" content=\"article\" \/>\n<meta property=\"og:title\" content=\"Ana Mar\u00eda Lassalle ya descansa junto a Bustriazo Ortiz en el Memorial Cultural - Diario Textual\" \/>\n<meta property=\"og:description\" content=\"Las cenizas de Ana Mar\u00eda Lassalle ya descansan en el Memorial Cultural del Cementerio de Santa Rosa. Este viernes se concret\u00f3 el traslado y la incorporaci\u00f3n de sus restos al&hellip;\" \/>\n<meta property=\"og:url\" content=\"https:\/\/diariotextual.com\/inicio\/index.php\/2026\/09\/04\/ana-maria-lassalle-ya-descansa-junto-a-bustriazo-ortiz-en-el-memorial-cultural\/\" \/>\n<meta property=\"og:site_name\" content=\"Diario Textual\" \/>\n<meta property=\"article:publisher\" content=\"https:\/\/www.facebook.com\/eltextual\" \/>\n<meta property=\"article:published_time\" content=\"2026-09-04T22:20:54+00:00\" \/>\n<meta property=\"article:modified_time\" content=\"2026-09-05T00:23:59+00:00\" \/>\n<meta property=\"og:image\" content=\"https:\/\/diariotextual.com\/inicio\/wp-content\/uploads\/2026\/09\/lassalleanamariarestos432785.jpg\" \/>\n\t<meta property=\"og:image:width\" content=\"1000\" \/>\n\t<meta property=\"og:image:height\" content=\"669\" \/>\n\t<meta property=\"og:image:type\" content=\"image\/jpeg\" \/>\n<meta name=\"author\" content=\"diario2\" \/>\n<meta name=\"twitter:card\" content=\"summary_large_image\" \/>\n<meta name=\"twitter:creator\" content=\"@eltextual\" \/>\n<meta name=\"twitter:site\" content=\"@eltextual\" \/>\n<meta name=\"twitter:label1\" content=\"Escrito por\" \/>\n\t<meta name=\"twitter:data1\" content=\"diario2\" \/>\n\t<meta name=\"twitter:label2\" content=\"Tiempo de lectura\" \/>\n\t<meta name=\"twitter:data2\" content=\"3 minutos\" \/>\n<script type=\"application\/ld+json\" class=\"yoast-schema-graph\">{\"@context\":\"https:\\\/\\\/schema.org\",\"@graph\":[{\"@type\":\"Article\",\"@id\":\"https:\\\/\\\/diariotextual.com\\\/inicio\\\/index.php\\\/2026\\\/09\\\/04\\\/ana-maria-lassalle-ya-descansa-junto-a-bustriazo-ortiz-en-el-memorial-cultural\\\/#article\",\"isPartOf\":{\"@id\":\"https:\\\/\\\/diariotextual.com\\\/inicio\\\/index.php\\\/2026\\\/09\\\/04\\\/ana-maria-lassalle-ya-descansa-junto-a-bustriazo-ortiz-en-el-memorial-cultural\\\/\"},\"author\":{\"name\":\"diario2\",\"@id\":\"https:\\\/\\\/diariotextual.com\\\/inicio\\\/#\\\/schema\\\/person\\\/694f60677f23c4a530867a98f22b3768\"},\"headline\":\"Ana Mar\u00eda Lassalle ya descansa junto a Bustriazo Ortiz en el Memorial Cultural\",\"datePublished\":\"2026-09-04T22:20:54+00:00\",\"dateModified\":\"2026-09-05T00:23:59+00:00\",\"mainEntityOfPage\":{\"@id\":\"https:\\\/\\\/diariotextual.com\\\/inicio\\\/index.php\\\/2026\\\/09\\\/04\\\/ana-maria-lassalle-ya-descansa-junto-a-bustriazo-ortiz-en-el-memorial-cultural\\\/\"},\"wordCount\":502,\"publisher\":{\"@id\":\"https:\\\/\\\/diariotextual.com\\\/inicio\\\/#organization\"},\"image\":{\"@id\":\"https:\\\/\\\/diariotextual.com\\\/inicio\\\/index.php\\\/2026\\\/09\\\/04\\\/ana-maria-lassalle-ya-descansa-junto-a-bustriazo-ortiz-en-el-memorial-cultural\\\/#primaryimage\"},\"thumbnailUrl\":\"https:\\\/\\\/diariotextual.com\\\/inicio\\\/wp-content\\\/uploads\\\/2026\\\/09\\\/lassalleanamariarestos432785.jpg\",\"articleSection\":[\"A - ES NOTICIA (van abajo)\",\"CULTURA\"],\"inLanguage\":\"es\"},{\"@type\":\"WebPage\",\"@id\":\"https:\\\/\\\/diariotextual.com\\\/inicio\\\/index.php\\\/2026\\\/09\\\/04\\\/ana-maria-lassalle-ya-descansa-junto-a-bustriazo-ortiz-en-el-memorial-cultural\\\/\",\"url\":\"https:\\\/\\\/diariotextual.com\\\/inicio\\\/index.php\\\/2026\\\/09\\\/04\\\/ana-maria-lassalle-ya-descansa-junto-a-bustriazo-ortiz-en-el-memorial-cultural\\\/\",\"name\":\"Ana Mar\u00eda Lassalle ya descansa junto a Bustriazo Ortiz en el Memorial Cultural - Diario Textual\",\"isPartOf\":{\"@id\":\"https:\\\/\\\/diariotextual.com\\\/inicio\\\/#website\"},\"primaryImageOfPage\":{\"@id\":\"https:\\\/\\\/diariotextual.com\\\/inicio\\\/index.php\\\/2026\\\/09\\\/04\\\/ana-maria-lassalle-ya-descansa-junto-a-bustriazo-ortiz-en-el-memorial-cultural\\\/#primaryimage\"},\"image\":{\"@id\":\"https:\\\/\\\/diariotextual.com\\\/inicio\\\/index.php\\\/2026\\\/09\\\/04\\\/ana-maria-lassalle-ya-descansa-junto-a-bustriazo-ortiz-en-el-memorial-cultural\\\/#primaryimage\"},\"thumbnailUrl\":\"https:\\\/\\\/diariotextual.com\\\/inicio\\\/wp-content\\\/uploads\\\/2026\\\/09\\\/lassalleanamariarestos432785.jpg\",\"datePublished\":\"2026-09-04T22:20:54+00:00\",\"dateModified\":\"2026-09-05T00:23:59+00:00\",\"breadcrumb\":{\"@id\":\"https:\\\/\\\/diariotextual.com\\\/inicio\\\/index.php\\\/2026\\\/09\\\/04\\\/ana-maria-lassalle-ya-descansa-junto-a-bustriazo-ortiz-en-el-memorial-cultural\\\/#breadcrumb\"},\"inLanguage\":\"es\",\"potentialAction\":[{\"@type\":\"ReadAction\",\"target\":[\"https:\\\/\\\/diariotextual.com\\\/inicio\\\/index.php\\\/2026\\\/09\\\/04\\\/ana-maria-lassalle-ya-descansa-junto-a-bustriazo-ortiz-en-el-memorial-cultural\\\/\"]}]},{\"@type\":\"ImageObject\",\"inLanguage\":\"es\",\"@id\":\"https:\\\/\\\/diariotextual.com\\\/inicio\\\/index.php\\\/2026\\\/09\\\/04\\\/ana-maria-lassalle-ya-descansa-junto-a-bustriazo-ortiz-en-el-memorial-cultural\\\/#primaryimage\",\"url\":\"https:\\\/\\\/diariotextual.com\\\/inicio\\\/wp-content\\\/uploads\\\/2026\\\/09\\\/lassalleanamariarestos432785.jpg\",\"contentUrl\":\"https:\\\/\\\/diariotextual.com\\\/inicio\\\/wp-content\\\/uploads\\\/2026\\\/09\\\/lassalleanamariarestos432785.jpg\",\"width\":1000,\"height\":669},{\"@type\":\"BreadcrumbList\",\"@id\":\"https:\\\/\\\/diariotextual.com\\\/inicio\\\/index.php\\\/2026\\\/09\\\/04\\\/ana-maria-lassalle-ya-descansa-junto-a-bustriazo-ortiz-en-el-memorial-cultural\\\/#breadcrumb\",\"itemListElement\":[{\"@type\":\"ListItem\",\"position\":1,\"name\":\"Portada\",\"item\":\"https:\\\/\\\/diariotextual.com\\\/inicio\\\/\"},{\"@type\":\"ListItem\",\"position\":2,\"name\":\"Ana Mar\u00eda Lassalle ya descansa junto a Bustriazo Ortiz en el Memorial Cultural\"}]},{\"@type\":\"WebSite\",\"@id\":\"https:\\\/\\\/diariotextual.com\\\/inicio\\\/#website\",\"url\":\"https:\\\/\\\/diariotextual.com\\\/inicio\\\/\",\"name\":\"Diario Textual\",\"description\":\"\",\"publisher\":{\"@id\":\"https:\\\/\\\/diariotextual.com\\\/inicio\\\/#organization\"},\"potentialAction\":[{\"@type\":\"SearchAction\",\"target\":{\"@type\":\"EntryPoint\",\"urlTemplate\":\"https:\\\/\\\/diariotextual.com\\\/inicio\\\/?s={search_term_string}\"},\"query-input\":{\"@type\":\"PropertyValueSpecification\",\"valueRequired\":true,\"valueName\":\"search_term_string\"}}],\"inLanguage\":\"es\"},{\"@type\":\"Organization\",\"@id\":\"https:\\\/\\\/diariotextual.com\\\/inicio\\\/#organization\",\"name\":\"Diario Textual\",\"url\":\"https:\\\/\\\/diariotextual.com\\\/inicio\\\/\",\"logo\":{\"@type\":\"ImageObject\",\"inLanguage\":\"es\",\"@id\":\"https:\\\/\\\/diariotextual.com\\\/inicio\\\/#\\\/schema\\\/logo\\\/image\\\/\",\"url\":\"https:\\\/\\\/diariotextual.com\\\/inicio\\\/wp-content\\\/uploads\\\/2023\\\/05\\\/logotextual1.jpg\",\"contentUrl\":\"https:\\\/\\\/diariotextual.com\\\/inicio\\\/wp-content\\\/uploads\\\/2023\\\/05\\\/logotextual1.jpg\",\"width\":516,\"height\":76,\"caption\":\"Diario Textual\"},\"image\":{\"@id\":\"https:\\\/\\\/diariotextual.com\\\/inicio\\\/#\\\/schema\\\/logo\\\/image\\\/\"},\"sameAs\":[\"https:\\\/\\\/www.facebook.com\\\/eltextual\",\"https:\\\/\\\/x.com\\\/eltextual\",\"http:\\\/\\\/www.instagram.com\\\/eltextual\"]},{\"@type\":\"Person\",\"@id\":\"https:\\\/\\\/diariotextual.com\\\/inicio\\\/#\\\/schema\\\/person\\\/694f60677f23c4a530867a98f22b3768\",\"name\":\"diario2\",\"image\":{\"@type\":\"ImageObject\",\"inLanguage\":\"es\",\"@id\":\"https:\\\/\\\/secure.gravatar.com\\\/avatar\\\/5a2567495ba16b852fcd8f1ed006a2e24fcace936018ed8237e95f488ad6e0a7?s=96&d=mm&r=g\",\"url\":\"https:\\\/\\\/secure.gravatar.com\\\/avatar\\\/5a2567495ba16b852fcd8f1ed006a2e24fcace936018ed8237e95f488ad6e0a7?s=96&d=mm&r=g\",\"contentUrl\":\"https:\\\/\\\/secure.gravatar.com\\\/avatar\\\/5a2567495ba16b852fcd8f1ed006a2e24fcace936018ed8237e95f488ad6e0a7?s=96&d=mm&r=g\",\"caption\":\"diario2\"},\"url\":\"https:\\\/\\\/diariotextual.com\\\/inicio\\\/index.php\\\/author\\\/diario2\\\/\"}]}<\/script>\n<!-- \/ Yoast SEO plugin. -->","yoast_head_json":{"title":"Ana Mar\u00eda Lassalle ya descansa junto a Bustriazo Ortiz en el Memorial Cultural - Diario Textual","robots":{"index":"index","follow":"follow","max-snippet":"max-snippet:-1","max-image-preview":"max-image-preview:large","max-video-preview":"max-video-preview:-1"},"canonical":"https:\/\/diariotextual.com\/inicio\/index.php\/2026\/09\/04\/ana-maria-lassalle-ya-descansa-junto-a-bustriazo-ortiz-en-el-memorial-cultural\/","og_locale":"es_ES","og_type":"article","og_title":"Ana Mar\u00eda Lassalle ya descansa junto a Bustriazo Ortiz en el Memorial Cultural - Diario Textual","og_description":"Las cenizas de Ana Mar\u00eda Lassalle ya descansan en el Memorial Cultural del Cementerio de Santa Rosa. Este viernes se concret\u00f3 el traslado y la incorporaci\u00f3n de sus restos al&hellip;","og_url":"https:\/\/diariotextual.com\/inicio\/index.php\/2026\/09\/04\/ana-maria-lassalle-ya-descansa-junto-a-bustriazo-ortiz-en-el-memorial-cultural\/","og_site_name":"Diario Textual","article_publisher":"https:\/\/www.facebook.com\/eltextual","article_published_time":"2026-09-04T22:20:54+00:00","article_modified_time":"2026-09-05T00:23:59+00:00","og_image":[{"width":1000,"height":669,"url":"https:\/\/diariotextual.com\/inicio\/wp-content\/uploads\/2026\/09\/lassalleanamariarestos432785.jpg","type":"image\/jpeg"}],"author":"diario2","twitter_card":"summary_large_image","twitter_creator":"@eltextual","twitter_site":"@eltextual","twitter_misc":{"Escrito por":"diario2","Tiempo de lectura":"3 minutos"},"schema":{"@context":"https:\/\/schema.org","@graph":[{"@type":"Article","@id":"https:\/\/diariotextual.com\/inicio\/index.php\/2026\/09\/04\/ana-maria-lassalle-ya-descansa-junto-a-bustriazo-ortiz-en-el-memorial-cultural\/#article","isPartOf":{"@id":"https:\/\/diariotextual.com\/inicio\/index.php\/2026\/09\/04\/ana-maria-lassalle-ya-descansa-junto-a-bustriazo-ortiz-en-el-memorial-cultural\/"},"author":{"name":"diario2","@id":"https:\/\/diariotextual.com\/inicio\/#\/schema\/person\/694f60677f23c4a530867a98f22b3768"},"headline":"Ana Mar\u00eda Lassalle ya descansa junto a Bustriazo Ortiz en el Memorial Cultural","datePublished":"2026-09-04T22:20:54+00:00","dateModified":"2026-09-05T00:23:59+00:00","mainEntityOfPage":{"@id":"https:\/\/diariotextual.com\/inicio\/index.php\/2026\/09\/04\/ana-maria-lassalle-ya-descansa-junto-a-bustriazo-ortiz-en-el-memorial-cultural\/"},"wordCount":502,"publisher":{"@id":"https:\/\/diariotextual.com\/inicio\/#organization"},"image":{"@id":"https:\/\/diariotextual.com\/inicio\/index.php\/2026\/09\/04\/ana-maria-lassalle-ya-descansa-junto-a-bustriazo-ortiz-en-el-memorial-cultural\/#primaryimage"},"thumbnailUrl":"https:\/\/diariotextual.com\/inicio\/wp-content\/uploads\/2026\/09\/lassalleanamariarestos432785.jpg","articleSection":["A - ES NOTICIA (van abajo)","CULTURA"],"inLanguage":"es"},{"@type":"WebPage","@id":"https:\/\/diariotextual.com\/inicio\/index.php\/2026\/09\/04\/ana-maria-lassalle-ya-descansa-junto-a-bustriazo-ortiz-en-el-memorial-cultural\/","url":"https:\/\/diariotextual.com\/inicio\/index.php\/2026\/09\/04\/ana-maria-lassalle-ya-descansa-junto-a-bustriazo-ortiz-en-el-memorial-cultural\/","name":"Ana Mar\u00eda Lassalle ya descansa junto a Bustriazo Ortiz en el Memorial Cultural - Diario Textual","isPartOf":{"@id":"https:\/\/diariotextual.com\/inicio\/#website"},"primaryImageOfPage":{"@id":"https:\/\/diariotextual.com\/inicio\/index.php\/2026\/09\/04\/ana-maria-lassalle-ya-descansa-junto-a-bustriazo-ortiz-en-el-memorial-cultural\/#primaryimage"},"image":{"@id":"https:\/\/diariotextual.com\/inicio\/index.php\/2026\/09\/04\/ana-maria-lassalle-ya-descansa-junto-a-bustriazo-ortiz-en-el-memorial-cultural\/#primaryimage"},"thumbnailUrl":"https:\/\/diariotextual.com\/inicio\/wp-content\/uploads\/2026\/09\/lassalleanamariarestos432785.jpg","datePublished":"2026-09-04T22:20:54+00:00","dateModified":"2026-09-05T00:23:59+00:00","breadcrumb":{"@id":"https:\/\/diariotextual.com\/inicio\/index.php\/2026\/09\/04\/ana-maria-lassalle-ya-descansa-junto-a-bustriazo-ortiz-en-el-memorial-cultural\/#breadcrumb"},"inLanguage":"es","potentialAction":[{"@type":"ReadAction","target":["https:\/\/diariotextual.com\/inicio\/index.php\/2026\/09\/04\/ana-maria-lassalle-ya-descansa-junto-a-bustriazo-ortiz-en-el-memorial-cultural\/"]}]},{"@type":"ImageObject","inLanguage":"es","@id":"https:\/\/diariotextual.com\/inicio\/index.php\/2026\/09\/04\/ana-maria-lassalle-ya-descansa-junto-a-bustriazo-ortiz-en-el-memorial-cultural\/#primaryimage","url":"https:\/\/diariotextual.com\/inicio\/wp-content\/uploads\/2026\/09\/lassalleanamariarestos432785.jpg","contentUrl":"https:\/\/diariotextual.com\/inicio\/wp-content\/uploads\/2026\/09\/lassalleanamariarestos432785.jpg","width":1000,"height":669},{"@type":"BreadcrumbList","@id":"https:\/\/diariotextual.com\/inicio\/index.php\/2026\/09\/04\/ana-maria-lassalle-ya-descansa-junto-a-bustriazo-ortiz-en-el-memorial-cultural\/#breadcrumb","itemListElement":[{"@type":"ListItem","position":1,"name":"Portada","item":"https:\/\/diariotextual.com\/inicio\/"},{"@type":"ListItem","position":2,"name":"Ana Mar\u00eda Lassalle ya descansa junto a Bustriazo Ortiz en el Memorial Cultural"}]},{"@type":"WebSite","@id":"https:\/\/diariotextual.com\/inicio\/#website","url":"https:\/\/diariotextual.com\/inicio\/","name":"Diario Textual","description":"","publisher":{"@id":"https:\/\/diariotextual.com\/inicio\/#organization"},"potentialAction":[{"@type":"SearchAction","target":{"@type":"EntryPoint","urlTemplate":"https:\/\/diariotextual.com\/inicio\/?s={search_term_string}"},"query-input":{"@type":"PropertyValueSpecification","valueRequired":true,"valueName":"search_term_string"}}],"inLanguage":"es"},{"@type":"Organization","@id":"https:\/\/diariotextual.com\/inicio\/#organization","name":"Diario Textual","url":"https:\/\/diariotextual.com\/inicio\/","logo":{"@type":"ImageObject","inLanguage":"es","@id":"https:\/\/diariotextual.com\/inicio\/#\/schema\/logo\/image\/","url":"https:\/\/diariotextual.com\/inicio\/wp-content\/uploads\/2023\/05\/logotextual1.jpg","contentUrl":"https:\/\/diariotextual.com\/inicio\/wp-content\/uploads\/2023\/05\/logotextual1.jpg","width":516,"height":76,"caption":"Diario Textual"},"image":{"@id":"https:\/\/diariotextual.com\/inicio\/#\/schema\/logo\/image\/"},"sameAs":["https:\/\/www.facebook.com\/eltextual","https:\/\/x.com\/eltextual","http:\/\/www.instagram.com\/eltextual"]},{"@type":"Person","@id":"https:\/\/diariotextual.com\/inicio\/#\/schema\/person\/694f60677f23c4a530867a98f22b3768","name":"diario2","image":{"@type":"ImageObject","inLanguage":"es","@id":"https:\/\/secure.gravatar.com\/avatar\/5a2567495ba16b852fcd8f1ed006a2e24fcace936018ed8237e95f488ad6e0a7?s=96&d=mm&r=g","url":"https:\/\/secure.gravatar.com\/avatar\/5a2567495ba16b852fcd8f1ed006a2e24fcace936018ed8237e95f488ad6e0a7?s=96&d=mm&r=g","contentUrl":"https:\/\/secure.gravatar.com\/avatar\/5a2567495ba16b852fcd8f1ed006a2e24fcace936018ed8237e95f488ad6e0a7?s=96&d=mm&r=g","caption":"diario2"},"url":"https:\/\/diariotextual.com\/inicio\/index.php\/author\/diario2\/"}]}},"_links":{"self":[{"href":"https:\/\/diariotextual.com\/inicio\/index.php\/wp-json\/wp\/v2\/posts\/334537","targetHints":{"allow":["GET"]}}],"collection":[{"href":"https:\/\/diariotextual.com\/inicio\/index.php\/wp-json\/wp\/v2\/posts"}],"about":[{"href":"https:\/\/diariotextual.com\/inicio\/index.php\/wp-json\/wp\/v2\/types\/post"}],"author":[{"embeddable":true,"href":"https:\/\/diariotextual.com\/inicio\/index.php\/wp-json\/wp\/v2\/users\/4"}],"replies":[{"embeddable":true,"href":"https:\/\/diariotextual.com\/inicio\/index.php\/wp-json\/wp\/v2\/comments?post=334537"}],"version-history":[{"count":4,"href":"https:\/\/diariotextual.com\/inicio\/index.php\/wp-json\/wp\/v2\/posts\/334537\/revisions"}],"predecessor-version":[{"id":334544,"href":"https:\/\/diariotextual.com\/inicio\/index.php\/wp-json\/wp\/v2\/posts\/334537\/revisions\/334544"}],"wp:featuredmedia":[{"embeddable":true,"href":"https:\/\/diariotextual.com\/inicio\/index.php\/wp-json\/wp\/v2\/media\/334539"}],"wp:attachment":[{"href":"https:\/\/diariotextual.com\/inicio\/index.php\/wp-json\/wp\/v2\/media?parent=334537"}],"wp:term":[{"taxonomy":"category","embeddable":true,"href":"https:\/\/diariotextual.com\/inicio\/index.php\/wp-json\/wp\/v2\/categories?post=334537"},{"taxonomy":"post_tag","embeddable":true,"href":"https:\/\/diariotextual.com\/inicio\/index.php\/wp-json\/wp\/v2\/tags?post=334537"}],"curies":[{"name":"wp","href":"https:\/\/api.w.org\/{rel}","templated":true}]}}