{"id":334545,"date":"2026-09-04T19:44:36","date_gmt":"2026-09-04T22:44:36","guid":{"rendered":"https:\/\/diariotextual.com\/inicio\/?p=334545"},"modified":"2026-09-04T19:44:37","modified_gmt":"2026-09-04T22:44:37","slug":"inglaterra-advierte-a-milei-nuestras-fuerzas-armadas-estan-en-alerta-las-24-horas","status":"publish","type":"post","link":"https:\/\/diariotextual.com\/inicio\/index.php\/2026\/09\/04\/inglaterra-advierte-a-milei-nuestras-fuerzas-armadas-estan-en-alerta-las-24-horas\/","title":{"rendered":"Inglaterra advierte a Milei: \u201cNuestras fuerzas armadas est\u00e1n en alerta las 24 horas\u201d"},"content":{"rendered":"\n<p class=\"wp-block-paragraph\">Un <strong>vocero del primer ministro brit\u00e1nico, Andy Burnham<\/strong>, luego de la cadena nacional del presidente argentina, Javier Milei, dijo que las <strong>fuerzas armadas del Reino Unido \u201cest\u00e1n en alerta las 24 horas del d\u00eda los siete d\u00edas de la semana\u201d<\/strong>, seg\u00fan un informe de la cadena BBC.<\/p>\n\n\n\n<p class=\"wp-block-paragraph\">\u201cNuestras fuerzas armadas est\u00e1n en alerta las 24 horas del d\u00eda, los siete d\u00edas de la semana para proteger al Reino Unido y nuestros intereses\u201d, es la expresi\u00f3n textual de un portavoz del primer ministro brit\u00e1nico Andy Burnham.<\/p>\n\n\n\n<p class=\"wp-block-paragraph\">En 2013 se llev\u00f3 a cabo un referendum y los residentes de las islas dejaron en claro en esa votaci\u00f3n, su deseo de que el territorio en el que viven contin\u00fae siendo brit\u00e1nico: el 99,8% vot\u00f3 a favor y \u00fanicamente el 3% se expres\u00f3 en contra.<\/p>\n\n\n\n<p class=\"wp-block-paragraph\">Con este antecedente, el portavoz del primer ministro brit\u00e1nico, sostuvo: \u00ab<strong>Permanecer\u00e1n all\u00ed mientras los isle\u00f1os as\u00ed lo deseen<\/strong>\u201d. Luego, intent\u00f3 suavizar la cuesti\u00f3n cuando expres\u00f3: \u201c<strong>En t\u00e9rminos generales, mantenemos una relaci\u00f3n diplom\u00e1tica con la Argentina<\/strong> y, desde nuestra perspectiva, queremos seguir fortaleci\u00e9ndola\u201d.<\/p>\n\n\n\n<figure class=\"wp-block-embed is-type-wp-embed is-provider-diario-textual wp-block-embed-diario-textual\"><div class=\"wp-block-embed__wrapper\">\n<blockquote class=\"wp-embedded-content\" data-secret=\"qPzZQfA53t\"><a href=\"https:\/\/diariotextual.com\/inicio\/index.php\/2026\/09\/03\/giro-de-milei-por-malvinas-anuncio-sanciones-a-empresas-y-una-base-naval\/\">Giro de Milei por Malvinas: anunci\u00f3 una base naval y sanciones a petroleras que operan en las islas<\/a><\/blockquote><iframe class=\"wp-embedded-content\" sandbox=\"allow-scripts\" security=\"restricted\" style=\"position: absolute; visibility: hidden;\" title=\"\u00abGiro de Milei por Malvinas: anunci\u00f3 una base naval y sanciones a petroleras que operan en las islas\u00bb \u2014 Diario Textual\" src=\"https:\/\/diariotextual.com\/inicio\/index.php\/2026\/09\/03\/giro-de-milei-por-malvinas-anuncio-sanciones-a-empresas-y-una-base-naval\/embed\/#?secret=4LtkB5tS5V#?secret=qPzZQfA53t\" data-secret=\"qPzZQfA53t\" width=\"600\" height=\"338\" frameborder=\"0\" marginwidth=\"0\" marginheight=\"0\" scrolling=\"no\"><\/iframe>\n<\/div><\/figure>\n\n\n\n<p class=\"wp-block-paragraph\">\u201cYa <strong>son nuestro tercer socio comercial m\u00e1s importante en la regi\u00f3n <\/strong>y as\u00ed seguir\u00e1 siendo\u201d, hab\u00eda se\u00f1alado antes una funcionaria del primer ministro Burnham, seg\u00fan citan otros informes.<\/p>\n\n\n\n<p class=\"wp-block-paragraph\">El primero que se manifest\u00f3 p\u00fablicamente fue el ministro de Defensa brit\u00e1nico, Wes Streeting, quien en su cuenta de la red social X sostuvo que las palabras de Milei \u201chablan m\u00e1s de pol\u00edtica interna argentina que de las Malvinas\u201d.<\/p>\n\n\n\n<p class=\"wp-block-paragraph\">Y recalc\u00f3: \u201c<strong>Las Malvinas son brit\u00e1nicas porque los isle\u00f1os all\u00ed eligieron ser brit\u00e1nicos<\/strong>. Nuestro compromiso con las Malvinas es absoluto e inamovible\u201d.<\/p>\n\n\n\n<p class=\"wp-block-paragraph\">El canciller brit\u00e1nico, Ed Miliband, tambi\u00e9n se expres\u00f3 en redes sociales: \u201cLas islas son brit\u00e1nicas y seguir\u00e1n si\u00e9ndolo, porque es la voluntad abrumadora de sus habitantes\u201d.<\/p>\n\n\n\n<figure class=\"wp-block-embed is-type-wp-embed is-provider-diario-textual wp-block-embed-diario-textual\"><div class=\"wp-block-embed__wrapper\">\n<blockquote class=\"wp-embedded-content\" data-secret=\"I07WNs7xp2\"><a href=\"https:\/\/diariotextual.com\/inicio\/index.php\/2026\/09\/04\/las-petroleras-desafian-a-milei-y-ratifican-que-seguiran-con-el-proyecto-sea-lion-en-malvinas\/\">Las petroleras desaf\u00edan a Milei y ratifican que seguir\u00e1n con el proyecto Sea Lion en Malvinas<\/a><\/blockquote><iframe class=\"wp-embedded-content\" sandbox=\"allow-scripts\" security=\"restricted\" style=\"position: absolute; visibility: hidden;\" title=\"\u00abLas petroleras desaf\u00edan a Milei y ratifican que seguir\u00e1n con el proyecto Sea Lion en Malvinas\u00bb \u2014 Diario Textual\" src=\"https:\/\/diariotextual.com\/inicio\/index.php\/2026\/09\/04\/las-petroleras-desafian-a-milei-y-ratifican-que-seguiran-con-el-proyecto-sea-lion-en-malvinas\/embed\/#?secret=vESL1hzhy6#?secret=I07WNs7xp2\" data-secret=\"I07WNs7xp2\" width=\"600\" height=\"338\" frameborder=\"0\" marginwidth=\"0\" marginheight=\"0\" scrolling=\"no\"><\/iframe>\n<\/div><\/figure>\n","protected":false},"excerpt":{"rendered":"<p>Un vocero del primer ministro brit\u00e1nico, Andy Burnham, luego de la cadena nacional del presidente argentina, Javier Milei, dijo que las fuerzas armadas del Reino Unido \u201cest\u00e1n en alerta las&hellip;<\/p>\n","protected":false},"author":5,"featured_media":334546,"comment_status":"closed","ping_status":"open","sticky":false,"template":"","format":"standard","meta":{"_acf_changed":false,"footnotes":""},"categories":[4,7],"tags":[],"class_list":["post-334545","post","type-post","status-publish","format-standard","has-post-thumbnail","hentry","category-destacadas","category-mundo"],"acf":[],"yoast_head":"<!-- This site is optimized with the Yoast SEO plugin v28.4 - https:\/\/yoast.com\/product\/yoast-seo-wordpress\/ -->\n<title>Inglaterra advierte a Milei: \u201cNuestras fuerzas armadas est\u00e1n en alerta las 24 horas\u201d - Diario Textual<\/title>\n<meta name=\"robots\" content=\"index, follow, max-snippet:-1, max-image-preview:large, max-video-preview:-1\" \/>\n<link rel=\"canonical\" href=\"https:\/\/diariotextual.com\/inicio\/index.php\/2026\/09\/04\/inglaterra-advierte-a-milei-nuestras-fuerzas-armadas-estan-en-alerta-las-24-horas\/\" \/>\n<meta property=\"og:locale\" content=\"es_ES\" \/>\n<meta property=\"og:type\" content=\"article\" \/>\n<meta property=\"og:title\" content=\"Inglaterra advierte a Milei: \u201cNuestras fuerzas armadas est\u00e1n en alerta las 24 horas\u201d - Diario Textual\" \/>\n<meta property=\"og:description\" content=\"Un vocero del primer ministro brit\u00e1nico, Andy Burnham, luego de la cadena nacional del presidente argentina, Javier Milei, dijo que las fuerzas armadas del Reino Unido \u201cest\u00e1n en alerta las&hellip;\" \/>\n<meta property=\"og:url\" content=\"https:\/\/diariotextual.com\/inicio\/index.php\/2026\/09\/04\/inglaterra-advierte-a-milei-nuestras-fuerzas-armadas-estan-en-alerta-las-24-horas\/\" \/>\n<meta property=\"og:site_name\" content=\"Diario Textual\" \/>\n<meta property=\"article:publisher\" content=\"https:\/\/www.facebook.com\/eltextual\" \/>\n<meta property=\"article:published_time\" content=\"2026-09-04T22:44:36+00:00\" \/>\n<meta property=\"article:modified_time\" content=\"2026-09-04T22:44:37+00:00\" \/>\n<meta property=\"og:image\" content=\"https:\/\/diariotextual.com\/inicio\/wp-content\/uploads\/2026\/09\/islasmalvinas2026.webp\" \/>\n\t<meta property=\"og:image:width\" content=\"750\" \/>\n\t<meta property=\"og:image:height\" content=\"500\" \/>\n\t<meta property=\"og:image:type\" content=\"image\/webp\" \/>\n<meta name=\"author\" content=\"diario3\" \/>\n<meta name=\"twitter:card\" content=\"summary_large_image\" \/>\n<meta name=\"twitter:creator\" content=\"@eltextual\" \/>\n<meta name=\"twitter:site\" content=\"@eltextual\" \/>\n<meta name=\"twitter:label1\" content=\"Escrito por\" \/>\n\t<meta name=\"twitter:data1\" content=\"diario3\" \/>\n\t<meta name=\"twitter:label2\" content=\"Tiempo de lectura\" \/>\n\t<meta name=\"twitter:data2\" content=\"2 minutos\" \/>\n<script type=\"application\/ld+json\" class=\"yoast-schema-graph\">{\"@context\":\"https:\\\/\\\/schema.org\",\"@graph\":[{\"@type\":\"Article\",\"@id\":\"https:\\\/\\\/diariotextual.com\\\/inicio\\\/index.php\\\/2026\\\/09\\\/04\\\/inglaterra-advierte-a-milei-nuestras-fuerzas-armadas-estan-en-alerta-las-24-horas\\\/#article\",\"isPartOf\":{\"@id\":\"https:\\\/\\\/diariotextual.com\\\/inicio\\\/index.php\\\/2026\\\/09\\\/04\\\/inglaterra-advierte-a-milei-nuestras-fuerzas-armadas-estan-en-alerta-las-24-horas\\\/\"},\"author\":{\"name\":\"diario3\",\"@id\":\"https:\\\/\\\/diariotextual.com\\\/inicio\\\/#\\\/schema\\\/person\\\/a1b6f563e0ee944c60f98119389a4d9f\"},\"headline\":\"Inglaterra advierte a Milei: \u201cNuestras fuerzas armadas est\u00e1n en alerta las 24 horas\u201d\",\"datePublished\":\"2026-09-04T22:44:36+00:00\",\"dateModified\":\"2026-09-04T22:44:37+00:00\",\"mainEntityOfPage\":{\"@id\":\"https:\\\/\\\/diariotextual.com\\\/inicio\\\/index.php\\\/2026\\\/09\\\/04\\\/inglaterra-advierte-a-milei-nuestras-fuerzas-armadas-estan-en-alerta-las-24-horas\\\/\"},\"wordCount\":348,\"publisher\":{\"@id\":\"https:\\\/\\\/diariotextual.com\\\/inicio\\\/#organization\"},\"image\":{\"@id\":\"https:\\\/\\\/diariotextual.com\\\/inicio\\\/index.php\\\/2026\\\/09\\\/04\\\/inglaterra-advierte-a-milei-nuestras-fuerzas-armadas-estan-en-alerta-las-24-horas\\\/#primaryimage\"},\"thumbnailUrl\":\"https:\\\/\\\/diariotextual.com\\\/inicio\\\/wp-content\\\/uploads\\\/2026\\\/09\\\/islasmalvinas2026.webp\",\"articleSection\":[\"A - DESTACADAS (mod 16)\",\"MUNDO\"],\"inLanguage\":\"es\"},{\"@type\":\"WebPage\",\"@id\":\"https:\\\/\\\/diariotextual.com\\\/inicio\\\/index.php\\\/2026\\\/09\\\/04\\\/inglaterra-advierte-a-milei-nuestras-fuerzas-armadas-estan-en-alerta-las-24-horas\\\/\",\"url\":\"https:\\\/\\\/diariotextual.com\\\/inicio\\\/index.php\\\/2026\\\/09\\\/04\\\/inglaterra-advierte-a-milei-nuestras-fuerzas-armadas-estan-en-alerta-las-24-horas\\\/\",\"name\":\"Inglaterra advierte a Milei: \u201cNuestras fuerzas armadas est\u00e1n en alerta las 24 horas\u201d - Diario Textual\",\"isPartOf\":{\"@id\":\"https:\\\/\\\/diariotextual.com\\\/inicio\\\/#website\"},\"primaryImageOfPage\":{\"@id\":\"https:\\\/\\\/diariotextual.com\\\/inicio\\\/index.php\\\/2026\\\/09\\\/04\\\/inglaterra-advierte-a-milei-nuestras-fuerzas-armadas-estan-en-alerta-las-24-horas\\\/#primaryimage\"},\"image\":{\"@id\":\"https:\\\/\\\/diariotextual.com\\\/inicio\\\/index.php\\\/2026\\\/09\\\/04\\\/inglaterra-advierte-a-milei-nuestras-fuerzas-armadas-estan-en-alerta-las-24-horas\\\/#primaryimage\"},\"thumbnailUrl\":\"https:\\\/\\\/diariotextual.com\\\/inicio\\\/wp-content\\\/uploads\\\/2026\\\/09\\\/islasmalvinas2026.webp\",\"datePublished\":\"2026-09-04T22:44:36+00:00\",\"dateModified\":\"2026-09-04T22:44:37+00:00\",\"breadcrumb\":{\"@id\":\"https:\\\/\\\/diariotextual.com\\\/inicio\\\/index.php\\\/2026\\\/09\\\/04\\\/inglaterra-advierte-a-milei-nuestras-fuerzas-armadas-estan-en-alerta-las-24-horas\\\/#breadcrumb\"},\"inLanguage\":\"es\",\"potentialAction\":[{\"@type\":\"ReadAction\",\"target\":[\"https:\\\/\\\/diariotextual.com\\\/inicio\\\/index.php\\\/2026\\\/09\\\/04\\\/inglaterra-advierte-a-milei-nuestras-fuerzas-armadas-estan-en-alerta-las-24-horas\\\/\"]}]},{\"@type\":\"ImageObject\",\"inLanguage\":\"es\",\"@id\":\"https:\\\/\\\/diariotextual.com\\\/inicio\\\/index.php\\\/2026\\\/09\\\/04\\\/inglaterra-advierte-a-milei-nuestras-fuerzas-armadas-estan-en-alerta-las-24-horas\\\/#primaryimage\",\"url\":\"https:\\\/\\\/diariotextual.com\\\/inicio\\\/wp-content\\\/uploads\\\/2026\\\/09\\\/islasmalvinas2026.webp\",\"contentUrl\":\"https:\\\/\\\/diariotextual.com\\\/inicio\\\/wp-content\\\/uploads\\\/2026\\\/09\\\/islasmalvinas2026.webp\",\"width\":750,\"height\":500},{\"@type\":\"BreadcrumbList\",\"@id\":\"https:\\\/\\\/diariotextual.com\\\/inicio\\\/index.php\\\/2026\\\/09\\\/04\\\/inglaterra-advierte-a-milei-nuestras-fuerzas-armadas-estan-en-alerta-las-24-horas\\\/#breadcrumb\",\"itemListElement\":[{\"@type\":\"ListItem\",\"position\":1,\"name\":\"Portada\",\"item\":\"https:\\\/\\\/diariotextual.com\\\/inicio\\\/\"},{\"@type\":\"ListItem\",\"position\":2,\"name\":\"Inglaterra advierte a Milei: \u201cNuestras fuerzas armadas est\u00e1n en alerta las 24 horas\u201d\"}]},{\"@type\":\"WebSite\",\"@id\":\"https:\\\/\\\/diariotextual.com\\\/inicio\\\/#website\",\"url\":\"https:\\\/\\\/diariotextual.com\\\/inicio\\\/\",\"name\":\"Diario Textual\",\"description\":\"\",\"publisher\":{\"@id\":\"https:\\\/\\\/diariotextual.com\\\/inicio\\\/#organization\"},\"potentialAction\":[{\"@type\":\"SearchAction\",\"target\":{\"@type\":\"EntryPoint\",\"urlTemplate\":\"https:\\\/\\\/diariotextual.com\\\/inicio\\\/?s={search_term_string}\"},\"query-input\":{\"@type\":\"PropertyValueSpecification\",\"valueRequired\":true,\"valueName\":\"search_term_string\"}}],\"inLanguage\":\"es\"},{\"@type\":\"Organization\",\"@id\":\"https:\\\/\\\/diariotextual.com\\\/inicio\\\/#organization\",\"name\":\"Diario Textual\",\"url\":\"https:\\\/\\\/diariotextual.com\\\/inicio\\\/\",\"logo\":{\"@type\":\"ImageObject\",\"inLanguage\":\"es\",\"@id\":\"https:\\\/\\\/diariotextual.com\\\/inicio\\\/#\\\/schema\\\/logo\\\/image\\\/\",\"url\":\"https:\\\/\\\/diariotextual.com\\\/inicio\\\/wp-content\\\/uploads\\\/2023\\\/05\\\/logotextual1.jpg\",\"contentUrl\":\"https:\\\/\\\/diariotextual.com\\\/inicio\\\/wp-content\\\/uploads\\\/2023\\\/05\\\/logotextual1.jpg\",\"width\":516,\"height\":76,\"caption\":\"Diario Textual\"},\"image\":{\"@id\":\"https:\\\/\\\/diariotextual.com\\\/inicio\\\/#\\\/schema\\\/logo\\\/image\\\/\"},\"sameAs\":[\"https:\\\/\\\/www.facebook.com\\\/eltextual\",\"https:\\\/\\\/x.com\\\/eltextual\",\"http:\\\/\\\/www.instagram.com\\\/eltextual\"]},{\"@type\":\"Person\",\"@id\":\"https:\\\/\\\/diariotextual.com\\\/inicio\\\/#\\\/schema\\\/person\\\/a1b6f563e0ee944c60f98119389a4d9f\",\"name\":\"diario3\",\"image\":{\"@type\":\"ImageObject\",\"inLanguage\":\"es\",\"@id\":\"https:\\\/\\\/secure.gravatar.com\\\/avatar\\\/5e7ee62c82fc04d9dd79d746a390d93c69c43223e5faeeb3ea9461ef752bfc5d?s=96&d=mm&r=g\",\"url\":\"https:\\\/\\\/secure.gravatar.com\\\/avatar\\\/5e7ee62c82fc04d9dd79d746a390d93c69c43223e5faeeb3ea9461ef752bfc5d?s=96&d=mm&r=g\",\"contentUrl\":\"https:\\\/\\\/secure.gravatar.com\\\/avatar\\\/5e7ee62c82fc04d9dd79d746a390d93c69c43223e5faeeb3ea9461ef752bfc5d?s=96&d=mm&r=g\",\"caption\":\"diario3\"},\"url\":\"https:\\\/\\\/diariotextual.com\\\/inicio\\\/index.php\\\/author\\\/diario3\\\/\"}]}<\/script>\n<!-- \/ Yoast SEO plugin. -->","yoast_head_json":{"title":"Inglaterra advierte a Milei: \u201cNuestras fuerzas armadas est\u00e1n en alerta las 24 horas\u201d - Diario Textual","robots":{"index":"index","follow":"follow","max-snippet":"max-snippet:-1","max-image-preview":"max-image-preview:large","max-video-preview":"max-video-preview:-1"},"canonical":"https:\/\/diariotextual.com\/inicio\/index.php\/2026\/09\/04\/inglaterra-advierte-a-milei-nuestras-fuerzas-armadas-estan-en-alerta-las-24-horas\/","og_locale":"es_ES","og_type":"article","og_title":"Inglaterra advierte a Milei: \u201cNuestras fuerzas armadas est\u00e1n en alerta las 24 horas\u201d - Diario Textual","og_description":"Un vocero del primer ministro brit\u00e1nico, Andy Burnham, luego de la cadena nacional del presidente argentina, Javier Milei, dijo que las fuerzas armadas del Reino Unido \u201cest\u00e1n en alerta las&hellip;","og_url":"https:\/\/diariotextual.com\/inicio\/index.php\/2026\/09\/04\/inglaterra-advierte-a-milei-nuestras-fuerzas-armadas-estan-en-alerta-las-24-horas\/","og_site_name":"Diario Textual","article_publisher":"https:\/\/www.facebook.com\/eltextual","article_published_time":"2026-09-04T22:44:36+00:00","article_modified_time":"2026-09-04T22:44:37+00:00","og_image":[{"width":750,"height":500,"url":"https:\/\/diariotextual.com\/inicio\/wp-content\/uploads\/2026\/09\/islasmalvinas2026.webp","type":"image\/webp"}],"author":"diario3","twitter_card":"summary_large_image","twitter_creator":"@eltextual","twitter_site":"@eltextual","twitter_misc":{"Escrito por":"diario3","Tiempo de lectura":"2 minutos"},"schema":{"@context":"https:\/\/schema.org","@graph":[{"@type":"Article","@id":"https:\/\/diariotextual.com\/inicio\/index.php\/2026\/09\/04\/inglaterra-advierte-a-milei-nuestras-fuerzas-armadas-estan-en-alerta-las-24-horas\/#article","isPartOf":{"@id":"https:\/\/diariotextual.com\/inicio\/index.php\/2026\/09\/04\/inglaterra-advierte-a-milei-nuestras-fuerzas-armadas-estan-en-alerta-las-24-horas\/"},"author":{"name":"diario3","@id":"https:\/\/diariotextual.com\/inicio\/#\/schema\/person\/a1b6f563e0ee944c60f98119389a4d9f"},"headline":"Inglaterra advierte a Milei: \u201cNuestras fuerzas armadas est\u00e1n en alerta las 24 horas\u201d","datePublished":"2026-09-04T22:44:36+00:00","dateModified":"2026-09-04T22:44:37+00:00","mainEntityOfPage":{"@id":"https:\/\/diariotextual.com\/inicio\/index.php\/2026\/09\/04\/inglaterra-advierte-a-milei-nuestras-fuerzas-armadas-estan-en-alerta-las-24-horas\/"},"wordCount":348,"publisher":{"@id":"https:\/\/diariotextual.com\/inicio\/#organization"},"image":{"@id":"https:\/\/diariotextual.com\/inicio\/index.php\/2026\/09\/04\/inglaterra-advierte-a-milei-nuestras-fuerzas-armadas-estan-en-alerta-las-24-horas\/#primaryimage"},"thumbnailUrl":"https:\/\/diariotextual.com\/inicio\/wp-content\/uploads\/2026\/09\/islasmalvinas2026.webp","articleSection":["A - DESTACADAS (mod 16)","MUNDO"],"inLanguage":"es"},{"@type":"WebPage","@id":"https:\/\/diariotextual.com\/inicio\/index.php\/2026\/09\/04\/inglaterra-advierte-a-milei-nuestras-fuerzas-armadas-estan-en-alerta-las-24-horas\/","url":"https:\/\/diariotextual.com\/inicio\/index.php\/2026\/09\/04\/inglaterra-advierte-a-milei-nuestras-fuerzas-armadas-estan-en-alerta-las-24-horas\/","name":"Inglaterra advierte a Milei: \u201cNuestras fuerzas armadas est\u00e1n en alerta las 24 horas\u201d - Diario Textual","isPartOf":{"@id":"https:\/\/diariotextual.com\/inicio\/#website"},"primaryImageOfPage":{"@id":"https:\/\/diariotextual.com\/inicio\/index.php\/2026\/09\/04\/inglaterra-advierte-a-milei-nuestras-fuerzas-armadas-estan-en-alerta-las-24-horas\/#primaryimage"},"image":{"@id":"https:\/\/diariotextual.com\/inicio\/index.php\/2026\/09\/04\/inglaterra-advierte-a-milei-nuestras-fuerzas-armadas-estan-en-alerta-las-24-horas\/#primaryimage"},"thumbnailUrl":"https:\/\/diariotextual.com\/inicio\/wp-content\/uploads\/2026\/09\/islasmalvinas2026.webp","datePublished":"2026-09-04T22:44:36+00:00","dateModified":"2026-09-04T22:44:37+00:00","breadcrumb":{"@id":"https:\/\/diariotextual.com\/inicio\/index.php\/2026\/09\/04\/inglaterra-advierte-a-milei-nuestras-fuerzas-armadas-estan-en-alerta-las-24-horas\/#breadcrumb"},"inLanguage":"es","potentialAction":[{"@type":"ReadAction","target":["https:\/\/diariotextual.com\/inicio\/index.php\/2026\/09\/04\/inglaterra-advierte-a-milei-nuestras-fuerzas-armadas-estan-en-alerta-las-24-horas\/"]}]},{"@type":"ImageObject","inLanguage":"es","@id":"https:\/\/diariotextual.com\/inicio\/index.php\/2026\/09\/04\/inglaterra-advierte-a-milei-nuestras-fuerzas-armadas-estan-en-alerta-las-24-horas\/#primaryimage","url":"https:\/\/diariotextual.com\/inicio\/wp-content\/uploads\/2026\/09\/islasmalvinas2026.webp","contentUrl":"https:\/\/diariotextual.com\/inicio\/wp-content\/uploads\/2026\/09\/islasmalvinas2026.webp","width":750,"height":500},{"@type":"BreadcrumbList","@id":"https:\/\/diariotextual.com\/inicio\/index.php\/2026\/09\/04\/inglaterra-advierte-a-milei-nuestras-fuerzas-armadas-estan-en-alerta-las-24-horas\/#breadcrumb","itemListElement":[{"@type":"ListItem","position":1,"name":"Portada","item":"https:\/\/diariotextual.com\/inicio\/"},{"@type":"ListItem","position":2,"name":"Inglaterra advierte a Milei: \u201cNuestras fuerzas armadas est\u00e1n en alerta las 24 horas\u201d"}]},{"@type":"WebSite","@id":"https:\/\/diariotextual.com\/inicio\/#website","url":"https:\/\/diariotextual.com\/inicio\/","name":"Diario Textual","description":"","publisher":{"@id":"https:\/\/diariotextual.com\/inicio\/#organization"},"potentialAction":[{"@type":"SearchAction","target":{"@type":"EntryPoint","urlTemplate":"https:\/\/diariotextual.com\/inicio\/?s={search_term_string}"},"query-input":{"@type":"PropertyValueSpecification","valueRequired":true,"valueName":"search_term_string"}}],"inLanguage":"es"},{"@type":"Organization","@id":"https:\/\/diariotextual.com\/inicio\/#organization","name":"Diario Textual","url":"https:\/\/diariotextual.com\/inicio\/","logo":{"@type":"ImageObject","inLanguage":"es","@id":"https:\/\/diariotextual.com\/inicio\/#\/schema\/logo\/image\/","url":"https:\/\/diariotextual.com\/inicio\/wp-content\/uploads\/2023\/05\/logotextual1.jpg","contentUrl":"https:\/\/diariotextual.com\/inicio\/wp-content\/uploads\/2023\/05\/logotextual1.jpg","width":516,"height":76,"caption":"Diario Textual"},"image":{"@id":"https:\/\/diariotextual.com\/inicio\/#\/schema\/logo\/image\/"},"sameAs":["https:\/\/www.facebook.com\/eltextual","https:\/\/x.com\/eltextual","http:\/\/www.instagram.com\/eltextual"]},{"@type":"Person","@id":"https:\/\/diariotextual.com\/inicio\/#\/schema\/person\/a1b6f563e0ee944c60f98119389a4d9f","name":"diario3","image":{"@type":"ImageObject","inLanguage":"es","@id":"https:\/\/secure.gravatar.com\/avatar\/5e7ee62c82fc04d9dd79d746a390d93c69c43223e5faeeb3ea9461ef752bfc5d?s=96&d=mm&r=g","url":"https:\/\/secure.gravatar.com\/avatar\/5e7ee62c82fc04d9dd79d746a390d93c69c43223e5faeeb3ea9461ef752bfc5d?s=96&d=mm&r=g","contentUrl":"https:\/\/secure.gravatar.com\/avatar\/5e7ee62c82fc04d9dd79d746a390d93c69c43223e5faeeb3ea9461ef752bfc5d?s=96&d=mm&r=g","caption":"diario3"},"url":"https:\/\/diariotextual.com\/inicio\/index.php\/author\/diario3\/"}]}},"_links":{"self":[{"href":"https:\/\/diariotextual.com\/inicio\/index.php\/wp-json\/wp\/v2\/posts\/334545","targetHints":{"allow":["GET"]}}],"collection":[{"href":"https:\/\/diariotextual.com\/inicio\/index.php\/wp-json\/wp\/v2\/posts"}],"about":[{"href":"https:\/\/diariotextual.com\/inicio\/index.php\/wp-json\/wp\/v2\/types\/post"}],"author":[{"embeddable":true,"href":"https:\/\/diariotextual.com\/inicio\/index.php\/wp-json\/wp\/v2\/users\/5"}],"replies":[{"embeddable":true,"href":"https:\/\/diariotextual.com\/inicio\/index.php\/wp-json\/wp\/v2\/comments?post=334545"}],"version-history":[{"count":1,"href":"https:\/\/diariotextual.com\/inicio\/index.php\/wp-json\/wp\/v2\/posts\/334545\/revisions"}],"predecessor-version":[{"id":334547,"href":"https:\/\/diariotextual.com\/inicio\/index.php\/wp-json\/wp\/v2\/posts\/334545\/revisions\/334547"}],"wp:featuredmedia":[{"embeddable":true,"href":"https:\/\/diariotextual.com\/inicio\/index.php\/wp-json\/wp\/v2\/media\/334546"}],"wp:attachment":[{"href":"https:\/\/diariotextual.com\/inicio\/index.php\/wp-json\/wp\/v2\/media?parent=334545"}],"wp:term":[{"taxonomy":"category","embeddable":true,"href":"https:\/\/diariotextual.com\/inicio\/index.php\/wp-json\/wp\/v2\/categories?post=334545"},{"taxonomy":"post_tag","embeddable":true,"href":"https:\/\/diariotextual.com\/inicio\/index.php\/wp-json\/wp\/v2\/tags?post=334545"}],"curies":[{"name":"wp","href":"https:\/\/api.w.org\/{rel}","templated":true}]}}