{"id":334551,"date":"2026-09-04T20:40:01","date_gmt":"2026-09-04T23:40:01","guid":{"rendered":"https:\/\/diariotextual.com\/inicio\/?p=334551"},"modified":"2026-09-04T21:15:15","modified_gmt":"2026-09-05T00:15:15","slug":"ensayo-general-para-la-gran-alianza-se-mostraron-juntos-berhongaray-marita-tierno-y-ardohain","status":"publish","type":"post","link":"https:\/\/diariotextual.com\/inicio\/index.php\/2026\/09\/04\/ensayo-general-para-la-gran-alianza-se-mostraron-juntos-berhongaray-marita-tierno-y-ardohain\/","title":{"rendered":"Ensayo general para la \u201cgran alianza\u201d: se mostraron juntos Berhongaray, \u201cMarita\u201d, Tierno y Ardohain"},"content":{"rendered":"\n<p class=\"wp-block-paragraph\"><strong>La oposici\u00f3n pampeana dio una nueva se\u00f1al de acercamiento de cara a 2027. Dirigentes de la UCR, el PRO, el Mofepa y Comunidad Organizada compartieron este viernes un acto en General Pico y dejaron una foto que, en el actual escenario pol\u00edtico, no pas\u00f3 inadvertida.<\/strong><\/p>\n\n\n\n<p class=\"wp-block-paragraph\">El homenaje al exgobernador <strong>Ismael Amit<\/strong> reuni\u00f3, entre otros, a <strong>Mart\u00edn Berhongaray<\/strong>, <strong>Mar\u00eda Alejandra \u201cMarita\u201d Mac Allister<\/strong>, <strong>Mart\u00edn Ardohain<\/strong> y <strong>Juan Carlos Tierno<\/strong>. Cuatro dirigentes de espacios diferentes, algunos con hist\u00f3ricas diferencias pol\u00edticas y personales, que esta vez coincidieron en un mismo lugar. Berhongaray y Mac Allister, adem\u00e1s, ya lanzados a la carrera a la gobernaci\u00f3n.<\/p>\n\n\n\n<p class=\"wp-block-paragraph\">La escena adquiere particular relevancia porque la <strong>UCR de La Pampa dar\u00e1 luz verde, formalmente, para iniciar conversaciones con otras fuerzas para construir una alianza electoral de cara a 2027<\/strong>. Entre los espacios que aparecen en ese debate est\u00e1n el PRO, La Libertad Avanza y Comunidad Organizada.<\/p>\n\n\n\n<p class=\"wp-block-paragraph\">El acto se realiz\u00f3 en la <strong>exestaci\u00f3n terminal de \u00f3mnibus de General Pico<\/strong>, donde actualmente funciona el Concejo Deliberante. All\u00ed se coloc\u00f3 una placa en homenaje a Amit, una iniciativa que hab\u00eda sido aprobada por unanimidad por el cuerpo deliberativo.<\/p>\n\n\n\n<p class=\"wp-block-paragraph\">Por el peronismo estuvieron, en representaci\u00f3n institucional, el <strong>viceintendente Alberto Campo<\/strong> y el presidente del bloque oficialista, <strong>Mario Garc\u00eda<\/strong>.<\/p>\n\n\n\n<p class=\"wp-block-paragraph\">Tambi\u00e9n se pudo ver a otros dirigentes opositores, entre ellos <strong>Ramiro Passo, Mar\u00eda Eugenia Forte, Noelia Viara, Gisela Cuadrado, Sandra Fonseca y Jos\u00e9 V\u00e1zquez<\/strong>.<\/p>\n\n\n\n<figure class=\"wp-block-image size-large\"><img fetchpriority=\"high\" decoding=\"async\" width=\"1024\" height=\"768\" src=\"https:\/\/diariotextual.com\/inicio\/wp-content\/uploads\/2026\/09\/berhongaraymartinpassoramiro2026-1-1024x768.jpeg\" alt=\"\" class=\"wp-image-334562\" srcset=\"https:\/\/diariotextual.com\/inicio\/wp-content\/uploads\/2026\/09\/berhongaraymartinpassoramiro2026-1-1024x768.jpeg 1024w, https:\/\/diariotextual.com\/inicio\/wp-content\/uploads\/2026\/09\/berhongaraymartinpassoramiro2026-1-300x225.jpeg 300w, https:\/\/diariotextual.com\/inicio\/wp-content\/uploads\/2026\/09\/berhongaraymartinpassoramiro2026-1-768x576.jpeg 768w, https:\/\/diariotextual.com\/inicio\/wp-content\/uploads\/2026\/09\/berhongaraymartinpassoramiro2026-1-1170x877.jpeg 1170w, https:\/\/diariotextual.com\/inicio\/wp-content\/uploads\/2026\/09\/berhongaraymartinpassoramiro2026-1-585x439.jpeg 585w, https:\/\/diariotextual.com\/inicio\/wp-content\/uploads\/2026\/09\/berhongaraymartinpassoramiro2026-1.jpeg 1280w\" sizes=\"(max-width: 1024px) 100vw, 1024px\" \/><\/figure>\n\n\n\n<p class=\"wp-block-paragraph\"><\/p>\n\n\n\n<div style=\"height:100px\" aria-hidden=\"true\" class=\"wp-block-spacer\"><\/div>\n\n\n\n<p class=\"wp-block-paragraph\"><strong>La foto que faltaba<\/strong><\/p>\n\n\n\n<p class=\"wp-block-paragraph\">M\u00e1s all\u00e1 del motivo formal del encuentro, la imagen pol\u00edtica fue inevitable. <strong>Radicales, macristas, dirigentes del Mofepa y referentes de Comunidad Organizada compartieron escenario en un momento en que la oposici\u00f3n comienza a discutir abiertamente la posibilidad de competir con una estrategia com\u00fan contra el peronismo en 2027.<\/strong><\/p>\n\n\n\n<p class=\"wp-block-paragraph\">La presencia de <strong>Tierno<\/strong> fue, adem\u00e1s, una de las m\u00e1s significativas. Comunidad Organizada es uno de los espacios que genera mayores resistencias dentro de sectores del radicalismo, aunque su nombre aparece entre los posibles integrantes de una eventual coalici\u00f3n opositora.<\/p>\n\n\n\n<p class=\"wp-block-paragraph\">La inc\u00f3gnita, en paralelo, pasa por <strong>La Libertad Avanza<\/strong>, que hasta ahora mantiene una identidad pol\u00edtica diferenciada del resto de la oposici\u00f3n pampeana. \u201c<strong>No vi a nadie\u2026 Es que los libertarios no tienen ni puta idea de qui\u00e9n es Amit<\/strong>\u201d, coment\u00f3, entre risas, uno de los participantes a <strong>Diario Textual.<\/strong><\/p>\n\n\n\n<div style=\"height:100px\" aria-hidden=\"true\" class=\"wp-block-spacer\"><\/div>\n\n\n\n<p class=\"wp-block-paragraph\"><strong>Amit, el s\u00edmbolo<\/strong><\/p>\n\n\n\n<p class=\"wp-block-paragraph\">El homenaje tambi\u00e9n tuvo una fuerte carga pol\u00edtica por la propia trayectoria de <strong>Ismael Amit<\/strong>, una figura central de la historia pol\u00edtica pampeana.<\/p>\n\n\n\n<p class=\"wp-block-paragraph\">Amit naci\u00f3 en Buenos Aires en 1911 y fue gobernador de La Pampa en dos oportunidades, entre 1960 y 1962. Fue dirigente de la <strong>Uni\u00f3n C\u00edvica Radical<\/strong> y posteriormente se incorpor\u00f3 al <strong>Movimiento de Integraci\u00f3n y Desarrollo<\/strong>, liderado por Arturo Frondizi.<\/p>\n\n\n\n<p class=\"wp-block-paragraph\">En 1971 fund\u00f3 el <strong>Movimiento Federalista Pampeano (Mofepa)<\/strong> y en 1973 fue candidato a gobernador por esa fuerza. En aquella elecci\u00f3n fue derrotado en segunda vuelta por el Frente Justicialista de Liberaci\u00f3n.<\/p>\n\n\n\n<p class=\"wp-block-paragraph\">Su figura tiene, adem\u00e1s, una particularidad hist\u00f3rica: fue <strong>el \u00fanico gobernador constitucional de La Pampa que no perteneci\u00f3 al Partido Justicialista<\/strong>.<\/p>\n\n\n\n<p class=\"wp-block-paragraph\"><\/p>\n\n\n\n<div style=\"height:100px\" aria-hidden=\"true\" class=\"wp-block-spacer\"><\/div>\n\n\n\n<p class=\"wp-block-paragraph\"><strong>La UCR define este s\u00e1bado<\/strong><\/p>\n\n\n\n<p class=\"wp-block-paragraph\">La foto de General Pico llega apenas un d\u00eda antes de una jornada clave para el radicalismo pampeano.<\/p>\n\n\n\n<p class=\"wp-block-paragraph\">Este <strong>s\u00e1bado 5 de septiembre<\/strong>, la UCR pondr\u00e1 en marcha el proceso formal para discutir su pol\u00edtica de alianzas de cara a las elecciones de <strong>2027<\/strong>.<\/p>\n\n\n\n<p class=\"wp-block-paragraph\">Primero sesionar\u00e1 la <strong>Convenci\u00f3n Provincial<\/strong> y luego se reunir\u00e1 una <strong>Asamblea Extraordinaria<\/strong>, integrada por el Plenario de la Convenci\u00f3n y el Plenario del Comit\u00e9 Provincia.<\/p>\n\n\n\n<p class=\"wp-block-paragraph\">La segunda instancia ser\u00e1 la pol\u00edticamente m\u00e1s importante: all\u00ed se analizar\u00e1 la posibilidad de <strong>autorizar a la conducci\u00f3n partidaria a negociar alianzas y acuerdos electorales con otras fuerzas<\/strong>.<\/p>\n\n\n\n<p class=\"wp-block-paragraph\">La decisi\u00f3n no implicar\u00e1 todav\u00eda la conformaci\u00f3n de un frente ni resolver\u00e1 candidaturas. Pero s\u00ed podr\u00eda abrir la puerta a una estrategia opositora mucho m\u00e1s amplia, incorporando a espacios que durante a\u00f1os mantuvieron diferencias con el radicalismo.<\/p>\n\n\n\n<p class=\"wp-block-paragraph\">En ese escenario aparecen <strong>el PRO, La Libertad Avanza y Comunidad Organizada<\/strong>.<\/p>\n\n\n\n<figure class=\"wp-block-embed is-type-wp-embed is-provider-diario-textual wp-block-embed-diario-textual\"><div class=\"wp-block-embed__wrapper\">\n<blockquote class=\"wp-embedded-content\" data-secret=\"wRnf5cijsY\"><a href=\"https:\/\/diariotextual.com\/inicio\/index.php\/2026\/09\/01\/tragarse-el-sapo-la-ucr-pampeana-se-reune-para-darle-via-libre-a-la-gran-alianza\/\">\u201cTragarse el sapo\u201d: la UCR pampeana se re\u00fane para darle v\u00eda libre a la \u201cgran alianza\u201d<\/a><\/blockquote><iframe class=\"wp-embedded-content\" sandbox=\"allow-scripts\" security=\"restricted\" style=\"position: absolute; visibility: hidden;\" title=\"\u00ab\u201cTragarse el sapo\u201d: la UCR pampeana se re\u00fane para darle v\u00eda libre a la \u201cgran alianza\u201d\u00bb \u2014 Diario Textual\" src=\"https:\/\/diariotextual.com\/inicio\/index.php\/2026\/09\/01\/tragarse-el-sapo-la-ucr-pampeana-se-reune-para-darle-via-libre-a-la-gran-alianza\/embed\/#?secret=6pvvxsS9dp#?secret=wRnf5cijsY\" data-secret=\"wRnf5cijsY\" width=\"600\" height=\"338\" frameborder=\"0\" marginwidth=\"0\" marginheight=\"0\" scrolling=\"no\"><\/iframe>\n<\/div><\/figure>\n\n\n\n<div style=\"height:100px\" aria-hidden=\"true\" class=\"wp-block-spacer\"><\/div>\n\n\n\n<p class=\"wp-block-paragraph\"><strong>El peso de los intendentes<\/strong><\/p>\n\n\n\n<p class=\"wp-block-paragraph\">Dentro de esa discusi\u00f3n hay, adem\u00e1s, un actor que tendr\u00e1 un peso decisivo: <strong>los intendentes radicales<\/strong>.<\/p>\n\n\n\n<p class=\"wp-block-paragraph\">La UCR conserva actualmente <strong>28 intendencias en La Pampa<\/strong>, una estructura territorial que representa uno de los principales capitales pol\u00edticos del partido.<\/p>\n\n\n\n<p class=\"wp-block-paragraph\">Y existe un factor adicional: <strong>la mayor\u00eda de esos intendentes deber\u00e1 buscar su reelecci\u00f3n en 2027<\/strong>.<\/p>\n\n\n\n<p class=\"wp-block-paragraph\">Por eso, la discusi\u00f3n sobre una alianza no pasa solamente por una estrategia para la elecci\u00f3n provincial. Para buena parte de los jefes comunales, tambi\u00e9n est\u00e1 en juego la posibilidad de <strong>sostener sus gobiernos locales<\/strong>.<\/p>\n\n\n\n<p class=\"wp-block-paragraph\"><\/p>\n","protected":false},"excerpt":{"rendered":"<p>La oposici\u00f3n pampeana dio una nueva se\u00f1al de acercamiento de cara a 2027. Dirigentes de la UCR, el PRO, el Mofepa y Comunidad Organizada compartieron este viernes un acto en&hellip;<\/p>\n","protected":false},"author":3,"featured_media":334561,"comment_status":"closed","ping_status":"open","sticky":false,"template":"","format":"standard","meta":{"_acf_changed":false,"footnotes":""},"categories":[9,8],"tags":[],"class_list":["post-334551","post","type-post","status-publish","format-standard","has-post-thumbnail","hentry","category-portada","category-politica"],"acf":[],"yoast_head":"<!-- This site is optimized with the Yoast SEO plugin v28.4 - https:\/\/yoast.com\/product\/yoast-seo-wordpress\/ -->\n<title>Ensayo general para la \u201cgran alianza\u201d: se mostraron juntos Berhongaray, \u201cMarita\u201d, Tierno y Ardohain - Diario Textual<\/title>\n<meta name=\"robots\" content=\"index, follow, max-snippet:-1, max-image-preview:large, max-video-preview:-1\" \/>\n<link rel=\"canonical\" href=\"https:\/\/diariotextual.com\/inicio\/index.php\/2026\/09\/04\/ensayo-general-para-la-gran-alianza-se-mostraron-juntos-berhongaray-marita-tierno-y-ardohain\/\" \/>\n<meta property=\"og:locale\" content=\"es_ES\" \/>\n<meta property=\"og:type\" content=\"article\" \/>\n<meta property=\"og:title\" content=\"Ensayo general para la \u201cgran alianza\u201d: se mostraron juntos Berhongaray, \u201cMarita\u201d, Tierno y Ardohain - Diario Textual\" \/>\n<meta property=\"og:description\" content=\"La oposici\u00f3n pampeana dio una nueva se\u00f1al de acercamiento de cara a 2027. Dirigentes de la UCR, el PRO, el Mofepa y Comunidad Organizada compartieron este viernes un acto en&hellip;\" \/>\n<meta property=\"og:url\" content=\"https:\/\/diariotextual.com\/inicio\/index.php\/2026\/09\/04\/ensayo-general-para-la-gran-alianza-se-mostraron-juntos-berhongaray-marita-tierno-y-ardohain\/\" \/>\n<meta property=\"og:site_name\" content=\"Diario Textual\" \/>\n<meta property=\"article:publisher\" content=\"https:\/\/www.facebook.com\/eltextual\" \/>\n<meta property=\"article:published_time\" content=\"2026-09-04T23:40:01+00:00\" \/>\n<meta property=\"article:modified_time\" content=\"2026-09-05T00:15:15+00:00\" \/>\n<meta property=\"og:image\" content=\"https:\/\/diariotextual.com\/inicio\/wp-content\/uploads\/2026\/09\/amitismaelhomenajeviaratiernomarita2026-1.jpeg\" \/>\n\t<meta property=\"og:image:width\" content=\"1280\" \/>\n\t<meta property=\"og:image:height\" content=\"960\" \/>\n\t<meta property=\"og:image:type\" content=\"image\/jpeg\" \/>\n<meta name=\"author\" content=\"Diario1 Diario1\" \/>\n<meta name=\"twitter:card\" content=\"summary_large_image\" \/>\n<meta name=\"twitter:creator\" content=\"@eltextual\" \/>\n<meta name=\"twitter:site\" content=\"@eltextual\" \/>\n<meta name=\"twitter:label1\" content=\"Escrito por\" \/>\n\t<meta name=\"twitter:data1\" content=\"Diario1 Diario1\" \/>\n\t<meta name=\"twitter:label2\" content=\"Tiempo de lectura\" \/>\n\t<meta name=\"twitter:data2\" content=\"4 minutos\" \/>\n<script type=\"application\/ld+json\" class=\"yoast-schema-graph\">{\"@context\":\"https:\\\/\\\/schema.org\",\"@graph\":[{\"@type\":\"Article\",\"@id\":\"https:\\\/\\\/diariotextual.com\\\/inicio\\\/index.php\\\/2026\\\/09\\\/04\\\/ensayo-general-para-la-gran-alianza-se-mostraron-juntos-berhongaray-marita-tierno-y-ardohain\\\/#article\",\"isPartOf\":{\"@id\":\"https:\\\/\\\/diariotextual.com\\\/inicio\\\/index.php\\\/2026\\\/09\\\/04\\\/ensayo-general-para-la-gran-alianza-se-mostraron-juntos-berhongaray-marita-tierno-y-ardohain\\\/\"},\"author\":{\"name\":\"Diario1 Diario1\",\"@id\":\"https:\\\/\\\/diariotextual.com\\\/inicio\\\/#\\\/schema\\\/person\\\/418fc4093c33e86ed41562db3508f958\"},\"headline\":\"Ensayo general para la \u201cgran alianza\u201d: se mostraron juntos Berhongaray, \u201cMarita\u201d, Tierno y Ardohain\",\"datePublished\":\"2026-09-04T23:40:01+00:00\",\"dateModified\":\"2026-09-05T00:15:15+00:00\",\"mainEntityOfPage\":{\"@id\":\"https:\\\/\\\/diariotextual.com\\\/inicio\\\/index.php\\\/2026\\\/09\\\/04\\\/ensayo-general-para-la-gran-alianza-se-mostraron-juntos-berhongaray-marita-tierno-y-ardohain\\\/\"},\"wordCount\":810,\"publisher\":{\"@id\":\"https:\\\/\\\/diariotextual.com\\\/inicio\\\/#organization\"},\"image\":{\"@id\":\"https:\\\/\\\/diariotextual.com\\\/inicio\\\/index.php\\\/2026\\\/09\\\/04\\\/ensayo-general-para-la-gran-alianza-se-mostraron-juntos-berhongaray-marita-tierno-y-ardohain\\\/#primaryimage\"},\"thumbnailUrl\":\"https:\\\/\\\/diariotextual.com\\\/inicio\\\/wp-content\\\/uploads\\\/2026\\\/09\\\/amitismaelhomenajeviaratiernomarita2026-1.jpeg\",\"articleSection\":[\"A - PORTADA\",\"POLITICA\"],\"inLanguage\":\"es\"},{\"@type\":\"WebPage\",\"@id\":\"https:\\\/\\\/diariotextual.com\\\/inicio\\\/index.php\\\/2026\\\/09\\\/04\\\/ensayo-general-para-la-gran-alianza-se-mostraron-juntos-berhongaray-marita-tierno-y-ardohain\\\/\",\"url\":\"https:\\\/\\\/diariotextual.com\\\/inicio\\\/index.php\\\/2026\\\/09\\\/04\\\/ensayo-general-para-la-gran-alianza-se-mostraron-juntos-berhongaray-marita-tierno-y-ardohain\\\/\",\"name\":\"Ensayo general para la \u201cgran alianza\u201d: se mostraron juntos Berhongaray, \u201cMarita\u201d, Tierno y Ardohain - Diario Textual\",\"isPartOf\":{\"@id\":\"https:\\\/\\\/diariotextual.com\\\/inicio\\\/#website\"},\"primaryImageOfPage\":{\"@id\":\"https:\\\/\\\/diariotextual.com\\\/inicio\\\/index.php\\\/2026\\\/09\\\/04\\\/ensayo-general-para-la-gran-alianza-se-mostraron-juntos-berhongaray-marita-tierno-y-ardohain\\\/#primaryimage\"},\"image\":{\"@id\":\"https:\\\/\\\/diariotextual.com\\\/inicio\\\/index.php\\\/2026\\\/09\\\/04\\\/ensayo-general-para-la-gran-alianza-se-mostraron-juntos-berhongaray-marita-tierno-y-ardohain\\\/#primaryimage\"},\"thumbnailUrl\":\"https:\\\/\\\/diariotextual.com\\\/inicio\\\/wp-content\\\/uploads\\\/2026\\\/09\\\/amitismaelhomenajeviaratiernomarita2026-1.jpeg\",\"datePublished\":\"2026-09-04T23:40:01+00:00\",\"dateModified\":\"2026-09-05T00:15:15+00:00\",\"breadcrumb\":{\"@id\":\"https:\\\/\\\/diariotextual.com\\\/inicio\\\/index.php\\\/2026\\\/09\\\/04\\\/ensayo-general-para-la-gran-alianza-se-mostraron-juntos-berhongaray-marita-tierno-y-ardohain\\\/#breadcrumb\"},\"inLanguage\":\"es\",\"potentialAction\":[{\"@type\":\"ReadAction\",\"target\":[\"https:\\\/\\\/diariotextual.com\\\/inicio\\\/index.php\\\/2026\\\/09\\\/04\\\/ensayo-general-para-la-gran-alianza-se-mostraron-juntos-berhongaray-marita-tierno-y-ardohain\\\/\"]}]},{\"@type\":\"ImageObject\",\"inLanguage\":\"es\",\"@id\":\"https:\\\/\\\/diariotextual.com\\\/inicio\\\/index.php\\\/2026\\\/09\\\/04\\\/ensayo-general-para-la-gran-alianza-se-mostraron-juntos-berhongaray-marita-tierno-y-ardohain\\\/#primaryimage\",\"url\":\"https:\\\/\\\/diariotextual.com\\\/inicio\\\/wp-content\\\/uploads\\\/2026\\\/09\\\/amitismaelhomenajeviaratiernomarita2026-1.jpeg\",\"contentUrl\":\"https:\\\/\\\/diariotextual.com\\\/inicio\\\/wp-content\\\/uploads\\\/2026\\\/09\\\/amitismaelhomenajeviaratiernomarita2026-1.jpeg\",\"width\":1280,\"height\":960},{\"@type\":\"BreadcrumbList\",\"@id\":\"https:\\\/\\\/diariotextual.com\\\/inicio\\\/index.php\\\/2026\\\/09\\\/04\\\/ensayo-general-para-la-gran-alianza-se-mostraron-juntos-berhongaray-marita-tierno-y-ardohain\\\/#breadcrumb\",\"itemListElement\":[{\"@type\":\"ListItem\",\"position\":1,\"name\":\"Portada\",\"item\":\"https:\\\/\\\/diariotextual.com\\\/inicio\\\/\"},{\"@type\":\"ListItem\",\"position\":2,\"name\":\"Ensayo general para la \u201cgran alianza\u201d: se mostraron juntos Berhongaray, \u201cMarita\u201d, Tierno y Ardohain\"}]},{\"@type\":\"WebSite\",\"@id\":\"https:\\\/\\\/diariotextual.com\\\/inicio\\\/#website\",\"url\":\"https:\\\/\\\/diariotextual.com\\\/inicio\\\/\",\"name\":\"Diario Textual\",\"description\":\"\",\"publisher\":{\"@id\":\"https:\\\/\\\/diariotextual.com\\\/inicio\\\/#organization\"},\"potentialAction\":[{\"@type\":\"SearchAction\",\"target\":{\"@type\":\"EntryPoint\",\"urlTemplate\":\"https:\\\/\\\/diariotextual.com\\\/inicio\\\/?s={search_term_string}\"},\"query-input\":{\"@type\":\"PropertyValueSpecification\",\"valueRequired\":true,\"valueName\":\"search_term_string\"}}],\"inLanguage\":\"es\"},{\"@type\":\"Organization\",\"@id\":\"https:\\\/\\\/diariotextual.com\\\/inicio\\\/#organization\",\"name\":\"Diario Textual\",\"url\":\"https:\\\/\\\/diariotextual.com\\\/inicio\\\/\",\"logo\":{\"@type\":\"ImageObject\",\"inLanguage\":\"es\",\"@id\":\"https:\\\/\\\/diariotextual.com\\\/inicio\\\/#\\\/schema\\\/logo\\\/image\\\/\",\"url\":\"https:\\\/\\\/diariotextual.com\\\/inicio\\\/wp-content\\\/uploads\\\/2023\\\/05\\\/logotextual1.jpg\",\"contentUrl\":\"https:\\\/\\\/diariotextual.com\\\/inicio\\\/wp-content\\\/uploads\\\/2023\\\/05\\\/logotextual1.jpg\",\"width\":516,\"height\":76,\"caption\":\"Diario Textual\"},\"image\":{\"@id\":\"https:\\\/\\\/diariotextual.com\\\/inicio\\\/#\\\/schema\\\/logo\\\/image\\\/\"},\"sameAs\":[\"https:\\\/\\\/www.facebook.com\\\/eltextual\",\"https:\\\/\\\/x.com\\\/eltextual\",\"http:\\\/\\\/www.instagram.com\\\/eltextual\"]},{\"@type\":\"Person\",\"@id\":\"https:\\\/\\\/diariotextual.com\\\/inicio\\\/#\\\/schema\\\/person\\\/418fc4093c33e86ed41562db3508f958\",\"name\":\"Diario1 Diario1\",\"image\":{\"@type\":\"ImageObject\",\"inLanguage\":\"es\",\"@id\":\"https:\\\/\\\/secure.gravatar.com\\\/avatar\\\/9167d280179c85bc18be67aa7eda765854300033af4896dd779b608640f2ef7a?s=96&d=mm&r=g\",\"url\":\"https:\\\/\\\/secure.gravatar.com\\\/avatar\\\/9167d280179c85bc18be67aa7eda765854300033af4896dd779b608640f2ef7a?s=96&d=mm&r=g\",\"contentUrl\":\"https:\\\/\\\/secure.gravatar.com\\\/avatar\\\/9167d280179c85bc18be67aa7eda765854300033af4896dd779b608640f2ef7a?s=96&d=mm&r=g\",\"caption\":\"Diario1 Diario1\"},\"url\":\"https:\\\/\\\/diariotextual.com\\\/inicio\\\/index.php\\\/author\\\/diario1\\\/\"}]}<\/script>\n<!-- \/ Yoast SEO plugin. -->","yoast_head_json":{"title":"Ensayo general para la \u201cgran alianza\u201d: se mostraron juntos Berhongaray, \u201cMarita\u201d, Tierno y Ardohain - Diario Textual","robots":{"index":"index","follow":"follow","max-snippet":"max-snippet:-1","max-image-preview":"max-image-preview:large","max-video-preview":"max-video-preview:-1"},"canonical":"https:\/\/diariotextual.com\/inicio\/index.php\/2026\/09\/04\/ensayo-general-para-la-gran-alianza-se-mostraron-juntos-berhongaray-marita-tierno-y-ardohain\/","og_locale":"es_ES","og_type":"article","og_title":"Ensayo general para la \u201cgran alianza\u201d: se mostraron juntos Berhongaray, \u201cMarita\u201d, Tierno y Ardohain - Diario Textual","og_description":"La oposici\u00f3n pampeana dio una nueva se\u00f1al de acercamiento de cara a 2027. Dirigentes de la UCR, el PRO, el Mofepa y Comunidad Organizada compartieron este viernes un acto en&hellip;","og_url":"https:\/\/diariotextual.com\/inicio\/index.php\/2026\/09\/04\/ensayo-general-para-la-gran-alianza-se-mostraron-juntos-berhongaray-marita-tierno-y-ardohain\/","og_site_name":"Diario Textual","article_publisher":"https:\/\/www.facebook.com\/eltextual","article_published_time":"2026-09-04T23:40:01+00:00","article_modified_time":"2026-09-05T00:15:15+00:00","og_image":[{"width":1280,"height":960,"url":"https:\/\/diariotextual.com\/inicio\/wp-content\/uploads\/2026\/09\/amitismaelhomenajeviaratiernomarita2026-1.jpeg","type":"image\/jpeg"}],"author":"Diario1 Diario1","twitter_card":"summary_large_image","twitter_creator":"@eltextual","twitter_site":"@eltextual","twitter_misc":{"Escrito por":"Diario1 Diario1","Tiempo de lectura":"4 minutos"},"schema":{"@context":"https:\/\/schema.org","@graph":[{"@type":"Article","@id":"https:\/\/diariotextual.com\/inicio\/index.php\/2026\/09\/04\/ensayo-general-para-la-gran-alianza-se-mostraron-juntos-berhongaray-marita-tierno-y-ardohain\/#article","isPartOf":{"@id":"https:\/\/diariotextual.com\/inicio\/index.php\/2026\/09\/04\/ensayo-general-para-la-gran-alianza-se-mostraron-juntos-berhongaray-marita-tierno-y-ardohain\/"},"author":{"name":"Diario1 Diario1","@id":"https:\/\/diariotextual.com\/inicio\/#\/schema\/person\/418fc4093c33e86ed41562db3508f958"},"headline":"Ensayo general para la \u201cgran alianza\u201d: se mostraron juntos Berhongaray, \u201cMarita\u201d, Tierno y Ardohain","datePublished":"2026-09-04T23:40:01+00:00","dateModified":"2026-09-05T00:15:15+00:00","mainEntityOfPage":{"@id":"https:\/\/diariotextual.com\/inicio\/index.php\/2026\/09\/04\/ensayo-general-para-la-gran-alianza-se-mostraron-juntos-berhongaray-marita-tierno-y-ardohain\/"},"wordCount":810,"publisher":{"@id":"https:\/\/diariotextual.com\/inicio\/#organization"},"image":{"@id":"https:\/\/diariotextual.com\/inicio\/index.php\/2026\/09\/04\/ensayo-general-para-la-gran-alianza-se-mostraron-juntos-berhongaray-marita-tierno-y-ardohain\/#primaryimage"},"thumbnailUrl":"https:\/\/diariotextual.com\/inicio\/wp-content\/uploads\/2026\/09\/amitismaelhomenajeviaratiernomarita2026-1.jpeg","articleSection":["A - PORTADA","POLITICA"],"inLanguage":"es"},{"@type":"WebPage","@id":"https:\/\/diariotextual.com\/inicio\/index.php\/2026\/09\/04\/ensayo-general-para-la-gran-alianza-se-mostraron-juntos-berhongaray-marita-tierno-y-ardohain\/","url":"https:\/\/diariotextual.com\/inicio\/index.php\/2026\/09\/04\/ensayo-general-para-la-gran-alianza-se-mostraron-juntos-berhongaray-marita-tierno-y-ardohain\/","name":"Ensayo general para la \u201cgran alianza\u201d: se mostraron juntos Berhongaray, \u201cMarita\u201d, Tierno y Ardohain - Diario Textual","isPartOf":{"@id":"https:\/\/diariotextual.com\/inicio\/#website"},"primaryImageOfPage":{"@id":"https:\/\/diariotextual.com\/inicio\/index.php\/2026\/09\/04\/ensayo-general-para-la-gran-alianza-se-mostraron-juntos-berhongaray-marita-tierno-y-ardohain\/#primaryimage"},"image":{"@id":"https:\/\/diariotextual.com\/inicio\/index.php\/2026\/09\/04\/ensayo-general-para-la-gran-alianza-se-mostraron-juntos-berhongaray-marita-tierno-y-ardohain\/#primaryimage"},"thumbnailUrl":"https:\/\/diariotextual.com\/inicio\/wp-content\/uploads\/2026\/09\/amitismaelhomenajeviaratiernomarita2026-1.jpeg","datePublished":"2026-09-04T23:40:01+00:00","dateModified":"2026-09-05T00:15:15+00:00","breadcrumb":{"@id":"https:\/\/diariotextual.com\/inicio\/index.php\/2026\/09\/04\/ensayo-general-para-la-gran-alianza-se-mostraron-juntos-berhongaray-marita-tierno-y-ardohain\/#breadcrumb"},"inLanguage":"es","potentialAction":[{"@type":"ReadAction","target":["https:\/\/diariotextual.com\/inicio\/index.php\/2026\/09\/04\/ensayo-general-para-la-gran-alianza-se-mostraron-juntos-berhongaray-marita-tierno-y-ardohain\/"]}]},{"@type":"ImageObject","inLanguage":"es","@id":"https:\/\/diariotextual.com\/inicio\/index.php\/2026\/09\/04\/ensayo-general-para-la-gran-alianza-se-mostraron-juntos-berhongaray-marita-tierno-y-ardohain\/#primaryimage","url":"https:\/\/diariotextual.com\/inicio\/wp-content\/uploads\/2026\/09\/amitismaelhomenajeviaratiernomarita2026-1.jpeg","contentUrl":"https:\/\/diariotextual.com\/inicio\/wp-content\/uploads\/2026\/09\/amitismaelhomenajeviaratiernomarita2026-1.jpeg","width":1280,"height":960},{"@type":"BreadcrumbList","@id":"https:\/\/diariotextual.com\/inicio\/index.php\/2026\/09\/04\/ensayo-general-para-la-gran-alianza-se-mostraron-juntos-berhongaray-marita-tierno-y-ardohain\/#breadcrumb","itemListElement":[{"@type":"ListItem","position":1,"name":"Portada","item":"https:\/\/diariotextual.com\/inicio\/"},{"@type":"ListItem","position":2,"name":"Ensayo general para la \u201cgran alianza\u201d: se mostraron juntos Berhongaray, \u201cMarita\u201d, Tierno y Ardohain"}]},{"@type":"WebSite","@id":"https:\/\/diariotextual.com\/inicio\/#website","url":"https:\/\/diariotextual.com\/inicio\/","name":"Diario Textual","description":"","publisher":{"@id":"https:\/\/diariotextual.com\/inicio\/#organization"},"potentialAction":[{"@type":"SearchAction","target":{"@type":"EntryPoint","urlTemplate":"https:\/\/diariotextual.com\/inicio\/?s={search_term_string}"},"query-input":{"@type":"PropertyValueSpecification","valueRequired":true,"valueName":"search_term_string"}}],"inLanguage":"es"},{"@type":"Organization","@id":"https:\/\/diariotextual.com\/inicio\/#organization","name":"Diario Textual","url":"https:\/\/diariotextual.com\/inicio\/","logo":{"@type":"ImageObject","inLanguage":"es","@id":"https:\/\/diariotextual.com\/inicio\/#\/schema\/logo\/image\/","url":"https:\/\/diariotextual.com\/inicio\/wp-content\/uploads\/2023\/05\/logotextual1.jpg","contentUrl":"https:\/\/diariotextual.com\/inicio\/wp-content\/uploads\/2023\/05\/logotextual1.jpg","width":516,"height":76,"caption":"Diario Textual"},"image":{"@id":"https:\/\/diariotextual.com\/inicio\/#\/schema\/logo\/image\/"},"sameAs":["https:\/\/www.facebook.com\/eltextual","https:\/\/x.com\/eltextual","http:\/\/www.instagram.com\/eltextual"]},{"@type":"Person","@id":"https:\/\/diariotextual.com\/inicio\/#\/schema\/person\/418fc4093c33e86ed41562db3508f958","name":"Diario1 Diario1","image":{"@type":"ImageObject","inLanguage":"es","@id":"https:\/\/secure.gravatar.com\/avatar\/9167d280179c85bc18be67aa7eda765854300033af4896dd779b608640f2ef7a?s=96&d=mm&r=g","url":"https:\/\/secure.gravatar.com\/avatar\/9167d280179c85bc18be67aa7eda765854300033af4896dd779b608640f2ef7a?s=96&d=mm&r=g","contentUrl":"https:\/\/secure.gravatar.com\/avatar\/9167d280179c85bc18be67aa7eda765854300033af4896dd779b608640f2ef7a?s=96&d=mm&r=g","caption":"Diario1 Diario1"},"url":"https:\/\/diariotextual.com\/inicio\/index.php\/author\/diario1\/"}]}},"_links":{"self":[{"href":"https:\/\/diariotextual.com\/inicio\/index.php\/wp-json\/wp\/v2\/posts\/334551","targetHints":{"allow":["GET"]}}],"collection":[{"href":"https:\/\/diariotextual.com\/inicio\/index.php\/wp-json\/wp\/v2\/posts"}],"about":[{"href":"https:\/\/diariotextual.com\/inicio\/index.php\/wp-json\/wp\/v2\/types\/post"}],"author":[{"embeddable":true,"href":"https:\/\/diariotextual.com\/inicio\/index.php\/wp-json\/wp\/v2\/users\/3"}],"replies":[{"embeddable":true,"href":"https:\/\/diariotextual.com\/inicio\/index.php\/wp-json\/wp\/v2\/comments?post=334551"}],"version-history":[{"count":9,"href":"https:\/\/diariotextual.com\/inicio\/index.php\/wp-json\/wp\/v2\/posts\/334551\/revisions"}],"predecessor-version":[{"id":334569,"href":"https:\/\/diariotextual.com\/inicio\/index.php\/wp-json\/wp\/v2\/posts\/334551\/revisions\/334569"}],"wp:featuredmedia":[{"embeddable":true,"href":"https:\/\/diariotextual.com\/inicio\/index.php\/wp-json\/wp\/v2\/media\/334561"}],"wp:attachment":[{"href":"https:\/\/diariotextual.com\/inicio\/index.php\/wp-json\/wp\/v2\/media?parent=334551"}],"wp:term":[{"taxonomy":"category","embeddable":true,"href":"https:\/\/diariotextual.com\/inicio\/index.php\/wp-json\/wp\/v2\/categories?post=334551"},{"taxonomy":"post_tag","embeddable":true,"href":"https:\/\/diariotextual.com\/inicio\/index.php\/wp-json\/wp\/v2\/tags?post=334551"}],"curies":[{"name":"wp","href":"https:\/\/api.w.org\/{rel}","templated":true}]}}