{"id":334575,"date":"2026-09-05T07:21:15","date_gmt":"2026-09-05T10:21:15","guid":{"rendered":"https:\/\/diariotextual.com\/inicio\/?p=334575"},"modified":"2026-09-05T07:21:18","modified_gmt":"2026-09-05T10:21:18","slug":"la-ucr-pampeana-habilitara-negociaciones-con-lla-pro-y-co-para-armar-una-gran-alianza-en-2027","status":"publish","type":"post","link":"https:\/\/diariotextual.com\/inicio\/index.php\/2026\/09\/05\/la-ucr-pampeana-habilitara-negociaciones-con-lla-pro-y-co-para-armar-una-gran-alianza-en-2027\/","title":{"rendered":"La UCR pampeana habilitar\u00e1 negociaciones con LLA, PRO y CO para armar una gran alianza en 2027"},"content":{"rendered":"\n<p class=\"wp-block-paragraph\">La <strong>Uni\u00f3n C\u00edvica Radical (UCR) de La Pampa<\/strong> dar\u00e1 este s\u00e1bado un paso clave para definir su estrategia electoral de cara a <strong>2027<\/strong>. Sus principales \u00f3rganos partidarios debatir\u00e1n y votar\u00e1n una autorizaci\u00f3n para <strong>negociar alianzas y acuerdos electorales con otras fuerzas pol\u00edticas<\/strong>.<\/p>\n\n\n\n<p class=\"wp-block-paragraph\">Entre los espacios que aparecen en esa discusi\u00f3n est\u00e1n <strong>La Libertad Avanza (LLA), el PRO y Comunidad Organizada (CO)<\/strong>, el partido que conduce <strong>Juan Carlos Tierno<\/strong>. Ayer, en <strong>General Pico<\/strong>, hubo una primera se\u00f1al pol\u00edtica: referentes de distintos sectores opositores compartieron una foto durante un homenaje al exgobernador <strong>Ismael Amit<\/strong>.<\/p>\n\n\n\n<p class=\"wp-block-paragraph\">La decisi\u00f3n que tome la UCR no implicar\u00e1 todav\u00eda la conformaci\u00f3n de un frente ni definir\u00e1 candidaturas. Pero s\u00ed permitir\u00e1 que la conducci\u00f3n partidaria <strong>comience formalmente a explorar una alianza m\u00e1s amplia<\/strong> con fuerzas con las que, hasta ahora, mantuvo diferencias pol\u00edticas, ideol\u00f3gicas y personales.<\/p>\n\n\n\n<p class=\"wp-block-paragraph\">La <strong>Convenci\u00f3n Provincial<\/strong> comenzar\u00e1 a las <strong>14<\/strong>, en la sede del Comit\u00e9 Provincia, en <strong>Pellegrini 534 de Santa Rosa<\/strong>. Entre los temas previstos est\u00e1n la conformaci\u00f3n de la <strong>nueva Mesa Directiva<\/strong> del cuerpo y la designaci\u00f3n de los integrantes del <strong>Tribunal de Conducta, el Tribunal de Cuentas y la Junta Electoral Partidaria<\/strong>. Tambi\u00e9n se tratar\u00e1 la <strong>reforma del art\u00edculo 72 de la Carta Org\u00e1nica<\/strong>, realizada el <strong>31 de julio de 2025<\/strong> por la Mesa de la Convenci\u00f3n y que todav\u00eda debe ser aprobada por el cuerpo.<\/p>\n\n\n\n<p class=\"wp-block-paragraph\">Una vez finalizada esa instancia comenzar\u00e1 la <strong>Asamblea Extraordinaria<\/strong>, convocada por el presidente del Comit\u00e9 Provincia, <strong>Mart\u00edn Berhongaray<\/strong>.<\/p>\n\n\n\n<p class=\"wp-block-paragraph\">Ser\u00e1 all\u00ed donde se produzca la definici\u00f3n pol\u00edtica central de la jornada: la UCR <strong>autorizar\u00e1 a sus dirigentes a iniciar conversaciones para avanzar en la conformaci\u00f3n de un frente electoral<\/strong>. Para esa tarea, pudo saber Diario Textual, se prev\u00e9 la designaci\u00f3n de una <strong>comisi\u00f3n de tres integrantes<\/strong>.<\/p>\n\n\n\n<figure class=\"wp-block-embed is-type-wp-embed is-provider-diario-textual wp-block-embed-diario-textual\"><div class=\"wp-block-embed__wrapper\">\n<blockquote class=\"wp-embedded-content\" data-secret=\"bDZsyjILoB\"><a href=\"https:\/\/diariotextual.com\/inicio\/index.php\/2026\/09\/04\/ensayo-general-para-la-gran-alianza-se-mostraron-juntos-berhongaray-marita-tierno-y-ardohain\/\">Ensayo general para la \u201cgran alianza\u201d: se mostraron juntos Berhongaray, \u201cMarita\u201d, Tierno y Ardohain<\/a><\/blockquote><iframe class=\"wp-embedded-content\" sandbox=\"allow-scripts\" security=\"restricted\" style=\"position: absolute; visibility: hidden;\" title=\"\u00abEnsayo general para la \u201cgran alianza\u201d: se mostraron juntos Berhongaray, \u201cMarita\u201d, Tierno y Ardohain\u00bb \u2014 Diario Textual\" src=\"https:\/\/diariotextual.com\/inicio\/index.php\/2026\/09\/04\/ensayo-general-para-la-gran-alianza-se-mostraron-juntos-berhongaray-marita-tierno-y-ardohain\/embed\/#?secret=fbqDIhs1y8#?secret=bDZsyjILoB\" data-secret=\"bDZsyjILoB\" width=\"600\" height=\"338\" frameborder=\"0\" marginwidth=\"0\" marginheight=\"0\" scrolling=\"no\"><\/iframe>\n<\/div><\/figure>\n\n\n\n<p class=\"wp-block-paragraph\"><\/p>\n\n\n\n<p class=\"wp-block-paragraph\">La autorizaci\u00f3n no supondr\u00e1 un acuerdo cerrado. Tampoco establecer\u00e1 candidaturas, el reparto de cargos ni el mecanismo mediante el cual competir\u00eda una eventual coalici\u00f3n. Pero la votaci\u00f3n tendr\u00e1 un peso pol\u00edtico concreto. La discusi\u00f3n de fondo es si la UCR concurrir\u00e1 a las elecciones de 2027 <strong>con identidad propia<\/strong> o si se incorporar\u00e1 a una <strong>construcci\u00f3n opositora m\u00e1s amplia<\/strong> con posibilidades de disputar el poder al <strong>peronismo pampeano<\/strong>.<\/p>\n\n\n\n<p class=\"wp-block-paragraph\">En esa discusi\u00f3n, adem\u00e1s de las conducciones partidarias, hay un actor con peso territorial: <strong>los intendentes radicales<\/strong>.<\/p>\n\n\n\n<p class=\"wp-block-paragraph\">La UCR conserva actualmente <strong>28 intendencias en La Pampa<\/strong>, una de sus principales fortalezas pol\u00edticas y territoriales. Adem\u00e1s, <strong>la mayor\u00eda de esos intendentes deber\u00e1 buscar su reelecci\u00f3n en 2027<\/strong>.<\/p>\n\n\n\n<p class=\"wp-block-paragraph\">Por eso, dentro del radicalismo consideran que una parte importante de los jefes comunales <strong>respalda la construcci\u00f3n de una pol\u00edtica de alianzas<\/strong> que permita ampliar las posibilidades electorales. Para los intendentes, la discusi\u00f3n no pasa \u00fanicamente por la estrategia provincial: tambi\u00e9n est\u00e1 en juego <strong>la continuidad de sus gobiernos locales<\/strong>.<\/p>\n\n\n\n<p class=\"wp-block-paragraph\">Uno de los principales puntos de tensi\u00f3n dentro de ese eventual armado ser\u00e1 <strong>Juan Carlos Tierno<\/strong>, fundador de <strong>Comunidad Organizada<\/strong>.<\/p>\n\n\n\n<p class=\"wp-block-paragraph\">El exintendente de <strong>Santa Rosa<\/strong> mantiene desde hace a\u00f1os fuertes diferencias con dirigentes radicales, en particular con referentes de la denominada <strong>l\u00ednea Azul<\/strong>, vinculada a <strong>Francisco Torroba y Abel Sabarots<\/strong>. Esa relaci\u00f3n puede convertirse en uno de los principales obst\u00e1culos para conformar una alianza que incluya a las distintas expresiones opositoras. De todas maneras, en la conducci\u00f3n del partido consideran que est\u00e1n dadas las condiciones para poder avanzar en un acuerdo. \u201cHay que tragarse el sapo si queremos ganarle al peronismo\u201d, dicen &nbsp;boinas blancas en los pasillos de la UCR.<\/p>\n\n\n\n<p class=\"wp-block-paragraph\">En paralelo, el posicionamiento de <strong>Adri\u00e1n Ravier<\/strong>, referente libertario en La Pampa y <strong>vocero presidencial<\/strong>, adquiere relevancia en la discusi\u00f3n. Ravier plante\u00f3 p\u00fablicamente que <strong>Comunidad Organizada y el Movimiento Federalista Pampeano (Mofepa)<\/strong> forman parte del universo de aliados de LLA. A ese esquema tambi\u00e9n podr\u00eda incorporarse el <strong>Movimiento de Integraci\u00f3n y Desarrollo (MID)<\/strong>.<\/p>\n\n\n\n<p class=\"wp-block-paragraph\">De avanzar esas conversaciones, el escenario podr\u00eda derivar en una coalici\u00f3n integrada por <strong>LLA, la UCR, el PRO, CO, Mofepa y MID<\/strong>.<\/p>\n\n\n\n<p class=\"wp-block-paragraph\">El interrogante de fondo ya no es solamente <strong>qui\u00e9nes est\u00e1n dispuestos a competir contra el peronismo<\/strong>, sino qui\u00e9n tendr\u00e1 capacidad para <strong>ordenar el frente, establecer las reglas y definir el reparto de las candidaturas<\/strong>.<\/p>\n\n\n\n<p class=\"wp-block-paragraph\"><\/p>\n","protected":false},"excerpt":{"rendered":"<p>La Uni\u00f3n C\u00edvica Radical (UCR) de La Pampa dar\u00e1 este s\u00e1bado un paso clave para definir su estrategia electoral de cara a 2027. Sus principales \u00f3rganos partidarios debatir\u00e1n y votar\u00e1n&hellip;<\/p>\n","protected":false},"author":3,"featured_media":136887,"comment_status":"closed","ping_status":"open","sticky":false,"template":"","format":"standard","meta":{"_acf_changed":false,"footnotes":""},"categories":[9,8],"tags":[],"class_list":["post-334575","post","type-post","status-publish","format-standard","has-post-thumbnail","hentry","category-portada","category-politica"],"acf":[],"yoast_head":"<!-- This site is optimized with the Yoast SEO plugin v28.4 - https:\/\/yoast.com\/product\/yoast-seo-wordpress\/ -->\n<title>La UCR pampeana habilitar\u00e1 negociaciones con LLA, PRO y CO para armar una gran alianza en 2027 - Diario Textual<\/title>\n<meta name=\"robots\" content=\"index, follow, max-snippet:-1, max-image-preview:large, max-video-preview:-1\" \/>\n<link rel=\"canonical\" href=\"https:\/\/diariotextual.com\/inicio\/index.php\/2026\/09\/05\/la-ucr-pampeana-habilitara-negociaciones-con-lla-pro-y-co-para-armar-una-gran-alianza-en-2027\/\" \/>\n<meta property=\"og:locale\" content=\"es_ES\" \/>\n<meta property=\"og:type\" content=\"article\" \/>\n<meta property=\"og:title\" content=\"La UCR pampeana habilitar\u00e1 negociaciones con LLA, PRO y CO para armar una gran alianza en 2027 - Diario Textual\" \/>\n<meta property=\"og:description\" content=\"La Uni\u00f3n C\u00edvica Radical (UCR) de La Pampa dar\u00e1 este s\u00e1bado un paso clave para definir su estrategia electoral de cara a 2027. Sus principales \u00f3rganos partidarios debatir\u00e1n y votar\u00e1n&hellip;\" \/>\n<meta property=\"og:url\" content=\"https:\/\/diariotextual.com\/inicio\/index.php\/2026\/09\/05\/la-ucr-pampeana-habilitara-negociaciones-con-lla-pro-y-co-para-armar-una-gran-alianza-en-2027\/\" \/>\n<meta property=\"og:site_name\" content=\"Diario Textual\" \/>\n<meta property=\"article:publisher\" content=\"https:\/\/www.facebook.com\/eltextual\" \/>\n<meta property=\"article:published_time\" content=\"2026-09-05T10:21:15+00:00\" \/>\n<meta property=\"article:modified_time\" content=\"2026-09-05T10:21:18+00:00\" \/>\n<meta property=\"og:image\" content=\"https:\/\/diariotextual.com\/inicio\/wp-content\/uploads\/2021\/03\/ucrcomitetextual00009.jpg\" \/>\n\t<meta property=\"og:image:width\" content=\"1084\" \/>\n\t<meta property=\"og:image:height\" content=\"683\" \/>\n\t<meta property=\"og:image:type\" content=\"image\/jpeg\" \/>\n<meta name=\"author\" content=\"Diario1 Diario1\" \/>\n<meta name=\"twitter:card\" content=\"summary_large_image\" \/>\n<meta name=\"twitter:creator\" content=\"@eltextual\" \/>\n<meta name=\"twitter:site\" content=\"@eltextual\" \/>\n<meta name=\"twitter:label1\" content=\"Escrito por\" \/>\n\t<meta name=\"twitter:data1\" content=\"Diario1 Diario1\" \/>\n\t<meta name=\"twitter:label2\" content=\"Tiempo de lectura\" \/>\n\t<meta name=\"twitter:data2\" content=\"4 minutos\" \/>\n<script type=\"application\/ld+json\" class=\"yoast-schema-graph\">{\"@context\":\"https:\\\/\\\/schema.org\",\"@graph\":[{\"@type\":\"Article\",\"@id\":\"https:\\\/\\\/diariotextual.com\\\/inicio\\\/index.php\\\/2026\\\/09\\\/05\\\/la-ucr-pampeana-habilitara-negociaciones-con-lla-pro-y-co-para-armar-una-gran-alianza-en-2027\\\/#article\",\"isPartOf\":{\"@id\":\"https:\\\/\\\/diariotextual.com\\\/inicio\\\/index.php\\\/2026\\\/09\\\/05\\\/la-ucr-pampeana-habilitara-negociaciones-con-lla-pro-y-co-para-armar-una-gran-alianza-en-2027\\\/\"},\"author\":{\"name\":\"Diario1 Diario1\",\"@id\":\"https:\\\/\\\/diariotextual.com\\\/inicio\\\/#\\\/schema\\\/person\\\/418fc4093c33e86ed41562db3508f958\"},\"headline\":\"La UCR pampeana habilitar\u00e1 negociaciones con LLA, PRO y CO para armar una gran alianza en 2027\",\"datePublished\":\"2026-09-05T10:21:15+00:00\",\"dateModified\":\"2026-09-05T10:21:18+00:00\",\"mainEntityOfPage\":{\"@id\":\"https:\\\/\\\/diariotextual.com\\\/inicio\\\/index.php\\\/2026\\\/09\\\/05\\\/la-ucr-pampeana-habilitara-negociaciones-con-lla-pro-y-co-para-armar-una-gran-alianza-en-2027\\\/\"},\"wordCount\":755,\"publisher\":{\"@id\":\"https:\\\/\\\/diariotextual.com\\\/inicio\\\/#organization\"},\"image\":{\"@id\":\"https:\\\/\\\/diariotextual.com\\\/inicio\\\/index.php\\\/2026\\\/09\\\/05\\\/la-ucr-pampeana-habilitara-negociaciones-con-lla-pro-y-co-para-armar-una-gran-alianza-en-2027\\\/#primaryimage\"},\"thumbnailUrl\":\"https:\\\/\\\/diariotextual.com\\\/inicio\\\/wp-content\\\/uploads\\\/2021\\\/03\\\/ucrcomitetextual00009.jpg\",\"articleSection\":[\"A - PORTADA\",\"POLITICA\"],\"inLanguage\":\"es\"},{\"@type\":\"WebPage\",\"@id\":\"https:\\\/\\\/diariotextual.com\\\/inicio\\\/index.php\\\/2026\\\/09\\\/05\\\/la-ucr-pampeana-habilitara-negociaciones-con-lla-pro-y-co-para-armar-una-gran-alianza-en-2027\\\/\",\"url\":\"https:\\\/\\\/diariotextual.com\\\/inicio\\\/index.php\\\/2026\\\/09\\\/05\\\/la-ucr-pampeana-habilitara-negociaciones-con-lla-pro-y-co-para-armar-una-gran-alianza-en-2027\\\/\",\"name\":\"La UCR pampeana habilitar\u00e1 negociaciones con LLA, PRO y CO para armar una gran alianza en 2027 - Diario Textual\",\"isPartOf\":{\"@id\":\"https:\\\/\\\/diariotextual.com\\\/inicio\\\/#website\"},\"primaryImageOfPage\":{\"@id\":\"https:\\\/\\\/diariotextual.com\\\/inicio\\\/index.php\\\/2026\\\/09\\\/05\\\/la-ucr-pampeana-habilitara-negociaciones-con-lla-pro-y-co-para-armar-una-gran-alianza-en-2027\\\/#primaryimage\"},\"image\":{\"@id\":\"https:\\\/\\\/diariotextual.com\\\/inicio\\\/index.php\\\/2026\\\/09\\\/05\\\/la-ucr-pampeana-habilitara-negociaciones-con-lla-pro-y-co-para-armar-una-gran-alianza-en-2027\\\/#primaryimage\"},\"thumbnailUrl\":\"https:\\\/\\\/diariotextual.com\\\/inicio\\\/wp-content\\\/uploads\\\/2021\\\/03\\\/ucrcomitetextual00009.jpg\",\"datePublished\":\"2026-09-05T10:21:15+00:00\",\"dateModified\":\"2026-09-05T10:21:18+00:00\",\"breadcrumb\":{\"@id\":\"https:\\\/\\\/diariotextual.com\\\/inicio\\\/index.php\\\/2026\\\/09\\\/05\\\/la-ucr-pampeana-habilitara-negociaciones-con-lla-pro-y-co-para-armar-una-gran-alianza-en-2027\\\/#breadcrumb\"},\"inLanguage\":\"es\",\"potentialAction\":[{\"@type\":\"ReadAction\",\"target\":[\"https:\\\/\\\/diariotextual.com\\\/inicio\\\/index.php\\\/2026\\\/09\\\/05\\\/la-ucr-pampeana-habilitara-negociaciones-con-lla-pro-y-co-para-armar-una-gran-alianza-en-2027\\\/\"]}]},{\"@type\":\"ImageObject\",\"inLanguage\":\"es\",\"@id\":\"https:\\\/\\\/diariotextual.com\\\/inicio\\\/index.php\\\/2026\\\/09\\\/05\\\/la-ucr-pampeana-habilitara-negociaciones-con-lla-pro-y-co-para-armar-una-gran-alianza-en-2027\\\/#primaryimage\",\"url\":\"https:\\\/\\\/diariotextual.com\\\/inicio\\\/wp-content\\\/uploads\\\/2021\\\/03\\\/ucrcomitetextual00009.jpg\",\"contentUrl\":\"https:\\\/\\\/diariotextual.com\\\/inicio\\\/wp-content\\\/uploads\\\/2021\\\/03\\\/ucrcomitetextual00009.jpg\",\"width\":1084,\"height\":683},{\"@type\":\"BreadcrumbList\",\"@id\":\"https:\\\/\\\/diariotextual.com\\\/inicio\\\/index.php\\\/2026\\\/09\\\/05\\\/la-ucr-pampeana-habilitara-negociaciones-con-lla-pro-y-co-para-armar-una-gran-alianza-en-2027\\\/#breadcrumb\",\"itemListElement\":[{\"@type\":\"ListItem\",\"position\":1,\"name\":\"Portada\",\"item\":\"https:\\\/\\\/diariotextual.com\\\/inicio\\\/\"},{\"@type\":\"ListItem\",\"position\":2,\"name\":\"La UCR pampeana habilitar\u00e1 negociaciones con LLA, PRO y CO para armar una gran alianza en 2027\"}]},{\"@type\":\"WebSite\",\"@id\":\"https:\\\/\\\/diariotextual.com\\\/inicio\\\/#website\",\"url\":\"https:\\\/\\\/diariotextual.com\\\/inicio\\\/\",\"name\":\"Diario Textual\",\"description\":\"\",\"publisher\":{\"@id\":\"https:\\\/\\\/diariotextual.com\\\/inicio\\\/#organization\"},\"potentialAction\":[{\"@type\":\"SearchAction\",\"target\":{\"@type\":\"EntryPoint\",\"urlTemplate\":\"https:\\\/\\\/diariotextual.com\\\/inicio\\\/?s={search_term_string}\"},\"query-input\":{\"@type\":\"PropertyValueSpecification\",\"valueRequired\":true,\"valueName\":\"search_term_string\"}}],\"inLanguage\":\"es\"},{\"@type\":\"Organization\",\"@id\":\"https:\\\/\\\/diariotextual.com\\\/inicio\\\/#organization\",\"name\":\"Diario Textual\",\"url\":\"https:\\\/\\\/diariotextual.com\\\/inicio\\\/\",\"logo\":{\"@type\":\"ImageObject\",\"inLanguage\":\"es\",\"@id\":\"https:\\\/\\\/diariotextual.com\\\/inicio\\\/#\\\/schema\\\/logo\\\/image\\\/\",\"url\":\"https:\\\/\\\/diariotextual.com\\\/inicio\\\/wp-content\\\/uploads\\\/2023\\\/05\\\/logotextual1.jpg\",\"contentUrl\":\"https:\\\/\\\/diariotextual.com\\\/inicio\\\/wp-content\\\/uploads\\\/2023\\\/05\\\/logotextual1.jpg\",\"width\":516,\"height\":76,\"caption\":\"Diario Textual\"},\"image\":{\"@id\":\"https:\\\/\\\/diariotextual.com\\\/inicio\\\/#\\\/schema\\\/logo\\\/image\\\/\"},\"sameAs\":[\"https:\\\/\\\/www.facebook.com\\\/eltextual\",\"https:\\\/\\\/x.com\\\/eltextual\",\"http:\\\/\\\/www.instagram.com\\\/eltextual\"]},{\"@type\":\"Person\",\"@id\":\"https:\\\/\\\/diariotextual.com\\\/inicio\\\/#\\\/schema\\\/person\\\/418fc4093c33e86ed41562db3508f958\",\"name\":\"Diario1 Diario1\",\"image\":{\"@type\":\"ImageObject\",\"inLanguage\":\"es\",\"@id\":\"https:\\\/\\\/secure.gravatar.com\\\/avatar\\\/9167d280179c85bc18be67aa7eda765854300033af4896dd779b608640f2ef7a?s=96&d=mm&r=g\",\"url\":\"https:\\\/\\\/secure.gravatar.com\\\/avatar\\\/9167d280179c85bc18be67aa7eda765854300033af4896dd779b608640f2ef7a?s=96&d=mm&r=g\",\"contentUrl\":\"https:\\\/\\\/secure.gravatar.com\\\/avatar\\\/9167d280179c85bc18be67aa7eda765854300033af4896dd779b608640f2ef7a?s=96&d=mm&r=g\",\"caption\":\"Diario1 Diario1\"},\"url\":\"https:\\\/\\\/diariotextual.com\\\/inicio\\\/index.php\\\/author\\\/diario1\\\/\"}]}<\/script>\n<!-- \/ Yoast SEO plugin. -->","yoast_head_json":{"title":"La UCR pampeana habilitar\u00e1 negociaciones con LLA, PRO y CO para armar una gran alianza en 2027 - Diario Textual","robots":{"index":"index","follow":"follow","max-snippet":"max-snippet:-1","max-image-preview":"max-image-preview:large","max-video-preview":"max-video-preview:-1"},"canonical":"https:\/\/diariotextual.com\/inicio\/index.php\/2026\/09\/05\/la-ucr-pampeana-habilitara-negociaciones-con-lla-pro-y-co-para-armar-una-gran-alianza-en-2027\/","og_locale":"es_ES","og_type":"article","og_title":"La UCR pampeana habilitar\u00e1 negociaciones con LLA, PRO y CO para armar una gran alianza en 2027 - Diario Textual","og_description":"La Uni\u00f3n C\u00edvica Radical (UCR) de La Pampa dar\u00e1 este s\u00e1bado un paso clave para definir su estrategia electoral de cara a 2027. Sus principales \u00f3rganos partidarios debatir\u00e1n y votar\u00e1n&hellip;","og_url":"https:\/\/diariotextual.com\/inicio\/index.php\/2026\/09\/05\/la-ucr-pampeana-habilitara-negociaciones-con-lla-pro-y-co-para-armar-una-gran-alianza-en-2027\/","og_site_name":"Diario Textual","article_publisher":"https:\/\/www.facebook.com\/eltextual","article_published_time":"2026-09-05T10:21:15+00:00","article_modified_time":"2026-09-05T10:21:18+00:00","og_image":[{"width":1084,"height":683,"url":"https:\/\/diariotextual.com\/inicio\/wp-content\/uploads\/2021\/03\/ucrcomitetextual00009.jpg","type":"image\/jpeg"}],"author":"Diario1 Diario1","twitter_card":"summary_large_image","twitter_creator":"@eltextual","twitter_site":"@eltextual","twitter_misc":{"Escrito por":"Diario1 Diario1","Tiempo de lectura":"4 minutos"},"schema":{"@context":"https:\/\/schema.org","@graph":[{"@type":"Article","@id":"https:\/\/diariotextual.com\/inicio\/index.php\/2026\/09\/05\/la-ucr-pampeana-habilitara-negociaciones-con-lla-pro-y-co-para-armar-una-gran-alianza-en-2027\/#article","isPartOf":{"@id":"https:\/\/diariotextual.com\/inicio\/index.php\/2026\/09\/05\/la-ucr-pampeana-habilitara-negociaciones-con-lla-pro-y-co-para-armar-una-gran-alianza-en-2027\/"},"author":{"name":"Diario1 Diario1","@id":"https:\/\/diariotextual.com\/inicio\/#\/schema\/person\/418fc4093c33e86ed41562db3508f958"},"headline":"La UCR pampeana habilitar\u00e1 negociaciones con LLA, PRO y CO para armar una gran alianza en 2027","datePublished":"2026-09-05T10:21:15+00:00","dateModified":"2026-09-05T10:21:18+00:00","mainEntityOfPage":{"@id":"https:\/\/diariotextual.com\/inicio\/index.php\/2026\/09\/05\/la-ucr-pampeana-habilitara-negociaciones-con-lla-pro-y-co-para-armar-una-gran-alianza-en-2027\/"},"wordCount":755,"publisher":{"@id":"https:\/\/diariotextual.com\/inicio\/#organization"},"image":{"@id":"https:\/\/diariotextual.com\/inicio\/index.php\/2026\/09\/05\/la-ucr-pampeana-habilitara-negociaciones-con-lla-pro-y-co-para-armar-una-gran-alianza-en-2027\/#primaryimage"},"thumbnailUrl":"https:\/\/diariotextual.com\/inicio\/wp-content\/uploads\/2021\/03\/ucrcomitetextual00009.jpg","articleSection":["A - PORTADA","POLITICA"],"inLanguage":"es"},{"@type":"WebPage","@id":"https:\/\/diariotextual.com\/inicio\/index.php\/2026\/09\/05\/la-ucr-pampeana-habilitara-negociaciones-con-lla-pro-y-co-para-armar-una-gran-alianza-en-2027\/","url":"https:\/\/diariotextual.com\/inicio\/index.php\/2026\/09\/05\/la-ucr-pampeana-habilitara-negociaciones-con-lla-pro-y-co-para-armar-una-gran-alianza-en-2027\/","name":"La UCR pampeana habilitar\u00e1 negociaciones con LLA, PRO y CO para armar una gran alianza en 2027 - Diario Textual","isPartOf":{"@id":"https:\/\/diariotextual.com\/inicio\/#website"},"primaryImageOfPage":{"@id":"https:\/\/diariotextual.com\/inicio\/index.php\/2026\/09\/05\/la-ucr-pampeana-habilitara-negociaciones-con-lla-pro-y-co-para-armar-una-gran-alianza-en-2027\/#primaryimage"},"image":{"@id":"https:\/\/diariotextual.com\/inicio\/index.php\/2026\/09\/05\/la-ucr-pampeana-habilitara-negociaciones-con-lla-pro-y-co-para-armar-una-gran-alianza-en-2027\/#primaryimage"},"thumbnailUrl":"https:\/\/diariotextual.com\/inicio\/wp-content\/uploads\/2021\/03\/ucrcomitetextual00009.jpg","datePublished":"2026-09-05T10:21:15+00:00","dateModified":"2026-09-05T10:21:18+00:00","breadcrumb":{"@id":"https:\/\/diariotextual.com\/inicio\/index.php\/2026\/09\/05\/la-ucr-pampeana-habilitara-negociaciones-con-lla-pro-y-co-para-armar-una-gran-alianza-en-2027\/#breadcrumb"},"inLanguage":"es","potentialAction":[{"@type":"ReadAction","target":["https:\/\/diariotextual.com\/inicio\/index.php\/2026\/09\/05\/la-ucr-pampeana-habilitara-negociaciones-con-lla-pro-y-co-para-armar-una-gran-alianza-en-2027\/"]}]},{"@type":"ImageObject","inLanguage":"es","@id":"https:\/\/diariotextual.com\/inicio\/index.php\/2026\/09\/05\/la-ucr-pampeana-habilitara-negociaciones-con-lla-pro-y-co-para-armar-una-gran-alianza-en-2027\/#primaryimage","url":"https:\/\/diariotextual.com\/inicio\/wp-content\/uploads\/2021\/03\/ucrcomitetextual00009.jpg","contentUrl":"https:\/\/diariotextual.com\/inicio\/wp-content\/uploads\/2021\/03\/ucrcomitetextual00009.jpg","width":1084,"height":683},{"@type":"BreadcrumbList","@id":"https:\/\/diariotextual.com\/inicio\/index.php\/2026\/09\/05\/la-ucr-pampeana-habilitara-negociaciones-con-lla-pro-y-co-para-armar-una-gran-alianza-en-2027\/#breadcrumb","itemListElement":[{"@type":"ListItem","position":1,"name":"Portada","item":"https:\/\/diariotextual.com\/inicio\/"},{"@type":"ListItem","position":2,"name":"La UCR pampeana habilitar\u00e1 negociaciones con LLA, PRO y CO para armar una gran alianza en 2027"}]},{"@type":"WebSite","@id":"https:\/\/diariotextual.com\/inicio\/#website","url":"https:\/\/diariotextual.com\/inicio\/","name":"Diario Textual","description":"","publisher":{"@id":"https:\/\/diariotextual.com\/inicio\/#organization"},"potentialAction":[{"@type":"SearchAction","target":{"@type":"EntryPoint","urlTemplate":"https:\/\/diariotextual.com\/inicio\/?s={search_term_string}"},"query-input":{"@type":"PropertyValueSpecification","valueRequired":true,"valueName":"search_term_string"}}],"inLanguage":"es"},{"@type":"Organization","@id":"https:\/\/diariotextual.com\/inicio\/#organization","name":"Diario Textual","url":"https:\/\/diariotextual.com\/inicio\/","logo":{"@type":"ImageObject","inLanguage":"es","@id":"https:\/\/diariotextual.com\/inicio\/#\/schema\/logo\/image\/","url":"https:\/\/diariotextual.com\/inicio\/wp-content\/uploads\/2023\/05\/logotextual1.jpg","contentUrl":"https:\/\/diariotextual.com\/inicio\/wp-content\/uploads\/2023\/05\/logotextual1.jpg","width":516,"height":76,"caption":"Diario Textual"},"image":{"@id":"https:\/\/diariotextual.com\/inicio\/#\/schema\/logo\/image\/"},"sameAs":["https:\/\/www.facebook.com\/eltextual","https:\/\/x.com\/eltextual","http:\/\/www.instagram.com\/eltextual"]},{"@type":"Person","@id":"https:\/\/diariotextual.com\/inicio\/#\/schema\/person\/418fc4093c33e86ed41562db3508f958","name":"Diario1 Diario1","image":{"@type":"ImageObject","inLanguage":"es","@id":"https:\/\/secure.gravatar.com\/avatar\/9167d280179c85bc18be67aa7eda765854300033af4896dd779b608640f2ef7a?s=96&d=mm&r=g","url":"https:\/\/secure.gravatar.com\/avatar\/9167d280179c85bc18be67aa7eda765854300033af4896dd779b608640f2ef7a?s=96&d=mm&r=g","contentUrl":"https:\/\/secure.gravatar.com\/avatar\/9167d280179c85bc18be67aa7eda765854300033af4896dd779b608640f2ef7a?s=96&d=mm&r=g","caption":"Diario1 Diario1"},"url":"https:\/\/diariotextual.com\/inicio\/index.php\/author\/diario1\/"}]}},"_links":{"self":[{"href":"https:\/\/diariotextual.com\/inicio\/index.php\/wp-json\/wp\/v2\/posts\/334575","targetHints":{"allow":["GET"]}}],"collection":[{"href":"https:\/\/diariotextual.com\/inicio\/index.php\/wp-json\/wp\/v2\/posts"}],"about":[{"href":"https:\/\/diariotextual.com\/inicio\/index.php\/wp-json\/wp\/v2\/types\/post"}],"author":[{"embeddable":true,"href":"https:\/\/diariotextual.com\/inicio\/index.php\/wp-json\/wp\/v2\/users\/3"}],"replies":[{"embeddable":true,"href":"https:\/\/diariotextual.com\/inicio\/index.php\/wp-json\/wp\/v2\/comments?post=334575"}],"version-history":[{"count":1,"href":"https:\/\/diariotextual.com\/inicio\/index.php\/wp-json\/wp\/v2\/posts\/334575\/revisions"}],"predecessor-version":[{"id":334576,"href":"https:\/\/diariotextual.com\/inicio\/index.php\/wp-json\/wp\/v2\/posts\/334575\/revisions\/334576"}],"wp:featuredmedia":[{"embeddable":true,"href":"https:\/\/diariotextual.com\/inicio\/index.php\/wp-json\/wp\/v2\/media\/136887"}],"wp:attachment":[{"href":"https:\/\/diariotextual.com\/inicio\/index.php\/wp-json\/wp\/v2\/media?parent=334575"}],"wp:term":[{"taxonomy":"category","embeddable":true,"href":"https:\/\/diariotextual.com\/inicio\/index.php\/wp-json\/wp\/v2\/categories?post=334575"},{"taxonomy":"post_tag","embeddable":true,"href":"https:\/\/diariotextual.com\/inicio\/index.php\/wp-json\/wp\/v2\/tags?post=334575"}],"curies":[{"name":"wp","href":"https:\/\/api.w.org\/{rel}","templated":true}]}}