{"id":334577,"date":"2026-09-05T07:51:42","date_gmt":"2026-09-05T10:51:42","guid":{"rendered":"https:\/\/diariotextual.com\/inicio\/?p=334577"},"modified":"2026-09-05T07:51:48","modified_gmt":"2026-09-05T10:51:48","slug":"la-provincia-volvio-a-asistir-a-los-municipios-destino-814-millones-para-deficit-emergencias-y-funcionamiento","status":"publish","type":"post","link":"https:\/\/diariotextual.com\/inicio\/index.php\/2026\/09\/05\/la-provincia-volvio-a-asistir-a-los-municipios-destino-814-millones-para-deficit-emergencias-y-funcionamiento\/","title":{"rendered":"La Provincia volvi\u00f3 a asistir a los municipios: destin\u00f3 $814 millones para d\u00e9ficit, emergencias y funcionamiento"},"content":{"rendered":"\n<p class=\"wp-block-paragraph\">El Gobierno de <strong>Sergio Ziliotto<\/strong> dispuso aportes no reintegrables por <strong>$814.149.184<\/strong> para municipios y comisiones de fomento de La Pampa a trav\u00e9s de cuatro resoluciones dictadas entre el <strong>1 y el 2 de septiembre<\/strong> y publicadas en el Bolet\u00edn Oficial.<\/p>\n\n\n\n<p class=\"wp-block-paragraph\">La mayor parte del dinero &#8211;<strong>$738 millones-<\/strong> fue destinada a financiar <strong>d\u00e9ficits y gastos de emergencia<\/strong> mediante dos resoluciones que repartieron exactamente los mismos montos entre las mismas localidades, aunque con distintos marcos legales. A esa suma se agregaron otros <strong>$66.149.184 para gastos de funcionamiento<\/strong> y <strong>$10 millones tambi\u00e9n para funcionamiento<\/strong>.<\/p>\n\n\n\n<div style=\"height:100px\" aria-hidden=\"true\" class=\"wp-block-spacer\"><\/div>\n\n\n\n<p class=\"wp-block-paragraph\"><strong>Dos resoluciones, $738 millones para d\u00e9ficit y emergencias<\/strong><\/p>\n\n\n\n<p class=\"wp-block-paragraph\">La <strong>Resoluci\u00f3n N\u00ba 381<\/strong>, fechada el <strong>1 de septiembre de 2026<\/strong>, otorg\u00f3 aportes no reintegrables por <strong>$369.000.000<\/strong> para atender, en todos los casos, el financiamiento de <strong>d\u00e9ficit y gastos de emergencia<\/strong>, en el marco del art\u00edculo 11 de la Ley 1065.<\/p>\n\n\n\n<p class=\"wp-block-paragraph\">La distribuci\u00f3n incluy\u00f3, entre otras localidades, <strong>La Humada<\/strong>, con $35 millones; <strong>Puelches<\/strong>, con $30 millones; <strong>Catril\u00f3, La Maruja, Luan Toro, Rol\u00f3n y Uriburu<\/strong>, con $20 millones cada una; <strong>Anguil, Bernasconi, Caleuf\u00fa y Conhello<\/strong>, con $15 millones cada una; y <strong>General Pico<\/strong>, con $13 millones. Tambi\u00e9n est\u00e1n Acha ($7,5 millones), Carro Quemado (1,5 millones), Puel\u00e9n ($5 millones), Metileo ($1,5 millones), Agustoni ($8 millones), La Reforma ($5 millones), Limay Mahuida ($5 millones), Loventuel ($4 millones), Quetrequ\u00e9n ($8,5 millones) y Sarah ($5 millones).<br>Al d\u00eda siguiente, el Gobierno dict\u00f3 la <strong>Resoluci\u00f3n N\u00ba 383<\/strong>, que volvi\u00f3 a otorgar <strong>$369.000.000<\/strong>, esta vez en el marco del art\u00edculo 3\u00ba de la <strong>Ley N\u00ba 1979<\/strong>, nuevamente para financiar d\u00e9ficit y gastos de emergencia.<\/p>\n\n\n\n<p class=\"wp-block-paragraph\">Y la distribuci\u00f3n fue <strong>id\u00e9ntica<\/strong>: las mismas localidades y exactamente los mismos montos. Por lo tanto, solo por estas dos resoluciones, el conjunto de municipios y comisiones de fomento alcanzados recibi\u00f3 aportes dispuestos por <strong>$738 millones<\/strong>.<\/p>\n\n\n\n<div style=\"height:100px\" aria-hidden=\"true\" class=\"wp-block-spacer\"><\/div>\n\n\n\n<p class=\"wp-block-paragraph\"><strong>Otros $66 millones para gastos de funcionamiento<\/strong><\/p>\n\n\n\n<p class=\"wp-block-paragraph\">La <strong>Resoluci\u00f3n N\u00ba 382<\/strong>, tambi\u00e9n del <strong>1 de septiembre<\/strong>, otorg\u00f3 otros <strong>$66.149.184<\/strong> en aportes no reintegrables, pero esta vez destinados espec\u00edficamente a <strong>gastos de funcionamiento<\/strong>.<\/p>\n\n\n\n<p class=\"wp-block-paragraph\">Entre los mayores montos aparecen <strong>General Acha<\/strong>, con <strong>$17.100.000<\/strong>; <strong>Alpachiri<\/strong>, con <strong>$9.280.000<\/strong>; <strong>25 de Mayo<\/strong>, con <strong>$5.154.475<\/strong>; <strong>Victorica<\/strong>, con <strong>$2.500.000<\/strong>; <strong>Guatrach\u00e9<\/strong>, con <strong>$2.450.000<\/strong>; <strong>Embajador Martini<\/strong>, con <strong>$2.350.000<\/strong>; <strong>Santa Isabel<\/strong>, con <strong>$2.185.000<\/strong> y <strong>Eduardo Castex<\/strong>, con <strong>$2.000.000<\/strong>.<br>Tambi\u00e9n recibieron aportes <strong>Abramo, Algarrobo del \u00c1guila, Ataliva Roca, Bernasconi, Caleuf\u00fa, Catril\u00f3, Colonia Bar\u00f3n, Doblas, General Manuel J. Campos, General Pico, General San Mart\u00edn, Ingeniero Luiggi, Intendente Alvear, Jacinto Arauz, La Adela, La Humada, La Maruja, Lonquimay, Macach\u00edn, Parera, Quem\u00fa Quem\u00fa, Rancul, Realic\u00f3, Toay, Villa Mirasol y Winifreda<\/strong>.<\/p>\n\n\n\n<div style=\"height:100px\" aria-hidden=\"true\" class=\"wp-block-spacer\"><\/div>\n\n\n\n<p class=\"wp-block-paragraph\"><strong>Otros $10 millones, para dos municipios<\/strong><\/p>\n\n\n\n<p class=\"wp-block-paragraph\">Finalmente, la <strong>Resoluci\u00f3n N\u00ba 384<\/strong>, del <strong>2 de septiembre<\/strong>, otorg\u00f3 <strong>$10 millones<\/strong> adicionales en aportes no reintegrables destinados a gastos de funcionamiento.<\/p>\n\n\n\n<p class=\"wp-block-paragraph\">La suma se dividi\u00f3 entre <strong>Bernardo Larroud\u00e9<\/strong>, que recibi\u00f3 <strong>$7.500.000<\/strong>, y <strong>Algarrobo del \u00c1guila<\/strong>, que recibi\u00f3 <strong>$2.500.000<\/strong>.<\/p>\n\n\n\n<div style=\"height:100px\" aria-hidden=\"true\" class=\"wp-block-spacer\"><\/div>\n\n\n\n<p class=\"wp-block-paragraph\"><strong>La particularidad: los mismos $369 millones aparecen dos veces<\/strong><\/p>\n\n\n\n<p class=\"wp-block-paragraph\">El dato m\u00e1s llamativo del paquete es que las resoluciones <strong>381 y 383 repiten exactamente la misma distribuci\u00f3n de $369 millones<\/strong>, municipio por municipio.<\/p>\n\n\n\n<p class=\"wp-block-paragraph\">En ambas aparecen, por ejemplo, <strong>La Humada con $35 millones, Puelches con $30 millones, Catril\u00f3 con $20 millones, La Maruja con $20 millones, Luan Toro con $20 millones, Rol\u00f3n con $20 millones y Uriburu con $20 millones<\/strong>.<br>La diferencia est\u00e1 en el marco normativo utilizado: la <strong>Resoluci\u00f3n 381<\/strong> invoca el art\u00edculo 11 de la <strong>Ley 1065<\/strong>, mientras que la <strong>383<\/strong> se dicta en el marco del art\u00edculo 3\u00ba de la <strong>Ley 1979<\/strong>.<br>En total, las cuatro resoluciones acumulan <strong>$814.149.184 en aportes no reintegrables<\/strong>.<\/p>\n\n\n\n<p class=\"wp-block-paragraph\">El Bolet\u00edn Oficial establece que los fondos ser\u00e1n transferidos por la <strong>Contadur\u00eda General de la Provincia<\/strong> a las municipalidades y comisiones de fomento beneficiarias, con cargo a las partidas presupuestarias indicadas en cada resoluci\u00f3n.<\/p>\n\n\n\n<p class=\"wp-block-paragraph\"><\/p>\n","protected":false},"excerpt":{"rendered":"<p>El Gobierno de Sergio Ziliotto dispuso aportes no reintegrables por $814.149.184 para municipios y comisiones de fomento de La Pampa a trav\u00e9s de cuatro resoluciones dictadas entre el 1 y&hellip;<\/p>\n","protected":false},"author":3,"featured_media":333116,"comment_status":"closed","ping_status":"open","sticky":false,"template":"","format":"standard","meta":{"_acf_changed":false,"footnotes":""},"categories":[4,8],"tags":[],"class_list":["post-334577","post","type-post","status-publish","format-standard","has-post-thumbnail","hentry","category-destacadas","category-politica"],"acf":[],"yoast_head":"<!-- This site is optimized with the Yoast SEO plugin v28.4 - https:\/\/yoast.com\/product\/yoast-seo-wordpress\/ -->\n<title>La Provincia volvi\u00f3 a asistir a los municipios: destin\u00f3 $814 millones para d\u00e9ficit, emergencias y funcionamiento - Diario Textual<\/title>\n<meta name=\"robots\" content=\"index, follow, max-snippet:-1, max-image-preview:large, max-video-preview:-1\" \/>\n<link rel=\"canonical\" href=\"https:\/\/diariotextual.com\/inicio\/index.php\/2026\/09\/05\/la-provincia-volvio-a-asistir-a-los-municipios-destino-814-millones-para-deficit-emergencias-y-funcionamiento\/\" \/>\n<meta property=\"og:locale\" content=\"es_ES\" \/>\n<meta property=\"og:type\" content=\"article\" \/>\n<meta property=\"og:title\" content=\"La Provincia volvi\u00f3 a asistir a los municipios: destin\u00f3 $814 millones para d\u00e9ficit, emergencias y funcionamiento - Diario Textual\" \/>\n<meta property=\"og:description\" content=\"El Gobierno de Sergio Ziliotto dispuso aportes no reintegrables por $814.149.184 para municipios y comisiones de fomento de La Pampa a trav\u00e9s de cuatro resoluciones dictadas entre el 1 y&hellip;\" \/>\n<meta property=\"og:url\" content=\"https:\/\/diariotextual.com\/inicio\/index.php\/2026\/09\/05\/la-provincia-volvio-a-asistir-a-los-municipios-destino-814-millones-para-deficit-emergencias-y-funcionamiento\/\" \/>\n<meta property=\"og:site_name\" content=\"Diario Textual\" \/>\n<meta property=\"article:publisher\" content=\"https:\/\/www.facebook.com\/eltextual\" \/>\n<meta property=\"article:published_time\" content=\"2026-09-05T10:51:42+00:00\" \/>\n<meta property=\"article:modified_time\" content=\"2026-09-05T10:51:48+00:00\" \/>\n<meta property=\"og:image\" content=\"https:\/\/diariotextual.com\/inicio\/wp-content\/uploads\/2026\/08\/ziliottointendenteselninoo2026.jpg\" \/>\n\t<meta property=\"og:image:width\" content=\"900\" \/>\n\t<meta property=\"og:image:height\" content=\"477\" \/>\n\t<meta property=\"og:image:type\" content=\"image\/jpeg\" \/>\n<meta name=\"author\" content=\"Diario1 Diario1\" \/>\n<meta name=\"twitter:card\" content=\"summary_large_image\" \/>\n<meta name=\"twitter:creator\" content=\"@eltextual\" \/>\n<meta name=\"twitter:site\" content=\"@eltextual\" \/>\n<meta name=\"twitter:label1\" content=\"Escrito por\" \/>\n\t<meta name=\"twitter:data1\" content=\"Diario1 Diario1\" \/>\n\t<meta name=\"twitter:label2\" content=\"Tiempo de lectura\" \/>\n\t<meta name=\"twitter:data2\" content=\"3 minutos\" \/>\n<script type=\"application\/ld+json\" class=\"yoast-schema-graph\">{\"@context\":\"https:\\\/\\\/schema.org\",\"@graph\":[{\"@type\":\"Article\",\"@id\":\"https:\\\/\\\/diariotextual.com\\\/inicio\\\/index.php\\\/2026\\\/09\\\/05\\\/la-provincia-volvio-a-asistir-a-los-municipios-destino-814-millones-para-deficit-emergencias-y-funcionamiento\\\/#article\",\"isPartOf\":{\"@id\":\"https:\\\/\\\/diariotextual.com\\\/inicio\\\/index.php\\\/2026\\\/09\\\/05\\\/la-provincia-volvio-a-asistir-a-los-municipios-destino-814-millones-para-deficit-emergencias-y-funcionamiento\\\/\"},\"author\":{\"name\":\"Diario1 Diario1\",\"@id\":\"https:\\\/\\\/diariotextual.com\\\/inicio\\\/#\\\/schema\\\/person\\\/418fc4093c33e86ed41562db3508f958\"},\"headline\":\"La Provincia volvi\u00f3 a asistir a los municipios: destin\u00f3 $814 millones para d\u00e9ficit, emergencias y funcionamiento\",\"datePublished\":\"2026-09-05T10:51:42+00:00\",\"dateModified\":\"2026-09-05T10:51:48+00:00\",\"mainEntityOfPage\":{\"@id\":\"https:\\\/\\\/diariotextual.com\\\/inicio\\\/index.php\\\/2026\\\/09\\\/05\\\/la-provincia-volvio-a-asistir-a-los-municipios-destino-814-millones-para-deficit-emergencias-y-funcionamiento\\\/\"},\"wordCount\":588,\"publisher\":{\"@id\":\"https:\\\/\\\/diariotextual.com\\\/inicio\\\/#organization\"},\"image\":{\"@id\":\"https:\\\/\\\/diariotextual.com\\\/inicio\\\/index.php\\\/2026\\\/09\\\/05\\\/la-provincia-volvio-a-asistir-a-los-municipios-destino-814-millones-para-deficit-emergencias-y-funcionamiento\\\/#primaryimage\"},\"thumbnailUrl\":\"https:\\\/\\\/diariotextual.com\\\/inicio\\\/wp-content\\\/uploads\\\/2026\\\/08\\\/ziliottointendenteselninoo2026.jpg\",\"articleSection\":[\"A - DESTACADAS (mod 16)\",\"POLITICA\"],\"inLanguage\":\"es\"},{\"@type\":\"WebPage\",\"@id\":\"https:\\\/\\\/diariotextual.com\\\/inicio\\\/index.php\\\/2026\\\/09\\\/05\\\/la-provincia-volvio-a-asistir-a-los-municipios-destino-814-millones-para-deficit-emergencias-y-funcionamiento\\\/\",\"url\":\"https:\\\/\\\/diariotextual.com\\\/inicio\\\/index.php\\\/2026\\\/09\\\/05\\\/la-provincia-volvio-a-asistir-a-los-municipios-destino-814-millones-para-deficit-emergencias-y-funcionamiento\\\/\",\"name\":\"La Provincia volvi\u00f3 a asistir a los municipios: destin\u00f3 $814 millones para d\u00e9ficit, emergencias y funcionamiento - Diario Textual\",\"isPartOf\":{\"@id\":\"https:\\\/\\\/diariotextual.com\\\/inicio\\\/#website\"},\"primaryImageOfPage\":{\"@id\":\"https:\\\/\\\/diariotextual.com\\\/inicio\\\/index.php\\\/2026\\\/09\\\/05\\\/la-provincia-volvio-a-asistir-a-los-municipios-destino-814-millones-para-deficit-emergencias-y-funcionamiento\\\/#primaryimage\"},\"image\":{\"@id\":\"https:\\\/\\\/diariotextual.com\\\/inicio\\\/index.php\\\/2026\\\/09\\\/05\\\/la-provincia-volvio-a-asistir-a-los-municipios-destino-814-millones-para-deficit-emergencias-y-funcionamiento\\\/#primaryimage\"},\"thumbnailUrl\":\"https:\\\/\\\/diariotextual.com\\\/inicio\\\/wp-content\\\/uploads\\\/2026\\\/08\\\/ziliottointendenteselninoo2026.jpg\",\"datePublished\":\"2026-09-05T10:51:42+00:00\",\"dateModified\":\"2026-09-05T10:51:48+00:00\",\"breadcrumb\":{\"@id\":\"https:\\\/\\\/diariotextual.com\\\/inicio\\\/index.php\\\/2026\\\/09\\\/05\\\/la-provincia-volvio-a-asistir-a-los-municipios-destino-814-millones-para-deficit-emergencias-y-funcionamiento\\\/#breadcrumb\"},\"inLanguage\":\"es\",\"potentialAction\":[{\"@type\":\"ReadAction\",\"target\":[\"https:\\\/\\\/diariotextual.com\\\/inicio\\\/index.php\\\/2026\\\/09\\\/05\\\/la-provincia-volvio-a-asistir-a-los-municipios-destino-814-millones-para-deficit-emergencias-y-funcionamiento\\\/\"]}]},{\"@type\":\"ImageObject\",\"inLanguage\":\"es\",\"@id\":\"https:\\\/\\\/diariotextual.com\\\/inicio\\\/index.php\\\/2026\\\/09\\\/05\\\/la-provincia-volvio-a-asistir-a-los-municipios-destino-814-millones-para-deficit-emergencias-y-funcionamiento\\\/#primaryimage\",\"url\":\"https:\\\/\\\/diariotextual.com\\\/inicio\\\/wp-content\\\/uploads\\\/2026\\\/08\\\/ziliottointendenteselninoo2026.jpg\",\"contentUrl\":\"https:\\\/\\\/diariotextual.com\\\/inicio\\\/wp-content\\\/uploads\\\/2026\\\/08\\\/ziliottointendenteselninoo2026.jpg\",\"width\":900,\"height\":477},{\"@type\":\"BreadcrumbList\",\"@id\":\"https:\\\/\\\/diariotextual.com\\\/inicio\\\/index.php\\\/2026\\\/09\\\/05\\\/la-provincia-volvio-a-asistir-a-los-municipios-destino-814-millones-para-deficit-emergencias-y-funcionamiento\\\/#breadcrumb\",\"itemListElement\":[{\"@type\":\"ListItem\",\"position\":1,\"name\":\"Portada\",\"item\":\"https:\\\/\\\/diariotextual.com\\\/inicio\\\/\"},{\"@type\":\"ListItem\",\"position\":2,\"name\":\"La Provincia volvi\u00f3 a asistir a los municipios: destin\u00f3 $814 millones para d\u00e9ficit, emergencias y funcionamiento\"}]},{\"@type\":\"WebSite\",\"@id\":\"https:\\\/\\\/diariotextual.com\\\/inicio\\\/#website\",\"url\":\"https:\\\/\\\/diariotextual.com\\\/inicio\\\/\",\"name\":\"Diario Textual\",\"description\":\"\",\"publisher\":{\"@id\":\"https:\\\/\\\/diariotextual.com\\\/inicio\\\/#organization\"},\"potentialAction\":[{\"@type\":\"SearchAction\",\"target\":{\"@type\":\"EntryPoint\",\"urlTemplate\":\"https:\\\/\\\/diariotextual.com\\\/inicio\\\/?s={search_term_string}\"},\"query-input\":{\"@type\":\"PropertyValueSpecification\",\"valueRequired\":true,\"valueName\":\"search_term_string\"}}],\"inLanguage\":\"es\"},{\"@type\":\"Organization\",\"@id\":\"https:\\\/\\\/diariotextual.com\\\/inicio\\\/#organization\",\"name\":\"Diario Textual\",\"url\":\"https:\\\/\\\/diariotextual.com\\\/inicio\\\/\",\"logo\":{\"@type\":\"ImageObject\",\"inLanguage\":\"es\",\"@id\":\"https:\\\/\\\/diariotextual.com\\\/inicio\\\/#\\\/schema\\\/logo\\\/image\\\/\",\"url\":\"https:\\\/\\\/diariotextual.com\\\/inicio\\\/wp-content\\\/uploads\\\/2023\\\/05\\\/logotextual1.jpg\",\"contentUrl\":\"https:\\\/\\\/diariotextual.com\\\/inicio\\\/wp-content\\\/uploads\\\/2023\\\/05\\\/logotextual1.jpg\",\"width\":516,\"height\":76,\"caption\":\"Diario Textual\"},\"image\":{\"@id\":\"https:\\\/\\\/diariotextual.com\\\/inicio\\\/#\\\/schema\\\/logo\\\/image\\\/\"},\"sameAs\":[\"https:\\\/\\\/www.facebook.com\\\/eltextual\",\"https:\\\/\\\/x.com\\\/eltextual\",\"http:\\\/\\\/www.instagram.com\\\/eltextual\"]},{\"@type\":\"Person\",\"@id\":\"https:\\\/\\\/diariotextual.com\\\/inicio\\\/#\\\/schema\\\/person\\\/418fc4093c33e86ed41562db3508f958\",\"name\":\"Diario1 Diario1\",\"image\":{\"@type\":\"ImageObject\",\"inLanguage\":\"es\",\"@id\":\"https:\\\/\\\/secure.gravatar.com\\\/avatar\\\/9167d280179c85bc18be67aa7eda765854300033af4896dd779b608640f2ef7a?s=96&d=mm&r=g\",\"url\":\"https:\\\/\\\/secure.gravatar.com\\\/avatar\\\/9167d280179c85bc18be67aa7eda765854300033af4896dd779b608640f2ef7a?s=96&d=mm&r=g\",\"contentUrl\":\"https:\\\/\\\/secure.gravatar.com\\\/avatar\\\/9167d280179c85bc18be67aa7eda765854300033af4896dd779b608640f2ef7a?s=96&d=mm&r=g\",\"caption\":\"Diario1 Diario1\"},\"url\":\"https:\\\/\\\/diariotextual.com\\\/inicio\\\/index.php\\\/author\\\/diario1\\\/\"}]}<\/script>\n<!-- \/ Yoast SEO plugin. -->","yoast_head_json":{"title":"La Provincia volvi\u00f3 a asistir a los municipios: destin\u00f3 $814 millones para d\u00e9ficit, emergencias y funcionamiento - Diario Textual","robots":{"index":"index","follow":"follow","max-snippet":"max-snippet:-1","max-image-preview":"max-image-preview:large","max-video-preview":"max-video-preview:-1"},"canonical":"https:\/\/diariotextual.com\/inicio\/index.php\/2026\/09\/05\/la-provincia-volvio-a-asistir-a-los-municipios-destino-814-millones-para-deficit-emergencias-y-funcionamiento\/","og_locale":"es_ES","og_type":"article","og_title":"La Provincia volvi\u00f3 a asistir a los municipios: destin\u00f3 $814 millones para d\u00e9ficit, emergencias y funcionamiento - Diario Textual","og_description":"El Gobierno de Sergio Ziliotto dispuso aportes no reintegrables por $814.149.184 para municipios y comisiones de fomento de La Pampa a trav\u00e9s de cuatro resoluciones dictadas entre el 1 y&hellip;","og_url":"https:\/\/diariotextual.com\/inicio\/index.php\/2026\/09\/05\/la-provincia-volvio-a-asistir-a-los-municipios-destino-814-millones-para-deficit-emergencias-y-funcionamiento\/","og_site_name":"Diario Textual","article_publisher":"https:\/\/www.facebook.com\/eltextual","article_published_time":"2026-09-05T10:51:42+00:00","article_modified_time":"2026-09-05T10:51:48+00:00","og_image":[{"width":900,"height":477,"url":"https:\/\/diariotextual.com\/inicio\/wp-content\/uploads\/2026\/08\/ziliottointendenteselninoo2026.jpg","type":"image\/jpeg"}],"author":"Diario1 Diario1","twitter_card":"summary_large_image","twitter_creator":"@eltextual","twitter_site":"@eltextual","twitter_misc":{"Escrito por":"Diario1 Diario1","Tiempo de lectura":"3 minutos"},"schema":{"@context":"https:\/\/schema.org","@graph":[{"@type":"Article","@id":"https:\/\/diariotextual.com\/inicio\/index.php\/2026\/09\/05\/la-provincia-volvio-a-asistir-a-los-municipios-destino-814-millones-para-deficit-emergencias-y-funcionamiento\/#article","isPartOf":{"@id":"https:\/\/diariotextual.com\/inicio\/index.php\/2026\/09\/05\/la-provincia-volvio-a-asistir-a-los-municipios-destino-814-millones-para-deficit-emergencias-y-funcionamiento\/"},"author":{"name":"Diario1 Diario1","@id":"https:\/\/diariotextual.com\/inicio\/#\/schema\/person\/418fc4093c33e86ed41562db3508f958"},"headline":"La Provincia volvi\u00f3 a asistir a los municipios: destin\u00f3 $814 millones para d\u00e9ficit, emergencias y funcionamiento","datePublished":"2026-09-05T10:51:42+00:00","dateModified":"2026-09-05T10:51:48+00:00","mainEntityOfPage":{"@id":"https:\/\/diariotextual.com\/inicio\/index.php\/2026\/09\/05\/la-provincia-volvio-a-asistir-a-los-municipios-destino-814-millones-para-deficit-emergencias-y-funcionamiento\/"},"wordCount":588,"publisher":{"@id":"https:\/\/diariotextual.com\/inicio\/#organization"},"image":{"@id":"https:\/\/diariotextual.com\/inicio\/index.php\/2026\/09\/05\/la-provincia-volvio-a-asistir-a-los-municipios-destino-814-millones-para-deficit-emergencias-y-funcionamiento\/#primaryimage"},"thumbnailUrl":"https:\/\/diariotextual.com\/inicio\/wp-content\/uploads\/2026\/08\/ziliottointendenteselninoo2026.jpg","articleSection":["A - DESTACADAS (mod 16)","POLITICA"],"inLanguage":"es"},{"@type":"WebPage","@id":"https:\/\/diariotextual.com\/inicio\/index.php\/2026\/09\/05\/la-provincia-volvio-a-asistir-a-los-municipios-destino-814-millones-para-deficit-emergencias-y-funcionamiento\/","url":"https:\/\/diariotextual.com\/inicio\/index.php\/2026\/09\/05\/la-provincia-volvio-a-asistir-a-los-municipios-destino-814-millones-para-deficit-emergencias-y-funcionamiento\/","name":"La Provincia volvi\u00f3 a asistir a los municipios: destin\u00f3 $814 millones para d\u00e9ficit, emergencias y funcionamiento - Diario Textual","isPartOf":{"@id":"https:\/\/diariotextual.com\/inicio\/#website"},"primaryImageOfPage":{"@id":"https:\/\/diariotextual.com\/inicio\/index.php\/2026\/09\/05\/la-provincia-volvio-a-asistir-a-los-municipios-destino-814-millones-para-deficit-emergencias-y-funcionamiento\/#primaryimage"},"image":{"@id":"https:\/\/diariotextual.com\/inicio\/index.php\/2026\/09\/05\/la-provincia-volvio-a-asistir-a-los-municipios-destino-814-millones-para-deficit-emergencias-y-funcionamiento\/#primaryimage"},"thumbnailUrl":"https:\/\/diariotextual.com\/inicio\/wp-content\/uploads\/2026\/08\/ziliottointendenteselninoo2026.jpg","datePublished":"2026-09-05T10:51:42+00:00","dateModified":"2026-09-05T10:51:48+00:00","breadcrumb":{"@id":"https:\/\/diariotextual.com\/inicio\/index.php\/2026\/09\/05\/la-provincia-volvio-a-asistir-a-los-municipios-destino-814-millones-para-deficit-emergencias-y-funcionamiento\/#breadcrumb"},"inLanguage":"es","potentialAction":[{"@type":"ReadAction","target":["https:\/\/diariotextual.com\/inicio\/index.php\/2026\/09\/05\/la-provincia-volvio-a-asistir-a-los-municipios-destino-814-millones-para-deficit-emergencias-y-funcionamiento\/"]}]},{"@type":"ImageObject","inLanguage":"es","@id":"https:\/\/diariotextual.com\/inicio\/index.php\/2026\/09\/05\/la-provincia-volvio-a-asistir-a-los-municipios-destino-814-millones-para-deficit-emergencias-y-funcionamiento\/#primaryimage","url":"https:\/\/diariotextual.com\/inicio\/wp-content\/uploads\/2026\/08\/ziliottointendenteselninoo2026.jpg","contentUrl":"https:\/\/diariotextual.com\/inicio\/wp-content\/uploads\/2026\/08\/ziliottointendenteselninoo2026.jpg","width":900,"height":477},{"@type":"BreadcrumbList","@id":"https:\/\/diariotextual.com\/inicio\/index.php\/2026\/09\/05\/la-provincia-volvio-a-asistir-a-los-municipios-destino-814-millones-para-deficit-emergencias-y-funcionamiento\/#breadcrumb","itemListElement":[{"@type":"ListItem","position":1,"name":"Portada","item":"https:\/\/diariotextual.com\/inicio\/"},{"@type":"ListItem","position":2,"name":"La Provincia volvi\u00f3 a asistir a los municipios: destin\u00f3 $814 millones para d\u00e9ficit, emergencias y funcionamiento"}]},{"@type":"WebSite","@id":"https:\/\/diariotextual.com\/inicio\/#website","url":"https:\/\/diariotextual.com\/inicio\/","name":"Diario Textual","description":"","publisher":{"@id":"https:\/\/diariotextual.com\/inicio\/#organization"},"potentialAction":[{"@type":"SearchAction","target":{"@type":"EntryPoint","urlTemplate":"https:\/\/diariotextual.com\/inicio\/?s={search_term_string}"},"query-input":{"@type":"PropertyValueSpecification","valueRequired":true,"valueName":"search_term_string"}}],"inLanguage":"es"},{"@type":"Organization","@id":"https:\/\/diariotextual.com\/inicio\/#organization","name":"Diario Textual","url":"https:\/\/diariotextual.com\/inicio\/","logo":{"@type":"ImageObject","inLanguage":"es","@id":"https:\/\/diariotextual.com\/inicio\/#\/schema\/logo\/image\/","url":"https:\/\/diariotextual.com\/inicio\/wp-content\/uploads\/2023\/05\/logotextual1.jpg","contentUrl":"https:\/\/diariotextual.com\/inicio\/wp-content\/uploads\/2023\/05\/logotextual1.jpg","width":516,"height":76,"caption":"Diario Textual"},"image":{"@id":"https:\/\/diariotextual.com\/inicio\/#\/schema\/logo\/image\/"},"sameAs":["https:\/\/www.facebook.com\/eltextual","https:\/\/x.com\/eltextual","http:\/\/www.instagram.com\/eltextual"]},{"@type":"Person","@id":"https:\/\/diariotextual.com\/inicio\/#\/schema\/person\/418fc4093c33e86ed41562db3508f958","name":"Diario1 Diario1","image":{"@type":"ImageObject","inLanguage":"es","@id":"https:\/\/secure.gravatar.com\/avatar\/9167d280179c85bc18be67aa7eda765854300033af4896dd779b608640f2ef7a?s=96&d=mm&r=g","url":"https:\/\/secure.gravatar.com\/avatar\/9167d280179c85bc18be67aa7eda765854300033af4896dd779b608640f2ef7a?s=96&d=mm&r=g","contentUrl":"https:\/\/secure.gravatar.com\/avatar\/9167d280179c85bc18be67aa7eda765854300033af4896dd779b608640f2ef7a?s=96&d=mm&r=g","caption":"Diario1 Diario1"},"url":"https:\/\/diariotextual.com\/inicio\/index.php\/author\/diario1\/"}]}},"_links":{"self":[{"href":"https:\/\/diariotextual.com\/inicio\/index.php\/wp-json\/wp\/v2\/posts\/334577","targetHints":{"allow":["GET"]}}],"collection":[{"href":"https:\/\/diariotextual.com\/inicio\/index.php\/wp-json\/wp\/v2\/posts"}],"about":[{"href":"https:\/\/diariotextual.com\/inicio\/index.php\/wp-json\/wp\/v2\/types\/post"}],"author":[{"embeddable":true,"href":"https:\/\/diariotextual.com\/inicio\/index.php\/wp-json\/wp\/v2\/users\/3"}],"replies":[{"embeddable":true,"href":"https:\/\/diariotextual.com\/inicio\/index.php\/wp-json\/wp\/v2\/comments?post=334577"}],"version-history":[{"count":1,"href":"https:\/\/diariotextual.com\/inicio\/index.php\/wp-json\/wp\/v2\/posts\/334577\/revisions"}],"predecessor-version":[{"id":334578,"href":"https:\/\/diariotextual.com\/inicio\/index.php\/wp-json\/wp\/v2\/posts\/334577\/revisions\/334578"}],"wp:featuredmedia":[{"embeddable":true,"href":"https:\/\/diariotextual.com\/inicio\/index.php\/wp-json\/wp\/v2\/media\/333116"}],"wp:attachment":[{"href":"https:\/\/diariotextual.com\/inicio\/index.php\/wp-json\/wp\/v2\/media?parent=334577"}],"wp:term":[{"taxonomy":"category","embeddable":true,"href":"https:\/\/diariotextual.com\/inicio\/index.php\/wp-json\/wp\/v2\/categories?post=334577"},{"taxonomy":"post_tag","embeddable":true,"href":"https:\/\/diariotextual.com\/inicio\/index.php\/wp-json\/wp\/v2\/tags?post=334577"}],"curies":[{"name":"wp","href":"https:\/\/api.w.org\/{rel}","templated":true}]}}