{"id":334582,"date":"2026-09-05T08:59:40","date_gmt":"2026-09-05T11:59:40","guid":{"rendered":"https:\/\/diariotextual.com\/inicio\/?p=334582"},"modified":"2026-09-05T09:11:52","modified_gmt":"2026-09-05T12:11:52","slug":"empatel-se-aprobo-el-balance-2026-que-registra-el-quinto-ano-consecutivo-con-resultado-positivo","status":"publish","type":"post","link":"https:\/\/diariotextual.com\/inicio\/index.php\/2026\/09\/05\/empatel-se-aprobo-el-balance-2026-que-registra-el-quinto-ano-consecutivo-con-resultado-positivo\/","title":{"rendered":"Empatel: se aprob\u00f3 el balance que registra el quinto a\u00f1o consecutivo con resultado positivo"},"content":{"rendered":"\n<p class=\"wp-block-paragraph\">Los accionistas de la empresa <strong>Empatel Sapem<\/strong> aprobaron por unanimidad, en Asamblea Ordinaria, el balance correspondiente al ejercicio econ\u00f3mico finalizado el 31 de marzo de 2026. La presentaci\u00f3n arroj\u00f3 un resultado favorable de <strong>$33.961.588,52<\/strong>, marcando el quinto per\u00edodo consecutivo desde su creaci\u00f3n con super\u00e1vit y consolidando un patrimonio neto de <strong>$7.502.918.792,68<\/strong>.<\/p>\n\n\n\n<p class=\"wp-block-paragraph\">La asamblea estuvo encabezada por el presidente, <strong>Andr\u00e9s Zulueta<\/strong>, acompa\u00f1ado por la vicepresidenta, <strong>Anal\u00eda Torres<\/strong>; los directores <strong>Diego Sallaberry, Miguel Prieto y Dami\u00e1n Gaya<\/strong>; y los s\u00edndicos <strong>Gabriela Bruno, Emiliano Gisler y Fabricio Baffini<\/strong>. Adem\u00e1s, particip\u00f3 <strong>Araldo Eleno<\/strong>, en representaci\u00f3n del Estado provincial como principal accionista, y diversos proveedores de internet de la provincia.<\/p>\n\n\n\n<p class=\"wp-block-paragraph\">Durante el per\u00edodo analizado, la empresa provincial despleg\u00f3 una importante expansi\u00f3n de infraestructura con el respaldo del Gobierno provincial. En total, se extendieron <strong>203 kil\u00f3metros de fibra \u00f3ptica<\/strong> para conectar a las localidades de Santa Isabel, Rol\u00f3n, Embajador Martini y Anchorena.<\/p>\n\n\n\n<p class=\"wp-block-paragraph\">En paralelo, se ejecutaron tendidos de fibra \u00f3ptica domiciliaria en Puelches, Anchorena, Adolfo Van Praet y Falucho, alcanzando un potencial de cobertura para <strong>769 hogares<\/strong> mediante el trabajo conjunto con cooperativas y pymes locales de \u00faltima milla.<\/p>\n\n\n\n<p class=\"wp-block-paragraph\">Al hacer un balance de la gesti\u00f3n, Zulueta remarc\u00f3 que el resultado financiero busca fundamentalmente el equilibrio operativo. El titular de <strong>Empatel<\/strong> enfatiz\u00f3 que la meta central de la organizaci\u00f3n no es la rentabilidad comercial, sino garantizar la conectividad de los pampeanos, motivo por el cual cada excedente se reinvierte en infraestructura. Adem\u00e1s, ponder\u00f3 que en La Pampa <strong>91 de cada 100 hogares cuentan con acceso a internet<\/strong>.<\/p>\n\n\n\n<p class=\"wp-block-paragraph\">En relaci\u00f3n con el financiamiento, el funcionario destac\u00f3 que los aportes provinciales se destinaron de forma exclusiva a nuevas obras y no a gastos corrientes, como sueldos o servicios puntuales. Los costos operativos y el mantenimiento de las redes se financian a trav\u00e9s de la venta de servicios a los prestadores locales.<\/p>\n\n\n\n<p class=\"wp-block-paragraph\">La alianza entre <strong>Empatel y Claro<\/strong> posibilit\u00f3 que haya se\u00f1al de celular en Parque Luro, Gobernador Duval, Agustoni, Dorila, Abramo, Villa Mirasol, Maisonnave y Van Praet.<\/p>\n\n\n\n<p class=\"wp-block-paragraph\">\u201cHay que valorar que partimos en cada localidad de una base donde antes no hab\u00eda nada. Y aclarar que la posibilidad de que se sumen las otras empresas est\u00e1 abierta, nos encargamos de hac\u00e9rselo saber y hoy la decisi\u00f3n de estar o no estar depende exclusivamente de ellas. Ahora nuestra prioridad son las seis localidades que todav\u00eda no tienen cobertura y queremos cumplir con ellas el a\u00f1o que viene. La experiencia es tan positiva que sabemos que otras provincias la van a replicar pr\u00f3ximamente\u201d.<\/p>\n\n\n\n<p class=\"wp-block-paragraph\">Destac\u00f3 tambi\u00e9n la implementaci\u00f3n de soluciones satelitales para el Gobierno provincial.<\/p>\n\n\n\n<p class=\"wp-block-paragraph\">\u201cCon la llegada de Starlink, llevamos m\u00e1s de ciento veinte antenas colocadas, en su mayor\u00eda veh\u00edculos de Seguridad Rural y de Salud. Pero tambi\u00e9n algunas escuelas, postas sanitarias y puestos camineros. Nosotros prestamos el servicio corporativo con un valor agregado que es la entrega de todos los accesorios, la atenci\u00f3n inmediata y el recambio ante cualquier incidente o rotura. Estos servicios fueron cr\u00edticos en situaciones como el combate de incendios en el \u00faltimo verano y alg\u00fan traslado de emergencia en el oeste pampeano. Vamos a seguir implementando estas antenas para el Gobierno provincial\u201d.<\/p>\n\n\n\n<p class=\"wp-block-paragraph\">Llevar telecomunicaciones a toda la provincia puede llegar a ser solo el inicio de esta empresa provincial. En el horizonte hay muchas oportunidades que podr\u00edan representar un gran salto para La Pampa y donde <strong>Empatel<\/strong> puede tener un papel preponderante.<\/p>\n\n\n\n<p class=\"wp-block-paragraph\">Solo por mencionar algunas, permanentemente se estudian rutas que puedan unir el Pac\u00edfico y el Atl\u00e1ntico, y el <strong>Paso Pehuenche<\/strong> surge como una alternativa estrat\u00e9gica para integrar a la provincia en un corredor digital bioce\u00e1nico. Su ubicaci\u00f3n central la convierte en un nodo clave de tr\u00e1nsito entre ambos oc\u00e9anos, permitiendo a la empresa desplegar fibra troncal y posicionarse en la conectividad regional.<\/p>\n\n\n\n<p class=\"wp-block-paragraph\">Asimismo, <strong>Empatel<\/strong> puede impulsar la llegada de nuevos \u201cedge datacenters\u201d. Lejos de complejos masivos orientados a la inteligencia artificial y de alto consumo energ\u00e9tico, se puede pensar en centros de datos de borde: instalaciones eficientes destinadas a reducir latencias y prestar servicios en la nube a la industria local, el agrotech y el sector p\u00fablico, donde la compa\u00f1\u00eda aporte la conectividad de fibra \u00f3ptica y la infraestructura necesaria en el territorio.<\/p>\n\n\n\n<p class=\"wp-block-paragraph\"><\/p>\n","protected":false},"excerpt":{"rendered":"<p>Los accionistas de la empresa Empatel Sapem aprobaron por unanimidad, en Asamblea Ordinaria, el balance correspondiente al ejercicio econ\u00f3mico finalizado el 31 de marzo de 2026. La presentaci\u00f3n arroj\u00f3 un&hellip;<\/p>\n","protected":false},"author":3,"featured_media":309789,"comment_status":"closed","ping_status":"open","sticky":false,"template":"","format":"standard","meta":{"_acf_changed":false,"footnotes":""},"categories":[4,12],"tags":[],"class_list":["post-334582","post","type-post","status-publish","format-standard","has-post-thumbnail","hentry","category-destacadas","category-sociedad"],"acf":[],"yoast_head":"<!-- This site is optimized with the Yoast SEO plugin v28.4 - https:\/\/yoast.com\/product\/yoast-seo-wordpress\/ -->\n<title>Empatel: se aprob\u00f3 el balance que registra el quinto a\u00f1o consecutivo con resultado positivo - Diario Textual<\/title>\n<meta name=\"robots\" content=\"index, follow, max-snippet:-1, max-image-preview:large, max-video-preview:-1\" \/>\n<link rel=\"canonical\" href=\"https:\/\/diariotextual.com\/inicio\/index.php\/2026\/09\/05\/empatel-se-aprobo-el-balance-2026-que-registra-el-quinto-ano-consecutivo-con-resultado-positivo\/\" \/>\n<meta property=\"og:locale\" content=\"es_ES\" \/>\n<meta property=\"og:type\" content=\"article\" \/>\n<meta property=\"og:title\" content=\"Empatel: se aprob\u00f3 el balance que registra el quinto a\u00f1o consecutivo con resultado positivo - Diario Textual\" \/>\n<meta property=\"og:description\" content=\"Los accionistas de la empresa Empatel Sapem aprobaron por unanimidad, en Asamblea Ordinaria, el balance correspondiente al ejercicio econ\u00f3mico finalizado el 31 de marzo de 2026. La presentaci\u00f3n arroj\u00f3 un&hellip;\" \/>\n<meta property=\"og:url\" content=\"https:\/\/diariotextual.com\/inicio\/index.php\/2026\/09\/05\/empatel-se-aprobo-el-balance-2026-que-registra-el-quinto-ano-consecutivo-con-resultado-positivo\/\" \/>\n<meta property=\"og:site_name\" content=\"Diario Textual\" \/>\n<meta property=\"article:publisher\" content=\"https:\/\/www.facebook.com\/eltextual\" \/>\n<meta property=\"article:published_time\" content=\"2026-09-05T11:59:40+00:00\" \/>\n<meta property=\"article:modified_time\" content=\"2026-09-05T12:11:52+00:00\" \/>\n<meta property=\"og:image\" content=\"https:\/\/diariotextual.com\/inicio\/wp-content\/uploads\/2025\/10\/empatelpuelches2025.jpg\" \/>\n\t<meta property=\"og:image:width\" content=\"900\" \/>\n\t<meta property=\"og:image:height\" content=\"554\" \/>\n\t<meta property=\"og:image:type\" content=\"image\/jpeg\" \/>\n<meta name=\"author\" content=\"Diario1 Diario1\" \/>\n<meta name=\"twitter:card\" content=\"summary_large_image\" \/>\n<meta name=\"twitter:creator\" content=\"@eltextual\" \/>\n<meta name=\"twitter:site\" content=\"@eltextual\" \/>\n<meta name=\"twitter:label1\" content=\"Escrito por\" \/>\n\t<meta name=\"twitter:data1\" content=\"Diario1 Diario1\" \/>\n\t<meta name=\"twitter:label2\" content=\"Tiempo de lectura\" \/>\n\t<meta name=\"twitter:data2\" content=\"4 minutos\" \/>\n<script type=\"application\/ld+json\" class=\"yoast-schema-graph\">{\"@context\":\"https:\\\/\\\/schema.org\",\"@graph\":[{\"@type\":\"Article\",\"@id\":\"https:\\\/\\\/diariotextual.com\\\/inicio\\\/index.php\\\/2026\\\/09\\\/05\\\/empatel-se-aprobo-el-balance-2026-que-registra-el-quinto-ano-consecutivo-con-resultado-positivo\\\/#article\",\"isPartOf\":{\"@id\":\"https:\\\/\\\/diariotextual.com\\\/inicio\\\/index.php\\\/2026\\\/09\\\/05\\\/empatel-se-aprobo-el-balance-2026-que-registra-el-quinto-ano-consecutivo-con-resultado-positivo\\\/\"},\"author\":{\"name\":\"Diario1 Diario1\",\"@id\":\"https:\\\/\\\/diariotextual.com\\\/inicio\\\/#\\\/schema\\\/person\\\/418fc4093c33e86ed41562db3508f958\"},\"headline\":\"Empatel: se aprob\u00f3 el balance que registra el quinto a\u00f1o consecutivo con resultado positivo\",\"datePublished\":\"2026-09-05T11:59:40+00:00\",\"dateModified\":\"2026-09-05T12:11:52+00:00\",\"mainEntityOfPage\":{\"@id\":\"https:\\\/\\\/diariotextual.com\\\/inicio\\\/index.php\\\/2026\\\/09\\\/05\\\/empatel-se-aprobo-el-balance-2026-que-registra-el-quinto-ano-consecutivo-con-resultado-positivo\\\/\"},\"wordCount\":745,\"publisher\":{\"@id\":\"https:\\\/\\\/diariotextual.com\\\/inicio\\\/#organization\"},\"image\":{\"@id\":\"https:\\\/\\\/diariotextual.com\\\/inicio\\\/index.php\\\/2026\\\/09\\\/05\\\/empatel-se-aprobo-el-balance-2026-que-registra-el-quinto-ano-consecutivo-con-resultado-positivo\\\/#primaryimage\"},\"thumbnailUrl\":\"https:\\\/\\\/diariotextual.com\\\/inicio\\\/wp-content\\\/uploads\\\/2025\\\/10\\\/empatelpuelches2025.jpg\",\"articleSection\":[\"A - DESTACADAS (mod 16)\",\"SOCIEDAD\"],\"inLanguage\":\"es\"},{\"@type\":\"WebPage\",\"@id\":\"https:\\\/\\\/diariotextual.com\\\/inicio\\\/index.php\\\/2026\\\/09\\\/05\\\/empatel-se-aprobo-el-balance-2026-que-registra-el-quinto-ano-consecutivo-con-resultado-positivo\\\/\",\"url\":\"https:\\\/\\\/diariotextual.com\\\/inicio\\\/index.php\\\/2026\\\/09\\\/05\\\/empatel-se-aprobo-el-balance-2026-que-registra-el-quinto-ano-consecutivo-con-resultado-positivo\\\/\",\"name\":\"Empatel: se aprob\u00f3 el balance que registra el quinto a\u00f1o consecutivo con resultado positivo - Diario Textual\",\"isPartOf\":{\"@id\":\"https:\\\/\\\/diariotextual.com\\\/inicio\\\/#website\"},\"primaryImageOfPage\":{\"@id\":\"https:\\\/\\\/diariotextual.com\\\/inicio\\\/index.php\\\/2026\\\/09\\\/05\\\/empatel-se-aprobo-el-balance-2026-que-registra-el-quinto-ano-consecutivo-con-resultado-positivo\\\/#primaryimage\"},\"image\":{\"@id\":\"https:\\\/\\\/diariotextual.com\\\/inicio\\\/index.php\\\/2026\\\/09\\\/05\\\/empatel-se-aprobo-el-balance-2026-que-registra-el-quinto-ano-consecutivo-con-resultado-positivo\\\/#primaryimage\"},\"thumbnailUrl\":\"https:\\\/\\\/diariotextual.com\\\/inicio\\\/wp-content\\\/uploads\\\/2025\\\/10\\\/empatelpuelches2025.jpg\",\"datePublished\":\"2026-09-05T11:59:40+00:00\",\"dateModified\":\"2026-09-05T12:11:52+00:00\",\"breadcrumb\":{\"@id\":\"https:\\\/\\\/diariotextual.com\\\/inicio\\\/index.php\\\/2026\\\/09\\\/05\\\/empatel-se-aprobo-el-balance-2026-que-registra-el-quinto-ano-consecutivo-con-resultado-positivo\\\/#breadcrumb\"},\"inLanguage\":\"es\",\"potentialAction\":[{\"@type\":\"ReadAction\",\"target\":[\"https:\\\/\\\/diariotextual.com\\\/inicio\\\/index.php\\\/2026\\\/09\\\/05\\\/empatel-se-aprobo-el-balance-2026-que-registra-el-quinto-ano-consecutivo-con-resultado-positivo\\\/\"]}]},{\"@type\":\"ImageObject\",\"inLanguage\":\"es\",\"@id\":\"https:\\\/\\\/diariotextual.com\\\/inicio\\\/index.php\\\/2026\\\/09\\\/05\\\/empatel-se-aprobo-el-balance-2026-que-registra-el-quinto-ano-consecutivo-con-resultado-positivo\\\/#primaryimage\",\"url\":\"https:\\\/\\\/diariotextual.com\\\/inicio\\\/wp-content\\\/uploads\\\/2025\\\/10\\\/empatelpuelches2025.jpg\",\"contentUrl\":\"https:\\\/\\\/diariotextual.com\\\/inicio\\\/wp-content\\\/uploads\\\/2025\\\/10\\\/empatelpuelches2025.jpg\",\"width\":900,\"height\":554},{\"@type\":\"BreadcrumbList\",\"@id\":\"https:\\\/\\\/diariotextual.com\\\/inicio\\\/index.php\\\/2026\\\/09\\\/05\\\/empatel-se-aprobo-el-balance-2026-que-registra-el-quinto-ano-consecutivo-con-resultado-positivo\\\/#breadcrumb\",\"itemListElement\":[{\"@type\":\"ListItem\",\"position\":1,\"name\":\"Portada\",\"item\":\"https:\\\/\\\/diariotextual.com\\\/inicio\\\/\"},{\"@type\":\"ListItem\",\"position\":2,\"name\":\"Empatel: se aprob\u00f3 el balance que registra el quinto a\u00f1o consecutivo con resultado positivo\"}]},{\"@type\":\"WebSite\",\"@id\":\"https:\\\/\\\/diariotextual.com\\\/inicio\\\/#website\",\"url\":\"https:\\\/\\\/diariotextual.com\\\/inicio\\\/\",\"name\":\"Diario Textual\",\"description\":\"\",\"publisher\":{\"@id\":\"https:\\\/\\\/diariotextual.com\\\/inicio\\\/#organization\"},\"potentialAction\":[{\"@type\":\"SearchAction\",\"target\":{\"@type\":\"EntryPoint\",\"urlTemplate\":\"https:\\\/\\\/diariotextual.com\\\/inicio\\\/?s={search_term_string}\"},\"query-input\":{\"@type\":\"PropertyValueSpecification\",\"valueRequired\":true,\"valueName\":\"search_term_string\"}}],\"inLanguage\":\"es\"},{\"@type\":\"Organization\",\"@id\":\"https:\\\/\\\/diariotextual.com\\\/inicio\\\/#organization\",\"name\":\"Diario Textual\",\"url\":\"https:\\\/\\\/diariotextual.com\\\/inicio\\\/\",\"logo\":{\"@type\":\"ImageObject\",\"inLanguage\":\"es\",\"@id\":\"https:\\\/\\\/diariotextual.com\\\/inicio\\\/#\\\/schema\\\/logo\\\/image\\\/\",\"url\":\"https:\\\/\\\/diariotextual.com\\\/inicio\\\/wp-content\\\/uploads\\\/2023\\\/05\\\/logotextual1.jpg\",\"contentUrl\":\"https:\\\/\\\/diariotextual.com\\\/inicio\\\/wp-content\\\/uploads\\\/2023\\\/05\\\/logotextual1.jpg\",\"width\":516,\"height\":76,\"caption\":\"Diario Textual\"},\"image\":{\"@id\":\"https:\\\/\\\/diariotextual.com\\\/inicio\\\/#\\\/schema\\\/logo\\\/image\\\/\"},\"sameAs\":[\"https:\\\/\\\/www.facebook.com\\\/eltextual\",\"https:\\\/\\\/x.com\\\/eltextual\",\"http:\\\/\\\/www.instagram.com\\\/eltextual\"]},{\"@type\":\"Person\",\"@id\":\"https:\\\/\\\/diariotextual.com\\\/inicio\\\/#\\\/schema\\\/person\\\/418fc4093c33e86ed41562db3508f958\",\"name\":\"Diario1 Diario1\",\"image\":{\"@type\":\"ImageObject\",\"inLanguage\":\"es\",\"@id\":\"https:\\\/\\\/secure.gravatar.com\\\/avatar\\\/9167d280179c85bc18be67aa7eda765854300033af4896dd779b608640f2ef7a?s=96&d=mm&r=g\",\"url\":\"https:\\\/\\\/secure.gravatar.com\\\/avatar\\\/9167d280179c85bc18be67aa7eda765854300033af4896dd779b608640f2ef7a?s=96&d=mm&r=g\",\"contentUrl\":\"https:\\\/\\\/secure.gravatar.com\\\/avatar\\\/9167d280179c85bc18be67aa7eda765854300033af4896dd779b608640f2ef7a?s=96&d=mm&r=g\",\"caption\":\"Diario1 Diario1\"},\"url\":\"https:\\\/\\\/diariotextual.com\\\/inicio\\\/index.php\\\/author\\\/diario1\\\/\"}]}<\/script>\n<!-- \/ Yoast SEO plugin. -->","yoast_head_json":{"title":"Empatel: se aprob\u00f3 el balance que registra el quinto a\u00f1o consecutivo con resultado positivo - Diario Textual","robots":{"index":"index","follow":"follow","max-snippet":"max-snippet:-1","max-image-preview":"max-image-preview:large","max-video-preview":"max-video-preview:-1"},"canonical":"https:\/\/diariotextual.com\/inicio\/index.php\/2026\/09\/05\/empatel-se-aprobo-el-balance-2026-que-registra-el-quinto-ano-consecutivo-con-resultado-positivo\/","og_locale":"es_ES","og_type":"article","og_title":"Empatel: se aprob\u00f3 el balance que registra el quinto a\u00f1o consecutivo con resultado positivo - Diario Textual","og_description":"Los accionistas de la empresa Empatel Sapem aprobaron por unanimidad, en Asamblea Ordinaria, el balance correspondiente al ejercicio econ\u00f3mico finalizado el 31 de marzo de 2026. La presentaci\u00f3n arroj\u00f3 un&hellip;","og_url":"https:\/\/diariotextual.com\/inicio\/index.php\/2026\/09\/05\/empatel-se-aprobo-el-balance-2026-que-registra-el-quinto-ano-consecutivo-con-resultado-positivo\/","og_site_name":"Diario Textual","article_publisher":"https:\/\/www.facebook.com\/eltextual","article_published_time":"2026-09-05T11:59:40+00:00","article_modified_time":"2026-09-05T12:11:52+00:00","og_image":[{"width":900,"height":554,"url":"https:\/\/diariotextual.com\/inicio\/wp-content\/uploads\/2025\/10\/empatelpuelches2025.jpg","type":"image\/jpeg"}],"author":"Diario1 Diario1","twitter_card":"summary_large_image","twitter_creator":"@eltextual","twitter_site":"@eltextual","twitter_misc":{"Escrito por":"Diario1 Diario1","Tiempo de lectura":"4 minutos"},"schema":{"@context":"https:\/\/schema.org","@graph":[{"@type":"Article","@id":"https:\/\/diariotextual.com\/inicio\/index.php\/2026\/09\/05\/empatel-se-aprobo-el-balance-2026-que-registra-el-quinto-ano-consecutivo-con-resultado-positivo\/#article","isPartOf":{"@id":"https:\/\/diariotextual.com\/inicio\/index.php\/2026\/09\/05\/empatel-se-aprobo-el-balance-2026-que-registra-el-quinto-ano-consecutivo-con-resultado-positivo\/"},"author":{"name":"Diario1 Diario1","@id":"https:\/\/diariotextual.com\/inicio\/#\/schema\/person\/418fc4093c33e86ed41562db3508f958"},"headline":"Empatel: se aprob\u00f3 el balance que registra el quinto a\u00f1o consecutivo con resultado positivo","datePublished":"2026-09-05T11:59:40+00:00","dateModified":"2026-09-05T12:11:52+00:00","mainEntityOfPage":{"@id":"https:\/\/diariotextual.com\/inicio\/index.php\/2026\/09\/05\/empatel-se-aprobo-el-balance-2026-que-registra-el-quinto-ano-consecutivo-con-resultado-positivo\/"},"wordCount":745,"publisher":{"@id":"https:\/\/diariotextual.com\/inicio\/#organization"},"image":{"@id":"https:\/\/diariotextual.com\/inicio\/index.php\/2026\/09\/05\/empatel-se-aprobo-el-balance-2026-que-registra-el-quinto-ano-consecutivo-con-resultado-positivo\/#primaryimage"},"thumbnailUrl":"https:\/\/diariotextual.com\/inicio\/wp-content\/uploads\/2025\/10\/empatelpuelches2025.jpg","articleSection":["A - DESTACADAS (mod 16)","SOCIEDAD"],"inLanguage":"es"},{"@type":"WebPage","@id":"https:\/\/diariotextual.com\/inicio\/index.php\/2026\/09\/05\/empatel-se-aprobo-el-balance-2026-que-registra-el-quinto-ano-consecutivo-con-resultado-positivo\/","url":"https:\/\/diariotextual.com\/inicio\/index.php\/2026\/09\/05\/empatel-se-aprobo-el-balance-2026-que-registra-el-quinto-ano-consecutivo-con-resultado-positivo\/","name":"Empatel: se aprob\u00f3 el balance que registra el quinto a\u00f1o consecutivo con resultado positivo - Diario Textual","isPartOf":{"@id":"https:\/\/diariotextual.com\/inicio\/#website"},"primaryImageOfPage":{"@id":"https:\/\/diariotextual.com\/inicio\/index.php\/2026\/09\/05\/empatel-se-aprobo-el-balance-2026-que-registra-el-quinto-ano-consecutivo-con-resultado-positivo\/#primaryimage"},"image":{"@id":"https:\/\/diariotextual.com\/inicio\/index.php\/2026\/09\/05\/empatel-se-aprobo-el-balance-2026-que-registra-el-quinto-ano-consecutivo-con-resultado-positivo\/#primaryimage"},"thumbnailUrl":"https:\/\/diariotextual.com\/inicio\/wp-content\/uploads\/2025\/10\/empatelpuelches2025.jpg","datePublished":"2026-09-05T11:59:40+00:00","dateModified":"2026-09-05T12:11:52+00:00","breadcrumb":{"@id":"https:\/\/diariotextual.com\/inicio\/index.php\/2026\/09\/05\/empatel-se-aprobo-el-balance-2026-que-registra-el-quinto-ano-consecutivo-con-resultado-positivo\/#breadcrumb"},"inLanguage":"es","potentialAction":[{"@type":"ReadAction","target":["https:\/\/diariotextual.com\/inicio\/index.php\/2026\/09\/05\/empatel-se-aprobo-el-balance-2026-que-registra-el-quinto-ano-consecutivo-con-resultado-positivo\/"]}]},{"@type":"ImageObject","inLanguage":"es","@id":"https:\/\/diariotextual.com\/inicio\/index.php\/2026\/09\/05\/empatel-se-aprobo-el-balance-2026-que-registra-el-quinto-ano-consecutivo-con-resultado-positivo\/#primaryimage","url":"https:\/\/diariotextual.com\/inicio\/wp-content\/uploads\/2025\/10\/empatelpuelches2025.jpg","contentUrl":"https:\/\/diariotextual.com\/inicio\/wp-content\/uploads\/2025\/10\/empatelpuelches2025.jpg","width":900,"height":554},{"@type":"BreadcrumbList","@id":"https:\/\/diariotextual.com\/inicio\/index.php\/2026\/09\/05\/empatel-se-aprobo-el-balance-2026-que-registra-el-quinto-ano-consecutivo-con-resultado-positivo\/#breadcrumb","itemListElement":[{"@type":"ListItem","position":1,"name":"Portada","item":"https:\/\/diariotextual.com\/inicio\/"},{"@type":"ListItem","position":2,"name":"Empatel: se aprob\u00f3 el balance que registra el quinto a\u00f1o consecutivo con resultado positivo"}]},{"@type":"WebSite","@id":"https:\/\/diariotextual.com\/inicio\/#website","url":"https:\/\/diariotextual.com\/inicio\/","name":"Diario Textual","description":"","publisher":{"@id":"https:\/\/diariotextual.com\/inicio\/#organization"},"potentialAction":[{"@type":"SearchAction","target":{"@type":"EntryPoint","urlTemplate":"https:\/\/diariotextual.com\/inicio\/?s={search_term_string}"},"query-input":{"@type":"PropertyValueSpecification","valueRequired":true,"valueName":"search_term_string"}}],"inLanguage":"es"},{"@type":"Organization","@id":"https:\/\/diariotextual.com\/inicio\/#organization","name":"Diario Textual","url":"https:\/\/diariotextual.com\/inicio\/","logo":{"@type":"ImageObject","inLanguage":"es","@id":"https:\/\/diariotextual.com\/inicio\/#\/schema\/logo\/image\/","url":"https:\/\/diariotextual.com\/inicio\/wp-content\/uploads\/2023\/05\/logotextual1.jpg","contentUrl":"https:\/\/diariotextual.com\/inicio\/wp-content\/uploads\/2023\/05\/logotextual1.jpg","width":516,"height":76,"caption":"Diario Textual"},"image":{"@id":"https:\/\/diariotextual.com\/inicio\/#\/schema\/logo\/image\/"},"sameAs":["https:\/\/www.facebook.com\/eltextual","https:\/\/x.com\/eltextual","http:\/\/www.instagram.com\/eltextual"]},{"@type":"Person","@id":"https:\/\/diariotextual.com\/inicio\/#\/schema\/person\/418fc4093c33e86ed41562db3508f958","name":"Diario1 Diario1","image":{"@type":"ImageObject","inLanguage":"es","@id":"https:\/\/secure.gravatar.com\/avatar\/9167d280179c85bc18be67aa7eda765854300033af4896dd779b608640f2ef7a?s=96&d=mm&r=g","url":"https:\/\/secure.gravatar.com\/avatar\/9167d280179c85bc18be67aa7eda765854300033af4896dd779b608640f2ef7a?s=96&d=mm&r=g","contentUrl":"https:\/\/secure.gravatar.com\/avatar\/9167d280179c85bc18be67aa7eda765854300033af4896dd779b608640f2ef7a?s=96&d=mm&r=g","caption":"Diario1 Diario1"},"url":"https:\/\/diariotextual.com\/inicio\/index.php\/author\/diario1\/"}]}},"_links":{"self":[{"href":"https:\/\/diariotextual.com\/inicio\/index.php\/wp-json\/wp\/v2\/posts\/334582","targetHints":{"allow":["GET"]}}],"collection":[{"href":"https:\/\/diariotextual.com\/inicio\/index.php\/wp-json\/wp\/v2\/posts"}],"about":[{"href":"https:\/\/diariotextual.com\/inicio\/index.php\/wp-json\/wp\/v2\/types\/post"}],"author":[{"embeddable":true,"href":"https:\/\/diariotextual.com\/inicio\/index.php\/wp-json\/wp\/v2\/users\/3"}],"replies":[{"embeddable":true,"href":"https:\/\/diariotextual.com\/inicio\/index.php\/wp-json\/wp\/v2\/comments?post=334582"}],"version-history":[{"count":3,"href":"https:\/\/diariotextual.com\/inicio\/index.php\/wp-json\/wp\/v2\/posts\/334582\/revisions"}],"predecessor-version":[{"id":334587,"href":"https:\/\/diariotextual.com\/inicio\/index.php\/wp-json\/wp\/v2\/posts\/334582\/revisions\/334587"}],"wp:featuredmedia":[{"embeddable":true,"href":"https:\/\/diariotextual.com\/inicio\/index.php\/wp-json\/wp\/v2\/media\/309789"}],"wp:attachment":[{"href":"https:\/\/diariotextual.com\/inicio\/index.php\/wp-json\/wp\/v2\/media?parent=334582"}],"wp:term":[{"taxonomy":"category","embeddable":true,"href":"https:\/\/diariotextual.com\/inicio\/index.php\/wp-json\/wp\/v2\/categories?post=334582"},{"taxonomy":"post_tag","embeddable":true,"href":"https:\/\/diariotextual.com\/inicio\/index.php\/wp-json\/wp\/v2\/tags?post=334582"}],"curies":[{"name":"wp","href":"https:\/\/api.w.org\/{rel}","templated":true}]}}