{"id":334585,"date":"2026-09-05T09:06:22","date_gmt":"2026-09-05T12:06:22","guid":{"rendered":"https:\/\/diariotextual.com\/inicio\/?p=334585"},"modified":"2026-09-05T09:06:24","modified_gmt":"2026-09-05T12:06:24","slug":"salud-de-la-pampa-amplio-el-adicional-por-actividad-critica-quienes-quedan-incluidos","status":"publish","type":"post","link":"https:\/\/diariotextual.com\/inicio\/index.php\/2026\/09\/05\/salud-de-la-pampa-amplio-el-adicional-por-actividad-critica-quienes-quedan-incluidos\/","title":{"rendered":"Salud de La Pampa ampli\u00f3 el adicional por actividad cr\u00edtica: qui\u00e9nes quedan incluidos"},"content":{"rendered":"\n<p class=\"wp-block-paragraph\">El Gobierno provincial <strong>ampli\u00f3 el universo de trabajadores de Salud que pueden percibir el Adicional por Actividad Cr\u00edtica<\/strong>, a trav\u00e9s de una modificaci\u00f3n del art\u00edculo 40 del Decreto N\u00ba 2638\/91, reglamentario de la Ley de Carrera Sanitaria N\u00ba 1279.<\/p>\n\n\n\n<p class=\"wp-block-paragraph\">La medida fue establecida mediante el <strong>Decreto N.\u00ba 1388, firmado el 18 de agosto de 2026<\/strong>, que incorpora nuevas funciones y servicios al r\u00e9gimen de bonificaci\u00f3n.<\/p>\n\n\n\n<p class=\"wp-block-paragraph\">El <strong>Adicional por Actividad Cr\u00edtica<\/strong> en la salud p\u00fablica de <strong>La Pampa<\/strong> es un suplemento salarial destinado a los trabajadores que se desempe\u00f1an de forma permanente en servicios de alto riesgo, exposici\u00f3n o tensi\u00f3n.<\/p>\n\n\n\n<p class=\"wp-block-paragraph\">La normativa mantiene el adicional para agentes de las ramas <strong>Profesional, T\u00e9cnica y Enfermer\u00eda<\/strong> que trabajan de manera permanente en servicios como <strong>radiolog\u00eda, terapia por irradiaci\u00f3n, medicina nuclear y terapia intensiva<\/strong>. Tambi\u00e9n contempla a personal de las ramas Profesional, T\u00e9cnica, Enfermer\u00eda y Servicios Generales y Mantenimiento que se desempe\u00f1e en forma permanente en <strong>salud mental, laboratorio, bacteriolog\u00eda, quir\u00f3fano, hematolog\u00eda, anatomopatolog\u00eda, esterilizaci\u00f3n y oncolog\u00eda<\/strong>, adem\u00e1s de la Direcci\u00f3n de Bromatolog\u00eda y Saneamiento Ambiental.<\/p>\n\n\n\n<p class=\"wp-block-paragraph\">La principal novedad es la incorporaci\u00f3n expresa de otros trabajadores que hasta ahora no estaban enumerados en ese art\u00edculo. Entre ellos aparecen los <strong>enfermeros del Servicio de Cl\u00ednica Quir\u00fargica de los hospitales Lucio Molas \u2013 Favaloro y Gobernador Centeno<\/strong> y los <strong>camilleros que trabajan de manera permanente en esos establecimientos<\/strong>. Tambi\u00e9n quedan alcanzados los trabajadores que conducen ambulancias en forma permanente en el Servicio de Emergencias M\u00e9dicas de <strong>Santa Rosa y General Pico<\/strong>.<\/p>\n\n\n\n<p class=\"wp-block-paragraph\">La ampliaci\u00f3n alcanza adem\u00e1s al personal que trabaja de manera permanente en las <strong>guardias centrales del complejo hospitalario Lucio Molas \u2013 Favaloro y del Hospital Gobernador Centeno<\/strong>, a los <strong>radio-operadores y al personal de enfermer\u00eda del Servicio de Emergencias M\u00e9dicas de Santa Rosa y General Pico<\/strong>, y al personal del <strong>Departamento de Ox\u00edgeno<\/strong> de la planta generadora ubicada en los predios de los hospitales Lucio Molas, Gobernador Centeno y Padre Buodo.<\/p>\n\n\n\n<p class=\"wp-block-paragraph\">Tambi\u00e9n fueron incorporados quienes cumplen funciones permanentes en el <strong>Servicio de Di\u00e1lisis del Hospital Padre Buodo<\/strong>, profesionales odont\u00f3logos y personal que asiste en los consultorios odontol\u00f3gicos durante la atenci\u00f3n de pacientes, y profesionales, enfermeros, t\u00e9cnicos y trabajadores de servicios generales de los <strong>servicios transfusionales hospitalarios y bancos de sangre intrahospitalarios<\/strong>.<\/p>\n\n\n\n<p class=\"wp-block-paragraph\">La norma contin\u00faa con el personal de <strong>enfermer\u00eda y servicios generales de las internaciones pedi\u00e1tricas<\/strong> del Lucio Molas &#8211; Favaloro y Gobernador Centeno. Tambi\u00e9n incluye a <strong>mec\u00e1nicos dentales, t\u00e9cnicos protesistas dentales e id\u00f3neos<\/strong> que trabajan en laboratorios de pr\u00f3tesis dentales, a los conductores de ambulancias de los establecimientos asistenciales que efectivamente realicen esa tarea y a los trabajadores de la <strong>farmacia del Centro Sanitario<\/strong>.<\/p>\n\n\n\n<p class=\"wp-block-paragraph\">El decreto establece adem\u00e1s el mecanismo para determinar qui\u00e9nes cobran efectivamente la bonificaci\u00f3n: <strong>las direcciones de los establecimientos deber\u00e1n elevar a la Subsecretar\u00eda de Salud el listado del personal que re\u00fana las condiciones<\/strong>, y tendr\u00e1n que informar los movimientos del personal que puedan modificar el beneficio. En caso de reemplazos, el adicional corresponder\u00e1 exclusivamente a quien efectivamente preste el servicio durante ese per\u00edodo.<\/p>\n\n\n\n<p class=\"wp-block-paragraph\">El Gobierno tambi\u00e9n reconoci\u00f3 la modificaci\u00f3n incorporada previamente mediante la <strong>Resoluci\u00f3n N\u00ba 95\/26 de la Secretar\u00eda de Trabajo y Promoci\u00f3n del Empleo<\/strong>, con vigencia desde el <strong>17 de junio de 2026<\/strong>. El gasto que demande la medida, seg\u00fan el decreto, est\u00e1 contemplado en el presupuesto vigente.<\/p>\n\n\n\n<p class=\"wp-block-paragraph\"><\/p>\n\n\n\n<figure class=\"wp-block-embed is-type-wp-embed is-provider-diario-textual wp-block-embed-diario-textual\"><div class=\"wp-block-embed__wrapper\">\n<blockquote class=\"wp-embedded-content\" data-secret=\"iZtiVWjoPB\"><a href=\"https:\/\/diariotextual.com\/inicio\/index.php\/2026\/09\/03\/la-provincia-paga-8-400-millones-al-ano-a-solo-15-anestesistas-de-la-pampa-y-ahora-buscan-cambiar-las-reglas-del-juego\/\">La Provincia paga $8.400 millones al a\u00f1o a solo 15 anestesistas de La Pampa y ahora buscan cambiar las reglas del juego<\/a><\/blockquote><iframe class=\"wp-embedded-content\" sandbox=\"allow-scripts\" security=\"restricted\" style=\"position: absolute; visibility: hidden;\" title=\"\u00abLa Provincia paga $8.400 millones al a\u00f1o a solo 15 anestesistas de La Pampa y ahora buscan cambiar las reglas del juego\u00bb \u2014 Diario Textual\" src=\"https:\/\/diariotextual.com\/inicio\/index.php\/2026\/09\/03\/la-provincia-paga-8-400-millones-al-ano-a-solo-15-anestesistas-de-la-pampa-y-ahora-buscan-cambiar-las-reglas-del-juego\/embed\/#?secret=WJx5bUVT4a#?secret=iZtiVWjoPB\" data-secret=\"iZtiVWjoPB\" width=\"600\" height=\"338\" frameborder=\"0\" marginwidth=\"0\" marginheight=\"0\" scrolling=\"no\"><\/iframe>\n<\/div><\/figure>\n\n\n\n<p class=\"wp-block-paragraph\"><\/p>\n\n\n\n<p class=\"wp-block-paragraph\">La norma modifica as\u00ed un r\u00e9gimen que alcanza a un abanico amplio de trabajadores del sistema sanitario provincial y <strong>extiende expresamente la bonificaci\u00f3n a \u00e1reas cr\u00edticas que van desde las emergencias y las guardias hasta di\u00e1lisis, bancos de sangre, internaci\u00f3n pedi\u00e1trica, odontolog\u00eda y transporte sanitario<\/strong>.<\/p>\n\n\n\n<p class=\"wp-block-paragraph\"><\/p>\n","protected":false},"excerpt":{"rendered":"<p>El Gobierno provincial ampli\u00f3 el universo de trabajadores de Salud que pueden percibir el Adicional por Actividad Cr\u00edtica, a trav\u00e9s de una modificaci\u00f3n del art\u00edculo 40 del Decreto N\u00ba 2638\/91,&hellip;<\/p>\n","protected":false},"author":3,"featured_media":226648,"comment_status":"closed","ping_status":"open","sticky":false,"template":"","format":"standard","meta":{"_acf_changed":false,"footnotes":""},"categories":[9,12],"tags":[],"class_list":["post-334585","post","type-post","status-publish","format-standard","has-post-thumbnail","hentry","category-portada","category-sociedad"],"acf":[],"yoast_head":"<!-- This site is optimized with the Yoast SEO plugin v28.4 - https:\/\/yoast.com\/product\/yoast-seo-wordpress\/ -->\n<title>Salud de La Pampa ampli\u00f3 el adicional por actividad cr\u00edtica: qui\u00e9nes quedan incluidos - Diario Textual<\/title>\n<meta name=\"robots\" content=\"index, follow, max-snippet:-1, max-image-preview:large, max-video-preview:-1\" \/>\n<link rel=\"canonical\" href=\"https:\/\/diariotextual.com\/inicio\/index.php\/2026\/09\/05\/salud-de-la-pampa-amplio-el-adicional-por-actividad-critica-quienes-quedan-incluidos\/\" \/>\n<meta property=\"og:locale\" content=\"es_ES\" \/>\n<meta property=\"og:type\" content=\"article\" \/>\n<meta property=\"og:title\" content=\"Salud de La Pampa ampli\u00f3 el adicional por actividad cr\u00edtica: qui\u00e9nes quedan incluidos - Diario Textual\" \/>\n<meta property=\"og:description\" content=\"El Gobierno provincial ampli\u00f3 el universo de trabajadores de Salud que pueden percibir el Adicional por Actividad Cr\u00edtica, a trav\u00e9s de una modificaci\u00f3n del art\u00edculo 40 del Decreto N\u00ba 2638\/91,&hellip;\" \/>\n<meta property=\"og:url\" content=\"https:\/\/diariotextual.com\/inicio\/index.php\/2026\/09\/05\/salud-de-la-pampa-amplio-el-adicional-por-actividad-critica-quienes-quedan-incluidos\/\" \/>\n<meta property=\"og:site_name\" content=\"Diario Textual\" \/>\n<meta property=\"article:publisher\" content=\"https:\/\/www.facebook.com\/eltextual\" \/>\n<meta property=\"article:published_time\" content=\"2026-09-05T12:06:22+00:00\" \/>\n<meta property=\"article:modified_time\" content=\"2026-09-05T12:06:24+00:00\" \/>\n<meta property=\"og:image\" content=\"https:\/\/diariotextual.com\/inicio\/wp-content\/uploads\/2023\/05\/hospitalfavaloro2023-1010.jpg\" \/>\n\t<meta property=\"og:image:width\" content=\"1500\" \/>\n\t<meta property=\"og:image:height\" content=\"1001\" \/>\n\t<meta property=\"og:image:type\" content=\"image\/jpeg\" \/>\n<meta name=\"author\" content=\"Diario1 Diario1\" \/>\n<meta name=\"twitter:card\" content=\"summary_large_image\" \/>\n<meta name=\"twitter:creator\" content=\"@eltextual\" \/>\n<meta name=\"twitter:site\" content=\"@eltextual\" \/>\n<meta name=\"twitter:label1\" content=\"Escrito por\" \/>\n\t<meta name=\"twitter:data1\" content=\"Diario1 Diario1\" \/>\n\t<meta name=\"twitter:label2\" content=\"Tiempo de lectura\" \/>\n\t<meta name=\"twitter:data2\" content=\"3 minutos\" \/>\n<script type=\"application\/ld+json\" class=\"yoast-schema-graph\">{\"@context\":\"https:\\\/\\\/schema.org\",\"@graph\":[{\"@type\":\"Article\",\"@id\":\"https:\\\/\\\/diariotextual.com\\\/inicio\\\/index.php\\\/2026\\\/09\\\/05\\\/salud-de-la-pampa-amplio-el-adicional-por-actividad-critica-quienes-quedan-incluidos\\\/#article\",\"isPartOf\":{\"@id\":\"https:\\\/\\\/diariotextual.com\\\/inicio\\\/index.php\\\/2026\\\/09\\\/05\\\/salud-de-la-pampa-amplio-el-adicional-por-actividad-critica-quienes-quedan-incluidos\\\/\"},\"author\":{\"name\":\"Diario1 Diario1\",\"@id\":\"https:\\\/\\\/diariotextual.com\\\/inicio\\\/#\\\/schema\\\/person\\\/418fc4093c33e86ed41562db3508f958\"},\"headline\":\"Salud de La Pampa ampli\u00f3 el adicional por actividad cr\u00edtica: qui\u00e9nes quedan incluidos\",\"datePublished\":\"2026-09-05T12:06:22+00:00\",\"dateModified\":\"2026-09-05T12:06:24+00:00\",\"mainEntityOfPage\":{\"@id\":\"https:\\\/\\\/diariotextual.com\\\/inicio\\\/index.php\\\/2026\\\/09\\\/05\\\/salud-de-la-pampa-amplio-el-adicional-por-actividad-critica-quienes-quedan-incluidos\\\/\"},\"wordCount\":671,\"publisher\":{\"@id\":\"https:\\\/\\\/diariotextual.com\\\/inicio\\\/#organization\"},\"image\":{\"@id\":\"https:\\\/\\\/diariotextual.com\\\/inicio\\\/index.php\\\/2026\\\/09\\\/05\\\/salud-de-la-pampa-amplio-el-adicional-por-actividad-critica-quienes-quedan-incluidos\\\/#primaryimage\"},\"thumbnailUrl\":\"https:\\\/\\\/diariotextual.com\\\/inicio\\\/wp-content\\\/uploads\\\/2023\\\/05\\\/hospitalfavaloro2023-1010.jpg\",\"articleSection\":[\"A - PORTADA\",\"SOCIEDAD\"],\"inLanguage\":\"es\"},{\"@type\":\"WebPage\",\"@id\":\"https:\\\/\\\/diariotextual.com\\\/inicio\\\/index.php\\\/2026\\\/09\\\/05\\\/salud-de-la-pampa-amplio-el-adicional-por-actividad-critica-quienes-quedan-incluidos\\\/\",\"url\":\"https:\\\/\\\/diariotextual.com\\\/inicio\\\/index.php\\\/2026\\\/09\\\/05\\\/salud-de-la-pampa-amplio-el-adicional-por-actividad-critica-quienes-quedan-incluidos\\\/\",\"name\":\"Salud de La Pampa ampli\u00f3 el adicional por actividad cr\u00edtica: qui\u00e9nes quedan incluidos - Diario Textual\",\"isPartOf\":{\"@id\":\"https:\\\/\\\/diariotextual.com\\\/inicio\\\/#website\"},\"primaryImageOfPage\":{\"@id\":\"https:\\\/\\\/diariotextual.com\\\/inicio\\\/index.php\\\/2026\\\/09\\\/05\\\/salud-de-la-pampa-amplio-el-adicional-por-actividad-critica-quienes-quedan-incluidos\\\/#primaryimage\"},\"image\":{\"@id\":\"https:\\\/\\\/diariotextual.com\\\/inicio\\\/index.php\\\/2026\\\/09\\\/05\\\/salud-de-la-pampa-amplio-el-adicional-por-actividad-critica-quienes-quedan-incluidos\\\/#primaryimage\"},\"thumbnailUrl\":\"https:\\\/\\\/diariotextual.com\\\/inicio\\\/wp-content\\\/uploads\\\/2023\\\/05\\\/hospitalfavaloro2023-1010.jpg\",\"datePublished\":\"2026-09-05T12:06:22+00:00\",\"dateModified\":\"2026-09-05T12:06:24+00:00\",\"breadcrumb\":{\"@id\":\"https:\\\/\\\/diariotextual.com\\\/inicio\\\/index.php\\\/2026\\\/09\\\/05\\\/salud-de-la-pampa-amplio-el-adicional-por-actividad-critica-quienes-quedan-incluidos\\\/#breadcrumb\"},\"inLanguage\":\"es\",\"potentialAction\":[{\"@type\":\"ReadAction\",\"target\":[\"https:\\\/\\\/diariotextual.com\\\/inicio\\\/index.php\\\/2026\\\/09\\\/05\\\/salud-de-la-pampa-amplio-el-adicional-por-actividad-critica-quienes-quedan-incluidos\\\/\"]}]},{\"@type\":\"ImageObject\",\"inLanguage\":\"es\",\"@id\":\"https:\\\/\\\/diariotextual.com\\\/inicio\\\/index.php\\\/2026\\\/09\\\/05\\\/salud-de-la-pampa-amplio-el-adicional-por-actividad-critica-quienes-quedan-incluidos\\\/#primaryimage\",\"url\":\"https:\\\/\\\/diariotextual.com\\\/inicio\\\/wp-content\\\/uploads\\\/2023\\\/05\\\/hospitalfavaloro2023-1010.jpg\",\"contentUrl\":\"https:\\\/\\\/diariotextual.com\\\/inicio\\\/wp-content\\\/uploads\\\/2023\\\/05\\\/hospitalfavaloro2023-1010.jpg\",\"width\":1500,\"height\":1001},{\"@type\":\"BreadcrumbList\",\"@id\":\"https:\\\/\\\/diariotextual.com\\\/inicio\\\/index.php\\\/2026\\\/09\\\/05\\\/salud-de-la-pampa-amplio-el-adicional-por-actividad-critica-quienes-quedan-incluidos\\\/#breadcrumb\",\"itemListElement\":[{\"@type\":\"ListItem\",\"position\":1,\"name\":\"Portada\",\"item\":\"https:\\\/\\\/diariotextual.com\\\/inicio\\\/\"},{\"@type\":\"ListItem\",\"position\":2,\"name\":\"Salud de La Pampa ampli\u00f3 el adicional por actividad cr\u00edtica: qui\u00e9nes quedan incluidos\"}]},{\"@type\":\"WebSite\",\"@id\":\"https:\\\/\\\/diariotextual.com\\\/inicio\\\/#website\",\"url\":\"https:\\\/\\\/diariotextual.com\\\/inicio\\\/\",\"name\":\"Diario Textual\",\"description\":\"\",\"publisher\":{\"@id\":\"https:\\\/\\\/diariotextual.com\\\/inicio\\\/#organization\"},\"potentialAction\":[{\"@type\":\"SearchAction\",\"target\":{\"@type\":\"EntryPoint\",\"urlTemplate\":\"https:\\\/\\\/diariotextual.com\\\/inicio\\\/?s={search_term_string}\"},\"query-input\":{\"@type\":\"PropertyValueSpecification\",\"valueRequired\":true,\"valueName\":\"search_term_string\"}}],\"inLanguage\":\"es\"},{\"@type\":\"Organization\",\"@id\":\"https:\\\/\\\/diariotextual.com\\\/inicio\\\/#organization\",\"name\":\"Diario Textual\",\"url\":\"https:\\\/\\\/diariotextual.com\\\/inicio\\\/\",\"logo\":{\"@type\":\"ImageObject\",\"inLanguage\":\"es\",\"@id\":\"https:\\\/\\\/diariotextual.com\\\/inicio\\\/#\\\/schema\\\/logo\\\/image\\\/\",\"url\":\"https:\\\/\\\/diariotextual.com\\\/inicio\\\/wp-content\\\/uploads\\\/2023\\\/05\\\/logotextual1.jpg\",\"contentUrl\":\"https:\\\/\\\/diariotextual.com\\\/inicio\\\/wp-content\\\/uploads\\\/2023\\\/05\\\/logotextual1.jpg\",\"width\":516,\"height\":76,\"caption\":\"Diario Textual\"},\"image\":{\"@id\":\"https:\\\/\\\/diariotextual.com\\\/inicio\\\/#\\\/schema\\\/logo\\\/image\\\/\"},\"sameAs\":[\"https:\\\/\\\/www.facebook.com\\\/eltextual\",\"https:\\\/\\\/x.com\\\/eltextual\",\"http:\\\/\\\/www.instagram.com\\\/eltextual\"]},{\"@type\":\"Person\",\"@id\":\"https:\\\/\\\/diariotextual.com\\\/inicio\\\/#\\\/schema\\\/person\\\/418fc4093c33e86ed41562db3508f958\",\"name\":\"Diario1 Diario1\",\"image\":{\"@type\":\"ImageObject\",\"inLanguage\":\"es\",\"@id\":\"https:\\\/\\\/secure.gravatar.com\\\/avatar\\\/9167d280179c85bc18be67aa7eda765854300033af4896dd779b608640f2ef7a?s=96&d=mm&r=g\",\"url\":\"https:\\\/\\\/secure.gravatar.com\\\/avatar\\\/9167d280179c85bc18be67aa7eda765854300033af4896dd779b608640f2ef7a?s=96&d=mm&r=g\",\"contentUrl\":\"https:\\\/\\\/secure.gravatar.com\\\/avatar\\\/9167d280179c85bc18be67aa7eda765854300033af4896dd779b608640f2ef7a?s=96&d=mm&r=g\",\"caption\":\"Diario1 Diario1\"},\"url\":\"https:\\\/\\\/diariotextual.com\\\/inicio\\\/index.php\\\/author\\\/diario1\\\/\"}]}<\/script>\n<!-- \/ Yoast SEO plugin. -->","yoast_head_json":{"title":"Salud de La Pampa ampli\u00f3 el adicional por actividad cr\u00edtica: qui\u00e9nes quedan incluidos - Diario Textual","robots":{"index":"index","follow":"follow","max-snippet":"max-snippet:-1","max-image-preview":"max-image-preview:large","max-video-preview":"max-video-preview:-1"},"canonical":"https:\/\/diariotextual.com\/inicio\/index.php\/2026\/09\/05\/salud-de-la-pampa-amplio-el-adicional-por-actividad-critica-quienes-quedan-incluidos\/","og_locale":"es_ES","og_type":"article","og_title":"Salud de La Pampa ampli\u00f3 el adicional por actividad cr\u00edtica: qui\u00e9nes quedan incluidos - Diario Textual","og_description":"El Gobierno provincial ampli\u00f3 el universo de trabajadores de Salud que pueden percibir el Adicional por Actividad Cr\u00edtica, a trav\u00e9s de una modificaci\u00f3n del art\u00edculo 40 del Decreto N\u00ba 2638\/91,&hellip;","og_url":"https:\/\/diariotextual.com\/inicio\/index.php\/2026\/09\/05\/salud-de-la-pampa-amplio-el-adicional-por-actividad-critica-quienes-quedan-incluidos\/","og_site_name":"Diario Textual","article_publisher":"https:\/\/www.facebook.com\/eltextual","article_published_time":"2026-09-05T12:06:22+00:00","article_modified_time":"2026-09-05T12:06:24+00:00","og_image":[{"width":1500,"height":1001,"url":"https:\/\/diariotextual.com\/inicio\/wp-content\/uploads\/2023\/05\/hospitalfavaloro2023-1010.jpg","type":"image\/jpeg"}],"author":"Diario1 Diario1","twitter_card":"summary_large_image","twitter_creator":"@eltextual","twitter_site":"@eltextual","twitter_misc":{"Escrito por":"Diario1 Diario1","Tiempo de lectura":"3 minutos"},"schema":{"@context":"https:\/\/schema.org","@graph":[{"@type":"Article","@id":"https:\/\/diariotextual.com\/inicio\/index.php\/2026\/09\/05\/salud-de-la-pampa-amplio-el-adicional-por-actividad-critica-quienes-quedan-incluidos\/#article","isPartOf":{"@id":"https:\/\/diariotextual.com\/inicio\/index.php\/2026\/09\/05\/salud-de-la-pampa-amplio-el-adicional-por-actividad-critica-quienes-quedan-incluidos\/"},"author":{"name":"Diario1 Diario1","@id":"https:\/\/diariotextual.com\/inicio\/#\/schema\/person\/418fc4093c33e86ed41562db3508f958"},"headline":"Salud de La Pampa ampli\u00f3 el adicional por actividad cr\u00edtica: qui\u00e9nes quedan incluidos","datePublished":"2026-09-05T12:06:22+00:00","dateModified":"2026-09-05T12:06:24+00:00","mainEntityOfPage":{"@id":"https:\/\/diariotextual.com\/inicio\/index.php\/2026\/09\/05\/salud-de-la-pampa-amplio-el-adicional-por-actividad-critica-quienes-quedan-incluidos\/"},"wordCount":671,"publisher":{"@id":"https:\/\/diariotextual.com\/inicio\/#organization"},"image":{"@id":"https:\/\/diariotextual.com\/inicio\/index.php\/2026\/09\/05\/salud-de-la-pampa-amplio-el-adicional-por-actividad-critica-quienes-quedan-incluidos\/#primaryimage"},"thumbnailUrl":"https:\/\/diariotextual.com\/inicio\/wp-content\/uploads\/2023\/05\/hospitalfavaloro2023-1010.jpg","articleSection":["A - PORTADA","SOCIEDAD"],"inLanguage":"es"},{"@type":"WebPage","@id":"https:\/\/diariotextual.com\/inicio\/index.php\/2026\/09\/05\/salud-de-la-pampa-amplio-el-adicional-por-actividad-critica-quienes-quedan-incluidos\/","url":"https:\/\/diariotextual.com\/inicio\/index.php\/2026\/09\/05\/salud-de-la-pampa-amplio-el-adicional-por-actividad-critica-quienes-quedan-incluidos\/","name":"Salud de La Pampa ampli\u00f3 el adicional por actividad cr\u00edtica: qui\u00e9nes quedan incluidos - Diario Textual","isPartOf":{"@id":"https:\/\/diariotextual.com\/inicio\/#website"},"primaryImageOfPage":{"@id":"https:\/\/diariotextual.com\/inicio\/index.php\/2026\/09\/05\/salud-de-la-pampa-amplio-el-adicional-por-actividad-critica-quienes-quedan-incluidos\/#primaryimage"},"image":{"@id":"https:\/\/diariotextual.com\/inicio\/index.php\/2026\/09\/05\/salud-de-la-pampa-amplio-el-adicional-por-actividad-critica-quienes-quedan-incluidos\/#primaryimage"},"thumbnailUrl":"https:\/\/diariotextual.com\/inicio\/wp-content\/uploads\/2023\/05\/hospitalfavaloro2023-1010.jpg","datePublished":"2026-09-05T12:06:22+00:00","dateModified":"2026-09-05T12:06:24+00:00","breadcrumb":{"@id":"https:\/\/diariotextual.com\/inicio\/index.php\/2026\/09\/05\/salud-de-la-pampa-amplio-el-adicional-por-actividad-critica-quienes-quedan-incluidos\/#breadcrumb"},"inLanguage":"es","potentialAction":[{"@type":"ReadAction","target":["https:\/\/diariotextual.com\/inicio\/index.php\/2026\/09\/05\/salud-de-la-pampa-amplio-el-adicional-por-actividad-critica-quienes-quedan-incluidos\/"]}]},{"@type":"ImageObject","inLanguage":"es","@id":"https:\/\/diariotextual.com\/inicio\/index.php\/2026\/09\/05\/salud-de-la-pampa-amplio-el-adicional-por-actividad-critica-quienes-quedan-incluidos\/#primaryimage","url":"https:\/\/diariotextual.com\/inicio\/wp-content\/uploads\/2023\/05\/hospitalfavaloro2023-1010.jpg","contentUrl":"https:\/\/diariotextual.com\/inicio\/wp-content\/uploads\/2023\/05\/hospitalfavaloro2023-1010.jpg","width":1500,"height":1001},{"@type":"BreadcrumbList","@id":"https:\/\/diariotextual.com\/inicio\/index.php\/2026\/09\/05\/salud-de-la-pampa-amplio-el-adicional-por-actividad-critica-quienes-quedan-incluidos\/#breadcrumb","itemListElement":[{"@type":"ListItem","position":1,"name":"Portada","item":"https:\/\/diariotextual.com\/inicio\/"},{"@type":"ListItem","position":2,"name":"Salud de La Pampa ampli\u00f3 el adicional por actividad cr\u00edtica: qui\u00e9nes quedan incluidos"}]},{"@type":"WebSite","@id":"https:\/\/diariotextual.com\/inicio\/#website","url":"https:\/\/diariotextual.com\/inicio\/","name":"Diario Textual","description":"","publisher":{"@id":"https:\/\/diariotextual.com\/inicio\/#organization"},"potentialAction":[{"@type":"SearchAction","target":{"@type":"EntryPoint","urlTemplate":"https:\/\/diariotextual.com\/inicio\/?s={search_term_string}"},"query-input":{"@type":"PropertyValueSpecification","valueRequired":true,"valueName":"search_term_string"}}],"inLanguage":"es"},{"@type":"Organization","@id":"https:\/\/diariotextual.com\/inicio\/#organization","name":"Diario Textual","url":"https:\/\/diariotextual.com\/inicio\/","logo":{"@type":"ImageObject","inLanguage":"es","@id":"https:\/\/diariotextual.com\/inicio\/#\/schema\/logo\/image\/","url":"https:\/\/diariotextual.com\/inicio\/wp-content\/uploads\/2023\/05\/logotextual1.jpg","contentUrl":"https:\/\/diariotextual.com\/inicio\/wp-content\/uploads\/2023\/05\/logotextual1.jpg","width":516,"height":76,"caption":"Diario Textual"},"image":{"@id":"https:\/\/diariotextual.com\/inicio\/#\/schema\/logo\/image\/"},"sameAs":["https:\/\/www.facebook.com\/eltextual","https:\/\/x.com\/eltextual","http:\/\/www.instagram.com\/eltextual"]},{"@type":"Person","@id":"https:\/\/diariotextual.com\/inicio\/#\/schema\/person\/418fc4093c33e86ed41562db3508f958","name":"Diario1 Diario1","image":{"@type":"ImageObject","inLanguage":"es","@id":"https:\/\/secure.gravatar.com\/avatar\/9167d280179c85bc18be67aa7eda765854300033af4896dd779b608640f2ef7a?s=96&d=mm&r=g","url":"https:\/\/secure.gravatar.com\/avatar\/9167d280179c85bc18be67aa7eda765854300033af4896dd779b608640f2ef7a?s=96&d=mm&r=g","contentUrl":"https:\/\/secure.gravatar.com\/avatar\/9167d280179c85bc18be67aa7eda765854300033af4896dd779b608640f2ef7a?s=96&d=mm&r=g","caption":"Diario1 Diario1"},"url":"https:\/\/diariotextual.com\/inicio\/index.php\/author\/diario1\/"}]}},"_links":{"self":[{"href":"https:\/\/diariotextual.com\/inicio\/index.php\/wp-json\/wp\/v2\/posts\/334585","targetHints":{"allow":["GET"]}}],"collection":[{"href":"https:\/\/diariotextual.com\/inicio\/index.php\/wp-json\/wp\/v2\/posts"}],"about":[{"href":"https:\/\/diariotextual.com\/inicio\/index.php\/wp-json\/wp\/v2\/types\/post"}],"author":[{"embeddable":true,"href":"https:\/\/diariotextual.com\/inicio\/index.php\/wp-json\/wp\/v2\/users\/3"}],"replies":[{"embeddable":true,"href":"https:\/\/diariotextual.com\/inicio\/index.php\/wp-json\/wp\/v2\/comments?post=334585"}],"version-history":[{"count":1,"href":"https:\/\/diariotextual.com\/inicio\/index.php\/wp-json\/wp\/v2\/posts\/334585\/revisions"}],"predecessor-version":[{"id":334586,"href":"https:\/\/diariotextual.com\/inicio\/index.php\/wp-json\/wp\/v2\/posts\/334585\/revisions\/334586"}],"wp:featuredmedia":[{"embeddable":true,"href":"https:\/\/diariotextual.com\/inicio\/index.php\/wp-json\/wp\/v2\/media\/226648"}],"wp:attachment":[{"href":"https:\/\/diariotextual.com\/inicio\/index.php\/wp-json\/wp\/v2\/media?parent=334585"}],"wp:term":[{"taxonomy":"category","embeddable":true,"href":"https:\/\/diariotextual.com\/inicio\/index.php\/wp-json\/wp\/v2\/categories?post=334585"},{"taxonomy":"post_tag","embeddable":true,"href":"https:\/\/diariotextual.com\/inicio\/index.php\/wp-json\/wp\/v2\/tags?post=334585"}],"curies":[{"name":"wp","href":"https:\/\/api.w.org\/{rel}","templated":true}]}}