{"id":334593,"date":"2026-09-06T05:59:08","date_gmt":"2026-09-06T08:59:08","guid":{"rendered":"https:\/\/diariotextual.com\/inicio\/?p=334593"},"modified":"2026-09-06T05:59:36","modified_gmt":"2026-09-06T08:59:36","slug":"el-consumo-no-repunta-y-la-recaudacion-por-iibb-cae-85-en-terminos-reales-en-agosto-en-la-pampa","status":"publish","type":"post","link":"https:\/\/diariotextual.com\/inicio\/index.php\/2026\/09\/06\/el-consumo-no-repunta-y-la-recaudacion-por-iibb-cae-85-en-terminos-reales-en-agosto-en-la-pampa\/","title":{"rendered":"El consumo no repunta y la recaudaci\u00f3n por IIBB cae 8,5% en t\u00e9rminos reales en agosto en La Pampa"},"content":{"rendered":"\n<p class=\"wp-block-paragraph\">La recaudaci\u00f3n provincial volvi\u00f3 a mostrar el impacto de la ca\u00edda de la actividad econ\u00f3mica y del consumo. En agosto, los <strong>Ingresos Brutos retrocedieron casi 8,5% en t\u00e9rminos reales<\/strong>, seg\u00fan explic\u00f3 el ministro de Hacienda de La Pampa, <strong>Guido Bisterfeld<\/strong>, quien advirti\u00f3 por el deterioro de sectores como el comercio y la construcci\u00f3n. El funcionario, en di\u00e1logo con Radio Textual (por radio Kerm\u00e9s) tambi\u00e9n cuestion\u00f3 el esquema econ\u00f3mico del Gobierno de <strong>Javier Milei<\/strong> y defendi\u00f3 una reforma tributaria que incluya una nueva discusi\u00f3n sobre la coparticipaci\u00f3n federal.<\/p>\n\n\n\n<p class=\"wp-block-paragraph\">\u2014<strong>\u00bfC\u00f3mo viene la recaudaci\u00f3n? \u00bfSe nota el parate econ\u00f3mico en la recaudaci\u00f3n provincial? \u2013 le consultaron en Radio Textual.<\/strong><\/p>\n\n\n\n<p class=\"wp-block-paragraph\">\u2014S\u00ed. Agosto cerr\u00f3 con una ca\u00edda muy importante de <strong>Ingresos Brutos<\/strong>. Cay\u00f3 casi <strong>8,5% en t\u00e9rminos reales<\/strong>. La verdad que es muy preocupante, pero el dato solamente ratifica lo que vemos en la calle todos los d\u00edas.<\/p>\n\n\n\n<p class=\"wp-block-paragraph\">En la recaudaci\u00f3n nacional tambi\u00e9n hubo un quiebre. En agosto, la coparticipaci\u00f3n creci\u00f3 <strong>0,1% en t\u00e9rminos reales<\/strong>, pero, si miramos el desagregado, Ganancias creci\u00f3 <strong>9%<\/strong> por una liquidaci\u00f3n extraordinaria de YPF. Si sacamos eso y vemos IVA, <strong>cay\u00f3 5%<\/strong>.<\/p>\n\n\n\n<p class=\"wp-block-paragraph\">Es el d\u00e9cimo mes consecutivo de ca\u00edda del IVA, que refleja la actividad econ\u00f3mica, como Ingresos Brutos en la provincia.<\/p>\n\n\n\n<p class=\"wp-block-paragraph\">Lamentablemente, la actividad econ\u00f3mica no repunta. No hay medidas macroecon\u00f3micas que tengan impacto en la econom\u00eda real y se sigue con este modelo econ\u00f3mico.<\/p>\n\n\n\n<p class=\"wp-block-paragraph\">Nosotros creemos, como lo dijimos desde el primer momento, que este modelo est\u00e1 destinado al fracaso porque ya lo hemos vivido. Lo vimos con la dictadura militar, con una parte del gobierno de (Carlos) Menem, con el gobierno de (Mauricio) Macri y lo volvemos a vivir ahora con (Javier) Milei, que ha exacerbado esas medidas.<\/p>\n\n\n\n<p class=\"wp-block-paragraph\">Es un modelo econ\u00f3mico que se abre indiscriminadamente al mundo cuando otros pa\u00edses est\u00e1n protegiendo sus econom\u00edas, que mantiene el tipo de cambio artificialmente bajo y que est\u00e1 provocando un fuerte deterioro en la industria y la construcci\u00f3n.<\/p>\n\n\n\n<p class=\"wp-block-paragraph\">Hay algunos sectores que crecen, pero el resto, el que realmente mueve la rueda de la econom\u00eda, est\u00e1 cada vez peor.<\/p>\n\n\n\n<p class=\"wp-block-paragraph\">\u2014<strong>En esa ca\u00edda de Ingresos Brutos, \u00bfhay alg\u00fan sector que ustedes vean como el m\u00e1s afectado?<\/strong><\/p>\n\n\n\n<p class=\"wp-block-paragraph\">\u2014Sin mirar todav\u00eda el resultado por sector, te dir\u00eda que <strong>el comercio y la construcci\u00f3n<\/strong> seguramente est\u00e1n entre los m\u00e1s afectados. Tambi\u00e9n queremos analizar el comportamiento de las entidades financieras, que en su momento tuvieron ca\u00eddas importantes. Pero creo que, hoy por hoy, <strong>no hay un sector que est\u00e9 teniendo una rentabilidad aceptable dentro de la econom\u00eda pampeana<\/strong>.<\/p>\n\n\n\n<p class=\"wp-block-paragraph\">Puede haber situaciones distintas en provincias como Neuqu\u00e9n, por Vaca Muerta, o en las provincias mineras. En La Pampa puede estar un poco mejor el sector agr\u00edcola, pero no mucho m\u00e1s.<\/p>\n\n\n\n<p class=\"wp-block-paragraph\">El parate de la econom\u00eda nos est\u00e1 llevando a todos y es muy preocupante que el Gobierno nacional no solo no tome medidas, sino que redoble la apuesta.<\/p>\n\n\n\n<p class=\"wp-block-paragraph\">\u2014<strong>\u00bfC\u00f3mo impacta este escenario en la discusi\u00f3n que plantea el gobernador Sergio Ziliotto sobre una reforma tributaria federal?<\/strong><\/p>\n\n\n\n<p class=\"wp-block-paragraph\">\u2014El gobernador lo viene planteando desde hace varios meses. Estamos de acuerdo con la necesidad de una <strong>reforma tributaria<\/strong> que haga al sistema m\u00e1s equitativo y progresivo, pero entendemos que tambi\u00e9n hay que rediscutir la <strong>coparticipaci\u00f3n federal de impuestos<\/strong>.<\/p>\n\n\n\n<p class=\"wp-block-paragraph\">La ley de 1988 establec\u00eda una distribuci\u00f3n primaria del <strong>57% para las provincias y 42% para Naci\u00f3n<\/strong>. Hoy la relaci\u00f3n se invirti\u00f3: Naci\u00f3n recibe el <strong>53% y las provincias el 47%<\/strong>, mientras que las provincias asumieron muchas m\u00e1s responsabilidades en salud, educaci\u00f3n, acci\u00f3n social y obra p\u00fablica.<\/p>\n\n\n\n<p class=\"wp-block-paragraph\">Parte de esa modificaci\u00f3n se explica por las afectaciones espec\u00edficas de distintos impuestos, muchas de ellas destinadas a cubrir desequilibrios de Naci\u00f3n.<\/p>\n\n\n\n<p class=\"wp-block-paragraph\">\u2014<strong>\u00bfQu\u00e9 cambios deber\u00eda tener el sistema tributario para hacerlo m\u00e1s progresivo?<\/strong><\/p>\n\n\n\n<p class=\"wp-block-paragraph\">\u2014El sistema tributario argentino es muy regresivo porque la mayor carga recae sobre los <strong>impuestos indirectos<\/strong>, como el IVA, mientras que tiene menor peso la tributaci\u00f3n sobre el patrimonio.<\/p>\n\n\n\n<p class=\"wp-block-paragraph\">Adem\u00e1s, durante el gobierno de Milei se profundiz\u00f3 esa regresividad con la reducci\u00f3n de <strong>Bienes Personales<\/strong> y de impuestos internos sobre bienes suntuarios.<\/p>\n\n\n\n<p class=\"wp-block-paragraph\">Tambi\u00e9n hay que <strong>simplificar el sistema tributario argentino<\/strong>, que es muy complejo porque conviven tributos nacionales, provinciales y municipales.<\/p>\n\n\n\n<p class=\"wp-block-paragraph\">En alg\u00fan momento hay que sentarse, discutir y tratar de construir el mejor sistema posible para Argentina, m\u00e1s all\u00e1 de las ideolog\u00edas.<\/p>\n\n\n\n<p class=\"wp-block-paragraph\">\u2014<strong>\u00bfY qu\u00e9 ocurre con la evasi\u00f3n? \u00bfEs un problema importante en Argentina?<\/strong><\/p>\n\n\n\n<p class=\"wp-block-paragraph\">\u2014S\u00ed. La evasi\u00f3n en Argentina es alta en comparaci\u00f3n con los pa\u00edses de la regi\u00f3n y con los pa\u00edses desarrollados. No la circunscribir\u00eda a quienes m\u00e1s tienen ni a un sector determinado. Es un problema general del sistema tributario.<\/p>\n\n\n\n<p class=\"wp-block-paragraph\">\u2014<strong>\u00bfQu\u00e9 opini\u00f3n ten\u00e9s sobre los blanqueos de capitales, como el que implement\u00f3 el Gobierno nacional?<\/strong><\/p>\n\n\n\n<p class=\"wp-block-paragraph\">\u2014No comparto la idea. Creo que el objetivo principal fue que los grandes grupos econ\u00f3micos y las personas de mayor poder adquisitivo ingresaran d\u00f3lares ante la necesidad que tiene el Gobierno nacional.<\/p>\n\n\n\n<p class=\"wp-block-paragraph\">El primer blanqueo fue muy exitoso; los siguientes no tuvieron el mismo resultado. El objetivo era que esos d\u00f3lares, que estaban fuera del sistema o en el exterior, ingresaran al circuito econ\u00f3mico.<\/p>\n\n\n\n<p class=\"wp-block-paragraph\">El Gobierno necesita d\u00f3lares para pagar deuda y sostener este tipo de cambio. Primero fue el blanqueo, despu\u00e9s fue deuda y luego la ayuda de Estados Unidos.<\/p>\n\n\n\n<p class=\"wp-block-paragraph\"><\/p>\n\n\n\n<p class=\"wp-block-paragraph\"><\/p>\n","protected":false},"excerpt":{"rendered":"<p>La recaudaci\u00f3n provincial volvi\u00f3 a mostrar el impacto de la ca\u00edda de la actividad econ\u00f3mica y del consumo. En agosto, los Ingresos Brutos retrocedieron casi 8,5% en t\u00e9rminos reales, seg\u00fan&hellip;<\/p>\n","protected":false},"author":3,"featured_media":281880,"comment_status":"closed","ping_status":"open","sticky":false,"template":"","format":"standard","meta":{"_acf_changed":false,"footnotes":""},"categories":[9,5],"tags":[],"class_list":["post-334593","post","type-post","status-publish","format-standard","has-post-thumbnail","hentry","category-portada","category-economia"],"acf":[],"yoast_head":"<!-- This site is optimized with the Yoast SEO plugin v28.4 - https:\/\/yoast.com\/product\/yoast-seo-wordpress\/ -->\n<title>El consumo no repunta y la recaudaci\u00f3n por IIBB cae 8,5% en t\u00e9rminos reales en agosto en La Pampa - Diario Textual<\/title>\n<meta name=\"robots\" content=\"index, follow, max-snippet:-1, max-image-preview:large, max-video-preview:-1\" \/>\n<link rel=\"canonical\" href=\"https:\/\/diariotextual.com\/inicio\/index.php\/2026\/09\/06\/el-consumo-no-repunta-y-la-recaudacion-por-iibb-cae-85-en-terminos-reales-en-agosto-en-la-pampa\/\" \/>\n<meta property=\"og:locale\" content=\"es_ES\" \/>\n<meta property=\"og:type\" content=\"article\" \/>\n<meta property=\"og:title\" content=\"El consumo no repunta y la recaudaci\u00f3n por IIBB cae 8,5% en t\u00e9rminos reales en agosto en La Pampa - Diario Textual\" \/>\n<meta property=\"og:description\" content=\"La recaudaci\u00f3n provincial volvi\u00f3 a mostrar el impacto de la ca\u00edda de la actividad econ\u00f3mica y del consumo. En agosto, los Ingresos Brutos retrocedieron casi 8,5% en t\u00e9rminos reales, seg\u00fan&hellip;\" \/>\n<meta property=\"og:url\" content=\"https:\/\/diariotextual.com\/inicio\/index.php\/2026\/09\/06\/el-consumo-no-repunta-y-la-recaudacion-por-iibb-cae-85-en-terminos-reales-en-agosto-en-la-pampa\/\" \/>\n<meta property=\"og:site_name\" content=\"Diario Textual\" \/>\n<meta property=\"article:publisher\" content=\"https:\/\/www.facebook.com\/eltextual\" \/>\n<meta property=\"article:published_time\" content=\"2026-09-06T08:59:08+00:00\" \/>\n<meta property=\"article:modified_time\" content=\"2026-09-06T08:59:36+00:00\" \/>\n<meta property=\"og:image\" content=\"https:\/\/diariotextual.com\/inicio\/wp-content\/uploads\/2024\/11\/bisterfeldguidodiputados2024-779.jpg\" \/>\n\t<meta property=\"og:image:width\" content=\"1500\" \/>\n\t<meta property=\"og:image:height\" content=\"994\" \/>\n\t<meta property=\"og:image:type\" content=\"image\/jpeg\" \/>\n<meta name=\"author\" content=\"Diario1 Diario1\" \/>\n<meta name=\"twitter:card\" content=\"summary_large_image\" \/>\n<meta name=\"twitter:creator\" content=\"@eltextual\" \/>\n<meta name=\"twitter:site\" content=\"@eltextual\" \/>\n<meta name=\"twitter:label1\" content=\"Escrito por\" \/>\n\t<meta name=\"twitter:data1\" content=\"Diario1 Diario1\" \/>\n\t<meta name=\"twitter:label2\" content=\"Tiempo de lectura\" \/>\n\t<meta name=\"twitter:data2\" content=\"5 minutos\" \/>\n<script type=\"application\/ld+json\" class=\"yoast-schema-graph\">{\"@context\":\"https:\\\/\\\/schema.org\",\"@graph\":[{\"@type\":\"Article\",\"@id\":\"https:\\\/\\\/diariotextual.com\\\/inicio\\\/index.php\\\/2026\\\/09\\\/06\\\/el-consumo-no-repunta-y-la-recaudacion-por-iibb-cae-85-en-terminos-reales-en-agosto-en-la-pampa\\\/#article\",\"isPartOf\":{\"@id\":\"https:\\\/\\\/diariotextual.com\\\/inicio\\\/index.php\\\/2026\\\/09\\\/06\\\/el-consumo-no-repunta-y-la-recaudacion-por-iibb-cae-85-en-terminos-reales-en-agosto-en-la-pampa\\\/\"},\"author\":{\"name\":\"Diario1 Diario1\",\"@id\":\"https:\\\/\\\/diariotextual.com\\\/inicio\\\/#\\\/schema\\\/person\\\/418fc4093c33e86ed41562db3508f958\"},\"headline\":\"El consumo no repunta y la recaudaci\u00f3n por IIBB cae 8,5% en t\u00e9rminos reales en agosto en La Pampa\",\"datePublished\":\"2026-09-06T08:59:08+00:00\",\"dateModified\":\"2026-09-06T08:59:36+00:00\",\"mainEntityOfPage\":{\"@id\":\"https:\\\/\\\/diariotextual.com\\\/inicio\\\/index.php\\\/2026\\\/09\\\/06\\\/el-consumo-no-repunta-y-la-recaudacion-por-iibb-cae-85-en-terminos-reales-en-agosto-en-la-pampa\\\/\"},\"wordCount\":963,\"publisher\":{\"@id\":\"https:\\\/\\\/diariotextual.com\\\/inicio\\\/#organization\"},\"image\":{\"@id\":\"https:\\\/\\\/diariotextual.com\\\/inicio\\\/index.php\\\/2026\\\/09\\\/06\\\/el-consumo-no-repunta-y-la-recaudacion-por-iibb-cae-85-en-terminos-reales-en-agosto-en-la-pampa\\\/#primaryimage\"},\"thumbnailUrl\":\"https:\\\/\\\/diariotextual.com\\\/inicio\\\/wp-content\\\/uploads\\\/2024\\\/11\\\/bisterfeldguidodiputados2024-779.jpg\",\"articleSection\":[\"A - PORTADA\",\"ECONOMIA\"],\"inLanguage\":\"es\"},{\"@type\":\"WebPage\",\"@id\":\"https:\\\/\\\/diariotextual.com\\\/inicio\\\/index.php\\\/2026\\\/09\\\/06\\\/el-consumo-no-repunta-y-la-recaudacion-por-iibb-cae-85-en-terminos-reales-en-agosto-en-la-pampa\\\/\",\"url\":\"https:\\\/\\\/diariotextual.com\\\/inicio\\\/index.php\\\/2026\\\/09\\\/06\\\/el-consumo-no-repunta-y-la-recaudacion-por-iibb-cae-85-en-terminos-reales-en-agosto-en-la-pampa\\\/\",\"name\":\"El consumo no repunta y la recaudaci\u00f3n por IIBB cae 8,5% en t\u00e9rminos reales en agosto en La Pampa - Diario Textual\",\"isPartOf\":{\"@id\":\"https:\\\/\\\/diariotextual.com\\\/inicio\\\/#website\"},\"primaryImageOfPage\":{\"@id\":\"https:\\\/\\\/diariotextual.com\\\/inicio\\\/index.php\\\/2026\\\/09\\\/06\\\/el-consumo-no-repunta-y-la-recaudacion-por-iibb-cae-85-en-terminos-reales-en-agosto-en-la-pampa\\\/#primaryimage\"},\"image\":{\"@id\":\"https:\\\/\\\/diariotextual.com\\\/inicio\\\/index.php\\\/2026\\\/09\\\/06\\\/el-consumo-no-repunta-y-la-recaudacion-por-iibb-cae-85-en-terminos-reales-en-agosto-en-la-pampa\\\/#primaryimage\"},\"thumbnailUrl\":\"https:\\\/\\\/diariotextual.com\\\/inicio\\\/wp-content\\\/uploads\\\/2024\\\/11\\\/bisterfeldguidodiputados2024-779.jpg\",\"datePublished\":\"2026-09-06T08:59:08+00:00\",\"dateModified\":\"2026-09-06T08:59:36+00:00\",\"breadcrumb\":{\"@id\":\"https:\\\/\\\/diariotextual.com\\\/inicio\\\/index.php\\\/2026\\\/09\\\/06\\\/el-consumo-no-repunta-y-la-recaudacion-por-iibb-cae-85-en-terminos-reales-en-agosto-en-la-pampa\\\/#breadcrumb\"},\"inLanguage\":\"es\",\"potentialAction\":[{\"@type\":\"ReadAction\",\"target\":[\"https:\\\/\\\/diariotextual.com\\\/inicio\\\/index.php\\\/2026\\\/09\\\/06\\\/el-consumo-no-repunta-y-la-recaudacion-por-iibb-cae-85-en-terminos-reales-en-agosto-en-la-pampa\\\/\"]}]},{\"@type\":\"ImageObject\",\"inLanguage\":\"es\",\"@id\":\"https:\\\/\\\/diariotextual.com\\\/inicio\\\/index.php\\\/2026\\\/09\\\/06\\\/el-consumo-no-repunta-y-la-recaudacion-por-iibb-cae-85-en-terminos-reales-en-agosto-en-la-pampa\\\/#primaryimage\",\"url\":\"https:\\\/\\\/diariotextual.com\\\/inicio\\\/wp-content\\\/uploads\\\/2024\\\/11\\\/bisterfeldguidodiputados2024-779.jpg\",\"contentUrl\":\"https:\\\/\\\/diariotextual.com\\\/inicio\\\/wp-content\\\/uploads\\\/2024\\\/11\\\/bisterfeldguidodiputados2024-779.jpg\",\"width\":1500,\"height\":994},{\"@type\":\"BreadcrumbList\",\"@id\":\"https:\\\/\\\/diariotextual.com\\\/inicio\\\/index.php\\\/2026\\\/09\\\/06\\\/el-consumo-no-repunta-y-la-recaudacion-por-iibb-cae-85-en-terminos-reales-en-agosto-en-la-pampa\\\/#breadcrumb\",\"itemListElement\":[{\"@type\":\"ListItem\",\"position\":1,\"name\":\"Portada\",\"item\":\"https:\\\/\\\/diariotextual.com\\\/inicio\\\/\"},{\"@type\":\"ListItem\",\"position\":2,\"name\":\"El consumo no repunta y la recaudaci\u00f3n por IIBB cae 8,5% en t\u00e9rminos reales en agosto en La Pampa\"}]},{\"@type\":\"WebSite\",\"@id\":\"https:\\\/\\\/diariotextual.com\\\/inicio\\\/#website\",\"url\":\"https:\\\/\\\/diariotextual.com\\\/inicio\\\/\",\"name\":\"Diario Textual\",\"description\":\"\",\"publisher\":{\"@id\":\"https:\\\/\\\/diariotextual.com\\\/inicio\\\/#organization\"},\"potentialAction\":[{\"@type\":\"SearchAction\",\"target\":{\"@type\":\"EntryPoint\",\"urlTemplate\":\"https:\\\/\\\/diariotextual.com\\\/inicio\\\/?s={search_term_string}\"},\"query-input\":{\"@type\":\"PropertyValueSpecification\",\"valueRequired\":true,\"valueName\":\"search_term_string\"}}],\"inLanguage\":\"es\"},{\"@type\":\"Organization\",\"@id\":\"https:\\\/\\\/diariotextual.com\\\/inicio\\\/#organization\",\"name\":\"Diario Textual\",\"url\":\"https:\\\/\\\/diariotextual.com\\\/inicio\\\/\",\"logo\":{\"@type\":\"ImageObject\",\"inLanguage\":\"es\",\"@id\":\"https:\\\/\\\/diariotextual.com\\\/inicio\\\/#\\\/schema\\\/logo\\\/image\\\/\",\"url\":\"https:\\\/\\\/diariotextual.com\\\/inicio\\\/wp-content\\\/uploads\\\/2023\\\/05\\\/logotextual1.jpg\",\"contentUrl\":\"https:\\\/\\\/diariotextual.com\\\/inicio\\\/wp-content\\\/uploads\\\/2023\\\/05\\\/logotextual1.jpg\",\"width\":516,\"height\":76,\"caption\":\"Diario Textual\"},\"image\":{\"@id\":\"https:\\\/\\\/diariotextual.com\\\/inicio\\\/#\\\/schema\\\/logo\\\/image\\\/\"},\"sameAs\":[\"https:\\\/\\\/www.facebook.com\\\/eltextual\",\"https:\\\/\\\/x.com\\\/eltextual\",\"http:\\\/\\\/www.instagram.com\\\/eltextual\"]},{\"@type\":\"Person\",\"@id\":\"https:\\\/\\\/diariotextual.com\\\/inicio\\\/#\\\/schema\\\/person\\\/418fc4093c33e86ed41562db3508f958\",\"name\":\"Diario1 Diario1\",\"image\":{\"@type\":\"ImageObject\",\"inLanguage\":\"es\",\"@id\":\"https:\\\/\\\/secure.gravatar.com\\\/avatar\\\/9167d280179c85bc18be67aa7eda765854300033af4896dd779b608640f2ef7a?s=96&d=mm&r=g\",\"url\":\"https:\\\/\\\/secure.gravatar.com\\\/avatar\\\/9167d280179c85bc18be67aa7eda765854300033af4896dd779b608640f2ef7a?s=96&d=mm&r=g\",\"contentUrl\":\"https:\\\/\\\/secure.gravatar.com\\\/avatar\\\/9167d280179c85bc18be67aa7eda765854300033af4896dd779b608640f2ef7a?s=96&d=mm&r=g\",\"caption\":\"Diario1 Diario1\"},\"url\":\"https:\\\/\\\/diariotextual.com\\\/inicio\\\/index.php\\\/author\\\/diario1\\\/\"}]}<\/script>\n<!-- \/ Yoast SEO plugin. -->","yoast_head_json":{"title":"El consumo no repunta y la recaudaci\u00f3n por IIBB cae 8,5% en t\u00e9rminos reales en agosto en La Pampa - Diario Textual","robots":{"index":"index","follow":"follow","max-snippet":"max-snippet:-1","max-image-preview":"max-image-preview:large","max-video-preview":"max-video-preview:-1"},"canonical":"https:\/\/diariotextual.com\/inicio\/index.php\/2026\/09\/06\/el-consumo-no-repunta-y-la-recaudacion-por-iibb-cae-85-en-terminos-reales-en-agosto-en-la-pampa\/","og_locale":"es_ES","og_type":"article","og_title":"El consumo no repunta y la recaudaci\u00f3n por IIBB cae 8,5% en t\u00e9rminos reales en agosto en La Pampa - Diario Textual","og_description":"La recaudaci\u00f3n provincial volvi\u00f3 a mostrar el impacto de la ca\u00edda de la actividad econ\u00f3mica y del consumo. En agosto, los Ingresos Brutos retrocedieron casi 8,5% en t\u00e9rminos reales, seg\u00fan&hellip;","og_url":"https:\/\/diariotextual.com\/inicio\/index.php\/2026\/09\/06\/el-consumo-no-repunta-y-la-recaudacion-por-iibb-cae-85-en-terminos-reales-en-agosto-en-la-pampa\/","og_site_name":"Diario Textual","article_publisher":"https:\/\/www.facebook.com\/eltextual","article_published_time":"2026-09-06T08:59:08+00:00","article_modified_time":"2026-09-06T08:59:36+00:00","og_image":[{"width":1500,"height":994,"url":"https:\/\/diariotextual.com\/inicio\/wp-content\/uploads\/2024\/11\/bisterfeldguidodiputados2024-779.jpg","type":"image\/jpeg"}],"author":"Diario1 Diario1","twitter_card":"summary_large_image","twitter_creator":"@eltextual","twitter_site":"@eltextual","twitter_misc":{"Escrito por":"Diario1 Diario1","Tiempo de lectura":"5 minutos"},"schema":{"@context":"https:\/\/schema.org","@graph":[{"@type":"Article","@id":"https:\/\/diariotextual.com\/inicio\/index.php\/2026\/09\/06\/el-consumo-no-repunta-y-la-recaudacion-por-iibb-cae-85-en-terminos-reales-en-agosto-en-la-pampa\/#article","isPartOf":{"@id":"https:\/\/diariotextual.com\/inicio\/index.php\/2026\/09\/06\/el-consumo-no-repunta-y-la-recaudacion-por-iibb-cae-85-en-terminos-reales-en-agosto-en-la-pampa\/"},"author":{"name":"Diario1 Diario1","@id":"https:\/\/diariotextual.com\/inicio\/#\/schema\/person\/418fc4093c33e86ed41562db3508f958"},"headline":"El consumo no repunta y la recaudaci\u00f3n por IIBB cae 8,5% en t\u00e9rminos reales en agosto en La Pampa","datePublished":"2026-09-06T08:59:08+00:00","dateModified":"2026-09-06T08:59:36+00:00","mainEntityOfPage":{"@id":"https:\/\/diariotextual.com\/inicio\/index.php\/2026\/09\/06\/el-consumo-no-repunta-y-la-recaudacion-por-iibb-cae-85-en-terminos-reales-en-agosto-en-la-pampa\/"},"wordCount":963,"publisher":{"@id":"https:\/\/diariotextual.com\/inicio\/#organization"},"image":{"@id":"https:\/\/diariotextual.com\/inicio\/index.php\/2026\/09\/06\/el-consumo-no-repunta-y-la-recaudacion-por-iibb-cae-85-en-terminos-reales-en-agosto-en-la-pampa\/#primaryimage"},"thumbnailUrl":"https:\/\/diariotextual.com\/inicio\/wp-content\/uploads\/2024\/11\/bisterfeldguidodiputados2024-779.jpg","articleSection":["A - PORTADA","ECONOMIA"],"inLanguage":"es"},{"@type":"WebPage","@id":"https:\/\/diariotextual.com\/inicio\/index.php\/2026\/09\/06\/el-consumo-no-repunta-y-la-recaudacion-por-iibb-cae-85-en-terminos-reales-en-agosto-en-la-pampa\/","url":"https:\/\/diariotextual.com\/inicio\/index.php\/2026\/09\/06\/el-consumo-no-repunta-y-la-recaudacion-por-iibb-cae-85-en-terminos-reales-en-agosto-en-la-pampa\/","name":"El consumo no repunta y la recaudaci\u00f3n por IIBB cae 8,5% en t\u00e9rminos reales en agosto en La Pampa - Diario Textual","isPartOf":{"@id":"https:\/\/diariotextual.com\/inicio\/#website"},"primaryImageOfPage":{"@id":"https:\/\/diariotextual.com\/inicio\/index.php\/2026\/09\/06\/el-consumo-no-repunta-y-la-recaudacion-por-iibb-cae-85-en-terminos-reales-en-agosto-en-la-pampa\/#primaryimage"},"image":{"@id":"https:\/\/diariotextual.com\/inicio\/index.php\/2026\/09\/06\/el-consumo-no-repunta-y-la-recaudacion-por-iibb-cae-85-en-terminos-reales-en-agosto-en-la-pampa\/#primaryimage"},"thumbnailUrl":"https:\/\/diariotextual.com\/inicio\/wp-content\/uploads\/2024\/11\/bisterfeldguidodiputados2024-779.jpg","datePublished":"2026-09-06T08:59:08+00:00","dateModified":"2026-09-06T08:59:36+00:00","breadcrumb":{"@id":"https:\/\/diariotextual.com\/inicio\/index.php\/2026\/09\/06\/el-consumo-no-repunta-y-la-recaudacion-por-iibb-cae-85-en-terminos-reales-en-agosto-en-la-pampa\/#breadcrumb"},"inLanguage":"es","potentialAction":[{"@type":"ReadAction","target":["https:\/\/diariotextual.com\/inicio\/index.php\/2026\/09\/06\/el-consumo-no-repunta-y-la-recaudacion-por-iibb-cae-85-en-terminos-reales-en-agosto-en-la-pampa\/"]}]},{"@type":"ImageObject","inLanguage":"es","@id":"https:\/\/diariotextual.com\/inicio\/index.php\/2026\/09\/06\/el-consumo-no-repunta-y-la-recaudacion-por-iibb-cae-85-en-terminos-reales-en-agosto-en-la-pampa\/#primaryimage","url":"https:\/\/diariotextual.com\/inicio\/wp-content\/uploads\/2024\/11\/bisterfeldguidodiputados2024-779.jpg","contentUrl":"https:\/\/diariotextual.com\/inicio\/wp-content\/uploads\/2024\/11\/bisterfeldguidodiputados2024-779.jpg","width":1500,"height":994},{"@type":"BreadcrumbList","@id":"https:\/\/diariotextual.com\/inicio\/index.php\/2026\/09\/06\/el-consumo-no-repunta-y-la-recaudacion-por-iibb-cae-85-en-terminos-reales-en-agosto-en-la-pampa\/#breadcrumb","itemListElement":[{"@type":"ListItem","position":1,"name":"Portada","item":"https:\/\/diariotextual.com\/inicio\/"},{"@type":"ListItem","position":2,"name":"El consumo no repunta y la recaudaci\u00f3n por IIBB cae 8,5% en t\u00e9rminos reales en agosto en La Pampa"}]},{"@type":"WebSite","@id":"https:\/\/diariotextual.com\/inicio\/#website","url":"https:\/\/diariotextual.com\/inicio\/","name":"Diario Textual","description":"","publisher":{"@id":"https:\/\/diariotextual.com\/inicio\/#organization"},"potentialAction":[{"@type":"SearchAction","target":{"@type":"EntryPoint","urlTemplate":"https:\/\/diariotextual.com\/inicio\/?s={search_term_string}"},"query-input":{"@type":"PropertyValueSpecification","valueRequired":true,"valueName":"search_term_string"}}],"inLanguage":"es"},{"@type":"Organization","@id":"https:\/\/diariotextual.com\/inicio\/#organization","name":"Diario Textual","url":"https:\/\/diariotextual.com\/inicio\/","logo":{"@type":"ImageObject","inLanguage":"es","@id":"https:\/\/diariotextual.com\/inicio\/#\/schema\/logo\/image\/","url":"https:\/\/diariotextual.com\/inicio\/wp-content\/uploads\/2023\/05\/logotextual1.jpg","contentUrl":"https:\/\/diariotextual.com\/inicio\/wp-content\/uploads\/2023\/05\/logotextual1.jpg","width":516,"height":76,"caption":"Diario Textual"},"image":{"@id":"https:\/\/diariotextual.com\/inicio\/#\/schema\/logo\/image\/"},"sameAs":["https:\/\/www.facebook.com\/eltextual","https:\/\/x.com\/eltextual","http:\/\/www.instagram.com\/eltextual"]},{"@type":"Person","@id":"https:\/\/diariotextual.com\/inicio\/#\/schema\/person\/418fc4093c33e86ed41562db3508f958","name":"Diario1 Diario1","image":{"@type":"ImageObject","inLanguage":"es","@id":"https:\/\/secure.gravatar.com\/avatar\/9167d280179c85bc18be67aa7eda765854300033af4896dd779b608640f2ef7a?s=96&d=mm&r=g","url":"https:\/\/secure.gravatar.com\/avatar\/9167d280179c85bc18be67aa7eda765854300033af4896dd779b608640f2ef7a?s=96&d=mm&r=g","contentUrl":"https:\/\/secure.gravatar.com\/avatar\/9167d280179c85bc18be67aa7eda765854300033af4896dd779b608640f2ef7a?s=96&d=mm&r=g","caption":"Diario1 Diario1"},"url":"https:\/\/diariotextual.com\/inicio\/index.php\/author\/diario1\/"}]}},"_links":{"self":[{"href":"https:\/\/diariotextual.com\/inicio\/index.php\/wp-json\/wp\/v2\/posts\/334593","targetHints":{"allow":["GET"]}}],"collection":[{"href":"https:\/\/diariotextual.com\/inicio\/index.php\/wp-json\/wp\/v2\/posts"}],"about":[{"href":"https:\/\/diariotextual.com\/inicio\/index.php\/wp-json\/wp\/v2\/types\/post"}],"author":[{"embeddable":true,"href":"https:\/\/diariotextual.com\/inicio\/index.php\/wp-json\/wp\/v2\/users\/3"}],"replies":[{"embeddable":true,"href":"https:\/\/diariotextual.com\/inicio\/index.php\/wp-json\/wp\/v2\/comments?post=334593"}],"version-history":[{"count":4,"href":"https:\/\/diariotextual.com\/inicio\/index.php\/wp-json\/wp\/v2\/posts\/334593\/revisions"}],"predecessor-version":[{"id":334621,"href":"https:\/\/diariotextual.com\/inicio\/index.php\/wp-json\/wp\/v2\/posts\/334593\/revisions\/334621"}],"wp:featuredmedia":[{"embeddable":true,"href":"https:\/\/diariotextual.com\/inicio\/index.php\/wp-json\/wp\/v2\/media\/281880"}],"wp:attachment":[{"href":"https:\/\/diariotextual.com\/inicio\/index.php\/wp-json\/wp\/v2\/media?parent=334593"}],"wp:term":[{"taxonomy":"category","embeddable":true,"href":"https:\/\/diariotextual.com\/inicio\/index.php\/wp-json\/wp\/v2\/categories?post=334593"},{"taxonomy":"post_tag","embeddable":true,"href":"https:\/\/diariotextual.com\/inicio\/index.php\/wp-json\/wp\/v2\/tags?post=334593"}],"curies":[{"name":"wp","href":"https:\/\/api.w.org\/{rel}","templated":true}]}}