{"id":334603,"date":"2026-09-05T19:13:45","date_gmt":"2026-09-05T22:13:45","guid":{"rendered":"https:\/\/diariotextual.com\/inicio\/?p=334603"},"modified":"2026-09-05T19:32:06","modified_gmt":"2026-09-05T22:32:06","slug":"por-amplia-mayoria-la-ucr-pampeana-aprobo-iniciar-negociaciones-para-armar-una-gran-alianza-en-2027","status":"publish","type":"post","link":"https:\/\/diariotextual.com\/inicio\/index.php\/2026\/09\/05\/por-amplia-mayoria-la-ucr-pampeana-aprobo-iniciar-negociaciones-para-armar-una-gran-alianza-en-2027\/","title":{"rendered":"La UCR aprob\u00f3 iniciar negociaciones para armar una gran alianza en 2027 con el PRO, libertarios y Tierno"},"content":{"rendered":"\n<p class=\"wp-block-paragraph\">La <strong>Uni\u00f3n C\u00edvica Radical (UCR) de La Pampa<\/strong> dio este s\u00e1bado un paso clave para definir su estrategia electoral de cara a <strong>2027<\/strong>. Sus principales \u00f3rganos partidarios aprobaron, por amplia mayor\u00eda, la autorizaci\u00f3n para que una comisi\u00f3n empiece a <strong>negociar alianzas y acuerdos electorales con otras fuerzas pol\u00edticas<\/strong>. En rigor, autorizaron a conformar frentes con los partidos con los que ya hicieron alianzas, como el PRO, y con otras fuerzas. No lo mencionaron expresamente, pero se descuenta que entre los espacios que aparecen en esa discusi\u00f3n se encuentran <strong>La Libertad Avanza (LLA), el PRO y Comunidad Organizada (CO).<\/strong><\/p>\n\n\n\n<p class=\"wp-block-paragraph\">La intenci\u00f3n es evitar la fragmentaci\u00f3n del voto opositor en 2027, con el objetivo de derrotar al PJ. Ayer, en <strong>General Pico<\/strong>, hubo una primera se\u00f1al pol\u00edtica: referentes de distintos sectores opositores compartieron una foto durante un homenaje al exgobernador <strong>Ismael Amit<\/strong>.<\/p>\n\n\n\n<p class=\"wp-block-paragraph\">El plenario de la <strong>UCR<\/strong>, integrado por los miembros de la Convenci\u00f3n de la UCR y los presidentes de los comit\u00e9s, vot\u00f3 por <strong>78 votos a favor, 11 en contra y una abstenci\u00f3n<\/strong> habilitar a una mesa negociadora para iniciar conversaciones con otras fuerzas pol\u00edticas con vistas a conformar un frente.<\/p>\n\n\n\n<p class=\"wp-block-paragraph\">La mesa negociadora estar\u00e1 integrada por seis dirigentes: el <strong>vicepresidente primero y el vicepresidente segundo del Comit\u00e9 Provincia<\/strong>, el <strong>presidente de la Convenci\u00f3n<\/strong>, el <strong>presidente del bloque de diputados<\/strong>, el <strong>presidente de la Juventud<\/strong> y un <strong>intendente<\/strong>, cuyo nombre todav\u00eda no fue definido. Mart\u00edn Berhongaray, el presidente, se corri\u00f3 de esa mesa porque ya se lanz\u00f3 para ser candidato a gobernador.<\/p>\n\n\n\n<p class=\"wp-block-paragraph\">El aval a estas conversaciones se dio en un encuentro de la <strong>Convenci\u00f3n Provincial<\/strong>, en la sede del Comit\u00e9 Provincia, en <strong>Pellegrini 534 de Santa Rosa<\/strong>. Al inicio hubo un minuto de silencio para recordar al abogado y dirigente radical Rom\u00e1n Mol\u00edn, quien falleci\u00f3 en octubre de 2025, siendo presidente de la convenci\u00f3n.<\/p>\n\n\n\n<p class=\"wp-block-paragraph\">Posteriormente se conform\u00f3 la <strong>nueva Mesa Directiva<\/strong> del cuerpo y la designaci\u00f3n de los integrantes del <strong>Tribunal de Conducta, el Tribunal de Cuentas y la Junta Electoral Partidaria<\/strong>.<\/p>\n\n\n\n<p class=\"wp-block-paragraph\">Posteriormente comenz\u00f3 la <strong>Asamblea Extraordinaria<\/strong>, convocada por el presidente del Comit\u00e9 Provincia, <strong>Mart\u00edn Berhongaray<\/strong>.<\/p>\n\n\n\n<p class=\"wp-block-paragraph\">All\u00ed fue donde se produjo la definici\u00f3n pol\u00edtica central de la jornada: la UCR <strong>autoriz\u00f3 a una comisi\u00f3n de 6 dirigentes a iniciar conversaciones para avanzar en la conformaci\u00f3n de un frente electoral<\/strong>.<\/p>\n\n\n\n<p class=\"wp-block-paragraph\">La autorizaci\u00f3n no supone un acuerdo. Tampoco establecer\u00e1 candidaturas, el reparto de cargos ni el mecanismo mediante el cual competir\u00eda una eventual coalici\u00f3n. Pero la votaci\u00f3n tuvo un peso pol\u00edtico concreto: empezar a explorar acuerdos para hacer una gran alianza con la mayor cantidad de partidos opositores, con el fin de derrotar al peronismo.<\/p>\n\n\n\n<p class=\"wp-block-paragraph\">En esa discusi\u00f3n, adem\u00e1s de las conducciones partidarias, hay un actor con peso territorial: <strong>los intendentes radicales<\/strong>.<\/p>\n\n\n\n<p class=\"wp-block-paragraph\">La UCR conserva actualmente <strong>28 intendencias en La Pampa<\/strong>, una de sus principales fortalezas pol\u00edticas y territoriales. Adem\u00e1s, <strong>la mayor\u00eda de esos intendentes deber\u00e1 buscar su reelecci\u00f3n en 2027<\/strong>.<\/p>\n\n\n\n<p class=\"wp-block-paragraph\">Por eso, la mayor parte de los jefes comunales <strong>sali\u00f3 a respaldar la construcci\u00f3n de una pol\u00edtica de alianzas<\/strong> que permita ampliar las posibilidades electorales. Para los intendentes, la discusi\u00f3n no pasa \u00fanicamente por la estrategia provincial: tambi\u00e9n est\u00e1 en juego <strong>la continuidad de sus gobiernos locales<\/strong>.<\/p>\n\n\n\n<p class=\"wp-block-paragraph\">Uno de los principales puntos de tensi\u00f3n dentro de ese eventual armado es <strong>Juan Carlos Tierno<\/strong>, mandam\u00e1s de <strong>Comunidad Organizada<\/strong>.<\/p>\n\n\n\n<p class=\"wp-block-paragraph\">El exintendente de <strong>Santa Rosa<\/strong> mantiene desde hace a\u00f1os fuertes diferencias con dirigentes radicales, en particular con referentes de la denominada <strong>l\u00ednea Azul<\/strong>, vinculada a <strong>Francisco Torroba y Abel Sabarots<\/strong>. Esa relaci\u00f3n puede convertirse en uno de los principales obst\u00e1culos para conformar una alianza que incluya a las distintas expresiones opositoras. De todas maneras, en la conducci\u00f3n del partido consideran que est\u00e1n dadas las condiciones para poder avanzar en un acuerdo. \u201cHay que tragarse el sapo si queremos ganarle al peronismo\u201d, dicen boinas blancas en los pasillos de la UCR.<\/p>\n\n\n\n<p class=\"wp-block-paragraph\">La otra cuesti\u00f3n, espinosa, es sumar al partido de Javier Milei, en medio de una situaci\u00f3n de ajuste. El posicionamiento de <strong>Adri\u00e1n Ravier<\/strong>, referente libertario en La Pampa y <strong>vocero presidencial<\/strong>, adquiere relevancia en la discusi\u00f3n. Ravier plante\u00f3 p\u00fablicamente que <strong>Comunidad Organizada y el Movimiento Federalista Pampeano (Mofepa)<\/strong> forman parte del universo de aliados de LLA. A ese esquema tambi\u00e9n podr\u00eda incorporarse el <strong>Movimiento de Integraci\u00f3n y Desarrollo (MID)<\/strong>.<\/p>\n\n\n\n<p class=\"wp-block-paragraph\">De avanzar esas conversaciones, el escenario podr\u00eda derivar en una coalici\u00f3n integrada por <strong>LLA, la UCR, el PRO, CO, Mofepa y MID<\/strong>.<\/p>\n\n\n\n<p class=\"wp-block-paragraph\"><\/p>\n","protected":false},"excerpt":{"rendered":"<p>La Uni\u00f3n C\u00edvica Radical (UCR) de La Pampa dio este s\u00e1bado un paso clave para definir su estrategia electoral de cara a 2027. Sus principales \u00f3rganos partidarios aprobaron, por amplia&hellip;<\/p>\n","protected":false},"author":3,"featured_media":334602,"comment_status":"closed","ping_status":"open","sticky":false,"template":"","format":"standard","meta":{"_acf_changed":false,"footnotes":""},"categories":[4,8],"tags":[],"class_list":["post-334603","post","type-post","status-publish","format-standard","has-post-thumbnail","hentry","category-destacadas","category-politica"],"acf":[],"yoast_head":"<!-- This site is optimized with the Yoast SEO plugin v28.4 - https:\/\/yoast.com\/product\/yoast-seo-wordpress\/ -->\n<title>La UCR aprob\u00f3 iniciar negociaciones para armar una gran alianza en 2027 con el PRO, libertarios y Tierno - Diario Textual<\/title>\n<meta name=\"robots\" content=\"index, follow, max-snippet:-1, max-image-preview:large, max-video-preview:-1\" \/>\n<link rel=\"canonical\" href=\"https:\/\/diariotextual.com\/inicio\/index.php\/2026\/09\/05\/por-amplia-mayoria-la-ucr-pampeana-aprobo-iniciar-negociaciones-para-armar-una-gran-alianza-en-2027\/\" \/>\n<meta property=\"og:locale\" content=\"es_ES\" \/>\n<meta property=\"og:type\" content=\"article\" \/>\n<meta property=\"og:title\" content=\"La UCR aprob\u00f3 iniciar negociaciones para armar una gran alianza en 2027 con el PRO, libertarios y Tierno - Diario Textual\" \/>\n<meta property=\"og:description\" content=\"La Uni\u00f3n C\u00edvica Radical (UCR) de La Pampa dio este s\u00e1bado un paso clave para definir su estrategia electoral de cara a 2027. Sus principales \u00f3rganos partidarios aprobaron, por amplia&hellip;\" \/>\n<meta property=\"og:url\" content=\"https:\/\/diariotextual.com\/inicio\/index.php\/2026\/09\/05\/por-amplia-mayoria-la-ucr-pampeana-aprobo-iniciar-negociaciones-para-armar-una-gran-alianza-en-2027\/\" \/>\n<meta property=\"og:site_name\" content=\"Diario Textual\" \/>\n<meta property=\"article:publisher\" content=\"https:\/\/www.facebook.com\/eltextual\" \/>\n<meta property=\"article:published_time\" content=\"2026-09-05T22:13:45+00:00\" \/>\n<meta property=\"article:modified_time\" content=\"2026-09-05T22:32:06+00:00\" \/>\n<meta property=\"og:image\" content=\"https:\/\/diariotextual.com\/inicio\/wp-content\/uploads\/2026\/09\/ucrconvencionprovincialradicalismo5septiembre2026-7.jpg\" \/>\n\t<meta property=\"og:image:width\" content=\"1300\" \/>\n\t<meta property=\"og:image:height\" content=\"810\" \/>\n\t<meta property=\"og:image:type\" content=\"image\/jpeg\" \/>\n<meta name=\"author\" content=\"Diario1 Diario1\" \/>\n<meta name=\"twitter:card\" content=\"summary_large_image\" \/>\n<meta name=\"twitter:creator\" content=\"@eltextual\" \/>\n<meta name=\"twitter:site\" content=\"@eltextual\" \/>\n<meta name=\"twitter:label1\" content=\"Escrito por\" \/>\n\t<meta name=\"twitter:data1\" content=\"Diario1 Diario1\" \/>\n\t<meta name=\"twitter:label2\" content=\"Tiempo de lectura\" \/>\n\t<meta name=\"twitter:data2\" content=\"4 minutos\" \/>\n<script type=\"application\/ld+json\" class=\"yoast-schema-graph\">{\"@context\":\"https:\\\/\\\/schema.org\",\"@graph\":[{\"@type\":\"Article\",\"@id\":\"https:\\\/\\\/diariotextual.com\\\/inicio\\\/index.php\\\/2026\\\/09\\\/05\\\/por-amplia-mayoria-la-ucr-pampeana-aprobo-iniciar-negociaciones-para-armar-una-gran-alianza-en-2027\\\/#article\",\"isPartOf\":{\"@id\":\"https:\\\/\\\/diariotextual.com\\\/inicio\\\/index.php\\\/2026\\\/09\\\/05\\\/por-amplia-mayoria-la-ucr-pampeana-aprobo-iniciar-negociaciones-para-armar-una-gran-alianza-en-2027\\\/\"},\"author\":{\"name\":\"Diario1 Diario1\",\"@id\":\"https:\\\/\\\/diariotextual.com\\\/inicio\\\/#\\\/schema\\\/person\\\/418fc4093c33e86ed41562db3508f958\"},\"headline\":\"La UCR aprob\u00f3 iniciar negociaciones para armar una gran alianza en 2027 con el PRO, libertarios y Tierno\",\"datePublished\":\"2026-09-05T22:13:45+00:00\",\"dateModified\":\"2026-09-05T22:32:06+00:00\",\"mainEntityOfPage\":{\"@id\":\"https:\\\/\\\/diariotextual.com\\\/inicio\\\/index.php\\\/2026\\\/09\\\/05\\\/por-amplia-mayoria-la-ucr-pampeana-aprobo-iniciar-negociaciones-para-armar-una-gran-alianza-en-2027\\\/\"},\"wordCount\":798,\"publisher\":{\"@id\":\"https:\\\/\\\/diariotextual.com\\\/inicio\\\/#organization\"},\"image\":{\"@id\":\"https:\\\/\\\/diariotextual.com\\\/inicio\\\/index.php\\\/2026\\\/09\\\/05\\\/por-amplia-mayoria-la-ucr-pampeana-aprobo-iniciar-negociaciones-para-armar-una-gran-alianza-en-2027\\\/#primaryimage\"},\"thumbnailUrl\":\"https:\\\/\\\/diariotextual.com\\\/inicio\\\/wp-content\\\/uploads\\\/2026\\\/09\\\/ucrconvencionprovincialradicalismo5septiembre2026-7.jpg\",\"articleSection\":[\"A - DESTACADAS (mod 16)\",\"POLITICA\"],\"inLanguage\":\"es\"},{\"@type\":\"WebPage\",\"@id\":\"https:\\\/\\\/diariotextual.com\\\/inicio\\\/index.php\\\/2026\\\/09\\\/05\\\/por-amplia-mayoria-la-ucr-pampeana-aprobo-iniciar-negociaciones-para-armar-una-gran-alianza-en-2027\\\/\",\"url\":\"https:\\\/\\\/diariotextual.com\\\/inicio\\\/index.php\\\/2026\\\/09\\\/05\\\/por-amplia-mayoria-la-ucr-pampeana-aprobo-iniciar-negociaciones-para-armar-una-gran-alianza-en-2027\\\/\",\"name\":\"La UCR aprob\u00f3 iniciar negociaciones para armar una gran alianza en 2027 con el PRO, libertarios y Tierno - Diario Textual\",\"isPartOf\":{\"@id\":\"https:\\\/\\\/diariotextual.com\\\/inicio\\\/#website\"},\"primaryImageOfPage\":{\"@id\":\"https:\\\/\\\/diariotextual.com\\\/inicio\\\/index.php\\\/2026\\\/09\\\/05\\\/por-amplia-mayoria-la-ucr-pampeana-aprobo-iniciar-negociaciones-para-armar-una-gran-alianza-en-2027\\\/#primaryimage\"},\"image\":{\"@id\":\"https:\\\/\\\/diariotextual.com\\\/inicio\\\/index.php\\\/2026\\\/09\\\/05\\\/por-amplia-mayoria-la-ucr-pampeana-aprobo-iniciar-negociaciones-para-armar-una-gran-alianza-en-2027\\\/#primaryimage\"},\"thumbnailUrl\":\"https:\\\/\\\/diariotextual.com\\\/inicio\\\/wp-content\\\/uploads\\\/2026\\\/09\\\/ucrconvencionprovincialradicalismo5septiembre2026-7.jpg\",\"datePublished\":\"2026-09-05T22:13:45+00:00\",\"dateModified\":\"2026-09-05T22:32:06+00:00\",\"breadcrumb\":{\"@id\":\"https:\\\/\\\/diariotextual.com\\\/inicio\\\/index.php\\\/2026\\\/09\\\/05\\\/por-amplia-mayoria-la-ucr-pampeana-aprobo-iniciar-negociaciones-para-armar-una-gran-alianza-en-2027\\\/#breadcrumb\"},\"inLanguage\":\"es\",\"potentialAction\":[{\"@type\":\"ReadAction\",\"target\":[\"https:\\\/\\\/diariotextual.com\\\/inicio\\\/index.php\\\/2026\\\/09\\\/05\\\/por-amplia-mayoria-la-ucr-pampeana-aprobo-iniciar-negociaciones-para-armar-una-gran-alianza-en-2027\\\/\"]}]},{\"@type\":\"ImageObject\",\"inLanguage\":\"es\",\"@id\":\"https:\\\/\\\/diariotextual.com\\\/inicio\\\/index.php\\\/2026\\\/09\\\/05\\\/por-amplia-mayoria-la-ucr-pampeana-aprobo-iniciar-negociaciones-para-armar-una-gran-alianza-en-2027\\\/#primaryimage\",\"url\":\"https:\\\/\\\/diariotextual.com\\\/inicio\\\/wp-content\\\/uploads\\\/2026\\\/09\\\/ucrconvencionprovincialradicalismo5septiembre2026-7.jpg\",\"contentUrl\":\"https:\\\/\\\/diariotextual.com\\\/inicio\\\/wp-content\\\/uploads\\\/2026\\\/09\\\/ucrconvencionprovincialradicalismo5septiembre2026-7.jpg\",\"width\":1300,\"height\":810},{\"@type\":\"BreadcrumbList\",\"@id\":\"https:\\\/\\\/diariotextual.com\\\/inicio\\\/index.php\\\/2026\\\/09\\\/05\\\/por-amplia-mayoria-la-ucr-pampeana-aprobo-iniciar-negociaciones-para-armar-una-gran-alianza-en-2027\\\/#breadcrumb\",\"itemListElement\":[{\"@type\":\"ListItem\",\"position\":1,\"name\":\"Portada\",\"item\":\"https:\\\/\\\/diariotextual.com\\\/inicio\\\/\"},{\"@type\":\"ListItem\",\"position\":2,\"name\":\"La UCR aprob\u00f3 iniciar negociaciones para armar una gran alianza en 2027 con el PRO, libertarios y Tierno\"}]},{\"@type\":\"WebSite\",\"@id\":\"https:\\\/\\\/diariotextual.com\\\/inicio\\\/#website\",\"url\":\"https:\\\/\\\/diariotextual.com\\\/inicio\\\/\",\"name\":\"Diario Textual\",\"description\":\"\",\"publisher\":{\"@id\":\"https:\\\/\\\/diariotextual.com\\\/inicio\\\/#organization\"},\"potentialAction\":[{\"@type\":\"SearchAction\",\"target\":{\"@type\":\"EntryPoint\",\"urlTemplate\":\"https:\\\/\\\/diariotextual.com\\\/inicio\\\/?s={search_term_string}\"},\"query-input\":{\"@type\":\"PropertyValueSpecification\",\"valueRequired\":true,\"valueName\":\"search_term_string\"}}],\"inLanguage\":\"es\"},{\"@type\":\"Organization\",\"@id\":\"https:\\\/\\\/diariotextual.com\\\/inicio\\\/#organization\",\"name\":\"Diario Textual\",\"url\":\"https:\\\/\\\/diariotextual.com\\\/inicio\\\/\",\"logo\":{\"@type\":\"ImageObject\",\"inLanguage\":\"es\",\"@id\":\"https:\\\/\\\/diariotextual.com\\\/inicio\\\/#\\\/schema\\\/logo\\\/image\\\/\",\"url\":\"https:\\\/\\\/diariotextual.com\\\/inicio\\\/wp-content\\\/uploads\\\/2023\\\/05\\\/logotextual1.jpg\",\"contentUrl\":\"https:\\\/\\\/diariotextual.com\\\/inicio\\\/wp-content\\\/uploads\\\/2023\\\/05\\\/logotextual1.jpg\",\"width\":516,\"height\":76,\"caption\":\"Diario Textual\"},\"image\":{\"@id\":\"https:\\\/\\\/diariotextual.com\\\/inicio\\\/#\\\/schema\\\/logo\\\/image\\\/\"},\"sameAs\":[\"https:\\\/\\\/www.facebook.com\\\/eltextual\",\"https:\\\/\\\/x.com\\\/eltextual\",\"http:\\\/\\\/www.instagram.com\\\/eltextual\"]},{\"@type\":\"Person\",\"@id\":\"https:\\\/\\\/diariotextual.com\\\/inicio\\\/#\\\/schema\\\/person\\\/418fc4093c33e86ed41562db3508f958\",\"name\":\"Diario1 Diario1\",\"image\":{\"@type\":\"ImageObject\",\"inLanguage\":\"es\",\"@id\":\"https:\\\/\\\/secure.gravatar.com\\\/avatar\\\/9167d280179c85bc18be67aa7eda765854300033af4896dd779b608640f2ef7a?s=96&d=mm&r=g\",\"url\":\"https:\\\/\\\/secure.gravatar.com\\\/avatar\\\/9167d280179c85bc18be67aa7eda765854300033af4896dd779b608640f2ef7a?s=96&d=mm&r=g\",\"contentUrl\":\"https:\\\/\\\/secure.gravatar.com\\\/avatar\\\/9167d280179c85bc18be67aa7eda765854300033af4896dd779b608640f2ef7a?s=96&d=mm&r=g\",\"caption\":\"Diario1 Diario1\"},\"url\":\"https:\\\/\\\/diariotextual.com\\\/inicio\\\/index.php\\\/author\\\/diario1\\\/\"}]}<\/script>\n<!-- \/ Yoast SEO plugin. -->","yoast_head_json":{"title":"La UCR aprob\u00f3 iniciar negociaciones para armar una gran alianza en 2027 con el PRO, libertarios y Tierno - Diario Textual","robots":{"index":"index","follow":"follow","max-snippet":"max-snippet:-1","max-image-preview":"max-image-preview:large","max-video-preview":"max-video-preview:-1"},"canonical":"https:\/\/diariotextual.com\/inicio\/index.php\/2026\/09\/05\/por-amplia-mayoria-la-ucr-pampeana-aprobo-iniciar-negociaciones-para-armar-una-gran-alianza-en-2027\/","og_locale":"es_ES","og_type":"article","og_title":"La UCR aprob\u00f3 iniciar negociaciones para armar una gran alianza en 2027 con el PRO, libertarios y Tierno - Diario Textual","og_description":"La Uni\u00f3n C\u00edvica Radical (UCR) de La Pampa dio este s\u00e1bado un paso clave para definir su estrategia electoral de cara a 2027. Sus principales \u00f3rganos partidarios aprobaron, por amplia&hellip;","og_url":"https:\/\/diariotextual.com\/inicio\/index.php\/2026\/09\/05\/por-amplia-mayoria-la-ucr-pampeana-aprobo-iniciar-negociaciones-para-armar-una-gran-alianza-en-2027\/","og_site_name":"Diario Textual","article_publisher":"https:\/\/www.facebook.com\/eltextual","article_published_time":"2026-09-05T22:13:45+00:00","article_modified_time":"2026-09-05T22:32:06+00:00","og_image":[{"width":1300,"height":810,"url":"https:\/\/diariotextual.com\/inicio\/wp-content\/uploads\/2026\/09\/ucrconvencionprovincialradicalismo5septiembre2026-7.jpg","type":"image\/jpeg"}],"author":"Diario1 Diario1","twitter_card":"summary_large_image","twitter_creator":"@eltextual","twitter_site":"@eltextual","twitter_misc":{"Escrito por":"Diario1 Diario1","Tiempo de lectura":"4 minutos"},"schema":{"@context":"https:\/\/schema.org","@graph":[{"@type":"Article","@id":"https:\/\/diariotextual.com\/inicio\/index.php\/2026\/09\/05\/por-amplia-mayoria-la-ucr-pampeana-aprobo-iniciar-negociaciones-para-armar-una-gran-alianza-en-2027\/#article","isPartOf":{"@id":"https:\/\/diariotextual.com\/inicio\/index.php\/2026\/09\/05\/por-amplia-mayoria-la-ucr-pampeana-aprobo-iniciar-negociaciones-para-armar-una-gran-alianza-en-2027\/"},"author":{"name":"Diario1 Diario1","@id":"https:\/\/diariotextual.com\/inicio\/#\/schema\/person\/418fc4093c33e86ed41562db3508f958"},"headline":"La UCR aprob\u00f3 iniciar negociaciones para armar una gran alianza en 2027 con el PRO, libertarios y Tierno","datePublished":"2026-09-05T22:13:45+00:00","dateModified":"2026-09-05T22:32:06+00:00","mainEntityOfPage":{"@id":"https:\/\/diariotextual.com\/inicio\/index.php\/2026\/09\/05\/por-amplia-mayoria-la-ucr-pampeana-aprobo-iniciar-negociaciones-para-armar-una-gran-alianza-en-2027\/"},"wordCount":798,"publisher":{"@id":"https:\/\/diariotextual.com\/inicio\/#organization"},"image":{"@id":"https:\/\/diariotextual.com\/inicio\/index.php\/2026\/09\/05\/por-amplia-mayoria-la-ucr-pampeana-aprobo-iniciar-negociaciones-para-armar-una-gran-alianza-en-2027\/#primaryimage"},"thumbnailUrl":"https:\/\/diariotextual.com\/inicio\/wp-content\/uploads\/2026\/09\/ucrconvencionprovincialradicalismo5septiembre2026-7.jpg","articleSection":["A - DESTACADAS (mod 16)","POLITICA"],"inLanguage":"es"},{"@type":"WebPage","@id":"https:\/\/diariotextual.com\/inicio\/index.php\/2026\/09\/05\/por-amplia-mayoria-la-ucr-pampeana-aprobo-iniciar-negociaciones-para-armar-una-gran-alianza-en-2027\/","url":"https:\/\/diariotextual.com\/inicio\/index.php\/2026\/09\/05\/por-amplia-mayoria-la-ucr-pampeana-aprobo-iniciar-negociaciones-para-armar-una-gran-alianza-en-2027\/","name":"La UCR aprob\u00f3 iniciar negociaciones para armar una gran alianza en 2027 con el PRO, libertarios y Tierno - Diario Textual","isPartOf":{"@id":"https:\/\/diariotextual.com\/inicio\/#website"},"primaryImageOfPage":{"@id":"https:\/\/diariotextual.com\/inicio\/index.php\/2026\/09\/05\/por-amplia-mayoria-la-ucr-pampeana-aprobo-iniciar-negociaciones-para-armar-una-gran-alianza-en-2027\/#primaryimage"},"image":{"@id":"https:\/\/diariotextual.com\/inicio\/index.php\/2026\/09\/05\/por-amplia-mayoria-la-ucr-pampeana-aprobo-iniciar-negociaciones-para-armar-una-gran-alianza-en-2027\/#primaryimage"},"thumbnailUrl":"https:\/\/diariotextual.com\/inicio\/wp-content\/uploads\/2026\/09\/ucrconvencionprovincialradicalismo5septiembre2026-7.jpg","datePublished":"2026-09-05T22:13:45+00:00","dateModified":"2026-09-05T22:32:06+00:00","breadcrumb":{"@id":"https:\/\/diariotextual.com\/inicio\/index.php\/2026\/09\/05\/por-amplia-mayoria-la-ucr-pampeana-aprobo-iniciar-negociaciones-para-armar-una-gran-alianza-en-2027\/#breadcrumb"},"inLanguage":"es","potentialAction":[{"@type":"ReadAction","target":["https:\/\/diariotextual.com\/inicio\/index.php\/2026\/09\/05\/por-amplia-mayoria-la-ucr-pampeana-aprobo-iniciar-negociaciones-para-armar-una-gran-alianza-en-2027\/"]}]},{"@type":"ImageObject","inLanguage":"es","@id":"https:\/\/diariotextual.com\/inicio\/index.php\/2026\/09\/05\/por-amplia-mayoria-la-ucr-pampeana-aprobo-iniciar-negociaciones-para-armar-una-gran-alianza-en-2027\/#primaryimage","url":"https:\/\/diariotextual.com\/inicio\/wp-content\/uploads\/2026\/09\/ucrconvencionprovincialradicalismo5septiembre2026-7.jpg","contentUrl":"https:\/\/diariotextual.com\/inicio\/wp-content\/uploads\/2026\/09\/ucrconvencionprovincialradicalismo5septiembre2026-7.jpg","width":1300,"height":810},{"@type":"BreadcrumbList","@id":"https:\/\/diariotextual.com\/inicio\/index.php\/2026\/09\/05\/por-amplia-mayoria-la-ucr-pampeana-aprobo-iniciar-negociaciones-para-armar-una-gran-alianza-en-2027\/#breadcrumb","itemListElement":[{"@type":"ListItem","position":1,"name":"Portada","item":"https:\/\/diariotextual.com\/inicio\/"},{"@type":"ListItem","position":2,"name":"La UCR aprob\u00f3 iniciar negociaciones para armar una gran alianza en 2027 con el PRO, libertarios y Tierno"}]},{"@type":"WebSite","@id":"https:\/\/diariotextual.com\/inicio\/#website","url":"https:\/\/diariotextual.com\/inicio\/","name":"Diario Textual","description":"","publisher":{"@id":"https:\/\/diariotextual.com\/inicio\/#organization"},"potentialAction":[{"@type":"SearchAction","target":{"@type":"EntryPoint","urlTemplate":"https:\/\/diariotextual.com\/inicio\/?s={search_term_string}"},"query-input":{"@type":"PropertyValueSpecification","valueRequired":true,"valueName":"search_term_string"}}],"inLanguage":"es"},{"@type":"Organization","@id":"https:\/\/diariotextual.com\/inicio\/#organization","name":"Diario Textual","url":"https:\/\/diariotextual.com\/inicio\/","logo":{"@type":"ImageObject","inLanguage":"es","@id":"https:\/\/diariotextual.com\/inicio\/#\/schema\/logo\/image\/","url":"https:\/\/diariotextual.com\/inicio\/wp-content\/uploads\/2023\/05\/logotextual1.jpg","contentUrl":"https:\/\/diariotextual.com\/inicio\/wp-content\/uploads\/2023\/05\/logotextual1.jpg","width":516,"height":76,"caption":"Diario Textual"},"image":{"@id":"https:\/\/diariotextual.com\/inicio\/#\/schema\/logo\/image\/"},"sameAs":["https:\/\/www.facebook.com\/eltextual","https:\/\/x.com\/eltextual","http:\/\/www.instagram.com\/eltextual"]},{"@type":"Person","@id":"https:\/\/diariotextual.com\/inicio\/#\/schema\/person\/418fc4093c33e86ed41562db3508f958","name":"Diario1 Diario1","image":{"@type":"ImageObject","inLanguage":"es","@id":"https:\/\/secure.gravatar.com\/avatar\/9167d280179c85bc18be67aa7eda765854300033af4896dd779b608640f2ef7a?s=96&d=mm&r=g","url":"https:\/\/secure.gravatar.com\/avatar\/9167d280179c85bc18be67aa7eda765854300033af4896dd779b608640f2ef7a?s=96&d=mm&r=g","contentUrl":"https:\/\/secure.gravatar.com\/avatar\/9167d280179c85bc18be67aa7eda765854300033af4896dd779b608640f2ef7a?s=96&d=mm&r=g","caption":"Diario1 Diario1"},"url":"https:\/\/diariotextual.com\/inicio\/index.php\/author\/diario1\/"}]}},"_links":{"self":[{"href":"https:\/\/diariotextual.com\/inicio\/index.php\/wp-json\/wp\/v2\/posts\/334603","targetHints":{"allow":["GET"]}}],"collection":[{"href":"https:\/\/diariotextual.com\/inicio\/index.php\/wp-json\/wp\/v2\/posts"}],"about":[{"href":"https:\/\/diariotextual.com\/inicio\/index.php\/wp-json\/wp\/v2\/types\/post"}],"author":[{"embeddable":true,"href":"https:\/\/diariotextual.com\/inicio\/index.php\/wp-json\/wp\/v2\/users\/3"}],"replies":[{"embeddable":true,"href":"https:\/\/diariotextual.com\/inicio\/index.php\/wp-json\/wp\/v2\/comments?post=334603"}],"version-history":[{"count":4,"href":"https:\/\/diariotextual.com\/inicio\/index.php\/wp-json\/wp\/v2\/posts\/334603\/revisions"}],"predecessor-version":[{"id":334616,"href":"https:\/\/diariotextual.com\/inicio\/index.php\/wp-json\/wp\/v2\/posts\/334603\/revisions\/334616"}],"wp:featuredmedia":[{"embeddable":true,"href":"https:\/\/diariotextual.com\/inicio\/index.php\/wp-json\/wp\/v2\/media\/334602"}],"wp:attachment":[{"href":"https:\/\/diariotextual.com\/inicio\/index.php\/wp-json\/wp\/v2\/media?parent=334603"}],"wp:term":[{"taxonomy":"category","embeddable":true,"href":"https:\/\/diariotextual.com\/inicio\/index.php\/wp-json\/wp\/v2\/categories?post=334603"},{"taxonomy":"post_tag","embeddable":true,"href":"https:\/\/diariotextual.com\/inicio\/index.php\/wp-json\/wp\/v2\/tags?post=334603"}],"curies":[{"name":"wp","href":"https:\/\/api.w.org\/{rel}","templated":true}]}}