{"id":334605,"date":"2026-09-05T18:35:08","date_gmt":"2026-09-05T21:35:08","guid":{"rendered":"https:\/\/diariotextual.com\/inicio\/?p=334605"},"modified":"2026-09-05T18:35:09","modified_gmt":"2026-09-05T21:35:09","slug":"fernanda-gonzalez-el-plan-de-desarrollo-economico-y-productivo-de-la-pampa-es-nuestra-hoja-de-ruta","status":"publish","type":"post","link":"https:\/\/diariotextual.com\/inicio\/index.php\/2026\/09\/05\/fernanda-gonzalez-el-plan-de-desarrollo-economico-y-productivo-de-la-pampa-es-nuestra-hoja-de-ruta\/","title":{"rendered":"Fernanda Gonz\u00e1lez: \u201cEl Plan de Desarrollo Econ\u00f3mico y Productivo de La Pampa es nuestra hoja de ruta\u201d"},"content":{"rendered":"\n<p class=\"wp-block-paragraph\">La ministra de la Producci\u00f3n d La Pampa, <strong>Fernanda Gonz\u00e1lez<\/strong>, destac\u00f3 el desempe\u00f1o de la agricultura y la ganader\u00eda pampeanas y defendi\u00f3 las herramientas de financiamiento y acompa\u00f1amiento que ofrece el Gobierno provincial al sector productivo. Lo hizo durante la inauguraci\u00f3n de la <strong>92\u00b0 Exposici\u00f3n Rural, Agr\u00edcola, Industrial, Comercial y de Servicios de General Pico<\/strong>.<\/p>\n\n\n\n<p class=\"wp-block-paragraph\">\u201cLa agricultura muestra resultados alentadores, particularmente en cultivos como el ma\u00edz y el girasol. Y nuestra ganader\u00eda contin\u00faa demostrando no solamente su importancia en t\u00e9rminos de stock, sino que su trayectoria muestra una mejora sostenida en la eficiencia productiva que nos posiciona en el grupo de provincias m\u00e1s eficientes, superando el promedio nacional\u201d, se\u00f1al\u00f3.<\/p>\n\n\n\n<p class=\"wp-block-paragraph\">La exposici\u00f3n, organizada por la <strong>Asociaci\u00f3n Sociedad Rural<\/strong> bajo el lema \u201cConectando ra\u00edces con futuro\u201d, re\u00fane a m\u00e1s de <strong>200 expositores<\/strong> y busca mostrar el potencial productivo del norte provincial, adem\u00e1s de generar v\u00ednculos entre los distintos sectores y acercar al p\u00fablico las novedades en tecnolog\u00eda, maquinaria y servicios.<\/p>\n\n\n\n<p class=\"wp-block-paragraph\">Del acto inaugural participaron Gonz\u00e1lez; el presidente de la Sociedad Rural, <strong>Carlos Matilla<\/strong>; el senador nacional <strong>Daniel Bensus\u00e1n<\/strong>; el diputado nacional <strong>Abelardo Ferr\u00e1n<\/strong>; el presidente de Confederaciones de Asociaciones Rurales de Buenos Aires y La Pampa (Carbap), <strong>Pablo Ginestet<\/strong>; la intendenta <strong>Fernanda Alonso<\/strong>; funcionarios provinciales y representantes de distintos sectores productivos.<\/p>\n\n\n\n<div style=\"height:100px\" aria-hidden=\"true\" class=\"wp-block-spacer\"><\/div>\n\n\n\n<p class=\"wp-block-paragraph\"><strong>\u201cLa clave es la adaptaci\u00f3n\u201d<\/strong><\/p>\n\n\n\n<p class=\"wp-block-paragraph\">\u201cEl entramado productivo integrado por familias productoras, contratistas, t\u00e9cnicos, cooperativas, empresas de servicios, de insumos y de maquinarias que se fortalece y desarrolla para ser competitivos, trabajando e invirtiendo en La Pampa\u201d, dijo.<\/p>\n\n\n\n<p class=\"wp-block-paragraph\">Tambi\u00e9n plante\u00f3 los desaf\u00edos que enfrenta el sector ante \u201cel contexto internacional que genera volatilidad de mercados\u201d y el cambio clim\u00e1tico, que obliga a \u201crepensar los sistemas de producci\u00f3n\u201d del pa\u00eds.<\/p>\n\n\n\n<p class=\"wp-block-paragraph\">\u201c<strong>La clave es la adaptaci\u00f3n<\/strong>\u201d, afirm\u00f3, y remarc\u00f3 en ese sentido el trabajo conjunto con organismos cient\u00edfico-t\u00e9cnicos para acompa\u00f1ar a los productores en la toma de decisiones y al sector privado.<\/p>\n\n\n\n<p class=\"wp-block-paragraph\">\u201cProducir m\u00e1s y mejor requiere trabajo, conocimiento e inversi\u00f3n, pero tambi\u00e9n necesita herramientas que permitan concretar esas inversiones\u201d, dijo.<\/p>\n\n\n\n<p class=\"wp-block-paragraph\">En ese marco, mencion\u00f3 las alternativas de financiamiento disponibles junto al <strong>Banco de La Pampa, Fogapam y el Consejo Federal de Inversiones<\/strong>, destinadas a la producci\u00f3n agropecuaria, infraestructura productiva, ganader\u00eda, actividad tambera y ap\u00edcola, manejo sustentable de los recursos, energ\u00edas renovables y eficiencia h\u00eddrica.<\/p>\n\n\n\n<p class=\"wp-block-paragraph\">Tambi\u00e9n destac\u00f3 el <strong>Compre Pampeano<\/strong> y el acompa\u00f1amiento de la agencia <strong>I-COMEX<\/strong> a las empresas en sus procesos de internacionalizaci\u00f3n y apertura de mercados.<\/p>\n\n\n\n<p class=\"wp-block-paragraph\">\u201cEn General Pico contamos adem\u00e1s con herramientas estrat\u00e9gicas como la Zona Franca y el Polo Cient\u00edfico Tecnol\u00f3gico, que nos permiten vincular producci\u00f3n, industria, innovaci\u00f3n y conocimiento\u201d, sostuvo.<\/p>\n\n\n\n<p class=\"wp-block-paragraph\">Adem\u00e1s, mencion\u00f3 las <strong>Becas Iniciar<\/strong>, implementadas junto a la Universidad Nacional de La Pampa y la Fundaci\u00f3n Banco de La Pampa, como parte de las pol\u00edticas de formaci\u00f3n e incorporaci\u00f3n de conocimiento a los procesos productivos.<\/p>\n\n\n\n<div style=\"height:100px\" aria-hidden=\"true\" class=\"wp-block-spacer\"><\/div>\n\n\n\n<p class=\"wp-block-paragraph\"><strong>\u201cNuestra hoja de ruta\u201d<\/strong><\/p>\n\n\n\n<p class=\"wp-block-paragraph\">De cara al futuro, Gonz\u00e1lez reivindic\u00f3 el <strong>Plan de Desarrollo Econ\u00f3mico y Productivo de La Pampa<\/strong> como eje de las pol\u00edticas oficiales. \u201cEl Plan de Desarrollo Econ\u00f3mico y Productivo de La Pampa es nuestra hoja de ruta, construida conjuntamente con el sector privado, las instituciones y los organismos cient\u00edfico-tecnol\u00f3gicos\u201d, afirm\u00f3.<\/p>\n\n\n\n<p class=\"wp-block-paragraph\">\u201cLos invitamos a continuar trabajando en esta l\u00ednea para fortalecer la producci\u00f3n, generar empleo, agregar valor y promover el desarrollo equilibrado de toda nuestra provincia\u201d, agreg\u00f3.<\/p>\n\n\n\n<p class=\"wp-block-paragraph\">La ministra tambi\u00e9n busc\u00f3 ampliar la mirada sobre el impacto de la actividad agropecuaria. \u201cCuando nos referimos al campo pampeano, no hablamos solamente de producci\u00f3n primaria. Cuando el agro crece, tambi\u00e9n crece nuestro sector industrial, nuestras pymes, los contratistas rurales, la log\u00edstica, los servicios y toda la cadena agroalimentaria\u201d, sostuvo.<\/p>\n\n\n\n<div style=\"height:100px\" aria-hidden=\"true\" class=\"wp-block-spacer\"><\/div>\n\n\n\n<p class=\"wp-block-paragraph\"><strong>Matilla: \u201cEl principal desaf\u00edo es recuperar la confianza\u201d<\/strong><\/p>\n\n\n\n<p class=\"wp-block-paragraph\">El presidente de la Sociedad Rural de Pico, <strong>Carlos Matilla<\/strong>, puso el foco en la situaci\u00f3n econ\u00f3mica y tributaria del sector agropecuario. \u201cEl principal desaf\u00edo del pa\u00eds no es solo econ\u00f3mico, es recuperar la confianza. Para generar cr\u00e9dito, desarrollo e inversi\u00f3n necesitamos ser un pa\u00eds confiable. Eso requiere consenso sobre el rumbo econ\u00f3mico\u201d, afirm\u00f3.<\/p>\n\n\n\n<p class=\"wp-block-paragraph\">Matilla dijo que la Rural es libertaria. Sostuvo que, si bien \u201cacompa\u00f1amos el rumbo econ\u00f3mico\u201d de Javier Milei, todav\u00eda \u201cno est\u00e1 completo\u201d y cuestion\u00f3 la carga tributaria que soporta el sector. \u201cEl sector agropecuario contin\u00faa soportando una carga tributaria que no le permite invertir. Constituye un impuesto distorsivo. Creemos que lo primero es crear las condiciones para que los productores puedan hacer crecer la econom\u00eda\u201d, se\u00f1al\u00f3.<\/p>\n\n\n\n<p class=\"wp-block-paragraph\">\u201cAdem\u00e1s, debemos tener un Estado fuerte que atienda el agregado de valor, la seguridad jur\u00eddica, la sanidad animal y vegetal y la estabilidad econ\u00f3mica\u201d, dijo.<\/p>\n\n\n\n<p class=\"wp-block-paragraph\">El dirigente rural se refiri\u00f3 particularmente al impuesto a los <strong>Ingresos Brutos<\/strong>, a la prevenci\u00f3n de la fiebre aftosa y al rol del <strong>Instituto Nacional de Tecnolog\u00eda Agropecuaria (Inta)<\/strong>, al que destac\u00f3 por su aporte de conocimiento y tecnolog\u00eda. \u201cEl futuro de la Argentina no depende solamente de quienes gobiernan, sino tambi\u00e9n de nosotros, entidades, y la sociedad. No alcanza con reclamar, hay que participar. Por ello, convoco a todos a involucrarse\u201d, sostuvo.<\/p>\n\n\n\n<p class=\"wp-block-paragraph\">Finalmente, destac\u00f3 la importancia de reunirse y dialogar para tomar decisiones.<\/p>\n\n\n\n<div style=\"height:100px\" aria-hidden=\"true\" class=\"wp-block-spacer\"><\/div>\n\n\n\n<p class=\"wp-block-paragraph\"><strong>Ginestet: reclamos por impuestos y caminos rurales<\/strong><\/p>\n\n\n\n<p class=\"wp-block-paragraph\">El presidente de <strong>Carbap<\/strong>, <strong>Pablo Ginestet<\/strong>, tambi\u00e9n destac\u00f3 la importancia de las instituciones y cuestion\u00f3 la burocracia vinculada con los impuestos al sector agropecuario. \u201cEs necesario abordar este tema\u201d, sostuvo.<\/p>\n\n\n\n<p class=\"wp-block-paragraph\">En relaci\u00f3n con la <strong>fiebre aftosa<\/strong>, se\u00f1al\u00f3 que existe preocupaci\u00f3n entre los productores ganaderos por las pol\u00edticas vigentes y destac\u00f3 la necesidad de mejorar los caminos rurales.<\/p>\n\n\n\n<p class=\"wp-block-paragraph\">Tambi\u00e9n hizo referencia al fen\u00f3meno de <strong>El Ni\u00f1o<\/strong> que podr\u00eda producirse y plante\u00f3 la necesidad de trabajar sobre ese escenario. \u201cSon muchos los desaf\u00edos que tenemos, pero nuestro pa\u00eds tiene una oportunidad de desarrollar nuestros productos y ofrecerlos al mundo\u201d, concluy\u00f3.<\/p>\n\n\n\n<p class=\"wp-block-paragraph\"><\/p>\n","protected":false},"excerpt":{"rendered":"<p>La ministra de la Producci\u00f3n d La Pampa, Fernanda Gonz\u00e1lez, destac\u00f3 el desempe\u00f1o de la agricultura y la ganader\u00eda pampeanas y defendi\u00f3 las herramientas de financiamiento y acompa\u00f1amiento que ofrece&hellip;<\/p>\n","protected":false},"author":3,"featured_media":334608,"comment_status":"closed","ping_status":"open","sticky":false,"template":"","format":"standard","meta":{"_acf_changed":false,"footnotes":""},"categories":[9,20],"tags":[],"class_list":["post-334605","post","type-post","status-publish","format-standard","has-post-thumbnail","hentry","category-portada","category-campo"],"acf":[],"yoast_head":"<!-- This site is optimized with the Yoast SEO plugin v28.4 - https:\/\/yoast.com\/product\/yoast-seo-wordpress\/ -->\n<title>Fernanda Gonz\u00e1lez: \u201cEl Plan de Desarrollo Econ\u00f3mico y Productivo de La Pampa es nuestra hoja de ruta\u201d - Diario Textual<\/title>\n<meta name=\"robots\" content=\"index, follow, max-snippet:-1, max-image-preview:large, max-video-preview:-1\" \/>\n<link rel=\"canonical\" href=\"https:\/\/diariotextual.com\/inicio\/index.php\/2026\/09\/05\/fernanda-gonzalez-el-plan-de-desarrollo-economico-y-productivo-de-la-pampa-es-nuestra-hoja-de-ruta\/\" \/>\n<meta property=\"og:locale\" content=\"es_ES\" \/>\n<meta property=\"og:type\" content=\"article\" \/>\n<meta property=\"og:title\" content=\"Fernanda Gonz\u00e1lez: \u201cEl Plan de Desarrollo Econ\u00f3mico y Productivo de La Pampa es nuestra hoja de ruta\u201d - Diario Textual\" \/>\n<meta property=\"og:description\" content=\"La ministra de la Producci\u00f3n d La Pampa, Fernanda Gonz\u00e1lez, destac\u00f3 el desempe\u00f1o de la agricultura y la ganader\u00eda pampeanas y defendi\u00f3 las herramientas de financiamiento y acompa\u00f1amiento que ofrece&hellip;\" \/>\n<meta property=\"og:url\" content=\"https:\/\/diariotextual.com\/inicio\/index.php\/2026\/09\/05\/fernanda-gonzalez-el-plan-de-desarrollo-economico-y-productivo-de-la-pampa-es-nuestra-hoja-de-ruta\/\" \/>\n<meta property=\"og:site_name\" content=\"Diario Textual\" \/>\n<meta property=\"article:publisher\" content=\"https:\/\/www.facebook.com\/eltextual\" \/>\n<meta property=\"article:published_time\" content=\"2026-09-05T21:35:08+00:00\" \/>\n<meta property=\"article:modified_time\" content=\"2026-09-05T21:35:09+00:00\" \/>\n<meta property=\"og:image\" content=\"https:\/\/diariotextual.com\/inicio\/wp-content\/uploads\/2026\/09\/ruralgeneralpico2026-111.jpg\" \/>\n\t<meta property=\"og:image:width\" content=\"1200\" \/>\n\t<meta property=\"og:image:height\" content=\"802\" \/>\n\t<meta property=\"og:image:type\" content=\"image\/jpeg\" \/>\n<meta name=\"author\" content=\"Diario1 Diario1\" \/>\n<meta name=\"twitter:card\" content=\"summary_large_image\" \/>\n<meta name=\"twitter:creator\" content=\"@eltextual\" \/>\n<meta name=\"twitter:site\" content=\"@eltextual\" \/>\n<meta name=\"twitter:label1\" content=\"Escrito por\" \/>\n\t<meta name=\"twitter:data1\" content=\"Diario1 Diario1\" \/>\n\t<meta name=\"twitter:label2\" content=\"Tiempo de lectura\" \/>\n\t<meta name=\"twitter:data2\" content=\"5 minutos\" \/>\n<script type=\"application\/ld+json\" class=\"yoast-schema-graph\">{\"@context\":\"https:\\\/\\\/schema.org\",\"@graph\":[{\"@type\":\"Article\",\"@id\":\"https:\\\/\\\/diariotextual.com\\\/inicio\\\/index.php\\\/2026\\\/09\\\/05\\\/fernanda-gonzalez-el-plan-de-desarrollo-economico-y-productivo-de-la-pampa-es-nuestra-hoja-de-ruta\\\/#article\",\"isPartOf\":{\"@id\":\"https:\\\/\\\/diariotextual.com\\\/inicio\\\/index.php\\\/2026\\\/09\\\/05\\\/fernanda-gonzalez-el-plan-de-desarrollo-economico-y-productivo-de-la-pampa-es-nuestra-hoja-de-ruta\\\/\"},\"author\":{\"name\":\"Diario1 Diario1\",\"@id\":\"https:\\\/\\\/diariotextual.com\\\/inicio\\\/#\\\/schema\\\/person\\\/418fc4093c33e86ed41562db3508f958\"},\"headline\":\"Fernanda Gonz\u00e1lez: \u201cEl Plan de Desarrollo Econ\u00f3mico y Productivo de La Pampa es nuestra hoja de ruta\u201d\",\"datePublished\":\"2026-09-05T21:35:08+00:00\",\"dateModified\":\"2026-09-05T21:35:09+00:00\",\"mainEntityOfPage\":{\"@id\":\"https:\\\/\\\/diariotextual.com\\\/inicio\\\/index.php\\\/2026\\\/09\\\/05\\\/fernanda-gonzalez-el-plan-de-desarrollo-economico-y-productivo-de-la-pampa-es-nuestra-hoja-de-ruta\\\/\"},\"wordCount\":1053,\"publisher\":{\"@id\":\"https:\\\/\\\/diariotextual.com\\\/inicio\\\/#organization\"},\"image\":{\"@id\":\"https:\\\/\\\/diariotextual.com\\\/inicio\\\/index.php\\\/2026\\\/09\\\/05\\\/fernanda-gonzalez-el-plan-de-desarrollo-economico-y-productivo-de-la-pampa-es-nuestra-hoja-de-ruta\\\/#primaryimage\"},\"thumbnailUrl\":\"https:\\\/\\\/diariotextual.com\\\/inicio\\\/wp-content\\\/uploads\\\/2026\\\/09\\\/ruralgeneralpico2026-111.jpg\",\"articleSection\":[\"A - PORTADA\",\"CAMPO\"],\"inLanguage\":\"es\"},{\"@type\":\"WebPage\",\"@id\":\"https:\\\/\\\/diariotextual.com\\\/inicio\\\/index.php\\\/2026\\\/09\\\/05\\\/fernanda-gonzalez-el-plan-de-desarrollo-economico-y-productivo-de-la-pampa-es-nuestra-hoja-de-ruta\\\/\",\"url\":\"https:\\\/\\\/diariotextual.com\\\/inicio\\\/index.php\\\/2026\\\/09\\\/05\\\/fernanda-gonzalez-el-plan-de-desarrollo-economico-y-productivo-de-la-pampa-es-nuestra-hoja-de-ruta\\\/\",\"name\":\"Fernanda Gonz\u00e1lez: \u201cEl Plan de Desarrollo Econ\u00f3mico y Productivo de La Pampa es nuestra hoja de ruta\u201d - Diario Textual\",\"isPartOf\":{\"@id\":\"https:\\\/\\\/diariotextual.com\\\/inicio\\\/#website\"},\"primaryImageOfPage\":{\"@id\":\"https:\\\/\\\/diariotextual.com\\\/inicio\\\/index.php\\\/2026\\\/09\\\/05\\\/fernanda-gonzalez-el-plan-de-desarrollo-economico-y-productivo-de-la-pampa-es-nuestra-hoja-de-ruta\\\/#primaryimage\"},\"image\":{\"@id\":\"https:\\\/\\\/diariotextual.com\\\/inicio\\\/index.php\\\/2026\\\/09\\\/05\\\/fernanda-gonzalez-el-plan-de-desarrollo-economico-y-productivo-de-la-pampa-es-nuestra-hoja-de-ruta\\\/#primaryimage\"},\"thumbnailUrl\":\"https:\\\/\\\/diariotextual.com\\\/inicio\\\/wp-content\\\/uploads\\\/2026\\\/09\\\/ruralgeneralpico2026-111.jpg\",\"datePublished\":\"2026-09-05T21:35:08+00:00\",\"dateModified\":\"2026-09-05T21:35:09+00:00\",\"breadcrumb\":{\"@id\":\"https:\\\/\\\/diariotextual.com\\\/inicio\\\/index.php\\\/2026\\\/09\\\/05\\\/fernanda-gonzalez-el-plan-de-desarrollo-economico-y-productivo-de-la-pampa-es-nuestra-hoja-de-ruta\\\/#breadcrumb\"},\"inLanguage\":\"es\",\"potentialAction\":[{\"@type\":\"ReadAction\",\"target\":[\"https:\\\/\\\/diariotextual.com\\\/inicio\\\/index.php\\\/2026\\\/09\\\/05\\\/fernanda-gonzalez-el-plan-de-desarrollo-economico-y-productivo-de-la-pampa-es-nuestra-hoja-de-ruta\\\/\"]}]},{\"@type\":\"ImageObject\",\"inLanguage\":\"es\",\"@id\":\"https:\\\/\\\/diariotextual.com\\\/inicio\\\/index.php\\\/2026\\\/09\\\/05\\\/fernanda-gonzalez-el-plan-de-desarrollo-economico-y-productivo-de-la-pampa-es-nuestra-hoja-de-ruta\\\/#primaryimage\",\"url\":\"https:\\\/\\\/diariotextual.com\\\/inicio\\\/wp-content\\\/uploads\\\/2026\\\/09\\\/ruralgeneralpico2026-111.jpg\",\"contentUrl\":\"https:\\\/\\\/diariotextual.com\\\/inicio\\\/wp-content\\\/uploads\\\/2026\\\/09\\\/ruralgeneralpico2026-111.jpg\",\"width\":1200,\"height\":802},{\"@type\":\"BreadcrumbList\",\"@id\":\"https:\\\/\\\/diariotextual.com\\\/inicio\\\/index.php\\\/2026\\\/09\\\/05\\\/fernanda-gonzalez-el-plan-de-desarrollo-economico-y-productivo-de-la-pampa-es-nuestra-hoja-de-ruta\\\/#breadcrumb\",\"itemListElement\":[{\"@type\":\"ListItem\",\"position\":1,\"name\":\"Portada\",\"item\":\"https:\\\/\\\/diariotextual.com\\\/inicio\\\/\"},{\"@type\":\"ListItem\",\"position\":2,\"name\":\"Fernanda Gonz\u00e1lez: \u201cEl Plan de Desarrollo Econ\u00f3mico y Productivo de La Pampa es nuestra hoja de ruta\u201d\"}]},{\"@type\":\"WebSite\",\"@id\":\"https:\\\/\\\/diariotextual.com\\\/inicio\\\/#website\",\"url\":\"https:\\\/\\\/diariotextual.com\\\/inicio\\\/\",\"name\":\"Diario Textual\",\"description\":\"\",\"publisher\":{\"@id\":\"https:\\\/\\\/diariotextual.com\\\/inicio\\\/#organization\"},\"potentialAction\":[{\"@type\":\"SearchAction\",\"target\":{\"@type\":\"EntryPoint\",\"urlTemplate\":\"https:\\\/\\\/diariotextual.com\\\/inicio\\\/?s={search_term_string}\"},\"query-input\":{\"@type\":\"PropertyValueSpecification\",\"valueRequired\":true,\"valueName\":\"search_term_string\"}}],\"inLanguage\":\"es\"},{\"@type\":\"Organization\",\"@id\":\"https:\\\/\\\/diariotextual.com\\\/inicio\\\/#organization\",\"name\":\"Diario Textual\",\"url\":\"https:\\\/\\\/diariotextual.com\\\/inicio\\\/\",\"logo\":{\"@type\":\"ImageObject\",\"inLanguage\":\"es\",\"@id\":\"https:\\\/\\\/diariotextual.com\\\/inicio\\\/#\\\/schema\\\/logo\\\/image\\\/\",\"url\":\"https:\\\/\\\/diariotextual.com\\\/inicio\\\/wp-content\\\/uploads\\\/2023\\\/05\\\/logotextual1.jpg\",\"contentUrl\":\"https:\\\/\\\/diariotextual.com\\\/inicio\\\/wp-content\\\/uploads\\\/2023\\\/05\\\/logotextual1.jpg\",\"width\":516,\"height\":76,\"caption\":\"Diario Textual\"},\"image\":{\"@id\":\"https:\\\/\\\/diariotextual.com\\\/inicio\\\/#\\\/schema\\\/logo\\\/image\\\/\"},\"sameAs\":[\"https:\\\/\\\/www.facebook.com\\\/eltextual\",\"https:\\\/\\\/x.com\\\/eltextual\",\"http:\\\/\\\/www.instagram.com\\\/eltextual\"]},{\"@type\":\"Person\",\"@id\":\"https:\\\/\\\/diariotextual.com\\\/inicio\\\/#\\\/schema\\\/person\\\/418fc4093c33e86ed41562db3508f958\",\"name\":\"Diario1 Diario1\",\"image\":{\"@type\":\"ImageObject\",\"inLanguage\":\"es\",\"@id\":\"https:\\\/\\\/secure.gravatar.com\\\/avatar\\\/9167d280179c85bc18be67aa7eda765854300033af4896dd779b608640f2ef7a?s=96&d=mm&r=g\",\"url\":\"https:\\\/\\\/secure.gravatar.com\\\/avatar\\\/9167d280179c85bc18be67aa7eda765854300033af4896dd779b608640f2ef7a?s=96&d=mm&r=g\",\"contentUrl\":\"https:\\\/\\\/secure.gravatar.com\\\/avatar\\\/9167d280179c85bc18be67aa7eda765854300033af4896dd779b608640f2ef7a?s=96&d=mm&r=g\",\"caption\":\"Diario1 Diario1\"},\"url\":\"https:\\\/\\\/diariotextual.com\\\/inicio\\\/index.php\\\/author\\\/diario1\\\/\"}]}<\/script>\n<!-- \/ Yoast SEO plugin. -->","yoast_head_json":{"title":"Fernanda Gonz\u00e1lez: \u201cEl Plan de Desarrollo Econ\u00f3mico y Productivo de La Pampa es nuestra hoja de ruta\u201d - Diario Textual","robots":{"index":"index","follow":"follow","max-snippet":"max-snippet:-1","max-image-preview":"max-image-preview:large","max-video-preview":"max-video-preview:-1"},"canonical":"https:\/\/diariotextual.com\/inicio\/index.php\/2026\/09\/05\/fernanda-gonzalez-el-plan-de-desarrollo-economico-y-productivo-de-la-pampa-es-nuestra-hoja-de-ruta\/","og_locale":"es_ES","og_type":"article","og_title":"Fernanda Gonz\u00e1lez: \u201cEl Plan de Desarrollo Econ\u00f3mico y Productivo de La Pampa es nuestra hoja de ruta\u201d - Diario Textual","og_description":"La ministra de la Producci\u00f3n d La Pampa, Fernanda Gonz\u00e1lez, destac\u00f3 el desempe\u00f1o de la agricultura y la ganader\u00eda pampeanas y defendi\u00f3 las herramientas de financiamiento y acompa\u00f1amiento que ofrece&hellip;","og_url":"https:\/\/diariotextual.com\/inicio\/index.php\/2026\/09\/05\/fernanda-gonzalez-el-plan-de-desarrollo-economico-y-productivo-de-la-pampa-es-nuestra-hoja-de-ruta\/","og_site_name":"Diario Textual","article_publisher":"https:\/\/www.facebook.com\/eltextual","article_published_time":"2026-09-05T21:35:08+00:00","article_modified_time":"2026-09-05T21:35:09+00:00","og_image":[{"width":1200,"height":802,"url":"https:\/\/diariotextual.com\/inicio\/wp-content\/uploads\/2026\/09\/ruralgeneralpico2026-111.jpg","type":"image\/jpeg"}],"author":"Diario1 Diario1","twitter_card":"summary_large_image","twitter_creator":"@eltextual","twitter_site":"@eltextual","twitter_misc":{"Escrito por":"Diario1 Diario1","Tiempo de lectura":"5 minutos"},"schema":{"@context":"https:\/\/schema.org","@graph":[{"@type":"Article","@id":"https:\/\/diariotextual.com\/inicio\/index.php\/2026\/09\/05\/fernanda-gonzalez-el-plan-de-desarrollo-economico-y-productivo-de-la-pampa-es-nuestra-hoja-de-ruta\/#article","isPartOf":{"@id":"https:\/\/diariotextual.com\/inicio\/index.php\/2026\/09\/05\/fernanda-gonzalez-el-plan-de-desarrollo-economico-y-productivo-de-la-pampa-es-nuestra-hoja-de-ruta\/"},"author":{"name":"Diario1 Diario1","@id":"https:\/\/diariotextual.com\/inicio\/#\/schema\/person\/418fc4093c33e86ed41562db3508f958"},"headline":"Fernanda Gonz\u00e1lez: \u201cEl Plan de Desarrollo Econ\u00f3mico y Productivo de La Pampa es nuestra hoja de ruta\u201d","datePublished":"2026-09-05T21:35:08+00:00","dateModified":"2026-09-05T21:35:09+00:00","mainEntityOfPage":{"@id":"https:\/\/diariotextual.com\/inicio\/index.php\/2026\/09\/05\/fernanda-gonzalez-el-plan-de-desarrollo-economico-y-productivo-de-la-pampa-es-nuestra-hoja-de-ruta\/"},"wordCount":1053,"publisher":{"@id":"https:\/\/diariotextual.com\/inicio\/#organization"},"image":{"@id":"https:\/\/diariotextual.com\/inicio\/index.php\/2026\/09\/05\/fernanda-gonzalez-el-plan-de-desarrollo-economico-y-productivo-de-la-pampa-es-nuestra-hoja-de-ruta\/#primaryimage"},"thumbnailUrl":"https:\/\/diariotextual.com\/inicio\/wp-content\/uploads\/2026\/09\/ruralgeneralpico2026-111.jpg","articleSection":["A - PORTADA","CAMPO"],"inLanguage":"es"},{"@type":"WebPage","@id":"https:\/\/diariotextual.com\/inicio\/index.php\/2026\/09\/05\/fernanda-gonzalez-el-plan-de-desarrollo-economico-y-productivo-de-la-pampa-es-nuestra-hoja-de-ruta\/","url":"https:\/\/diariotextual.com\/inicio\/index.php\/2026\/09\/05\/fernanda-gonzalez-el-plan-de-desarrollo-economico-y-productivo-de-la-pampa-es-nuestra-hoja-de-ruta\/","name":"Fernanda Gonz\u00e1lez: \u201cEl Plan de Desarrollo Econ\u00f3mico y Productivo de La Pampa es nuestra hoja de ruta\u201d - Diario Textual","isPartOf":{"@id":"https:\/\/diariotextual.com\/inicio\/#website"},"primaryImageOfPage":{"@id":"https:\/\/diariotextual.com\/inicio\/index.php\/2026\/09\/05\/fernanda-gonzalez-el-plan-de-desarrollo-economico-y-productivo-de-la-pampa-es-nuestra-hoja-de-ruta\/#primaryimage"},"image":{"@id":"https:\/\/diariotextual.com\/inicio\/index.php\/2026\/09\/05\/fernanda-gonzalez-el-plan-de-desarrollo-economico-y-productivo-de-la-pampa-es-nuestra-hoja-de-ruta\/#primaryimage"},"thumbnailUrl":"https:\/\/diariotextual.com\/inicio\/wp-content\/uploads\/2026\/09\/ruralgeneralpico2026-111.jpg","datePublished":"2026-09-05T21:35:08+00:00","dateModified":"2026-09-05T21:35:09+00:00","breadcrumb":{"@id":"https:\/\/diariotextual.com\/inicio\/index.php\/2026\/09\/05\/fernanda-gonzalez-el-plan-de-desarrollo-economico-y-productivo-de-la-pampa-es-nuestra-hoja-de-ruta\/#breadcrumb"},"inLanguage":"es","potentialAction":[{"@type":"ReadAction","target":["https:\/\/diariotextual.com\/inicio\/index.php\/2026\/09\/05\/fernanda-gonzalez-el-plan-de-desarrollo-economico-y-productivo-de-la-pampa-es-nuestra-hoja-de-ruta\/"]}]},{"@type":"ImageObject","inLanguage":"es","@id":"https:\/\/diariotextual.com\/inicio\/index.php\/2026\/09\/05\/fernanda-gonzalez-el-plan-de-desarrollo-economico-y-productivo-de-la-pampa-es-nuestra-hoja-de-ruta\/#primaryimage","url":"https:\/\/diariotextual.com\/inicio\/wp-content\/uploads\/2026\/09\/ruralgeneralpico2026-111.jpg","contentUrl":"https:\/\/diariotextual.com\/inicio\/wp-content\/uploads\/2026\/09\/ruralgeneralpico2026-111.jpg","width":1200,"height":802},{"@type":"BreadcrumbList","@id":"https:\/\/diariotextual.com\/inicio\/index.php\/2026\/09\/05\/fernanda-gonzalez-el-plan-de-desarrollo-economico-y-productivo-de-la-pampa-es-nuestra-hoja-de-ruta\/#breadcrumb","itemListElement":[{"@type":"ListItem","position":1,"name":"Portada","item":"https:\/\/diariotextual.com\/inicio\/"},{"@type":"ListItem","position":2,"name":"Fernanda Gonz\u00e1lez: \u201cEl Plan de Desarrollo Econ\u00f3mico y Productivo de La Pampa es nuestra hoja de ruta\u201d"}]},{"@type":"WebSite","@id":"https:\/\/diariotextual.com\/inicio\/#website","url":"https:\/\/diariotextual.com\/inicio\/","name":"Diario Textual","description":"","publisher":{"@id":"https:\/\/diariotextual.com\/inicio\/#organization"},"potentialAction":[{"@type":"SearchAction","target":{"@type":"EntryPoint","urlTemplate":"https:\/\/diariotextual.com\/inicio\/?s={search_term_string}"},"query-input":{"@type":"PropertyValueSpecification","valueRequired":true,"valueName":"search_term_string"}}],"inLanguage":"es"},{"@type":"Organization","@id":"https:\/\/diariotextual.com\/inicio\/#organization","name":"Diario Textual","url":"https:\/\/diariotextual.com\/inicio\/","logo":{"@type":"ImageObject","inLanguage":"es","@id":"https:\/\/diariotextual.com\/inicio\/#\/schema\/logo\/image\/","url":"https:\/\/diariotextual.com\/inicio\/wp-content\/uploads\/2023\/05\/logotextual1.jpg","contentUrl":"https:\/\/diariotextual.com\/inicio\/wp-content\/uploads\/2023\/05\/logotextual1.jpg","width":516,"height":76,"caption":"Diario Textual"},"image":{"@id":"https:\/\/diariotextual.com\/inicio\/#\/schema\/logo\/image\/"},"sameAs":["https:\/\/www.facebook.com\/eltextual","https:\/\/x.com\/eltextual","http:\/\/www.instagram.com\/eltextual"]},{"@type":"Person","@id":"https:\/\/diariotextual.com\/inicio\/#\/schema\/person\/418fc4093c33e86ed41562db3508f958","name":"Diario1 Diario1","image":{"@type":"ImageObject","inLanguage":"es","@id":"https:\/\/secure.gravatar.com\/avatar\/9167d280179c85bc18be67aa7eda765854300033af4896dd779b608640f2ef7a?s=96&d=mm&r=g","url":"https:\/\/secure.gravatar.com\/avatar\/9167d280179c85bc18be67aa7eda765854300033af4896dd779b608640f2ef7a?s=96&d=mm&r=g","contentUrl":"https:\/\/secure.gravatar.com\/avatar\/9167d280179c85bc18be67aa7eda765854300033af4896dd779b608640f2ef7a?s=96&d=mm&r=g","caption":"Diario1 Diario1"},"url":"https:\/\/diariotextual.com\/inicio\/index.php\/author\/diario1\/"}]}},"_links":{"self":[{"href":"https:\/\/diariotextual.com\/inicio\/index.php\/wp-json\/wp\/v2\/posts\/334605","targetHints":{"allow":["GET"]}}],"collection":[{"href":"https:\/\/diariotextual.com\/inicio\/index.php\/wp-json\/wp\/v2\/posts"}],"about":[{"href":"https:\/\/diariotextual.com\/inicio\/index.php\/wp-json\/wp\/v2\/types\/post"}],"author":[{"embeddable":true,"href":"https:\/\/diariotextual.com\/inicio\/index.php\/wp-json\/wp\/v2\/users\/3"}],"replies":[{"embeddable":true,"href":"https:\/\/diariotextual.com\/inicio\/index.php\/wp-json\/wp\/v2\/comments?post=334605"}],"version-history":[{"count":2,"href":"https:\/\/diariotextual.com\/inicio\/index.php\/wp-json\/wp\/v2\/posts\/334605\/revisions"}],"predecessor-version":[{"id":334607,"href":"https:\/\/diariotextual.com\/inicio\/index.php\/wp-json\/wp\/v2\/posts\/334605\/revisions\/334607"}],"wp:featuredmedia":[{"embeddable":true,"href":"https:\/\/diariotextual.com\/inicio\/index.php\/wp-json\/wp\/v2\/media\/334608"}],"wp:attachment":[{"href":"https:\/\/diariotextual.com\/inicio\/index.php\/wp-json\/wp\/v2\/media?parent=334605"}],"wp:term":[{"taxonomy":"category","embeddable":true,"href":"https:\/\/diariotextual.com\/inicio\/index.php\/wp-json\/wp\/v2\/categories?post=334605"},{"taxonomy":"post_tag","embeddable":true,"href":"https:\/\/diariotextual.com\/inicio\/index.php\/wp-json\/wp\/v2\/tags?post=334605"}],"curies":[{"name":"wp","href":"https:\/\/api.w.org\/{rel}","templated":true}]}}