{"id":334622,"date":"2026-09-06T10:28:18","date_gmt":"2026-09-06T13:28:18","guid":{"rendered":"https:\/\/diariotextual.com\/inicio\/?p=334622"},"modified":"2026-09-06T11:45:46","modified_gmt":"2026-09-06T14:45:46","slug":"preso-pide-que-lo-saquen-de-un-buzon-en-la-comisaria-tercera-de-santa-rosa","status":"publish","type":"post","link":"https:\/\/diariotextual.com\/inicio\/index.php\/2026\/09\/06\/preso-pide-que-lo-saquen-de-un-buzon-en-la-comisaria-tercera-de-santa-rosa\/","title":{"rendered":"Detenido en la comisar\u00eda Tercera de Santa Rosa pide que lo saquen de un \u201cbuz\u00f3n\u201d"},"content":{"rendered":"\n<p class=\"wp-block-paragraph\"><strong>Brian Rolando<\/strong>, detenido desde hace unos <strong>15 d\u00edas<\/strong> en la comisar\u00eda Tercera de Santa Rosa por una causa por <strong>robo<\/strong>, reclama que lo saquen del denominado <strong>\u201cbuz\u00f3n\u201d<\/strong> de esa dependencia policial.<\/p>\n\n\n\n<p class=\"wp-block-paragraph\">Seg\u00fan manifest\u00f3, permanece alojado en un espacio con <strong>problemas de humedad<\/strong> y asegur\u00f3 que tiene el <strong>colch\u00f3n completamente mojado<\/strong>, por lo que pidi\u00f3 que se modifiquen las condiciones de su alojamiento. Supuestamente, fue enviado a ese lugar luego de un conflicto con otro detenido.<\/p>\n\n\n\n<p class=\"wp-block-paragraph\">Rolando -acompa\u00f1ado por familiares, que estuvieron este domingo por la ma\u00f1ana fuera de la Tercera- busca que las autoridades intervengan para dejar de permanecer en ese lugar y ser trasladado a un sector en mejores condiciones.<\/p>\n\n\n\n<p class=\"wp-block-paragraph\">El reclamo de <strong>Brian Rolando, m\u00e1s all\u00e1 de la situaci\u00f3n por estar aislado y en un sector en mal\u00edsimas condiciones,<\/strong> se produce en un contexto de <strong>fuerte presi\u00f3n sobre el sistema de alojamiento de personas privadas de la libertad en La Pampa<\/strong>. La falta de plazas penitenciarias hace que detenidos procesados y personas condenadas permanezcan en <strong>comisar\u00edas,<\/strong> pese a que se trata de dependencias policiales que no fueron concebidas para funcionar como establecimientos penitenciarios de larga permanencia.<\/p>\n\n\n\n<p class=\"wp-block-paragraph\">Los \u00faltimos datos oficiales disponibles muestran la dimensi\u00f3n del problema. Seg\u00fan datos oficiales de 2024, la <strong>Alcaid\u00eda de la Unidad Regional I<\/strong>, en Santa Rosa, ten\u00eda <strong>97 personas alojadas para una capacidad de 72<\/strong>, lo que representaba una <strong>sobrepoblaci\u00f3n del 35%<\/strong>. En la <strong>Seccional Tercera<\/strong>, donde se encuentra Rolando, hab\u00eda <strong>10 detenidos para ocho plazas<\/strong>, un exceso del 25%.<\/p>\n\n\n\n<p class=\"wp-block-paragraph\">A nivel provincial, el <strong>Comit\u00e9 Nacional para la Prevenci\u00f3n de la Tortura<\/strong> contabiliz\u00f3 a fines de 2024 a un total de <strong>440 personas alojadas en establecimientos policiales, frente a una capacidad de 296 plazas<\/strong>, con una sobrepoblaci\u00f3n del <strong>48,6%<\/strong>. El organismo tambi\u00e9n cuestion\u00f3 que una parte importante de las personas alojadas en comisar\u00edas fueran condenadas y reclam\u00f3 medidas para resolver el d\u00e9ficit de infraestructura penitenciaria.<\/p>\n\n\n\n<p class=\"wp-block-paragraph\">La situaci\u00f3n volvi\u00f3 a quedar expuesta durante 2026. El juez de Ejecuci\u00f3n Penal <strong>Mauricio Pascual<\/strong> advirti\u00f3 sobre la crisis generada por la falta de cupos en el sistema penitenciario federal y explic\u00f3 que esa situaci\u00f3n obliga a mantener en dependencias policiales a personas que deber\u00edan estar alojadas en establecimientos penitenciarios.<\/p>\n\n\n\n<p class=\"wp-block-paragraph\">En ese marco, el Gobierno provincial avanz\u00f3 con un proyecto para ampliar la <strong>Alcaid\u00eda de la Unidad Regional I<\/strong>. La obra busca elevar su capacidad de <strong>40 a 72 celdas<\/strong> y mejorar las condiciones de alojamiento.<\/p>\n\n\n\n<p class=\"wp-block-paragraph\"><\/p>\n","protected":false},"excerpt":{"rendered":"<p>Brian Rolando, detenido desde hace unos 15 d\u00edas en la comisar\u00eda Tercera de Santa Rosa por una causa por robo, reclama que lo saquen del denominado \u201cbuz\u00f3n\u201d de esa dependencia&hellip;<\/p>\n","protected":false},"author":3,"featured_media":85114,"comment_status":"closed","ping_status":"open","sticky":false,"template":"","format":"standard","meta":{"_acf_changed":false,"footnotes":""},"categories":[1,12],"tags":[],"class_list":["post-334622","post","type-post","status-publish","format-standard","has-post-thumbnail","hentry","category-es-noticia","category-sociedad"],"acf":[],"yoast_head":"<!-- This site is optimized with the Yoast SEO plugin v28.4 - https:\/\/yoast.com\/product\/yoast-seo-wordpress\/ -->\n<title>Detenido en la comisar\u00eda Tercera de Santa Rosa pide que lo saquen de un \u201cbuz\u00f3n\u201d - Diario Textual<\/title>\n<meta name=\"robots\" content=\"index, follow, max-snippet:-1, max-image-preview:large, max-video-preview:-1\" \/>\n<link rel=\"canonical\" href=\"https:\/\/diariotextual.com\/inicio\/index.php\/2026\/09\/06\/preso-pide-que-lo-saquen-de-un-buzon-en-la-comisaria-tercera-de-santa-rosa\/\" \/>\n<meta property=\"og:locale\" content=\"es_ES\" \/>\n<meta property=\"og:type\" content=\"article\" \/>\n<meta property=\"og:title\" content=\"Detenido en la comisar\u00eda Tercera de Santa Rosa pide que lo saquen de un \u201cbuz\u00f3n\u201d - Diario Textual\" \/>\n<meta property=\"og:description\" content=\"Brian Rolando, detenido desde hace unos 15 d\u00edas en la comisar\u00eda Tercera de Santa Rosa por una causa por robo, reclama que lo saquen del denominado \u201cbuz\u00f3n\u201d de esa dependencia&hellip;\" \/>\n<meta property=\"og:url\" content=\"https:\/\/diariotextual.com\/inicio\/index.php\/2026\/09\/06\/preso-pide-que-lo-saquen-de-un-buzon-en-la-comisaria-tercera-de-santa-rosa\/\" \/>\n<meta property=\"og:site_name\" content=\"Diario Textual\" \/>\n<meta property=\"article:publisher\" content=\"https:\/\/www.facebook.com\/eltextual\" \/>\n<meta property=\"article:published_time\" content=\"2026-09-06T13:28:18+00:00\" \/>\n<meta property=\"article:modified_time\" content=\"2026-09-06T14:45:46+00:00\" \/>\n<meta property=\"og:image\" content=\"https:\/\/diariotextual.com\/inicio\/wp-content\/uploads\/2020\/03\/presos99999.png\" \/>\n\t<meta property=\"og:image:width\" content=\"813\" \/>\n\t<meta property=\"og:image:height\" content=\"497\" \/>\n\t<meta property=\"og:image:type\" content=\"image\/png\" \/>\n<meta name=\"author\" content=\"Diario1 Diario1\" \/>\n<meta name=\"twitter:card\" content=\"summary_large_image\" \/>\n<meta name=\"twitter:creator\" content=\"@eltextual\" \/>\n<meta name=\"twitter:site\" content=\"@eltextual\" \/>\n<meta name=\"twitter:label1\" content=\"Escrito por\" \/>\n\t<meta name=\"twitter:data1\" content=\"Diario1 Diario1\" \/>\n\t<meta name=\"twitter:label2\" content=\"Tiempo de lectura\" \/>\n\t<meta name=\"twitter:data2\" content=\"3 minutos\" \/>\n<script type=\"application\/ld+json\" class=\"yoast-schema-graph\">{\"@context\":\"https:\\\/\\\/schema.org\",\"@graph\":[{\"@type\":\"Article\",\"@id\":\"https:\\\/\\\/diariotextual.com\\\/inicio\\\/index.php\\\/2026\\\/09\\\/06\\\/preso-pide-que-lo-saquen-de-un-buzon-en-la-comisaria-tercera-de-santa-rosa\\\/#article\",\"isPartOf\":{\"@id\":\"https:\\\/\\\/diariotextual.com\\\/inicio\\\/index.php\\\/2026\\\/09\\\/06\\\/preso-pide-que-lo-saquen-de-un-buzon-en-la-comisaria-tercera-de-santa-rosa\\\/\"},\"author\":{\"name\":\"Diario1 Diario1\",\"@id\":\"https:\\\/\\\/diariotextual.com\\\/inicio\\\/#\\\/schema\\\/person\\\/418fc4093c33e86ed41562db3508f958\"},\"headline\":\"Detenido en la comisar\u00eda Tercera de Santa Rosa pide que lo saquen de un \u201cbuz\u00f3n\u201d\",\"datePublished\":\"2026-09-06T13:28:18+00:00\",\"dateModified\":\"2026-09-06T14:45:46+00:00\",\"mainEntityOfPage\":{\"@id\":\"https:\\\/\\\/diariotextual.com\\\/inicio\\\/index.php\\\/2026\\\/09\\\/06\\\/preso-pide-que-lo-saquen-de-un-buzon-en-la-comisaria-tercera-de-santa-rosa\\\/\"},\"wordCount\":429,\"publisher\":{\"@id\":\"https:\\\/\\\/diariotextual.com\\\/inicio\\\/#organization\"},\"image\":{\"@id\":\"https:\\\/\\\/diariotextual.com\\\/inicio\\\/index.php\\\/2026\\\/09\\\/06\\\/preso-pide-que-lo-saquen-de-un-buzon-en-la-comisaria-tercera-de-santa-rosa\\\/#primaryimage\"},\"thumbnailUrl\":\"https:\\\/\\\/diariotextual.com\\\/inicio\\\/wp-content\\\/uploads\\\/2020\\\/03\\\/presos99999.png\",\"articleSection\":[\"A - ES NOTICIA (van abajo)\",\"SOCIEDAD\"],\"inLanguage\":\"es\"},{\"@type\":\"WebPage\",\"@id\":\"https:\\\/\\\/diariotextual.com\\\/inicio\\\/index.php\\\/2026\\\/09\\\/06\\\/preso-pide-que-lo-saquen-de-un-buzon-en-la-comisaria-tercera-de-santa-rosa\\\/\",\"url\":\"https:\\\/\\\/diariotextual.com\\\/inicio\\\/index.php\\\/2026\\\/09\\\/06\\\/preso-pide-que-lo-saquen-de-un-buzon-en-la-comisaria-tercera-de-santa-rosa\\\/\",\"name\":\"Detenido en la comisar\u00eda Tercera de Santa Rosa pide que lo saquen de un \u201cbuz\u00f3n\u201d - Diario Textual\",\"isPartOf\":{\"@id\":\"https:\\\/\\\/diariotextual.com\\\/inicio\\\/#website\"},\"primaryImageOfPage\":{\"@id\":\"https:\\\/\\\/diariotextual.com\\\/inicio\\\/index.php\\\/2026\\\/09\\\/06\\\/preso-pide-que-lo-saquen-de-un-buzon-en-la-comisaria-tercera-de-santa-rosa\\\/#primaryimage\"},\"image\":{\"@id\":\"https:\\\/\\\/diariotextual.com\\\/inicio\\\/index.php\\\/2026\\\/09\\\/06\\\/preso-pide-que-lo-saquen-de-un-buzon-en-la-comisaria-tercera-de-santa-rosa\\\/#primaryimage\"},\"thumbnailUrl\":\"https:\\\/\\\/diariotextual.com\\\/inicio\\\/wp-content\\\/uploads\\\/2020\\\/03\\\/presos99999.png\",\"datePublished\":\"2026-09-06T13:28:18+00:00\",\"dateModified\":\"2026-09-06T14:45:46+00:00\",\"breadcrumb\":{\"@id\":\"https:\\\/\\\/diariotextual.com\\\/inicio\\\/index.php\\\/2026\\\/09\\\/06\\\/preso-pide-que-lo-saquen-de-un-buzon-en-la-comisaria-tercera-de-santa-rosa\\\/#breadcrumb\"},\"inLanguage\":\"es\",\"potentialAction\":[{\"@type\":\"ReadAction\",\"target\":[\"https:\\\/\\\/diariotextual.com\\\/inicio\\\/index.php\\\/2026\\\/09\\\/06\\\/preso-pide-que-lo-saquen-de-un-buzon-en-la-comisaria-tercera-de-santa-rosa\\\/\"]}]},{\"@type\":\"ImageObject\",\"inLanguage\":\"es\",\"@id\":\"https:\\\/\\\/diariotextual.com\\\/inicio\\\/index.php\\\/2026\\\/09\\\/06\\\/preso-pide-que-lo-saquen-de-un-buzon-en-la-comisaria-tercera-de-santa-rosa\\\/#primaryimage\",\"url\":\"https:\\\/\\\/diariotextual.com\\\/inicio\\\/wp-content\\\/uploads\\\/2020\\\/03\\\/presos99999.png\",\"contentUrl\":\"https:\\\/\\\/diariotextual.com\\\/inicio\\\/wp-content\\\/uploads\\\/2020\\\/03\\\/presos99999.png\",\"width\":813,\"height\":497},{\"@type\":\"BreadcrumbList\",\"@id\":\"https:\\\/\\\/diariotextual.com\\\/inicio\\\/index.php\\\/2026\\\/09\\\/06\\\/preso-pide-que-lo-saquen-de-un-buzon-en-la-comisaria-tercera-de-santa-rosa\\\/#breadcrumb\",\"itemListElement\":[{\"@type\":\"ListItem\",\"position\":1,\"name\":\"Portada\",\"item\":\"https:\\\/\\\/diariotextual.com\\\/inicio\\\/\"},{\"@type\":\"ListItem\",\"position\":2,\"name\":\"Detenido en la comisar\u00eda Tercera de Santa Rosa pide que lo saquen de un \u201cbuz\u00f3n\u201d\"}]},{\"@type\":\"WebSite\",\"@id\":\"https:\\\/\\\/diariotextual.com\\\/inicio\\\/#website\",\"url\":\"https:\\\/\\\/diariotextual.com\\\/inicio\\\/\",\"name\":\"Diario Textual\",\"description\":\"\",\"publisher\":{\"@id\":\"https:\\\/\\\/diariotextual.com\\\/inicio\\\/#organization\"},\"potentialAction\":[{\"@type\":\"SearchAction\",\"target\":{\"@type\":\"EntryPoint\",\"urlTemplate\":\"https:\\\/\\\/diariotextual.com\\\/inicio\\\/?s={search_term_string}\"},\"query-input\":{\"@type\":\"PropertyValueSpecification\",\"valueRequired\":true,\"valueName\":\"search_term_string\"}}],\"inLanguage\":\"es\"},{\"@type\":\"Organization\",\"@id\":\"https:\\\/\\\/diariotextual.com\\\/inicio\\\/#organization\",\"name\":\"Diario Textual\",\"url\":\"https:\\\/\\\/diariotextual.com\\\/inicio\\\/\",\"logo\":{\"@type\":\"ImageObject\",\"inLanguage\":\"es\",\"@id\":\"https:\\\/\\\/diariotextual.com\\\/inicio\\\/#\\\/schema\\\/logo\\\/image\\\/\",\"url\":\"https:\\\/\\\/diariotextual.com\\\/inicio\\\/wp-content\\\/uploads\\\/2023\\\/05\\\/logotextual1.jpg\",\"contentUrl\":\"https:\\\/\\\/diariotextual.com\\\/inicio\\\/wp-content\\\/uploads\\\/2023\\\/05\\\/logotextual1.jpg\",\"width\":516,\"height\":76,\"caption\":\"Diario Textual\"},\"image\":{\"@id\":\"https:\\\/\\\/diariotextual.com\\\/inicio\\\/#\\\/schema\\\/logo\\\/image\\\/\"},\"sameAs\":[\"https:\\\/\\\/www.facebook.com\\\/eltextual\",\"https:\\\/\\\/x.com\\\/eltextual\",\"http:\\\/\\\/www.instagram.com\\\/eltextual\"]},{\"@type\":\"Person\",\"@id\":\"https:\\\/\\\/diariotextual.com\\\/inicio\\\/#\\\/schema\\\/person\\\/418fc4093c33e86ed41562db3508f958\",\"name\":\"Diario1 Diario1\",\"image\":{\"@type\":\"ImageObject\",\"inLanguage\":\"es\",\"@id\":\"https:\\\/\\\/secure.gravatar.com\\\/avatar\\\/9167d280179c85bc18be67aa7eda765854300033af4896dd779b608640f2ef7a?s=96&d=mm&r=g\",\"url\":\"https:\\\/\\\/secure.gravatar.com\\\/avatar\\\/9167d280179c85bc18be67aa7eda765854300033af4896dd779b608640f2ef7a?s=96&d=mm&r=g\",\"contentUrl\":\"https:\\\/\\\/secure.gravatar.com\\\/avatar\\\/9167d280179c85bc18be67aa7eda765854300033af4896dd779b608640f2ef7a?s=96&d=mm&r=g\",\"caption\":\"Diario1 Diario1\"},\"url\":\"https:\\\/\\\/diariotextual.com\\\/inicio\\\/index.php\\\/author\\\/diario1\\\/\"}]}<\/script>\n<!-- \/ Yoast SEO plugin. -->","yoast_head_json":{"title":"Detenido en la comisar\u00eda Tercera de Santa Rosa pide que lo saquen de un \u201cbuz\u00f3n\u201d - Diario Textual","robots":{"index":"index","follow":"follow","max-snippet":"max-snippet:-1","max-image-preview":"max-image-preview:large","max-video-preview":"max-video-preview:-1"},"canonical":"https:\/\/diariotextual.com\/inicio\/index.php\/2026\/09\/06\/preso-pide-que-lo-saquen-de-un-buzon-en-la-comisaria-tercera-de-santa-rosa\/","og_locale":"es_ES","og_type":"article","og_title":"Detenido en la comisar\u00eda Tercera de Santa Rosa pide que lo saquen de un \u201cbuz\u00f3n\u201d - Diario Textual","og_description":"Brian Rolando, detenido desde hace unos 15 d\u00edas en la comisar\u00eda Tercera de Santa Rosa por una causa por robo, reclama que lo saquen del denominado \u201cbuz\u00f3n\u201d de esa dependencia&hellip;","og_url":"https:\/\/diariotextual.com\/inicio\/index.php\/2026\/09\/06\/preso-pide-que-lo-saquen-de-un-buzon-en-la-comisaria-tercera-de-santa-rosa\/","og_site_name":"Diario Textual","article_publisher":"https:\/\/www.facebook.com\/eltextual","article_published_time":"2026-09-06T13:28:18+00:00","article_modified_time":"2026-09-06T14:45:46+00:00","og_image":[{"width":813,"height":497,"url":"https:\/\/diariotextual.com\/inicio\/wp-content\/uploads\/2020\/03\/presos99999.png","type":"image\/png"}],"author":"Diario1 Diario1","twitter_card":"summary_large_image","twitter_creator":"@eltextual","twitter_site":"@eltextual","twitter_misc":{"Escrito por":"Diario1 Diario1","Tiempo de lectura":"3 minutos"},"schema":{"@context":"https:\/\/schema.org","@graph":[{"@type":"Article","@id":"https:\/\/diariotextual.com\/inicio\/index.php\/2026\/09\/06\/preso-pide-que-lo-saquen-de-un-buzon-en-la-comisaria-tercera-de-santa-rosa\/#article","isPartOf":{"@id":"https:\/\/diariotextual.com\/inicio\/index.php\/2026\/09\/06\/preso-pide-que-lo-saquen-de-un-buzon-en-la-comisaria-tercera-de-santa-rosa\/"},"author":{"name":"Diario1 Diario1","@id":"https:\/\/diariotextual.com\/inicio\/#\/schema\/person\/418fc4093c33e86ed41562db3508f958"},"headline":"Detenido en la comisar\u00eda Tercera de Santa Rosa pide que lo saquen de un \u201cbuz\u00f3n\u201d","datePublished":"2026-09-06T13:28:18+00:00","dateModified":"2026-09-06T14:45:46+00:00","mainEntityOfPage":{"@id":"https:\/\/diariotextual.com\/inicio\/index.php\/2026\/09\/06\/preso-pide-que-lo-saquen-de-un-buzon-en-la-comisaria-tercera-de-santa-rosa\/"},"wordCount":429,"publisher":{"@id":"https:\/\/diariotextual.com\/inicio\/#organization"},"image":{"@id":"https:\/\/diariotextual.com\/inicio\/index.php\/2026\/09\/06\/preso-pide-que-lo-saquen-de-un-buzon-en-la-comisaria-tercera-de-santa-rosa\/#primaryimage"},"thumbnailUrl":"https:\/\/diariotextual.com\/inicio\/wp-content\/uploads\/2020\/03\/presos99999.png","articleSection":["A - ES NOTICIA (van abajo)","SOCIEDAD"],"inLanguage":"es"},{"@type":"WebPage","@id":"https:\/\/diariotextual.com\/inicio\/index.php\/2026\/09\/06\/preso-pide-que-lo-saquen-de-un-buzon-en-la-comisaria-tercera-de-santa-rosa\/","url":"https:\/\/diariotextual.com\/inicio\/index.php\/2026\/09\/06\/preso-pide-que-lo-saquen-de-un-buzon-en-la-comisaria-tercera-de-santa-rosa\/","name":"Detenido en la comisar\u00eda Tercera de Santa Rosa pide que lo saquen de un \u201cbuz\u00f3n\u201d - Diario Textual","isPartOf":{"@id":"https:\/\/diariotextual.com\/inicio\/#website"},"primaryImageOfPage":{"@id":"https:\/\/diariotextual.com\/inicio\/index.php\/2026\/09\/06\/preso-pide-que-lo-saquen-de-un-buzon-en-la-comisaria-tercera-de-santa-rosa\/#primaryimage"},"image":{"@id":"https:\/\/diariotextual.com\/inicio\/index.php\/2026\/09\/06\/preso-pide-que-lo-saquen-de-un-buzon-en-la-comisaria-tercera-de-santa-rosa\/#primaryimage"},"thumbnailUrl":"https:\/\/diariotextual.com\/inicio\/wp-content\/uploads\/2020\/03\/presos99999.png","datePublished":"2026-09-06T13:28:18+00:00","dateModified":"2026-09-06T14:45:46+00:00","breadcrumb":{"@id":"https:\/\/diariotextual.com\/inicio\/index.php\/2026\/09\/06\/preso-pide-que-lo-saquen-de-un-buzon-en-la-comisaria-tercera-de-santa-rosa\/#breadcrumb"},"inLanguage":"es","potentialAction":[{"@type":"ReadAction","target":["https:\/\/diariotextual.com\/inicio\/index.php\/2026\/09\/06\/preso-pide-que-lo-saquen-de-un-buzon-en-la-comisaria-tercera-de-santa-rosa\/"]}]},{"@type":"ImageObject","inLanguage":"es","@id":"https:\/\/diariotextual.com\/inicio\/index.php\/2026\/09\/06\/preso-pide-que-lo-saquen-de-un-buzon-en-la-comisaria-tercera-de-santa-rosa\/#primaryimage","url":"https:\/\/diariotextual.com\/inicio\/wp-content\/uploads\/2020\/03\/presos99999.png","contentUrl":"https:\/\/diariotextual.com\/inicio\/wp-content\/uploads\/2020\/03\/presos99999.png","width":813,"height":497},{"@type":"BreadcrumbList","@id":"https:\/\/diariotextual.com\/inicio\/index.php\/2026\/09\/06\/preso-pide-que-lo-saquen-de-un-buzon-en-la-comisaria-tercera-de-santa-rosa\/#breadcrumb","itemListElement":[{"@type":"ListItem","position":1,"name":"Portada","item":"https:\/\/diariotextual.com\/inicio\/"},{"@type":"ListItem","position":2,"name":"Detenido en la comisar\u00eda Tercera de Santa Rosa pide que lo saquen de un \u201cbuz\u00f3n\u201d"}]},{"@type":"WebSite","@id":"https:\/\/diariotextual.com\/inicio\/#website","url":"https:\/\/diariotextual.com\/inicio\/","name":"Diario Textual","description":"","publisher":{"@id":"https:\/\/diariotextual.com\/inicio\/#organization"},"potentialAction":[{"@type":"SearchAction","target":{"@type":"EntryPoint","urlTemplate":"https:\/\/diariotextual.com\/inicio\/?s={search_term_string}"},"query-input":{"@type":"PropertyValueSpecification","valueRequired":true,"valueName":"search_term_string"}}],"inLanguage":"es"},{"@type":"Organization","@id":"https:\/\/diariotextual.com\/inicio\/#organization","name":"Diario Textual","url":"https:\/\/diariotextual.com\/inicio\/","logo":{"@type":"ImageObject","inLanguage":"es","@id":"https:\/\/diariotextual.com\/inicio\/#\/schema\/logo\/image\/","url":"https:\/\/diariotextual.com\/inicio\/wp-content\/uploads\/2023\/05\/logotextual1.jpg","contentUrl":"https:\/\/diariotextual.com\/inicio\/wp-content\/uploads\/2023\/05\/logotextual1.jpg","width":516,"height":76,"caption":"Diario Textual"},"image":{"@id":"https:\/\/diariotextual.com\/inicio\/#\/schema\/logo\/image\/"},"sameAs":["https:\/\/www.facebook.com\/eltextual","https:\/\/x.com\/eltextual","http:\/\/www.instagram.com\/eltextual"]},{"@type":"Person","@id":"https:\/\/diariotextual.com\/inicio\/#\/schema\/person\/418fc4093c33e86ed41562db3508f958","name":"Diario1 Diario1","image":{"@type":"ImageObject","inLanguage":"es","@id":"https:\/\/secure.gravatar.com\/avatar\/9167d280179c85bc18be67aa7eda765854300033af4896dd779b608640f2ef7a?s=96&d=mm&r=g","url":"https:\/\/secure.gravatar.com\/avatar\/9167d280179c85bc18be67aa7eda765854300033af4896dd779b608640f2ef7a?s=96&d=mm&r=g","contentUrl":"https:\/\/secure.gravatar.com\/avatar\/9167d280179c85bc18be67aa7eda765854300033af4896dd779b608640f2ef7a?s=96&d=mm&r=g","caption":"Diario1 Diario1"},"url":"https:\/\/diariotextual.com\/inicio\/index.php\/author\/diario1\/"}]}},"_links":{"self":[{"href":"https:\/\/diariotextual.com\/inicio\/index.php\/wp-json\/wp\/v2\/posts\/334622","targetHints":{"allow":["GET"]}}],"collection":[{"href":"https:\/\/diariotextual.com\/inicio\/index.php\/wp-json\/wp\/v2\/posts"}],"about":[{"href":"https:\/\/diariotextual.com\/inicio\/index.php\/wp-json\/wp\/v2\/types\/post"}],"author":[{"embeddable":true,"href":"https:\/\/diariotextual.com\/inicio\/index.php\/wp-json\/wp\/v2\/users\/3"}],"replies":[{"embeddable":true,"href":"https:\/\/diariotextual.com\/inicio\/index.php\/wp-json\/wp\/v2\/comments?post=334622"}],"version-history":[{"count":4,"href":"https:\/\/diariotextual.com\/inicio\/index.php\/wp-json\/wp\/v2\/posts\/334622\/revisions"}],"predecessor-version":[{"id":334626,"href":"https:\/\/diariotextual.com\/inicio\/index.php\/wp-json\/wp\/v2\/posts\/334622\/revisions\/334626"}],"wp:featuredmedia":[{"embeddable":true,"href":"https:\/\/diariotextual.com\/inicio\/index.php\/wp-json\/wp\/v2\/media\/85114"}],"wp:attachment":[{"href":"https:\/\/diariotextual.com\/inicio\/index.php\/wp-json\/wp\/v2\/media?parent=334622"}],"wp:term":[{"taxonomy":"category","embeddable":true,"href":"https:\/\/diariotextual.com\/inicio\/index.php\/wp-json\/wp\/v2\/categories?post=334622"},{"taxonomy":"post_tag","embeddable":true,"href":"https:\/\/diariotextual.com\/inicio\/index.php\/wp-json\/wp\/v2\/tags?post=334622"}],"curies":[{"name":"wp","href":"https:\/\/api.w.org\/{rel}","templated":true}]}}