{"id":334627,"date":"2026-09-06T11:45:34","date_gmt":"2026-09-06T14:45:34","guid":{"rendered":"https:\/\/diariotextual.com\/inicio\/?p=334627"},"modified":"2026-09-06T11:45:35","modified_gmt":"2026-09-06T14:45:35","slug":"pedro-salas-la-ucr-parece-encaminarse-a-un-suicidio-politico-inexorable","status":"publish","type":"post","link":"https:\/\/diariotextual.com\/inicio\/index.php\/2026\/09\/06\/pedro-salas-la-ucr-parece-encaminarse-a-un-suicidio-politico-inexorable\/","title":{"rendered":"Pedro Salas: \u201cLa UCR parece encaminarse a un suicidio pol\u00edtico inexorable\u201d"},"content":{"rendered":"\n<p class=\"wp-block-paragraph\">El dirigente radical <strong>Pedro Salas<\/strong>, exsecretario de Gobierno de Santa Rosa, cuestion\u00f3 que la <strong>UCR de La Pampa haya otorgado este fin de semana amplias facultades a una mesa de cinco dirigentes para negociar alianzas electorales sin establecer que los acuerdos deban ser aprobados posteriormente por una asamblea partidaria<\/strong>. Para Salas, esa decisi\u00f3n implica quitarle poder a los \u00f3rganos de representaci\u00f3n del radicalismo. \u201c<strong>La UCR parece encaminarse a un suicidio pol\u00edtico inexorable<\/strong>\u201d, advirti\u00f3.<\/p>\n\n\n\n<p class=\"wp-block-paragraph\">La <strong>Asamblea de la UCR de La Pampa<\/strong> aprob\u00f3 este s\u00e1bado, por <strong>78 votos a favor, 11 en contra y una abstenci\u00f3n<\/strong>, otorgar facultades a una mesa pol\u00edtica para negociar la constituci\u00f3n de alianzas o frentes electorales con otras fuerzas pol\u00edticas opositoras. La autorizaci\u00f3n alcanza tanto a partidos con los que el radicalismo ya comparte espacios, como el <strong>PRO<\/strong>, como a otros sectores con los que eventualmente podr\u00eda acordar.<\/p>\n\n\n\n<p class=\"wp-block-paragraph\">\u201c<strong>La Asamblea de la UCR de La Pampa aprob\u00f3 por abrumadora mayor\u00eda (78 a 11) el otorgamiento de facultades extraordinarias a una mesa pol\u00edtica<\/strong> para que \u2018proceda a negociar e instrumentar acuerdos pol\u00edticos, program\u00e1ticos y legales tendientes a la constituci\u00f3n de alianzas o frentes electorales con TODAS las fuerzas pol\u00edticas que compartan el diagn\u00f3stico sobre el agostamiento del actual modelo provincial y la voluntad de impulsar un cambio profundo en La Pampa\u2019\u201d, record\u00f3 Salas.<\/p>\n\n\n\n<p class=\"wp-block-paragraph\">Seg\u00fan plante\u00f3, durante el debate se propuso agregar un segundo p\u00e1rrafo a la resoluci\u00f3n para que los acuerdos que eventualmente se alcanzaran fueran sometidos nuevamente a la aprobaci\u00f3n de los \u00f3rganos partidarios. \u201cLos impulsores de la moci\u00f3n que otorga ampl\u00edsimas facultades de negociaci\u00f3n para conversar con todas las fuerzas pol\u00edticas opositoras del Gobierno provincial <strong>no aceptaron la inclusi\u00f3n de un segundo p\u00e1rrafo complementario<\/strong>\u201d, se\u00f1al\u00f3.<\/p>\n\n\n\n<p class=\"wp-block-paragraph\">La propuesta establec\u00eda que \u201clos acuerdos que se logren deber\u00e1n ser sometidos a la oportuna consideraci\u00f3n y aprobaci\u00f3n de una pr\u00f3xima Asamblea Extraordinaria\u201d de la UCR.<\/p>\n\n\n\n<p class=\"wp-block-paragraph\"><\/p>\n\n\n\n<figure class=\"wp-block-embed is-type-wp-embed is-provider-diario-textual wp-block-embed-diario-textual\"><div class=\"wp-block-embed__wrapper\">\n<blockquote class=\"wp-embedded-content\" data-secret=\"NUzAFdbFqG\"><a href=\"https:\/\/diariotextual.com\/inicio\/index.php\/2026\/09\/05\/por-amplia-mayoria-la-ucr-pampeana-aprobo-iniciar-negociaciones-para-armar-una-gran-alianza-en-2027\/\">La UCR aprob\u00f3 iniciar negociaciones para armar una gran alianza en 2027 con el PRO, libertarios y Tierno<\/a><\/blockquote><iframe class=\"wp-embedded-content\" sandbox=\"allow-scripts\" security=\"restricted\" style=\"position: absolute; visibility: hidden;\" title=\"\u00abLa UCR aprob\u00f3 iniciar negociaciones para armar una gran alianza en 2027 con el PRO, libertarios y Tierno\u00bb \u2014 Diario Textual\" src=\"https:\/\/diariotextual.com\/inicio\/index.php\/2026\/09\/05\/por-amplia-mayoria-la-ucr-pampeana-aprobo-iniciar-negociaciones-para-armar-una-gran-alianza-en-2027\/embed\/#?secret=stJF7e7MnV#?secret=NUzAFdbFqG\" data-secret=\"NUzAFdbFqG\" width=\"600\" height=\"338\" frameborder=\"0\" marginwidth=\"0\" marginheight=\"0\" scrolling=\"no\"><\/iframe>\n<\/div><\/figure>\n\n\n\n<p class=\"wp-block-paragraph\">Para Salas, esa cl\u00e1usula era clave para preservar la intervenci\u00f3n de los \u00f3rganos partidarios en una eventual definici\u00f3n electoral. \u201cComo en sinton\u00eda con las caracter\u00edsticas autocr\u00e1ticas de las fuerzas con las que pretenden aliarse, los art\u00edfices de la moci\u00f3n aprobada <strong>se negaron a evaluar la modificaci\u00f3n ampliatoria propuesta<\/strong>, lo que seguramente hubiera permitido la aprobaci\u00f3n un\u00e1nime de las facultades de negociaci\u00f3n conferidas\u201d, sostuvo.<\/p>\n\n\n\n<p class=\"wp-block-paragraph\">El dirigente radical cuestion\u00f3 adem\u00e1s que se haya otorgado un amplio margen de negociaci\u00f3n cuando todav\u00eda restan definirse aspectos centrales de la elecci\u00f3n de 2027. \u201cPor el contrario, aun cuando el electorado de La Pampa no ha sido convocado a elecciones para 2027; aun cuando no se sabe si ser\u00e1 simult\u00e1nea o desdoblada la elecci\u00f3n de autoridades nacionales, provinciales y municipales; aun cuando no se ha explicitado el programa de gobierno de la UCR ni las propuestas m\u00ednimas a acordar con los eventuales socios; <strong>una mesa pol\u00edtica de negociaci\u00f3n con cinco miembros es investida de la suma del poder pol\u00edtico partidario<\/strong>\u201d, afirm\u00f3.<\/p>\n\n\n\n<p class=\"wp-block-paragraph\">En ese sentido, consider\u00f3 que la decisi\u00f3n coloca a esa mesa \u201cpor encima de los cuerpos org\u00e1nicos que ejercen la representaci\u00f3n de la voluntad de las y los afiliados radicales\u201d.<\/p>\n\n\n\n<p class=\"wp-block-paragraph\">Con la decisi\u00f3n de ayer, la UCR busca, de esta manera, comenzar a explorar una <strong>alianza opositora amplia<\/strong> con vistas a 2027 y evitar la fragmentaci\u00f3n del voto que pueda favorecer al peronismo. Entre los espacios que aparecen como posibles interlocutores est\u00e1n <strong>La Libertad Avanza, el PRO y Comunidad Organizada<\/strong>, aunque la resoluci\u00f3n aprobada no menciona expresamente a esas fuerzas.<\/p>\n\n\n\n<p class=\"wp-block-paragraph\">La votaci\u00f3n tampoco implica un acuerdo electoral ni define candidaturas, reparto de cargos o el mecanismo con el que competir\u00eda una eventual coalici\u00f3n.<\/p>\n\n\n\n<p class=\"wp-block-paragraph\">Salas cerr\u00f3 su cuestionamiento con una iron\u00eda vinculada con la jornada partidaria. Al momento de la acreditaci\u00f3n de los participantes, se distribuy\u00f3 un lazo amarillo en adhesi\u00f3n al <strong>Mes de la Prevenci\u00f3n del Suicidio<\/strong>, bajo el lema \u201cHablemos de suicidio\u201d.<\/p>\n\n\n\n<p class=\"wp-block-paragraph\">\u201cNo es un buen comienzo. La iniciativa no parece haber resultado efectiva. <strong>Luego de una larga tarde de respetuoso debate, la UCR parece encaminarse a un suicidio pol\u00edtico inexorable<\/strong>\u201d, concluy\u00f3.<\/p>\n\n\n\n<p class=\"wp-block-paragraph\"><\/p>\n\n\n\n<p class=\"wp-block-paragraph\"><\/p>\n","protected":false},"excerpt":{"rendered":"<p>El dirigente radical Pedro Salas, exsecretario de Gobierno de Santa Rosa, cuestion\u00f3 que la UCR de La Pampa haya otorgado este fin de semana amplias facultades a una mesa de&hellip;<\/p>\n","protected":false},"author":3,"featured_media":334630,"comment_status":"closed","ping_status":"open","sticky":false,"template":"","format":"standard","meta":{"_acf_changed":false,"footnotes":""},"categories":[9,8],"tags":[],"class_list":["post-334627","post","type-post","status-publish","format-standard","has-post-thumbnail","hentry","category-portada","category-politica"],"acf":[],"yoast_head":"<!-- This site is optimized with the Yoast SEO plugin v28.4 - https:\/\/yoast.com\/product\/yoast-seo-wordpress\/ -->\n<title>Pedro Salas: \u201cLa UCR parece encaminarse a un suicidio pol\u00edtico inexorable\u201d - Diario Textual<\/title>\n<meta name=\"robots\" content=\"index, follow, max-snippet:-1, max-image-preview:large, max-video-preview:-1\" \/>\n<link rel=\"canonical\" href=\"https:\/\/diariotextual.com\/inicio\/index.php\/2026\/09\/06\/pedro-salas-la-ucr-parece-encaminarse-a-un-suicidio-politico-inexorable\/\" \/>\n<meta property=\"og:locale\" content=\"es_ES\" \/>\n<meta property=\"og:type\" content=\"article\" \/>\n<meta property=\"og:title\" content=\"Pedro Salas: \u201cLa UCR parece encaminarse a un suicidio pol\u00edtico inexorable\u201d - Diario Textual\" \/>\n<meta property=\"og:description\" content=\"El dirigente radical Pedro Salas, exsecretario de Gobierno de Santa Rosa, cuestion\u00f3 que la UCR de La Pampa haya otorgado este fin de semana amplias facultades a una mesa de&hellip;\" \/>\n<meta property=\"og:url\" content=\"https:\/\/diariotextual.com\/inicio\/index.php\/2026\/09\/06\/pedro-salas-la-ucr-parece-encaminarse-a-un-suicidio-politico-inexorable\/\" \/>\n<meta property=\"og:site_name\" content=\"Diario Textual\" \/>\n<meta property=\"article:publisher\" content=\"https:\/\/www.facebook.com\/eltextual\" \/>\n<meta property=\"article:published_time\" content=\"2026-09-06T14:45:34+00:00\" \/>\n<meta property=\"article:modified_time\" content=\"2026-09-06T14:45:35+00:00\" \/>\n<meta property=\"og:image\" content=\"https:\/\/diariotextual.com\/inicio\/wp-content\/uploads\/2026\/09\/salaspedroucrconvencionucr2026-7.jpg\" \/>\n\t<meta property=\"og:image:width\" content=\"1300\" \/>\n\t<meta property=\"og:image:height\" content=\"952\" \/>\n\t<meta property=\"og:image:type\" content=\"image\/jpeg\" \/>\n<meta name=\"author\" content=\"Diario1 Diario1\" \/>\n<meta name=\"twitter:card\" content=\"summary_large_image\" \/>\n<meta name=\"twitter:creator\" content=\"@eltextual\" \/>\n<meta name=\"twitter:site\" content=\"@eltextual\" \/>\n<meta name=\"twitter:label1\" content=\"Escrito por\" \/>\n\t<meta name=\"twitter:data1\" content=\"Diario1 Diario1\" \/>\n\t<meta name=\"twitter:label2\" content=\"Tiempo de lectura\" \/>\n\t<meta name=\"twitter:data2\" content=\"4 minutos\" \/>\n<script type=\"application\/ld+json\" class=\"yoast-schema-graph\">{\"@context\":\"https:\\\/\\\/schema.org\",\"@graph\":[{\"@type\":\"Article\",\"@id\":\"https:\\\/\\\/diariotextual.com\\\/inicio\\\/index.php\\\/2026\\\/09\\\/06\\\/pedro-salas-la-ucr-parece-encaminarse-a-un-suicidio-politico-inexorable\\\/#article\",\"isPartOf\":{\"@id\":\"https:\\\/\\\/diariotextual.com\\\/inicio\\\/index.php\\\/2026\\\/09\\\/06\\\/pedro-salas-la-ucr-parece-encaminarse-a-un-suicidio-politico-inexorable\\\/\"},\"author\":{\"name\":\"Diario1 Diario1\",\"@id\":\"https:\\\/\\\/diariotextual.com\\\/inicio\\\/#\\\/schema\\\/person\\\/418fc4093c33e86ed41562db3508f958\"},\"headline\":\"Pedro Salas: \u201cLa UCR parece encaminarse a un suicidio pol\u00edtico inexorable\u201d\",\"datePublished\":\"2026-09-06T14:45:34+00:00\",\"dateModified\":\"2026-09-06T14:45:35+00:00\",\"mainEntityOfPage\":{\"@id\":\"https:\\\/\\\/diariotextual.com\\\/inicio\\\/index.php\\\/2026\\\/09\\\/06\\\/pedro-salas-la-ucr-parece-encaminarse-a-un-suicidio-politico-inexorable\\\/\"},\"wordCount\":736,\"publisher\":{\"@id\":\"https:\\\/\\\/diariotextual.com\\\/inicio\\\/#organization\"},\"image\":{\"@id\":\"https:\\\/\\\/diariotextual.com\\\/inicio\\\/index.php\\\/2026\\\/09\\\/06\\\/pedro-salas-la-ucr-parece-encaminarse-a-un-suicidio-politico-inexorable\\\/#primaryimage\"},\"thumbnailUrl\":\"https:\\\/\\\/diariotextual.com\\\/inicio\\\/wp-content\\\/uploads\\\/2026\\\/09\\\/salaspedroucrconvencionucr2026-7.jpg\",\"articleSection\":[\"A - PORTADA\",\"POLITICA\"],\"inLanguage\":\"es\"},{\"@type\":\"WebPage\",\"@id\":\"https:\\\/\\\/diariotextual.com\\\/inicio\\\/index.php\\\/2026\\\/09\\\/06\\\/pedro-salas-la-ucr-parece-encaminarse-a-un-suicidio-politico-inexorable\\\/\",\"url\":\"https:\\\/\\\/diariotextual.com\\\/inicio\\\/index.php\\\/2026\\\/09\\\/06\\\/pedro-salas-la-ucr-parece-encaminarse-a-un-suicidio-politico-inexorable\\\/\",\"name\":\"Pedro Salas: \u201cLa UCR parece encaminarse a un suicidio pol\u00edtico inexorable\u201d - Diario Textual\",\"isPartOf\":{\"@id\":\"https:\\\/\\\/diariotextual.com\\\/inicio\\\/#website\"},\"primaryImageOfPage\":{\"@id\":\"https:\\\/\\\/diariotextual.com\\\/inicio\\\/index.php\\\/2026\\\/09\\\/06\\\/pedro-salas-la-ucr-parece-encaminarse-a-un-suicidio-politico-inexorable\\\/#primaryimage\"},\"image\":{\"@id\":\"https:\\\/\\\/diariotextual.com\\\/inicio\\\/index.php\\\/2026\\\/09\\\/06\\\/pedro-salas-la-ucr-parece-encaminarse-a-un-suicidio-politico-inexorable\\\/#primaryimage\"},\"thumbnailUrl\":\"https:\\\/\\\/diariotextual.com\\\/inicio\\\/wp-content\\\/uploads\\\/2026\\\/09\\\/salaspedroucrconvencionucr2026-7.jpg\",\"datePublished\":\"2026-09-06T14:45:34+00:00\",\"dateModified\":\"2026-09-06T14:45:35+00:00\",\"breadcrumb\":{\"@id\":\"https:\\\/\\\/diariotextual.com\\\/inicio\\\/index.php\\\/2026\\\/09\\\/06\\\/pedro-salas-la-ucr-parece-encaminarse-a-un-suicidio-politico-inexorable\\\/#breadcrumb\"},\"inLanguage\":\"es\",\"potentialAction\":[{\"@type\":\"ReadAction\",\"target\":[\"https:\\\/\\\/diariotextual.com\\\/inicio\\\/index.php\\\/2026\\\/09\\\/06\\\/pedro-salas-la-ucr-parece-encaminarse-a-un-suicidio-politico-inexorable\\\/\"]}]},{\"@type\":\"ImageObject\",\"inLanguage\":\"es\",\"@id\":\"https:\\\/\\\/diariotextual.com\\\/inicio\\\/index.php\\\/2026\\\/09\\\/06\\\/pedro-salas-la-ucr-parece-encaminarse-a-un-suicidio-politico-inexorable\\\/#primaryimage\",\"url\":\"https:\\\/\\\/diariotextual.com\\\/inicio\\\/wp-content\\\/uploads\\\/2026\\\/09\\\/salaspedroucrconvencionucr2026-7.jpg\",\"contentUrl\":\"https:\\\/\\\/diariotextual.com\\\/inicio\\\/wp-content\\\/uploads\\\/2026\\\/09\\\/salaspedroucrconvencionucr2026-7.jpg\",\"width\":1300,\"height\":952},{\"@type\":\"BreadcrumbList\",\"@id\":\"https:\\\/\\\/diariotextual.com\\\/inicio\\\/index.php\\\/2026\\\/09\\\/06\\\/pedro-salas-la-ucr-parece-encaminarse-a-un-suicidio-politico-inexorable\\\/#breadcrumb\",\"itemListElement\":[{\"@type\":\"ListItem\",\"position\":1,\"name\":\"Portada\",\"item\":\"https:\\\/\\\/diariotextual.com\\\/inicio\\\/\"},{\"@type\":\"ListItem\",\"position\":2,\"name\":\"Pedro Salas: \u201cLa UCR parece encaminarse a un suicidio pol\u00edtico inexorable\u201d\"}]},{\"@type\":\"WebSite\",\"@id\":\"https:\\\/\\\/diariotextual.com\\\/inicio\\\/#website\",\"url\":\"https:\\\/\\\/diariotextual.com\\\/inicio\\\/\",\"name\":\"Diario Textual\",\"description\":\"\",\"publisher\":{\"@id\":\"https:\\\/\\\/diariotextual.com\\\/inicio\\\/#organization\"},\"potentialAction\":[{\"@type\":\"SearchAction\",\"target\":{\"@type\":\"EntryPoint\",\"urlTemplate\":\"https:\\\/\\\/diariotextual.com\\\/inicio\\\/?s={search_term_string}\"},\"query-input\":{\"@type\":\"PropertyValueSpecification\",\"valueRequired\":true,\"valueName\":\"search_term_string\"}}],\"inLanguage\":\"es\"},{\"@type\":\"Organization\",\"@id\":\"https:\\\/\\\/diariotextual.com\\\/inicio\\\/#organization\",\"name\":\"Diario Textual\",\"url\":\"https:\\\/\\\/diariotextual.com\\\/inicio\\\/\",\"logo\":{\"@type\":\"ImageObject\",\"inLanguage\":\"es\",\"@id\":\"https:\\\/\\\/diariotextual.com\\\/inicio\\\/#\\\/schema\\\/logo\\\/image\\\/\",\"url\":\"https:\\\/\\\/diariotextual.com\\\/inicio\\\/wp-content\\\/uploads\\\/2023\\\/05\\\/logotextual1.jpg\",\"contentUrl\":\"https:\\\/\\\/diariotextual.com\\\/inicio\\\/wp-content\\\/uploads\\\/2023\\\/05\\\/logotextual1.jpg\",\"width\":516,\"height\":76,\"caption\":\"Diario Textual\"},\"image\":{\"@id\":\"https:\\\/\\\/diariotextual.com\\\/inicio\\\/#\\\/schema\\\/logo\\\/image\\\/\"},\"sameAs\":[\"https:\\\/\\\/www.facebook.com\\\/eltextual\",\"https:\\\/\\\/x.com\\\/eltextual\",\"http:\\\/\\\/www.instagram.com\\\/eltextual\"]},{\"@type\":\"Person\",\"@id\":\"https:\\\/\\\/diariotextual.com\\\/inicio\\\/#\\\/schema\\\/person\\\/418fc4093c33e86ed41562db3508f958\",\"name\":\"Diario1 Diario1\",\"image\":{\"@type\":\"ImageObject\",\"inLanguage\":\"es\",\"@id\":\"https:\\\/\\\/secure.gravatar.com\\\/avatar\\\/9167d280179c85bc18be67aa7eda765854300033af4896dd779b608640f2ef7a?s=96&d=mm&r=g\",\"url\":\"https:\\\/\\\/secure.gravatar.com\\\/avatar\\\/9167d280179c85bc18be67aa7eda765854300033af4896dd779b608640f2ef7a?s=96&d=mm&r=g\",\"contentUrl\":\"https:\\\/\\\/secure.gravatar.com\\\/avatar\\\/9167d280179c85bc18be67aa7eda765854300033af4896dd779b608640f2ef7a?s=96&d=mm&r=g\",\"caption\":\"Diario1 Diario1\"},\"url\":\"https:\\\/\\\/diariotextual.com\\\/inicio\\\/index.php\\\/author\\\/diario1\\\/\"}]}<\/script>\n<!-- \/ Yoast SEO plugin. -->","yoast_head_json":{"title":"Pedro Salas: \u201cLa UCR parece encaminarse a un suicidio pol\u00edtico inexorable\u201d - Diario Textual","robots":{"index":"index","follow":"follow","max-snippet":"max-snippet:-1","max-image-preview":"max-image-preview:large","max-video-preview":"max-video-preview:-1"},"canonical":"https:\/\/diariotextual.com\/inicio\/index.php\/2026\/09\/06\/pedro-salas-la-ucr-parece-encaminarse-a-un-suicidio-politico-inexorable\/","og_locale":"es_ES","og_type":"article","og_title":"Pedro Salas: \u201cLa UCR parece encaminarse a un suicidio pol\u00edtico inexorable\u201d - Diario Textual","og_description":"El dirigente radical Pedro Salas, exsecretario de Gobierno de Santa Rosa, cuestion\u00f3 que la UCR de La Pampa haya otorgado este fin de semana amplias facultades a una mesa de&hellip;","og_url":"https:\/\/diariotextual.com\/inicio\/index.php\/2026\/09\/06\/pedro-salas-la-ucr-parece-encaminarse-a-un-suicidio-politico-inexorable\/","og_site_name":"Diario Textual","article_publisher":"https:\/\/www.facebook.com\/eltextual","article_published_time":"2026-09-06T14:45:34+00:00","article_modified_time":"2026-09-06T14:45:35+00:00","og_image":[{"width":1300,"height":952,"url":"https:\/\/diariotextual.com\/inicio\/wp-content\/uploads\/2026\/09\/salaspedroucrconvencionucr2026-7.jpg","type":"image\/jpeg"}],"author":"Diario1 Diario1","twitter_card":"summary_large_image","twitter_creator":"@eltextual","twitter_site":"@eltextual","twitter_misc":{"Escrito por":"Diario1 Diario1","Tiempo de lectura":"4 minutos"},"schema":{"@context":"https:\/\/schema.org","@graph":[{"@type":"Article","@id":"https:\/\/diariotextual.com\/inicio\/index.php\/2026\/09\/06\/pedro-salas-la-ucr-parece-encaminarse-a-un-suicidio-politico-inexorable\/#article","isPartOf":{"@id":"https:\/\/diariotextual.com\/inicio\/index.php\/2026\/09\/06\/pedro-salas-la-ucr-parece-encaminarse-a-un-suicidio-politico-inexorable\/"},"author":{"name":"Diario1 Diario1","@id":"https:\/\/diariotextual.com\/inicio\/#\/schema\/person\/418fc4093c33e86ed41562db3508f958"},"headline":"Pedro Salas: \u201cLa UCR parece encaminarse a un suicidio pol\u00edtico inexorable\u201d","datePublished":"2026-09-06T14:45:34+00:00","dateModified":"2026-09-06T14:45:35+00:00","mainEntityOfPage":{"@id":"https:\/\/diariotextual.com\/inicio\/index.php\/2026\/09\/06\/pedro-salas-la-ucr-parece-encaminarse-a-un-suicidio-politico-inexorable\/"},"wordCount":736,"publisher":{"@id":"https:\/\/diariotextual.com\/inicio\/#organization"},"image":{"@id":"https:\/\/diariotextual.com\/inicio\/index.php\/2026\/09\/06\/pedro-salas-la-ucr-parece-encaminarse-a-un-suicidio-politico-inexorable\/#primaryimage"},"thumbnailUrl":"https:\/\/diariotextual.com\/inicio\/wp-content\/uploads\/2026\/09\/salaspedroucrconvencionucr2026-7.jpg","articleSection":["A - PORTADA","POLITICA"],"inLanguage":"es"},{"@type":"WebPage","@id":"https:\/\/diariotextual.com\/inicio\/index.php\/2026\/09\/06\/pedro-salas-la-ucr-parece-encaminarse-a-un-suicidio-politico-inexorable\/","url":"https:\/\/diariotextual.com\/inicio\/index.php\/2026\/09\/06\/pedro-salas-la-ucr-parece-encaminarse-a-un-suicidio-politico-inexorable\/","name":"Pedro Salas: \u201cLa UCR parece encaminarse a un suicidio pol\u00edtico inexorable\u201d - Diario Textual","isPartOf":{"@id":"https:\/\/diariotextual.com\/inicio\/#website"},"primaryImageOfPage":{"@id":"https:\/\/diariotextual.com\/inicio\/index.php\/2026\/09\/06\/pedro-salas-la-ucr-parece-encaminarse-a-un-suicidio-politico-inexorable\/#primaryimage"},"image":{"@id":"https:\/\/diariotextual.com\/inicio\/index.php\/2026\/09\/06\/pedro-salas-la-ucr-parece-encaminarse-a-un-suicidio-politico-inexorable\/#primaryimage"},"thumbnailUrl":"https:\/\/diariotextual.com\/inicio\/wp-content\/uploads\/2026\/09\/salaspedroucrconvencionucr2026-7.jpg","datePublished":"2026-09-06T14:45:34+00:00","dateModified":"2026-09-06T14:45:35+00:00","breadcrumb":{"@id":"https:\/\/diariotextual.com\/inicio\/index.php\/2026\/09\/06\/pedro-salas-la-ucr-parece-encaminarse-a-un-suicidio-politico-inexorable\/#breadcrumb"},"inLanguage":"es","potentialAction":[{"@type":"ReadAction","target":["https:\/\/diariotextual.com\/inicio\/index.php\/2026\/09\/06\/pedro-salas-la-ucr-parece-encaminarse-a-un-suicidio-politico-inexorable\/"]}]},{"@type":"ImageObject","inLanguage":"es","@id":"https:\/\/diariotextual.com\/inicio\/index.php\/2026\/09\/06\/pedro-salas-la-ucr-parece-encaminarse-a-un-suicidio-politico-inexorable\/#primaryimage","url":"https:\/\/diariotextual.com\/inicio\/wp-content\/uploads\/2026\/09\/salaspedroucrconvencionucr2026-7.jpg","contentUrl":"https:\/\/diariotextual.com\/inicio\/wp-content\/uploads\/2026\/09\/salaspedroucrconvencionucr2026-7.jpg","width":1300,"height":952},{"@type":"BreadcrumbList","@id":"https:\/\/diariotextual.com\/inicio\/index.php\/2026\/09\/06\/pedro-salas-la-ucr-parece-encaminarse-a-un-suicidio-politico-inexorable\/#breadcrumb","itemListElement":[{"@type":"ListItem","position":1,"name":"Portada","item":"https:\/\/diariotextual.com\/inicio\/"},{"@type":"ListItem","position":2,"name":"Pedro Salas: \u201cLa UCR parece encaminarse a un suicidio pol\u00edtico inexorable\u201d"}]},{"@type":"WebSite","@id":"https:\/\/diariotextual.com\/inicio\/#website","url":"https:\/\/diariotextual.com\/inicio\/","name":"Diario Textual","description":"","publisher":{"@id":"https:\/\/diariotextual.com\/inicio\/#organization"},"potentialAction":[{"@type":"SearchAction","target":{"@type":"EntryPoint","urlTemplate":"https:\/\/diariotextual.com\/inicio\/?s={search_term_string}"},"query-input":{"@type":"PropertyValueSpecification","valueRequired":true,"valueName":"search_term_string"}}],"inLanguage":"es"},{"@type":"Organization","@id":"https:\/\/diariotextual.com\/inicio\/#organization","name":"Diario Textual","url":"https:\/\/diariotextual.com\/inicio\/","logo":{"@type":"ImageObject","inLanguage":"es","@id":"https:\/\/diariotextual.com\/inicio\/#\/schema\/logo\/image\/","url":"https:\/\/diariotextual.com\/inicio\/wp-content\/uploads\/2023\/05\/logotextual1.jpg","contentUrl":"https:\/\/diariotextual.com\/inicio\/wp-content\/uploads\/2023\/05\/logotextual1.jpg","width":516,"height":76,"caption":"Diario Textual"},"image":{"@id":"https:\/\/diariotextual.com\/inicio\/#\/schema\/logo\/image\/"},"sameAs":["https:\/\/www.facebook.com\/eltextual","https:\/\/x.com\/eltextual","http:\/\/www.instagram.com\/eltextual"]},{"@type":"Person","@id":"https:\/\/diariotextual.com\/inicio\/#\/schema\/person\/418fc4093c33e86ed41562db3508f958","name":"Diario1 Diario1","image":{"@type":"ImageObject","inLanguage":"es","@id":"https:\/\/secure.gravatar.com\/avatar\/9167d280179c85bc18be67aa7eda765854300033af4896dd779b608640f2ef7a?s=96&d=mm&r=g","url":"https:\/\/secure.gravatar.com\/avatar\/9167d280179c85bc18be67aa7eda765854300033af4896dd779b608640f2ef7a?s=96&d=mm&r=g","contentUrl":"https:\/\/secure.gravatar.com\/avatar\/9167d280179c85bc18be67aa7eda765854300033af4896dd779b608640f2ef7a?s=96&d=mm&r=g","caption":"Diario1 Diario1"},"url":"https:\/\/diariotextual.com\/inicio\/index.php\/author\/diario1\/"}]}},"_links":{"self":[{"href":"https:\/\/diariotextual.com\/inicio\/index.php\/wp-json\/wp\/v2\/posts\/334627","targetHints":{"allow":["GET"]}}],"collection":[{"href":"https:\/\/diariotextual.com\/inicio\/index.php\/wp-json\/wp\/v2\/posts"}],"about":[{"href":"https:\/\/diariotextual.com\/inicio\/index.php\/wp-json\/wp\/v2\/types\/post"}],"author":[{"embeddable":true,"href":"https:\/\/diariotextual.com\/inicio\/index.php\/wp-json\/wp\/v2\/users\/3"}],"replies":[{"embeddable":true,"href":"https:\/\/diariotextual.com\/inicio\/index.php\/wp-json\/wp\/v2\/comments?post=334627"}],"version-history":[{"count":2,"href":"https:\/\/diariotextual.com\/inicio\/index.php\/wp-json\/wp\/v2\/posts\/334627\/revisions"}],"predecessor-version":[{"id":334629,"href":"https:\/\/diariotextual.com\/inicio\/index.php\/wp-json\/wp\/v2\/posts\/334627\/revisions\/334629"}],"wp:featuredmedia":[{"embeddable":true,"href":"https:\/\/diariotextual.com\/inicio\/index.php\/wp-json\/wp\/v2\/media\/334630"}],"wp:attachment":[{"href":"https:\/\/diariotextual.com\/inicio\/index.php\/wp-json\/wp\/v2\/media?parent=334627"}],"wp:term":[{"taxonomy":"category","embeddable":true,"href":"https:\/\/diariotextual.com\/inicio\/index.php\/wp-json\/wp\/v2\/categories?post=334627"},{"taxonomy":"post_tag","embeddable":true,"href":"https:\/\/diariotextual.com\/inicio\/index.php\/wp-json\/wp\/v2\/tags?post=334627"}],"curies":[{"name":"wp","href":"https:\/\/api.w.org\/{rel}","templated":true}]}}