{"id":334631,"date":"2026-09-06T13:12:22","date_gmt":"2026-09-06T16:12:22","guid":{"rendered":"https:\/\/diariotextual.com\/inicio\/?p=334631"},"modified":"2026-09-06T13:14:23","modified_gmt":"2026-09-06T16:14:23","slug":"colapinto-rompio-en-llanto-luego-del-gp-de-italia-era-una-gran-oportunidad","status":"publish","type":"post","link":"https:\/\/diariotextual.com\/inicio\/index.php\/2026\/09\/06\/colapinto-rompio-en-llanto-luego-del-gp-de-italia-era-una-gran-oportunidad\/","title":{"rendered":"Colapinto rompi\u00f3 en llanto luego del GP de Italia: \u201cEra una gran oportunidad\u201d"},"content":{"rendered":"\n<p class=\"wp-block-paragraph\"><strong>Franco Colapinto<\/strong> no pudo ocultar su frustraci\u00f3n despu\u00e9s del Gran Premio de Italia de F\u00f3rmula 1. El piloto de Alpine tuvo un comienzo destacado, avanz\u00f3 desde el s\u00e9ptimo puesto hasta colocarse cuarto y parec\u00eda encaminado a completar una de sus mejores carreras del a\u00f1o, pero un despiste en la sexta vuelta lo hizo caer hasta la decimosexta posici\u00f3n.<\/p>\n\n\n\n<p class=\"wp-block-paragraph\">Finalmente, logr\u00f3 recuperarse y cruz\u00f3 la bandera a cuadros en el noveno lugar, aunque la emoci\u00f3n pudo m\u00e1s y termin\u00f3 entre l\u00e1grimas. \u201c<strong>Fue una carrera dura, muy frustrante. Creo que ten\u00eda una gran oportunidad y no la aprovech\u00e9, as\u00ed que estoy triste<\/strong>\u201d, reconoci\u00f3 Colapinto luego de la competencia.&nbsp;<\/p>\n\n\n\n<p class=\"wp-block-paragraph\">El argentino lament\u00f3 especialmente el error cometido luego del relanzamiento provocado por el accidente de Charles Leclerc, ya que consider\u00f3 que el rendimiento mostrado por el Alpine durante todo el fin de semana le permit\u00eda aspirar a un resultado mucho m\u00e1s importante.<\/p>\n\n\n\n<p class=\"wp-block-paragraph\">A pesar del golpe, Colapinto no baj\u00f3 los brazos y protagoniz\u00f3 una gran remontada para recuperar siete posiciones y terminar noveno, a solo dos puestos del italiano Kimi Antonelli, ganador de la carrera tras una remontada hist\u00f3rica desde el decimonoveno lugar.&nbsp;<\/p>\n\n\n\n<p class=\"wp-block-paragraph\">El argentino sum\u00f3 as\u00ed dos puntos, mientras que su compa\u00f1ero Pierre Gasly finaliz\u00f3 s\u00e9ptimo despu\u00e9s de haber largado desde la pole position, seg\u00fan se inform\u00f3 la&nbsp;<strong>Agencia Noticias Argentinas.<\/strong><\/p>\n\n\n\n<p class=\"wp-block-paragraph\"><strong>\u201cSe aprovech\u00f3 una oportunidad muy importante para el equipo y para m\u00ed. Un poco triste, pero no, es aprender de esto\u201d, sostuvo el piloto de Alpine.&nbsp;<\/strong><\/p>\n\n\n\n<p class=\"wp-block-paragraph\">El piloto italiano Kimi Antonelli (Mercedes) protagoniz\u00f3 una remontada hist\u00f3rica en el Gran Premio de Italia y se qued\u00f3 con un triunfo impensado para acercarse a\u00fan m\u00e1s al t\u00edtulo. El argentino Franco Colapinto (Alpine) qued\u00f3 noveno y sum\u00f3 dos puntos.<\/p>\n\n\n\n<p class=\"wp-block-paragraph\">El podio lo completaron el brit\u00e1nico George Russell (Mercedes) y el neerland\u00e9s Max Verstappen (Red Bull).<\/p>\n\n\n\n<p class=\"wp-block-paragraph\"><strong>La F\u00f3rmula 1 tendr\u00e1 una nueva cita el pr\u00f3ximo fin de semana con el Gran Premio de Espa\u00f1a, que se disputar\u00e1 en Madrid, donde Colapinto buscar\u00e1 dejar atr\u00e1s la frustraci\u00f3n de Monza y aprovechar el buen rendimiento que mostr\u00f3 su monoplaza durante todo el fin de semana italiano.<\/strong><\/p>\n\n\n\n<p class=\"wp-block-paragraph\"><\/p>\n","protected":false},"excerpt":{"rendered":"<p>Franco Colapinto no pudo ocultar su frustraci\u00f3n despu\u00e9s del Gran Premio de Italia de F\u00f3rmula 1. El piloto de Alpine tuvo un comienzo destacado, avanz\u00f3 desde el s\u00e9ptimo puesto hasta&hellip;<\/p>\n","protected":false},"author":3,"featured_media":326196,"comment_status":"closed","ping_status":"open","sticky":false,"template":"","format":"standard","meta":{"_acf_changed":false,"footnotes":""},"categories":[1,3],"tags":[],"class_list":["post-334631","post","type-post","status-publish","format-standard","has-post-thumbnail","hentry","category-es-noticia","category-deportes"],"acf":[],"yoast_head":"<!-- This site is optimized with the Yoast SEO plugin v28.4 - https:\/\/yoast.com\/product\/yoast-seo-wordpress\/ -->\n<title>Colapinto rompi\u00f3 en llanto luego del GP de Italia: \u201cEra una gran oportunidad\u201d - Diario Textual<\/title>\n<meta name=\"robots\" content=\"index, follow, max-snippet:-1, max-image-preview:large, max-video-preview:-1\" \/>\n<link rel=\"canonical\" href=\"https:\/\/diariotextual.com\/inicio\/index.php\/2026\/09\/06\/colapinto-rompio-en-llanto-luego-del-gp-de-italia-era-una-gran-oportunidad\/\" \/>\n<meta property=\"og:locale\" content=\"es_ES\" \/>\n<meta property=\"og:type\" content=\"article\" \/>\n<meta property=\"og:title\" content=\"Colapinto rompi\u00f3 en llanto luego del GP de Italia: \u201cEra una gran oportunidad\u201d - Diario Textual\" \/>\n<meta property=\"og:description\" content=\"Franco Colapinto no pudo ocultar su frustraci\u00f3n despu\u00e9s del Gran Premio de Italia de F\u00f3rmula 1. El piloto de Alpine tuvo un comienzo destacado, avanz\u00f3 desde el s\u00e9ptimo puesto hasta&hellip;\" \/>\n<meta property=\"og:url\" content=\"https:\/\/diariotextual.com\/inicio\/index.php\/2026\/09\/06\/colapinto-rompio-en-llanto-luego-del-gp-de-italia-era-una-gran-oportunidad\/\" \/>\n<meta property=\"og:site_name\" content=\"Diario Textual\" \/>\n<meta property=\"article:publisher\" content=\"https:\/\/www.facebook.com\/eltextual\" \/>\n<meta property=\"article:published_time\" content=\"2026-09-06T16:12:22+00:00\" \/>\n<meta property=\"article:modified_time\" content=\"2026-09-06T16:14:23+00:00\" \/>\n<meta property=\"og:image\" content=\"https:\/\/diariotextual.com\/inicio\/wp-content\/uploads\/2026\/05\/colapintofranco2026-81.jpg\" \/>\n\t<meta property=\"og:image:width\" content=\"1300\" \/>\n\t<meta property=\"og:image:height\" content=\"929\" \/>\n\t<meta property=\"og:image:type\" content=\"image\/jpeg\" \/>\n<meta name=\"author\" content=\"Diario1 Diario1\" \/>\n<meta name=\"twitter:card\" content=\"summary_large_image\" \/>\n<meta name=\"twitter:creator\" content=\"@eltextual\" \/>\n<meta name=\"twitter:site\" content=\"@eltextual\" \/>\n<meta name=\"twitter:label1\" content=\"Escrito por\" \/>\n\t<meta name=\"twitter:data1\" content=\"Diario1 Diario1\" \/>\n\t<meta name=\"twitter:label2\" content=\"Tiempo de lectura\" \/>\n\t<meta name=\"twitter:data2\" content=\"2 minutos\" \/>\n<script type=\"application\/ld+json\" class=\"yoast-schema-graph\">{\"@context\":\"https:\\\/\\\/schema.org\",\"@graph\":[{\"@type\":\"Article\",\"@id\":\"https:\\\/\\\/diariotextual.com\\\/inicio\\\/index.php\\\/2026\\\/09\\\/06\\\/colapinto-rompio-en-llanto-luego-del-gp-de-italia-era-una-gran-oportunidad\\\/#article\",\"isPartOf\":{\"@id\":\"https:\\\/\\\/diariotextual.com\\\/inicio\\\/index.php\\\/2026\\\/09\\\/06\\\/colapinto-rompio-en-llanto-luego-del-gp-de-italia-era-una-gran-oportunidad\\\/\"},\"author\":{\"name\":\"Diario1 Diario1\",\"@id\":\"https:\\\/\\\/diariotextual.com\\\/inicio\\\/#\\\/schema\\\/person\\\/418fc4093c33e86ed41562db3508f958\"},\"headline\":\"Colapinto rompi\u00f3 en llanto luego del GP de Italia: \u201cEra una gran oportunidad\u201d\",\"datePublished\":\"2026-09-06T16:12:22+00:00\",\"dateModified\":\"2026-09-06T16:14:23+00:00\",\"mainEntityOfPage\":{\"@id\":\"https:\\\/\\\/diariotextual.com\\\/inicio\\\/index.php\\\/2026\\\/09\\\/06\\\/colapinto-rompio-en-llanto-luego-del-gp-de-italia-era-una-gran-oportunidad\\\/\"},\"wordCount\":392,\"publisher\":{\"@id\":\"https:\\\/\\\/diariotextual.com\\\/inicio\\\/#organization\"},\"image\":{\"@id\":\"https:\\\/\\\/diariotextual.com\\\/inicio\\\/index.php\\\/2026\\\/09\\\/06\\\/colapinto-rompio-en-llanto-luego-del-gp-de-italia-era-una-gran-oportunidad\\\/#primaryimage\"},\"thumbnailUrl\":\"https:\\\/\\\/diariotextual.com\\\/inicio\\\/wp-content\\\/uploads\\\/2026\\\/05\\\/colapintofranco2026-81.jpg\",\"articleSection\":[\"A - ES NOTICIA (van abajo)\",\"DEPORTES\"],\"inLanguage\":\"es\"},{\"@type\":\"WebPage\",\"@id\":\"https:\\\/\\\/diariotextual.com\\\/inicio\\\/index.php\\\/2026\\\/09\\\/06\\\/colapinto-rompio-en-llanto-luego-del-gp-de-italia-era-una-gran-oportunidad\\\/\",\"url\":\"https:\\\/\\\/diariotextual.com\\\/inicio\\\/index.php\\\/2026\\\/09\\\/06\\\/colapinto-rompio-en-llanto-luego-del-gp-de-italia-era-una-gran-oportunidad\\\/\",\"name\":\"Colapinto rompi\u00f3 en llanto luego del GP de Italia: \u201cEra una gran oportunidad\u201d - Diario Textual\",\"isPartOf\":{\"@id\":\"https:\\\/\\\/diariotextual.com\\\/inicio\\\/#website\"},\"primaryImageOfPage\":{\"@id\":\"https:\\\/\\\/diariotextual.com\\\/inicio\\\/index.php\\\/2026\\\/09\\\/06\\\/colapinto-rompio-en-llanto-luego-del-gp-de-italia-era-una-gran-oportunidad\\\/#primaryimage\"},\"image\":{\"@id\":\"https:\\\/\\\/diariotextual.com\\\/inicio\\\/index.php\\\/2026\\\/09\\\/06\\\/colapinto-rompio-en-llanto-luego-del-gp-de-italia-era-una-gran-oportunidad\\\/#primaryimage\"},\"thumbnailUrl\":\"https:\\\/\\\/diariotextual.com\\\/inicio\\\/wp-content\\\/uploads\\\/2026\\\/05\\\/colapintofranco2026-81.jpg\",\"datePublished\":\"2026-09-06T16:12:22+00:00\",\"dateModified\":\"2026-09-06T16:14:23+00:00\",\"breadcrumb\":{\"@id\":\"https:\\\/\\\/diariotextual.com\\\/inicio\\\/index.php\\\/2026\\\/09\\\/06\\\/colapinto-rompio-en-llanto-luego-del-gp-de-italia-era-una-gran-oportunidad\\\/#breadcrumb\"},\"inLanguage\":\"es\",\"potentialAction\":[{\"@type\":\"ReadAction\",\"target\":[\"https:\\\/\\\/diariotextual.com\\\/inicio\\\/index.php\\\/2026\\\/09\\\/06\\\/colapinto-rompio-en-llanto-luego-del-gp-de-italia-era-una-gran-oportunidad\\\/\"]}]},{\"@type\":\"ImageObject\",\"inLanguage\":\"es\",\"@id\":\"https:\\\/\\\/diariotextual.com\\\/inicio\\\/index.php\\\/2026\\\/09\\\/06\\\/colapinto-rompio-en-llanto-luego-del-gp-de-italia-era-una-gran-oportunidad\\\/#primaryimage\",\"url\":\"https:\\\/\\\/diariotextual.com\\\/inicio\\\/wp-content\\\/uploads\\\/2026\\\/05\\\/colapintofranco2026-81.jpg\",\"contentUrl\":\"https:\\\/\\\/diariotextual.com\\\/inicio\\\/wp-content\\\/uploads\\\/2026\\\/05\\\/colapintofranco2026-81.jpg\",\"width\":1300,\"height\":929},{\"@type\":\"BreadcrumbList\",\"@id\":\"https:\\\/\\\/diariotextual.com\\\/inicio\\\/index.php\\\/2026\\\/09\\\/06\\\/colapinto-rompio-en-llanto-luego-del-gp-de-italia-era-una-gran-oportunidad\\\/#breadcrumb\",\"itemListElement\":[{\"@type\":\"ListItem\",\"position\":1,\"name\":\"Portada\",\"item\":\"https:\\\/\\\/diariotextual.com\\\/inicio\\\/\"},{\"@type\":\"ListItem\",\"position\":2,\"name\":\"Colapinto rompi\u00f3 en llanto luego del GP de Italia: \u201cEra una gran oportunidad\u201d\"}]},{\"@type\":\"WebSite\",\"@id\":\"https:\\\/\\\/diariotextual.com\\\/inicio\\\/#website\",\"url\":\"https:\\\/\\\/diariotextual.com\\\/inicio\\\/\",\"name\":\"Diario Textual\",\"description\":\"\",\"publisher\":{\"@id\":\"https:\\\/\\\/diariotextual.com\\\/inicio\\\/#organization\"},\"potentialAction\":[{\"@type\":\"SearchAction\",\"target\":{\"@type\":\"EntryPoint\",\"urlTemplate\":\"https:\\\/\\\/diariotextual.com\\\/inicio\\\/?s={search_term_string}\"},\"query-input\":{\"@type\":\"PropertyValueSpecification\",\"valueRequired\":true,\"valueName\":\"search_term_string\"}}],\"inLanguage\":\"es\"},{\"@type\":\"Organization\",\"@id\":\"https:\\\/\\\/diariotextual.com\\\/inicio\\\/#organization\",\"name\":\"Diario Textual\",\"url\":\"https:\\\/\\\/diariotextual.com\\\/inicio\\\/\",\"logo\":{\"@type\":\"ImageObject\",\"inLanguage\":\"es\",\"@id\":\"https:\\\/\\\/diariotextual.com\\\/inicio\\\/#\\\/schema\\\/logo\\\/image\\\/\",\"url\":\"https:\\\/\\\/diariotextual.com\\\/inicio\\\/wp-content\\\/uploads\\\/2023\\\/05\\\/logotextual1.jpg\",\"contentUrl\":\"https:\\\/\\\/diariotextual.com\\\/inicio\\\/wp-content\\\/uploads\\\/2023\\\/05\\\/logotextual1.jpg\",\"width\":516,\"height\":76,\"caption\":\"Diario Textual\"},\"image\":{\"@id\":\"https:\\\/\\\/diariotextual.com\\\/inicio\\\/#\\\/schema\\\/logo\\\/image\\\/\"},\"sameAs\":[\"https:\\\/\\\/www.facebook.com\\\/eltextual\",\"https:\\\/\\\/x.com\\\/eltextual\",\"http:\\\/\\\/www.instagram.com\\\/eltextual\"]},{\"@type\":\"Person\",\"@id\":\"https:\\\/\\\/diariotextual.com\\\/inicio\\\/#\\\/schema\\\/person\\\/418fc4093c33e86ed41562db3508f958\",\"name\":\"Diario1 Diario1\",\"image\":{\"@type\":\"ImageObject\",\"inLanguage\":\"es\",\"@id\":\"https:\\\/\\\/secure.gravatar.com\\\/avatar\\\/9167d280179c85bc18be67aa7eda765854300033af4896dd779b608640f2ef7a?s=96&d=mm&r=g\",\"url\":\"https:\\\/\\\/secure.gravatar.com\\\/avatar\\\/9167d280179c85bc18be67aa7eda765854300033af4896dd779b608640f2ef7a?s=96&d=mm&r=g\",\"contentUrl\":\"https:\\\/\\\/secure.gravatar.com\\\/avatar\\\/9167d280179c85bc18be67aa7eda765854300033af4896dd779b608640f2ef7a?s=96&d=mm&r=g\",\"caption\":\"Diario1 Diario1\"},\"url\":\"https:\\\/\\\/diariotextual.com\\\/inicio\\\/index.php\\\/author\\\/diario1\\\/\"}]}<\/script>\n<!-- \/ Yoast SEO plugin. -->","yoast_head_json":{"title":"Colapinto rompi\u00f3 en llanto luego del GP de Italia: \u201cEra una gran oportunidad\u201d - Diario Textual","robots":{"index":"index","follow":"follow","max-snippet":"max-snippet:-1","max-image-preview":"max-image-preview:large","max-video-preview":"max-video-preview:-1"},"canonical":"https:\/\/diariotextual.com\/inicio\/index.php\/2026\/09\/06\/colapinto-rompio-en-llanto-luego-del-gp-de-italia-era-una-gran-oportunidad\/","og_locale":"es_ES","og_type":"article","og_title":"Colapinto rompi\u00f3 en llanto luego del GP de Italia: \u201cEra una gran oportunidad\u201d - Diario Textual","og_description":"Franco Colapinto no pudo ocultar su frustraci\u00f3n despu\u00e9s del Gran Premio de Italia de F\u00f3rmula 1. El piloto de Alpine tuvo un comienzo destacado, avanz\u00f3 desde el s\u00e9ptimo puesto hasta&hellip;","og_url":"https:\/\/diariotextual.com\/inicio\/index.php\/2026\/09\/06\/colapinto-rompio-en-llanto-luego-del-gp-de-italia-era-una-gran-oportunidad\/","og_site_name":"Diario Textual","article_publisher":"https:\/\/www.facebook.com\/eltextual","article_published_time":"2026-09-06T16:12:22+00:00","article_modified_time":"2026-09-06T16:14:23+00:00","og_image":[{"width":1300,"height":929,"url":"https:\/\/diariotextual.com\/inicio\/wp-content\/uploads\/2026\/05\/colapintofranco2026-81.jpg","type":"image\/jpeg"}],"author":"Diario1 Diario1","twitter_card":"summary_large_image","twitter_creator":"@eltextual","twitter_site":"@eltextual","twitter_misc":{"Escrito por":"Diario1 Diario1","Tiempo de lectura":"2 minutos"},"schema":{"@context":"https:\/\/schema.org","@graph":[{"@type":"Article","@id":"https:\/\/diariotextual.com\/inicio\/index.php\/2026\/09\/06\/colapinto-rompio-en-llanto-luego-del-gp-de-italia-era-una-gran-oportunidad\/#article","isPartOf":{"@id":"https:\/\/diariotextual.com\/inicio\/index.php\/2026\/09\/06\/colapinto-rompio-en-llanto-luego-del-gp-de-italia-era-una-gran-oportunidad\/"},"author":{"name":"Diario1 Diario1","@id":"https:\/\/diariotextual.com\/inicio\/#\/schema\/person\/418fc4093c33e86ed41562db3508f958"},"headline":"Colapinto rompi\u00f3 en llanto luego del GP de Italia: \u201cEra una gran oportunidad\u201d","datePublished":"2026-09-06T16:12:22+00:00","dateModified":"2026-09-06T16:14:23+00:00","mainEntityOfPage":{"@id":"https:\/\/diariotextual.com\/inicio\/index.php\/2026\/09\/06\/colapinto-rompio-en-llanto-luego-del-gp-de-italia-era-una-gran-oportunidad\/"},"wordCount":392,"publisher":{"@id":"https:\/\/diariotextual.com\/inicio\/#organization"},"image":{"@id":"https:\/\/diariotextual.com\/inicio\/index.php\/2026\/09\/06\/colapinto-rompio-en-llanto-luego-del-gp-de-italia-era-una-gran-oportunidad\/#primaryimage"},"thumbnailUrl":"https:\/\/diariotextual.com\/inicio\/wp-content\/uploads\/2026\/05\/colapintofranco2026-81.jpg","articleSection":["A - ES NOTICIA (van abajo)","DEPORTES"],"inLanguage":"es"},{"@type":"WebPage","@id":"https:\/\/diariotextual.com\/inicio\/index.php\/2026\/09\/06\/colapinto-rompio-en-llanto-luego-del-gp-de-italia-era-una-gran-oportunidad\/","url":"https:\/\/diariotextual.com\/inicio\/index.php\/2026\/09\/06\/colapinto-rompio-en-llanto-luego-del-gp-de-italia-era-una-gran-oportunidad\/","name":"Colapinto rompi\u00f3 en llanto luego del GP de Italia: \u201cEra una gran oportunidad\u201d - Diario Textual","isPartOf":{"@id":"https:\/\/diariotextual.com\/inicio\/#website"},"primaryImageOfPage":{"@id":"https:\/\/diariotextual.com\/inicio\/index.php\/2026\/09\/06\/colapinto-rompio-en-llanto-luego-del-gp-de-italia-era-una-gran-oportunidad\/#primaryimage"},"image":{"@id":"https:\/\/diariotextual.com\/inicio\/index.php\/2026\/09\/06\/colapinto-rompio-en-llanto-luego-del-gp-de-italia-era-una-gran-oportunidad\/#primaryimage"},"thumbnailUrl":"https:\/\/diariotextual.com\/inicio\/wp-content\/uploads\/2026\/05\/colapintofranco2026-81.jpg","datePublished":"2026-09-06T16:12:22+00:00","dateModified":"2026-09-06T16:14:23+00:00","breadcrumb":{"@id":"https:\/\/diariotextual.com\/inicio\/index.php\/2026\/09\/06\/colapinto-rompio-en-llanto-luego-del-gp-de-italia-era-una-gran-oportunidad\/#breadcrumb"},"inLanguage":"es","potentialAction":[{"@type":"ReadAction","target":["https:\/\/diariotextual.com\/inicio\/index.php\/2026\/09\/06\/colapinto-rompio-en-llanto-luego-del-gp-de-italia-era-una-gran-oportunidad\/"]}]},{"@type":"ImageObject","inLanguage":"es","@id":"https:\/\/diariotextual.com\/inicio\/index.php\/2026\/09\/06\/colapinto-rompio-en-llanto-luego-del-gp-de-italia-era-una-gran-oportunidad\/#primaryimage","url":"https:\/\/diariotextual.com\/inicio\/wp-content\/uploads\/2026\/05\/colapintofranco2026-81.jpg","contentUrl":"https:\/\/diariotextual.com\/inicio\/wp-content\/uploads\/2026\/05\/colapintofranco2026-81.jpg","width":1300,"height":929},{"@type":"BreadcrumbList","@id":"https:\/\/diariotextual.com\/inicio\/index.php\/2026\/09\/06\/colapinto-rompio-en-llanto-luego-del-gp-de-italia-era-una-gran-oportunidad\/#breadcrumb","itemListElement":[{"@type":"ListItem","position":1,"name":"Portada","item":"https:\/\/diariotextual.com\/inicio\/"},{"@type":"ListItem","position":2,"name":"Colapinto rompi\u00f3 en llanto luego del GP de Italia: \u201cEra una gran oportunidad\u201d"}]},{"@type":"WebSite","@id":"https:\/\/diariotextual.com\/inicio\/#website","url":"https:\/\/diariotextual.com\/inicio\/","name":"Diario Textual","description":"","publisher":{"@id":"https:\/\/diariotextual.com\/inicio\/#organization"},"potentialAction":[{"@type":"SearchAction","target":{"@type":"EntryPoint","urlTemplate":"https:\/\/diariotextual.com\/inicio\/?s={search_term_string}"},"query-input":{"@type":"PropertyValueSpecification","valueRequired":true,"valueName":"search_term_string"}}],"inLanguage":"es"},{"@type":"Organization","@id":"https:\/\/diariotextual.com\/inicio\/#organization","name":"Diario Textual","url":"https:\/\/diariotextual.com\/inicio\/","logo":{"@type":"ImageObject","inLanguage":"es","@id":"https:\/\/diariotextual.com\/inicio\/#\/schema\/logo\/image\/","url":"https:\/\/diariotextual.com\/inicio\/wp-content\/uploads\/2023\/05\/logotextual1.jpg","contentUrl":"https:\/\/diariotextual.com\/inicio\/wp-content\/uploads\/2023\/05\/logotextual1.jpg","width":516,"height":76,"caption":"Diario Textual"},"image":{"@id":"https:\/\/diariotextual.com\/inicio\/#\/schema\/logo\/image\/"},"sameAs":["https:\/\/www.facebook.com\/eltextual","https:\/\/x.com\/eltextual","http:\/\/www.instagram.com\/eltextual"]},{"@type":"Person","@id":"https:\/\/diariotextual.com\/inicio\/#\/schema\/person\/418fc4093c33e86ed41562db3508f958","name":"Diario1 Diario1","image":{"@type":"ImageObject","inLanguage":"es","@id":"https:\/\/secure.gravatar.com\/avatar\/9167d280179c85bc18be67aa7eda765854300033af4896dd779b608640f2ef7a?s=96&d=mm&r=g","url":"https:\/\/secure.gravatar.com\/avatar\/9167d280179c85bc18be67aa7eda765854300033af4896dd779b608640f2ef7a?s=96&d=mm&r=g","contentUrl":"https:\/\/secure.gravatar.com\/avatar\/9167d280179c85bc18be67aa7eda765854300033af4896dd779b608640f2ef7a?s=96&d=mm&r=g","caption":"Diario1 Diario1"},"url":"https:\/\/diariotextual.com\/inicio\/index.php\/author\/diario1\/"}]}},"_links":{"self":[{"href":"https:\/\/diariotextual.com\/inicio\/index.php\/wp-json\/wp\/v2\/posts\/334631","targetHints":{"allow":["GET"]}}],"collection":[{"href":"https:\/\/diariotextual.com\/inicio\/index.php\/wp-json\/wp\/v2\/posts"}],"about":[{"href":"https:\/\/diariotextual.com\/inicio\/index.php\/wp-json\/wp\/v2\/types\/post"}],"author":[{"embeddable":true,"href":"https:\/\/diariotextual.com\/inicio\/index.php\/wp-json\/wp\/v2\/users\/3"}],"replies":[{"embeddable":true,"href":"https:\/\/diariotextual.com\/inicio\/index.php\/wp-json\/wp\/v2\/comments?post=334631"}],"version-history":[{"count":3,"href":"https:\/\/diariotextual.com\/inicio\/index.php\/wp-json\/wp\/v2\/posts\/334631\/revisions"}],"predecessor-version":[{"id":334634,"href":"https:\/\/diariotextual.com\/inicio\/index.php\/wp-json\/wp\/v2\/posts\/334631\/revisions\/334634"}],"wp:featuredmedia":[{"embeddable":true,"href":"https:\/\/diariotextual.com\/inicio\/index.php\/wp-json\/wp\/v2\/media\/326196"}],"wp:attachment":[{"href":"https:\/\/diariotextual.com\/inicio\/index.php\/wp-json\/wp\/v2\/media?parent=334631"}],"wp:term":[{"taxonomy":"category","embeddable":true,"href":"https:\/\/diariotextual.com\/inicio\/index.php\/wp-json\/wp\/v2\/categories?post=334631"},{"taxonomy":"post_tag","embeddable":true,"href":"https:\/\/diariotextual.com\/inicio\/index.php\/wp-json\/wp\/v2\/tags?post=334631"}],"curies":[{"name":"wp","href":"https:\/\/api.w.org\/{rel}","templated":true}]}}