{"id":34022,"date":"2019-01-11T21:03:32","date_gmt":"2019-01-12T00:03:32","guid":{"rendered":"http:\/\/diariotextual.com\/inicio\/?p=34022"},"modified":"2019-01-11T21:03:32","modified_gmt":"2019-01-12T00:03:32","slug":"murieron-dos-turistas-argentinas-siniestro-vial-cuba","status":"publish","type":"post","link":"https:\/\/diariotextual.com\/inicio\/index.php\/2019\/01\/11\/murieron-dos-turistas-argentinas-siniestro-vial-cuba\/","title":{"rendered":"Murieron dos turistas argentinas en un siniestro vial en Cuba"},"content":{"rendered":"<p>Dos turistas argentinas murieron en las \u00faltimas horas en Cuba, en un accidente de \u00f3mnibus ocurrido a la altura del kil\u00f3metro 25 de la carretera Guant\u00e1namo-Baracoa, al este de la Isla, donde tambi\u00e9n perdieron la vida otras cinco personas y 33 resultaron heridas, seg\u00fan informaron medios locales.<\/p>\n<p>El hecho, en el que fallecieron las argentinas Roxana Lauseda G\u00f3mez y Nadia Carolina Flores, ambas de 35 a\u00f1os, ocurri\u00f3 este jueves en una pendiente conocida como Loma Herradura.<\/p>\n<p>Al parecer el accidente se produjo cuando el conductor de un micro de la empresa V\u00eda Azul, que trasportaba 40 pasajeros desde Baracoa hacia La Habana, perdi\u00f3 el control del veh\u00edculo al intentar adelantarse a otro, seg\u00fan refirieron testigos del accidente citados por la estatal Agencia Cubana de Noticias (ACN).<\/p>\n<p>El vocero de prensa del hospital Agostinho Neto inform\u00f3 que \u201cal centro m\u00e9dico guantanamero llegaron 33 lesionados, de ellos dos ni\u00f1os\u201d que fueron derivados al \u201chospital Pedi\u00e1trico Pedro A. P\u00e9rez\u201d y que se encuentran \u201cestables\u201d, seg\u00fan consign\u00f3 el portal cubano Juventud Rebelde.<\/p>\n<p>Entre los heridos figuran otros dos argentinos, Daniela Mateuchi (29 a\u00f1os) y Constantino Ziekeridis (27 a\u00f1os), quienes estar\u00edan sin riesgo de vida.<\/p>\n<p>El diario El Nuevo D\u00eda public\u00f3 el testimonio de un estudiante de medicina argentino, Fabricio Godoy, de 24 a\u00f1os, quien narr\u00f3 que estaba \u201cmedio dormido\u201d y se despert\u00f3 \u201cconfundido por los gritos de los dem\u00e1s pasajeros\u201d. All\u00ed vio c\u00f3mo el \u00f3mnibus perd\u00eda el control: \u201cEstaba muy resbaladizo el asfalto y se volc\u00f3 hacia el lado izquierdo, y en ese momento \u2018vol\u00f3\u2019 la gente\u201d. \u00c9l, sin embargo, sali\u00f3 caminando, sin ning\u00fan golpe.<\/p>\n","protected":false},"excerpt":{"rendered":"<p>Dos turistas argentinas murieron en las \u00faltimas horas en Cuba, en un accidente de \u00f3mnibus ocurrido a la altura del kil\u00f3metro 25 de la carretera Guant\u00e1namo-Baracoa, al este de la&hellip;<\/p>\n","protected":false},"author":3,"featured_media":0,"comment_status":"closed","ping_status":"open","sticky":false,"template":"","format":"standard","meta":{"_acf_changed":false,"footnotes":""},"categories":[11,7],"tags":[],"class_list":["post-34022","post","type-post","status-publish","format-standard","hentry","category-que-pasa","category-mundo"],"acf":[],"yoast_head":"<!-- This site is optimized with the Yoast SEO plugin v27.5 - https:\/\/yoast.com\/product\/yoast-seo-wordpress\/ -->\n<title>Murieron dos turistas argentinas en un siniestro vial en Cuba - Diario Textual<\/title>\n<meta name=\"robots\" content=\"index, follow, max-snippet:-1, max-image-preview:large, max-video-preview:-1\" \/>\n<link rel=\"canonical\" href=\"https:\/\/diariotextual.com\/inicio\/index.php\/2019\/01\/11\/murieron-dos-turistas-argentinas-siniestro-vial-cuba\/\" \/>\n<meta property=\"og:locale\" content=\"es_ES\" \/>\n<meta property=\"og:type\" content=\"article\" \/>\n<meta property=\"og:title\" content=\"Murieron dos turistas argentinas en un siniestro vial en Cuba - Diario Textual\" \/>\n<meta property=\"og:description\" content=\"Dos turistas argentinas murieron en las \u00faltimas horas en Cuba, en un accidente de \u00f3mnibus ocurrido a la altura del kil\u00f3metro 25 de la carretera Guant\u00e1namo-Baracoa, al este de la&hellip;\" \/>\n<meta property=\"og:url\" content=\"https:\/\/diariotextual.com\/inicio\/index.php\/2019\/01\/11\/murieron-dos-turistas-argentinas-siniestro-vial-cuba\/\" \/>\n<meta property=\"og:site_name\" content=\"Diario Textual\" \/>\n<meta property=\"article:publisher\" content=\"https:\/\/www.facebook.com\/eltextual\" \/>\n<meta property=\"article:published_time\" content=\"2019-01-12T00:03:32+00:00\" \/>\n<meta name=\"author\" content=\"Diario1 Diario1\" \/>\n<meta name=\"twitter:card\" content=\"summary_large_image\" \/>\n<meta name=\"twitter:creator\" content=\"@eltextual\" \/>\n<meta name=\"twitter:site\" content=\"@eltextual\" \/>\n<meta name=\"twitter:label1\" content=\"Escrito por\" \/>\n\t<meta name=\"twitter:data1\" content=\"Diario1 Diario1\" \/>\n\t<meta name=\"twitter:label2\" content=\"Tiempo de lectura\" \/>\n\t<meta name=\"twitter:data2\" content=\"1 minuto\" \/>\n<script type=\"application\/ld+json\" class=\"yoast-schema-graph\">{\"@context\":\"https:\\\/\\\/schema.org\",\"@graph\":[{\"@type\":\"Article\",\"@id\":\"https:\\\/\\\/diariotextual.com\\\/inicio\\\/index.php\\\/2019\\\/01\\\/11\\\/murieron-dos-turistas-argentinas-siniestro-vial-cuba\\\/#article\",\"isPartOf\":{\"@id\":\"https:\\\/\\\/diariotextual.com\\\/inicio\\\/index.php\\\/2019\\\/01\\\/11\\\/murieron-dos-turistas-argentinas-siniestro-vial-cuba\\\/\"},\"author\":{\"name\":\"Diario1 Diario1\",\"@id\":\"https:\\\/\\\/diariotextual.com\\\/inicio\\\/#\\\/schema\\\/person\\\/418fc4093c33e86ed41562db3508f958\"},\"headline\":\"Murieron dos turistas argentinas en un siniestro vial en Cuba\",\"datePublished\":\"2019-01-12T00:03:32+00:00\",\"mainEntityOfPage\":{\"@id\":\"https:\\\/\\\/diariotextual.com\\\/inicio\\\/index.php\\\/2019\\\/01\\\/11\\\/murieron-dos-turistas-argentinas-siniestro-vial-cuba\\\/\"},\"wordCount\":286,\"publisher\":{\"@id\":\"https:\\\/\\\/diariotextual.com\\\/inicio\\\/#organization\"},\"articleSection\":[\"A - QUE PASA (al costado)\",\"MUNDO\"],\"inLanguage\":\"es\"},{\"@type\":\"WebPage\",\"@id\":\"https:\\\/\\\/diariotextual.com\\\/inicio\\\/index.php\\\/2019\\\/01\\\/11\\\/murieron-dos-turistas-argentinas-siniestro-vial-cuba\\\/\",\"url\":\"https:\\\/\\\/diariotextual.com\\\/inicio\\\/index.php\\\/2019\\\/01\\\/11\\\/murieron-dos-turistas-argentinas-siniestro-vial-cuba\\\/\",\"name\":\"Murieron dos turistas argentinas en un siniestro vial en Cuba - Diario Textual\",\"isPartOf\":{\"@id\":\"https:\\\/\\\/diariotextual.com\\\/inicio\\\/#website\"},\"datePublished\":\"2019-01-12T00:03:32+00:00\",\"breadcrumb\":{\"@id\":\"https:\\\/\\\/diariotextual.com\\\/inicio\\\/index.php\\\/2019\\\/01\\\/11\\\/murieron-dos-turistas-argentinas-siniestro-vial-cuba\\\/#breadcrumb\"},\"inLanguage\":\"es\",\"potentialAction\":[{\"@type\":\"ReadAction\",\"target\":[\"https:\\\/\\\/diariotextual.com\\\/inicio\\\/index.php\\\/2019\\\/01\\\/11\\\/murieron-dos-turistas-argentinas-siniestro-vial-cuba\\\/\"]}]},{\"@type\":\"BreadcrumbList\",\"@id\":\"https:\\\/\\\/diariotextual.com\\\/inicio\\\/index.php\\\/2019\\\/01\\\/11\\\/murieron-dos-turistas-argentinas-siniestro-vial-cuba\\\/#breadcrumb\",\"itemListElement\":[{\"@type\":\"ListItem\",\"position\":1,\"name\":\"Portada\",\"item\":\"https:\\\/\\\/diariotextual.com\\\/inicio\\\/\"},{\"@type\":\"ListItem\",\"position\":2,\"name\":\"Murieron dos turistas argentinas en un siniestro vial en Cuba\"}]},{\"@type\":\"WebSite\",\"@id\":\"https:\\\/\\\/diariotextual.com\\\/inicio\\\/#website\",\"url\":\"https:\\\/\\\/diariotextual.com\\\/inicio\\\/\",\"name\":\"Diario Textual\",\"description\":\"\",\"publisher\":{\"@id\":\"https:\\\/\\\/diariotextual.com\\\/inicio\\\/#organization\"},\"potentialAction\":[{\"@type\":\"SearchAction\",\"target\":{\"@type\":\"EntryPoint\",\"urlTemplate\":\"https:\\\/\\\/diariotextual.com\\\/inicio\\\/?s={search_term_string}\"},\"query-input\":{\"@type\":\"PropertyValueSpecification\",\"valueRequired\":true,\"valueName\":\"search_term_string\"}}],\"inLanguage\":\"es\"},{\"@type\":\"Organization\",\"@id\":\"https:\\\/\\\/diariotextual.com\\\/inicio\\\/#organization\",\"name\":\"Diario Textual\",\"url\":\"https:\\\/\\\/diariotextual.com\\\/inicio\\\/\",\"logo\":{\"@type\":\"ImageObject\",\"inLanguage\":\"es\",\"@id\":\"https:\\\/\\\/diariotextual.com\\\/inicio\\\/#\\\/schema\\\/logo\\\/image\\\/\",\"url\":\"https:\\\/\\\/diariotextual.com\\\/inicio\\\/wp-content\\\/uploads\\\/2023\\\/05\\\/logotextual1.jpg\",\"contentUrl\":\"https:\\\/\\\/diariotextual.com\\\/inicio\\\/wp-content\\\/uploads\\\/2023\\\/05\\\/logotextual1.jpg\",\"width\":516,\"height\":76,\"caption\":\"Diario Textual\"},\"image\":{\"@id\":\"https:\\\/\\\/diariotextual.com\\\/inicio\\\/#\\\/schema\\\/logo\\\/image\\\/\"},\"sameAs\":[\"https:\\\/\\\/www.facebook.com\\\/eltextual\",\"https:\\\/\\\/x.com\\\/eltextual\",\"http:\\\/\\\/www.instagram.com\\\/eltextual\"]},{\"@type\":\"Person\",\"@id\":\"https:\\\/\\\/diariotextual.com\\\/inicio\\\/#\\\/schema\\\/person\\\/418fc4093c33e86ed41562db3508f958\",\"name\":\"Diario1 Diario1\",\"image\":{\"@type\":\"ImageObject\",\"inLanguage\":\"es\",\"@id\":\"https:\\\/\\\/secure.gravatar.com\\\/avatar\\\/9167d280179c85bc18be67aa7eda765854300033af4896dd779b608640f2ef7a?s=96&d=mm&r=g\",\"url\":\"https:\\\/\\\/secure.gravatar.com\\\/avatar\\\/9167d280179c85bc18be67aa7eda765854300033af4896dd779b608640f2ef7a?s=96&d=mm&r=g\",\"contentUrl\":\"https:\\\/\\\/secure.gravatar.com\\\/avatar\\\/9167d280179c85bc18be67aa7eda765854300033af4896dd779b608640f2ef7a?s=96&d=mm&r=g\",\"caption\":\"Diario1 Diario1\"},\"url\":\"https:\\\/\\\/diariotextual.com\\\/inicio\\\/index.php\\\/author\\\/diario1\\\/\"}]}<\/script>\n<!-- \/ Yoast SEO plugin. -->","yoast_head_json":{"title":"Murieron dos turistas argentinas en un siniestro vial en Cuba - Diario Textual","robots":{"index":"index","follow":"follow","max-snippet":"max-snippet:-1","max-image-preview":"max-image-preview:large","max-video-preview":"max-video-preview:-1"},"canonical":"https:\/\/diariotextual.com\/inicio\/index.php\/2019\/01\/11\/murieron-dos-turistas-argentinas-siniestro-vial-cuba\/","og_locale":"es_ES","og_type":"article","og_title":"Murieron dos turistas argentinas en un siniestro vial en Cuba - Diario Textual","og_description":"Dos turistas argentinas murieron en las \u00faltimas horas en Cuba, en un accidente de \u00f3mnibus ocurrido a la altura del kil\u00f3metro 25 de la carretera Guant\u00e1namo-Baracoa, al este de la&hellip;","og_url":"https:\/\/diariotextual.com\/inicio\/index.php\/2019\/01\/11\/murieron-dos-turistas-argentinas-siniestro-vial-cuba\/","og_site_name":"Diario Textual","article_publisher":"https:\/\/www.facebook.com\/eltextual","article_published_time":"2019-01-12T00:03:32+00:00","author":"Diario1 Diario1","twitter_card":"summary_large_image","twitter_creator":"@eltextual","twitter_site":"@eltextual","twitter_misc":{"Escrito por":"Diario1 Diario1","Tiempo de lectura":"1 minuto"},"schema":{"@context":"https:\/\/schema.org","@graph":[{"@type":"Article","@id":"https:\/\/diariotextual.com\/inicio\/index.php\/2019\/01\/11\/murieron-dos-turistas-argentinas-siniestro-vial-cuba\/#article","isPartOf":{"@id":"https:\/\/diariotextual.com\/inicio\/index.php\/2019\/01\/11\/murieron-dos-turistas-argentinas-siniestro-vial-cuba\/"},"author":{"name":"Diario1 Diario1","@id":"https:\/\/diariotextual.com\/inicio\/#\/schema\/person\/418fc4093c33e86ed41562db3508f958"},"headline":"Murieron dos turistas argentinas en un siniestro vial en Cuba","datePublished":"2019-01-12T00:03:32+00:00","mainEntityOfPage":{"@id":"https:\/\/diariotextual.com\/inicio\/index.php\/2019\/01\/11\/murieron-dos-turistas-argentinas-siniestro-vial-cuba\/"},"wordCount":286,"publisher":{"@id":"https:\/\/diariotextual.com\/inicio\/#organization"},"articleSection":["A - QUE PASA (al costado)","MUNDO"],"inLanguage":"es"},{"@type":"WebPage","@id":"https:\/\/diariotextual.com\/inicio\/index.php\/2019\/01\/11\/murieron-dos-turistas-argentinas-siniestro-vial-cuba\/","url":"https:\/\/diariotextual.com\/inicio\/index.php\/2019\/01\/11\/murieron-dos-turistas-argentinas-siniestro-vial-cuba\/","name":"Murieron dos turistas argentinas en un siniestro vial en Cuba - Diario Textual","isPartOf":{"@id":"https:\/\/diariotextual.com\/inicio\/#website"},"datePublished":"2019-01-12T00:03:32+00:00","breadcrumb":{"@id":"https:\/\/diariotextual.com\/inicio\/index.php\/2019\/01\/11\/murieron-dos-turistas-argentinas-siniestro-vial-cuba\/#breadcrumb"},"inLanguage":"es","potentialAction":[{"@type":"ReadAction","target":["https:\/\/diariotextual.com\/inicio\/index.php\/2019\/01\/11\/murieron-dos-turistas-argentinas-siniestro-vial-cuba\/"]}]},{"@type":"BreadcrumbList","@id":"https:\/\/diariotextual.com\/inicio\/index.php\/2019\/01\/11\/murieron-dos-turistas-argentinas-siniestro-vial-cuba\/#breadcrumb","itemListElement":[{"@type":"ListItem","position":1,"name":"Portada","item":"https:\/\/diariotextual.com\/inicio\/"},{"@type":"ListItem","position":2,"name":"Murieron dos turistas argentinas en un siniestro vial en Cuba"}]},{"@type":"WebSite","@id":"https:\/\/diariotextual.com\/inicio\/#website","url":"https:\/\/diariotextual.com\/inicio\/","name":"Diario Textual","description":"","publisher":{"@id":"https:\/\/diariotextual.com\/inicio\/#organization"},"potentialAction":[{"@type":"SearchAction","target":{"@type":"EntryPoint","urlTemplate":"https:\/\/diariotextual.com\/inicio\/?s={search_term_string}"},"query-input":{"@type":"PropertyValueSpecification","valueRequired":true,"valueName":"search_term_string"}}],"inLanguage":"es"},{"@type":"Organization","@id":"https:\/\/diariotextual.com\/inicio\/#organization","name":"Diario Textual","url":"https:\/\/diariotextual.com\/inicio\/","logo":{"@type":"ImageObject","inLanguage":"es","@id":"https:\/\/diariotextual.com\/inicio\/#\/schema\/logo\/image\/","url":"https:\/\/diariotextual.com\/inicio\/wp-content\/uploads\/2023\/05\/logotextual1.jpg","contentUrl":"https:\/\/diariotextual.com\/inicio\/wp-content\/uploads\/2023\/05\/logotextual1.jpg","width":516,"height":76,"caption":"Diario Textual"},"image":{"@id":"https:\/\/diariotextual.com\/inicio\/#\/schema\/logo\/image\/"},"sameAs":["https:\/\/www.facebook.com\/eltextual","https:\/\/x.com\/eltextual","http:\/\/www.instagram.com\/eltextual"]},{"@type":"Person","@id":"https:\/\/diariotextual.com\/inicio\/#\/schema\/person\/418fc4093c33e86ed41562db3508f958","name":"Diario1 Diario1","image":{"@type":"ImageObject","inLanguage":"es","@id":"https:\/\/secure.gravatar.com\/avatar\/9167d280179c85bc18be67aa7eda765854300033af4896dd779b608640f2ef7a?s=96&d=mm&r=g","url":"https:\/\/secure.gravatar.com\/avatar\/9167d280179c85bc18be67aa7eda765854300033af4896dd779b608640f2ef7a?s=96&d=mm&r=g","contentUrl":"https:\/\/secure.gravatar.com\/avatar\/9167d280179c85bc18be67aa7eda765854300033af4896dd779b608640f2ef7a?s=96&d=mm&r=g","caption":"Diario1 Diario1"},"url":"https:\/\/diariotextual.com\/inicio\/index.php\/author\/diario1\/"}]}},"_links":{"self":[{"href":"https:\/\/diariotextual.com\/inicio\/index.php\/wp-json\/wp\/v2\/posts\/34022","targetHints":{"allow":["GET"]}}],"collection":[{"href":"https:\/\/diariotextual.com\/inicio\/index.php\/wp-json\/wp\/v2\/posts"}],"about":[{"href":"https:\/\/diariotextual.com\/inicio\/index.php\/wp-json\/wp\/v2\/types\/post"}],"author":[{"embeddable":true,"href":"https:\/\/diariotextual.com\/inicio\/index.php\/wp-json\/wp\/v2\/users\/3"}],"replies":[{"embeddable":true,"href":"https:\/\/diariotextual.com\/inicio\/index.php\/wp-json\/wp\/v2\/comments?post=34022"}],"version-history":[{"count":1,"href":"https:\/\/diariotextual.com\/inicio\/index.php\/wp-json\/wp\/v2\/posts\/34022\/revisions"}],"predecessor-version":[{"id":34023,"href":"https:\/\/diariotextual.com\/inicio\/index.php\/wp-json\/wp\/v2\/posts\/34022\/revisions\/34023"}],"wp:attachment":[{"href":"https:\/\/diariotextual.com\/inicio\/index.php\/wp-json\/wp\/v2\/media?parent=34022"}],"wp:term":[{"taxonomy":"category","embeddable":true,"href":"https:\/\/diariotextual.com\/inicio\/index.php\/wp-json\/wp\/v2\/categories?post=34022"},{"taxonomy":"post_tag","embeddable":true,"href":"https:\/\/diariotextual.com\/inicio\/index.php\/wp-json\/wp\/v2\/tags?post=34022"}],"curies":[{"name":"wp","href":"https:\/\/api.w.org\/{rel}","templated":true}]}}