{"id":3405,"date":"2018-03-31T00:10:43","date_gmt":"2018-03-31T00:10:43","guid":{"rendered":"http:\/\/diariotextual.com\/inicio\/?p=3405"},"modified":"2018-03-31T14:23:49","modified_gmt":"2018-03-31T14:23:49","slug":"represion-israeli-quince-palestinos-muertos-mas-mil-heridos","status":"publish","type":"post","link":"https:\/\/diariotextual.com\/inicio\/index.php\/2018\/03\/31\/represion-israeli-quince-palestinos-muertos-mas-mil-heridos\/","title":{"rendered":"Represi\u00f3n israel\u00ed: quince palestinos muertos y m\u00e1s de mil heridos"},"content":{"rendered":"<p>Quince palestinos, la mayor\u00eda de ellos j\u00f3venes, murieron este viernes en la Gran Marcha del Retorno organizada por Ham\u00e1s en cinco puntos de la frontera entre Gaza e Israel, una tensa protesta con enfrentamientos en la que hubo m\u00e1s de 1000 heridos.<\/p>\n<p><!--more--><img fetchpriority=\"high\" decoding=\"async\" class=\"alignnone size-full wp-image-3407\" src=\"http:\/\/diariotextual.com\/inicio\/wp-content\/uploads\/2018\/03\/palestinosm.jpg\" alt=\"\" width=\"600\" height=\"347\" srcset=\"https:\/\/diariotextual.com\/inicio\/wp-content\/uploads\/2018\/03\/palestinosm.jpg 600w, https:\/\/diariotextual.com\/inicio\/wp-content\/uploads\/2018\/03\/palestinosm-300x174.jpg 300w, https:\/\/diariotextual.com\/inicio\/wp-content\/uploads\/2018\/03\/palestinosm-585x338.jpg 585w\" sizes=\"(max-width: 600px) 100vw, 600px\" \/><\/p>\n<p>Un centenar de tiradores israel\u00edes apostados en el otro lado de la frontera control\u00f3 durante toda la jornada que los miles de palestinos que se manifestaban no se acercasen a la zona prohibida. Para evitarlo, emplearon gas lacrim\u00f3geno y otros medios de dispersi\u00f3n de masas, y tambi\u00e9n munici\u00f3n real.<\/p>\n<p>Seg\u00fan el Ej\u00e9rcito, 17.000 personas acudieron a la convocatoria de los islamistas, apoyada por otras facciones y por el presidente palestino Mahmud Ab\u00e1s, que los organizadores hab\u00edan asegurado que ser\u00eda pac\u00edfica, pero que en varios puntos deriv\u00f3 en lanzamiento de piedras y neum\u00e1ticos ardiendo que fue reprimido por los soldados.<\/p>\n<p><strong>Masiva<\/strong><\/p>\n<p>Observadores locales y testigos elevan a alrededor de 40.000 el n\u00famero de participantes, que fueron llegando a lo largo de la ma\u00f1ana a los principales puntos de convocatoria: Rafah y Kan Younis en el sur, El Bureij y este de Gaza capital en el centro, y Yabalia en la zona norte.<\/p>\n<p>Los manifestantes, ondeando banderas palestinas y cantando esl\u00f3ganes nacionalistas, se fueron acercando a la valla de seguridad que separa Gaza de Israel y superaron el l\u00edmite de seguridad de 700 metros de distancia que hab\u00edan programado los organizadores, con lo que la tensi\u00f3n fue en aumento.<\/p>\n<p>El Ej\u00e9rcito israel\u00ed asegur\u00f3 que lanzaron contra las tropas \u00abbombas incendiarias, piedras y neum\u00e1ticos en llamas\u00bb y que estas, en respuesta, \u00abusaron medios de dispersi\u00f3n y disparos contra los principales instigadores\u00bb.<\/p>\n<p>Ya a primeras horas de la ma\u00f1ana, un tanque israel\u00ed dispar\u00f3 sobre un palestino que estaba cerca de la valla caus\u00e1ndole la muerte. Seg\u00fan fuentes palestinas, se trataba de un agricultor que se acerc\u00f3 a sus tierras.<\/p>\n<p>M\u00e1s tarde, los enfrentamientos en la frontera fueron dejando un reguero de v\u00edctimas, que ascend\u00eda a media tarde a quince muertos y 1.100 heridos, incluidos varios cientos por inhalaci\u00f3n de gas lacrim\u00f3geno, seg\u00fan cifras del Ministerio de Salud palestino.<\/p>\n<p><strong>Marcha<\/strong><\/p>\n<p>Esta semana, los organizadores montaron grandes tiendas de campa\u00f1a a unos 700 metros de la frontera para la Gran Marcha del Retorno, con la intenci\u00f3n de iniciarla hoy y mantener la presencia de cientos de personas hasta el 15 de mayo, conmemoraci\u00f3n de la Nakba (Cat\u00e1strofe), que marca el inicio de la desposesi\u00f3n y exilio palestino tras la creaci\u00f3n del Estado de Israel, en 1948.<\/p>\n<p>Seg\u00fan la ONU, unos 1,3 millones de gazat\u00edes, de los dos millones que habitan la Franja, son refugiados o descendientes de refugiados.<\/p>\n<p>Esta marcha de protesta es, seg\u00fan el l\u00edder del ala pol\u00edtica de Ham\u00e1s, Ismail Haniye: \u201cUn mensaje al presidente estadounidense Donald Trump y a de todos los que apoyan su decisi\u00f3n de reconocer Jerusal\u00e9n como capital de Israel\u201d.<\/p>\n<p>El secretario general de la Organizaci\u00f3n para la Liberaci\u00f3n de Palestina (OLP), Saeb Erekat, expres\u00f3: \u00abLloramos a los m\u00e1rtires de nuestro gran pueblo y les decimos a sus familias que nuestro pueblo no se rendir\u00e1. La conciencia global deber\u00e1 reconocer que la historia est\u00e1 en \u00faltimo lugar de lado de los derechos de los pueblos, y la tierra es el coraz\u00f3n de estos\u00bb.<\/p>\n","protected":false},"excerpt":{"rendered":"<p>Quince palestinos, la mayor\u00eda de ellos j\u00f3venes, murieron este viernes en la Gran Marcha del Retorno organizada por Ham\u00e1s en cinco puntos de la frontera entre Gaza e Israel, una&hellip;<\/p>\n","protected":false},"author":3,"featured_media":3406,"comment_status":"open","ping_status":"open","sticky":false,"template":"","format":"standard","meta":{"_acf_changed":false,"footnotes":""},"categories":[11,7],"tags":[],"class_list":["post-3405","post","type-post","status-publish","format-standard","has-post-thumbnail","hentry","category-que-pasa","category-mundo"],"acf":[],"yoast_head":"<!-- This site is optimized with the Yoast SEO plugin v27.5 - https:\/\/yoast.com\/product\/yoast-seo-wordpress\/ -->\n<title>Represi\u00f3n israel\u00ed: quince palestinos muertos y m\u00e1s de mil heridos - Diario Textual<\/title>\n<meta name=\"robots\" content=\"index, follow, max-snippet:-1, max-image-preview:large, max-video-preview:-1\" \/>\n<link rel=\"canonical\" href=\"https:\/\/diariotextual.com\/inicio\/index.php\/2018\/03\/31\/represion-israeli-quince-palestinos-muertos-mas-mil-heridos\/\" \/>\n<meta property=\"og:locale\" content=\"es_ES\" \/>\n<meta property=\"og:type\" content=\"article\" \/>\n<meta property=\"og:title\" content=\"Represi\u00f3n israel\u00ed: quince palestinos muertos y m\u00e1s de mil heridos - Diario Textual\" \/>\n<meta property=\"og:description\" content=\"Quince palestinos, la mayor\u00eda de ellos j\u00f3venes, murieron este viernes en la Gran Marcha del Retorno organizada por Ham\u00e1s en cinco puntos de la frontera entre Gaza e Israel, una&hellip;\" \/>\n<meta property=\"og:url\" content=\"https:\/\/diariotextual.com\/inicio\/index.php\/2018\/03\/31\/represion-israeli-quince-palestinos-muertos-mas-mil-heridos\/\" \/>\n<meta property=\"og:site_name\" content=\"Diario Textual\" \/>\n<meta property=\"article:publisher\" content=\"https:\/\/www.facebook.com\/eltextual\" \/>\n<meta property=\"article:published_time\" content=\"2018-03-31T00:10:43+00:00\" \/>\n<meta property=\"article:modified_time\" content=\"2018-03-31T14:23:49+00:00\" \/>\n<meta property=\"og:image\" content=\"https:\/\/diariotextual.com\/inicio\/wp-content\/uploads\/2018\/03\/palestinosmuertos.jpg\" \/>\n\t<meta property=\"og:image:width\" content=\"600\" \/>\n\t<meta property=\"og:image:height\" content=\"338\" \/>\n\t<meta property=\"og:image:type\" content=\"image\/jpeg\" \/>\n<meta name=\"author\" content=\"Diario1 Diario1\" \/>\n<meta name=\"twitter:card\" content=\"summary_large_image\" \/>\n<meta name=\"twitter:creator\" content=\"@eltextual\" \/>\n<meta name=\"twitter:site\" content=\"@eltextual\" \/>\n<meta name=\"twitter:label1\" content=\"Escrito por\" \/>\n\t<meta name=\"twitter:data1\" content=\"Diario1 Diario1\" \/>\n\t<meta name=\"twitter:label2\" content=\"Tiempo de lectura\" \/>\n\t<meta name=\"twitter:data2\" content=\"3 minutos\" \/>\n<script type=\"application\/ld+json\" class=\"yoast-schema-graph\">{\"@context\":\"https:\\\/\\\/schema.org\",\"@graph\":[{\"@type\":\"Article\",\"@id\":\"https:\\\/\\\/diariotextual.com\\\/inicio\\\/index.php\\\/2018\\\/03\\\/31\\\/represion-israeli-quince-palestinos-muertos-mas-mil-heridos\\\/#article\",\"isPartOf\":{\"@id\":\"https:\\\/\\\/diariotextual.com\\\/inicio\\\/index.php\\\/2018\\\/03\\\/31\\\/represion-israeli-quince-palestinos-muertos-mas-mil-heridos\\\/\"},\"author\":{\"name\":\"Diario1 Diario1\",\"@id\":\"https:\\\/\\\/diariotextual.com\\\/inicio\\\/#\\\/schema\\\/person\\\/418fc4093c33e86ed41562db3508f958\"},\"headline\":\"Represi\u00f3n israel\u00ed: quince palestinos muertos y m\u00e1s de mil heridos\",\"datePublished\":\"2018-03-31T00:10:43+00:00\",\"dateModified\":\"2018-03-31T14:23:49+00:00\",\"mainEntityOfPage\":{\"@id\":\"https:\\\/\\\/diariotextual.com\\\/inicio\\\/index.php\\\/2018\\\/03\\\/31\\\/represion-israeli-quince-palestinos-muertos-mas-mil-heridos\\\/\"},\"wordCount\":590,\"commentCount\":0,\"publisher\":{\"@id\":\"https:\\\/\\\/diariotextual.com\\\/inicio\\\/#organization\"},\"image\":{\"@id\":\"https:\\\/\\\/diariotextual.com\\\/inicio\\\/index.php\\\/2018\\\/03\\\/31\\\/represion-israeli-quince-palestinos-muertos-mas-mil-heridos\\\/#primaryimage\"},\"thumbnailUrl\":\"https:\\\/\\\/diariotextual.com\\\/inicio\\\/wp-content\\\/uploads\\\/2018\\\/03\\\/palestinosmuertos.jpg\",\"articleSection\":[\"A - QUE PASA (al costado)\",\"MUNDO\"],\"inLanguage\":\"es\",\"potentialAction\":[{\"@type\":\"CommentAction\",\"name\":\"Comment\",\"target\":[\"https:\\\/\\\/diariotextual.com\\\/inicio\\\/index.php\\\/2018\\\/03\\\/31\\\/represion-israeli-quince-palestinos-muertos-mas-mil-heridos\\\/#respond\"]}]},{\"@type\":\"WebPage\",\"@id\":\"https:\\\/\\\/diariotextual.com\\\/inicio\\\/index.php\\\/2018\\\/03\\\/31\\\/represion-israeli-quince-palestinos-muertos-mas-mil-heridos\\\/\",\"url\":\"https:\\\/\\\/diariotextual.com\\\/inicio\\\/index.php\\\/2018\\\/03\\\/31\\\/represion-israeli-quince-palestinos-muertos-mas-mil-heridos\\\/\",\"name\":\"Represi\u00f3n israel\u00ed: quince palestinos muertos y m\u00e1s de mil heridos - Diario Textual\",\"isPartOf\":{\"@id\":\"https:\\\/\\\/diariotextual.com\\\/inicio\\\/#website\"},\"primaryImageOfPage\":{\"@id\":\"https:\\\/\\\/diariotextual.com\\\/inicio\\\/index.php\\\/2018\\\/03\\\/31\\\/represion-israeli-quince-palestinos-muertos-mas-mil-heridos\\\/#primaryimage\"},\"image\":{\"@id\":\"https:\\\/\\\/diariotextual.com\\\/inicio\\\/index.php\\\/2018\\\/03\\\/31\\\/represion-israeli-quince-palestinos-muertos-mas-mil-heridos\\\/#primaryimage\"},\"thumbnailUrl\":\"https:\\\/\\\/diariotextual.com\\\/inicio\\\/wp-content\\\/uploads\\\/2018\\\/03\\\/palestinosmuertos.jpg\",\"datePublished\":\"2018-03-31T00:10:43+00:00\",\"dateModified\":\"2018-03-31T14:23:49+00:00\",\"breadcrumb\":{\"@id\":\"https:\\\/\\\/diariotextual.com\\\/inicio\\\/index.php\\\/2018\\\/03\\\/31\\\/represion-israeli-quince-palestinos-muertos-mas-mil-heridos\\\/#breadcrumb\"},\"inLanguage\":\"es\",\"potentialAction\":[{\"@type\":\"ReadAction\",\"target\":[\"https:\\\/\\\/diariotextual.com\\\/inicio\\\/index.php\\\/2018\\\/03\\\/31\\\/represion-israeli-quince-palestinos-muertos-mas-mil-heridos\\\/\"]}]},{\"@type\":\"ImageObject\",\"inLanguage\":\"es\",\"@id\":\"https:\\\/\\\/diariotextual.com\\\/inicio\\\/index.php\\\/2018\\\/03\\\/31\\\/represion-israeli-quince-palestinos-muertos-mas-mil-heridos\\\/#primaryimage\",\"url\":\"https:\\\/\\\/diariotextual.com\\\/inicio\\\/wp-content\\\/uploads\\\/2018\\\/03\\\/palestinosmuertos.jpg\",\"contentUrl\":\"https:\\\/\\\/diariotextual.com\\\/inicio\\\/wp-content\\\/uploads\\\/2018\\\/03\\\/palestinosmuertos.jpg\",\"width\":600,\"height\":338},{\"@type\":\"BreadcrumbList\",\"@id\":\"https:\\\/\\\/diariotextual.com\\\/inicio\\\/index.php\\\/2018\\\/03\\\/31\\\/represion-israeli-quince-palestinos-muertos-mas-mil-heridos\\\/#breadcrumb\",\"itemListElement\":[{\"@type\":\"ListItem\",\"position\":1,\"name\":\"Portada\",\"item\":\"https:\\\/\\\/diariotextual.com\\\/inicio\\\/\"},{\"@type\":\"ListItem\",\"position\":2,\"name\":\"Represi\u00f3n israel\u00ed: quince palestinos muertos y m\u00e1s de mil heridos\"}]},{\"@type\":\"WebSite\",\"@id\":\"https:\\\/\\\/diariotextual.com\\\/inicio\\\/#website\",\"url\":\"https:\\\/\\\/diariotextual.com\\\/inicio\\\/\",\"name\":\"Diario Textual\",\"description\":\"\",\"publisher\":{\"@id\":\"https:\\\/\\\/diariotextual.com\\\/inicio\\\/#organization\"},\"potentialAction\":[{\"@type\":\"SearchAction\",\"target\":{\"@type\":\"EntryPoint\",\"urlTemplate\":\"https:\\\/\\\/diariotextual.com\\\/inicio\\\/?s={search_term_string}\"},\"query-input\":{\"@type\":\"PropertyValueSpecification\",\"valueRequired\":true,\"valueName\":\"search_term_string\"}}],\"inLanguage\":\"es\"},{\"@type\":\"Organization\",\"@id\":\"https:\\\/\\\/diariotextual.com\\\/inicio\\\/#organization\",\"name\":\"Diario Textual\",\"url\":\"https:\\\/\\\/diariotextual.com\\\/inicio\\\/\",\"logo\":{\"@type\":\"ImageObject\",\"inLanguage\":\"es\",\"@id\":\"https:\\\/\\\/diariotextual.com\\\/inicio\\\/#\\\/schema\\\/logo\\\/image\\\/\",\"url\":\"https:\\\/\\\/diariotextual.com\\\/inicio\\\/wp-content\\\/uploads\\\/2023\\\/05\\\/logotextual1.jpg\",\"contentUrl\":\"https:\\\/\\\/diariotextual.com\\\/inicio\\\/wp-content\\\/uploads\\\/2023\\\/05\\\/logotextual1.jpg\",\"width\":516,\"height\":76,\"caption\":\"Diario Textual\"},\"image\":{\"@id\":\"https:\\\/\\\/diariotextual.com\\\/inicio\\\/#\\\/schema\\\/logo\\\/image\\\/\"},\"sameAs\":[\"https:\\\/\\\/www.facebook.com\\\/eltextual\",\"https:\\\/\\\/x.com\\\/eltextual\",\"http:\\\/\\\/www.instagram.com\\\/eltextual\"]},{\"@type\":\"Person\",\"@id\":\"https:\\\/\\\/diariotextual.com\\\/inicio\\\/#\\\/schema\\\/person\\\/418fc4093c33e86ed41562db3508f958\",\"name\":\"Diario1 Diario1\",\"image\":{\"@type\":\"ImageObject\",\"inLanguage\":\"es\",\"@id\":\"https:\\\/\\\/secure.gravatar.com\\\/avatar\\\/9167d280179c85bc18be67aa7eda765854300033af4896dd779b608640f2ef7a?s=96&d=mm&r=g\",\"url\":\"https:\\\/\\\/secure.gravatar.com\\\/avatar\\\/9167d280179c85bc18be67aa7eda765854300033af4896dd779b608640f2ef7a?s=96&d=mm&r=g\",\"contentUrl\":\"https:\\\/\\\/secure.gravatar.com\\\/avatar\\\/9167d280179c85bc18be67aa7eda765854300033af4896dd779b608640f2ef7a?s=96&d=mm&r=g\",\"caption\":\"Diario1 Diario1\"},\"url\":\"https:\\\/\\\/diariotextual.com\\\/inicio\\\/index.php\\\/author\\\/diario1\\\/\"}]}<\/script>\n<!-- \/ Yoast SEO plugin. -->","yoast_head_json":{"title":"Represi\u00f3n israel\u00ed: quince palestinos muertos y m\u00e1s de mil heridos - Diario Textual","robots":{"index":"index","follow":"follow","max-snippet":"max-snippet:-1","max-image-preview":"max-image-preview:large","max-video-preview":"max-video-preview:-1"},"canonical":"https:\/\/diariotextual.com\/inicio\/index.php\/2018\/03\/31\/represion-israeli-quince-palestinos-muertos-mas-mil-heridos\/","og_locale":"es_ES","og_type":"article","og_title":"Represi\u00f3n israel\u00ed: quince palestinos muertos y m\u00e1s de mil heridos - Diario Textual","og_description":"Quince palestinos, la mayor\u00eda de ellos j\u00f3venes, murieron este viernes en la Gran Marcha del Retorno organizada por Ham\u00e1s en cinco puntos de la frontera entre Gaza e Israel, una&hellip;","og_url":"https:\/\/diariotextual.com\/inicio\/index.php\/2018\/03\/31\/represion-israeli-quince-palestinos-muertos-mas-mil-heridos\/","og_site_name":"Diario Textual","article_publisher":"https:\/\/www.facebook.com\/eltextual","article_published_time":"2018-03-31T00:10:43+00:00","article_modified_time":"2018-03-31T14:23:49+00:00","og_image":[{"width":600,"height":338,"url":"https:\/\/diariotextual.com\/inicio\/wp-content\/uploads\/2018\/03\/palestinosmuertos.jpg","type":"image\/jpeg"}],"author":"Diario1 Diario1","twitter_card":"summary_large_image","twitter_creator":"@eltextual","twitter_site":"@eltextual","twitter_misc":{"Escrito por":"Diario1 Diario1","Tiempo de lectura":"3 minutos"},"schema":{"@context":"https:\/\/schema.org","@graph":[{"@type":"Article","@id":"https:\/\/diariotextual.com\/inicio\/index.php\/2018\/03\/31\/represion-israeli-quince-palestinos-muertos-mas-mil-heridos\/#article","isPartOf":{"@id":"https:\/\/diariotextual.com\/inicio\/index.php\/2018\/03\/31\/represion-israeli-quince-palestinos-muertos-mas-mil-heridos\/"},"author":{"name":"Diario1 Diario1","@id":"https:\/\/diariotextual.com\/inicio\/#\/schema\/person\/418fc4093c33e86ed41562db3508f958"},"headline":"Represi\u00f3n israel\u00ed: quince palestinos muertos y m\u00e1s de mil heridos","datePublished":"2018-03-31T00:10:43+00:00","dateModified":"2018-03-31T14:23:49+00:00","mainEntityOfPage":{"@id":"https:\/\/diariotextual.com\/inicio\/index.php\/2018\/03\/31\/represion-israeli-quince-palestinos-muertos-mas-mil-heridos\/"},"wordCount":590,"commentCount":0,"publisher":{"@id":"https:\/\/diariotextual.com\/inicio\/#organization"},"image":{"@id":"https:\/\/diariotextual.com\/inicio\/index.php\/2018\/03\/31\/represion-israeli-quince-palestinos-muertos-mas-mil-heridos\/#primaryimage"},"thumbnailUrl":"https:\/\/diariotextual.com\/inicio\/wp-content\/uploads\/2018\/03\/palestinosmuertos.jpg","articleSection":["A - QUE PASA (al costado)","MUNDO"],"inLanguage":"es","potentialAction":[{"@type":"CommentAction","name":"Comment","target":["https:\/\/diariotextual.com\/inicio\/index.php\/2018\/03\/31\/represion-israeli-quince-palestinos-muertos-mas-mil-heridos\/#respond"]}]},{"@type":"WebPage","@id":"https:\/\/diariotextual.com\/inicio\/index.php\/2018\/03\/31\/represion-israeli-quince-palestinos-muertos-mas-mil-heridos\/","url":"https:\/\/diariotextual.com\/inicio\/index.php\/2018\/03\/31\/represion-israeli-quince-palestinos-muertos-mas-mil-heridos\/","name":"Represi\u00f3n israel\u00ed: quince palestinos muertos y m\u00e1s de mil heridos - Diario Textual","isPartOf":{"@id":"https:\/\/diariotextual.com\/inicio\/#website"},"primaryImageOfPage":{"@id":"https:\/\/diariotextual.com\/inicio\/index.php\/2018\/03\/31\/represion-israeli-quince-palestinos-muertos-mas-mil-heridos\/#primaryimage"},"image":{"@id":"https:\/\/diariotextual.com\/inicio\/index.php\/2018\/03\/31\/represion-israeli-quince-palestinos-muertos-mas-mil-heridos\/#primaryimage"},"thumbnailUrl":"https:\/\/diariotextual.com\/inicio\/wp-content\/uploads\/2018\/03\/palestinosmuertos.jpg","datePublished":"2018-03-31T00:10:43+00:00","dateModified":"2018-03-31T14:23:49+00:00","breadcrumb":{"@id":"https:\/\/diariotextual.com\/inicio\/index.php\/2018\/03\/31\/represion-israeli-quince-palestinos-muertos-mas-mil-heridos\/#breadcrumb"},"inLanguage":"es","potentialAction":[{"@type":"ReadAction","target":["https:\/\/diariotextual.com\/inicio\/index.php\/2018\/03\/31\/represion-israeli-quince-palestinos-muertos-mas-mil-heridos\/"]}]},{"@type":"ImageObject","inLanguage":"es","@id":"https:\/\/diariotextual.com\/inicio\/index.php\/2018\/03\/31\/represion-israeli-quince-palestinos-muertos-mas-mil-heridos\/#primaryimage","url":"https:\/\/diariotextual.com\/inicio\/wp-content\/uploads\/2018\/03\/palestinosmuertos.jpg","contentUrl":"https:\/\/diariotextual.com\/inicio\/wp-content\/uploads\/2018\/03\/palestinosmuertos.jpg","width":600,"height":338},{"@type":"BreadcrumbList","@id":"https:\/\/diariotextual.com\/inicio\/index.php\/2018\/03\/31\/represion-israeli-quince-palestinos-muertos-mas-mil-heridos\/#breadcrumb","itemListElement":[{"@type":"ListItem","position":1,"name":"Portada","item":"https:\/\/diariotextual.com\/inicio\/"},{"@type":"ListItem","position":2,"name":"Represi\u00f3n israel\u00ed: quince palestinos muertos y m\u00e1s de mil heridos"}]},{"@type":"WebSite","@id":"https:\/\/diariotextual.com\/inicio\/#website","url":"https:\/\/diariotextual.com\/inicio\/","name":"Diario Textual","description":"","publisher":{"@id":"https:\/\/diariotextual.com\/inicio\/#organization"},"potentialAction":[{"@type":"SearchAction","target":{"@type":"EntryPoint","urlTemplate":"https:\/\/diariotextual.com\/inicio\/?s={search_term_string}"},"query-input":{"@type":"PropertyValueSpecification","valueRequired":true,"valueName":"search_term_string"}}],"inLanguage":"es"},{"@type":"Organization","@id":"https:\/\/diariotextual.com\/inicio\/#organization","name":"Diario Textual","url":"https:\/\/diariotextual.com\/inicio\/","logo":{"@type":"ImageObject","inLanguage":"es","@id":"https:\/\/diariotextual.com\/inicio\/#\/schema\/logo\/image\/","url":"https:\/\/diariotextual.com\/inicio\/wp-content\/uploads\/2023\/05\/logotextual1.jpg","contentUrl":"https:\/\/diariotextual.com\/inicio\/wp-content\/uploads\/2023\/05\/logotextual1.jpg","width":516,"height":76,"caption":"Diario Textual"},"image":{"@id":"https:\/\/diariotextual.com\/inicio\/#\/schema\/logo\/image\/"},"sameAs":["https:\/\/www.facebook.com\/eltextual","https:\/\/x.com\/eltextual","http:\/\/www.instagram.com\/eltextual"]},{"@type":"Person","@id":"https:\/\/diariotextual.com\/inicio\/#\/schema\/person\/418fc4093c33e86ed41562db3508f958","name":"Diario1 Diario1","image":{"@type":"ImageObject","inLanguage":"es","@id":"https:\/\/secure.gravatar.com\/avatar\/9167d280179c85bc18be67aa7eda765854300033af4896dd779b608640f2ef7a?s=96&d=mm&r=g","url":"https:\/\/secure.gravatar.com\/avatar\/9167d280179c85bc18be67aa7eda765854300033af4896dd779b608640f2ef7a?s=96&d=mm&r=g","contentUrl":"https:\/\/secure.gravatar.com\/avatar\/9167d280179c85bc18be67aa7eda765854300033af4896dd779b608640f2ef7a?s=96&d=mm&r=g","caption":"Diario1 Diario1"},"url":"https:\/\/diariotextual.com\/inicio\/index.php\/author\/diario1\/"}]}},"_links":{"self":[{"href":"https:\/\/diariotextual.com\/inicio\/index.php\/wp-json\/wp\/v2\/posts\/3405","targetHints":{"allow":["GET"]}}],"collection":[{"href":"https:\/\/diariotextual.com\/inicio\/index.php\/wp-json\/wp\/v2\/posts"}],"about":[{"href":"https:\/\/diariotextual.com\/inicio\/index.php\/wp-json\/wp\/v2\/types\/post"}],"author":[{"embeddable":true,"href":"https:\/\/diariotextual.com\/inicio\/index.php\/wp-json\/wp\/v2\/users\/3"}],"replies":[{"embeddable":true,"href":"https:\/\/diariotextual.com\/inicio\/index.php\/wp-json\/wp\/v2\/comments?post=3405"}],"version-history":[{"count":1,"href":"https:\/\/diariotextual.com\/inicio\/index.php\/wp-json\/wp\/v2\/posts\/3405\/revisions"}],"predecessor-version":[{"id":3408,"href":"https:\/\/diariotextual.com\/inicio\/index.php\/wp-json\/wp\/v2\/posts\/3405\/revisions\/3408"}],"wp:featuredmedia":[{"embeddable":true,"href":"https:\/\/diariotextual.com\/inicio\/index.php\/wp-json\/wp\/v2\/media\/3406"}],"wp:attachment":[{"href":"https:\/\/diariotextual.com\/inicio\/index.php\/wp-json\/wp\/v2\/media?parent=3405"}],"wp:term":[{"taxonomy":"category","embeddable":true,"href":"https:\/\/diariotextual.com\/inicio\/index.php\/wp-json\/wp\/v2\/categories?post=3405"},{"taxonomy":"post_tag","embeddable":true,"href":"https:\/\/diariotextual.com\/inicio\/index.php\/wp-json\/wp\/v2\/tags?post=3405"}],"curies":[{"name":"wp","href":"https:\/\/api.w.org\/{rel}","templated":true}]}}