{"id":34120,"date":"2019-01-12T21:14:30","date_gmt":"2019-01-13T00:14:30","guid":{"rendered":"http:\/\/diariotextual.com\/inicio\/?p=34120"},"modified":"2019-01-13T08:39:08","modified_gmt":"2019-01-13T11:39:08","slug":"francisco-se-desarrolla-una-tercera-guerra-mundial-pedazos","status":"publish","type":"post","link":"https:\/\/diariotextual.com\/inicio\/index.php\/2019\/01\/12\/francisco-se-desarrolla-una-tercera-guerra-mundial-pedazos\/","title":{"rendered":"Para Francisco, se desarrolla una Tercera Guerra Mundial \u00aba pedazos\u00bb"},"content":{"rendered":"<p>El <strong>papa Francisco<\/strong> asegur\u00f3 que <strong>se est\u00e1 desarrollando una Tercera Guerra Mundial \u201ca pedazos\u201d<\/strong> y llam\u00f3 este s\u00e1bado a repasar la historia para razonar acerca de los \u00abdram\u00e1ticos y malvados\u00bb efectos de las guerras para la humanidad.<\/p>\n<p>\u00abAlcanzar\u00eda con que aprendamos a reflexionar con sabidur\u00eda y valor sobre los efectos dram\u00e1ticos y malignos de la guerra, de las muchas guerras que han perturbado el viaje del hombre en esta tierra\u00bb, dijo el papa en una reuni\u00f3n en Roma con los miembros de la Asociaci\u00f3n italiana de profesores de Historia de la Iglesia.<\/p>\n<p>Para el pont\u00edfice, el estudio apasionado de la historia pueda ense\u00f1ar en el mundo actual, \u00abante tanta divisi\u00f3n y falta de verdad\u00bb, rese\u00f1\u00f3 la agencia EFE.<\/p>\n<p>Francisco comenz\u00f3 su discurso parafraseando al historiador jesuita Giacomo Martina, al se\u00f1alar que \u00abla historia es ciertamente maestra de vida, pero tiene muy pocos alumnos\u00bb.<\/p>\n<p>&nbsp;<\/p>\n<p>&nbsp;<\/p>\n","protected":false},"excerpt":{"rendered":"<p>El papa Francisco asegur\u00f3 que se est\u00e1 desarrollando una Tercera Guerra Mundial \u201ca pedazos\u201d y llam\u00f3 este s\u00e1bado a repasar la historia para razonar acerca de los \u00abdram\u00e1ticos y malvados\u00bb&hellip;<\/p>\n","protected":false},"author":3,"featured_media":1979,"comment_status":"closed","ping_status":"open","sticky":false,"template":"","format":"standard","meta":{"_acf_changed":false,"footnotes":""},"categories":[319,7],"tags":[1296],"class_list":["post-34120","post","type-post","status-publish","format-standard","has-post-thumbnail","hentry","category-a-temporales","category-mundo","tag-papa"],"acf":[],"yoast_head":"<!-- This site is optimized with the Yoast SEO plugin v27.5 - https:\/\/yoast.com\/product\/yoast-seo-wordpress\/ -->\n<title>Para Francisco, se desarrolla una Tercera Guerra Mundial &quot;a pedazos&quot; - Diario Textual<\/title>\n<meta name=\"robots\" content=\"index, follow, max-snippet:-1, max-image-preview:large, max-video-preview:-1\" \/>\n<link rel=\"canonical\" href=\"https:\/\/diariotextual.com\/inicio\/index.php\/2019\/01\/12\/francisco-se-desarrolla-una-tercera-guerra-mundial-pedazos\/\" \/>\n<meta property=\"og:locale\" content=\"es_ES\" \/>\n<meta property=\"og:type\" content=\"article\" \/>\n<meta property=\"og:title\" content=\"Para Francisco, se desarrolla una Tercera Guerra Mundial &quot;a pedazos&quot; - Diario Textual\" \/>\n<meta property=\"og:description\" content=\"El papa Francisco asegur\u00f3 que se est\u00e1 desarrollando una Tercera Guerra Mundial \u201ca pedazos\u201d y llam\u00f3 este s\u00e1bado a repasar la historia para razonar acerca de los \u00abdram\u00e1ticos y malvados\u00bb&hellip;\" \/>\n<meta property=\"og:url\" content=\"https:\/\/diariotextual.com\/inicio\/index.php\/2019\/01\/12\/francisco-se-desarrolla-una-tercera-guerra-mundial-pedazos\/\" \/>\n<meta property=\"og:site_name\" content=\"Diario Textual\" \/>\n<meta property=\"article:publisher\" content=\"https:\/\/www.facebook.com\/eltextual\" \/>\n<meta property=\"article:published_time\" content=\"2019-01-13T00:14:30+00:00\" \/>\n<meta property=\"article:modified_time\" content=\"2019-01-13T11:39:08+00:00\" \/>\n<meta property=\"og:image\" content=\"https:\/\/diariotextual.com\/inicio\/wp-content\/uploads\/2018\/03\/papafrancisco81telam1.jpg\" \/>\n\t<meta property=\"og:image:width\" content=\"601\" \/>\n\t<meta property=\"og:image:height\" content=\"362\" \/>\n\t<meta property=\"og:image:type\" content=\"image\/jpeg\" \/>\n<meta name=\"author\" content=\"Diario1 Diario1\" \/>\n<meta name=\"twitter:card\" content=\"summary_large_image\" \/>\n<meta name=\"twitter:creator\" content=\"@eltextual\" \/>\n<meta name=\"twitter:site\" content=\"@eltextual\" \/>\n<meta name=\"twitter:label1\" content=\"Escrito por\" \/>\n\t<meta name=\"twitter:data1\" content=\"Diario1 Diario1\" \/>\n\t<meta name=\"twitter:label2\" content=\"Tiempo de lectura\" \/>\n\t<meta name=\"twitter:data2\" content=\"1 minuto\" \/>\n<script type=\"application\/ld+json\" class=\"yoast-schema-graph\">{\"@context\":\"https:\\\/\\\/schema.org\",\"@graph\":[{\"@type\":\"Article\",\"@id\":\"https:\\\/\\\/diariotextual.com\\\/inicio\\\/index.php\\\/2019\\\/01\\\/12\\\/francisco-se-desarrolla-una-tercera-guerra-mundial-pedazos\\\/#article\",\"isPartOf\":{\"@id\":\"https:\\\/\\\/diariotextual.com\\\/inicio\\\/index.php\\\/2019\\\/01\\\/12\\\/francisco-se-desarrolla-una-tercera-guerra-mundial-pedazos\\\/\"},\"author\":{\"name\":\"Diario1 Diario1\",\"@id\":\"https:\\\/\\\/diariotextual.com\\\/inicio\\\/#\\\/schema\\\/person\\\/418fc4093c33e86ed41562db3508f958\"},\"headline\":\"Para Francisco, se desarrolla una Tercera Guerra Mundial \u00aba pedazos\u00bb\",\"datePublished\":\"2019-01-13T00:14:30+00:00\",\"dateModified\":\"2019-01-13T11:39:08+00:00\",\"mainEntityOfPage\":{\"@id\":\"https:\\\/\\\/diariotextual.com\\\/inicio\\\/index.php\\\/2019\\\/01\\\/12\\\/francisco-se-desarrolla-una-tercera-guerra-mundial-pedazos\\\/\"},\"wordCount\":166,\"publisher\":{\"@id\":\"https:\\\/\\\/diariotextual.com\\\/inicio\\\/#organization\"},\"image\":{\"@id\":\"https:\\\/\\\/diariotextual.com\\\/inicio\\\/index.php\\\/2019\\\/01\\\/12\\\/francisco-se-desarrolla-una-tercera-guerra-mundial-pedazos\\\/#primaryimage\"},\"thumbnailUrl\":\"https:\\\/\\\/diariotextual.com\\\/inicio\\\/wp-content\\\/uploads\\\/2018\\\/03\\\/papafrancisco81telam1.jpg\",\"keywords\":[\"papa\"],\"articleSection\":[\"A - TEMPORALES\",\"MUNDO\"],\"inLanguage\":\"es\"},{\"@type\":\"WebPage\",\"@id\":\"https:\\\/\\\/diariotextual.com\\\/inicio\\\/index.php\\\/2019\\\/01\\\/12\\\/francisco-se-desarrolla-una-tercera-guerra-mundial-pedazos\\\/\",\"url\":\"https:\\\/\\\/diariotextual.com\\\/inicio\\\/index.php\\\/2019\\\/01\\\/12\\\/francisco-se-desarrolla-una-tercera-guerra-mundial-pedazos\\\/\",\"name\":\"Para Francisco, se desarrolla una Tercera Guerra Mundial \\\"a pedazos\\\" - Diario Textual\",\"isPartOf\":{\"@id\":\"https:\\\/\\\/diariotextual.com\\\/inicio\\\/#website\"},\"primaryImageOfPage\":{\"@id\":\"https:\\\/\\\/diariotextual.com\\\/inicio\\\/index.php\\\/2019\\\/01\\\/12\\\/francisco-se-desarrolla-una-tercera-guerra-mundial-pedazos\\\/#primaryimage\"},\"image\":{\"@id\":\"https:\\\/\\\/diariotextual.com\\\/inicio\\\/index.php\\\/2019\\\/01\\\/12\\\/francisco-se-desarrolla-una-tercera-guerra-mundial-pedazos\\\/#primaryimage\"},\"thumbnailUrl\":\"https:\\\/\\\/diariotextual.com\\\/inicio\\\/wp-content\\\/uploads\\\/2018\\\/03\\\/papafrancisco81telam1.jpg\",\"datePublished\":\"2019-01-13T00:14:30+00:00\",\"dateModified\":\"2019-01-13T11:39:08+00:00\",\"breadcrumb\":{\"@id\":\"https:\\\/\\\/diariotextual.com\\\/inicio\\\/index.php\\\/2019\\\/01\\\/12\\\/francisco-se-desarrolla-una-tercera-guerra-mundial-pedazos\\\/#breadcrumb\"},\"inLanguage\":\"es\",\"potentialAction\":[{\"@type\":\"ReadAction\",\"target\":[\"https:\\\/\\\/diariotextual.com\\\/inicio\\\/index.php\\\/2019\\\/01\\\/12\\\/francisco-se-desarrolla-una-tercera-guerra-mundial-pedazos\\\/\"]}]},{\"@type\":\"ImageObject\",\"inLanguage\":\"es\",\"@id\":\"https:\\\/\\\/diariotextual.com\\\/inicio\\\/index.php\\\/2019\\\/01\\\/12\\\/francisco-se-desarrolla-una-tercera-guerra-mundial-pedazos\\\/#primaryimage\",\"url\":\"https:\\\/\\\/diariotextual.com\\\/inicio\\\/wp-content\\\/uploads\\\/2018\\\/03\\\/papafrancisco81telam1.jpg\",\"contentUrl\":\"https:\\\/\\\/diariotextual.com\\\/inicio\\\/wp-content\\\/uploads\\\/2018\\\/03\\\/papafrancisco81telam1.jpg\",\"width\":601,\"height\":362},{\"@type\":\"BreadcrumbList\",\"@id\":\"https:\\\/\\\/diariotextual.com\\\/inicio\\\/index.php\\\/2019\\\/01\\\/12\\\/francisco-se-desarrolla-una-tercera-guerra-mundial-pedazos\\\/#breadcrumb\",\"itemListElement\":[{\"@type\":\"ListItem\",\"position\":1,\"name\":\"Portada\",\"item\":\"https:\\\/\\\/diariotextual.com\\\/inicio\\\/\"},{\"@type\":\"ListItem\",\"position\":2,\"name\":\"Para Francisco, se desarrolla una Tercera Guerra Mundial \u00aba pedazos\u00bb\"}]},{\"@type\":\"WebSite\",\"@id\":\"https:\\\/\\\/diariotextual.com\\\/inicio\\\/#website\",\"url\":\"https:\\\/\\\/diariotextual.com\\\/inicio\\\/\",\"name\":\"Diario Textual\",\"description\":\"\",\"publisher\":{\"@id\":\"https:\\\/\\\/diariotextual.com\\\/inicio\\\/#organization\"},\"potentialAction\":[{\"@type\":\"SearchAction\",\"target\":{\"@type\":\"EntryPoint\",\"urlTemplate\":\"https:\\\/\\\/diariotextual.com\\\/inicio\\\/?s={search_term_string}\"},\"query-input\":{\"@type\":\"PropertyValueSpecification\",\"valueRequired\":true,\"valueName\":\"search_term_string\"}}],\"inLanguage\":\"es\"},{\"@type\":\"Organization\",\"@id\":\"https:\\\/\\\/diariotextual.com\\\/inicio\\\/#organization\",\"name\":\"Diario Textual\",\"url\":\"https:\\\/\\\/diariotextual.com\\\/inicio\\\/\",\"logo\":{\"@type\":\"ImageObject\",\"inLanguage\":\"es\",\"@id\":\"https:\\\/\\\/diariotextual.com\\\/inicio\\\/#\\\/schema\\\/logo\\\/image\\\/\",\"url\":\"https:\\\/\\\/diariotextual.com\\\/inicio\\\/wp-content\\\/uploads\\\/2023\\\/05\\\/logotextual1.jpg\",\"contentUrl\":\"https:\\\/\\\/diariotextual.com\\\/inicio\\\/wp-content\\\/uploads\\\/2023\\\/05\\\/logotextual1.jpg\",\"width\":516,\"height\":76,\"caption\":\"Diario Textual\"},\"image\":{\"@id\":\"https:\\\/\\\/diariotextual.com\\\/inicio\\\/#\\\/schema\\\/logo\\\/image\\\/\"},\"sameAs\":[\"https:\\\/\\\/www.facebook.com\\\/eltextual\",\"https:\\\/\\\/x.com\\\/eltextual\",\"http:\\\/\\\/www.instagram.com\\\/eltextual\"]},{\"@type\":\"Person\",\"@id\":\"https:\\\/\\\/diariotextual.com\\\/inicio\\\/#\\\/schema\\\/person\\\/418fc4093c33e86ed41562db3508f958\",\"name\":\"Diario1 Diario1\",\"image\":{\"@type\":\"ImageObject\",\"inLanguage\":\"es\",\"@id\":\"https:\\\/\\\/secure.gravatar.com\\\/avatar\\\/9167d280179c85bc18be67aa7eda765854300033af4896dd779b608640f2ef7a?s=96&d=mm&r=g\",\"url\":\"https:\\\/\\\/secure.gravatar.com\\\/avatar\\\/9167d280179c85bc18be67aa7eda765854300033af4896dd779b608640f2ef7a?s=96&d=mm&r=g\",\"contentUrl\":\"https:\\\/\\\/secure.gravatar.com\\\/avatar\\\/9167d280179c85bc18be67aa7eda765854300033af4896dd779b608640f2ef7a?s=96&d=mm&r=g\",\"caption\":\"Diario1 Diario1\"},\"url\":\"https:\\\/\\\/diariotextual.com\\\/inicio\\\/index.php\\\/author\\\/diario1\\\/\"}]}<\/script>\n<!-- \/ Yoast SEO plugin. -->","yoast_head_json":{"title":"Para Francisco, se desarrolla una Tercera Guerra Mundial \"a pedazos\" - Diario Textual","robots":{"index":"index","follow":"follow","max-snippet":"max-snippet:-1","max-image-preview":"max-image-preview:large","max-video-preview":"max-video-preview:-1"},"canonical":"https:\/\/diariotextual.com\/inicio\/index.php\/2019\/01\/12\/francisco-se-desarrolla-una-tercera-guerra-mundial-pedazos\/","og_locale":"es_ES","og_type":"article","og_title":"Para Francisco, se desarrolla una Tercera Guerra Mundial \"a pedazos\" - Diario Textual","og_description":"El papa Francisco asegur\u00f3 que se est\u00e1 desarrollando una Tercera Guerra Mundial \u201ca pedazos\u201d y llam\u00f3 este s\u00e1bado a repasar la historia para razonar acerca de los \u00abdram\u00e1ticos y malvados\u00bb&hellip;","og_url":"https:\/\/diariotextual.com\/inicio\/index.php\/2019\/01\/12\/francisco-se-desarrolla-una-tercera-guerra-mundial-pedazos\/","og_site_name":"Diario Textual","article_publisher":"https:\/\/www.facebook.com\/eltextual","article_published_time":"2019-01-13T00:14:30+00:00","article_modified_time":"2019-01-13T11:39:08+00:00","og_image":[{"width":601,"height":362,"url":"https:\/\/diariotextual.com\/inicio\/wp-content\/uploads\/2018\/03\/papafrancisco81telam1.jpg","type":"image\/jpeg"}],"author":"Diario1 Diario1","twitter_card":"summary_large_image","twitter_creator":"@eltextual","twitter_site":"@eltextual","twitter_misc":{"Escrito por":"Diario1 Diario1","Tiempo de lectura":"1 minuto"},"schema":{"@context":"https:\/\/schema.org","@graph":[{"@type":"Article","@id":"https:\/\/diariotextual.com\/inicio\/index.php\/2019\/01\/12\/francisco-se-desarrolla-una-tercera-guerra-mundial-pedazos\/#article","isPartOf":{"@id":"https:\/\/diariotextual.com\/inicio\/index.php\/2019\/01\/12\/francisco-se-desarrolla-una-tercera-guerra-mundial-pedazos\/"},"author":{"name":"Diario1 Diario1","@id":"https:\/\/diariotextual.com\/inicio\/#\/schema\/person\/418fc4093c33e86ed41562db3508f958"},"headline":"Para Francisco, se desarrolla una Tercera Guerra Mundial \u00aba pedazos\u00bb","datePublished":"2019-01-13T00:14:30+00:00","dateModified":"2019-01-13T11:39:08+00:00","mainEntityOfPage":{"@id":"https:\/\/diariotextual.com\/inicio\/index.php\/2019\/01\/12\/francisco-se-desarrolla-una-tercera-guerra-mundial-pedazos\/"},"wordCount":166,"publisher":{"@id":"https:\/\/diariotextual.com\/inicio\/#organization"},"image":{"@id":"https:\/\/diariotextual.com\/inicio\/index.php\/2019\/01\/12\/francisco-se-desarrolla-una-tercera-guerra-mundial-pedazos\/#primaryimage"},"thumbnailUrl":"https:\/\/diariotextual.com\/inicio\/wp-content\/uploads\/2018\/03\/papafrancisco81telam1.jpg","keywords":["papa"],"articleSection":["A - TEMPORALES","MUNDO"],"inLanguage":"es"},{"@type":"WebPage","@id":"https:\/\/diariotextual.com\/inicio\/index.php\/2019\/01\/12\/francisco-se-desarrolla-una-tercera-guerra-mundial-pedazos\/","url":"https:\/\/diariotextual.com\/inicio\/index.php\/2019\/01\/12\/francisco-se-desarrolla-una-tercera-guerra-mundial-pedazos\/","name":"Para Francisco, se desarrolla una Tercera Guerra Mundial \"a pedazos\" - Diario Textual","isPartOf":{"@id":"https:\/\/diariotextual.com\/inicio\/#website"},"primaryImageOfPage":{"@id":"https:\/\/diariotextual.com\/inicio\/index.php\/2019\/01\/12\/francisco-se-desarrolla-una-tercera-guerra-mundial-pedazos\/#primaryimage"},"image":{"@id":"https:\/\/diariotextual.com\/inicio\/index.php\/2019\/01\/12\/francisco-se-desarrolla-una-tercera-guerra-mundial-pedazos\/#primaryimage"},"thumbnailUrl":"https:\/\/diariotextual.com\/inicio\/wp-content\/uploads\/2018\/03\/papafrancisco81telam1.jpg","datePublished":"2019-01-13T00:14:30+00:00","dateModified":"2019-01-13T11:39:08+00:00","breadcrumb":{"@id":"https:\/\/diariotextual.com\/inicio\/index.php\/2019\/01\/12\/francisco-se-desarrolla-una-tercera-guerra-mundial-pedazos\/#breadcrumb"},"inLanguage":"es","potentialAction":[{"@type":"ReadAction","target":["https:\/\/diariotextual.com\/inicio\/index.php\/2019\/01\/12\/francisco-se-desarrolla-una-tercera-guerra-mundial-pedazos\/"]}]},{"@type":"ImageObject","inLanguage":"es","@id":"https:\/\/diariotextual.com\/inicio\/index.php\/2019\/01\/12\/francisco-se-desarrolla-una-tercera-guerra-mundial-pedazos\/#primaryimage","url":"https:\/\/diariotextual.com\/inicio\/wp-content\/uploads\/2018\/03\/papafrancisco81telam1.jpg","contentUrl":"https:\/\/diariotextual.com\/inicio\/wp-content\/uploads\/2018\/03\/papafrancisco81telam1.jpg","width":601,"height":362},{"@type":"BreadcrumbList","@id":"https:\/\/diariotextual.com\/inicio\/index.php\/2019\/01\/12\/francisco-se-desarrolla-una-tercera-guerra-mundial-pedazos\/#breadcrumb","itemListElement":[{"@type":"ListItem","position":1,"name":"Portada","item":"https:\/\/diariotextual.com\/inicio\/"},{"@type":"ListItem","position":2,"name":"Para Francisco, se desarrolla una Tercera Guerra Mundial \u00aba pedazos\u00bb"}]},{"@type":"WebSite","@id":"https:\/\/diariotextual.com\/inicio\/#website","url":"https:\/\/diariotextual.com\/inicio\/","name":"Diario Textual","description":"","publisher":{"@id":"https:\/\/diariotextual.com\/inicio\/#organization"},"potentialAction":[{"@type":"SearchAction","target":{"@type":"EntryPoint","urlTemplate":"https:\/\/diariotextual.com\/inicio\/?s={search_term_string}"},"query-input":{"@type":"PropertyValueSpecification","valueRequired":true,"valueName":"search_term_string"}}],"inLanguage":"es"},{"@type":"Organization","@id":"https:\/\/diariotextual.com\/inicio\/#organization","name":"Diario Textual","url":"https:\/\/diariotextual.com\/inicio\/","logo":{"@type":"ImageObject","inLanguage":"es","@id":"https:\/\/diariotextual.com\/inicio\/#\/schema\/logo\/image\/","url":"https:\/\/diariotextual.com\/inicio\/wp-content\/uploads\/2023\/05\/logotextual1.jpg","contentUrl":"https:\/\/diariotextual.com\/inicio\/wp-content\/uploads\/2023\/05\/logotextual1.jpg","width":516,"height":76,"caption":"Diario Textual"},"image":{"@id":"https:\/\/diariotextual.com\/inicio\/#\/schema\/logo\/image\/"},"sameAs":["https:\/\/www.facebook.com\/eltextual","https:\/\/x.com\/eltextual","http:\/\/www.instagram.com\/eltextual"]},{"@type":"Person","@id":"https:\/\/diariotextual.com\/inicio\/#\/schema\/person\/418fc4093c33e86ed41562db3508f958","name":"Diario1 Diario1","image":{"@type":"ImageObject","inLanguage":"es","@id":"https:\/\/secure.gravatar.com\/avatar\/9167d280179c85bc18be67aa7eda765854300033af4896dd779b608640f2ef7a?s=96&d=mm&r=g","url":"https:\/\/secure.gravatar.com\/avatar\/9167d280179c85bc18be67aa7eda765854300033af4896dd779b608640f2ef7a?s=96&d=mm&r=g","contentUrl":"https:\/\/secure.gravatar.com\/avatar\/9167d280179c85bc18be67aa7eda765854300033af4896dd779b608640f2ef7a?s=96&d=mm&r=g","caption":"Diario1 Diario1"},"url":"https:\/\/diariotextual.com\/inicio\/index.php\/author\/diario1\/"}]}},"_links":{"self":[{"href":"https:\/\/diariotextual.com\/inicio\/index.php\/wp-json\/wp\/v2\/posts\/34120","targetHints":{"allow":["GET"]}}],"collection":[{"href":"https:\/\/diariotextual.com\/inicio\/index.php\/wp-json\/wp\/v2\/posts"}],"about":[{"href":"https:\/\/diariotextual.com\/inicio\/index.php\/wp-json\/wp\/v2\/types\/post"}],"author":[{"embeddable":true,"href":"https:\/\/diariotextual.com\/inicio\/index.php\/wp-json\/wp\/v2\/users\/3"}],"replies":[{"embeddable":true,"href":"https:\/\/diariotextual.com\/inicio\/index.php\/wp-json\/wp\/v2\/comments?post=34120"}],"version-history":[{"count":1,"href":"https:\/\/diariotextual.com\/inicio\/index.php\/wp-json\/wp\/v2\/posts\/34120\/revisions"}],"predecessor-version":[{"id":34121,"href":"https:\/\/diariotextual.com\/inicio\/index.php\/wp-json\/wp\/v2\/posts\/34120\/revisions\/34121"}],"wp:featuredmedia":[{"embeddable":true,"href":"https:\/\/diariotextual.com\/inicio\/index.php\/wp-json\/wp\/v2\/media\/1979"}],"wp:attachment":[{"href":"https:\/\/diariotextual.com\/inicio\/index.php\/wp-json\/wp\/v2\/media?parent=34120"}],"wp:term":[{"taxonomy":"category","embeddable":true,"href":"https:\/\/diariotextual.com\/inicio\/index.php\/wp-json\/wp\/v2\/categories?post=34120"},{"taxonomy":"post_tag","embeddable":true,"href":"https:\/\/diariotextual.com\/inicio\/index.php\/wp-json\/wp\/v2\/tags?post=34120"}],"curies":[{"name":"wp","href":"https:\/\/api.w.org\/{rel}","templated":true}]}}