{"id":34485,"date":"2019-01-16T11:22:13","date_gmt":"2019-01-16T14:22:13","guid":{"rendered":"http:\/\/diariotextual.com\/inicio\/?p=34485"},"modified":"2019-01-16T19:46:34","modified_gmt":"2019-01-16T22:46:34","slug":"macri-admitio-no-pudo-terminar-los-jardines-pidio-auxilio-la-pampa","status":"publish","type":"post","link":"https:\/\/diariotextual.com\/inicio\/index.php\/2019\/01\/16\/macri-admitio-no-pudo-terminar-los-jardines-pidio-auxilio-la-pampa\/","title":{"rendered":"Macri admiti\u00f3 que no pudo terminar los jardines y pidi\u00f3 auxilio a La Pampa"},"content":{"rendered":"<p>Los <strong>jardines de infantes<\/strong> que se iban a construir en La Pampa, de acuerdo a las promesas del presidente Mauricio Macri, no pudieron ser concluidos y las obras est\u00e1n abandonadas en Ingeniero Luiggi, Winifreda y General Pico.<\/p>\n<p>El jefe de Estado, en una reuni\u00f3n de ayer con el vicegobernador pampeano Mariano Fern\u00e1ndez en Puerto Madryn, admiti\u00f3 que no pudo cumplir su promesa y ahora sugiri\u00f3 que los jardines deber\u00edan ser concluidos por el Gobierno provincial.<\/p>\n<p>Macri hab\u00eda encabezado en 2016 un acto en la localidad de Ingeniero Luiggi, para lanzar el Plan Nacional de Jardines de Infantes para los ni\u00f1os de 3 a\u00f1os que preve\u00eda la construcci\u00f3n y apertura de 3 mil establecimientos escolares en todo el pa\u00eds. De ese anuncio qued\u00f3 poco y nada.<\/p>\n<p>\u201cReclamamos por la construcci\u00f3n de los jardines de infantes, que \u00e9l prometi\u00f3 ac\u00e1\u00bb, dijo Fern\u00e1ndez. \u00abLe record\u00e9, con el respeto que se merece su investidura, que hab\u00eda dicho que <strong>\u2018obra que se iniciaba, obra que se terminaba\u2019<\/strong>. La respuesta fue que <strong>en algunas provincias est\u00e1n gestionando para que las provincias culminen esas obras. Por supuesto que eso fue informado a la ministra de Educaci\u00f3n (Mar\u00eda Garello) para que se puedan culminar<\/strong>\u201d, expres\u00f3.<\/p>\n","protected":false},"excerpt":{"rendered":"<p>Los jardines de infantes que se iban a construir en La Pampa, de acuerdo a las promesas del presidente Mauricio Macri, no pudieron ser concluidos y las obras est\u00e1n abandonadas&hellip;<\/p>\n","protected":false},"author":3,"featured_media":34480,"comment_status":"closed","ping_status":"open","sticky":false,"template":"","format":"standard","meta":{"_acf_changed":false,"footnotes":""},"categories":[319,12],"tags":[1433,978,120,25],"class_list":["post-34485","post","type-post","status-publish","format-standard","has-post-thumbnail","hentry","category-a-temporales","category-sociedad","tag-jardines","tag-luiggi","tag-macri","tag-pampa"],"acf":[],"yoast_head":"<!-- This site is optimized with the Yoast SEO plugin v27.5 - https:\/\/yoast.com\/product\/yoast-seo-wordpress\/ -->\n<title>Macri admiti\u00f3 que no pudo terminar los jardines y pidi\u00f3 auxilio a La Pampa - Diario Textual<\/title>\n<meta name=\"robots\" content=\"index, follow, max-snippet:-1, max-image-preview:large, max-video-preview:-1\" \/>\n<link rel=\"canonical\" href=\"https:\/\/diariotextual.com\/inicio\/index.php\/2019\/01\/16\/macri-admitio-no-pudo-terminar-los-jardines-pidio-auxilio-la-pampa\/\" \/>\n<meta property=\"og:locale\" content=\"es_ES\" \/>\n<meta property=\"og:type\" content=\"article\" \/>\n<meta property=\"og:title\" content=\"Macri admiti\u00f3 que no pudo terminar los jardines y pidi\u00f3 auxilio a La Pampa - Diario Textual\" \/>\n<meta property=\"og:description\" content=\"Los jardines de infantes que se iban a construir en La Pampa, de acuerdo a las promesas del presidente Mauricio Macri, no pudieron ser concluidos y las obras est\u00e1n abandonadas&hellip;\" \/>\n<meta property=\"og:url\" content=\"https:\/\/diariotextual.com\/inicio\/index.php\/2019\/01\/16\/macri-admitio-no-pudo-terminar-los-jardines-pidio-auxilio-la-pampa\/\" \/>\n<meta property=\"og:site_name\" content=\"Diario Textual\" \/>\n<meta property=\"article:publisher\" content=\"https:\/\/www.facebook.com\/eltextual\" \/>\n<meta property=\"article:published_time\" content=\"2019-01-16T14:22:13+00:00\" \/>\n<meta property=\"article:modified_time\" content=\"2019-01-16T22:46:34+00:00\" \/>\n<meta property=\"og:image\" content=\"https:\/\/diariotextual.com\/inicio\/wp-content\/uploads\/2019\/01\/macrijardinesnenasynenesluiggi3.jpg\" \/>\n\t<meta property=\"og:image:width\" content=\"906\" \/>\n\t<meta property=\"og:image:height\" content=\"565\" \/>\n\t<meta property=\"og:image:type\" content=\"image\/jpeg\" \/>\n<meta name=\"author\" content=\"Diario1 Diario1\" \/>\n<meta name=\"twitter:card\" content=\"summary_large_image\" \/>\n<meta name=\"twitter:creator\" content=\"@eltextual\" \/>\n<meta name=\"twitter:site\" content=\"@eltextual\" \/>\n<meta name=\"twitter:label1\" content=\"Escrito por\" \/>\n\t<meta name=\"twitter:data1\" content=\"Diario1 Diario1\" \/>\n\t<meta name=\"twitter:label2\" content=\"Tiempo de lectura\" \/>\n\t<meta name=\"twitter:data2\" content=\"1 minuto\" \/>\n<script type=\"application\/ld+json\" class=\"yoast-schema-graph\">{\"@context\":\"https:\\\/\\\/schema.org\",\"@graph\":[{\"@type\":\"Article\",\"@id\":\"https:\\\/\\\/diariotextual.com\\\/inicio\\\/index.php\\\/2019\\\/01\\\/16\\\/macri-admitio-no-pudo-terminar-los-jardines-pidio-auxilio-la-pampa\\\/#article\",\"isPartOf\":{\"@id\":\"https:\\\/\\\/diariotextual.com\\\/inicio\\\/index.php\\\/2019\\\/01\\\/16\\\/macri-admitio-no-pudo-terminar-los-jardines-pidio-auxilio-la-pampa\\\/\"},\"author\":{\"name\":\"Diario1 Diario1\",\"@id\":\"https:\\\/\\\/diariotextual.com\\\/inicio\\\/#\\\/schema\\\/person\\\/418fc4093c33e86ed41562db3508f958\"},\"headline\":\"Macri admiti\u00f3 que no pudo terminar los jardines y pidi\u00f3 auxilio a La Pampa\",\"datePublished\":\"2019-01-16T14:22:13+00:00\",\"dateModified\":\"2019-01-16T22:46:34+00:00\",\"mainEntityOfPage\":{\"@id\":\"https:\\\/\\\/diariotextual.com\\\/inicio\\\/index.php\\\/2019\\\/01\\\/16\\\/macri-admitio-no-pudo-terminar-los-jardines-pidio-auxilio-la-pampa\\\/\"},\"wordCount\":224,\"publisher\":{\"@id\":\"https:\\\/\\\/diariotextual.com\\\/inicio\\\/#organization\"},\"image\":{\"@id\":\"https:\\\/\\\/diariotextual.com\\\/inicio\\\/index.php\\\/2019\\\/01\\\/16\\\/macri-admitio-no-pudo-terminar-los-jardines-pidio-auxilio-la-pampa\\\/#primaryimage\"},\"thumbnailUrl\":\"https:\\\/\\\/diariotextual.com\\\/inicio\\\/wp-content\\\/uploads\\\/2019\\\/01\\\/macrijardinesnenasynenesluiggi3.jpg\",\"keywords\":[\"jardines\",\"luiggi\",\"macri\",\"pampa\"],\"articleSection\":[\"A - TEMPORALES\",\"SOCIEDAD\"],\"inLanguage\":\"es\"},{\"@type\":\"WebPage\",\"@id\":\"https:\\\/\\\/diariotextual.com\\\/inicio\\\/index.php\\\/2019\\\/01\\\/16\\\/macri-admitio-no-pudo-terminar-los-jardines-pidio-auxilio-la-pampa\\\/\",\"url\":\"https:\\\/\\\/diariotextual.com\\\/inicio\\\/index.php\\\/2019\\\/01\\\/16\\\/macri-admitio-no-pudo-terminar-los-jardines-pidio-auxilio-la-pampa\\\/\",\"name\":\"Macri admiti\u00f3 que no pudo terminar los jardines y pidi\u00f3 auxilio a La Pampa - Diario Textual\",\"isPartOf\":{\"@id\":\"https:\\\/\\\/diariotextual.com\\\/inicio\\\/#website\"},\"primaryImageOfPage\":{\"@id\":\"https:\\\/\\\/diariotextual.com\\\/inicio\\\/index.php\\\/2019\\\/01\\\/16\\\/macri-admitio-no-pudo-terminar-los-jardines-pidio-auxilio-la-pampa\\\/#primaryimage\"},\"image\":{\"@id\":\"https:\\\/\\\/diariotextual.com\\\/inicio\\\/index.php\\\/2019\\\/01\\\/16\\\/macri-admitio-no-pudo-terminar-los-jardines-pidio-auxilio-la-pampa\\\/#primaryimage\"},\"thumbnailUrl\":\"https:\\\/\\\/diariotextual.com\\\/inicio\\\/wp-content\\\/uploads\\\/2019\\\/01\\\/macrijardinesnenasynenesluiggi3.jpg\",\"datePublished\":\"2019-01-16T14:22:13+00:00\",\"dateModified\":\"2019-01-16T22:46:34+00:00\",\"breadcrumb\":{\"@id\":\"https:\\\/\\\/diariotextual.com\\\/inicio\\\/index.php\\\/2019\\\/01\\\/16\\\/macri-admitio-no-pudo-terminar-los-jardines-pidio-auxilio-la-pampa\\\/#breadcrumb\"},\"inLanguage\":\"es\",\"potentialAction\":[{\"@type\":\"ReadAction\",\"target\":[\"https:\\\/\\\/diariotextual.com\\\/inicio\\\/index.php\\\/2019\\\/01\\\/16\\\/macri-admitio-no-pudo-terminar-los-jardines-pidio-auxilio-la-pampa\\\/\"]}]},{\"@type\":\"ImageObject\",\"inLanguage\":\"es\",\"@id\":\"https:\\\/\\\/diariotextual.com\\\/inicio\\\/index.php\\\/2019\\\/01\\\/16\\\/macri-admitio-no-pudo-terminar-los-jardines-pidio-auxilio-la-pampa\\\/#primaryimage\",\"url\":\"https:\\\/\\\/diariotextual.com\\\/inicio\\\/wp-content\\\/uploads\\\/2019\\\/01\\\/macrijardinesnenasynenesluiggi3.jpg\",\"contentUrl\":\"https:\\\/\\\/diariotextual.com\\\/inicio\\\/wp-content\\\/uploads\\\/2019\\\/01\\\/macrijardinesnenasynenesluiggi3.jpg\",\"width\":906,\"height\":565},{\"@type\":\"BreadcrumbList\",\"@id\":\"https:\\\/\\\/diariotextual.com\\\/inicio\\\/index.php\\\/2019\\\/01\\\/16\\\/macri-admitio-no-pudo-terminar-los-jardines-pidio-auxilio-la-pampa\\\/#breadcrumb\",\"itemListElement\":[{\"@type\":\"ListItem\",\"position\":1,\"name\":\"Portada\",\"item\":\"https:\\\/\\\/diariotextual.com\\\/inicio\\\/\"},{\"@type\":\"ListItem\",\"position\":2,\"name\":\"Macri admiti\u00f3 que no pudo terminar los jardines y pidi\u00f3 auxilio a La Pampa\"}]},{\"@type\":\"WebSite\",\"@id\":\"https:\\\/\\\/diariotextual.com\\\/inicio\\\/#website\",\"url\":\"https:\\\/\\\/diariotextual.com\\\/inicio\\\/\",\"name\":\"Diario Textual\",\"description\":\"\",\"publisher\":{\"@id\":\"https:\\\/\\\/diariotextual.com\\\/inicio\\\/#organization\"},\"potentialAction\":[{\"@type\":\"SearchAction\",\"target\":{\"@type\":\"EntryPoint\",\"urlTemplate\":\"https:\\\/\\\/diariotextual.com\\\/inicio\\\/?s={search_term_string}\"},\"query-input\":{\"@type\":\"PropertyValueSpecification\",\"valueRequired\":true,\"valueName\":\"search_term_string\"}}],\"inLanguage\":\"es\"},{\"@type\":\"Organization\",\"@id\":\"https:\\\/\\\/diariotextual.com\\\/inicio\\\/#organization\",\"name\":\"Diario Textual\",\"url\":\"https:\\\/\\\/diariotextual.com\\\/inicio\\\/\",\"logo\":{\"@type\":\"ImageObject\",\"inLanguage\":\"es\",\"@id\":\"https:\\\/\\\/diariotextual.com\\\/inicio\\\/#\\\/schema\\\/logo\\\/image\\\/\",\"url\":\"https:\\\/\\\/diariotextual.com\\\/inicio\\\/wp-content\\\/uploads\\\/2023\\\/05\\\/logotextual1.jpg\",\"contentUrl\":\"https:\\\/\\\/diariotextual.com\\\/inicio\\\/wp-content\\\/uploads\\\/2023\\\/05\\\/logotextual1.jpg\",\"width\":516,\"height\":76,\"caption\":\"Diario Textual\"},\"image\":{\"@id\":\"https:\\\/\\\/diariotextual.com\\\/inicio\\\/#\\\/schema\\\/logo\\\/image\\\/\"},\"sameAs\":[\"https:\\\/\\\/www.facebook.com\\\/eltextual\",\"https:\\\/\\\/x.com\\\/eltextual\",\"http:\\\/\\\/www.instagram.com\\\/eltextual\"]},{\"@type\":\"Person\",\"@id\":\"https:\\\/\\\/diariotextual.com\\\/inicio\\\/#\\\/schema\\\/person\\\/418fc4093c33e86ed41562db3508f958\",\"name\":\"Diario1 Diario1\",\"image\":{\"@type\":\"ImageObject\",\"inLanguage\":\"es\",\"@id\":\"https:\\\/\\\/secure.gravatar.com\\\/avatar\\\/9167d280179c85bc18be67aa7eda765854300033af4896dd779b608640f2ef7a?s=96&d=mm&r=g\",\"url\":\"https:\\\/\\\/secure.gravatar.com\\\/avatar\\\/9167d280179c85bc18be67aa7eda765854300033af4896dd779b608640f2ef7a?s=96&d=mm&r=g\",\"contentUrl\":\"https:\\\/\\\/secure.gravatar.com\\\/avatar\\\/9167d280179c85bc18be67aa7eda765854300033af4896dd779b608640f2ef7a?s=96&d=mm&r=g\",\"caption\":\"Diario1 Diario1\"},\"url\":\"https:\\\/\\\/diariotextual.com\\\/inicio\\\/index.php\\\/author\\\/diario1\\\/\"}]}<\/script>\n<!-- \/ Yoast SEO plugin. -->","yoast_head_json":{"title":"Macri admiti\u00f3 que no pudo terminar los jardines y pidi\u00f3 auxilio a La Pampa - Diario Textual","robots":{"index":"index","follow":"follow","max-snippet":"max-snippet:-1","max-image-preview":"max-image-preview:large","max-video-preview":"max-video-preview:-1"},"canonical":"https:\/\/diariotextual.com\/inicio\/index.php\/2019\/01\/16\/macri-admitio-no-pudo-terminar-los-jardines-pidio-auxilio-la-pampa\/","og_locale":"es_ES","og_type":"article","og_title":"Macri admiti\u00f3 que no pudo terminar los jardines y pidi\u00f3 auxilio a La Pampa - Diario Textual","og_description":"Los jardines de infantes que se iban a construir en La Pampa, de acuerdo a las promesas del presidente Mauricio Macri, no pudieron ser concluidos y las obras est\u00e1n abandonadas&hellip;","og_url":"https:\/\/diariotextual.com\/inicio\/index.php\/2019\/01\/16\/macri-admitio-no-pudo-terminar-los-jardines-pidio-auxilio-la-pampa\/","og_site_name":"Diario Textual","article_publisher":"https:\/\/www.facebook.com\/eltextual","article_published_time":"2019-01-16T14:22:13+00:00","article_modified_time":"2019-01-16T22:46:34+00:00","og_image":[{"width":906,"height":565,"url":"https:\/\/diariotextual.com\/inicio\/wp-content\/uploads\/2019\/01\/macrijardinesnenasynenesluiggi3.jpg","type":"image\/jpeg"}],"author":"Diario1 Diario1","twitter_card":"summary_large_image","twitter_creator":"@eltextual","twitter_site":"@eltextual","twitter_misc":{"Escrito por":"Diario1 Diario1","Tiempo de lectura":"1 minuto"},"schema":{"@context":"https:\/\/schema.org","@graph":[{"@type":"Article","@id":"https:\/\/diariotextual.com\/inicio\/index.php\/2019\/01\/16\/macri-admitio-no-pudo-terminar-los-jardines-pidio-auxilio-la-pampa\/#article","isPartOf":{"@id":"https:\/\/diariotextual.com\/inicio\/index.php\/2019\/01\/16\/macri-admitio-no-pudo-terminar-los-jardines-pidio-auxilio-la-pampa\/"},"author":{"name":"Diario1 Diario1","@id":"https:\/\/diariotextual.com\/inicio\/#\/schema\/person\/418fc4093c33e86ed41562db3508f958"},"headline":"Macri admiti\u00f3 que no pudo terminar los jardines y pidi\u00f3 auxilio a La Pampa","datePublished":"2019-01-16T14:22:13+00:00","dateModified":"2019-01-16T22:46:34+00:00","mainEntityOfPage":{"@id":"https:\/\/diariotextual.com\/inicio\/index.php\/2019\/01\/16\/macri-admitio-no-pudo-terminar-los-jardines-pidio-auxilio-la-pampa\/"},"wordCount":224,"publisher":{"@id":"https:\/\/diariotextual.com\/inicio\/#organization"},"image":{"@id":"https:\/\/diariotextual.com\/inicio\/index.php\/2019\/01\/16\/macri-admitio-no-pudo-terminar-los-jardines-pidio-auxilio-la-pampa\/#primaryimage"},"thumbnailUrl":"https:\/\/diariotextual.com\/inicio\/wp-content\/uploads\/2019\/01\/macrijardinesnenasynenesluiggi3.jpg","keywords":["jardines","luiggi","macri","pampa"],"articleSection":["A - TEMPORALES","SOCIEDAD"],"inLanguage":"es"},{"@type":"WebPage","@id":"https:\/\/diariotextual.com\/inicio\/index.php\/2019\/01\/16\/macri-admitio-no-pudo-terminar-los-jardines-pidio-auxilio-la-pampa\/","url":"https:\/\/diariotextual.com\/inicio\/index.php\/2019\/01\/16\/macri-admitio-no-pudo-terminar-los-jardines-pidio-auxilio-la-pampa\/","name":"Macri admiti\u00f3 que no pudo terminar los jardines y pidi\u00f3 auxilio a La Pampa - Diario Textual","isPartOf":{"@id":"https:\/\/diariotextual.com\/inicio\/#website"},"primaryImageOfPage":{"@id":"https:\/\/diariotextual.com\/inicio\/index.php\/2019\/01\/16\/macri-admitio-no-pudo-terminar-los-jardines-pidio-auxilio-la-pampa\/#primaryimage"},"image":{"@id":"https:\/\/diariotextual.com\/inicio\/index.php\/2019\/01\/16\/macri-admitio-no-pudo-terminar-los-jardines-pidio-auxilio-la-pampa\/#primaryimage"},"thumbnailUrl":"https:\/\/diariotextual.com\/inicio\/wp-content\/uploads\/2019\/01\/macrijardinesnenasynenesluiggi3.jpg","datePublished":"2019-01-16T14:22:13+00:00","dateModified":"2019-01-16T22:46:34+00:00","breadcrumb":{"@id":"https:\/\/diariotextual.com\/inicio\/index.php\/2019\/01\/16\/macri-admitio-no-pudo-terminar-los-jardines-pidio-auxilio-la-pampa\/#breadcrumb"},"inLanguage":"es","potentialAction":[{"@type":"ReadAction","target":["https:\/\/diariotextual.com\/inicio\/index.php\/2019\/01\/16\/macri-admitio-no-pudo-terminar-los-jardines-pidio-auxilio-la-pampa\/"]}]},{"@type":"ImageObject","inLanguage":"es","@id":"https:\/\/diariotextual.com\/inicio\/index.php\/2019\/01\/16\/macri-admitio-no-pudo-terminar-los-jardines-pidio-auxilio-la-pampa\/#primaryimage","url":"https:\/\/diariotextual.com\/inicio\/wp-content\/uploads\/2019\/01\/macrijardinesnenasynenesluiggi3.jpg","contentUrl":"https:\/\/diariotextual.com\/inicio\/wp-content\/uploads\/2019\/01\/macrijardinesnenasynenesluiggi3.jpg","width":906,"height":565},{"@type":"BreadcrumbList","@id":"https:\/\/diariotextual.com\/inicio\/index.php\/2019\/01\/16\/macri-admitio-no-pudo-terminar-los-jardines-pidio-auxilio-la-pampa\/#breadcrumb","itemListElement":[{"@type":"ListItem","position":1,"name":"Portada","item":"https:\/\/diariotextual.com\/inicio\/"},{"@type":"ListItem","position":2,"name":"Macri admiti\u00f3 que no pudo terminar los jardines y pidi\u00f3 auxilio a La Pampa"}]},{"@type":"WebSite","@id":"https:\/\/diariotextual.com\/inicio\/#website","url":"https:\/\/diariotextual.com\/inicio\/","name":"Diario Textual","description":"","publisher":{"@id":"https:\/\/diariotextual.com\/inicio\/#organization"},"potentialAction":[{"@type":"SearchAction","target":{"@type":"EntryPoint","urlTemplate":"https:\/\/diariotextual.com\/inicio\/?s={search_term_string}"},"query-input":{"@type":"PropertyValueSpecification","valueRequired":true,"valueName":"search_term_string"}}],"inLanguage":"es"},{"@type":"Organization","@id":"https:\/\/diariotextual.com\/inicio\/#organization","name":"Diario Textual","url":"https:\/\/diariotextual.com\/inicio\/","logo":{"@type":"ImageObject","inLanguage":"es","@id":"https:\/\/diariotextual.com\/inicio\/#\/schema\/logo\/image\/","url":"https:\/\/diariotextual.com\/inicio\/wp-content\/uploads\/2023\/05\/logotextual1.jpg","contentUrl":"https:\/\/diariotextual.com\/inicio\/wp-content\/uploads\/2023\/05\/logotextual1.jpg","width":516,"height":76,"caption":"Diario Textual"},"image":{"@id":"https:\/\/diariotextual.com\/inicio\/#\/schema\/logo\/image\/"},"sameAs":["https:\/\/www.facebook.com\/eltextual","https:\/\/x.com\/eltextual","http:\/\/www.instagram.com\/eltextual"]},{"@type":"Person","@id":"https:\/\/diariotextual.com\/inicio\/#\/schema\/person\/418fc4093c33e86ed41562db3508f958","name":"Diario1 Diario1","image":{"@type":"ImageObject","inLanguage":"es","@id":"https:\/\/secure.gravatar.com\/avatar\/9167d280179c85bc18be67aa7eda765854300033af4896dd779b608640f2ef7a?s=96&d=mm&r=g","url":"https:\/\/secure.gravatar.com\/avatar\/9167d280179c85bc18be67aa7eda765854300033af4896dd779b608640f2ef7a?s=96&d=mm&r=g","contentUrl":"https:\/\/secure.gravatar.com\/avatar\/9167d280179c85bc18be67aa7eda765854300033af4896dd779b608640f2ef7a?s=96&d=mm&r=g","caption":"Diario1 Diario1"},"url":"https:\/\/diariotextual.com\/inicio\/index.php\/author\/diario1\/"}]}},"_links":{"self":[{"href":"https:\/\/diariotextual.com\/inicio\/index.php\/wp-json\/wp\/v2\/posts\/34485","targetHints":{"allow":["GET"]}}],"collection":[{"href":"https:\/\/diariotextual.com\/inicio\/index.php\/wp-json\/wp\/v2\/posts"}],"about":[{"href":"https:\/\/diariotextual.com\/inicio\/index.php\/wp-json\/wp\/v2\/types\/post"}],"author":[{"embeddable":true,"href":"https:\/\/diariotextual.com\/inicio\/index.php\/wp-json\/wp\/v2\/users\/3"}],"replies":[{"embeddable":true,"href":"https:\/\/diariotextual.com\/inicio\/index.php\/wp-json\/wp\/v2\/comments?post=34485"}],"version-history":[{"count":1,"href":"https:\/\/diariotextual.com\/inicio\/index.php\/wp-json\/wp\/v2\/posts\/34485\/revisions"}],"predecessor-version":[{"id":34486,"href":"https:\/\/diariotextual.com\/inicio\/index.php\/wp-json\/wp\/v2\/posts\/34485\/revisions\/34486"}],"wp:featuredmedia":[{"embeddable":true,"href":"https:\/\/diariotextual.com\/inicio\/index.php\/wp-json\/wp\/v2\/media\/34480"}],"wp:attachment":[{"href":"https:\/\/diariotextual.com\/inicio\/index.php\/wp-json\/wp\/v2\/media?parent=34485"}],"wp:term":[{"taxonomy":"category","embeddable":true,"href":"https:\/\/diariotextual.com\/inicio\/index.php\/wp-json\/wp\/v2\/categories?post=34485"},{"taxonomy":"post_tag","embeddable":true,"href":"https:\/\/diariotextual.com\/inicio\/index.php\/wp-json\/wp\/v2\/tags?post=34485"}],"curies":[{"name":"wp","href":"https:\/\/api.w.org\/{rel}","templated":true}]}}