{"id":34506,"date":"2019-01-16T13:09:31","date_gmt":"2019-01-16T16:09:31","guid":{"rendered":"http:\/\/diariotextual.com\/inicio\/?p=34506"},"modified":"2019-01-16T18:17:40","modified_gmt":"2019-01-16T21:17:40","slug":"macri-bolsonaro-criticaron-maduro-apuntaron-modernizar-mercosur","status":"publish","type":"post","link":"https:\/\/diariotextual.com\/inicio\/index.php\/2019\/01\/16\/macri-bolsonaro-criticaron-maduro-apuntaron-modernizar-mercosur\/","title":{"rendered":"Macri y Bolsonaro criticaron a Maduro y apuntaron a modernizar el Mercosur"},"content":{"rendered":"<p>El presidente Mauricio Macri se reuni\u00f3 esta ma\u00f1ana con su par Jair Bolsonaro, en el primer encuentro bilateral entre ambos desde la asunci\u00f3n del mandatario brasile\u00f1o. Los presidentes coincidieron en la necesidad de cambiar la situaci\u00f3n actual del Mercosur y apuntaron duro contra Maduro por la situaci\u00f3n de Venezuela.<\/p>\n<p>El nuevo presidente brasile\u00f1o dijo que Argentina y Brasil tienen una convergencia de posiciones en cuestiones de valores y puso como ejemplo la cooperaci\u00f3n en la posici\u00f3n que han planteado frente a la situaci\u00f3n de Venezuela y el nuevo mandato de Nicol\u00e1s Maduro.<\/p>\n<p>Macri afirm\u00f3 que el presidente de Venezuela, Nicol\u00e1s Maduro, \u00abes un dictador que busca perpetuarse en el poder con elecciones ficticias y encarcelando opositores\u00bb, y expres\u00f3 que la Argentina y Brasil \u00abreconocen a la Asamblea Nacional como \u00fanica autoridad leg\u00edtima\u00bb.<\/p>\n<p>Despu\u00e9s de una reuni\u00f3n que dur\u00f3 poco menos de dos horas, el presidente Bolsonaro dijo que fue una reuni\u00f3n muy productiva en la que hablaron sin ideolog\u00edas pol\u00edticas porque \u00abno hay tab\u00faes en la relaci\u00f3n bilateral con la Argentina\u00bb.<\/p>\n<p>\u00abEs una relaci\u00f3n que nosotros queremos y vamos a trabajar para fortalecerla cada vez m\u00e1s. Acompa\u00f1amos los esfuerzos del presidente Macri para levantar la econom\u00eda de la Argentina y para integrarla al mundo\u00bb, dijo el mandatario brasile\u00f1o.<\/p>\n<p>Entre los intereses comunes mencion\u00f3 la lucha contra el crimen organizado y el fortalecimiento del comercio.<\/p>\n<p>En ese sentido, tambi\u00e9n dijo que era necesario trabajar para que el Mercosur sea un tratado productivo para los pa\u00edses miembros. \u00abEl Mercosur necesita valorar su intenci\u00f3n original que era de apertura comercial y la disminuci\u00f3n de barreras. Nuestro prop\u00f3sito es que el Mercosur tenga sentido. Estamos de acuerdo en que debemos terminar las negociaciones que tenemos e iniciar nuevas con flexibilidad y creatividad\u00bb, recalc\u00f3 Bolsonaro.<\/p>\n<p>&nbsp;<\/p>\n<p>&nbsp;<\/p>\n<p>&nbsp;<\/p>\n","protected":false},"excerpt":{"rendered":"<p>El presidente Mauricio Macri se reuni\u00f3 esta ma\u00f1ana con su par Jair Bolsonaro, en el primer encuentro bilateral entre ambos desde la asunci\u00f3n del mandatario brasile\u00f1o. Los presidentes coincidieron en&hellip;<\/p>\n","protected":false},"author":3,"featured_media":34509,"comment_status":"closed","ping_status":"open","sticky":false,"template":"","format":"standard","meta":{"_acf_changed":false,"footnotes":""},"categories":[1,11,7],"tags":[1286,120],"class_list":["post-34506","post","type-post","status-publish","format-standard","has-post-thumbnail","hentry","category-es-noticia","category-que-pasa","category-mundo","tag-bolsonaro","tag-macri"],"acf":[],"yoast_head":"<!-- This site is optimized with the Yoast SEO plugin v27.5 - https:\/\/yoast.com\/product\/yoast-seo-wordpress\/ -->\n<title>Macri y Bolsonaro criticaron a Maduro y apuntaron a modernizar el Mercosur - Diario Textual<\/title>\n<meta name=\"robots\" content=\"index, follow, max-snippet:-1, max-image-preview:large, max-video-preview:-1\" \/>\n<link rel=\"canonical\" href=\"https:\/\/diariotextual.com\/inicio\/index.php\/2019\/01\/16\/macri-bolsonaro-criticaron-maduro-apuntaron-modernizar-mercosur\/\" \/>\n<meta property=\"og:locale\" content=\"es_ES\" \/>\n<meta property=\"og:type\" content=\"article\" \/>\n<meta property=\"og:title\" content=\"Macri y Bolsonaro criticaron a Maduro y apuntaron a modernizar el Mercosur - Diario Textual\" \/>\n<meta property=\"og:description\" content=\"El presidente Mauricio Macri se reuni\u00f3 esta ma\u00f1ana con su par Jair Bolsonaro, en el primer encuentro bilateral entre ambos desde la asunci\u00f3n del mandatario brasile\u00f1o. Los presidentes coincidieron en&hellip;\" \/>\n<meta property=\"og:url\" content=\"https:\/\/diariotextual.com\/inicio\/index.php\/2019\/01\/16\/macri-bolsonaro-criticaron-maduro-apuntaron-modernizar-mercosur\/\" \/>\n<meta property=\"og:site_name\" content=\"Diario Textual\" \/>\n<meta property=\"article:publisher\" content=\"https:\/\/www.facebook.com\/eltextual\" \/>\n<meta property=\"article:published_time\" content=\"2019-01-16T16:09:31+00:00\" \/>\n<meta property=\"article:modified_time\" content=\"2019-01-16T21:17:40+00:00\" \/>\n<meta property=\"og:image\" content=\"https:\/\/diariotextual.com\/inicio\/wp-content\/uploads\/2019\/01\/macribolsonaro2019-1.jpg\" \/>\n\t<meta property=\"og:image:width\" content=\"1200\" \/>\n\t<meta property=\"og:image:height\" content=\"800\" \/>\n\t<meta property=\"og:image:type\" content=\"image\/jpeg\" \/>\n<meta name=\"author\" content=\"Diario1 Diario1\" \/>\n<meta name=\"twitter:card\" content=\"summary_large_image\" \/>\n<meta name=\"twitter:creator\" content=\"@eltextual\" \/>\n<meta name=\"twitter:site\" content=\"@eltextual\" \/>\n<meta name=\"twitter:label1\" content=\"Escrito por\" \/>\n\t<meta name=\"twitter:data1\" content=\"Diario1 Diario1\" \/>\n\t<meta name=\"twitter:label2\" content=\"Tiempo de lectura\" \/>\n\t<meta name=\"twitter:data2\" content=\"2 minutos\" \/>\n<script type=\"application\/ld+json\" class=\"yoast-schema-graph\">{\"@context\":\"https:\\\/\\\/schema.org\",\"@graph\":[{\"@type\":\"Article\",\"@id\":\"https:\\\/\\\/diariotextual.com\\\/inicio\\\/index.php\\\/2019\\\/01\\\/16\\\/macri-bolsonaro-criticaron-maduro-apuntaron-modernizar-mercosur\\\/#article\",\"isPartOf\":{\"@id\":\"https:\\\/\\\/diariotextual.com\\\/inicio\\\/index.php\\\/2019\\\/01\\\/16\\\/macri-bolsonaro-criticaron-maduro-apuntaron-modernizar-mercosur\\\/\"},\"author\":{\"name\":\"Diario1 Diario1\",\"@id\":\"https:\\\/\\\/diariotextual.com\\\/inicio\\\/#\\\/schema\\\/person\\\/418fc4093c33e86ed41562db3508f958\"},\"headline\":\"Macri y Bolsonaro criticaron a Maduro y apuntaron a modernizar el Mercosur\",\"datePublished\":\"2019-01-16T16:09:31+00:00\",\"dateModified\":\"2019-01-16T21:17:40+00:00\",\"mainEntityOfPage\":{\"@id\":\"https:\\\/\\\/diariotextual.com\\\/inicio\\\/index.php\\\/2019\\\/01\\\/16\\\/macri-bolsonaro-criticaron-maduro-apuntaron-modernizar-mercosur\\\/\"},\"wordCount\":334,\"publisher\":{\"@id\":\"https:\\\/\\\/diariotextual.com\\\/inicio\\\/#organization\"},\"image\":{\"@id\":\"https:\\\/\\\/diariotextual.com\\\/inicio\\\/index.php\\\/2019\\\/01\\\/16\\\/macri-bolsonaro-criticaron-maduro-apuntaron-modernizar-mercosur\\\/#primaryimage\"},\"thumbnailUrl\":\"https:\\\/\\\/diariotextual.com\\\/inicio\\\/wp-content\\\/uploads\\\/2019\\\/01\\\/macribolsonaro2019-1.jpg\",\"keywords\":[\"bolsonaro\",\"macri\"],\"articleSection\":[\"A - ES NOTICIA (van abajo)\",\"A - QUE PASA (al costado)\",\"MUNDO\"],\"inLanguage\":\"es\"},{\"@type\":\"WebPage\",\"@id\":\"https:\\\/\\\/diariotextual.com\\\/inicio\\\/index.php\\\/2019\\\/01\\\/16\\\/macri-bolsonaro-criticaron-maduro-apuntaron-modernizar-mercosur\\\/\",\"url\":\"https:\\\/\\\/diariotextual.com\\\/inicio\\\/index.php\\\/2019\\\/01\\\/16\\\/macri-bolsonaro-criticaron-maduro-apuntaron-modernizar-mercosur\\\/\",\"name\":\"Macri y Bolsonaro criticaron a Maduro y apuntaron a modernizar el Mercosur - Diario Textual\",\"isPartOf\":{\"@id\":\"https:\\\/\\\/diariotextual.com\\\/inicio\\\/#website\"},\"primaryImageOfPage\":{\"@id\":\"https:\\\/\\\/diariotextual.com\\\/inicio\\\/index.php\\\/2019\\\/01\\\/16\\\/macri-bolsonaro-criticaron-maduro-apuntaron-modernizar-mercosur\\\/#primaryimage\"},\"image\":{\"@id\":\"https:\\\/\\\/diariotextual.com\\\/inicio\\\/index.php\\\/2019\\\/01\\\/16\\\/macri-bolsonaro-criticaron-maduro-apuntaron-modernizar-mercosur\\\/#primaryimage\"},\"thumbnailUrl\":\"https:\\\/\\\/diariotextual.com\\\/inicio\\\/wp-content\\\/uploads\\\/2019\\\/01\\\/macribolsonaro2019-1.jpg\",\"datePublished\":\"2019-01-16T16:09:31+00:00\",\"dateModified\":\"2019-01-16T21:17:40+00:00\",\"breadcrumb\":{\"@id\":\"https:\\\/\\\/diariotextual.com\\\/inicio\\\/index.php\\\/2019\\\/01\\\/16\\\/macri-bolsonaro-criticaron-maduro-apuntaron-modernizar-mercosur\\\/#breadcrumb\"},\"inLanguage\":\"es\",\"potentialAction\":[{\"@type\":\"ReadAction\",\"target\":[\"https:\\\/\\\/diariotextual.com\\\/inicio\\\/index.php\\\/2019\\\/01\\\/16\\\/macri-bolsonaro-criticaron-maduro-apuntaron-modernizar-mercosur\\\/\"]}]},{\"@type\":\"ImageObject\",\"inLanguage\":\"es\",\"@id\":\"https:\\\/\\\/diariotextual.com\\\/inicio\\\/index.php\\\/2019\\\/01\\\/16\\\/macri-bolsonaro-criticaron-maduro-apuntaron-modernizar-mercosur\\\/#primaryimage\",\"url\":\"https:\\\/\\\/diariotextual.com\\\/inicio\\\/wp-content\\\/uploads\\\/2019\\\/01\\\/macribolsonaro2019-1.jpg\",\"contentUrl\":\"https:\\\/\\\/diariotextual.com\\\/inicio\\\/wp-content\\\/uploads\\\/2019\\\/01\\\/macribolsonaro2019-1.jpg\",\"width\":1200,\"height\":800},{\"@type\":\"BreadcrumbList\",\"@id\":\"https:\\\/\\\/diariotextual.com\\\/inicio\\\/index.php\\\/2019\\\/01\\\/16\\\/macri-bolsonaro-criticaron-maduro-apuntaron-modernizar-mercosur\\\/#breadcrumb\",\"itemListElement\":[{\"@type\":\"ListItem\",\"position\":1,\"name\":\"Portada\",\"item\":\"https:\\\/\\\/diariotextual.com\\\/inicio\\\/\"},{\"@type\":\"ListItem\",\"position\":2,\"name\":\"Macri y Bolsonaro criticaron a Maduro y apuntaron a modernizar el Mercosur\"}]},{\"@type\":\"WebSite\",\"@id\":\"https:\\\/\\\/diariotextual.com\\\/inicio\\\/#website\",\"url\":\"https:\\\/\\\/diariotextual.com\\\/inicio\\\/\",\"name\":\"Diario Textual\",\"description\":\"\",\"publisher\":{\"@id\":\"https:\\\/\\\/diariotextual.com\\\/inicio\\\/#organization\"},\"potentialAction\":[{\"@type\":\"SearchAction\",\"target\":{\"@type\":\"EntryPoint\",\"urlTemplate\":\"https:\\\/\\\/diariotextual.com\\\/inicio\\\/?s={search_term_string}\"},\"query-input\":{\"@type\":\"PropertyValueSpecification\",\"valueRequired\":true,\"valueName\":\"search_term_string\"}}],\"inLanguage\":\"es\"},{\"@type\":\"Organization\",\"@id\":\"https:\\\/\\\/diariotextual.com\\\/inicio\\\/#organization\",\"name\":\"Diario Textual\",\"url\":\"https:\\\/\\\/diariotextual.com\\\/inicio\\\/\",\"logo\":{\"@type\":\"ImageObject\",\"inLanguage\":\"es\",\"@id\":\"https:\\\/\\\/diariotextual.com\\\/inicio\\\/#\\\/schema\\\/logo\\\/image\\\/\",\"url\":\"https:\\\/\\\/diariotextual.com\\\/inicio\\\/wp-content\\\/uploads\\\/2023\\\/05\\\/logotextual1.jpg\",\"contentUrl\":\"https:\\\/\\\/diariotextual.com\\\/inicio\\\/wp-content\\\/uploads\\\/2023\\\/05\\\/logotextual1.jpg\",\"width\":516,\"height\":76,\"caption\":\"Diario Textual\"},\"image\":{\"@id\":\"https:\\\/\\\/diariotextual.com\\\/inicio\\\/#\\\/schema\\\/logo\\\/image\\\/\"},\"sameAs\":[\"https:\\\/\\\/www.facebook.com\\\/eltextual\",\"https:\\\/\\\/x.com\\\/eltextual\",\"http:\\\/\\\/www.instagram.com\\\/eltextual\"]},{\"@type\":\"Person\",\"@id\":\"https:\\\/\\\/diariotextual.com\\\/inicio\\\/#\\\/schema\\\/person\\\/418fc4093c33e86ed41562db3508f958\",\"name\":\"Diario1 Diario1\",\"image\":{\"@type\":\"ImageObject\",\"inLanguage\":\"es\",\"@id\":\"https:\\\/\\\/secure.gravatar.com\\\/avatar\\\/9167d280179c85bc18be67aa7eda765854300033af4896dd779b608640f2ef7a?s=96&d=mm&r=g\",\"url\":\"https:\\\/\\\/secure.gravatar.com\\\/avatar\\\/9167d280179c85bc18be67aa7eda765854300033af4896dd779b608640f2ef7a?s=96&d=mm&r=g\",\"contentUrl\":\"https:\\\/\\\/secure.gravatar.com\\\/avatar\\\/9167d280179c85bc18be67aa7eda765854300033af4896dd779b608640f2ef7a?s=96&d=mm&r=g\",\"caption\":\"Diario1 Diario1\"},\"url\":\"https:\\\/\\\/diariotextual.com\\\/inicio\\\/index.php\\\/author\\\/diario1\\\/\"}]}<\/script>\n<!-- \/ Yoast SEO plugin. -->","yoast_head_json":{"title":"Macri y Bolsonaro criticaron a Maduro y apuntaron a modernizar el Mercosur - Diario Textual","robots":{"index":"index","follow":"follow","max-snippet":"max-snippet:-1","max-image-preview":"max-image-preview:large","max-video-preview":"max-video-preview:-1"},"canonical":"https:\/\/diariotextual.com\/inicio\/index.php\/2019\/01\/16\/macri-bolsonaro-criticaron-maduro-apuntaron-modernizar-mercosur\/","og_locale":"es_ES","og_type":"article","og_title":"Macri y Bolsonaro criticaron a Maduro y apuntaron a modernizar el Mercosur - Diario Textual","og_description":"El presidente Mauricio Macri se reuni\u00f3 esta ma\u00f1ana con su par Jair Bolsonaro, en el primer encuentro bilateral entre ambos desde la asunci\u00f3n del mandatario brasile\u00f1o. Los presidentes coincidieron en&hellip;","og_url":"https:\/\/diariotextual.com\/inicio\/index.php\/2019\/01\/16\/macri-bolsonaro-criticaron-maduro-apuntaron-modernizar-mercosur\/","og_site_name":"Diario Textual","article_publisher":"https:\/\/www.facebook.com\/eltextual","article_published_time":"2019-01-16T16:09:31+00:00","article_modified_time":"2019-01-16T21:17:40+00:00","og_image":[{"width":1200,"height":800,"url":"https:\/\/diariotextual.com\/inicio\/wp-content\/uploads\/2019\/01\/macribolsonaro2019-1.jpg","type":"image\/jpeg"}],"author":"Diario1 Diario1","twitter_card":"summary_large_image","twitter_creator":"@eltextual","twitter_site":"@eltextual","twitter_misc":{"Escrito por":"Diario1 Diario1","Tiempo de lectura":"2 minutos"},"schema":{"@context":"https:\/\/schema.org","@graph":[{"@type":"Article","@id":"https:\/\/diariotextual.com\/inicio\/index.php\/2019\/01\/16\/macri-bolsonaro-criticaron-maduro-apuntaron-modernizar-mercosur\/#article","isPartOf":{"@id":"https:\/\/diariotextual.com\/inicio\/index.php\/2019\/01\/16\/macri-bolsonaro-criticaron-maduro-apuntaron-modernizar-mercosur\/"},"author":{"name":"Diario1 Diario1","@id":"https:\/\/diariotextual.com\/inicio\/#\/schema\/person\/418fc4093c33e86ed41562db3508f958"},"headline":"Macri y Bolsonaro criticaron a Maduro y apuntaron a modernizar el Mercosur","datePublished":"2019-01-16T16:09:31+00:00","dateModified":"2019-01-16T21:17:40+00:00","mainEntityOfPage":{"@id":"https:\/\/diariotextual.com\/inicio\/index.php\/2019\/01\/16\/macri-bolsonaro-criticaron-maduro-apuntaron-modernizar-mercosur\/"},"wordCount":334,"publisher":{"@id":"https:\/\/diariotextual.com\/inicio\/#organization"},"image":{"@id":"https:\/\/diariotextual.com\/inicio\/index.php\/2019\/01\/16\/macri-bolsonaro-criticaron-maduro-apuntaron-modernizar-mercosur\/#primaryimage"},"thumbnailUrl":"https:\/\/diariotextual.com\/inicio\/wp-content\/uploads\/2019\/01\/macribolsonaro2019-1.jpg","keywords":["bolsonaro","macri"],"articleSection":["A - ES NOTICIA (van abajo)","A - QUE PASA (al costado)","MUNDO"],"inLanguage":"es"},{"@type":"WebPage","@id":"https:\/\/diariotextual.com\/inicio\/index.php\/2019\/01\/16\/macri-bolsonaro-criticaron-maduro-apuntaron-modernizar-mercosur\/","url":"https:\/\/diariotextual.com\/inicio\/index.php\/2019\/01\/16\/macri-bolsonaro-criticaron-maduro-apuntaron-modernizar-mercosur\/","name":"Macri y Bolsonaro criticaron a Maduro y apuntaron a modernizar el Mercosur - Diario Textual","isPartOf":{"@id":"https:\/\/diariotextual.com\/inicio\/#website"},"primaryImageOfPage":{"@id":"https:\/\/diariotextual.com\/inicio\/index.php\/2019\/01\/16\/macri-bolsonaro-criticaron-maduro-apuntaron-modernizar-mercosur\/#primaryimage"},"image":{"@id":"https:\/\/diariotextual.com\/inicio\/index.php\/2019\/01\/16\/macri-bolsonaro-criticaron-maduro-apuntaron-modernizar-mercosur\/#primaryimage"},"thumbnailUrl":"https:\/\/diariotextual.com\/inicio\/wp-content\/uploads\/2019\/01\/macribolsonaro2019-1.jpg","datePublished":"2019-01-16T16:09:31+00:00","dateModified":"2019-01-16T21:17:40+00:00","breadcrumb":{"@id":"https:\/\/diariotextual.com\/inicio\/index.php\/2019\/01\/16\/macri-bolsonaro-criticaron-maduro-apuntaron-modernizar-mercosur\/#breadcrumb"},"inLanguage":"es","potentialAction":[{"@type":"ReadAction","target":["https:\/\/diariotextual.com\/inicio\/index.php\/2019\/01\/16\/macri-bolsonaro-criticaron-maduro-apuntaron-modernizar-mercosur\/"]}]},{"@type":"ImageObject","inLanguage":"es","@id":"https:\/\/diariotextual.com\/inicio\/index.php\/2019\/01\/16\/macri-bolsonaro-criticaron-maduro-apuntaron-modernizar-mercosur\/#primaryimage","url":"https:\/\/diariotextual.com\/inicio\/wp-content\/uploads\/2019\/01\/macribolsonaro2019-1.jpg","contentUrl":"https:\/\/diariotextual.com\/inicio\/wp-content\/uploads\/2019\/01\/macribolsonaro2019-1.jpg","width":1200,"height":800},{"@type":"BreadcrumbList","@id":"https:\/\/diariotextual.com\/inicio\/index.php\/2019\/01\/16\/macri-bolsonaro-criticaron-maduro-apuntaron-modernizar-mercosur\/#breadcrumb","itemListElement":[{"@type":"ListItem","position":1,"name":"Portada","item":"https:\/\/diariotextual.com\/inicio\/"},{"@type":"ListItem","position":2,"name":"Macri y Bolsonaro criticaron a Maduro y apuntaron a modernizar el Mercosur"}]},{"@type":"WebSite","@id":"https:\/\/diariotextual.com\/inicio\/#website","url":"https:\/\/diariotextual.com\/inicio\/","name":"Diario Textual","description":"","publisher":{"@id":"https:\/\/diariotextual.com\/inicio\/#organization"},"potentialAction":[{"@type":"SearchAction","target":{"@type":"EntryPoint","urlTemplate":"https:\/\/diariotextual.com\/inicio\/?s={search_term_string}"},"query-input":{"@type":"PropertyValueSpecification","valueRequired":true,"valueName":"search_term_string"}}],"inLanguage":"es"},{"@type":"Organization","@id":"https:\/\/diariotextual.com\/inicio\/#organization","name":"Diario Textual","url":"https:\/\/diariotextual.com\/inicio\/","logo":{"@type":"ImageObject","inLanguage":"es","@id":"https:\/\/diariotextual.com\/inicio\/#\/schema\/logo\/image\/","url":"https:\/\/diariotextual.com\/inicio\/wp-content\/uploads\/2023\/05\/logotextual1.jpg","contentUrl":"https:\/\/diariotextual.com\/inicio\/wp-content\/uploads\/2023\/05\/logotextual1.jpg","width":516,"height":76,"caption":"Diario Textual"},"image":{"@id":"https:\/\/diariotextual.com\/inicio\/#\/schema\/logo\/image\/"},"sameAs":["https:\/\/www.facebook.com\/eltextual","https:\/\/x.com\/eltextual","http:\/\/www.instagram.com\/eltextual"]},{"@type":"Person","@id":"https:\/\/diariotextual.com\/inicio\/#\/schema\/person\/418fc4093c33e86ed41562db3508f958","name":"Diario1 Diario1","image":{"@type":"ImageObject","inLanguage":"es","@id":"https:\/\/secure.gravatar.com\/avatar\/9167d280179c85bc18be67aa7eda765854300033af4896dd779b608640f2ef7a?s=96&d=mm&r=g","url":"https:\/\/secure.gravatar.com\/avatar\/9167d280179c85bc18be67aa7eda765854300033af4896dd779b608640f2ef7a?s=96&d=mm&r=g","contentUrl":"https:\/\/secure.gravatar.com\/avatar\/9167d280179c85bc18be67aa7eda765854300033af4896dd779b608640f2ef7a?s=96&d=mm&r=g","caption":"Diario1 Diario1"},"url":"https:\/\/diariotextual.com\/inicio\/index.php\/author\/diario1\/"}]}},"_links":{"self":[{"href":"https:\/\/diariotextual.com\/inicio\/index.php\/wp-json\/wp\/v2\/posts\/34506","targetHints":{"allow":["GET"]}}],"collection":[{"href":"https:\/\/diariotextual.com\/inicio\/index.php\/wp-json\/wp\/v2\/posts"}],"about":[{"href":"https:\/\/diariotextual.com\/inicio\/index.php\/wp-json\/wp\/v2\/types\/post"}],"author":[{"embeddable":true,"href":"https:\/\/diariotextual.com\/inicio\/index.php\/wp-json\/wp\/v2\/users\/3"}],"replies":[{"embeddable":true,"href":"https:\/\/diariotextual.com\/inicio\/index.php\/wp-json\/wp\/v2\/comments?post=34506"}],"version-history":[{"count":2,"href":"https:\/\/diariotextual.com\/inicio\/index.php\/wp-json\/wp\/v2\/posts\/34506\/revisions"}],"predecessor-version":[{"id":34508,"href":"https:\/\/diariotextual.com\/inicio\/index.php\/wp-json\/wp\/v2\/posts\/34506\/revisions\/34508"}],"wp:featuredmedia":[{"embeddable":true,"href":"https:\/\/diariotextual.com\/inicio\/index.php\/wp-json\/wp\/v2\/media\/34509"}],"wp:attachment":[{"href":"https:\/\/diariotextual.com\/inicio\/index.php\/wp-json\/wp\/v2\/media?parent=34506"}],"wp:term":[{"taxonomy":"category","embeddable":true,"href":"https:\/\/diariotextual.com\/inicio\/index.php\/wp-json\/wp\/v2\/categories?post=34506"},{"taxonomy":"post_tag","embeddable":true,"href":"https:\/\/diariotextual.com\/inicio\/index.php\/wp-json\/wp\/v2\/tags?post=34506"}],"curies":[{"name":"wp","href":"https:\/\/api.w.org\/{rel}","templated":true}]}}