{"id":34635,"date":"2019-01-17T19:32:57","date_gmt":"2019-01-17T22:32:57","guid":{"rendered":"http:\/\/diariotextual.com\/inicio\/?p=34635"},"modified":"2019-01-17T22:22:26","modified_gmt":"2019-01-18T01:22:26","slug":"identificaron-al-autor-del-ataque-terrorista-bogota","status":"publish","type":"post","link":"https:\/\/diariotextual.com\/inicio\/index.php\/2019\/01\/17\/identificaron-al-autor-del-ataque-terrorista-bogota\/","title":{"rendered":"Identificaron al autor del ataque terrorista en Bogot\u00e1"},"content":{"rendered":"<p>La fiscal\u00eda colombiana anunci\u00f3 que identific\u00f3 plenamente al hombre que hizo detonar este jueves un coche con 80 kilos de explosivos en una academia de polic\u00eda en Bogot\u00e1, que caus\u00f3 diez muertos.<\/p>\n<p>\u201cHemos logrado establecer la autor\u00eda material de este execrable crimen, de este acto terrorista, en cabeza del se\u00f1or Jos\u00e9 <strong>Aldemar Rojas Rodr\u00edguez<\/strong>\u00ab, dijo el jefe del organismo investigador N\u00e9stor Humberto Mart\u00ednez. La autoridad no revel\u00f3 de momento su vinculaci\u00f3n con alg\u00fan grupo armado.<\/p>\n<p>El ataque fue dirigido contra la Escuela de Oficiales General Francisco de Paula Santander.\u00a0La explosi\u00f3n se produjo despu\u00e9s de una ceremonia de ascenso de oficiales. Las primeras im\u00e1genes de la televisi\u00f3n local mostraron el movimiento de ambulancias alrededor del sitio del presunto ataque, y lo que parecen ser los restos de un veh\u00edculo en llamas.<\/p>\n<p>Una funcionaria de salud de las Fuerzas Militares se\u00f1al\u00f3 a la prensa que al parecer el veh\u00edculo irrumpi\u00f3 \u00ababruptamente\u00bb en la sede policial.<\/p>\n<p>\u00abEntr\u00f3 abruptamente, casi atropellando a los polic\u00edas y enseguida fue la explosi\u00f3n\u00bb, coment\u00f3 Fanny Contreras.<\/p>\n<p>&nbsp;<\/p>\n<p>&nbsp;<\/p>\n","protected":false},"excerpt":{"rendered":"<p>La fiscal\u00eda colombiana anunci\u00f3 que identific\u00f3 plenamente al hombre que hizo detonar este jueves un coche con 80 kilos de explosivos en una academia de polic\u00eda en Bogot\u00e1, que caus\u00f3&hellip;<\/p>\n","protected":false},"author":3,"featured_media":34602,"comment_status":"closed","ping_status":"open","sticky":false,"template":"","format":"standard","meta":{"_acf_changed":false,"footnotes":""},"categories":[11,319,7],"tags":[],"class_list":["post-34635","post","type-post","status-publish","format-standard","has-post-thumbnail","hentry","category-que-pasa","category-a-temporales","category-mundo"],"acf":[],"yoast_head":"<!-- This site is optimized with the Yoast SEO plugin v27.5 - https:\/\/yoast.com\/product\/yoast-seo-wordpress\/ -->\n<title>Identificaron al autor del ataque terrorista en Bogot\u00e1 - Diario Textual<\/title>\n<meta name=\"robots\" content=\"index, follow, max-snippet:-1, max-image-preview:large, max-video-preview:-1\" \/>\n<link rel=\"canonical\" href=\"https:\/\/diariotextual.com\/inicio\/index.php\/2019\/01\/17\/identificaron-al-autor-del-ataque-terrorista-bogota\/\" \/>\n<meta property=\"og:locale\" content=\"es_ES\" \/>\n<meta property=\"og:type\" content=\"article\" \/>\n<meta property=\"og:title\" content=\"Identificaron al autor del ataque terrorista en Bogot\u00e1 - Diario Textual\" \/>\n<meta property=\"og:description\" content=\"La fiscal\u00eda colombiana anunci\u00f3 que identific\u00f3 plenamente al hombre que hizo detonar este jueves un coche con 80 kilos de explosivos en una academia de polic\u00eda en Bogot\u00e1, que caus\u00f3&hellip;\" \/>\n<meta property=\"og:url\" content=\"https:\/\/diariotextual.com\/inicio\/index.php\/2019\/01\/17\/identificaron-al-autor-del-ataque-terrorista-bogota\/\" \/>\n<meta property=\"og:site_name\" content=\"Diario Textual\" \/>\n<meta property=\"article:publisher\" content=\"https:\/\/www.facebook.com\/eltextual\" \/>\n<meta property=\"article:published_time\" content=\"2019-01-17T22:32:57+00:00\" \/>\n<meta property=\"article:modified_time\" content=\"2019-01-18T01:22:26+00:00\" \/>\n<meta property=\"og:image\" content=\"https:\/\/diariotextual.com\/inicio\/wp-content\/uploads\/2019\/01\/atentadocolombiaescuelapolicia5233.jpg\" \/>\n\t<meta property=\"og:image:width\" content=\"770\" \/>\n\t<meta property=\"og:image:height\" content=\"489\" \/>\n\t<meta property=\"og:image:type\" content=\"image\/jpeg\" \/>\n<meta name=\"author\" content=\"Diario1 Diario1\" \/>\n<meta name=\"twitter:card\" content=\"summary_large_image\" \/>\n<meta name=\"twitter:creator\" content=\"@eltextual\" \/>\n<meta name=\"twitter:site\" content=\"@eltextual\" \/>\n<meta name=\"twitter:label1\" content=\"Escrito por\" \/>\n\t<meta name=\"twitter:data1\" content=\"Diario1 Diario1\" \/>\n\t<meta name=\"twitter:label2\" content=\"Tiempo de lectura\" \/>\n\t<meta name=\"twitter:data2\" content=\"1 minuto\" \/>\n<script type=\"application\/ld+json\" class=\"yoast-schema-graph\">{\"@context\":\"https:\\\/\\\/schema.org\",\"@graph\":[{\"@type\":\"Article\",\"@id\":\"https:\\\/\\\/diariotextual.com\\\/inicio\\\/index.php\\\/2019\\\/01\\\/17\\\/identificaron-al-autor-del-ataque-terrorista-bogota\\\/#article\",\"isPartOf\":{\"@id\":\"https:\\\/\\\/diariotextual.com\\\/inicio\\\/index.php\\\/2019\\\/01\\\/17\\\/identificaron-al-autor-del-ataque-terrorista-bogota\\\/\"},\"author\":{\"name\":\"Diario1 Diario1\",\"@id\":\"https:\\\/\\\/diariotextual.com\\\/inicio\\\/#\\\/schema\\\/person\\\/418fc4093c33e86ed41562db3508f958\"},\"headline\":\"Identificaron al autor del ataque terrorista en Bogot\u00e1\",\"datePublished\":\"2019-01-17T22:32:57+00:00\",\"dateModified\":\"2019-01-18T01:22:26+00:00\",\"mainEntityOfPage\":{\"@id\":\"https:\\\/\\\/diariotextual.com\\\/inicio\\\/index.php\\\/2019\\\/01\\\/17\\\/identificaron-al-autor-del-ataque-terrorista-bogota\\\/\"},\"wordCount\":196,\"publisher\":{\"@id\":\"https:\\\/\\\/diariotextual.com\\\/inicio\\\/#organization\"},\"image\":{\"@id\":\"https:\\\/\\\/diariotextual.com\\\/inicio\\\/index.php\\\/2019\\\/01\\\/17\\\/identificaron-al-autor-del-ataque-terrorista-bogota\\\/#primaryimage\"},\"thumbnailUrl\":\"https:\\\/\\\/diariotextual.com\\\/inicio\\\/wp-content\\\/uploads\\\/2019\\\/01\\\/atentadocolombiaescuelapolicia5233.jpg\",\"articleSection\":[\"A - QUE PASA (al costado)\",\"A - TEMPORALES\",\"MUNDO\"],\"inLanguage\":\"es\"},{\"@type\":\"WebPage\",\"@id\":\"https:\\\/\\\/diariotextual.com\\\/inicio\\\/index.php\\\/2019\\\/01\\\/17\\\/identificaron-al-autor-del-ataque-terrorista-bogota\\\/\",\"url\":\"https:\\\/\\\/diariotextual.com\\\/inicio\\\/index.php\\\/2019\\\/01\\\/17\\\/identificaron-al-autor-del-ataque-terrorista-bogota\\\/\",\"name\":\"Identificaron al autor del ataque terrorista en Bogot\u00e1 - Diario Textual\",\"isPartOf\":{\"@id\":\"https:\\\/\\\/diariotextual.com\\\/inicio\\\/#website\"},\"primaryImageOfPage\":{\"@id\":\"https:\\\/\\\/diariotextual.com\\\/inicio\\\/index.php\\\/2019\\\/01\\\/17\\\/identificaron-al-autor-del-ataque-terrorista-bogota\\\/#primaryimage\"},\"image\":{\"@id\":\"https:\\\/\\\/diariotextual.com\\\/inicio\\\/index.php\\\/2019\\\/01\\\/17\\\/identificaron-al-autor-del-ataque-terrorista-bogota\\\/#primaryimage\"},\"thumbnailUrl\":\"https:\\\/\\\/diariotextual.com\\\/inicio\\\/wp-content\\\/uploads\\\/2019\\\/01\\\/atentadocolombiaescuelapolicia5233.jpg\",\"datePublished\":\"2019-01-17T22:32:57+00:00\",\"dateModified\":\"2019-01-18T01:22:26+00:00\",\"breadcrumb\":{\"@id\":\"https:\\\/\\\/diariotextual.com\\\/inicio\\\/index.php\\\/2019\\\/01\\\/17\\\/identificaron-al-autor-del-ataque-terrorista-bogota\\\/#breadcrumb\"},\"inLanguage\":\"es\",\"potentialAction\":[{\"@type\":\"ReadAction\",\"target\":[\"https:\\\/\\\/diariotextual.com\\\/inicio\\\/index.php\\\/2019\\\/01\\\/17\\\/identificaron-al-autor-del-ataque-terrorista-bogota\\\/\"]}]},{\"@type\":\"ImageObject\",\"inLanguage\":\"es\",\"@id\":\"https:\\\/\\\/diariotextual.com\\\/inicio\\\/index.php\\\/2019\\\/01\\\/17\\\/identificaron-al-autor-del-ataque-terrorista-bogota\\\/#primaryimage\",\"url\":\"https:\\\/\\\/diariotextual.com\\\/inicio\\\/wp-content\\\/uploads\\\/2019\\\/01\\\/atentadocolombiaescuelapolicia5233.jpg\",\"contentUrl\":\"https:\\\/\\\/diariotextual.com\\\/inicio\\\/wp-content\\\/uploads\\\/2019\\\/01\\\/atentadocolombiaescuelapolicia5233.jpg\",\"width\":770,\"height\":489},{\"@type\":\"BreadcrumbList\",\"@id\":\"https:\\\/\\\/diariotextual.com\\\/inicio\\\/index.php\\\/2019\\\/01\\\/17\\\/identificaron-al-autor-del-ataque-terrorista-bogota\\\/#breadcrumb\",\"itemListElement\":[{\"@type\":\"ListItem\",\"position\":1,\"name\":\"Portada\",\"item\":\"https:\\\/\\\/diariotextual.com\\\/inicio\\\/\"},{\"@type\":\"ListItem\",\"position\":2,\"name\":\"Identificaron al autor del ataque terrorista en Bogot\u00e1\"}]},{\"@type\":\"WebSite\",\"@id\":\"https:\\\/\\\/diariotextual.com\\\/inicio\\\/#website\",\"url\":\"https:\\\/\\\/diariotextual.com\\\/inicio\\\/\",\"name\":\"Diario Textual\",\"description\":\"\",\"publisher\":{\"@id\":\"https:\\\/\\\/diariotextual.com\\\/inicio\\\/#organization\"},\"potentialAction\":[{\"@type\":\"SearchAction\",\"target\":{\"@type\":\"EntryPoint\",\"urlTemplate\":\"https:\\\/\\\/diariotextual.com\\\/inicio\\\/?s={search_term_string}\"},\"query-input\":{\"@type\":\"PropertyValueSpecification\",\"valueRequired\":true,\"valueName\":\"search_term_string\"}}],\"inLanguage\":\"es\"},{\"@type\":\"Organization\",\"@id\":\"https:\\\/\\\/diariotextual.com\\\/inicio\\\/#organization\",\"name\":\"Diario Textual\",\"url\":\"https:\\\/\\\/diariotextual.com\\\/inicio\\\/\",\"logo\":{\"@type\":\"ImageObject\",\"inLanguage\":\"es\",\"@id\":\"https:\\\/\\\/diariotextual.com\\\/inicio\\\/#\\\/schema\\\/logo\\\/image\\\/\",\"url\":\"https:\\\/\\\/diariotextual.com\\\/inicio\\\/wp-content\\\/uploads\\\/2023\\\/05\\\/logotextual1.jpg\",\"contentUrl\":\"https:\\\/\\\/diariotextual.com\\\/inicio\\\/wp-content\\\/uploads\\\/2023\\\/05\\\/logotextual1.jpg\",\"width\":516,\"height\":76,\"caption\":\"Diario Textual\"},\"image\":{\"@id\":\"https:\\\/\\\/diariotextual.com\\\/inicio\\\/#\\\/schema\\\/logo\\\/image\\\/\"},\"sameAs\":[\"https:\\\/\\\/www.facebook.com\\\/eltextual\",\"https:\\\/\\\/x.com\\\/eltextual\",\"http:\\\/\\\/www.instagram.com\\\/eltextual\"]},{\"@type\":\"Person\",\"@id\":\"https:\\\/\\\/diariotextual.com\\\/inicio\\\/#\\\/schema\\\/person\\\/418fc4093c33e86ed41562db3508f958\",\"name\":\"Diario1 Diario1\",\"image\":{\"@type\":\"ImageObject\",\"inLanguage\":\"es\",\"@id\":\"https:\\\/\\\/secure.gravatar.com\\\/avatar\\\/9167d280179c85bc18be67aa7eda765854300033af4896dd779b608640f2ef7a?s=96&d=mm&r=g\",\"url\":\"https:\\\/\\\/secure.gravatar.com\\\/avatar\\\/9167d280179c85bc18be67aa7eda765854300033af4896dd779b608640f2ef7a?s=96&d=mm&r=g\",\"contentUrl\":\"https:\\\/\\\/secure.gravatar.com\\\/avatar\\\/9167d280179c85bc18be67aa7eda765854300033af4896dd779b608640f2ef7a?s=96&d=mm&r=g\",\"caption\":\"Diario1 Diario1\"},\"url\":\"https:\\\/\\\/diariotextual.com\\\/inicio\\\/index.php\\\/author\\\/diario1\\\/\"}]}<\/script>\n<!-- \/ Yoast SEO plugin. -->","yoast_head_json":{"title":"Identificaron al autor del ataque terrorista en Bogot\u00e1 - Diario Textual","robots":{"index":"index","follow":"follow","max-snippet":"max-snippet:-1","max-image-preview":"max-image-preview:large","max-video-preview":"max-video-preview:-1"},"canonical":"https:\/\/diariotextual.com\/inicio\/index.php\/2019\/01\/17\/identificaron-al-autor-del-ataque-terrorista-bogota\/","og_locale":"es_ES","og_type":"article","og_title":"Identificaron al autor del ataque terrorista en Bogot\u00e1 - Diario Textual","og_description":"La fiscal\u00eda colombiana anunci\u00f3 que identific\u00f3 plenamente al hombre que hizo detonar este jueves un coche con 80 kilos de explosivos en una academia de polic\u00eda en Bogot\u00e1, que caus\u00f3&hellip;","og_url":"https:\/\/diariotextual.com\/inicio\/index.php\/2019\/01\/17\/identificaron-al-autor-del-ataque-terrorista-bogota\/","og_site_name":"Diario Textual","article_publisher":"https:\/\/www.facebook.com\/eltextual","article_published_time":"2019-01-17T22:32:57+00:00","article_modified_time":"2019-01-18T01:22:26+00:00","og_image":[{"width":770,"height":489,"url":"https:\/\/diariotextual.com\/inicio\/wp-content\/uploads\/2019\/01\/atentadocolombiaescuelapolicia5233.jpg","type":"image\/jpeg"}],"author":"Diario1 Diario1","twitter_card":"summary_large_image","twitter_creator":"@eltextual","twitter_site":"@eltextual","twitter_misc":{"Escrito por":"Diario1 Diario1","Tiempo de lectura":"1 minuto"},"schema":{"@context":"https:\/\/schema.org","@graph":[{"@type":"Article","@id":"https:\/\/diariotextual.com\/inicio\/index.php\/2019\/01\/17\/identificaron-al-autor-del-ataque-terrorista-bogota\/#article","isPartOf":{"@id":"https:\/\/diariotextual.com\/inicio\/index.php\/2019\/01\/17\/identificaron-al-autor-del-ataque-terrorista-bogota\/"},"author":{"name":"Diario1 Diario1","@id":"https:\/\/diariotextual.com\/inicio\/#\/schema\/person\/418fc4093c33e86ed41562db3508f958"},"headline":"Identificaron al autor del ataque terrorista en Bogot\u00e1","datePublished":"2019-01-17T22:32:57+00:00","dateModified":"2019-01-18T01:22:26+00:00","mainEntityOfPage":{"@id":"https:\/\/diariotextual.com\/inicio\/index.php\/2019\/01\/17\/identificaron-al-autor-del-ataque-terrorista-bogota\/"},"wordCount":196,"publisher":{"@id":"https:\/\/diariotextual.com\/inicio\/#organization"},"image":{"@id":"https:\/\/diariotextual.com\/inicio\/index.php\/2019\/01\/17\/identificaron-al-autor-del-ataque-terrorista-bogota\/#primaryimage"},"thumbnailUrl":"https:\/\/diariotextual.com\/inicio\/wp-content\/uploads\/2019\/01\/atentadocolombiaescuelapolicia5233.jpg","articleSection":["A - QUE PASA (al costado)","A - TEMPORALES","MUNDO"],"inLanguage":"es"},{"@type":"WebPage","@id":"https:\/\/diariotextual.com\/inicio\/index.php\/2019\/01\/17\/identificaron-al-autor-del-ataque-terrorista-bogota\/","url":"https:\/\/diariotextual.com\/inicio\/index.php\/2019\/01\/17\/identificaron-al-autor-del-ataque-terrorista-bogota\/","name":"Identificaron al autor del ataque terrorista en Bogot\u00e1 - Diario Textual","isPartOf":{"@id":"https:\/\/diariotextual.com\/inicio\/#website"},"primaryImageOfPage":{"@id":"https:\/\/diariotextual.com\/inicio\/index.php\/2019\/01\/17\/identificaron-al-autor-del-ataque-terrorista-bogota\/#primaryimage"},"image":{"@id":"https:\/\/diariotextual.com\/inicio\/index.php\/2019\/01\/17\/identificaron-al-autor-del-ataque-terrorista-bogota\/#primaryimage"},"thumbnailUrl":"https:\/\/diariotextual.com\/inicio\/wp-content\/uploads\/2019\/01\/atentadocolombiaescuelapolicia5233.jpg","datePublished":"2019-01-17T22:32:57+00:00","dateModified":"2019-01-18T01:22:26+00:00","breadcrumb":{"@id":"https:\/\/diariotextual.com\/inicio\/index.php\/2019\/01\/17\/identificaron-al-autor-del-ataque-terrorista-bogota\/#breadcrumb"},"inLanguage":"es","potentialAction":[{"@type":"ReadAction","target":["https:\/\/diariotextual.com\/inicio\/index.php\/2019\/01\/17\/identificaron-al-autor-del-ataque-terrorista-bogota\/"]}]},{"@type":"ImageObject","inLanguage":"es","@id":"https:\/\/diariotextual.com\/inicio\/index.php\/2019\/01\/17\/identificaron-al-autor-del-ataque-terrorista-bogota\/#primaryimage","url":"https:\/\/diariotextual.com\/inicio\/wp-content\/uploads\/2019\/01\/atentadocolombiaescuelapolicia5233.jpg","contentUrl":"https:\/\/diariotextual.com\/inicio\/wp-content\/uploads\/2019\/01\/atentadocolombiaescuelapolicia5233.jpg","width":770,"height":489},{"@type":"BreadcrumbList","@id":"https:\/\/diariotextual.com\/inicio\/index.php\/2019\/01\/17\/identificaron-al-autor-del-ataque-terrorista-bogota\/#breadcrumb","itemListElement":[{"@type":"ListItem","position":1,"name":"Portada","item":"https:\/\/diariotextual.com\/inicio\/"},{"@type":"ListItem","position":2,"name":"Identificaron al autor del ataque terrorista en Bogot\u00e1"}]},{"@type":"WebSite","@id":"https:\/\/diariotextual.com\/inicio\/#website","url":"https:\/\/diariotextual.com\/inicio\/","name":"Diario Textual","description":"","publisher":{"@id":"https:\/\/diariotextual.com\/inicio\/#organization"},"potentialAction":[{"@type":"SearchAction","target":{"@type":"EntryPoint","urlTemplate":"https:\/\/diariotextual.com\/inicio\/?s={search_term_string}"},"query-input":{"@type":"PropertyValueSpecification","valueRequired":true,"valueName":"search_term_string"}}],"inLanguage":"es"},{"@type":"Organization","@id":"https:\/\/diariotextual.com\/inicio\/#organization","name":"Diario Textual","url":"https:\/\/diariotextual.com\/inicio\/","logo":{"@type":"ImageObject","inLanguage":"es","@id":"https:\/\/diariotextual.com\/inicio\/#\/schema\/logo\/image\/","url":"https:\/\/diariotextual.com\/inicio\/wp-content\/uploads\/2023\/05\/logotextual1.jpg","contentUrl":"https:\/\/diariotextual.com\/inicio\/wp-content\/uploads\/2023\/05\/logotextual1.jpg","width":516,"height":76,"caption":"Diario Textual"},"image":{"@id":"https:\/\/diariotextual.com\/inicio\/#\/schema\/logo\/image\/"},"sameAs":["https:\/\/www.facebook.com\/eltextual","https:\/\/x.com\/eltextual","http:\/\/www.instagram.com\/eltextual"]},{"@type":"Person","@id":"https:\/\/diariotextual.com\/inicio\/#\/schema\/person\/418fc4093c33e86ed41562db3508f958","name":"Diario1 Diario1","image":{"@type":"ImageObject","inLanguage":"es","@id":"https:\/\/secure.gravatar.com\/avatar\/9167d280179c85bc18be67aa7eda765854300033af4896dd779b608640f2ef7a?s=96&d=mm&r=g","url":"https:\/\/secure.gravatar.com\/avatar\/9167d280179c85bc18be67aa7eda765854300033af4896dd779b608640f2ef7a?s=96&d=mm&r=g","contentUrl":"https:\/\/secure.gravatar.com\/avatar\/9167d280179c85bc18be67aa7eda765854300033af4896dd779b608640f2ef7a?s=96&d=mm&r=g","caption":"Diario1 Diario1"},"url":"https:\/\/diariotextual.com\/inicio\/index.php\/author\/diario1\/"}]}},"_links":{"self":[{"href":"https:\/\/diariotextual.com\/inicio\/index.php\/wp-json\/wp\/v2\/posts\/34635","targetHints":{"allow":["GET"]}}],"collection":[{"href":"https:\/\/diariotextual.com\/inicio\/index.php\/wp-json\/wp\/v2\/posts"}],"about":[{"href":"https:\/\/diariotextual.com\/inicio\/index.php\/wp-json\/wp\/v2\/types\/post"}],"author":[{"embeddable":true,"href":"https:\/\/diariotextual.com\/inicio\/index.php\/wp-json\/wp\/v2\/users\/3"}],"replies":[{"embeddable":true,"href":"https:\/\/diariotextual.com\/inicio\/index.php\/wp-json\/wp\/v2\/comments?post=34635"}],"version-history":[{"count":1,"href":"https:\/\/diariotextual.com\/inicio\/index.php\/wp-json\/wp\/v2\/posts\/34635\/revisions"}],"predecessor-version":[{"id":34638,"href":"https:\/\/diariotextual.com\/inicio\/index.php\/wp-json\/wp\/v2\/posts\/34635\/revisions\/34638"}],"wp:featuredmedia":[{"embeddable":true,"href":"https:\/\/diariotextual.com\/inicio\/index.php\/wp-json\/wp\/v2\/media\/34602"}],"wp:attachment":[{"href":"https:\/\/diariotextual.com\/inicio\/index.php\/wp-json\/wp\/v2\/media?parent=34635"}],"wp:term":[{"taxonomy":"category","embeddable":true,"href":"https:\/\/diariotextual.com\/inicio\/index.php\/wp-json\/wp\/v2\/categories?post=34635"},{"taxonomy":"post_tag","embeddable":true,"href":"https:\/\/diariotextual.com\/inicio\/index.php\/wp-json\/wp\/v2\/tags?post=34635"}],"curies":[{"name":"wp","href":"https:\/\/api.w.org\/{rel}","templated":true}]}}