{"id":34837,"date":"2019-01-20T10:48:26","date_gmt":"2019-01-20T13:48:26","guid":{"rendered":"http:\/\/diariotextual.com\/inicio\/?p=34837"},"modified":"2019-01-20T10:48:26","modified_gmt":"2019-01-20T13:48:26","slug":"logran-excavar-mas-la-mitad-del-tunel-vertical-sacar-al-nino-espanol-del-pozo","status":"publish","type":"post","link":"https:\/\/diariotextual.com\/inicio\/index.php\/2019\/01\/20\/logran-excavar-mas-la-mitad-del-tunel-vertical-sacar-al-nino-espanol-del-pozo\/","title":{"rendered":"Logran excavar m\u00e1s de la mitad del t\u00fanel vertical para sacar al ni\u00f1o espa\u00f1ol del pozo"},"content":{"rendered":"<p>La ma\u00f1ana de este domingo se han logrado excavar 33 de los 60 metros del t\u00fanel vertical para\u00a0llegar\u00a0hasta <strong>Julen<\/strong>, el ni\u00f1o de dos a\u00f1os que hace siete d\u00edas cay\u00f3 a un pozo en Total\u00e1n, un municipio de la provincia espa\u00f1ola de M\u00e1laga.<\/p>\n<p>Las labores han sido ralentizadas debido a una roca de pizarra que fue encontrada a 18 metros de profundidad. Este percance\u00a0<strong>impidi\u00f3 cumplir el plazo de 15 horas<\/strong>\u00a0establecido previamente para terminar la perforaci\u00f3n del t\u00fanel paralelo al pozo. Los especialistas llevan 17 horas perfor\u00e1ndolo y todav\u00eda queda la mitad del trabajo por hacer.<\/p>\n<p>Al finalizarse la perforaci\u00f3n, un grupo de mineros bajar\u00e1 por el t\u00fanel vertical en\u00a0<strong>una c\u00e1psula met\u00e1lica<\/strong>\u00a0construida especialmente para la operaci\u00f3n.\u00a0Los mineros se encargar\u00e1n de la segunda fase de las labores, consistente en abrir una galer\u00eda horizontal de entre 3,5 y 4 metros, una tarea que, seg\u00fan las previsiones, durar\u00e1 cerca de 20 horas m\u00e1s.<\/p>\n","protected":false},"excerpt":{"rendered":"<p>La ma\u00f1ana de este domingo se han logrado excavar 33 de los 60 metros del t\u00fanel vertical para\u00a0llegar\u00a0hasta Julen, el ni\u00f1o de dos a\u00f1os que hace siete d\u00edas cay\u00f3 a&hellip;<\/p>\n","protected":false},"author":3,"featured_media":34839,"comment_status":"closed","ping_status":"open","sticky":false,"template":"","format":"standard","meta":{"_acf_changed":false,"footnotes":""},"categories":[1,11,7],"tags":[1467],"class_list":["post-34837","post","type-post","status-publish","format-standard","has-post-thumbnail","hentry","category-es-noticia","category-que-pasa","category-mundo","tag-julen"],"acf":[],"yoast_head":"<!-- This site is optimized with the Yoast SEO plugin v27.5 - https:\/\/yoast.com\/product\/yoast-seo-wordpress\/ -->\n<title>Logran excavar m\u00e1s de la mitad del t\u00fanel vertical para sacar al ni\u00f1o espa\u00f1ol del pozo - Diario Textual<\/title>\n<meta name=\"robots\" content=\"index, follow, max-snippet:-1, max-image-preview:large, max-video-preview:-1\" \/>\n<link rel=\"canonical\" href=\"https:\/\/diariotextual.com\/inicio\/index.php\/2019\/01\/20\/logran-excavar-mas-la-mitad-del-tunel-vertical-sacar-al-nino-espanol-del-pozo\/\" \/>\n<meta property=\"og:locale\" content=\"es_ES\" \/>\n<meta property=\"og:type\" content=\"article\" \/>\n<meta property=\"og:title\" content=\"Logran excavar m\u00e1s de la mitad del t\u00fanel vertical para sacar al ni\u00f1o espa\u00f1ol del pozo - Diario Textual\" \/>\n<meta property=\"og:description\" content=\"La ma\u00f1ana de este domingo se han logrado excavar 33 de los 60 metros del t\u00fanel vertical para\u00a0llegar\u00a0hasta Julen, el ni\u00f1o de dos a\u00f1os que hace siete d\u00edas cay\u00f3 a&hellip;\" \/>\n<meta property=\"og:url\" content=\"https:\/\/diariotextual.com\/inicio\/index.php\/2019\/01\/20\/logran-excavar-mas-la-mitad-del-tunel-vertical-sacar-al-nino-espanol-del-pozo\/\" \/>\n<meta property=\"og:site_name\" content=\"Diario Textual\" \/>\n<meta property=\"article:publisher\" content=\"https:\/\/www.facebook.com\/eltextual\" \/>\n<meta property=\"article:published_time\" content=\"2019-01-20T13:48:26+00:00\" \/>\n<meta property=\"og:image\" content=\"https:\/\/diariotextual.com\/inicio\/wp-content\/uploads\/2019\/01\/julenpozo2019-1.jpg\" \/>\n\t<meta property=\"og:image:width\" content=\"1140\" \/>\n\t<meta property=\"og:image:height\" content=\"700\" \/>\n\t<meta property=\"og:image:type\" content=\"image\/jpeg\" \/>\n<meta name=\"author\" content=\"Diario1 Diario1\" \/>\n<meta name=\"twitter:card\" content=\"summary_large_image\" \/>\n<meta name=\"twitter:creator\" content=\"@eltextual\" \/>\n<meta name=\"twitter:site\" content=\"@eltextual\" \/>\n<meta name=\"twitter:label1\" content=\"Escrito por\" \/>\n\t<meta name=\"twitter:data1\" content=\"Diario1 Diario1\" \/>\n\t<meta name=\"twitter:label2\" content=\"Tiempo de lectura\" \/>\n\t<meta name=\"twitter:data2\" content=\"1 minuto\" \/>\n<script type=\"application\/ld+json\" class=\"yoast-schema-graph\">{\"@context\":\"https:\\\/\\\/schema.org\",\"@graph\":[{\"@type\":\"Article\",\"@id\":\"https:\\\/\\\/diariotextual.com\\\/inicio\\\/index.php\\\/2019\\\/01\\\/20\\\/logran-excavar-mas-la-mitad-del-tunel-vertical-sacar-al-nino-espanol-del-pozo\\\/#article\",\"isPartOf\":{\"@id\":\"https:\\\/\\\/diariotextual.com\\\/inicio\\\/index.php\\\/2019\\\/01\\\/20\\\/logran-excavar-mas-la-mitad-del-tunel-vertical-sacar-al-nino-espanol-del-pozo\\\/\"},\"author\":{\"name\":\"Diario1 Diario1\",\"@id\":\"https:\\\/\\\/diariotextual.com\\\/inicio\\\/#\\\/schema\\\/person\\\/418fc4093c33e86ed41562db3508f958\"},\"headline\":\"Logran excavar m\u00e1s de la mitad del t\u00fanel vertical para sacar al ni\u00f1o espa\u00f1ol del pozo\",\"datePublished\":\"2019-01-20T13:48:26+00:00\",\"mainEntityOfPage\":{\"@id\":\"https:\\\/\\\/diariotextual.com\\\/inicio\\\/index.php\\\/2019\\\/01\\\/20\\\/logran-excavar-mas-la-mitad-del-tunel-vertical-sacar-al-nino-espanol-del-pozo\\\/\"},\"wordCount\":188,\"publisher\":{\"@id\":\"https:\\\/\\\/diariotextual.com\\\/inicio\\\/#organization\"},\"image\":{\"@id\":\"https:\\\/\\\/diariotextual.com\\\/inicio\\\/index.php\\\/2019\\\/01\\\/20\\\/logran-excavar-mas-la-mitad-del-tunel-vertical-sacar-al-nino-espanol-del-pozo\\\/#primaryimage\"},\"thumbnailUrl\":\"https:\\\/\\\/diariotextual.com\\\/inicio\\\/wp-content\\\/uploads\\\/2019\\\/01\\\/julenpozo2019-1.jpg\",\"keywords\":[\"julen\"],\"articleSection\":[\"A - ES NOTICIA (van abajo)\",\"A - QUE PASA (al costado)\",\"MUNDO\"],\"inLanguage\":\"es\"},{\"@type\":\"WebPage\",\"@id\":\"https:\\\/\\\/diariotextual.com\\\/inicio\\\/index.php\\\/2019\\\/01\\\/20\\\/logran-excavar-mas-la-mitad-del-tunel-vertical-sacar-al-nino-espanol-del-pozo\\\/\",\"url\":\"https:\\\/\\\/diariotextual.com\\\/inicio\\\/index.php\\\/2019\\\/01\\\/20\\\/logran-excavar-mas-la-mitad-del-tunel-vertical-sacar-al-nino-espanol-del-pozo\\\/\",\"name\":\"Logran excavar m\u00e1s de la mitad del t\u00fanel vertical para sacar al ni\u00f1o espa\u00f1ol del pozo - Diario Textual\",\"isPartOf\":{\"@id\":\"https:\\\/\\\/diariotextual.com\\\/inicio\\\/#website\"},\"primaryImageOfPage\":{\"@id\":\"https:\\\/\\\/diariotextual.com\\\/inicio\\\/index.php\\\/2019\\\/01\\\/20\\\/logran-excavar-mas-la-mitad-del-tunel-vertical-sacar-al-nino-espanol-del-pozo\\\/#primaryimage\"},\"image\":{\"@id\":\"https:\\\/\\\/diariotextual.com\\\/inicio\\\/index.php\\\/2019\\\/01\\\/20\\\/logran-excavar-mas-la-mitad-del-tunel-vertical-sacar-al-nino-espanol-del-pozo\\\/#primaryimage\"},\"thumbnailUrl\":\"https:\\\/\\\/diariotextual.com\\\/inicio\\\/wp-content\\\/uploads\\\/2019\\\/01\\\/julenpozo2019-1.jpg\",\"datePublished\":\"2019-01-20T13:48:26+00:00\",\"breadcrumb\":{\"@id\":\"https:\\\/\\\/diariotextual.com\\\/inicio\\\/index.php\\\/2019\\\/01\\\/20\\\/logran-excavar-mas-la-mitad-del-tunel-vertical-sacar-al-nino-espanol-del-pozo\\\/#breadcrumb\"},\"inLanguage\":\"es\",\"potentialAction\":[{\"@type\":\"ReadAction\",\"target\":[\"https:\\\/\\\/diariotextual.com\\\/inicio\\\/index.php\\\/2019\\\/01\\\/20\\\/logran-excavar-mas-la-mitad-del-tunel-vertical-sacar-al-nino-espanol-del-pozo\\\/\"]}]},{\"@type\":\"ImageObject\",\"inLanguage\":\"es\",\"@id\":\"https:\\\/\\\/diariotextual.com\\\/inicio\\\/index.php\\\/2019\\\/01\\\/20\\\/logran-excavar-mas-la-mitad-del-tunel-vertical-sacar-al-nino-espanol-del-pozo\\\/#primaryimage\",\"url\":\"https:\\\/\\\/diariotextual.com\\\/inicio\\\/wp-content\\\/uploads\\\/2019\\\/01\\\/julenpozo2019-1.jpg\",\"contentUrl\":\"https:\\\/\\\/diariotextual.com\\\/inicio\\\/wp-content\\\/uploads\\\/2019\\\/01\\\/julenpozo2019-1.jpg\",\"width\":1140,\"height\":700},{\"@type\":\"BreadcrumbList\",\"@id\":\"https:\\\/\\\/diariotextual.com\\\/inicio\\\/index.php\\\/2019\\\/01\\\/20\\\/logran-excavar-mas-la-mitad-del-tunel-vertical-sacar-al-nino-espanol-del-pozo\\\/#breadcrumb\",\"itemListElement\":[{\"@type\":\"ListItem\",\"position\":1,\"name\":\"Portada\",\"item\":\"https:\\\/\\\/diariotextual.com\\\/inicio\\\/\"},{\"@type\":\"ListItem\",\"position\":2,\"name\":\"Logran excavar m\u00e1s de la mitad del t\u00fanel vertical para sacar al ni\u00f1o espa\u00f1ol del pozo\"}]},{\"@type\":\"WebSite\",\"@id\":\"https:\\\/\\\/diariotextual.com\\\/inicio\\\/#website\",\"url\":\"https:\\\/\\\/diariotextual.com\\\/inicio\\\/\",\"name\":\"Diario Textual\",\"description\":\"\",\"publisher\":{\"@id\":\"https:\\\/\\\/diariotextual.com\\\/inicio\\\/#organization\"},\"potentialAction\":[{\"@type\":\"SearchAction\",\"target\":{\"@type\":\"EntryPoint\",\"urlTemplate\":\"https:\\\/\\\/diariotextual.com\\\/inicio\\\/?s={search_term_string}\"},\"query-input\":{\"@type\":\"PropertyValueSpecification\",\"valueRequired\":true,\"valueName\":\"search_term_string\"}}],\"inLanguage\":\"es\"},{\"@type\":\"Organization\",\"@id\":\"https:\\\/\\\/diariotextual.com\\\/inicio\\\/#organization\",\"name\":\"Diario Textual\",\"url\":\"https:\\\/\\\/diariotextual.com\\\/inicio\\\/\",\"logo\":{\"@type\":\"ImageObject\",\"inLanguage\":\"es\",\"@id\":\"https:\\\/\\\/diariotextual.com\\\/inicio\\\/#\\\/schema\\\/logo\\\/image\\\/\",\"url\":\"https:\\\/\\\/diariotextual.com\\\/inicio\\\/wp-content\\\/uploads\\\/2023\\\/05\\\/logotextual1.jpg\",\"contentUrl\":\"https:\\\/\\\/diariotextual.com\\\/inicio\\\/wp-content\\\/uploads\\\/2023\\\/05\\\/logotextual1.jpg\",\"width\":516,\"height\":76,\"caption\":\"Diario Textual\"},\"image\":{\"@id\":\"https:\\\/\\\/diariotextual.com\\\/inicio\\\/#\\\/schema\\\/logo\\\/image\\\/\"},\"sameAs\":[\"https:\\\/\\\/www.facebook.com\\\/eltextual\",\"https:\\\/\\\/x.com\\\/eltextual\",\"http:\\\/\\\/www.instagram.com\\\/eltextual\"]},{\"@type\":\"Person\",\"@id\":\"https:\\\/\\\/diariotextual.com\\\/inicio\\\/#\\\/schema\\\/person\\\/418fc4093c33e86ed41562db3508f958\",\"name\":\"Diario1 Diario1\",\"image\":{\"@type\":\"ImageObject\",\"inLanguage\":\"es\",\"@id\":\"https:\\\/\\\/secure.gravatar.com\\\/avatar\\\/9167d280179c85bc18be67aa7eda765854300033af4896dd779b608640f2ef7a?s=96&d=mm&r=g\",\"url\":\"https:\\\/\\\/secure.gravatar.com\\\/avatar\\\/9167d280179c85bc18be67aa7eda765854300033af4896dd779b608640f2ef7a?s=96&d=mm&r=g\",\"contentUrl\":\"https:\\\/\\\/secure.gravatar.com\\\/avatar\\\/9167d280179c85bc18be67aa7eda765854300033af4896dd779b608640f2ef7a?s=96&d=mm&r=g\",\"caption\":\"Diario1 Diario1\"},\"url\":\"https:\\\/\\\/diariotextual.com\\\/inicio\\\/index.php\\\/author\\\/diario1\\\/\"}]}<\/script>\n<!-- \/ Yoast SEO plugin. -->","yoast_head_json":{"title":"Logran excavar m\u00e1s de la mitad del t\u00fanel vertical para sacar al ni\u00f1o espa\u00f1ol del pozo - Diario Textual","robots":{"index":"index","follow":"follow","max-snippet":"max-snippet:-1","max-image-preview":"max-image-preview:large","max-video-preview":"max-video-preview:-1"},"canonical":"https:\/\/diariotextual.com\/inicio\/index.php\/2019\/01\/20\/logran-excavar-mas-la-mitad-del-tunel-vertical-sacar-al-nino-espanol-del-pozo\/","og_locale":"es_ES","og_type":"article","og_title":"Logran excavar m\u00e1s de la mitad del t\u00fanel vertical para sacar al ni\u00f1o espa\u00f1ol del pozo - Diario Textual","og_description":"La ma\u00f1ana de este domingo se han logrado excavar 33 de los 60 metros del t\u00fanel vertical para\u00a0llegar\u00a0hasta Julen, el ni\u00f1o de dos a\u00f1os que hace siete d\u00edas cay\u00f3 a&hellip;","og_url":"https:\/\/diariotextual.com\/inicio\/index.php\/2019\/01\/20\/logran-excavar-mas-la-mitad-del-tunel-vertical-sacar-al-nino-espanol-del-pozo\/","og_site_name":"Diario Textual","article_publisher":"https:\/\/www.facebook.com\/eltextual","article_published_time":"2019-01-20T13:48:26+00:00","og_image":[{"width":1140,"height":700,"url":"https:\/\/diariotextual.com\/inicio\/wp-content\/uploads\/2019\/01\/julenpozo2019-1.jpg","type":"image\/jpeg"}],"author":"Diario1 Diario1","twitter_card":"summary_large_image","twitter_creator":"@eltextual","twitter_site":"@eltextual","twitter_misc":{"Escrito por":"Diario1 Diario1","Tiempo de lectura":"1 minuto"},"schema":{"@context":"https:\/\/schema.org","@graph":[{"@type":"Article","@id":"https:\/\/diariotextual.com\/inicio\/index.php\/2019\/01\/20\/logran-excavar-mas-la-mitad-del-tunel-vertical-sacar-al-nino-espanol-del-pozo\/#article","isPartOf":{"@id":"https:\/\/diariotextual.com\/inicio\/index.php\/2019\/01\/20\/logran-excavar-mas-la-mitad-del-tunel-vertical-sacar-al-nino-espanol-del-pozo\/"},"author":{"name":"Diario1 Diario1","@id":"https:\/\/diariotextual.com\/inicio\/#\/schema\/person\/418fc4093c33e86ed41562db3508f958"},"headline":"Logran excavar m\u00e1s de la mitad del t\u00fanel vertical para sacar al ni\u00f1o espa\u00f1ol del pozo","datePublished":"2019-01-20T13:48:26+00:00","mainEntityOfPage":{"@id":"https:\/\/diariotextual.com\/inicio\/index.php\/2019\/01\/20\/logran-excavar-mas-la-mitad-del-tunel-vertical-sacar-al-nino-espanol-del-pozo\/"},"wordCount":188,"publisher":{"@id":"https:\/\/diariotextual.com\/inicio\/#organization"},"image":{"@id":"https:\/\/diariotextual.com\/inicio\/index.php\/2019\/01\/20\/logran-excavar-mas-la-mitad-del-tunel-vertical-sacar-al-nino-espanol-del-pozo\/#primaryimage"},"thumbnailUrl":"https:\/\/diariotextual.com\/inicio\/wp-content\/uploads\/2019\/01\/julenpozo2019-1.jpg","keywords":["julen"],"articleSection":["A - ES NOTICIA (van abajo)","A - QUE PASA (al costado)","MUNDO"],"inLanguage":"es"},{"@type":"WebPage","@id":"https:\/\/diariotextual.com\/inicio\/index.php\/2019\/01\/20\/logran-excavar-mas-la-mitad-del-tunel-vertical-sacar-al-nino-espanol-del-pozo\/","url":"https:\/\/diariotextual.com\/inicio\/index.php\/2019\/01\/20\/logran-excavar-mas-la-mitad-del-tunel-vertical-sacar-al-nino-espanol-del-pozo\/","name":"Logran excavar m\u00e1s de la mitad del t\u00fanel vertical para sacar al ni\u00f1o espa\u00f1ol del pozo - Diario Textual","isPartOf":{"@id":"https:\/\/diariotextual.com\/inicio\/#website"},"primaryImageOfPage":{"@id":"https:\/\/diariotextual.com\/inicio\/index.php\/2019\/01\/20\/logran-excavar-mas-la-mitad-del-tunel-vertical-sacar-al-nino-espanol-del-pozo\/#primaryimage"},"image":{"@id":"https:\/\/diariotextual.com\/inicio\/index.php\/2019\/01\/20\/logran-excavar-mas-la-mitad-del-tunel-vertical-sacar-al-nino-espanol-del-pozo\/#primaryimage"},"thumbnailUrl":"https:\/\/diariotextual.com\/inicio\/wp-content\/uploads\/2019\/01\/julenpozo2019-1.jpg","datePublished":"2019-01-20T13:48:26+00:00","breadcrumb":{"@id":"https:\/\/diariotextual.com\/inicio\/index.php\/2019\/01\/20\/logran-excavar-mas-la-mitad-del-tunel-vertical-sacar-al-nino-espanol-del-pozo\/#breadcrumb"},"inLanguage":"es","potentialAction":[{"@type":"ReadAction","target":["https:\/\/diariotextual.com\/inicio\/index.php\/2019\/01\/20\/logran-excavar-mas-la-mitad-del-tunel-vertical-sacar-al-nino-espanol-del-pozo\/"]}]},{"@type":"ImageObject","inLanguage":"es","@id":"https:\/\/diariotextual.com\/inicio\/index.php\/2019\/01\/20\/logran-excavar-mas-la-mitad-del-tunel-vertical-sacar-al-nino-espanol-del-pozo\/#primaryimage","url":"https:\/\/diariotextual.com\/inicio\/wp-content\/uploads\/2019\/01\/julenpozo2019-1.jpg","contentUrl":"https:\/\/diariotextual.com\/inicio\/wp-content\/uploads\/2019\/01\/julenpozo2019-1.jpg","width":1140,"height":700},{"@type":"BreadcrumbList","@id":"https:\/\/diariotextual.com\/inicio\/index.php\/2019\/01\/20\/logran-excavar-mas-la-mitad-del-tunel-vertical-sacar-al-nino-espanol-del-pozo\/#breadcrumb","itemListElement":[{"@type":"ListItem","position":1,"name":"Portada","item":"https:\/\/diariotextual.com\/inicio\/"},{"@type":"ListItem","position":2,"name":"Logran excavar m\u00e1s de la mitad del t\u00fanel vertical para sacar al ni\u00f1o espa\u00f1ol del pozo"}]},{"@type":"WebSite","@id":"https:\/\/diariotextual.com\/inicio\/#website","url":"https:\/\/diariotextual.com\/inicio\/","name":"Diario Textual","description":"","publisher":{"@id":"https:\/\/diariotextual.com\/inicio\/#organization"},"potentialAction":[{"@type":"SearchAction","target":{"@type":"EntryPoint","urlTemplate":"https:\/\/diariotextual.com\/inicio\/?s={search_term_string}"},"query-input":{"@type":"PropertyValueSpecification","valueRequired":true,"valueName":"search_term_string"}}],"inLanguage":"es"},{"@type":"Organization","@id":"https:\/\/diariotextual.com\/inicio\/#organization","name":"Diario Textual","url":"https:\/\/diariotextual.com\/inicio\/","logo":{"@type":"ImageObject","inLanguage":"es","@id":"https:\/\/diariotextual.com\/inicio\/#\/schema\/logo\/image\/","url":"https:\/\/diariotextual.com\/inicio\/wp-content\/uploads\/2023\/05\/logotextual1.jpg","contentUrl":"https:\/\/diariotextual.com\/inicio\/wp-content\/uploads\/2023\/05\/logotextual1.jpg","width":516,"height":76,"caption":"Diario Textual"},"image":{"@id":"https:\/\/diariotextual.com\/inicio\/#\/schema\/logo\/image\/"},"sameAs":["https:\/\/www.facebook.com\/eltextual","https:\/\/x.com\/eltextual","http:\/\/www.instagram.com\/eltextual"]},{"@type":"Person","@id":"https:\/\/diariotextual.com\/inicio\/#\/schema\/person\/418fc4093c33e86ed41562db3508f958","name":"Diario1 Diario1","image":{"@type":"ImageObject","inLanguage":"es","@id":"https:\/\/secure.gravatar.com\/avatar\/9167d280179c85bc18be67aa7eda765854300033af4896dd779b608640f2ef7a?s=96&d=mm&r=g","url":"https:\/\/secure.gravatar.com\/avatar\/9167d280179c85bc18be67aa7eda765854300033af4896dd779b608640f2ef7a?s=96&d=mm&r=g","contentUrl":"https:\/\/secure.gravatar.com\/avatar\/9167d280179c85bc18be67aa7eda765854300033af4896dd779b608640f2ef7a?s=96&d=mm&r=g","caption":"Diario1 Diario1"},"url":"https:\/\/diariotextual.com\/inicio\/index.php\/author\/diario1\/"}]}},"_links":{"self":[{"href":"https:\/\/diariotextual.com\/inicio\/index.php\/wp-json\/wp\/v2\/posts\/34837","targetHints":{"allow":["GET"]}}],"collection":[{"href":"https:\/\/diariotextual.com\/inicio\/index.php\/wp-json\/wp\/v2\/posts"}],"about":[{"href":"https:\/\/diariotextual.com\/inicio\/index.php\/wp-json\/wp\/v2\/types\/post"}],"author":[{"embeddable":true,"href":"https:\/\/diariotextual.com\/inicio\/index.php\/wp-json\/wp\/v2\/users\/3"}],"replies":[{"embeddable":true,"href":"https:\/\/diariotextual.com\/inicio\/index.php\/wp-json\/wp\/v2\/comments?post=34837"}],"version-history":[{"count":1,"href":"https:\/\/diariotextual.com\/inicio\/index.php\/wp-json\/wp\/v2\/posts\/34837\/revisions"}],"predecessor-version":[{"id":34838,"href":"https:\/\/diariotextual.com\/inicio\/index.php\/wp-json\/wp\/v2\/posts\/34837\/revisions\/34838"}],"wp:featuredmedia":[{"embeddable":true,"href":"https:\/\/diariotextual.com\/inicio\/index.php\/wp-json\/wp\/v2\/media\/34839"}],"wp:attachment":[{"href":"https:\/\/diariotextual.com\/inicio\/index.php\/wp-json\/wp\/v2\/media?parent=34837"}],"wp:term":[{"taxonomy":"category","embeddable":true,"href":"https:\/\/diariotextual.com\/inicio\/index.php\/wp-json\/wp\/v2\/categories?post=34837"},{"taxonomy":"post_tag","embeddable":true,"href":"https:\/\/diariotextual.com\/inicio\/index.php\/wp-json\/wp\/v2\/tags?post=34837"}],"curies":[{"name":"wp","href":"https:\/\/api.w.org\/{rel}","templated":true}]}}