{"id":35192,"date":"2019-01-23T17:41:18","date_gmt":"2019-01-23T20:41:18","guid":{"rendered":"http:\/\/diariotextual.com\/inicio\/?p=35192"},"modified":"2019-01-23T21:12:45","modified_gmt":"2019-01-24T00:12:45","slug":"venezuela-crisis-miles-movilizados-guaido-se-proclama-presidente-legitimo","status":"publish","type":"post","link":"https:\/\/diariotextual.com\/inicio\/index.php\/2019\/01\/23\/venezuela-crisis-miles-movilizados-guaido-se-proclama-presidente-legitimo\/","title":{"rendered":"Venezuela en crisis: miles de movilizados y Guaid\u00f3 se proclama \u00abpresidente encargado\u00bb"},"content":{"rendered":"<p>\u00abHoy, 23 de enero de 2019, en mi condici\u00f3n de presidente de la Asamblea Nacional, juro ante dios todopoderoso, Venezuela y colegas diputados, asumir formalmente las competencias del Ejecutivo Nacional como presidente encargado de Venezuela para lograr el cese de la usurpaci\u00f3n, un gobierno de transici\u00f3n y tener elecciones libres\u00bb. Sobre una tarima y con su mano derecha alzada, <strong>Juan Guaid\u00f3 dio hoy un paso hist\u00f3rico delante cientos de miles de venezolanos, concentrados en Caracas para protestar contra el gobierno de Nicol\u00e1s Maduro<\/strong>.<\/p>\n<p>Inmediatamente<strong> Argentina reconoci\u00f3 de manera oficial al gobierno del presidente interino Juan Guaid\u00f3.\u00a0<\/strong>\u00abLa Argentina continuar\u00e1 apoyando para el reestablecimiento de la democracia, el pleno respeto de los derechos humanos en ese pa\u00eds hermano y la recuperaci\u00f3n de las condiciones de vida dignas para el pueblo venezolano\u00bb, dice el comunicado oficial de Canciller\u00eda.<\/p>\n<p>En la misma l\u00ednea, los gobiernos de Brasil, Colombia, Per\u00fa, Ecuador y Costa Rica anunciaron desde Davos, al margen del Foro Econ\u00f3mico Mundial que se realiza en Suiza, que reconocen al presidente de la Asamblea Nacional de Venezuela, el opositor Juan Guaid\u00f3, como \u00abpresidente de Venezuela\u00bb.<\/p>\n<p><strong>La respuesta de Nicol\u00e1s Maduro no se hizo esperar en una manifestaci\u00f3n a su favor. \u201cAqu\u00ed no se rinde nadie\u00bb<\/strong>, proclam\u00f3 este mi\u00e9rcoles, en un discurso que brind\u00f3 en Caracas en el que anunci\u00f3 la ruptura de relaciones diplom\u00e1ticas con Estados Unidos. El mandatario se pronunci\u00f3 en ese sentido luego de que el l\u00edder opositor\u00a0<strong>Juan Guaid\u00f3<\/strong>\u00a0se autodenominara como mandatario interino y el estadounidense Donald Trump lo reconociera oficialmente.<\/p>\n<p>\u00abHe decidido romper relaciones diplom\u00e1ticas y pol\u00edticas con el gobierno imperialista de los Estados Unidos\u00bb, sostuvo el mandatario.\u00bb\u00a1Fuera, se van de Venezuela, aqu\u00ed hay dignidad, aqu\u00ed hay pueblo dispuesto a defender esta tierra\u00bb, continu\u00f3 e inform\u00f3 que le dar\u00e1 al personal diplom\u00e1tico estadounidense 72 horas para abandonar el pa\u00eds. \u00abPido el apoyo de todo el pueblo a esta decisi\u00f3n soberana y necesaria\u00bb.<\/p>\n<p>\u00abA Venezuela se la respeta y nosotros los venezolanos y venezolanas tenemos que hacer respetar esta tierra sagrada. Ni golpismo ni intervencionismos, Venezuela quiere paz, democracia, progreso y recuperaci\u00f3n\u00bb, agreg\u00f3.<\/p>\n<p>&nbsp;<\/p>\n","protected":false},"excerpt":{"rendered":"<p>\u00abHoy, 23 de enero de 2019, en mi condici\u00f3n de presidente de la Asamblea Nacional, juro ante dios todopoderoso, Venezuela y colegas diputados, asumir formalmente las competencias del Ejecutivo Nacional&hellip;<\/p>\n","protected":false},"author":3,"featured_media":35196,"comment_status":"closed","ping_status":"open","sticky":false,"template":"","format":"standard","meta":{"_acf_changed":false,"footnotes":""},"categories":[1,11,7],"tags":[1492],"class_list":["post-35192","post","type-post","status-publish","format-standard","has-post-thumbnail","hentry","category-es-noticia","category-que-pasa","category-mundo","tag-guaido"],"acf":[],"yoast_head":"<!-- This site is optimized with the Yoast SEO plugin v27.5 - https:\/\/yoast.com\/product\/yoast-seo-wordpress\/ -->\n<title>Venezuela en crisis: miles de movilizados y Guaid\u00f3 se proclama &quot;presidente encargado&quot; - Diario Textual<\/title>\n<meta name=\"robots\" content=\"index, follow, max-snippet:-1, max-image-preview:large, max-video-preview:-1\" \/>\n<link rel=\"canonical\" href=\"https:\/\/diariotextual.com\/inicio\/index.php\/2019\/01\/23\/venezuela-crisis-miles-movilizados-guaido-se-proclama-presidente-legitimo\/\" \/>\n<meta property=\"og:locale\" content=\"es_ES\" \/>\n<meta property=\"og:type\" content=\"article\" \/>\n<meta property=\"og:title\" content=\"Venezuela en crisis: miles de movilizados y Guaid\u00f3 se proclama &quot;presidente encargado&quot; - Diario Textual\" \/>\n<meta property=\"og:description\" content=\"\u00abHoy, 23 de enero de 2019, en mi condici\u00f3n de presidente de la Asamblea Nacional, juro ante dios todopoderoso, Venezuela y colegas diputados, asumir formalmente las competencias del Ejecutivo Nacional&hellip;\" \/>\n<meta property=\"og:url\" content=\"https:\/\/diariotextual.com\/inicio\/index.php\/2019\/01\/23\/venezuela-crisis-miles-movilizados-guaido-se-proclama-presidente-legitimo\/\" \/>\n<meta property=\"og:site_name\" content=\"Diario Textual\" \/>\n<meta property=\"article:publisher\" content=\"https:\/\/www.facebook.com\/eltextual\" \/>\n<meta property=\"article:published_time\" content=\"2019-01-23T20:41:18+00:00\" \/>\n<meta property=\"article:modified_time\" content=\"2019-01-24T00:12:45+00:00\" \/>\n<meta property=\"og:image\" content=\"https:\/\/diariotextual.com\/inicio\/wp-content\/uploads\/2019\/01\/guaidojuanjura2019-1.jpg\" \/>\n\t<meta property=\"og:image:width\" content=\"1024\" \/>\n\t<meta property=\"og:image:height\" content=\"682\" \/>\n\t<meta property=\"og:image:type\" content=\"image\/jpeg\" \/>\n<meta name=\"author\" content=\"Diario1 Diario1\" \/>\n<meta name=\"twitter:card\" content=\"summary_large_image\" \/>\n<meta name=\"twitter:creator\" content=\"@eltextual\" \/>\n<meta name=\"twitter:site\" content=\"@eltextual\" \/>\n<meta name=\"twitter:label1\" content=\"Escrito por\" \/>\n\t<meta name=\"twitter:data1\" content=\"Diario1 Diario1\" \/>\n\t<meta name=\"twitter:label2\" content=\"Tiempo de lectura\" \/>\n\t<meta name=\"twitter:data2\" content=\"2 minutos\" \/>\n<script type=\"application\/ld+json\" class=\"yoast-schema-graph\">{\"@context\":\"https:\\\/\\\/schema.org\",\"@graph\":[{\"@type\":\"Article\",\"@id\":\"https:\\\/\\\/diariotextual.com\\\/inicio\\\/index.php\\\/2019\\\/01\\\/23\\\/venezuela-crisis-miles-movilizados-guaido-se-proclama-presidente-legitimo\\\/#article\",\"isPartOf\":{\"@id\":\"https:\\\/\\\/diariotextual.com\\\/inicio\\\/index.php\\\/2019\\\/01\\\/23\\\/venezuela-crisis-miles-movilizados-guaido-se-proclama-presidente-legitimo\\\/\"},\"author\":{\"name\":\"Diario1 Diario1\",\"@id\":\"https:\\\/\\\/diariotextual.com\\\/inicio\\\/#\\\/schema\\\/person\\\/418fc4093c33e86ed41562db3508f958\"},\"headline\":\"Venezuela en crisis: miles de movilizados y Guaid\u00f3 se proclama \u00abpresidente encargado\u00bb\",\"datePublished\":\"2019-01-23T20:41:18+00:00\",\"dateModified\":\"2019-01-24T00:12:45+00:00\",\"mainEntityOfPage\":{\"@id\":\"https:\\\/\\\/diariotextual.com\\\/inicio\\\/index.php\\\/2019\\\/01\\\/23\\\/venezuela-crisis-miles-movilizados-guaido-se-proclama-presidente-legitimo\\\/\"},\"wordCount\":376,\"publisher\":{\"@id\":\"https:\\\/\\\/diariotextual.com\\\/inicio\\\/#organization\"},\"image\":{\"@id\":\"https:\\\/\\\/diariotextual.com\\\/inicio\\\/index.php\\\/2019\\\/01\\\/23\\\/venezuela-crisis-miles-movilizados-guaido-se-proclama-presidente-legitimo\\\/#primaryimage\"},\"thumbnailUrl\":\"https:\\\/\\\/diariotextual.com\\\/inicio\\\/wp-content\\\/uploads\\\/2019\\\/01\\\/guaidojuanjura2019-1.jpg\",\"keywords\":[\"guaido\"],\"articleSection\":[\"A - ES NOTICIA (van abajo)\",\"A - QUE PASA (al costado)\",\"MUNDO\"],\"inLanguage\":\"es\"},{\"@type\":\"WebPage\",\"@id\":\"https:\\\/\\\/diariotextual.com\\\/inicio\\\/index.php\\\/2019\\\/01\\\/23\\\/venezuela-crisis-miles-movilizados-guaido-se-proclama-presidente-legitimo\\\/\",\"url\":\"https:\\\/\\\/diariotextual.com\\\/inicio\\\/index.php\\\/2019\\\/01\\\/23\\\/venezuela-crisis-miles-movilizados-guaido-se-proclama-presidente-legitimo\\\/\",\"name\":\"Venezuela en crisis: miles de movilizados y Guaid\u00f3 se proclama \\\"presidente encargado\\\" - Diario Textual\",\"isPartOf\":{\"@id\":\"https:\\\/\\\/diariotextual.com\\\/inicio\\\/#website\"},\"primaryImageOfPage\":{\"@id\":\"https:\\\/\\\/diariotextual.com\\\/inicio\\\/index.php\\\/2019\\\/01\\\/23\\\/venezuela-crisis-miles-movilizados-guaido-se-proclama-presidente-legitimo\\\/#primaryimage\"},\"image\":{\"@id\":\"https:\\\/\\\/diariotextual.com\\\/inicio\\\/index.php\\\/2019\\\/01\\\/23\\\/venezuela-crisis-miles-movilizados-guaido-se-proclama-presidente-legitimo\\\/#primaryimage\"},\"thumbnailUrl\":\"https:\\\/\\\/diariotextual.com\\\/inicio\\\/wp-content\\\/uploads\\\/2019\\\/01\\\/guaidojuanjura2019-1.jpg\",\"datePublished\":\"2019-01-23T20:41:18+00:00\",\"dateModified\":\"2019-01-24T00:12:45+00:00\",\"breadcrumb\":{\"@id\":\"https:\\\/\\\/diariotextual.com\\\/inicio\\\/index.php\\\/2019\\\/01\\\/23\\\/venezuela-crisis-miles-movilizados-guaido-se-proclama-presidente-legitimo\\\/#breadcrumb\"},\"inLanguage\":\"es\",\"potentialAction\":[{\"@type\":\"ReadAction\",\"target\":[\"https:\\\/\\\/diariotextual.com\\\/inicio\\\/index.php\\\/2019\\\/01\\\/23\\\/venezuela-crisis-miles-movilizados-guaido-se-proclama-presidente-legitimo\\\/\"]}]},{\"@type\":\"ImageObject\",\"inLanguage\":\"es\",\"@id\":\"https:\\\/\\\/diariotextual.com\\\/inicio\\\/index.php\\\/2019\\\/01\\\/23\\\/venezuela-crisis-miles-movilizados-guaido-se-proclama-presidente-legitimo\\\/#primaryimage\",\"url\":\"https:\\\/\\\/diariotextual.com\\\/inicio\\\/wp-content\\\/uploads\\\/2019\\\/01\\\/guaidojuanjura2019-1.jpg\",\"contentUrl\":\"https:\\\/\\\/diariotextual.com\\\/inicio\\\/wp-content\\\/uploads\\\/2019\\\/01\\\/guaidojuanjura2019-1.jpg\",\"width\":1024,\"height\":682},{\"@type\":\"BreadcrumbList\",\"@id\":\"https:\\\/\\\/diariotextual.com\\\/inicio\\\/index.php\\\/2019\\\/01\\\/23\\\/venezuela-crisis-miles-movilizados-guaido-se-proclama-presidente-legitimo\\\/#breadcrumb\",\"itemListElement\":[{\"@type\":\"ListItem\",\"position\":1,\"name\":\"Portada\",\"item\":\"https:\\\/\\\/diariotextual.com\\\/inicio\\\/\"},{\"@type\":\"ListItem\",\"position\":2,\"name\":\"Venezuela en crisis: miles de movilizados y Guaid\u00f3 se proclama \u00abpresidente encargado\u00bb\"}]},{\"@type\":\"WebSite\",\"@id\":\"https:\\\/\\\/diariotextual.com\\\/inicio\\\/#website\",\"url\":\"https:\\\/\\\/diariotextual.com\\\/inicio\\\/\",\"name\":\"Diario Textual\",\"description\":\"\",\"publisher\":{\"@id\":\"https:\\\/\\\/diariotextual.com\\\/inicio\\\/#organization\"},\"potentialAction\":[{\"@type\":\"SearchAction\",\"target\":{\"@type\":\"EntryPoint\",\"urlTemplate\":\"https:\\\/\\\/diariotextual.com\\\/inicio\\\/?s={search_term_string}\"},\"query-input\":{\"@type\":\"PropertyValueSpecification\",\"valueRequired\":true,\"valueName\":\"search_term_string\"}}],\"inLanguage\":\"es\"},{\"@type\":\"Organization\",\"@id\":\"https:\\\/\\\/diariotextual.com\\\/inicio\\\/#organization\",\"name\":\"Diario Textual\",\"url\":\"https:\\\/\\\/diariotextual.com\\\/inicio\\\/\",\"logo\":{\"@type\":\"ImageObject\",\"inLanguage\":\"es\",\"@id\":\"https:\\\/\\\/diariotextual.com\\\/inicio\\\/#\\\/schema\\\/logo\\\/image\\\/\",\"url\":\"https:\\\/\\\/diariotextual.com\\\/inicio\\\/wp-content\\\/uploads\\\/2023\\\/05\\\/logotextual1.jpg\",\"contentUrl\":\"https:\\\/\\\/diariotextual.com\\\/inicio\\\/wp-content\\\/uploads\\\/2023\\\/05\\\/logotextual1.jpg\",\"width\":516,\"height\":76,\"caption\":\"Diario Textual\"},\"image\":{\"@id\":\"https:\\\/\\\/diariotextual.com\\\/inicio\\\/#\\\/schema\\\/logo\\\/image\\\/\"},\"sameAs\":[\"https:\\\/\\\/www.facebook.com\\\/eltextual\",\"https:\\\/\\\/x.com\\\/eltextual\",\"http:\\\/\\\/www.instagram.com\\\/eltextual\"]},{\"@type\":\"Person\",\"@id\":\"https:\\\/\\\/diariotextual.com\\\/inicio\\\/#\\\/schema\\\/person\\\/418fc4093c33e86ed41562db3508f958\",\"name\":\"Diario1 Diario1\",\"image\":{\"@type\":\"ImageObject\",\"inLanguage\":\"es\",\"@id\":\"https:\\\/\\\/secure.gravatar.com\\\/avatar\\\/9167d280179c85bc18be67aa7eda765854300033af4896dd779b608640f2ef7a?s=96&d=mm&r=g\",\"url\":\"https:\\\/\\\/secure.gravatar.com\\\/avatar\\\/9167d280179c85bc18be67aa7eda765854300033af4896dd779b608640f2ef7a?s=96&d=mm&r=g\",\"contentUrl\":\"https:\\\/\\\/secure.gravatar.com\\\/avatar\\\/9167d280179c85bc18be67aa7eda765854300033af4896dd779b608640f2ef7a?s=96&d=mm&r=g\",\"caption\":\"Diario1 Diario1\"},\"url\":\"https:\\\/\\\/diariotextual.com\\\/inicio\\\/index.php\\\/author\\\/diario1\\\/\"}]}<\/script>\n<!-- \/ Yoast SEO plugin. -->","yoast_head_json":{"title":"Venezuela en crisis: miles de movilizados y Guaid\u00f3 se proclama \"presidente encargado\" - Diario Textual","robots":{"index":"index","follow":"follow","max-snippet":"max-snippet:-1","max-image-preview":"max-image-preview:large","max-video-preview":"max-video-preview:-1"},"canonical":"https:\/\/diariotextual.com\/inicio\/index.php\/2019\/01\/23\/venezuela-crisis-miles-movilizados-guaido-se-proclama-presidente-legitimo\/","og_locale":"es_ES","og_type":"article","og_title":"Venezuela en crisis: miles de movilizados y Guaid\u00f3 se proclama \"presidente encargado\" - Diario Textual","og_description":"\u00abHoy, 23 de enero de 2019, en mi condici\u00f3n de presidente de la Asamblea Nacional, juro ante dios todopoderoso, Venezuela y colegas diputados, asumir formalmente las competencias del Ejecutivo Nacional&hellip;","og_url":"https:\/\/diariotextual.com\/inicio\/index.php\/2019\/01\/23\/venezuela-crisis-miles-movilizados-guaido-se-proclama-presidente-legitimo\/","og_site_name":"Diario Textual","article_publisher":"https:\/\/www.facebook.com\/eltextual","article_published_time":"2019-01-23T20:41:18+00:00","article_modified_time":"2019-01-24T00:12:45+00:00","og_image":[{"width":1024,"height":682,"url":"https:\/\/diariotextual.com\/inicio\/wp-content\/uploads\/2019\/01\/guaidojuanjura2019-1.jpg","type":"image\/jpeg"}],"author":"Diario1 Diario1","twitter_card":"summary_large_image","twitter_creator":"@eltextual","twitter_site":"@eltextual","twitter_misc":{"Escrito por":"Diario1 Diario1","Tiempo de lectura":"2 minutos"},"schema":{"@context":"https:\/\/schema.org","@graph":[{"@type":"Article","@id":"https:\/\/diariotextual.com\/inicio\/index.php\/2019\/01\/23\/venezuela-crisis-miles-movilizados-guaido-se-proclama-presidente-legitimo\/#article","isPartOf":{"@id":"https:\/\/diariotextual.com\/inicio\/index.php\/2019\/01\/23\/venezuela-crisis-miles-movilizados-guaido-se-proclama-presidente-legitimo\/"},"author":{"name":"Diario1 Diario1","@id":"https:\/\/diariotextual.com\/inicio\/#\/schema\/person\/418fc4093c33e86ed41562db3508f958"},"headline":"Venezuela en crisis: miles de movilizados y Guaid\u00f3 se proclama \u00abpresidente encargado\u00bb","datePublished":"2019-01-23T20:41:18+00:00","dateModified":"2019-01-24T00:12:45+00:00","mainEntityOfPage":{"@id":"https:\/\/diariotextual.com\/inicio\/index.php\/2019\/01\/23\/venezuela-crisis-miles-movilizados-guaido-se-proclama-presidente-legitimo\/"},"wordCount":376,"publisher":{"@id":"https:\/\/diariotextual.com\/inicio\/#organization"},"image":{"@id":"https:\/\/diariotextual.com\/inicio\/index.php\/2019\/01\/23\/venezuela-crisis-miles-movilizados-guaido-se-proclama-presidente-legitimo\/#primaryimage"},"thumbnailUrl":"https:\/\/diariotextual.com\/inicio\/wp-content\/uploads\/2019\/01\/guaidojuanjura2019-1.jpg","keywords":["guaido"],"articleSection":["A - ES NOTICIA (van abajo)","A - QUE PASA (al costado)","MUNDO"],"inLanguage":"es"},{"@type":"WebPage","@id":"https:\/\/diariotextual.com\/inicio\/index.php\/2019\/01\/23\/venezuela-crisis-miles-movilizados-guaido-se-proclama-presidente-legitimo\/","url":"https:\/\/diariotextual.com\/inicio\/index.php\/2019\/01\/23\/venezuela-crisis-miles-movilizados-guaido-se-proclama-presidente-legitimo\/","name":"Venezuela en crisis: miles de movilizados y Guaid\u00f3 se proclama \"presidente encargado\" - Diario Textual","isPartOf":{"@id":"https:\/\/diariotextual.com\/inicio\/#website"},"primaryImageOfPage":{"@id":"https:\/\/diariotextual.com\/inicio\/index.php\/2019\/01\/23\/venezuela-crisis-miles-movilizados-guaido-se-proclama-presidente-legitimo\/#primaryimage"},"image":{"@id":"https:\/\/diariotextual.com\/inicio\/index.php\/2019\/01\/23\/venezuela-crisis-miles-movilizados-guaido-se-proclama-presidente-legitimo\/#primaryimage"},"thumbnailUrl":"https:\/\/diariotextual.com\/inicio\/wp-content\/uploads\/2019\/01\/guaidojuanjura2019-1.jpg","datePublished":"2019-01-23T20:41:18+00:00","dateModified":"2019-01-24T00:12:45+00:00","breadcrumb":{"@id":"https:\/\/diariotextual.com\/inicio\/index.php\/2019\/01\/23\/venezuela-crisis-miles-movilizados-guaido-se-proclama-presidente-legitimo\/#breadcrumb"},"inLanguage":"es","potentialAction":[{"@type":"ReadAction","target":["https:\/\/diariotextual.com\/inicio\/index.php\/2019\/01\/23\/venezuela-crisis-miles-movilizados-guaido-se-proclama-presidente-legitimo\/"]}]},{"@type":"ImageObject","inLanguage":"es","@id":"https:\/\/diariotextual.com\/inicio\/index.php\/2019\/01\/23\/venezuela-crisis-miles-movilizados-guaido-se-proclama-presidente-legitimo\/#primaryimage","url":"https:\/\/diariotextual.com\/inicio\/wp-content\/uploads\/2019\/01\/guaidojuanjura2019-1.jpg","contentUrl":"https:\/\/diariotextual.com\/inicio\/wp-content\/uploads\/2019\/01\/guaidojuanjura2019-1.jpg","width":1024,"height":682},{"@type":"BreadcrumbList","@id":"https:\/\/diariotextual.com\/inicio\/index.php\/2019\/01\/23\/venezuela-crisis-miles-movilizados-guaido-se-proclama-presidente-legitimo\/#breadcrumb","itemListElement":[{"@type":"ListItem","position":1,"name":"Portada","item":"https:\/\/diariotextual.com\/inicio\/"},{"@type":"ListItem","position":2,"name":"Venezuela en crisis: miles de movilizados y Guaid\u00f3 se proclama \u00abpresidente encargado\u00bb"}]},{"@type":"WebSite","@id":"https:\/\/diariotextual.com\/inicio\/#website","url":"https:\/\/diariotextual.com\/inicio\/","name":"Diario Textual","description":"","publisher":{"@id":"https:\/\/diariotextual.com\/inicio\/#organization"},"potentialAction":[{"@type":"SearchAction","target":{"@type":"EntryPoint","urlTemplate":"https:\/\/diariotextual.com\/inicio\/?s={search_term_string}"},"query-input":{"@type":"PropertyValueSpecification","valueRequired":true,"valueName":"search_term_string"}}],"inLanguage":"es"},{"@type":"Organization","@id":"https:\/\/diariotextual.com\/inicio\/#organization","name":"Diario Textual","url":"https:\/\/diariotextual.com\/inicio\/","logo":{"@type":"ImageObject","inLanguage":"es","@id":"https:\/\/diariotextual.com\/inicio\/#\/schema\/logo\/image\/","url":"https:\/\/diariotextual.com\/inicio\/wp-content\/uploads\/2023\/05\/logotextual1.jpg","contentUrl":"https:\/\/diariotextual.com\/inicio\/wp-content\/uploads\/2023\/05\/logotextual1.jpg","width":516,"height":76,"caption":"Diario Textual"},"image":{"@id":"https:\/\/diariotextual.com\/inicio\/#\/schema\/logo\/image\/"},"sameAs":["https:\/\/www.facebook.com\/eltextual","https:\/\/x.com\/eltextual","http:\/\/www.instagram.com\/eltextual"]},{"@type":"Person","@id":"https:\/\/diariotextual.com\/inicio\/#\/schema\/person\/418fc4093c33e86ed41562db3508f958","name":"Diario1 Diario1","image":{"@type":"ImageObject","inLanguage":"es","@id":"https:\/\/secure.gravatar.com\/avatar\/9167d280179c85bc18be67aa7eda765854300033af4896dd779b608640f2ef7a?s=96&d=mm&r=g","url":"https:\/\/secure.gravatar.com\/avatar\/9167d280179c85bc18be67aa7eda765854300033af4896dd779b608640f2ef7a?s=96&d=mm&r=g","contentUrl":"https:\/\/secure.gravatar.com\/avatar\/9167d280179c85bc18be67aa7eda765854300033af4896dd779b608640f2ef7a?s=96&d=mm&r=g","caption":"Diario1 Diario1"},"url":"https:\/\/diariotextual.com\/inicio\/index.php\/author\/diario1\/"}]}},"_links":{"self":[{"href":"https:\/\/diariotextual.com\/inicio\/index.php\/wp-json\/wp\/v2\/posts\/35192","targetHints":{"allow":["GET"]}}],"collection":[{"href":"https:\/\/diariotextual.com\/inicio\/index.php\/wp-json\/wp\/v2\/posts"}],"about":[{"href":"https:\/\/diariotextual.com\/inicio\/index.php\/wp-json\/wp\/v2\/types\/post"}],"author":[{"embeddable":true,"href":"https:\/\/diariotextual.com\/inicio\/index.php\/wp-json\/wp\/v2\/users\/3"}],"replies":[{"embeddable":true,"href":"https:\/\/diariotextual.com\/inicio\/index.php\/wp-json\/wp\/v2\/comments?post=35192"}],"version-history":[{"count":4,"href":"https:\/\/diariotextual.com\/inicio\/index.php\/wp-json\/wp\/v2\/posts\/35192\/revisions"}],"predecessor-version":[{"id":35197,"href":"https:\/\/diariotextual.com\/inicio\/index.php\/wp-json\/wp\/v2\/posts\/35192\/revisions\/35197"}],"wp:featuredmedia":[{"embeddable":true,"href":"https:\/\/diariotextual.com\/inicio\/index.php\/wp-json\/wp\/v2\/media\/35196"}],"wp:attachment":[{"href":"https:\/\/diariotextual.com\/inicio\/index.php\/wp-json\/wp\/v2\/media?parent=35192"}],"wp:term":[{"taxonomy":"category","embeddable":true,"href":"https:\/\/diariotextual.com\/inicio\/index.php\/wp-json\/wp\/v2\/categories?post=35192"},{"taxonomy":"post_tag","embeddable":true,"href":"https:\/\/diariotextual.com\/inicio\/index.php\/wp-json\/wp\/v2\/tags?post=35192"}],"curies":[{"name":"wp","href":"https:\/\/api.w.org\/{rel}","templated":true}]}}