{"id":35384,"date":"2019-01-24T21:09:03","date_gmt":"2019-01-25T00:09:03","guid":{"rendered":"http:\/\/diariotextual.com\/inicio\/?p=35384"},"modified":"2019-01-24T21:09:03","modified_gmt":"2019-01-25T00:09:03","slug":"espana-horas-decisivas-rescate-julen-nino-atrapado-pozo","status":"publish","type":"post","link":"https:\/\/diariotextual.com\/inicio\/index.php\/2019\/01\/24\/espana-horas-decisivas-rescate-julen-nino-atrapado-pozo\/","title":{"rendered":"Espa\u00f1a: horas decisivas en el rescate de Julen, el ni\u00f1o atrapado en un pozo"},"content":{"rendered":"<p>Un grupo de especialistas mineros comenz\u00f3 este jueves con la tarea de hacer un pozo horizontal hacia el lugar donde est\u00e1 el peque\u00f1o Julen, de dos a\u00f1os, y que lleva m\u00e1s de una semana atrapado en ese lugar de M\u00e1laga.<\/p>\n<p><!--more--><\/p>\n<p>Los ocho expertos mineros esperaban desde hace d\u00edas que estuviera culminado el t\u00fanel vertical, una obra que enfrent\u00f3 m\u00faltiples retrasos por la dureza del terreno, excavado en paralelo al estrecho y profundo pozo en la sierra de Total\u00e1n, Andaluc\u00eda (sur), donde Julen Rosell\u00f3 cay\u00f3 el 13 de enero.<\/p>\n<p>\u00abEfectivos de la Brigada de Salvamento Minero desplazados desde Asturias acaban de acceder al pozo vertical para comenzar la excavaci\u00f3n de la galer\u00eda horizontal que conectar\u00e1 con el pozo en el que se busca a Julen\u00bb, inform\u00f3 la subdelegaci\u00f3n del gobierno espa\u00f1ol en M\u00e1laga, provincia donde se ubica Total\u00e1n.<\/p>\n<p>Los mineros descender\u00e1n en una jaula met\u00e1lica, en grupos de dos, para trabajar por turnos cavando en horizontal, con pico y palo, los cuatro metros que separan el t\u00fanel del pozo, una delicada labor que puede tomar al menos 24 horas, dependiendo del terreno que encuentren.<\/p>\n<p>Necesitar\u00e1n luz artificial y ox\u00edgeno en su ardua labor, trabajando a la altura donde estar\u00eda el ni\u00f1o de dos a\u00f1os, que las autoridades sospechan se encuentra atrapado debajo de un tap\u00f3n de piedras y tierra a 70 metros de profundidad en el pozo de 25 cent\u00edmetros de di\u00e1metro.<\/p>\n<p>Un grupo de ocho bomberos y diez guardias civiles les prestar\u00e1n apoyo log\u00edstico para resguardar su seguridad.<\/p>\n<p>Seguida al detalle por los medios espa\u00f1oles, la operaci\u00f3n de rescate ha contado con un gran despliegue de medios, pero numerosos contratiempos retrasaron las labores.<\/p>\n<p>Sin embargo, las autoridades dicen no perder las esperanzas de rescatar a Julen con vida, aun cuando no se hayan tenido se\u00f1ales de \u00e9l desde su ca\u00edda.<\/p>\n<p>&nbsp;<\/p>\n","protected":false},"excerpt":{"rendered":"<p>Un grupo de especialistas mineros comenz\u00f3 este jueves con la tarea de hacer un pozo horizontal hacia el lugar donde est\u00e1 el peque\u00f1o Julen, de dos a\u00f1os, y que lleva&hellip;<\/p>\n","protected":false},"author":5,"featured_media":35385,"comment_status":"closed","ping_status":"open","sticky":false,"template":"","format":"standard","meta":{"_acf_changed":false,"footnotes":""},"categories":[11,7],"tags":[],"class_list":["post-35384","post","type-post","status-publish","format-standard","has-post-thumbnail","hentry","category-que-pasa","category-mundo"],"acf":[],"yoast_head":"<!-- This site is optimized with the Yoast SEO plugin v27.4 - https:\/\/yoast.com\/product\/yoast-seo-wordpress\/ -->\n<title>Espa\u00f1a: horas decisivas en el rescate de Julen, el ni\u00f1o atrapado en un pozo - Diario Textual<\/title>\n<meta name=\"robots\" content=\"index, follow, max-snippet:-1, max-image-preview:large, max-video-preview:-1\" \/>\n<link rel=\"canonical\" href=\"https:\/\/diariotextual.com\/inicio\/index.php\/2019\/01\/24\/espana-horas-decisivas-rescate-julen-nino-atrapado-pozo\/\" \/>\n<meta property=\"og:locale\" content=\"es_ES\" \/>\n<meta property=\"og:type\" content=\"article\" \/>\n<meta property=\"og:title\" content=\"Espa\u00f1a: horas decisivas en el rescate de Julen, el ni\u00f1o atrapado en un pozo - Diario Textual\" \/>\n<meta property=\"og:description\" content=\"Un grupo de especialistas mineros comenz\u00f3 este jueves con la tarea de hacer un pozo horizontal hacia el lugar donde est\u00e1 el peque\u00f1o Julen, de dos a\u00f1os, y que lleva&hellip;\" \/>\n<meta property=\"og:url\" content=\"https:\/\/diariotextual.com\/inicio\/index.php\/2019\/01\/24\/espana-horas-decisivas-rescate-julen-nino-atrapado-pozo\/\" \/>\n<meta property=\"og:site_name\" content=\"Diario Textual\" \/>\n<meta property=\"article:publisher\" content=\"https:\/\/www.facebook.com\/eltextual\" \/>\n<meta property=\"article:published_time\" content=\"2019-01-25T00:09:03+00:00\" \/>\n<meta property=\"og:image\" content=\"https:\/\/diariotextual.com\/inicio\/wp-content\/uploads\/2019\/01\/pozojulen.jpg\" \/>\n\t<meta property=\"og:image:width\" content=\"700\" \/>\n\t<meta property=\"og:image:height\" content=\"394\" \/>\n\t<meta property=\"og:image:type\" content=\"image\/jpeg\" \/>\n<meta name=\"author\" content=\"diario3\" \/>\n<meta name=\"twitter:card\" content=\"summary_large_image\" \/>\n<meta name=\"twitter:creator\" content=\"@eltextual\" \/>\n<meta name=\"twitter:site\" content=\"@eltextual\" \/>\n<meta name=\"twitter:label1\" content=\"Escrito por\" \/>\n\t<meta name=\"twitter:data1\" content=\"diario3\" \/>\n\t<meta name=\"twitter:label2\" content=\"Tiempo de lectura\" \/>\n\t<meta name=\"twitter:data2\" content=\"2 minutos\" \/>\n<script type=\"application\/ld+json\" class=\"yoast-schema-graph\">{\"@context\":\"https:\\\/\\\/schema.org\",\"@graph\":[{\"@type\":\"Article\",\"@id\":\"https:\\\/\\\/diariotextual.com\\\/inicio\\\/index.php\\\/2019\\\/01\\\/24\\\/espana-horas-decisivas-rescate-julen-nino-atrapado-pozo\\\/#article\",\"isPartOf\":{\"@id\":\"https:\\\/\\\/diariotextual.com\\\/inicio\\\/index.php\\\/2019\\\/01\\\/24\\\/espana-horas-decisivas-rescate-julen-nino-atrapado-pozo\\\/\"},\"author\":{\"name\":\"diario3\",\"@id\":\"https:\\\/\\\/diariotextual.com\\\/inicio\\\/#\\\/schema\\\/person\\\/a1b6f563e0ee944c60f98119389a4d9f\"},\"headline\":\"Espa\u00f1a: horas decisivas en el rescate de Julen, el ni\u00f1o atrapado en un pozo\",\"datePublished\":\"2019-01-25T00:09:03+00:00\",\"mainEntityOfPage\":{\"@id\":\"https:\\\/\\\/diariotextual.com\\\/inicio\\\/index.php\\\/2019\\\/01\\\/24\\\/espana-horas-decisivas-rescate-julen-nino-atrapado-pozo\\\/\"},\"wordCount\":345,\"publisher\":{\"@id\":\"https:\\\/\\\/diariotextual.com\\\/inicio\\\/#organization\"},\"image\":{\"@id\":\"https:\\\/\\\/diariotextual.com\\\/inicio\\\/index.php\\\/2019\\\/01\\\/24\\\/espana-horas-decisivas-rescate-julen-nino-atrapado-pozo\\\/#primaryimage\"},\"thumbnailUrl\":\"https:\\\/\\\/diariotextual.com\\\/inicio\\\/wp-content\\\/uploads\\\/2019\\\/01\\\/pozojulen.jpg\",\"articleSection\":[\"A - QUE PASA (al costado)\",\"MUNDO\"],\"inLanguage\":\"es\"},{\"@type\":\"WebPage\",\"@id\":\"https:\\\/\\\/diariotextual.com\\\/inicio\\\/index.php\\\/2019\\\/01\\\/24\\\/espana-horas-decisivas-rescate-julen-nino-atrapado-pozo\\\/\",\"url\":\"https:\\\/\\\/diariotextual.com\\\/inicio\\\/index.php\\\/2019\\\/01\\\/24\\\/espana-horas-decisivas-rescate-julen-nino-atrapado-pozo\\\/\",\"name\":\"Espa\u00f1a: horas decisivas en el rescate de Julen, el ni\u00f1o atrapado en un pozo - Diario Textual\",\"isPartOf\":{\"@id\":\"https:\\\/\\\/diariotextual.com\\\/inicio\\\/#website\"},\"primaryImageOfPage\":{\"@id\":\"https:\\\/\\\/diariotextual.com\\\/inicio\\\/index.php\\\/2019\\\/01\\\/24\\\/espana-horas-decisivas-rescate-julen-nino-atrapado-pozo\\\/#primaryimage\"},\"image\":{\"@id\":\"https:\\\/\\\/diariotextual.com\\\/inicio\\\/index.php\\\/2019\\\/01\\\/24\\\/espana-horas-decisivas-rescate-julen-nino-atrapado-pozo\\\/#primaryimage\"},\"thumbnailUrl\":\"https:\\\/\\\/diariotextual.com\\\/inicio\\\/wp-content\\\/uploads\\\/2019\\\/01\\\/pozojulen.jpg\",\"datePublished\":\"2019-01-25T00:09:03+00:00\",\"breadcrumb\":{\"@id\":\"https:\\\/\\\/diariotextual.com\\\/inicio\\\/index.php\\\/2019\\\/01\\\/24\\\/espana-horas-decisivas-rescate-julen-nino-atrapado-pozo\\\/#breadcrumb\"},\"inLanguage\":\"es\",\"potentialAction\":[{\"@type\":\"ReadAction\",\"target\":[\"https:\\\/\\\/diariotextual.com\\\/inicio\\\/index.php\\\/2019\\\/01\\\/24\\\/espana-horas-decisivas-rescate-julen-nino-atrapado-pozo\\\/\"]}]},{\"@type\":\"ImageObject\",\"inLanguage\":\"es\",\"@id\":\"https:\\\/\\\/diariotextual.com\\\/inicio\\\/index.php\\\/2019\\\/01\\\/24\\\/espana-horas-decisivas-rescate-julen-nino-atrapado-pozo\\\/#primaryimage\",\"url\":\"https:\\\/\\\/diariotextual.com\\\/inicio\\\/wp-content\\\/uploads\\\/2019\\\/01\\\/pozojulen.jpg\",\"contentUrl\":\"https:\\\/\\\/diariotextual.com\\\/inicio\\\/wp-content\\\/uploads\\\/2019\\\/01\\\/pozojulen.jpg\",\"width\":700,\"height\":394},{\"@type\":\"BreadcrumbList\",\"@id\":\"https:\\\/\\\/diariotextual.com\\\/inicio\\\/index.php\\\/2019\\\/01\\\/24\\\/espana-horas-decisivas-rescate-julen-nino-atrapado-pozo\\\/#breadcrumb\",\"itemListElement\":[{\"@type\":\"ListItem\",\"position\":1,\"name\":\"Portada\",\"item\":\"https:\\\/\\\/diariotextual.com\\\/inicio\\\/\"},{\"@type\":\"ListItem\",\"position\":2,\"name\":\"Espa\u00f1a: horas decisivas en el rescate de Julen, el ni\u00f1o atrapado en un pozo\"}]},{\"@type\":\"WebSite\",\"@id\":\"https:\\\/\\\/diariotextual.com\\\/inicio\\\/#website\",\"url\":\"https:\\\/\\\/diariotextual.com\\\/inicio\\\/\",\"name\":\"Diario Textual\",\"description\":\"\",\"publisher\":{\"@id\":\"https:\\\/\\\/diariotextual.com\\\/inicio\\\/#organization\"},\"potentialAction\":[{\"@type\":\"SearchAction\",\"target\":{\"@type\":\"EntryPoint\",\"urlTemplate\":\"https:\\\/\\\/diariotextual.com\\\/inicio\\\/?s={search_term_string}\"},\"query-input\":{\"@type\":\"PropertyValueSpecification\",\"valueRequired\":true,\"valueName\":\"search_term_string\"}}],\"inLanguage\":\"es\"},{\"@type\":\"Organization\",\"@id\":\"https:\\\/\\\/diariotextual.com\\\/inicio\\\/#organization\",\"name\":\"Diario Textual\",\"url\":\"https:\\\/\\\/diariotextual.com\\\/inicio\\\/\",\"logo\":{\"@type\":\"ImageObject\",\"inLanguage\":\"es\",\"@id\":\"https:\\\/\\\/diariotextual.com\\\/inicio\\\/#\\\/schema\\\/logo\\\/image\\\/\",\"url\":\"https:\\\/\\\/diariotextual.com\\\/inicio\\\/wp-content\\\/uploads\\\/2023\\\/05\\\/logotextual1.jpg\",\"contentUrl\":\"https:\\\/\\\/diariotextual.com\\\/inicio\\\/wp-content\\\/uploads\\\/2023\\\/05\\\/logotextual1.jpg\",\"width\":516,\"height\":76,\"caption\":\"Diario Textual\"},\"image\":{\"@id\":\"https:\\\/\\\/diariotextual.com\\\/inicio\\\/#\\\/schema\\\/logo\\\/image\\\/\"},\"sameAs\":[\"https:\\\/\\\/www.facebook.com\\\/eltextual\",\"https:\\\/\\\/x.com\\\/eltextual\",\"http:\\\/\\\/www.instagram.com\\\/eltextual\"]},{\"@type\":\"Person\",\"@id\":\"https:\\\/\\\/diariotextual.com\\\/inicio\\\/#\\\/schema\\\/person\\\/a1b6f563e0ee944c60f98119389a4d9f\",\"name\":\"diario3\",\"image\":{\"@type\":\"ImageObject\",\"inLanguage\":\"es\",\"@id\":\"https:\\\/\\\/secure.gravatar.com\\\/avatar\\\/5e7ee62c82fc04d9dd79d746a390d93c69c43223e5faeeb3ea9461ef752bfc5d?s=96&d=mm&r=g\",\"url\":\"https:\\\/\\\/secure.gravatar.com\\\/avatar\\\/5e7ee62c82fc04d9dd79d746a390d93c69c43223e5faeeb3ea9461ef752bfc5d?s=96&d=mm&r=g\",\"contentUrl\":\"https:\\\/\\\/secure.gravatar.com\\\/avatar\\\/5e7ee62c82fc04d9dd79d746a390d93c69c43223e5faeeb3ea9461ef752bfc5d?s=96&d=mm&r=g\",\"caption\":\"diario3\"},\"url\":\"https:\\\/\\\/diariotextual.com\\\/inicio\\\/index.php\\\/author\\\/diario3\\\/\"}]}<\/script>\n<!-- \/ Yoast SEO plugin. -->","yoast_head_json":{"title":"Espa\u00f1a: horas decisivas en el rescate de Julen, el ni\u00f1o atrapado en un pozo - Diario Textual","robots":{"index":"index","follow":"follow","max-snippet":"max-snippet:-1","max-image-preview":"max-image-preview:large","max-video-preview":"max-video-preview:-1"},"canonical":"https:\/\/diariotextual.com\/inicio\/index.php\/2019\/01\/24\/espana-horas-decisivas-rescate-julen-nino-atrapado-pozo\/","og_locale":"es_ES","og_type":"article","og_title":"Espa\u00f1a: horas decisivas en el rescate de Julen, el ni\u00f1o atrapado en un pozo - Diario Textual","og_description":"Un grupo de especialistas mineros comenz\u00f3 este jueves con la tarea de hacer un pozo horizontal hacia el lugar donde est\u00e1 el peque\u00f1o Julen, de dos a\u00f1os, y que lleva&hellip;","og_url":"https:\/\/diariotextual.com\/inicio\/index.php\/2019\/01\/24\/espana-horas-decisivas-rescate-julen-nino-atrapado-pozo\/","og_site_name":"Diario Textual","article_publisher":"https:\/\/www.facebook.com\/eltextual","article_published_time":"2019-01-25T00:09:03+00:00","og_image":[{"width":700,"height":394,"url":"https:\/\/diariotextual.com\/inicio\/wp-content\/uploads\/2019\/01\/pozojulen.jpg","type":"image\/jpeg"}],"author":"diario3","twitter_card":"summary_large_image","twitter_creator":"@eltextual","twitter_site":"@eltextual","twitter_misc":{"Escrito por":"diario3","Tiempo de lectura":"2 minutos"},"schema":{"@context":"https:\/\/schema.org","@graph":[{"@type":"Article","@id":"https:\/\/diariotextual.com\/inicio\/index.php\/2019\/01\/24\/espana-horas-decisivas-rescate-julen-nino-atrapado-pozo\/#article","isPartOf":{"@id":"https:\/\/diariotextual.com\/inicio\/index.php\/2019\/01\/24\/espana-horas-decisivas-rescate-julen-nino-atrapado-pozo\/"},"author":{"name":"diario3","@id":"https:\/\/diariotextual.com\/inicio\/#\/schema\/person\/a1b6f563e0ee944c60f98119389a4d9f"},"headline":"Espa\u00f1a: horas decisivas en el rescate de Julen, el ni\u00f1o atrapado en un pozo","datePublished":"2019-01-25T00:09:03+00:00","mainEntityOfPage":{"@id":"https:\/\/diariotextual.com\/inicio\/index.php\/2019\/01\/24\/espana-horas-decisivas-rescate-julen-nino-atrapado-pozo\/"},"wordCount":345,"publisher":{"@id":"https:\/\/diariotextual.com\/inicio\/#organization"},"image":{"@id":"https:\/\/diariotextual.com\/inicio\/index.php\/2019\/01\/24\/espana-horas-decisivas-rescate-julen-nino-atrapado-pozo\/#primaryimage"},"thumbnailUrl":"https:\/\/diariotextual.com\/inicio\/wp-content\/uploads\/2019\/01\/pozojulen.jpg","articleSection":["A - QUE PASA (al costado)","MUNDO"],"inLanguage":"es"},{"@type":"WebPage","@id":"https:\/\/diariotextual.com\/inicio\/index.php\/2019\/01\/24\/espana-horas-decisivas-rescate-julen-nino-atrapado-pozo\/","url":"https:\/\/diariotextual.com\/inicio\/index.php\/2019\/01\/24\/espana-horas-decisivas-rescate-julen-nino-atrapado-pozo\/","name":"Espa\u00f1a: horas decisivas en el rescate de Julen, el ni\u00f1o atrapado en un pozo - Diario Textual","isPartOf":{"@id":"https:\/\/diariotextual.com\/inicio\/#website"},"primaryImageOfPage":{"@id":"https:\/\/diariotextual.com\/inicio\/index.php\/2019\/01\/24\/espana-horas-decisivas-rescate-julen-nino-atrapado-pozo\/#primaryimage"},"image":{"@id":"https:\/\/diariotextual.com\/inicio\/index.php\/2019\/01\/24\/espana-horas-decisivas-rescate-julen-nino-atrapado-pozo\/#primaryimage"},"thumbnailUrl":"https:\/\/diariotextual.com\/inicio\/wp-content\/uploads\/2019\/01\/pozojulen.jpg","datePublished":"2019-01-25T00:09:03+00:00","breadcrumb":{"@id":"https:\/\/diariotextual.com\/inicio\/index.php\/2019\/01\/24\/espana-horas-decisivas-rescate-julen-nino-atrapado-pozo\/#breadcrumb"},"inLanguage":"es","potentialAction":[{"@type":"ReadAction","target":["https:\/\/diariotextual.com\/inicio\/index.php\/2019\/01\/24\/espana-horas-decisivas-rescate-julen-nino-atrapado-pozo\/"]}]},{"@type":"ImageObject","inLanguage":"es","@id":"https:\/\/diariotextual.com\/inicio\/index.php\/2019\/01\/24\/espana-horas-decisivas-rescate-julen-nino-atrapado-pozo\/#primaryimage","url":"https:\/\/diariotextual.com\/inicio\/wp-content\/uploads\/2019\/01\/pozojulen.jpg","contentUrl":"https:\/\/diariotextual.com\/inicio\/wp-content\/uploads\/2019\/01\/pozojulen.jpg","width":700,"height":394},{"@type":"BreadcrumbList","@id":"https:\/\/diariotextual.com\/inicio\/index.php\/2019\/01\/24\/espana-horas-decisivas-rescate-julen-nino-atrapado-pozo\/#breadcrumb","itemListElement":[{"@type":"ListItem","position":1,"name":"Portada","item":"https:\/\/diariotextual.com\/inicio\/"},{"@type":"ListItem","position":2,"name":"Espa\u00f1a: horas decisivas en el rescate de Julen, el ni\u00f1o atrapado en un pozo"}]},{"@type":"WebSite","@id":"https:\/\/diariotextual.com\/inicio\/#website","url":"https:\/\/diariotextual.com\/inicio\/","name":"Diario Textual","description":"","publisher":{"@id":"https:\/\/diariotextual.com\/inicio\/#organization"},"potentialAction":[{"@type":"SearchAction","target":{"@type":"EntryPoint","urlTemplate":"https:\/\/diariotextual.com\/inicio\/?s={search_term_string}"},"query-input":{"@type":"PropertyValueSpecification","valueRequired":true,"valueName":"search_term_string"}}],"inLanguage":"es"},{"@type":"Organization","@id":"https:\/\/diariotextual.com\/inicio\/#organization","name":"Diario Textual","url":"https:\/\/diariotextual.com\/inicio\/","logo":{"@type":"ImageObject","inLanguage":"es","@id":"https:\/\/diariotextual.com\/inicio\/#\/schema\/logo\/image\/","url":"https:\/\/diariotextual.com\/inicio\/wp-content\/uploads\/2023\/05\/logotextual1.jpg","contentUrl":"https:\/\/diariotextual.com\/inicio\/wp-content\/uploads\/2023\/05\/logotextual1.jpg","width":516,"height":76,"caption":"Diario Textual"},"image":{"@id":"https:\/\/diariotextual.com\/inicio\/#\/schema\/logo\/image\/"},"sameAs":["https:\/\/www.facebook.com\/eltextual","https:\/\/x.com\/eltextual","http:\/\/www.instagram.com\/eltextual"]},{"@type":"Person","@id":"https:\/\/diariotextual.com\/inicio\/#\/schema\/person\/a1b6f563e0ee944c60f98119389a4d9f","name":"diario3","image":{"@type":"ImageObject","inLanguage":"es","@id":"https:\/\/secure.gravatar.com\/avatar\/5e7ee62c82fc04d9dd79d746a390d93c69c43223e5faeeb3ea9461ef752bfc5d?s=96&d=mm&r=g","url":"https:\/\/secure.gravatar.com\/avatar\/5e7ee62c82fc04d9dd79d746a390d93c69c43223e5faeeb3ea9461ef752bfc5d?s=96&d=mm&r=g","contentUrl":"https:\/\/secure.gravatar.com\/avatar\/5e7ee62c82fc04d9dd79d746a390d93c69c43223e5faeeb3ea9461ef752bfc5d?s=96&d=mm&r=g","caption":"diario3"},"url":"https:\/\/diariotextual.com\/inicio\/index.php\/author\/diario3\/"}]}},"_links":{"self":[{"href":"https:\/\/diariotextual.com\/inicio\/index.php\/wp-json\/wp\/v2\/posts\/35384","targetHints":{"allow":["GET"]}}],"collection":[{"href":"https:\/\/diariotextual.com\/inicio\/index.php\/wp-json\/wp\/v2\/posts"}],"about":[{"href":"https:\/\/diariotextual.com\/inicio\/index.php\/wp-json\/wp\/v2\/types\/post"}],"author":[{"embeddable":true,"href":"https:\/\/diariotextual.com\/inicio\/index.php\/wp-json\/wp\/v2\/users\/5"}],"replies":[{"embeddable":true,"href":"https:\/\/diariotextual.com\/inicio\/index.php\/wp-json\/wp\/v2\/comments?post=35384"}],"version-history":[{"count":1,"href":"https:\/\/diariotextual.com\/inicio\/index.php\/wp-json\/wp\/v2\/posts\/35384\/revisions"}],"predecessor-version":[{"id":35386,"href":"https:\/\/diariotextual.com\/inicio\/index.php\/wp-json\/wp\/v2\/posts\/35384\/revisions\/35386"}],"wp:featuredmedia":[{"embeddable":true,"href":"https:\/\/diariotextual.com\/inicio\/index.php\/wp-json\/wp\/v2\/media\/35385"}],"wp:attachment":[{"href":"https:\/\/diariotextual.com\/inicio\/index.php\/wp-json\/wp\/v2\/media?parent=35384"}],"wp:term":[{"taxonomy":"category","embeddable":true,"href":"https:\/\/diariotextual.com\/inicio\/index.php\/wp-json\/wp\/v2\/categories?post=35384"},{"taxonomy":"post_tag","embeddable":true,"href":"https:\/\/diariotextual.com\/inicio\/index.php\/wp-json\/wp\/v2\/tags?post=35384"}],"curies":[{"name":"wp","href":"https:\/\/api.w.org\/{rel}","templated":true}]}}